{"id":75094,"date":"2025-03-06T17:55:40","date_gmt":"2025-03-06T16:55:40","guid":{"rendered":"https:\/\/vosgesinfo.fr\/gerardmerinfo\/2025\/03\/hopital-de-remiremont-christophe-naegelen-interpelle-le-ministre-de-la-sante\/"},"modified":"2025-03-06T17:55:40","modified_gmt":"2025-03-06T16:55:40","slug":"hopital-de-remiremont-christophe-naegelen-interpelle-le-ministre-de-la-sante","status":"publish","type":"post","link":"https:\/\/vosgesinfo.fr\/gerardmerinfo\/2025\/03\/hopital-de-remiremont-christophe-naegelen-interpelle-le-ministre-de-la-sante\/","title":{"rendered":"H\u00f4pital de Remiremont : Christophe Naegelen interpelle le ministre de la Sant\u00e9"},"content":{"rendered":"<div id=\"attachment_2266\" style=\"width: 810px\" class=\"wp-caption aligncenter\"><a href=\"https:\/\/vosgesinfo.fr\/app\/uploads\/sites\/5\/2023\/10\/christophe-naegelen.jpg\"><img decoding=\"async\" aria-describedby=\"caption-attachment-2266\" class=\"wp-image-2266 size-full\" src=\"https:\/\/vosgesinfo.fr\/app\/uploads\/sites\/5\/2023\/10\/christophe-naegelen.jpg\" alt=\"\" width=\"800\" height=\"400\" \/><\/a><p id=\"caption-attachment-2266\" class=\"wp-caption-text\">Photographie d&rsquo;archives.<\/p><\/div>\n<p data-start=\"86\" data-end=\"483\"><strong>Ce mardi, le d\u00e9put\u00e9 des Vosges Christophe Naegelen a interpell\u00e9 Yannick Neuder, ministre de la Sant\u00e9, au sujet de l\u2019avenir de l\u2019h\u00f4pital de Remiremont. Lors de son intervention, il a rappel\u00e9 la cr\u00e9ation prochaine d\u2019une unit\u00e9 de soins palliatifs et a mis en avant les difficult\u00e9s financi\u00e8res rencontr\u00e9es par l\u2019\u00e9tablissement, notamment avec la suppression de l\u2019accueil t\u00e9l\u00e9phonique.<\/strong><\/p>\n<h3 data-start=\"485\" data-end=\"544\">Des questions cruciales sur l\u2019avenir de l\u2019h\u00f4pital<\/h3>\n<p data-start=\"545\" data-end=\"629\">Face au ministre, Christophe Naegelen a formul\u00e9 trois questions essentielles :<\/p>\n<ol data-start=\"630\" data-end=\"958\">\n<li data-start=\"630\" data-end=\"728\">Quelle vision et quels engagements l\u2019\u00c9tat et l\u2019ARS ont-ils pour l\u2019h\u00f4pital de Remiremont ?<\/li>\n<li data-start=\"729\" data-end=\"872\">Quelles mesures \u00e0 court terme seront prises pour faire face au manque de personnel soignant, notamment d\u2019urgentistes et de p\u00e9diatres ?<\/li>\n<li data-start=\"873\" data-end=\"958\">Comment l\u2019\u00c9tat va-t-il financer l\u2019ouverture de l\u2019unit\u00e9 de soins palliatifs ?<\/li>\n<\/ol>\n<h3 data-start=\"960\" data-end=\"1030\">Une r\u00e9ponse ax\u00e9e sur le maillage territorial et la formation<\/h3>\n<p data-start=\"1031\" data-end=\"1290\">En r\u00e9ponse, Yannick Neuder a soulign\u00e9 l\u2019importance du maillage territorial pour garantir l\u2019acc\u00e8s aux soins, insistant sur le r\u00f4le de proximit\u00e9 que doit jouer l\u2019h\u00f4pital de Remiremont en lien avec les autres \u00e9tablissements hospitaliers du d\u00e9partement.<\/p>\n<p data-start=\"1292\" data-end=\"1481\">Concernant la suppression de l\u2019accueil t\u00e9l\u00e9phonique, le ministre a affirm\u00e9 ne pas \u00eatre favorable \u00e0 une absence de personnel de proximit\u00e9 et s\u2019est engag\u00e9 \u00e0 r\u00e9examiner la situation.<\/p>\n<p data-start=\"1483\" data-end=\"1585\">Sur le manque de personnel soignant, il a rappel\u00e9 les mesures gouvernementales ambitieuses :<\/p>\n<ul data-start=\"1586\" data-end=\"1890\">\n<li data-start=\"1586\" data-end=\"1677\">La suppression du num\u00e9rus apertus pour augmenter le nombre d\u2019\u00e9tudiants en m\u00e9decine,<\/li>\n<li data-start=\"1678\" data-end=\"1735\">Le retour des \u00e9tudiants fran\u00e7ais form\u00e9s \u00e0 l\u2019\u00e9tranger,<\/li>\n<li data-start=\"1736\" data-end=\"1828\">Une meilleure prise en charge des PDHUE (praticiens dipl\u00f4m\u00e9s hors Union Europ\u00e9enne),<\/li>\n<li data-start=\"1829\" data-end=\"1890\">L\u2019arriv\u00e9e de 3 700 docteurs juniors en novembre 2026.<\/li>\n<\/ul>\n<p data-start=\"1892\" data-end=\"2137\">Enfin, concernant les soins palliatifs, Yannick Neuder a assur\u00e9 que les financements \u00e9taient bien pr\u00e9vus dans le PLFSS (Projet de loi de financement de la S\u00e9curit\u00e9 sociale) et qu&rsquo;il esp\u00e9rait pouvoir inaugurer ce nouveau service \u00e0 la fin de l&rsquo;ann\u00e9e.<\/p>\n<h3 data-start=\"2139\" data-end=\"2205\">Un soutien avec des regrets sur le manque d\u2019anticipation<\/h3>\n<p data-start=\"2206\" data-end=\"2635\">\u00c0 l\u2019issue de l\u2019\u00e9change, Christophe Naegelen a d\u00e9clar\u00e9 soutenir les mesures avanc\u00e9es par le ministre, tout en regrettant le manque de travail en amont. Il a rappel\u00e9 que ses demandes aux pr\u00e9c\u00e9dents ministres de la Sant\u00e9 n\u2019avaient pas abouti et qu\u2019un meilleur dialogue avec les acteurs du territoire aurait permis \u00e0 l\u2019h\u00f4pital de Remiremont d\u2019\u00eatre un \u00e9tablissement compl\u00e9mentaire d\u2019\u00c9pinal, et non un \u00ab\u00a0sous-h\u00f4pital\u00a0\u00bb.<\/p>\n<p data-start=\"2637\" data-end=\"2820\" data-is-last-node=\"\" data-is-only-node=\"\">\n","protected":false},"excerpt":{"rendered":"<p>Ce mardi, le d\u00e9put\u00e9 des Vosges Christophe Naegelen a interpell\u00e9 Yannick Neuder, ministre de la Sant\u00e9, au sujet de l\u2019avenir [&hellip;]<\/p>\n","protected":false},"author":418,"featured_media":75095,"comment_status":"open","ping_status":"open","sticky":false,"template":"","format":"standard","meta":{"footnotes":""},"categories":[20,25,10,868,12],"tags":[5817,110],"class_list":["post-75094","post","type-post","status-publish","format-standard","has-post-thumbnail","hentry","category-a-la-une","category-gerardmer","category-politique","category-remiremont","category-sante","tag-centre-hospitalier-de-remiremont","tag-christophe-naegelen"],"acf":[],"yoast_head":"<!-- This site is optimized with the Yoast SEO plugin v22.5 - https:\/\/yoast.com\/wordpress\/plugins\/seo\/ -->\n<title>H\u00f4pital de Remiremont : Christophe Naegelen interpelle le ministre de la Sant\u00e9 - Gerardmer Info<\/title>\n<meta name=\"robots\" content=\"index, follow, max-snippet:-1, max-image-preview:large, max-video-preview:-1\" \/>\n<link rel=\"canonical\" href=\"https:\/\/vosgesinfo.fr\/gerardmerinfo\/2025\/03\/hopital-de-remiremont-christophe-naegelen-interpelle-le-ministre-de-la-sante\/\" \/>\n<meta name=\"twitter:card\" content=\"summary_large_image\" \/>\n<meta name=\"twitter:title\" content=\"H\u00f4pital de Remiremont : Christophe Naegelen interpelle le ministre de la Sant\u00e9 - Gerardmer Info\" \/>\n<meta name=\"twitter:description\" content=\"Ce mardi, le d\u00e9put\u00e9 des Vosges Christophe Naegelen a interpell\u00e9 Yannick Neuder, ministre de la Sant\u00e9, au sujet de l\u2019avenir [&hellip;]\" \/>\n<meta name=\"twitter:image\" content=\"https:\/\/vosgesinfo.fr\/app\/uploads\/sites\/6\/2025\/03\/christophe-naegelen.jpg\" \/>\n<meta name=\"twitter:creator\" content=\"@VosgesInfo88\" \/>\n<meta name=\"twitter:site\" content=\"@VosgesInfo88\" \/>\n<meta name=\"twitter:label1\" content=\"\u00c9crit par\" \/>\n\t<meta name=\"twitter:data1\" content=\"C.M\" \/>\n\t<meta name=\"twitter:label2\" content=\"Dur\u00e9e de lecture estim\u00e9e\" \/>\n\t<meta name=\"twitter:data2\" content=\"2 minutes\" \/>\n<script type=\"application\/ld+json\" class=\"yoast-schema-graph\">{\"@context\":\"https:\/\/schema.org\",\"@graph\":[{\"@type\":\"Article\",\"@id\":\"https:\/\/vosgesinfo.fr\/gerardmerinfo\/2025\/03\/hopital-de-remiremont-christophe-naegelen-interpelle-le-ministre-de-la-sante\/#article\",\"isPartOf\":{\"@id\":\"https:\/\/vosgesinfo.fr\/gerardmerinfo\/2025\/03\/hopital-de-remiremont-christophe-naegelen-interpelle-le-ministre-de-la-sante\/\"},\"author\":{\"name\":\"C.M\",\"@id\":\"https:\/\/vosgesinfo.fr\/gerardmerinfo\/#\/schema\/person\/4f38cd3068e342935b7304695c797d08\"},\"headline\":\"H\u00f4pital de Remiremont : Christophe Naegelen interpelle le ministre de la Sant\u00e9\",\"datePublished\":\"2025-03-06T16:55:40+00:00\",\"dateModified\":\"2025-03-06T16:55:40+00:00\",\"mainEntityOfPage\":{\"@id\":\"https:\/\/vosgesinfo.fr\/gerardmerinfo\/2025\/03\/hopital-de-remiremont-christophe-naegelen-interpelle-le-ministre-de-la-sante\/\"},\"wordCount\":441,\"commentCount\":0,\"publisher\":{\"@id\":\"https:\/\/vosgesinfo.fr\/gerardmerinfo\/#organization\"},\"image\":{\"@id\":\"https:\/\/vosgesinfo.fr\/gerardmerinfo\/2025\/03\/hopital-de-remiremont-christophe-naegelen-interpelle-le-ministre-de-la-sante\/#primaryimage\"},\"thumbnailUrl\":\"https:\/\/vosgesinfo.fr\/app\/uploads\/sites\/6\/2025\/03\/christophe-naegelen.jpg\",\"keywords\":[\"Centre hospitalier de remiremont\",\"christophe Naegelen\"],\"articleSection\":[\"A la une\",\"G\u00e9rardmer\",\"Politique\",\"Remiremont\",\"Sant\u00e9\"],\"inLanguage\":\"fr-FR\",\"potentialAction\":[{\"@type\":\"CommentAction\",\"name\":\"Comment\",\"target\":[\"https:\/\/vosgesinfo.fr\/gerardmerinfo\/2025\/03\/hopital-de-remiremont-christophe-naegelen-interpelle-le-ministre-de-la-sante\/#respond\"]}]},{\"@type\":\"WebPage\",\"@id\":\"https:\/\/vosgesinfo.fr\/gerardmerinfo\/2025\/03\/hopital-de-remiremont-christophe-naegelen-interpelle-le-ministre-de-la-sante\/\",\"url\":\"https:\/\/vosgesinfo.fr\/gerardmerinfo\/2025\/03\/hopital-de-remiremont-christophe-naegelen-interpelle-le-ministre-de-la-sante\/\",\"name\":\"H\u00f4pital de Remiremont : Christophe Naegelen interpelle le ministre de la Sant\u00e9 - Gerardmer Info\",\"isPartOf\":{\"@id\":\"https:\/\/vosgesinfo.fr\/gerardmerinfo\/#website\"},\"primaryImageOfPage\":{\"@id\":\"https:\/\/vosgesinfo.fr\/gerardmerinfo\/2025\/03\/hopital-de-remiremont-christophe-naegelen-interpelle-le-ministre-de-la-sante\/#primaryimage\"},\"image\":{\"@id\":\"https:\/\/vosgesinfo.fr\/gerardmerinfo\/2025\/03\/hopital-de-remiremont-christophe-naegelen-interpelle-le-ministre-de-la-sante\/#primaryimage\"},\"thumbnailUrl\":\"https:\/\/vosgesinfo.fr\/app\/uploads\/sites\/6\/2025\/03\/christophe-naegelen.jpg\",\"datePublished\":\"2025-03-06T16:55:40+00:00\",\"dateModified\":\"2025-03-06T16:55:40+00:00\",\"breadcrumb\":{\"@id\":\"https:\/\/vosgesinfo.fr\/gerardmerinfo\/2025\/03\/hopital-de-remiremont-christophe-naegelen-interpelle-le-ministre-de-la-sante\/#breadcrumb\"},\"inLanguage\":\"fr-FR\",\"potentialAction\":[{\"@type\":\"ReadAction\",\"target\":[\"https:\/\/vosgesinfo.fr\/gerardmerinfo\/2025\/03\/hopital-de-remiremont-christophe-naegelen-interpelle-le-ministre-de-la-sante\/\"]}]},{\"@type\":\"ImageObject\",\"inLanguage\":\"fr-FR\",\"@id\":\"https:\/\/vosgesinfo.fr\/gerardmerinfo\/2025\/03\/hopital-de-remiremont-christophe-naegelen-interpelle-le-ministre-de-la-sante\/#primaryimage\",\"url\":\"https:\/\/vosgesinfo.fr\/app\/uploads\/sites\/6\/2025\/03\/christophe-naegelen.jpg\",\"contentUrl\":\"https:\/\/vosgesinfo.fr\/app\/uploads\/sites\/6\/2025\/03\/christophe-naegelen.jpg\",\"width\":800,\"height\":400},{\"@type\":\"BreadcrumbList\",\"@id\":\"https:\/\/vosgesinfo.fr\/gerardmerinfo\/2025\/03\/hopital-de-remiremont-christophe-naegelen-interpelle-le-ministre-de-la-sante\/#breadcrumb\",\"itemListElement\":[{\"@type\":\"ListItem\",\"position\":1,\"name\":\"Home\",\"item\":\"https:\/\/vosgesinfo.fr\/gerardmerinfo\/\"},{\"@type\":\"ListItem\",\"position\":2,\"name\":\"H\u00f4pital de Remiremont : Christophe Naegelen interpelle le ministre de la Sant\u00e9\"}]},{\"@type\":\"WebSite\",\"@id\":\"https:\/\/vosgesinfo.fr\/gerardmerinfo\/#website\",\"url\":\"https:\/\/vosgesinfo.fr\/gerardmerinfo\/\",\"name\":\"Gerardmer Info\",\"description\":\"Toute l&#039;actualit\u00e9 de G\u00e9rardmer\",\"publisher\":{\"@id\":\"https:\/\/vosgesinfo.fr\/gerardmerinfo\/#organization\"},\"alternateName\":\"Toute l'actualit\u00e9 de G\u00e9rardmer\",\"potentialAction\":[{\"@type\":\"SearchAction\",\"target\":{\"@type\":\"EntryPoint\",\"urlTemplate\":\"https:\/\/vosgesinfo.fr\/gerardmerinfo\/?s={search_term_string}\"},\"query-input\":\"required name=search_term_string\"}],\"inLanguage\":\"fr-FR\"},{\"@type\":\"Organization\",\"@id\":\"https:\/\/vosgesinfo.fr\/gerardmerinfo\/#organization\",\"name\":\"Gerardmer Info\",\"url\":\"https:\/\/vosgesinfo.fr\/gerardmerinfo\/\",\"logo\":{\"@type\":\"ImageObject\",\"inLanguage\":\"fr-FR\",\"@id\":\"https:\/\/vosgesinfo.fr\/gerardmerinfo\/#\/schema\/logo\/image\/\",\"url\":\"https:\/\/vosgesinfo.fr\/app\/uploads\/sites\/6\/2023\/08\/favicon-gerardmerinfo.png\",\"contentUrl\":\"https:\/\/vosgesinfo.fr\/app\/uploads\/sites\/6\/2023\/08\/favicon-gerardmerinfo.png\",\"width\":512,\"height\":512,\"caption\":\"Gerardmer Info\"},\"image\":{\"@id\":\"https:\/\/vosgesinfo.fr\/gerardmerinfo\/#\/schema\/logo\/image\/\"},\"sameAs\":[\"https:\/\/www.facebook.com\/profile.php?id=100049475262660\",\"https:\/\/x.com\/VosgesInfo88\",\"https:\/\/www.youtube.com\/@vosgesinfo\"]},{\"@type\":\"Person\",\"@id\":\"https:\/\/vosgesinfo.fr\/gerardmerinfo\/#\/schema\/person\/4f38cd3068e342935b7304695c797d08\",\"name\":\"C.M\",\"image\":{\"@type\":\"ImageObject\",\"inLanguage\":\"fr-FR\",\"@id\":\"https:\/\/vosgesinfo.fr\/gerardmerinfo\/#\/schema\/person\/image\/\",\"url\":\"https:\/\/secure.gravatar.com\/avatar\/fe9daaef0164d920717484172682f3c5c9bcf7d42aa8c7048c76c34f0eb6c8da?s=96&d=mm&r=g\",\"contentUrl\":\"https:\/\/secure.gravatar.com\/avatar\/fe9daaef0164d920717484172682f3c5c9bcf7d42aa8c7048c76c34f0eb6c8da?s=96&d=mm&r=g\",\"caption\":\"C.M\"},\"url\":\"https:\/\/vosgesinfo.fr\/gerardmerinfo\/author\/cm88200\/\"}]}<\/script>\n<!-- \/ Yoast SEO plugin. -->","yoast_head_json":{"title":"H\u00f4pital de Remiremont : Christophe Naegelen interpelle le ministre de la Sant\u00e9 - Gerardmer Info","robots":{"index":"index","follow":"follow","max-snippet":"max-snippet:-1","max-image-preview":"max-image-preview:large","max-video-preview":"max-video-preview:-1"},"canonical":"https:\/\/vosgesinfo.fr\/gerardmerinfo\/2025\/03\/hopital-de-remiremont-christophe-naegelen-interpelle-le-ministre-de-la-sante\/","twitter_card":"summary_large_image","twitter_title":"H\u00f4pital de Remiremont : Christophe Naegelen interpelle le ministre de la Sant\u00e9 - Gerardmer Info","twitter_description":"Ce mardi, le d\u00e9put\u00e9 des Vosges Christophe Naegelen a interpell\u00e9 Yannick Neuder, ministre de la Sant\u00e9, au sujet de l\u2019avenir [&hellip;]","twitter_image":"https:\/\/vosgesinfo.fr\/app\/uploads\/sites\/6\/2025\/03\/christophe-naegelen.jpg","twitter_creator":"@VosgesInfo88","twitter_site":"@VosgesInfo88","twitter_misc":{"\u00c9crit par":"C.M","Dur\u00e9e de lecture estim\u00e9e":"2 minutes"},"schema":{"@context":"https:\/\/schema.org","@graph":[{"@type":"Article","@id":"https:\/\/vosgesinfo.fr\/gerardmerinfo\/2025\/03\/hopital-de-remiremont-christophe-naegelen-interpelle-le-ministre-de-la-sante\/#article","isPartOf":{"@id":"https:\/\/vosgesinfo.fr\/gerardmerinfo\/2025\/03\/hopital-de-remiremont-christophe-naegelen-interpelle-le-ministre-de-la-sante\/"},"author":{"name":"C.M","@id":"https:\/\/vosgesinfo.fr\/gerardmerinfo\/#\/schema\/person\/4f38cd3068e342935b7304695c797d08"},"headline":"H\u00f4pital de Remiremont : Christophe Naegelen interpelle le ministre de la Sant\u00e9","datePublished":"2025-03-06T16:55:40+00:00","dateModified":"2025-03-06T16:55:40+00:00","mainEntityOfPage":{"@id":"https:\/\/vosgesinfo.fr\/gerardmerinfo\/2025\/03\/hopital-de-remiremont-christophe-naegelen-interpelle-le-ministre-de-la-sante\/"},"wordCount":441,"commentCount":0,"publisher":{"@id":"https:\/\/vosgesinfo.fr\/gerardmerinfo\/#organization"},"image":{"@id":"https:\/\/vosgesinfo.fr\/gerardmerinfo\/2025\/03\/hopital-de-remiremont-christophe-naegelen-interpelle-le-ministre-de-la-sante\/#primaryimage"},"thumbnailUrl":"https:\/\/vosgesinfo.fr\/app\/uploads\/sites\/6\/2025\/03\/christophe-naegelen.jpg","keywords":["Centre hospitalier de remiremont","christophe Naegelen"],"articleSection":["A la une","G\u00e9rardmer","Politique","Remiremont","Sant\u00e9"],"inLanguage":"fr-FR","potentialAction":[{"@type":"CommentAction","name":"Comment","target":["https:\/\/vosgesinfo.fr\/gerardmerinfo\/2025\/03\/hopital-de-remiremont-christophe-naegelen-interpelle-le-ministre-de-la-sante\/#respond"]}]},{"@type":"WebPage","@id":"https:\/\/vosgesinfo.fr\/gerardmerinfo\/2025\/03\/hopital-de-remiremont-christophe-naegelen-interpelle-le-ministre-de-la-sante\/","url":"https:\/\/vosgesinfo.fr\/gerardmerinfo\/2025\/03\/hopital-de-remiremont-christophe-naegelen-interpelle-le-ministre-de-la-sante\/","name":"H\u00f4pital de Remiremont : Christophe Naegelen interpelle le ministre de la Sant\u00e9 - Gerardmer Info","isPartOf":{"@id":"https:\/\/vosgesinfo.fr\/gerardmerinfo\/#website"},"primaryImageOfPage":{"@id":"https:\/\/vosgesinfo.fr\/gerardmerinfo\/2025\/03\/hopital-de-remiremont-christophe-naegelen-interpelle-le-ministre-de-la-sante\/#primaryimage"},"image":{"@id":"https:\/\/vosgesinfo.fr\/gerardmerinfo\/2025\/03\/hopital-de-remiremont-christophe-naegelen-interpelle-le-ministre-de-la-sante\/#primaryimage"},"thumbnailUrl":"https:\/\/vosgesinfo.fr\/app\/uploads\/sites\/6\/2025\/03\/christophe-naegelen.jpg","datePublished":"2025-03-06T16:55:40+00:00","dateModified":"2025-03-06T16:55:40+00:00","breadcrumb":{"@id":"https:\/\/vosgesinfo.fr\/gerardmerinfo\/2025\/03\/hopital-de-remiremont-christophe-naegelen-interpelle-le-ministre-de-la-sante\/#breadcrumb"},"inLanguage":"fr-FR","potentialAction":[{"@type":"ReadAction","target":["https:\/\/vosgesinfo.fr\/gerardmerinfo\/2025\/03\/hopital-de-remiremont-christophe-naegelen-interpelle-le-ministre-de-la-sante\/"]}]},{"@type":"ImageObject","inLanguage":"fr-FR","@id":"https:\/\/vosgesinfo.fr\/gerardmerinfo\/2025\/03\/hopital-de-remiremont-christophe-naegelen-interpelle-le-ministre-de-la-sante\/#primaryimage","url":"https:\/\/vosgesinfo.fr\/app\/uploads\/sites\/6\/2025\/03\/christophe-naegelen.jpg","contentUrl":"https:\/\/vosgesinfo.fr\/app\/uploads\/sites\/6\/2025\/03\/christophe-naegelen.jpg","width":800,"height":400},{"@type":"BreadcrumbList","@id":"https:\/\/vosgesinfo.fr\/gerardmerinfo\/2025\/03\/hopital-de-remiremont-christophe-naegelen-interpelle-le-ministre-de-la-sante\/#breadcrumb","itemListElement":[{"@type":"ListItem","position":1,"name":"Home","item":"https:\/\/vosgesinfo.fr\/gerardmerinfo\/"},{"@type":"ListItem","position":2,"name":"H\u00f4pital de Remiremont : Christophe Naegelen interpelle le ministre de la Sant\u00e9"}]},{"@type":"WebSite","@id":"https:\/\/vosgesinfo.fr\/gerardmerinfo\/#website","url":"https:\/\/vosgesinfo.fr\/gerardmerinfo\/","name":"Gerardmer Info","description":"Toute l&#039;actualit\u00e9 de G\u00e9rardmer","publisher":{"@id":"https:\/\/vosgesinfo.fr\/gerardmerinfo\/#organization"},"alternateName":"Toute l'actualit\u00e9 de G\u00e9rardmer","potentialAction":[{"@type":"SearchAction","target":{"@type":"EntryPoint","urlTemplate":"https:\/\/vosgesinfo.fr\/gerardmerinfo\/?s={search_term_string}"},"query-input":"required name=search_term_string"}],"inLanguage":"fr-FR"},{"@type":"Organization","@id":"https:\/\/vosgesinfo.fr\/gerardmerinfo\/#organization","name":"Gerardmer Info","url":"https:\/\/vosgesinfo.fr\/gerardmerinfo\/","logo":{"@type":"ImageObject","inLanguage":"fr-FR","@id":"https:\/\/vosgesinfo.fr\/gerardmerinfo\/#\/schema\/logo\/image\/","url":"https:\/\/vosgesinfo.fr\/app\/uploads\/sites\/6\/2023\/08\/favicon-gerardmerinfo.png","contentUrl":"https:\/\/vosgesinfo.fr\/app\/uploads\/sites\/6\/2023\/08\/favicon-gerardmerinfo.png","width":512,"height":512,"caption":"Gerardmer Info"},"image":{"@id":"https:\/\/vosgesinfo.fr\/gerardmerinfo\/#\/schema\/logo\/image\/"},"sameAs":["https:\/\/www.facebook.com\/profile.php?id=100049475262660","https:\/\/x.com\/VosgesInfo88","https:\/\/www.youtube.com\/@vosgesinfo"]},{"@type":"Person","@id":"https:\/\/vosgesinfo.fr\/gerardmerinfo\/#\/schema\/person\/4f38cd3068e342935b7304695c797d08","name":"C.M","image":{"@type":"ImageObject","inLanguage":"fr-FR","@id":"https:\/\/vosgesinfo.fr\/gerardmerinfo\/#\/schema\/person\/image\/","url":"https:\/\/secure.gravatar.com\/avatar\/fe9daaef0164d920717484172682f3c5c9bcf7d42aa8c7048c76c34f0eb6c8da?s=96&d=mm&r=g","contentUrl":"https:\/\/secure.gravatar.com\/avatar\/fe9daaef0164d920717484172682f3c5c9bcf7d42aa8c7048c76c34f0eb6c8da?s=96&d=mm&r=g","caption":"C.M"},"url":"https:\/\/vosgesinfo.fr\/gerardmerinfo\/author\/cm88200\/"}]}},"_links":{"self":[{"href":"https:\/\/vosgesinfo.fr\/gerardmerinfo\/wp-json\/wp\/v2\/posts\/75094","targetHints":{"allow":["GET"]}}],"collection":[{"href":"https:\/\/vosgesinfo.fr\/gerardmerinfo\/wp-json\/wp\/v2\/posts"}],"about":[{"href":"https:\/\/vosgesinfo.fr\/gerardmerinfo\/wp-json\/wp\/v2\/types\/post"}],"author":[{"embeddable":true,"href":"https:\/\/vosgesinfo.fr\/gerardmerinfo\/wp-json\/wp\/v2\/users\/418"}],"replies":[{"embeddable":true,"href":"https:\/\/vosgesinfo.fr\/gerardmerinfo\/wp-json\/wp\/v2\/comments?post=75094"}],"version-history":[{"count":0,"href":"https:\/\/vosgesinfo.fr\/gerardmerinfo\/wp-json\/wp\/v2\/posts\/75094\/revisions"}],"wp:featuredmedia":[{"embeddable":true,"href":"https:\/\/vosgesinfo.fr\/gerardmerinfo\/wp-json\/wp\/v2\/media\/75095"}],"wp:attachment":[{"href":"https:\/\/vosgesinfo.fr\/gerardmerinfo\/wp-json\/wp\/v2\/media?parent=75094"}],"wp:term":[{"taxonomy":"category","embeddable":true,"href":"https:\/\/vosgesinfo.fr\/gerardmerinfo\/wp-json\/wp\/v2\/categories?post=75094"},{"taxonomy":"post_tag","embeddable":true,"href":"https:\/\/vosgesinfo.fr\/gerardmerinfo\/wp-json\/wp\/v2\/tags?post=75094"}],"curies":[{"name":"wp","href":"https:\/\/api.w.org\/{rel}","templated":true}]}}