{"id":75096,"date":"2025-03-07T05:47:21","date_gmt":"2025-03-07T04:47:21","guid":{"rendered":"https:\/\/vosgesinfo.fr\/gerardmerinfo\/?p=75096"},"modified":"2025-03-06T19:04:47","modified_gmt":"2025-03-06T18:04:47","slug":"a-la-haie-griselle-les-6e-demarrent-la-journee-du-bon-pied","status":"publish","type":"post","link":"https:\/\/vosgesinfo.fr\/gerardmerinfo\/2025\/03\/a-la-haie-griselle-les-6e-demarrent-la-journee-du-bon-pied\/","title":{"rendered":"\u00c0 la Haie Griselle, les 6e d\u00e9marrent la journ\u00e9e du bon pied"},"content":{"rendered":"<p data-start=\"229\" data-end=\"583\"><a href=\"https:\/\/vosgesinfo.fr\/app\/uploads\/sites\/6\/2025\/03\/petit-dejeuner-6emes-la-haie-griselle-gerardmer-1.jpg\"><img decoding=\"async\" class=\"aligncenter size-large wp-image-75098\" src=\"https:\/\/vosgesinfo.fr\/app\/uploads\/sites\/6\/2025\/03\/petit-dejeuner-6emes-la-haie-griselle-gerardmer-1-1024x461.jpg\" alt=\"\" width=\"1024\" height=\"461\" srcset=\"https:\/\/vosgesinfo.fr\/app\/uploads\/sites\/6\/2025\/03\/petit-dejeuner-6emes-la-haie-griselle-gerardmer-1-1024x461.jpg 1024w, https:\/\/vosgesinfo.fr\/app\/uploads\/sites\/6\/2025\/03\/petit-dejeuner-6emes-la-haie-griselle-gerardmer-1-300x135.jpg 300w, https:\/\/vosgesinfo.fr\/app\/uploads\/sites\/6\/2025\/03\/petit-dejeuner-6emes-la-haie-griselle-gerardmer-1-768x346.jpg 768w, https:\/\/vosgesinfo.fr\/app\/uploads\/sites\/6\/2025\/03\/petit-dejeuner-6emes-la-haie-griselle-gerardmer-1-1536x691.jpg 1536w, https:\/\/vosgesinfo.fr\/app\/uploads\/sites\/6\/2025\/03\/petit-dejeuner-6emes-la-haie-griselle-gerardmer-1.jpg 2000w\" sizes=\"(max-width: 1024px) 100vw, 1024px\" \/><\/a><\/p>\n<p data-start=\"229\" data-end=\"583\">\n<p data-start=\"229\" data-end=\"583\"><strong>C&rsquo;est devenu une bonne habitude du cot\u00e9 de La Haie Griselle : ce mercredi 5 mars, pour la quatri\u00e8me ann\u00e9e cons\u00e9cutive, l&rsquo;infirmi\u00e8re de la cit\u00e9 scolaire Jane Remy organisait un petit-d\u00e9jeuner \u00e0 la fois \u00e9quilibr\u00e9 et g\u00e9n\u00e9reux en collaboration avec le chef de cuisine Xavier Perrin. Une initiative gourmande qui a conquis les 87 \u00e9l\u00e8ves de 6e, visiblement ravis de cette entr\u00e9e en mati\u00e8re matinale.<\/strong><\/p>\n<p data-start=\"585\" data-end=\"920\">Un \u00e9v\u00e9nement qui tient \u00e0 c\u0153ur \u00e0 Jane Remy qui avait elle-m\u00eame particip\u00e9 \u00e0 cette animation \u00e0 l\u2019\u00e9poque o\u00f9 elle \u00e9tait \u00e9l\u00e8ve \u00e0 la Haie Griselle. Quatre ans apr\u00e8s avoir relanc\u00e9 le projet, l\u2019infirmi\u00e8re poursuit son engagement en faveur de la sensibilisation \u00e0 une alimentation saine. En amont de ce temps fort particuli\u00e8rement appr\u00e9ci\u00e9 des enfants, l&rsquo;infirmi\u00e8re est intervenue dans chaque classe pour aborder les grands principes d\u2019une alimentation \u00e9quilibr\u00e9e, expliquer les r\u00f4les des f\u00e9culents ou des mati\u00e8res grasses, et \u00e9voquer des th\u00e8mes essentiels tels que le gaspillage alimentaire ou les circuits courts.<\/p>\n<p data-start=\"1218\" data-end=\"1577\">Place ensuite \u00e0 la pratique, au self, o\u00f9 les \u00e9l\u00e8ves ont pu composer leur plateau parmi un large choix : jus d\u2019orange bio, th\u00e9, chocolat chaud, lait, \u0153ufs brouill\u00e9s, charcuterie, fruits frais et brioches maison, pr\u00e9par\u00e9es par l\u2019\u00e9quipe de Xavier Perrin. De quoi combler les app\u00e9tits matinaux et redonner ses lettres de noblesse au premier repas de la journ\u00e9e. Autour des tables, on retrouvait \u00e9galement le proviseur Pascal Villemin, son adjointe, plusieurs enseignants et agents, ainsi que l\u2019intendante M\u00e9lusine Saxe qui a accompagn\u00e9 Jane Remy dans l\u2019organisation de cette matin\u00e9e. Tous \u00e9taient pr\u00e9sents pour partager ce moment chaleureux.<\/p>\n<p data-start=\"1814\" data-end=\"2041\">Plus qu\u2019un simple petit-d\u00e9jeuner, cette initiative rappelle l\u2019importance de bien commencer la journ\u00e9e et continue de sensibiliser les plus jeunes aux enjeux d\u2019une alimentation \u00e9quilibr\u00e9e, un sujet plus que jamais d\u2019actualit\u00e9.<\/p>\n<p data-start=\"1814\" data-end=\"2041\"><a href=\"https:\/\/vosgesinfo.fr\/app\/uploads\/sites\/6\/2025\/03\/petit-dejeuner-6emes-la-haie-griselle-gerardmer-2.jpg\"><img decoding=\"async\" class=\"aligncenter size-large wp-image-75097\" src=\"https:\/\/vosgesinfo.fr\/app\/uploads\/sites\/6\/2025\/03\/petit-dejeuner-6emes-la-haie-griselle-gerardmer-2-1024x461.jpg\" alt=\"\" width=\"1024\" height=\"461\" srcset=\"https:\/\/vosgesinfo.fr\/app\/uploads\/sites\/6\/2025\/03\/petit-dejeuner-6emes-la-haie-griselle-gerardmer-2-1024x461.jpg 1024w, https:\/\/vosgesinfo.fr\/app\/uploads\/sites\/6\/2025\/03\/petit-dejeuner-6emes-la-haie-griselle-gerardmer-2-300x135.jpg 300w, https:\/\/vosgesinfo.fr\/app\/uploads\/sites\/6\/2025\/03\/petit-dejeuner-6emes-la-haie-griselle-gerardmer-2-768x346.jpg 768w, https:\/\/vosgesinfo.fr\/app\/uploads\/sites\/6\/2025\/03\/petit-dejeuner-6emes-la-haie-griselle-gerardmer-2-1536x691.jpg 1536w, https:\/\/vosgesinfo.fr\/app\/uploads\/sites\/6\/2025\/03\/petit-dejeuner-6emes-la-haie-griselle-gerardmer-2.jpg 2000w\" sizes=\"(max-width: 1024px) 100vw, 1024px\" \/><\/a><\/p>\n","protected":false},"excerpt":{"rendered":"<p>C&rsquo;est devenu une bonne habitude du cot\u00e9 de La Haie Griselle : ce mercredi 5 mars, pour la quatri\u00e8me ann\u00e9e [&hellip;]<\/p>\n","protected":false},"author":42,"featured_media":75097,"comment_status":"open","ping_status":"open","sticky":false,"template":"","format":"standard","meta":{"footnotes":""},"categories":[20,6,5647,25,12],"tags":[386,6841],"class_list":["post-75096","post","type-post","status-publish","format-standard","has-post-thumbnail","hentry","category-a-la-une","category-education","category-gerardmer-autres-sites","category-gerardmer","category-sante","tag-college-la-haie-griselle","tag-jane-remy"],"acf":[],"yoast_head":"<!-- This site is optimized with the Yoast SEO plugin v22.5 - https:\/\/yoast.com\/wordpress\/plugins\/seo\/ -->\n<title>\u00c0 la Haie Griselle, les 6e d\u00e9marrent la journ\u00e9e du bon pied - Gerardmer Info<\/title>\n<meta name=\"robots\" content=\"index, follow, max-snippet:-1, max-image-preview:large, max-video-preview:-1\" \/>\n<link rel=\"canonical\" href=\"https:\/\/vosgesinfo.fr\/gerardmerinfo\/2025\/03\/a-la-haie-griselle-les-6e-demarrent-la-journee-du-bon-pied\/\" \/>\n<meta name=\"twitter:card\" content=\"summary_large_image\" \/>\n<meta name=\"twitter:title\" content=\"\u00c0 la Haie Griselle, les 6e d\u00e9marrent la journ\u00e9e du bon pied - Gerardmer Info\" \/>\n<meta name=\"twitter:description\" content=\"C&rsquo;est devenu une bonne habitude du cot\u00e9 de La Haie Griselle : ce mercredi 5 mars, pour la quatri\u00e8me ann\u00e9e [&hellip;]\" \/>\n<meta name=\"twitter:image\" content=\"https:\/\/vosgesinfo.fr\/app\/uploads\/sites\/6\/2025\/03\/petit-dejeuner-6emes-la-haie-griselle-gerardmer-2.jpg\" \/>\n<meta name=\"twitter:creator\" content=\"@VosgesInfo88\" \/>\n<meta name=\"twitter:site\" content=\"@VosgesInfo88\" \/>\n<meta name=\"twitter:label1\" content=\"\u00c9crit par\" \/>\n\t<meta name=\"twitter:data1\" content=\"QG\" \/>\n\t<meta name=\"twitter:label2\" content=\"Dur\u00e9e de lecture estim\u00e9e\" \/>\n\t<meta name=\"twitter:data2\" content=\"2 minutes\" \/>\n<script type=\"application\/ld+json\" class=\"yoast-schema-graph\">{\"@context\":\"https:\/\/schema.org\",\"@graph\":[{\"@type\":\"Article\",\"@id\":\"https:\/\/vosgesinfo.fr\/gerardmerinfo\/2025\/03\/a-la-haie-griselle-les-6e-demarrent-la-journee-du-bon-pied\/#article\",\"isPartOf\":{\"@id\":\"https:\/\/vosgesinfo.fr\/gerardmerinfo\/2025\/03\/a-la-haie-griselle-les-6e-demarrent-la-journee-du-bon-pied\/\"},\"author\":{\"name\":\"QG\",\"@id\":\"https:\/\/vosgesinfo.fr\/gerardmerinfo\/#\/schema\/person\/db5605779a843dad16b5368f3e7613a5\"},\"headline\":\"\u00c0 la Haie Griselle, les 6e d\u00e9marrent la journ\u00e9e du bon pied\",\"datePublished\":\"2025-03-07T04:47:21+00:00\",\"dateModified\":\"2025-03-06T18:04:47+00:00\",\"mainEntityOfPage\":{\"@id\":\"https:\/\/vosgesinfo.fr\/gerardmerinfo\/2025\/03\/a-la-haie-griselle-les-6e-demarrent-la-journee-du-bon-pied\/\"},\"wordCount\":338,\"commentCount\":0,\"publisher\":{\"@id\":\"https:\/\/vosgesinfo.fr\/gerardmerinfo\/#organization\"},\"image\":{\"@id\":\"https:\/\/vosgesinfo.fr\/gerardmerinfo\/2025\/03\/a-la-haie-griselle-les-6e-demarrent-la-journee-du-bon-pied\/#primaryimage\"},\"thumbnailUrl\":\"https:\/\/vosgesinfo.fr\/app\/uploads\/sites\/6\/2025\/03\/petit-dejeuner-6emes-la-haie-griselle-gerardmer-2.jpg\",\"keywords\":[\"coll\u00e9ge la haie griselle\",\"Jane Remy\"],\"articleSection\":[\"A la une\",\"\u00c9ducation\",\"Gerardmer\",\"G\u00e9rardmer\",\"Sant\u00e9\"],\"inLanguage\":\"fr-FR\",\"potentialAction\":[{\"@type\":\"CommentAction\",\"name\":\"Comment\",\"target\":[\"https:\/\/vosgesinfo.fr\/gerardmerinfo\/2025\/03\/a-la-haie-griselle-les-6e-demarrent-la-journee-du-bon-pied\/#respond\"]}]},{\"@type\":\"WebPage\",\"@id\":\"https:\/\/vosgesinfo.fr\/gerardmerinfo\/2025\/03\/a-la-haie-griselle-les-6e-demarrent-la-journee-du-bon-pied\/\",\"url\":\"https:\/\/vosgesinfo.fr\/gerardmerinfo\/2025\/03\/a-la-haie-griselle-les-6e-demarrent-la-journee-du-bon-pied\/\",\"name\":\"\u00c0 la Haie Griselle, les 6e d\u00e9marrent la journ\u00e9e du bon pied - Gerardmer Info\",\"isPartOf\":{\"@id\":\"https:\/\/vosgesinfo.fr\/gerardmerinfo\/#website\"},\"primaryImageOfPage\":{\"@id\":\"https:\/\/vosgesinfo.fr\/gerardmerinfo\/2025\/03\/a-la-haie-griselle-les-6e-demarrent-la-journee-du-bon-pied\/#primaryimage\"},\"image\":{\"@id\":\"https:\/\/vosgesinfo.fr\/gerardmerinfo\/2025\/03\/a-la-haie-griselle-les-6e-demarrent-la-journee-du-bon-pied\/#primaryimage\"},\"thumbnailUrl\":\"https:\/\/vosgesinfo.fr\/app\/uploads\/sites\/6\/2025\/03\/petit-dejeuner-6emes-la-haie-griselle-gerardmer-2.jpg\",\"datePublished\":\"2025-03-07T04:47:21+00:00\",\"dateModified\":\"2025-03-06T18:04:47+00:00\",\"breadcrumb\":{\"@id\":\"https:\/\/vosgesinfo.fr\/gerardmerinfo\/2025\/03\/a-la-haie-griselle-les-6e-demarrent-la-journee-du-bon-pied\/#breadcrumb\"},\"inLanguage\":\"fr-FR\",\"potentialAction\":[{\"@type\":\"ReadAction\",\"target\":[\"https:\/\/vosgesinfo.fr\/gerardmerinfo\/2025\/03\/a-la-haie-griselle-les-6e-demarrent-la-journee-du-bon-pied\/\"]}]},{\"@type\":\"ImageObject\",\"inLanguage\":\"fr-FR\",\"@id\":\"https:\/\/vosgesinfo.fr\/gerardmerinfo\/2025\/03\/a-la-haie-griselle-les-6e-demarrent-la-journee-du-bon-pied\/#primaryimage\",\"url\":\"https:\/\/vosgesinfo.fr\/app\/uploads\/sites\/6\/2025\/03\/petit-dejeuner-6emes-la-haie-griselle-gerardmer-2.jpg\",\"contentUrl\":\"https:\/\/vosgesinfo.fr\/app\/uploads\/sites\/6\/2025\/03\/petit-dejeuner-6emes-la-haie-griselle-gerardmer-2.jpg\",\"width\":2000,\"height\":900},{\"@type\":\"BreadcrumbList\",\"@id\":\"https:\/\/vosgesinfo.fr\/gerardmerinfo\/2025\/03\/a-la-haie-griselle-les-6e-demarrent-la-journee-du-bon-pied\/#breadcrumb\",\"itemListElement\":[{\"@type\":\"ListItem\",\"position\":1,\"name\":\"Home\",\"item\":\"https:\/\/vosgesinfo.fr\/gerardmerinfo\/\"},{\"@type\":\"ListItem\",\"position\":2,\"name\":\"\u00c0 la Haie Griselle, les 6e d\u00e9marrent la journ\u00e9e du bon pied\"}]},{\"@type\":\"WebSite\",\"@id\":\"https:\/\/vosgesinfo.fr\/gerardmerinfo\/#website\",\"url\":\"https:\/\/vosgesinfo.fr\/gerardmerinfo\/\",\"name\":\"Gerardmer Info\",\"description\":\"Toute l&#039;actualit\u00e9 de G\u00e9rardmer\",\"publisher\":{\"@id\":\"https:\/\/vosgesinfo.fr\/gerardmerinfo\/#organization\"},\"alternateName\":\"Toute l'actualit\u00e9 de G\u00e9rardmer\",\"potentialAction\":[{\"@type\":\"SearchAction\",\"target\":{\"@type\":\"EntryPoint\",\"urlTemplate\":\"https:\/\/vosgesinfo.fr\/gerardmerinfo\/?s={search_term_string}\"},\"query-input\":\"required name=search_term_string\"}],\"inLanguage\":\"fr-FR\"},{\"@type\":\"Organization\",\"@id\":\"https:\/\/vosgesinfo.fr\/gerardmerinfo\/#organization\",\"name\":\"Gerardmer Info\",\"url\":\"https:\/\/vosgesinfo.fr\/gerardmerinfo\/\",\"logo\":{\"@type\":\"ImageObject\",\"inLanguage\":\"fr-FR\",\"@id\":\"https:\/\/vosgesinfo.fr\/gerardmerinfo\/#\/schema\/logo\/image\/\",\"url\":\"https:\/\/vosgesinfo.fr\/app\/uploads\/sites\/6\/2023\/08\/favicon-gerardmerinfo.png\",\"contentUrl\":\"https:\/\/vosgesinfo.fr\/app\/uploads\/sites\/6\/2023\/08\/favicon-gerardmerinfo.png\",\"width\":512,\"height\":512,\"caption\":\"Gerardmer Info\"},\"image\":{\"@id\":\"https:\/\/vosgesinfo.fr\/gerardmerinfo\/#\/schema\/logo\/image\/\"},\"sameAs\":[\"https:\/\/www.facebook.com\/profile.php?id=100049475262660\",\"https:\/\/x.com\/VosgesInfo88\",\"https:\/\/www.youtube.com\/@vosgesinfo\"]},{\"@type\":\"Person\",\"@id\":\"https:\/\/vosgesinfo.fr\/gerardmerinfo\/#\/schema\/person\/db5605779a843dad16b5368f3e7613a5\",\"name\":\"QG\",\"image\":{\"@type\":\"ImageObject\",\"inLanguage\":\"fr-FR\",\"@id\":\"https:\/\/vosgesinfo.fr\/gerardmerinfo\/#\/schema\/person\/image\/\",\"url\":\"https:\/\/secure.gravatar.com\/avatar\/ea80c42c204b534408512832fde52504ecabb9706bcb6151cf6175e5b64e6793?s=96&d=mm&r=g\",\"contentUrl\":\"https:\/\/secure.gravatar.com\/avatar\/ea80c42c204b534408512832fde52504ecabb9706bcb6151cf6175e5b64e6793?s=96&d=mm&r=g\",\"caption\":\"QG\"},\"url\":\"https:\/\/vosgesinfo.fr\/gerardmerinfo\/author\/quentin88\/\"}]}<\/script>\n<!-- \/ Yoast SEO plugin. -->","yoast_head_json":{"title":"\u00c0 la Haie Griselle, les 6e d\u00e9marrent la journ\u00e9e du bon pied - Gerardmer Info","robots":{"index":"index","follow":"follow","max-snippet":"max-snippet:-1","max-image-preview":"max-image-preview:large","max-video-preview":"max-video-preview:-1"},"canonical":"https:\/\/vosgesinfo.fr\/gerardmerinfo\/2025\/03\/a-la-haie-griselle-les-6e-demarrent-la-journee-du-bon-pied\/","twitter_card":"summary_large_image","twitter_title":"\u00c0 la Haie Griselle, les 6e d\u00e9marrent la journ\u00e9e du bon pied - Gerardmer Info","twitter_description":"C&rsquo;est devenu une bonne habitude du cot\u00e9 de La Haie Griselle : ce mercredi 5 mars, pour la quatri\u00e8me ann\u00e9e [&hellip;]","twitter_image":"https:\/\/vosgesinfo.fr\/app\/uploads\/sites\/6\/2025\/03\/petit-dejeuner-6emes-la-haie-griselle-gerardmer-2.jpg","twitter_creator":"@VosgesInfo88","twitter_site":"@VosgesInfo88","twitter_misc":{"\u00c9crit par":"QG","Dur\u00e9e de lecture estim\u00e9e":"2 minutes"},"schema":{"@context":"https:\/\/schema.org","@graph":[{"@type":"Article","@id":"https:\/\/vosgesinfo.fr\/gerardmerinfo\/2025\/03\/a-la-haie-griselle-les-6e-demarrent-la-journee-du-bon-pied\/#article","isPartOf":{"@id":"https:\/\/vosgesinfo.fr\/gerardmerinfo\/2025\/03\/a-la-haie-griselle-les-6e-demarrent-la-journee-du-bon-pied\/"},"author":{"name":"QG","@id":"https:\/\/vosgesinfo.fr\/gerardmerinfo\/#\/schema\/person\/db5605779a843dad16b5368f3e7613a5"},"headline":"\u00c0 la Haie Griselle, les 6e d\u00e9marrent la journ\u00e9e du bon pied","datePublished":"2025-03-07T04:47:21+00:00","dateModified":"2025-03-06T18:04:47+00:00","mainEntityOfPage":{"@id":"https:\/\/vosgesinfo.fr\/gerardmerinfo\/2025\/03\/a-la-haie-griselle-les-6e-demarrent-la-journee-du-bon-pied\/"},"wordCount":338,"commentCount":0,"publisher":{"@id":"https:\/\/vosgesinfo.fr\/gerardmerinfo\/#organization"},"image":{"@id":"https:\/\/vosgesinfo.fr\/gerardmerinfo\/2025\/03\/a-la-haie-griselle-les-6e-demarrent-la-journee-du-bon-pied\/#primaryimage"},"thumbnailUrl":"https:\/\/vosgesinfo.fr\/app\/uploads\/sites\/6\/2025\/03\/petit-dejeuner-6emes-la-haie-griselle-gerardmer-2.jpg","keywords":["coll\u00e9ge la haie griselle","Jane Remy"],"articleSection":["A la une","\u00c9ducation","Gerardmer","G\u00e9rardmer","Sant\u00e9"],"inLanguage":"fr-FR","potentialAction":[{"@type":"CommentAction","name":"Comment","target":["https:\/\/vosgesinfo.fr\/gerardmerinfo\/2025\/03\/a-la-haie-griselle-les-6e-demarrent-la-journee-du-bon-pied\/#respond"]}]},{"@type":"WebPage","@id":"https:\/\/vosgesinfo.fr\/gerardmerinfo\/2025\/03\/a-la-haie-griselle-les-6e-demarrent-la-journee-du-bon-pied\/","url":"https:\/\/vosgesinfo.fr\/gerardmerinfo\/2025\/03\/a-la-haie-griselle-les-6e-demarrent-la-journee-du-bon-pied\/","name":"\u00c0 la Haie Griselle, les 6e d\u00e9marrent la journ\u00e9e du bon pied - Gerardmer Info","isPartOf":{"@id":"https:\/\/vosgesinfo.fr\/gerardmerinfo\/#website"},"primaryImageOfPage":{"@id":"https:\/\/vosgesinfo.fr\/gerardmerinfo\/2025\/03\/a-la-haie-griselle-les-6e-demarrent-la-journee-du-bon-pied\/#primaryimage"},"image":{"@id":"https:\/\/vosgesinfo.fr\/gerardmerinfo\/2025\/03\/a-la-haie-griselle-les-6e-demarrent-la-journee-du-bon-pied\/#primaryimage"},"thumbnailUrl":"https:\/\/vosgesinfo.fr\/app\/uploads\/sites\/6\/2025\/03\/petit-dejeuner-6emes-la-haie-griselle-gerardmer-2.jpg","datePublished":"2025-03-07T04:47:21+00:00","dateModified":"2025-03-06T18:04:47+00:00","breadcrumb":{"@id":"https:\/\/vosgesinfo.fr\/gerardmerinfo\/2025\/03\/a-la-haie-griselle-les-6e-demarrent-la-journee-du-bon-pied\/#breadcrumb"},"inLanguage":"fr-FR","potentialAction":[{"@type":"ReadAction","target":["https:\/\/vosgesinfo.fr\/gerardmerinfo\/2025\/03\/a-la-haie-griselle-les-6e-demarrent-la-journee-du-bon-pied\/"]}]},{"@type":"ImageObject","inLanguage":"fr-FR","@id":"https:\/\/vosgesinfo.fr\/gerardmerinfo\/2025\/03\/a-la-haie-griselle-les-6e-demarrent-la-journee-du-bon-pied\/#primaryimage","url":"https:\/\/vosgesinfo.fr\/app\/uploads\/sites\/6\/2025\/03\/petit-dejeuner-6emes-la-haie-griselle-gerardmer-2.jpg","contentUrl":"https:\/\/vosgesinfo.fr\/app\/uploads\/sites\/6\/2025\/03\/petit-dejeuner-6emes-la-haie-griselle-gerardmer-2.jpg","width":2000,"height":900},{"@type":"BreadcrumbList","@id":"https:\/\/vosgesinfo.fr\/gerardmerinfo\/2025\/03\/a-la-haie-griselle-les-6e-demarrent-la-journee-du-bon-pied\/#breadcrumb","itemListElement":[{"@type":"ListItem","position":1,"name":"Home","item":"https:\/\/vosgesinfo.fr\/gerardmerinfo\/"},{"@type":"ListItem","position":2,"name":"\u00c0 la Haie Griselle, les 6e d\u00e9marrent la journ\u00e9e du bon pied"}]},{"@type":"WebSite","@id":"https:\/\/vosgesinfo.fr\/gerardmerinfo\/#website","url":"https:\/\/vosgesinfo.fr\/gerardmerinfo\/","name":"Gerardmer Info","description":"Toute l&#039;actualit\u00e9 de G\u00e9rardmer","publisher":{"@id":"https:\/\/vosgesinfo.fr\/gerardmerinfo\/#organization"},"alternateName":"Toute l'actualit\u00e9 de G\u00e9rardmer","potentialAction":[{"@type":"SearchAction","target":{"@type":"EntryPoint","urlTemplate":"https:\/\/vosgesinfo.fr\/gerardmerinfo\/?s={search_term_string}"},"query-input":"required name=search_term_string"}],"inLanguage":"fr-FR"},{"@type":"Organization","@id":"https:\/\/vosgesinfo.fr\/gerardmerinfo\/#organization","name":"Gerardmer Info","url":"https:\/\/vosgesinfo.fr\/gerardmerinfo\/","logo":{"@type":"ImageObject","inLanguage":"fr-FR","@id":"https:\/\/vosgesinfo.fr\/gerardmerinfo\/#\/schema\/logo\/image\/","url":"https:\/\/vosgesinfo.fr\/app\/uploads\/sites\/6\/2023\/08\/favicon-gerardmerinfo.png","contentUrl":"https:\/\/vosgesinfo.fr\/app\/uploads\/sites\/6\/2023\/08\/favicon-gerardmerinfo.png","width":512,"height":512,"caption":"Gerardmer Info"},"image":{"@id":"https:\/\/vosgesinfo.fr\/gerardmerinfo\/#\/schema\/logo\/image\/"},"sameAs":["https:\/\/www.facebook.com\/profile.php?id=100049475262660","https:\/\/x.com\/VosgesInfo88","https:\/\/www.youtube.com\/@vosgesinfo"]},{"@type":"Person","@id":"https:\/\/vosgesinfo.fr\/gerardmerinfo\/#\/schema\/person\/db5605779a843dad16b5368f3e7613a5","name":"QG","image":{"@type":"ImageObject","inLanguage":"fr-FR","@id":"https:\/\/vosgesinfo.fr\/gerardmerinfo\/#\/schema\/person\/image\/","url":"https:\/\/secure.gravatar.com\/avatar\/ea80c42c204b534408512832fde52504ecabb9706bcb6151cf6175e5b64e6793?s=96&d=mm&r=g","contentUrl":"https:\/\/secure.gravatar.com\/avatar\/ea80c42c204b534408512832fde52504ecabb9706bcb6151cf6175e5b64e6793?s=96&d=mm&r=g","caption":"QG"},"url":"https:\/\/vosgesinfo.fr\/gerardmerinfo\/author\/quentin88\/"}]}},"_links":{"self":[{"href":"https:\/\/vosgesinfo.fr\/gerardmerinfo\/wp-json\/wp\/v2\/posts\/75096","targetHints":{"allow":["GET"]}}],"collection":[{"href":"https:\/\/vosgesinfo.fr\/gerardmerinfo\/wp-json\/wp\/v2\/posts"}],"about":[{"href":"https:\/\/vosgesinfo.fr\/gerardmerinfo\/wp-json\/wp\/v2\/types\/post"}],"author":[{"embeddable":true,"href":"https:\/\/vosgesinfo.fr\/gerardmerinfo\/wp-json\/wp\/v2\/users\/42"}],"replies":[{"embeddable":true,"href":"https:\/\/vosgesinfo.fr\/gerardmerinfo\/wp-json\/wp\/v2\/comments?post=75096"}],"version-history":[{"count":1,"href":"https:\/\/vosgesinfo.fr\/gerardmerinfo\/wp-json\/wp\/v2\/posts\/75096\/revisions"}],"predecessor-version":[{"id":75099,"href":"https:\/\/vosgesinfo.fr\/gerardmerinfo\/wp-json\/wp\/v2\/posts\/75096\/revisions\/75099"}],"wp:featuredmedia":[{"embeddable":true,"href":"https:\/\/vosgesinfo.fr\/gerardmerinfo\/wp-json\/wp\/v2\/media\/75097"}],"wp:attachment":[{"href":"https:\/\/vosgesinfo.fr\/gerardmerinfo\/wp-json\/wp\/v2\/media?parent=75096"}],"wp:term":[{"taxonomy":"category","embeddable":true,"href":"https:\/\/vosgesinfo.fr\/gerardmerinfo\/wp-json\/wp\/v2\/categories?post=75096"},{"taxonomy":"post_tag","embeddable":true,"href":"https:\/\/vosgesinfo.fr\/gerardmerinfo\/wp-json\/wp\/v2\/tags?post=75096"}],"curies":[{"name":"wp","href":"https:\/\/api.w.org\/{rel}","templated":true}]}}