{"id":75224,"date":"2025-03-11T05:59:45","date_gmt":"2025-03-11T04:59:45","guid":{"rendered":"https:\/\/vosgesinfo.fr\/gerardmerinfo\/?p=75224"},"modified":"2025-03-10T14:25:22","modified_gmt":"2025-03-10T13:25:22","slug":"la-haie-griselle-un-qui-est-ce-autour-des-metiers-consideres-comme-genres","status":"publish","type":"post","link":"https:\/\/vosgesinfo.fr\/gerardmerinfo\/2025\/03\/la-haie-griselle-un-qui-est-ce-autour-des-metiers-consideres-comme-genres\/","title":{"rendered":"La Haie Griselle : un \u00ab\u00a0Qui est-ce\u00a0\u00bb autour des m\u00e9tiers consid\u00e9r\u00e9s comme genr\u00e9s"},"content":{"rendered":"<div id=\"attachment_75257\" style=\"width: 1034px\" class=\"wp-caption aligncenter\"><a href=\"https:\/\/vosgesinfo.fr\/app\/uploads\/sites\/6\/2025\/03\/forum-metiers-genres-la-haie-griselle-gerardmer-1-scaled.jpg\"><img decoding=\"async\" aria-describedby=\"caption-attachment-75257\" class=\"size-large wp-image-75257\" src=\"https:\/\/vosgesinfo.fr\/app\/uploads\/sites\/6\/2025\/03\/forum-metiers-genres-la-haie-griselle-gerardmer-1-1024x768.jpg\" alt=\"\" width=\"1024\" height=\"768\" srcset=\"https:\/\/vosgesinfo.fr\/app\/uploads\/sites\/6\/2025\/03\/forum-metiers-genres-la-haie-griselle-gerardmer-1-1024x768.jpg 1024w, https:\/\/vosgesinfo.fr\/app\/uploads\/sites\/6\/2025\/03\/forum-metiers-genres-la-haie-griselle-gerardmer-1-300x225.jpg 300w, https:\/\/vosgesinfo.fr\/app\/uploads\/sites\/6\/2025\/03\/forum-metiers-genres-la-haie-griselle-gerardmer-1-768x576.jpg 768w, https:\/\/vosgesinfo.fr\/app\/uploads\/sites\/6\/2025\/03\/forum-metiers-genres-la-haie-griselle-gerardmer-1-1536x1152.jpg 1536w, https:\/\/vosgesinfo.fr\/app\/uploads\/sites\/6\/2025\/03\/forum-metiers-genres-la-haie-griselle-gerardmer-1-2048x1536.jpg 2048w\" sizes=\"(max-width: 1024px) 100vw, 1024px\" \/><\/a><p id=\"caption-attachment-75257\" class=\"wp-caption-text\">Les intervenants ont bien voulu se pr\u00eater au jeu de ce forum des m\u00e9tiers un peu sp\u00e9cial.<\/p><\/div>\n<p>&nbsp;<\/p>\n<p data-pm-slice=\"1 1 []\"><strong>Pour la deuxi\u00e8me ann\u00e9e cons\u00e9cutive, un m<\/strong><strong>ini-forum autour des m\u00e9tiers dits \u00ab genr\u00e9s \u00bb \u00e9tait organis\u00e9 au CDI avec une classe de troisi\u00e8me de la Haie Griselle dont les \u00e9l\u00e8ves ont pu \u00e9changer avec des intervenants apr\u00e8s avoir devin\u00e9 quelle \u00e9tait leur profession.<\/strong><\/p>\n<p><a href=\"https:\/\/vosgesinfo.fr\/app\/uploads\/sites\/6\/2025\/03\/forum-metiers-genres-la-haie-griselle-gerardmer-2-scaled.jpg\"><img decoding=\"async\" class=\"alignright size-medium wp-image-75255\" src=\"https:\/\/vosgesinfo.fr\/app\/uploads\/sites\/6\/2025\/03\/forum-metiers-genres-la-haie-griselle-gerardmer-2-300x225.jpg\" alt=\"\" width=\"300\" height=\"225\" srcset=\"https:\/\/vosgesinfo.fr\/app\/uploads\/sites\/6\/2025\/03\/forum-metiers-genres-la-haie-griselle-gerardmer-2-300x225.jpg 300w, https:\/\/vosgesinfo.fr\/app\/uploads\/sites\/6\/2025\/03\/forum-metiers-genres-la-haie-griselle-gerardmer-2-1024x768.jpg 1024w, https:\/\/vosgesinfo.fr\/app\/uploads\/sites\/6\/2025\/03\/forum-metiers-genres-la-haie-griselle-gerardmer-2-768x576.jpg 768w, https:\/\/vosgesinfo.fr\/app\/uploads\/sites\/6\/2025\/03\/forum-metiers-genres-la-haie-griselle-gerardmer-2-1536x1152.jpg 1536w, https:\/\/vosgesinfo.fr\/app\/uploads\/sites\/6\/2025\/03\/forum-metiers-genres-la-haie-griselle-gerardmer-2-2048x1536.jpg 2048w\" sizes=\"(max-width: 300px) 100vw, 300px\" \/><\/a>Ce nouveau temps fort s&rsquo;inscrivait dans le cadre du projet interdisciplinaire et annuel de la classe de 3\u1d49 4 propos\u00e9 par trois enseignants : Mme Duflos, professeur de lettres, M. Scharinger, professeur d\u2019histoire-g\u00e9ographie et Mme Rudatis, professeur documentaliste. Tout au long de l&rsquo;ann\u00e9e scolaire, les \u00e9l\u00e8ves ont effectu\u00e9 un travail sur la place de la femme dans la soci\u00e9t\u00e9 et ont notamment r\u00e9alis\u00e9 des portraits de femmes fortes, sous forme d\u2019affiches expos\u00e9es au CDI \u00e0 l\u2019occasion de la Journ\u00e9e internationale des droits de la femme. On pouvait ainsi retrouver, sans \u00eatre exhaustif, des cr\u00e9ations d\u00e9di\u00e9es \u00e0 Jos\u00e9phine Baker, Colette, Anne Franck, Malala Yousafzai (militante pakistanaise) ou encore la footballeuse Megan Rapinoe.<\/p>\n<p><a href=\"https:\/\/vosgesinfo.fr\/app\/uploads\/sites\/6\/2025\/03\/forum-metiers-genres-la-haie-griselle-gerardmer-3-scaled.jpg\"><img decoding=\"async\" class=\"alignright size-medium wp-image-75256\" src=\"https:\/\/vosgesinfo.fr\/app\/uploads\/sites\/6\/2025\/03\/forum-metiers-genres-la-haie-griselle-gerardmer-3-300x225.jpg\" alt=\"\" width=\"300\" height=\"225\" srcset=\"https:\/\/vosgesinfo.fr\/app\/uploads\/sites\/6\/2025\/03\/forum-metiers-genres-la-haie-griselle-gerardmer-3-300x225.jpg 300w, https:\/\/vosgesinfo.fr\/app\/uploads\/sites\/6\/2025\/03\/forum-metiers-genres-la-haie-griselle-gerardmer-3-1024x768.jpg 1024w, https:\/\/vosgesinfo.fr\/app\/uploads\/sites\/6\/2025\/03\/forum-metiers-genres-la-haie-griselle-gerardmer-3-768x576.jpg 768w, https:\/\/vosgesinfo.fr\/app\/uploads\/sites\/6\/2025\/03\/forum-metiers-genres-la-haie-griselle-gerardmer-3-1536x1152.jpg 1536w, https:\/\/vosgesinfo.fr\/app\/uploads\/sites\/6\/2025\/03\/forum-metiers-genres-la-haie-griselle-gerardmer-3-2048x1536.jpg 2048w\" sizes=\"(max-width: 300px) 100vw, 300px\" \/><\/a>En guise de temps fort, comme l&rsquo;an dernier, les coll\u00e9giens concern\u00e9s ont particip\u00e9 \u00e0 un mini-forum autour des m\u00e9tiers dits \u00ab genr\u00e9s \u00bb. Il y avait cependant une petite subtilit\u00e9, et pas des moindres : la th\u00e9matique \u00ab\u00a0surprise\u00a0\u00bb n&rsquo;\u00e9tait pas d\u00e9voil\u00e9e aux \u00e9l\u00e8ves en amont afin de mettre en place un jeu destin\u00e9 \u00e0 d\u00e9terminer quelle profession exer\u00e7ait chaque intervenant. face aux jeunes, on retrouvait ainsi Lou Perrin, menuisi\u00e8re \u00e0 Cornimont ; Lisa Horn qui travaille au bureau d&rsquo;\u00e9tude de Gerbois ; Bastien Didierlaurent, infirmier lib\u00e9ral ; Mellina Boras, \u00e9lectricienne sur le secteur de Munster ; Romain Valdenaire, fleuriste \u00e0 Vagney ; Lauren Bermond et Ang\u00e9lique Gigoux, anciennes conductrices routi\u00e8res d\u00e9sormais enseignantes en conduite routi\u00e8re ; et Jean-Luc G\u00e9hin, assistant social en psychiatrie. Suite \u00e0 ce jeu, les professionnels ont livr\u00e9 plusieurs t\u00e9moignages et se sont fait un plaisir de r\u00e9pondre aux questions des \u00e9l\u00e8ves, manifestement tr\u00e8s int\u00e9ress\u00e9s par les diff\u00e9rents univers et m\u00e9tiers de chaque invit\u00e9. De quoi faire na\u00eetre des vocations et faire tomber des id\u00e9es re\u00e7ues&#8230;<\/p>\n","protected":false},"excerpt":{"rendered":"<p>&nbsp; Pour la deuxi\u00e8me ann\u00e9e cons\u00e9cutive, un mini-forum autour des m\u00e9tiers dits \u00ab genr\u00e9s \u00bb \u00e9tait organis\u00e9 au CDI avec [&hellip;]<\/p>\n","protected":false},"author":42,"featured_media":75255,"comment_status":"open","ping_status":"open","sticky":false,"template":"","format":"standard","meta":{"footnotes":""},"categories":[20,6,5647,13],"tags":[5641,924],"class_list":["post-75224","post","type-post","status-publish","format-standard","has-post-thumbnail","hentry","category-a-la-une","category-education","category-gerardmer-autres-sites","category-societe","tag-la-haie-griselle","tag-metiers-genres"],"acf":[],"yoast_head":"<!-- This site is optimized with the Yoast SEO plugin v22.5 - https:\/\/yoast.com\/wordpress\/plugins\/seo\/ -->\n<title>La Haie Griselle : un &quot;Qui est-ce&quot; autour des m\u00e9tiers consid\u00e9r\u00e9s comme genr\u00e9s - Gerardmer Info<\/title>\n<meta name=\"robots\" content=\"index, follow, max-snippet:-1, max-image-preview:large, max-video-preview:-1\" \/>\n<link rel=\"canonical\" href=\"https:\/\/vosgesinfo.fr\/gerardmerinfo\/2025\/03\/la-haie-griselle-un-qui-est-ce-autour-des-metiers-consideres-comme-genres\/\" \/>\n<meta name=\"twitter:card\" content=\"summary_large_image\" \/>\n<meta name=\"twitter:title\" content=\"La Haie Griselle : un &quot;Qui est-ce&quot; autour des m\u00e9tiers consid\u00e9r\u00e9s comme genr\u00e9s - Gerardmer Info\" \/>\n<meta name=\"twitter:description\" content=\"&nbsp; Pour la deuxi\u00e8me ann\u00e9e cons\u00e9cutive, un mini-forum autour des m\u00e9tiers dits \u00ab genr\u00e9s \u00bb \u00e9tait organis\u00e9 au CDI avec [&hellip;]\" \/>\n<meta name=\"twitter:image\" content=\"https:\/\/vosgesinfo.fr\/app\/uploads\/sites\/6\/2025\/03\/forum-metiers-genres-la-haie-griselle-gerardmer-2-scaled.jpg\" \/>\n<meta name=\"twitter:creator\" content=\"@VosgesInfo88\" \/>\n<meta name=\"twitter:site\" content=\"@VosgesInfo88\" \/>\n<meta name=\"twitter:label1\" content=\"\u00c9crit par\" \/>\n\t<meta name=\"twitter:data1\" content=\"QG\" \/>\n\t<meta name=\"twitter:label2\" content=\"Dur\u00e9e de lecture estim\u00e9e\" \/>\n\t<meta name=\"twitter:data2\" content=\"1 minute\" \/>\n<script type=\"application\/ld+json\" class=\"yoast-schema-graph\">{\"@context\":\"https:\/\/schema.org\",\"@graph\":[{\"@type\":\"Article\",\"@id\":\"https:\/\/vosgesinfo.fr\/gerardmerinfo\/2025\/03\/la-haie-griselle-un-qui-est-ce-autour-des-metiers-consideres-comme-genres\/#article\",\"isPartOf\":{\"@id\":\"https:\/\/vosgesinfo.fr\/gerardmerinfo\/2025\/03\/la-haie-griselle-un-qui-est-ce-autour-des-metiers-consideres-comme-genres\/\"},\"author\":{\"name\":\"QG\",\"@id\":\"https:\/\/vosgesinfo.fr\/gerardmerinfo\/#\/schema\/person\/db5605779a843dad16b5368f3e7613a5\"},\"headline\":\"La Haie Griselle : un \u00ab\u00a0Qui est-ce\u00a0\u00bb autour des m\u00e9tiers consid\u00e9r\u00e9s comme genr\u00e9s\",\"datePublished\":\"2025-03-11T04:59:45+00:00\",\"dateModified\":\"2025-03-10T13:25:22+00:00\",\"mainEntityOfPage\":{\"@id\":\"https:\/\/vosgesinfo.fr\/gerardmerinfo\/2025\/03\/la-haie-griselle-un-qui-est-ce-autour-des-metiers-consideres-comme-genres\/\"},\"wordCount\":402,\"commentCount\":0,\"publisher\":{\"@id\":\"https:\/\/vosgesinfo.fr\/gerardmerinfo\/#organization\"},\"image\":{\"@id\":\"https:\/\/vosgesinfo.fr\/gerardmerinfo\/2025\/03\/la-haie-griselle-un-qui-est-ce-autour-des-metiers-consideres-comme-genres\/#primaryimage\"},\"thumbnailUrl\":\"https:\/\/vosgesinfo.fr\/app\/uploads\/sites\/6\/2025\/03\/forum-metiers-genres-la-haie-griselle-gerardmer-2-scaled.jpg\",\"keywords\":[\"La Haie Griselle\",\"m\u00e9tiers genr\u00e9s\"],\"articleSection\":[\"A la une\",\"\u00c9ducation\",\"Gerardmer\",\"Soci\u00e9t\u00e9\"],\"inLanguage\":\"fr-FR\",\"potentialAction\":[{\"@type\":\"CommentAction\",\"name\":\"Comment\",\"target\":[\"https:\/\/vosgesinfo.fr\/gerardmerinfo\/2025\/03\/la-haie-griselle-un-qui-est-ce-autour-des-metiers-consideres-comme-genres\/#respond\"]}]},{\"@type\":\"WebPage\",\"@id\":\"https:\/\/vosgesinfo.fr\/gerardmerinfo\/2025\/03\/la-haie-griselle-un-qui-est-ce-autour-des-metiers-consideres-comme-genres\/\",\"url\":\"https:\/\/vosgesinfo.fr\/gerardmerinfo\/2025\/03\/la-haie-griselle-un-qui-est-ce-autour-des-metiers-consideres-comme-genres\/\",\"name\":\"La Haie Griselle : un \\\"Qui est-ce\\\" autour des m\u00e9tiers consid\u00e9r\u00e9s comme genr\u00e9s - Gerardmer Info\",\"isPartOf\":{\"@id\":\"https:\/\/vosgesinfo.fr\/gerardmerinfo\/#website\"},\"primaryImageOfPage\":{\"@id\":\"https:\/\/vosgesinfo.fr\/gerardmerinfo\/2025\/03\/la-haie-griselle-un-qui-est-ce-autour-des-metiers-consideres-comme-genres\/#primaryimage\"},\"image\":{\"@id\":\"https:\/\/vosgesinfo.fr\/gerardmerinfo\/2025\/03\/la-haie-griselle-un-qui-est-ce-autour-des-metiers-consideres-comme-genres\/#primaryimage\"},\"thumbnailUrl\":\"https:\/\/vosgesinfo.fr\/app\/uploads\/sites\/6\/2025\/03\/forum-metiers-genres-la-haie-griselle-gerardmer-2-scaled.jpg\",\"datePublished\":\"2025-03-11T04:59:45+00:00\",\"dateModified\":\"2025-03-10T13:25:22+00:00\",\"breadcrumb\":{\"@id\":\"https:\/\/vosgesinfo.fr\/gerardmerinfo\/2025\/03\/la-haie-griselle-un-qui-est-ce-autour-des-metiers-consideres-comme-genres\/#breadcrumb\"},\"inLanguage\":\"fr-FR\",\"potentialAction\":[{\"@type\":\"ReadAction\",\"target\":[\"https:\/\/vosgesinfo.fr\/gerardmerinfo\/2025\/03\/la-haie-griselle-un-qui-est-ce-autour-des-metiers-consideres-comme-genres\/\"]}]},{\"@type\":\"ImageObject\",\"inLanguage\":\"fr-FR\",\"@id\":\"https:\/\/vosgesinfo.fr\/gerardmerinfo\/2025\/03\/la-haie-griselle-un-qui-est-ce-autour-des-metiers-consideres-comme-genres\/#primaryimage\",\"url\":\"https:\/\/vosgesinfo.fr\/app\/uploads\/sites\/6\/2025\/03\/forum-metiers-genres-la-haie-griselle-gerardmer-2-scaled.jpg\",\"contentUrl\":\"https:\/\/vosgesinfo.fr\/app\/uploads\/sites\/6\/2025\/03\/forum-metiers-genres-la-haie-griselle-gerardmer-2-scaled.jpg\",\"width\":2560,\"height\":1920},{\"@type\":\"BreadcrumbList\",\"@id\":\"https:\/\/vosgesinfo.fr\/gerardmerinfo\/2025\/03\/la-haie-griselle-un-qui-est-ce-autour-des-metiers-consideres-comme-genres\/#breadcrumb\",\"itemListElement\":[{\"@type\":\"ListItem\",\"position\":1,\"name\":\"Home\",\"item\":\"https:\/\/vosgesinfo.fr\/gerardmerinfo\/\"},{\"@type\":\"ListItem\",\"position\":2,\"name\":\"La Haie Griselle : un \u00ab\u00a0Qui est-ce\u00a0\u00bb autour des m\u00e9tiers consid\u00e9r\u00e9s comme genr\u00e9s\"}]},{\"@type\":\"WebSite\",\"@id\":\"https:\/\/vosgesinfo.fr\/gerardmerinfo\/#website\",\"url\":\"https:\/\/vosgesinfo.fr\/gerardmerinfo\/\",\"name\":\"Gerardmer Info\",\"description\":\"Toute l&#039;actualit\u00e9 de G\u00e9rardmer\",\"publisher\":{\"@id\":\"https:\/\/vosgesinfo.fr\/gerardmerinfo\/#organization\"},\"alternateName\":\"Toute l'actualit\u00e9 de G\u00e9rardmer\",\"potentialAction\":[{\"@type\":\"SearchAction\",\"target\":{\"@type\":\"EntryPoint\",\"urlTemplate\":\"https:\/\/vosgesinfo.fr\/gerardmerinfo\/?s={search_term_string}\"},\"query-input\":\"required name=search_term_string\"}],\"inLanguage\":\"fr-FR\"},{\"@type\":\"Organization\",\"@id\":\"https:\/\/vosgesinfo.fr\/gerardmerinfo\/#organization\",\"name\":\"Gerardmer Info\",\"url\":\"https:\/\/vosgesinfo.fr\/gerardmerinfo\/\",\"logo\":{\"@type\":\"ImageObject\",\"inLanguage\":\"fr-FR\",\"@id\":\"https:\/\/vosgesinfo.fr\/gerardmerinfo\/#\/schema\/logo\/image\/\",\"url\":\"https:\/\/vosgesinfo.fr\/app\/uploads\/sites\/6\/2023\/08\/favicon-gerardmerinfo.png\",\"contentUrl\":\"https:\/\/vosgesinfo.fr\/app\/uploads\/sites\/6\/2023\/08\/favicon-gerardmerinfo.png\",\"width\":512,\"height\":512,\"caption\":\"Gerardmer Info\"},\"image\":{\"@id\":\"https:\/\/vosgesinfo.fr\/gerardmerinfo\/#\/schema\/logo\/image\/\"},\"sameAs\":[\"https:\/\/www.facebook.com\/profile.php?id=100049475262660\",\"https:\/\/x.com\/VosgesInfo88\",\"https:\/\/www.youtube.com\/@vosgesinfo\"]},{\"@type\":\"Person\",\"@id\":\"https:\/\/vosgesinfo.fr\/gerardmerinfo\/#\/schema\/person\/db5605779a843dad16b5368f3e7613a5\",\"name\":\"QG\",\"image\":{\"@type\":\"ImageObject\",\"inLanguage\":\"fr-FR\",\"@id\":\"https:\/\/vosgesinfo.fr\/gerardmerinfo\/#\/schema\/person\/image\/\",\"url\":\"https:\/\/secure.gravatar.com\/avatar\/ea80c42c204b534408512832fde52504ecabb9706bcb6151cf6175e5b64e6793?s=96&d=mm&r=g\",\"contentUrl\":\"https:\/\/secure.gravatar.com\/avatar\/ea80c42c204b534408512832fde52504ecabb9706bcb6151cf6175e5b64e6793?s=96&d=mm&r=g\",\"caption\":\"QG\"},\"url\":\"https:\/\/vosgesinfo.fr\/gerardmerinfo\/author\/quentin88\/\"}]}<\/script>\n<!-- \/ Yoast SEO plugin. -->","yoast_head_json":{"title":"La Haie Griselle : un \"Qui est-ce\" autour des m\u00e9tiers consid\u00e9r\u00e9s comme genr\u00e9s - Gerardmer Info","robots":{"index":"index","follow":"follow","max-snippet":"max-snippet:-1","max-image-preview":"max-image-preview:large","max-video-preview":"max-video-preview:-1"},"canonical":"https:\/\/vosgesinfo.fr\/gerardmerinfo\/2025\/03\/la-haie-griselle-un-qui-est-ce-autour-des-metiers-consideres-comme-genres\/","twitter_card":"summary_large_image","twitter_title":"La Haie Griselle : un \"Qui est-ce\" autour des m\u00e9tiers consid\u00e9r\u00e9s comme genr\u00e9s - Gerardmer Info","twitter_description":"&nbsp; Pour la deuxi\u00e8me ann\u00e9e cons\u00e9cutive, un mini-forum autour des m\u00e9tiers dits \u00ab genr\u00e9s \u00bb \u00e9tait organis\u00e9 au CDI avec [&hellip;]","twitter_image":"https:\/\/vosgesinfo.fr\/app\/uploads\/sites\/6\/2025\/03\/forum-metiers-genres-la-haie-griselle-gerardmer-2-scaled.jpg","twitter_creator":"@VosgesInfo88","twitter_site":"@VosgesInfo88","twitter_misc":{"\u00c9crit par":"QG","Dur\u00e9e de lecture estim\u00e9e":"1 minute"},"schema":{"@context":"https:\/\/schema.org","@graph":[{"@type":"Article","@id":"https:\/\/vosgesinfo.fr\/gerardmerinfo\/2025\/03\/la-haie-griselle-un-qui-est-ce-autour-des-metiers-consideres-comme-genres\/#article","isPartOf":{"@id":"https:\/\/vosgesinfo.fr\/gerardmerinfo\/2025\/03\/la-haie-griselle-un-qui-est-ce-autour-des-metiers-consideres-comme-genres\/"},"author":{"name":"QG","@id":"https:\/\/vosgesinfo.fr\/gerardmerinfo\/#\/schema\/person\/db5605779a843dad16b5368f3e7613a5"},"headline":"La Haie Griselle : un \u00ab\u00a0Qui est-ce\u00a0\u00bb autour des m\u00e9tiers consid\u00e9r\u00e9s comme genr\u00e9s","datePublished":"2025-03-11T04:59:45+00:00","dateModified":"2025-03-10T13:25:22+00:00","mainEntityOfPage":{"@id":"https:\/\/vosgesinfo.fr\/gerardmerinfo\/2025\/03\/la-haie-griselle-un-qui-est-ce-autour-des-metiers-consideres-comme-genres\/"},"wordCount":402,"commentCount":0,"publisher":{"@id":"https:\/\/vosgesinfo.fr\/gerardmerinfo\/#organization"},"image":{"@id":"https:\/\/vosgesinfo.fr\/gerardmerinfo\/2025\/03\/la-haie-griselle-un-qui-est-ce-autour-des-metiers-consideres-comme-genres\/#primaryimage"},"thumbnailUrl":"https:\/\/vosgesinfo.fr\/app\/uploads\/sites\/6\/2025\/03\/forum-metiers-genres-la-haie-griselle-gerardmer-2-scaled.jpg","keywords":["La Haie Griselle","m\u00e9tiers genr\u00e9s"],"articleSection":["A la une","\u00c9ducation","Gerardmer","Soci\u00e9t\u00e9"],"inLanguage":"fr-FR","potentialAction":[{"@type":"CommentAction","name":"Comment","target":["https:\/\/vosgesinfo.fr\/gerardmerinfo\/2025\/03\/la-haie-griselle-un-qui-est-ce-autour-des-metiers-consideres-comme-genres\/#respond"]}]},{"@type":"WebPage","@id":"https:\/\/vosgesinfo.fr\/gerardmerinfo\/2025\/03\/la-haie-griselle-un-qui-est-ce-autour-des-metiers-consideres-comme-genres\/","url":"https:\/\/vosgesinfo.fr\/gerardmerinfo\/2025\/03\/la-haie-griselle-un-qui-est-ce-autour-des-metiers-consideres-comme-genres\/","name":"La Haie Griselle : un \"Qui est-ce\" autour des m\u00e9tiers consid\u00e9r\u00e9s comme genr\u00e9s - Gerardmer Info","isPartOf":{"@id":"https:\/\/vosgesinfo.fr\/gerardmerinfo\/#website"},"primaryImageOfPage":{"@id":"https:\/\/vosgesinfo.fr\/gerardmerinfo\/2025\/03\/la-haie-griselle-un-qui-est-ce-autour-des-metiers-consideres-comme-genres\/#primaryimage"},"image":{"@id":"https:\/\/vosgesinfo.fr\/gerardmerinfo\/2025\/03\/la-haie-griselle-un-qui-est-ce-autour-des-metiers-consideres-comme-genres\/#primaryimage"},"thumbnailUrl":"https:\/\/vosgesinfo.fr\/app\/uploads\/sites\/6\/2025\/03\/forum-metiers-genres-la-haie-griselle-gerardmer-2-scaled.jpg","datePublished":"2025-03-11T04:59:45+00:00","dateModified":"2025-03-10T13:25:22+00:00","breadcrumb":{"@id":"https:\/\/vosgesinfo.fr\/gerardmerinfo\/2025\/03\/la-haie-griselle-un-qui-est-ce-autour-des-metiers-consideres-comme-genres\/#breadcrumb"},"inLanguage":"fr-FR","potentialAction":[{"@type":"ReadAction","target":["https:\/\/vosgesinfo.fr\/gerardmerinfo\/2025\/03\/la-haie-griselle-un-qui-est-ce-autour-des-metiers-consideres-comme-genres\/"]}]},{"@type":"ImageObject","inLanguage":"fr-FR","@id":"https:\/\/vosgesinfo.fr\/gerardmerinfo\/2025\/03\/la-haie-griselle-un-qui-est-ce-autour-des-metiers-consideres-comme-genres\/#primaryimage","url":"https:\/\/vosgesinfo.fr\/app\/uploads\/sites\/6\/2025\/03\/forum-metiers-genres-la-haie-griselle-gerardmer-2-scaled.jpg","contentUrl":"https:\/\/vosgesinfo.fr\/app\/uploads\/sites\/6\/2025\/03\/forum-metiers-genres-la-haie-griselle-gerardmer-2-scaled.jpg","width":2560,"height":1920},{"@type":"BreadcrumbList","@id":"https:\/\/vosgesinfo.fr\/gerardmerinfo\/2025\/03\/la-haie-griselle-un-qui-est-ce-autour-des-metiers-consideres-comme-genres\/#breadcrumb","itemListElement":[{"@type":"ListItem","position":1,"name":"Home","item":"https:\/\/vosgesinfo.fr\/gerardmerinfo\/"},{"@type":"ListItem","position":2,"name":"La Haie Griselle : un \u00ab\u00a0Qui est-ce\u00a0\u00bb autour des m\u00e9tiers consid\u00e9r\u00e9s comme genr\u00e9s"}]},{"@type":"WebSite","@id":"https:\/\/vosgesinfo.fr\/gerardmerinfo\/#website","url":"https:\/\/vosgesinfo.fr\/gerardmerinfo\/","name":"Gerardmer Info","description":"Toute l&#039;actualit\u00e9 de G\u00e9rardmer","publisher":{"@id":"https:\/\/vosgesinfo.fr\/gerardmerinfo\/#organization"},"alternateName":"Toute l'actualit\u00e9 de G\u00e9rardmer","potentialAction":[{"@type":"SearchAction","target":{"@type":"EntryPoint","urlTemplate":"https:\/\/vosgesinfo.fr\/gerardmerinfo\/?s={search_term_string}"},"query-input":"required name=search_term_string"}],"inLanguage":"fr-FR"},{"@type":"Organization","@id":"https:\/\/vosgesinfo.fr\/gerardmerinfo\/#organization","name":"Gerardmer Info","url":"https:\/\/vosgesinfo.fr\/gerardmerinfo\/","logo":{"@type":"ImageObject","inLanguage":"fr-FR","@id":"https:\/\/vosgesinfo.fr\/gerardmerinfo\/#\/schema\/logo\/image\/","url":"https:\/\/vosgesinfo.fr\/app\/uploads\/sites\/6\/2023\/08\/favicon-gerardmerinfo.png","contentUrl":"https:\/\/vosgesinfo.fr\/app\/uploads\/sites\/6\/2023\/08\/favicon-gerardmerinfo.png","width":512,"height":512,"caption":"Gerardmer Info"},"image":{"@id":"https:\/\/vosgesinfo.fr\/gerardmerinfo\/#\/schema\/logo\/image\/"},"sameAs":["https:\/\/www.facebook.com\/profile.php?id=100049475262660","https:\/\/x.com\/VosgesInfo88","https:\/\/www.youtube.com\/@vosgesinfo"]},{"@type":"Person","@id":"https:\/\/vosgesinfo.fr\/gerardmerinfo\/#\/schema\/person\/db5605779a843dad16b5368f3e7613a5","name":"QG","image":{"@type":"ImageObject","inLanguage":"fr-FR","@id":"https:\/\/vosgesinfo.fr\/gerardmerinfo\/#\/schema\/person\/image\/","url":"https:\/\/secure.gravatar.com\/avatar\/ea80c42c204b534408512832fde52504ecabb9706bcb6151cf6175e5b64e6793?s=96&d=mm&r=g","contentUrl":"https:\/\/secure.gravatar.com\/avatar\/ea80c42c204b534408512832fde52504ecabb9706bcb6151cf6175e5b64e6793?s=96&d=mm&r=g","caption":"QG"},"url":"https:\/\/vosgesinfo.fr\/gerardmerinfo\/author\/quentin88\/"}]}},"_links":{"self":[{"href":"https:\/\/vosgesinfo.fr\/gerardmerinfo\/wp-json\/wp\/v2\/posts\/75224","targetHints":{"allow":["GET"]}}],"collection":[{"href":"https:\/\/vosgesinfo.fr\/gerardmerinfo\/wp-json\/wp\/v2\/posts"}],"about":[{"href":"https:\/\/vosgesinfo.fr\/gerardmerinfo\/wp-json\/wp\/v2\/types\/post"}],"author":[{"embeddable":true,"href":"https:\/\/vosgesinfo.fr\/gerardmerinfo\/wp-json\/wp\/v2\/users\/42"}],"replies":[{"embeddable":true,"href":"https:\/\/vosgesinfo.fr\/gerardmerinfo\/wp-json\/wp\/v2\/comments?post=75224"}],"version-history":[{"count":3,"href":"https:\/\/vosgesinfo.fr\/gerardmerinfo\/wp-json\/wp\/v2\/posts\/75224\/revisions"}],"predecessor-version":[{"id":75258,"href":"https:\/\/vosgesinfo.fr\/gerardmerinfo\/wp-json\/wp\/v2\/posts\/75224\/revisions\/75258"}],"wp:featuredmedia":[{"embeddable":true,"href":"https:\/\/vosgesinfo.fr\/gerardmerinfo\/wp-json\/wp\/v2\/media\/75255"}],"wp:attachment":[{"href":"https:\/\/vosgesinfo.fr\/gerardmerinfo\/wp-json\/wp\/v2\/media?parent=75224"}],"wp:term":[{"taxonomy":"category","embeddable":true,"href":"https:\/\/vosgesinfo.fr\/gerardmerinfo\/wp-json\/wp\/v2\/categories?post=75224"},{"taxonomy":"post_tag","embeddable":true,"href":"https:\/\/vosgesinfo.fr\/gerardmerinfo\/wp-json\/wp\/v2\/tags?post=75224"}],"curies":[{"name":"wp","href":"https:\/\/api.w.org\/{rel}","templated":true}]}}