{"id":75236,"date":"2025-03-10T10:30:36","date_gmt":"2025-03-10T09:30:36","guid":{"rendered":"https:\/\/vosgesinfo.fr\/gerardmerinfo\/?p=75236"},"modified":"2025-03-10T10:30:36","modified_gmt":"2025-03-10T09:30:36","slug":"lassociation-les-gens-de-xoulces-propose-un-voyage-a-stuttgart-pour-la-fete-de-la-biere","status":"publish","type":"post","link":"https:\/\/vosgesinfo.fr\/gerardmerinfo\/2025\/03\/lassociation-les-gens-de-xoulces-propose-un-voyage-a-stuttgart-pour-la-fete-de-la-biere\/","title":{"rendered":"L&rsquo;association \u00ab\u00a0Les Gens de Xoulces\u00a0\u00bb propose un voyage \u00e0 Stuttgart pour la f\u00eate de la bi\u00e8re"},"content":{"rendered":"<p><strong>L&rsquo;association Les Gens de Xoulces propose un voyage \u00e0 Stuttgart \u00e0 l&rsquo;occasion de La F\u00eate de la Bi\u00e8re, du samedi 11 octobre au dimanche 12 octobre 2025. Les places sont au tarif de 284 \u20ac par personne, comprenant le trajet en autocar, le logement en chambre double dans un h\u00f4tel 4 \u00e9toiles avec petit-d\u00e9jeuner buffet, la r\u00e9servation d&rsquo;une place assise sous chapiteau au festival de la bi\u00e8re de Stuttgart avec un bon de 55 \u20ac de consommation par personne, l&rsquo;entr\u00e9e au mus\u00e9e Mercedes Benz et le d\u00e9jeuner dans un restaurant. Retrouvez toutes les informations et le programme ci-dessous :\u00a0<\/strong><\/p>\n<p>&nbsp;<\/p>\n\n\t\t<style type=\"text\/css\">\n\t\t\t#gallery-1 {\n\t\t\t\tmargin: auto;\n\t\t\t}\n\t\t\t#gallery-1 .gallery-item {\n\t\t\t\tfloat: left;\n\t\t\t\tmargin-top: 10px;\n\t\t\t\ttext-align: center;\n\t\t\t\twidth: 33%;\n\t\t\t}\n\t\t\t#gallery-1 img {\n\t\t\t\tborder: 2px solid #cfcfcf;\n\t\t\t}\n\t\t\t#gallery-1 .gallery-caption {\n\t\t\t\tmargin-left: 0;\n\t\t\t}\n\t\t\t\/* see gallery_shortcode() in wp-includes\/media.php *\/\n\t\t<\/style>\n\t\t<div id='gallery-1' class='gallery galleryid-75236 gallery-columns-3 gallery-size-thumbnail'><dl class='gallery-item'>\n\t\t\t<dt class='gallery-icon portrait'>\n\t\t\t\t<a href='https:\/\/vosgesinfo.fr\/app\/uploads\/sites\/6\/2025\/03\/voyage-stuttgart-09-03-page-0001.jpg'><img decoding=\"async\" width=\"150\" height=\"150\" src=\"https:\/\/vosgesinfo.fr\/app\/uploads\/sites\/6\/2025\/03\/voyage-stuttgart-09-03-page-0001-150x150.jpg\" class=\"attachment-thumbnail size-thumbnail\" alt=\"\" \/><\/a>\n\t\t\t<\/dt><\/dl><dl class='gallery-item'>\n\t\t\t<dt class='gallery-icon portrait'>\n\t\t\t\t<a href='https:\/\/vosgesinfo.fr\/app\/uploads\/sites\/6\/2025\/03\/voyage-stuttgart-09-03-page-0002.jpg'><img decoding=\"async\" width=\"150\" height=\"150\" src=\"https:\/\/vosgesinfo.fr\/app\/uploads\/sites\/6\/2025\/03\/voyage-stuttgart-09-03-page-0002-150x150.jpg\" class=\"attachment-thumbnail size-thumbnail\" alt=\"\" \/><\/a>\n\t\t\t<\/dt><\/dl>\n\t\t\t<br style='clear: both' \/>\n\t\t<\/div>\n\n","protected":false},"excerpt":{"rendered":"<p>L&rsquo;association Les Gens de Xoulces propose un voyage \u00e0 Stuttgart \u00e0 l&rsquo;occasion de La F\u00eate de la Bi\u00e8re, du samedi [&hellip;]<\/p>\n","protected":false},"author":391,"featured_media":75237,"comment_status":"open","ping_status":"open","sticky":false,"template":"","format":"standard","meta":{"footnotes":""},"categories":[20,5668,5989,25],"tags":[6859,6860],"class_list":["post-75236","post","type-post","status-publish","format-standard","has-post-thumbnail","hentry","category-a-la-une","category-agenda","category-cornimont","category-gerardmer","tag-association-les-gens-de-xoulces","tag-festival-de-la-biere-stuttgart"],"acf":[],"yoast_head":"<!-- This site is optimized with the Yoast SEO plugin v22.5 - https:\/\/yoast.com\/wordpress\/plugins\/seo\/ -->\n<title>L&#039;association &quot;Les Gens de Xoulces&quot; propose un voyage \u00e0 Stuttgart pour la f\u00eate de la bi\u00e8re - Gerardmer Info<\/title>\n<meta name=\"robots\" content=\"index, follow, max-snippet:-1, max-image-preview:large, max-video-preview:-1\" \/>\n<link rel=\"canonical\" href=\"https:\/\/vosgesinfo.fr\/gerardmerinfo\/2025\/03\/lassociation-les-gens-de-xoulces-propose-un-voyage-a-stuttgart-pour-la-fete-de-la-biere\/\" \/>\n<meta name=\"twitter:card\" content=\"summary_large_image\" \/>\n<meta name=\"twitter:title\" content=\"L&#039;association &quot;Les Gens de Xoulces&quot; propose un voyage \u00e0 Stuttgart pour la f\u00eate de la bi\u00e8re - Gerardmer Info\" \/>\n<meta name=\"twitter:description\" content=\"L&rsquo;association Les Gens de Xoulces propose un voyage \u00e0 Stuttgart \u00e0 l&rsquo;occasion de La F\u00eate de la Bi\u00e8re, du samedi [&hellip;]\" \/>\n<meta name=\"twitter:image\" content=\"https:\/\/vosgesinfo.fr\/app\/uploads\/sites\/6\/2025\/03\/voyage-stuttgart-09-03-page-0001-1.jpg\" \/>\n<meta name=\"twitter:creator\" content=\"@VosgesInfo88\" \/>\n<meta name=\"twitter:site\" content=\"@VosgesInfo88\" \/>\n<meta name=\"twitter:label1\" content=\"\u00c9crit par\" \/>\n\t<meta name=\"twitter:data1\" content=\"La redaction\" \/>\n\t<meta name=\"twitter:label2\" content=\"Dur\u00e9e de lecture estim\u00e9e\" \/>\n\t<meta name=\"twitter:data2\" content=\"1 minute\" \/>\n<script type=\"application\/ld+json\" class=\"yoast-schema-graph\">{\"@context\":\"https:\/\/schema.org\",\"@graph\":[{\"@type\":\"Article\",\"@id\":\"https:\/\/vosgesinfo.fr\/gerardmerinfo\/2025\/03\/lassociation-les-gens-de-xoulces-propose-un-voyage-a-stuttgart-pour-la-fete-de-la-biere\/#article\",\"isPartOf\":{\"@id\":\"https:\/\/vosgesinfo.fr\/gerardmerinfo\/2025\/03\/lassociation-les-gens-de-xoulces-propose-un-voyage-a-stuttgart-pour-la-fete-de-la-biere\/\"},\"author\":{\"name\":\"La redaction\",\"@id\":\"https:\/\/vosgesinfo.fr\/gerardmerinfo\/#\/schema\/person\/27a3695b06db98895b354c0765cdfc31\"},\"headline\":\"L&rsquo;association \u00ab\u00a0Les Gens de Xoulces\u00a0\u00bb propose un voyage \u00e0 Stuttgart pour la f\u00eate de la bi\u00e8re\",\"datePublished\":\"2025-03-10T09:30:36+00:00\",\"dateModified\":\"2025-03-10T09:30:36+00:00\",\"mainEntityOfPage\":{\"@id\":\"https:\/\/vosgesinfo.fr\/gerardmerinfo\/2025\/03\/lassociation-les-gens-de-xoulces-propose-un-voyage-a-stuttgart-pour-la-fete-de-la-biere\/\"},\"wordCount\":124,\"commentCount\":0,\"publisher\":{\"@id\":\"https:\/\/vosgesinfo.fr\/gerardmerinfo\/#organization\"},\"image\":{\"@id\":\"https:\/\/vosgesinfo.fr\/gerardmerinfo\/2025\/03\/lassociation-les-gens-de-xoulces-propose-un-voyage-a-stuttgart-pour-la-fete-de-la-biere\/#primaryimage\"},\"thumbnailUrl\":\"https:\/\/vosgesinfo.fr\/app\/uploads\/sites\/6\/2025\/03\/voyage-stuttgart-09-03-page-0001-1.jpg\",\"keywords\":[\"Association Les gens de Xoulces\",\"Festival de la bi\u00e8re Stuttgart\"],\"articleSection\":[\"A la une\",\"Agenda\",\"Cornimont\",\"G\u00e9rardmer\"],\"inLanguage\":\"fr-FR\",\"potentialAction\":[{\"@type\":\"CommentAction\",\"name\":\"Comment\",\"target\":[\"https:\/\/vosgesinfo.fr\/gerardmerinfo\/2025\/03\/lassociation-les-gens-de-xoulces-propose-un-voyage-a-stuttgart-pour-la-fete-de-la-biere\/#respond\"]}]},{\"@type\":\"WebPage\",\"@id\":\"https:\/\/vosgesinfo.fr\/gerardmerinfo\/2025\/03\/lassociation-les-gens-de-xoulces-propose-un-voyage-a-stuttgart-pour-la-fete-de-la-biere\/\",\"url\":\"https:\/\/vosgesinfo.fr\/gerardmerinfo\/2025\/03\/lassociation-les-gens-de-xoulces-propose-un-voyage-a-stuttgart-pour-la-fete-de-la-biere\/\",\"name\":\"L'association \\\"Les Gens de Xoulces\\\" propose un voyage \u00e0 Stuttgart pour la f\u00eate de la bi\u00e8re - Gerardmer Info\",\"isPartOf\":{\"@id\":\"https:\/\/vosgesinfo.fr\/gerardmerinfo\/#website\"},\"primaryImageOfPage\":{\"@id\":\"https:\/\/vosgesinfo.fr\/gerardmerinfo\/2025\/03\/lassociation-les-gens-de-xoulces-propose-un-voyage-a-stuttgart-pour-la-fete-de-la-biere\/#primaryimage\"},\"image\":{\"@id\":\"https:\/\/vosgesinfo.fr\/gerardmerinfo\/2025\/03\/lassociation-les-gens-de-xoulces-propose-un-voyage-a-stuttgart-pour-la-fete-de-la-biere\/#primaryimage\"},\"thumbnailUrl\":\"https:\/\/vosgesinfo.fr\/app\/uploads\/sites\/6\/2025\/03\/voyage-stuttgart-09-03-page-0001-1.jpg\",\"datePublished\":\"2025-03-10T09:30:36+00:00\",\"dateModified\":\"2025-03-10T09:30:36+00:00\",\"breadcrumb\":{\"@id\":\"https:\/\/vosgesinfo.fr\/gerardmerinfo\/2025\/03\/lassociation-les-gens-de-xoulces-propose-un-voyage-a-stuttgart-pour-la-fete-de-la-biere\/#breadcrumb\"},\"inLanguage\":\"fr-FR\",\"potentialAction\":[{\"@type\":\"ReadAction\",\"target\":[\"https:\/\/vosgesinfo.fr\/gerardmerinfo\/2025\/03\/lassociation-les-gens-de-xoulces-propose-un-voyage-a-stuttgart-pour-la-fete-de-la-biere\/\"]}]},{\"@type\":\"ImageObject\",\"inLanguage\":\"fr-FR\",\"@id\":\"https:\/\/vosgesinfo.fr\/gerardmerinfo\/2025\/03\/lassociation-les-gens-de-xoulces-propose-un-voyage-a-stuttgart-pour-la-fete-de-la-biere\/#primaryimage\",\"url\":\"https:\/\/vosgesinfo.fr\/app\/uploads\/sites\/6\/2025\/03\/voyage-stuttgart-09-03-page-0001-1.jpg\",\"contentUrl\":\"https:\/\/vosgesinfo.fr\/app\/uploads\/sites\/6\/2025\/03\/voyage-stuttgart-09-03-page-0001-1.jpg\",\"width\":1240,\"height\":1755},{\"@type\":\"BreadcrumbList\",\"@id\":\"https:\/\/vosgesinfo.fr\/gerardmerinfo\/2025\/03\/lassociation-les-gens-de-xoulces-propose-un-voyage-a-stuttgart-pour-la-fete-de-la-biere\/#breadcrumb\",\"itemListElement\":[{\"@type\":\"ListItem\",\"position\":1,\"name\":\"Home\",\"item\":\"https:\/\/vosgesinfo.fr\/gerardmerinfo\/\"},{\"@type\":\"ListItem\",\"position\":2,\"name\":\"L&rsquo;association \u00ab\u00a0Les Gens de Xoulces\u00a0\u00bb propose un voyage \u00e0 Stuttgart pour la f\u00eate de la bi\u00e8re\"}]},{\"@type\":\"WebSite\",\"@id\":\"https:\/\/vosgesinfo.fr\/gerardmerinfo\/#website\",\"url\":\"https:\/\/vosgesinfo.fr\/gerardmerinfo\/\",\"name\":\"Gerardmer Info\",\"description\":\"Toute l&#039;actualit\u00e9 de G\u00e9rardmer\",\"publisher\":{\"@id\":\"https:\/\/vosgesinfo.fr\/gerardmerinfo\/#organization\"},\"alternateName\":\"Toute l'actualit\u00e9 de G\u00e9rardmer\",\"potentialAction\":[{\"@type\":\"SearchAction\",\"target\":{\"@type\":\"EntryPoint\",\"urlTemplate\":\"https:\/\/vosgesinfo.fr\/gerardmerinfo\/?s={search_term_string}\"},\"query-input\":\"required name=search_term_string\"}],\"inLanguage\":\"fr-FR\"},{\"@type\":\"Organization\",\"@id\":\"https:\/\/vosgesinfo.fr\/gerardmerinfo\/#organization\",\"name\":\"Gerardmer Info\",\"url\":\"https:\/\/vosgesinfo.fr\/gerardmerinfo\/\",\"logo\":{\"@type\":\"ImageObject\",\"inLanguage\":\"fr-FR\",\"@id\":\"https:\/\/vosgesinfo.fr\/gerardmerinfo\/#\/schema\/logo\/image\/\",\"url\":\"https:\/\/vosgesinfo.fr\/app\/uploads\/sites\/6\/2023\/08\/favicon-gerardmerinfo.png\",\"contentUrl\":\"https:\/\/vosgesinfo.fr\/app\/uploads\/sites\/6\/2023\/08\/favicon-gerardmerinfo.png\",\"width\":512,\"height\":512,\"caption\":\"Gerardmer Info\"},\"image\":{\"@id\":\"https:\/\/vosgesinfo.fr\/gerardmerinfo\/#\/schema\/logo\/image\/\"},\"sameAs\":[\"https:\/\/www.facebook.com\/profile.php?id=100049475262660\",\"https:\/\/x.com\/VosgesInfo88\",\"https:\/\/www.youtube.com\/@vosgesinfo\"]},{\"@type\":\"Person\",\"@id\":\"https:\/\/vosgesinfo.fr\/gerardmerinfo\/#\/schema\/person\/27a3695b06db98895b354c0765cdfc31\",\"name\":\"La redaction\",\"image\":{\"@type\":\"ImageObject\",\"inLanguage\":\"fr-FR\",\"@id\":\"https:\/\/vosgesinfo.fr\/gerardmerinfo\/#\/schema\/person\/image\/\",\"url\":\"https:\/\/secure.gravatar.com\/avatar\/64c76a78e501cedee55736f43f332df901e1896ae9cd8fad269ae2236dd0e8b6?s=96&d=mm&r=g\",\"contentUrl\":\"https:\/\/secure.gravatar.com\/avatar\/64c76a78e501cedee55736f43f332df901e1896ae9cd8fad269ae2236dd0e8b6?s=96&d=mm&r=g\",\"caption\":\"La redaction\"},\"url\":\"https:\/\/vosgesinfo.fr\/gerardmerinfo\/author\/la-redaction\/\"}]}<\/script>\n<!-- \/ Yoast SEO plugin. -->","yoast_head_json":{"title":"L'association \"Les Gens de Xoulces\" propose un voyage \u00e0 Stuttgart pour la f\u00eate de la bi\u00e8re - Gerardmer Info","robots":{"index":"index","follow":"follow","max-snippet":"max-snippet:-1","max-image-preview":"max-image-preview:large","max-video-preview":"max-video-preview:-1"},"canonical":"https:\/\/vosgesinfo.fr\/gerardmerinfo\/2025\/03\/lassociation-les-gens-de-xoulces-propose-un-voyage-a-stuttgart-pour-la-fete-de-la-biere\/","twitter_card":"summary_large_image","twitter_title":"L'association \"Les Gens de Xoulces\" propose un voyage \u00e0 Stuttgart pour la f\u00eate de la bi\u00e8re - Gerardmer Info","twitter_description":"L&rsquo;association Les Gens de Xoulces propose un voyage \u00e0 Stuttgart \u00e0 l&rsquo;occasion de La F\u00eate de la Bi\u00e8re, du samedi [&hellip;]","twitter_image":"https:\/\/vosgesinfo.fr\/app\/uploads\/sites\/6\/2025\/03\/voyage-stuttgart-09-03-page-0001-1.jpg","twitter_creator":"@VosgesInfo88","twitter_site":"@VosgesInfo88","twitter_misc":{"\u00c9crit par":"La redaction","Dur\u00e9e de lecture estim\u00e9e":"1 minute"},"schema":{"@context":"https:\/\/schema.org","@graph":[{"@type":"Article","@id":"https:\/\/vosgesinfo.fr\/gerardmerinfo\/2025\/03\/lassociation-les-gens-de-xoulces-propose-un-voyage-a-stuttgart-pour-la-fete-de-la-biere\/#article","isPartOf":{"@id":"https:\/\/vosgesinfo.fr\/gerardmerinfo\/2025\/03\/lassociation-les-gens-de-xoulces-propose-un-voyage-a-stuttgart-pour-la-fete-de-la-biere\/"},"author":{"name":"La redaction","@id":"https:\/\/vosgesinfo.fr\/gerardmerinfo\/#\/schema\/person\/27a3695b06db98895b354c0765cdfc31"},"headline":"L&rsquo;association \u00ab\u00a0Les Gens de Xoulces\u00a0\u00bb propose un voyage \u00e0 Stuttgart pour la f\u00eate de la bi\u00e8re","datePublished":"2025-03-10T09:30:36+00:00","dateModified":"2025-03-10T09:30:36+00:00","mainEntityOfPage":{"@id":"https:\/\/vosgesinfo.fr\/gerardmerinfo\/2025\/03\/lassociation-les-gens-de-xoulces-propose-un-voyage-a-stuttgart-pour-la-fete-de-la-biere\/"},"wordCount":124,"commentCount":0,"publisher":{"@id":"https:\/\/vosgesinfo.fr\/gerardmerinfo\/#organization"},"image":{"@id":"https:\/\/vosgesinfo.fr\/gerardmerinfo\/2025\/03\/lassociation-les-gens-de-xoulces-propose-un-voyage-a-stuttgart-pour-la-fete-de-la-biere\/#primaryimage"},"thumbnailUrl":"https:\/\/vosgesinfo.fr\/app\/uploads\/sites\/6\/2025\/03\/voyage-stuttgart-09-03-page-0001-1.jpg","keywords":["Association Les gens de Xoulces","Festival de la bi\u00e8re Stuttgart"],"articleSection":["A la une","Agenda","Cornimont","G\u00e9rardmer"],"inLanguage":"fr-FR","potentialAction":[{"@type":"CommentAction","name":"Comment","target":["https:\/\/vosgesinfo.fr\/gerardmerinfo\/2025\/03\/lassociation-les-gens-de-xoulces-propose-un-voyage-a-stuttgart-pour-la-fete-de-la-biere\/#respond"]}]},{"@type":"WebPage","@id":"https:\/\/vosgesinfo.fr\/gerardmerinfo\/2025\/03\/lassociation-les-gens-de-xoulces-propose-un-voyage-a-stuttgart-pour-la-fete-de-la-biere\/","url":"https:\/\/vosgesinfo.fr\/gerardmerinfo\/2025\/03\/lassociation-les-gens-de-xoulces-propose-un-voyage-a-stuttgart-pour-la-fete-de-la-biere\/","name":"L'association \"Les Gens de Xoulces\" propose un voyage \u00e0 Stuttgart pour la f\u00eate de la bi\u00e8re - Gerardmer Info","isPartOf":{"@id":"https:\/\/vosgesinfo.fr\/gerardmerinfo\/#website"},"primaryImageOfPage":{"@id":"https:\/\/vosgesinfo.fr\/gerardmerinfo\/2025\/03\/lassociation-les-gens-de-xoulces-propose-un-voyage-a-stuttgart-pour-la-fete-de-la-biere\/#primaryimage"},"image":{"@id":"https:\/\/vosgesinfo.fr\/gerardmerinfo\/2025\/03\/lassociation-les-gens-de-xoulces-propose-un-voyage-a-stuttgart-pour-la-fete-de-la-biere\/#primaryimage"},"thumbnailUrl":"https:\/\/vosgesinfo.fr\/app\/uploads\/sites\/6\/2025\/03\/voyage-stuttgart-09-03-page-0001-1.jpg","datePublished":"2025-03-10T09:30:36+00:00","dateModified":"2025-03-10T09:30:36+00:00","breadcrumb":{"@id":"https:\/\/vosgesinfo.fr\/gerardmerinfo\/2025\/03\/lassociation-les-gens-de-xoulces-propose-un-voyage-a-stuttgart-pour-la-fete-de-la-biere\/#breadcrumb"},"inLanguage":"fr-FR","potentialAction":[{"@type":"ReadAction","target":["https:\/\/vosgesinfo.fr\/gerardmerinfo\/2025\/03\/lassociation-les-gens-de-xoulces-propose-un-voyage-a-stuttgart-pour-la-fete-de-la-biere\/"]}]},{"@type":"ImageObject","inLanguage":"fr-FR","@id":"https:\/\/vosgesinfo.fr\/gerardmerinfo\/2025\/03\/lassociation-les-gens-de-xoulces-propose-un-voyage-a-stuttgart-pour-la-fete-de-la-biere\/#primaryimage","url":"https:\/\/vosgesinfo.fr\/app\/uploads\/sites\/6\/2025\/03\/voyage-stuttgart-09-03-page-0001-1.jpg","contentUrl":"https:\/\/vosgesinfo.fr\/app\/uploads\/sites\/6\/2025\/03\/voyage-stuttgart-09-03-page-0001-1.jpg","width":1240,"height":1755},{"@type":"BreadcrumbList","@id":"https:\/\/vosgesinfo.fr\/gerardmerinfo\/2025\/03\/lassociation-les-gens-de-xoulces-propose-un-voyage-a-stuttgart-pour-la-fete-de-la-biere\/#breadcrumb","itemListElement":[{"@type":"ListItem","position":1,"name":"Home","item":"https:\/\/vosgesinfo.fr\/gerardmerinfo\/"},{"@type":"ListItem","position":2,"name":"L&rsquo;association \u00ab\u00a0Les Gens de Xoulces\u00a0\u00bb propose un voyage \u00e0 Stuttgart pour la f\u00eate de la bi\u00e8re"}]},{"@type":"WebSite","@id":"https:\/\/vosgesinfo.fr\/gerardmerinfo\/#website","url":"https:\/\/vosgesinfo.fr\/gerardmerinfo\/","name":"Gerardmer Info","description":"Toute l&#039;actualit\u00e9 de G\u00e9rardmer","publisher":{"@id":"https:\/\/vosgesinfo.fr\/gerardmerinfo\/#organization"},"alternateName":"Toute l'actualit\u00e9 de G\u00e9rardmer","potentialAction":[{"@type":"SearchAction","target":{"@type":"EntryPoint","urlTemplate":"https:\/\/vosgesinfo.fr\/gerardmerinfo\/?s={search_term_string}"},"query-input":"required name=search_term_string"}],"inLanguage":"fr-FR"},{"@type":"Organization","@id":"https:\/\/vosgesinfo.fr\/gerardmerinfo\/#organization","name":"Gerardmer Info","url":"https:\/\/vosgesinfo.fr\/gerardmerinfo\/","logo":{"@type":"ImageObject","inLanguage":"fr-FR","@id":"https:\/\/vosgesinfo.fr\/gerardmerinfo\/#\/schema\/logo\/image\/","url":"https:\/\/vosgesinfo.fr\/app\/uploads\/sites\/6\/2023\/08\/favicon-gerardmerinfo.png","contentUrl":"https:\/\/vosgesinfo.fr\/app\/uploads\/sites\/6\/2023\/08\/favicon-gerardmerinfo.png","width":512,"height":512,"caption":"Gerardmer Info"},"image":{"@id":"https:\/\/vosgesinfo.fr\/gerardmerinfo\/#\/schema\/logo\/image\/"},"sameAs":["https:\/\/www.facebook.com\/profile.php?id=100049475262660","https:\/\/x.com\/VosgesInfo88","https:\/\/www.youtube.com\/@vosgesinfo"]},{"@type":"Person","@id":"https:\/\/vosgesinfo.fr\/gerardmerinfo\/#\/schema\/person\/27a3695b06db98895b354c0765cdfc31","name":"La redaction","image":{"@type":"ImageObject","inLanguage":"fr-FR","@id":"https:\/\/vosgesinfo.fr\/gerardmerinfo\/#\/schema\/person\/image\/","url":"https:\/\/secure.gravatar.com\/avatar\/64c76a78e501cedee55736f43f332df901e1896ae9cd8fad269ae2236dd0e8b6?s=96&d=mm&r=g","contentUrl":"https:\/\/secure.gravatar.com\/avatar\/64c76a78e501cedee55736f43f332df901e1896ae9cd8fad269ae2236dd0e8b6?s=96&d=mm&r=g","caption":"La redaction"},"url":"https:\/\/vosgesinfo.fr\/gerardmerinfo\/author\/la-redaction\/"}]}},"_links":{"self":[{"href":"https:\/\/vosgesinfo.fr\/gerardmerinfo\/wp-json\/wp\/v2\/posts\/75236","targetHints":{"allow":["GET"]}}],"collection":[{"href":"https:\/\/vosgesinfo.fr\/gerardmerinfo\/wp-json\/wp\/v2\/posts"}],"about":[{"href":"https:\/\/vosgesinfo.fr\/gerardmerinfo\/wp-json\/wp\/v2\/types\/post"}],"author":[{"embeddable":true,"href":"https:\/\/vosgesinfo.fr\/gerardmerinfo\/wp-json\/wp\/v2\/users\/391"}],"replies":[{"embeddable":true,"href":"https:\/\/vosgesinfo.fr\/gerardmerinfo\/wp-json\/wp\/v2\/comments?post=75236"}],"version-history":[{"count":0,"href":"https:\/\/vosgesinfo.fr\/gerardmerinfo\/wp-json\/wp\/v2\/posts\/75236\/revisions"}],"wp:featuredmedia":[{"embeddable":true,"href":"https:\/\/vosgesinfo.fr\/gerardmerinfo\/wp-json\/wp\/v2\/media\/75237"}],"wp:attachment":[{"href":"https:\/\/vosgesinfo.fr\/gerardmerinfo\/wp-json\/wp\/v2\/media?parent=75236"}],"wp:term":[{"taxonomy":"category","embeddable":true,"href":"https:\/\/vosgesinfo.fr\/gerardmerinfo\/wp-json\/wp\/v2\/categories?post=75236"},{"taxonomy":"post_tag","embeddable":true,"href":"https:\/\/vosgesinfo.fr\/gerardmerinfo\/wp-json\/wp\/v2\/tags?post=75236"}],"curies":[{"name":"wp","href":"https:\/\/api.w.org\/{rel}","templated":true}]}}