{"id":75243,"date":"2025-03-10T17:35:55","date_gmt":"2025-03-10T16:35:55","guid":{"rendered":"https:\/\/vosgesinfo.fr\/gerardmerinfo\/?p=75243"},"modified":"2025-03-10T12:12:44","modified_gmt":"2025-03-10T11:12:44","slug":"carnaval-des-ecoles-a-granges-aumontzey","status":"publish","type":"post","link":"https:\/\/vosgesinfo.fr\/gerardmerinfo\/2025\/03\/carnaval-des-ecoles-a-granges-aumontzey\/","title":{"rendered":"Carnaval des \u00e9coles \u00e0 Granges-Aumontzey"},"content":{"rendered":"<p style=\"text-align: left;\" align=\"center\"><a href=\"https:\/\/vosgesinfo.fr\/app\/uploads\/sites\/6\/2025\/03\/carnaval-des-ecoles-a-granges-3-scaled.jpg\"><img decoding=\"async\" class=\"aligncenter size-large wp-image-75245\" src=\"https:\/\/vosgesinfo.fr\/app\/uploads\/sites\/6\/2025\/03\/carnaval-des-ecoles-a-granges-3-1024x683.jpg\" alt=\"\" width=\"1024\" height=\"683\" srcset=\"https:\/\/vosgesinfo.fr\/app\/uploads\/sites\/6\/2025\/03\/carnaval-des-ecoles-a-granges-3-1024x683.jpg 1024w, https:\/\/vosgesinfo.fr\/app\/uploads\/sites\/6\/2025\/03\/carnaval-des-ecoles-a-granges-3-300x200.jpg 300w, https:\/\/vosgesinfo.fr\/app\/uploads\/sites\/6\/2025\/03\/carnaval-des-ecoles-a-granges-3-768x512.jpg 768w, https:\/\/vosgesinfo.fr\/app\/uploads\/sites\/6\/2025\/03\/carnaval-des-ecoles-a-granges-3-1536x1024.jpg 1536w, https:\/\/vosgesinfo.fr\/app\/uploads\/sites\/6\/2025\/03\/carnaval-des-ecoles-a-granges-3-2048x1365.jpg 2048w\" sizes=\"(max-width: 1024px) 100vw, 1024px\" \/><\/a><a href=\"https:\/\/vosgesinfo.fr\/app\/uploads\/sites\/6\/2025\/03\/carnaval-des-ecoles-a-granges-1-scaled.jpg\"><img decoding=\"async\" class=\"aligncenter size-large wp-image-75246\" src=\"https:\/\/vosgesinfo.fr\/app\/uploads\/sites\/6\/2025\/03\/carnaval-des-ecoles-a-granges-1-1024x683.jpg\" alt=\"\" width=\"1024\" height=\"683\" srcset=\"https:\/\/vosgesinfo.fr\/app\/uploads\/sites\/6\/2025\/03\/carnaval-des-ecoles-a-granges-1-1024x683.jpg 1024w, https:\/\/vosgesinfo.fr\/app\/uploads\/sites\/6\/2025\/03\/carnaval-des-ecoles-a-granges-1-300x200.jpg 300w, https:\/\/vosgesinfo.fr\/app\/uploads\/sites\/6\/2025\/03\/carnaval-des-ecoles-a-granges-1-768x512.jpg 768w, https:\/\/vosgesinfo.fr\/app\/uploads\/sites\/6\/2025\/03\/carnaval-des-ecoles-a-granges-1-1536x1024.jpg 1536w, https:\/\/vosgesinfo.fr\/app\/uploads\/sites\/6\/2025\/03\/carnaval-des-ecoles-a-granges-1-2048x1365.jpg 2048w\" sizes=\"(max-width: 1024px) 100vw, 1024px\" \/><\/a><\/p>\n<p>&nbsp;<\/p>\n<p align=\"justify\">Le Jeudi 6 mars 2025, les \u00e9l\u00e8ves de l\u2019\u00e9cole maternelle de Granges-Aumontzey ont sorti baguettes magiques, robes en tafta et bras \u00e0 super propulsion \u00e0 l\u2019occasion de carnaval. Les jeunes gens ont d\u2019abord pris des forces en mangeant des beignets offerts par l\u2019\u00e9cole \u00e0 cette occasion. Dirig\u00e9s par Isabelle Gagetta, Directrice de l\u2019\u00e9cole, accompagn\u00e9e des enseignantes Anne-Laure et Nicole, des Atsem Delphine, Jocelyne, Manon et Pauline, de l\u2019agent \u00c9ric et de plusieurs parents b\u00e9n\u00e9voles, le cort\u00e8ge s\u2019est rendu \u00e0 la maison de retraite l\u2019Accueil de la Vologne.<\/p>\n<p align=\"justify\"><a href=\"https:\/\/vosgesinfo.fr\/app\/uploads\/sites\/6\/2025\/03\/carnaval-des-ecoles-a-granges-2-scaled.jpg\"><img decoding=\"async\" class=\"alignright size-medium wp-image-75244\" src=\"https:\/\/vosgesinfo.fr\/app\/uploads\/sites\/6\/2025\/03\/carnaval-des-ecoles-a-granges-2-296x300.jpg\" alt=\"\" width=\"296\" height=\"300\" srcset=\"https:\/\/vosgesinfo.fr\/app\/uploads\/sites\/6\/2025\/03\/carnaval-des-ecoles-a-granges-2-296x300.jpg 296w, https:\/\/vosgesinfo.fr\/app\/uploads\/sites\/6\/2025\/03\/carnaval-des-ecoles-a-granges-2-1011x1024.jpg 1011w, https:\/\/vosgesinfo.fr\/app\/uploads\/sites\/6\/2025\/03\/carnaval-des-ecoles-a-granges-2-768x778.jpg 768w, https:\/\/vosgesinfo.fr\/app\/uploads\/sites\/6\/2025\/03\/carnaval-des-ecoles-a-granges-2-1516x1536.jpg 1516w, https:\/\/vosgesinfo.fr\/app\/uploads\/sites\/6\/2025\/03\/carnaval-des-ecoles-a-granges-2-2021x2048.jpg 2021w\" sizes=\"(max-width: 296px) 100vw, 296px\" \/><\/a>Accueillis par Marion Kieffer-Rys, animatrice coordinatrice de l\u2019Ehpad, et par des r\u00e9sidents radieux, les enfants ont fait r\u00e9sonner leurs instruments de musique, maracas faits main et autres cr\u00e9celles. Petits et grands se sont amus\u00e9s en r\u00e9alisant des chor\u00e9graphies pr\u00e9par\u00e9es par Marion Kieffer-Rys, puis se sont donn\u00e9 la main pour un dernier petit tour par le kiosque et l\u2019\u00e9cole \u00e9l\u00e9mentaire. Gr\u00e2ce \u00e0 la coordination pluridisciplinaire entre les \u00e9coles et la maison de retraite, Granges-Aumontzey a encore connu un beau moment d\u2019\u00e9change entre g\u00e9n\u00e9rations.<\/p>\n<p align=\"justify\">Le lendemain, une myriade de couleurs et une ambiance survolt\u00e9e r\u00e9gnaient dans la cour de r\u00e9cr\u00e9ation de l\u2019\u00e9cole \u00e9l\u00e9mentaire. Tous les \u00e9l\u00e8ves se sont par\u00e9s de leurs costumes favoris pour cette \u00e9dition 2025. Imaginez les enseignants dans leur salle de classe avec face \u00e0 eux coccinelles, licornes, sportifs, pirates et autres ninjas&#8230; Autant de moments partag\u00e9s qui laisseront assur\u00e9ment de beaux souvenirs d\u2019enfance.<\/p>\n<p align=\"justify\"><i>Le saviez-vous ?\u00a0<\/i> Les cr\u00e9celles \u00e9taient \u00e0 l\u2019origine un instrument dont se servaient les l\u00e9preux, au Moyen \u00c2ge, pour annoncer leur approche.<\/p>\n<p align=\"justify\">\n<p align=\"justify\">Photos &#8211; commune de Granges-Aumontzey<\/p>\n","protected":false},"excerpt":{"rendered":"<p>&nbsp; Le Jeudi 6 mars 2025, les \u00e9l\u00e8ves de l\u2019\u00e9cole maternelle de Granges-Aumontzey ont sorti baguettes magiques, robes en tafta [&hellip;]<\/p>\n","protected":false},"author":391,"featured_media":75245,"comment_status":"open","ping_status":"open","sticky":false,"template":"","format":"standard","meta":{"footnotes":""},"categories":[20,4,6,5647],"tags":[1703,94],"class_list":["post-75243","post","type-post","status-publish","format-standard","has-post-thumbnail","hentry","category-a-la-une","category-culture","category-education","category-gerardmer-autres-sites","tag-carnaval","tag-granges-aumontzey"],"acf":[],"yoast_head":"<!-- This site is optimized with the Yoast SEO plugin v22.5 - https:\/\/yoast.com\/wordpress\/plugins\/seo\/ -->\n<title>Carnaval des \u00e9coles \u00e0 Granges-Aumontzey - Gerardmer Info<\/title>\n<meta name=\"robots\" content=\"index, follow, max-snippet:-1, max-image-preview:large, max-video-preview:-1\" \/>\n<link rel=\"canonical\" href=\"https:\/\/vosgesinfo.fr\/gerardmerinfo\/2025\/03\/carnaval-des-ecoles-a-granges-aumontzey\/\" \/>\n<meta name=\"twitter:card\" content=\"summary_large_image\" \/>\n<meta name=\"twitter:title\" content=\"Carnaval des \u00e9coles \u00e0 Granges-Aumontzey - Gerardmer Info\" \/>\n<meta name=\"twitter:description\" content=\"&nbsp; Le Jeudi 6 mars 2025, les \u00e9l\u00e8ves de l\u2019\u00e9cole maternelle de Granges-Aumontzey ont sorti baguettes magiques, robes en tafta [&hellip;]\" \/>\n<meta name=\"twitter:image\" content=\"https:\/\/vosgesinfo.fr\/app\/uploads\/sites\/6\/2025\/03\/carnaval-des-ecoles-a-granges-3-scaled.jpg\" \/>\n<meta name=\"twitter:creator\" content=\"@VosgesInfo88\" \/>\n<meta name=\"twitter:site\" content=\"@VosgesInfo88\" \/>\n<meta name=\"twitter:label1\" content=\"\u00c9crit par\" \/>\n\t<meta name=\"twitter:data1\" content=\"La redaction\" \/>\n\t<meta name=\"twitter:label2\" content=\"Dur\u00e9e de lecture estim\u00e9e\" \/>\n\t<meta name=\"twitter:data2\" content=\"1 minute\" \/>\n<script type=\"application\/ld+json\" class=\"yoast-schema-graph\">{\"@context\":\"https:\/\/schema.org\",\"@graph\":[{\"@type\":\"Article\",\"@id\":\"https:\/\/vosgesinfo.fr\/gerardmerinfo\/2025\/03\/carnaval-des-ecoles-a-granges-aumontzey\/#article\",\"isPartOf\":{\"@id\":\"https:\/\/vosgesinfo.fr\/gerardmerinfo\/2025\/03\/carnaval-des-ecoles-a-granges-aumontzey\/\"},\"author\":{\"name\":\"La redaction\",\"@id\":\"https:\/\/vosgesinfo.fr\/gerardmerinfo\/#\/schema\/person\/27a3695b06db98895b354c0765cdfc31\"},\"headline\":\"Carnaval des \u00e9coles \u00e0 Granges-Aumontzey\",\"datePublished\":\"2025-03-10T16:35:55+00:00\",\"dateModified\":\"2025-03-10T11:12:44+00:00\",\"mainEntityOfPage\":{\"@id\":\"https:\/\/vosgesinfo.fr\/gerardmerinfo\/2025\/03\/carnaval-des-ecoles-a-granges-aumontzey\/\"},\"wordCount\":296,\"commentCount\":0,\"publisher\":{\"@id\":\"https:\/\/vosgesinfo.fr\/gerardmerinfo\/#organization\"},\"image\":{\"@id\":\"https:\/\/vosgesinfo.fr\/gerardmerinfo\/2025\/03\/carnaval-des-ecoles-a-granges-aumontzey\/#primaryimage\"},\"thumbnailUrl\":\"https:\/\/vosgesinfo.fr\/app\/uploads\/sites\/6\/2025\/03\/carnaval-des-ecoles-a-granges-3-scaled.jpg\",\"keywords\":[\"carnaval\",\"Granges-Aumontzey\"],\"articleSection\":[\"A la une\",\"Culture\",\"\u00c9ducation\",\"Gerardmer\"],\"inLanguage\":\"fr-FR\",\"potentialAction\":[{\"@type\":\"CommentAction\",\"name\":\"Comment\",\"target\":[\"https:\/\/vosgesinfo.fr\/gerardmerinfo\/2025\/03\/carnaval-des-ecoles-a-granges-aumontzey\/#respond\"]}]},{\"@type\":\"WebPage\",\"@id\":\"https:\/\/vosgesinfo.fr\/gerardmerinfo\/2025\/03\/carnaval-des-ecoles-a-granges-aumontzey\/\",\"url\":\"https:\/\/vosgesinfo.fr\/gerardmerinfo\/2025\/03\/carnaval-des-ecoles-a-granges-aumontzey\/\",\"name\":\"Carnaval des \u00e9coles \u00e0 Granges-Aumontzey - Gerardmer Info\",\"isPartOf\":{\"@id\":\"https:\/\/vosgesinfo.fr\/gerardmerinfo\/#website\"},\"primaryImageOfPage\":{\"@id\":\"https:\/\/vosgesinfo.fr\/gerardmerinfo\/2025\/03\/carnaval-des-ecoles-a-granges-aumontzey\/#primaryimage\"},\"image\":{\"@id\":\"https:\/\/vosgesinfo.fr\/gerardmerinfo\/2025\/03\/carnaval-des-ecoles-a-granges-aumontzey\/#primaryimage\"},\"thumbnailUrl\":\"https:\/\/vosgesinfo.fr\/app\/uploads\/sites\/6\/2025\/03\/carnaval-des-ecoles-a-granges-3-scaled.jpg\",\"datePublished\":\"2025-03-10T16:35:55+00:00\",\"dateModified\":\"2025-03-10T11:12:44+00:00\",\"breadcrumb\":{\"@id\":\"https:\/\/vosgesinfo.fr\/gerardmerinfo\/2025\/03\/carnaval-des-ecoles-a-granges-aumontzey\/#breadcrumb\"},\"inLanguage\":\"fr-FR\",\"potentialAction\":[{\"@type\":\"ReadAction\",\"target\":[\"https:\/\/vosgesinfo.fr\/gerardmerinfo\/2025\/03\/carnaval-des-ecoles-a-granges-aumontzey\/\"]}]},{\"@type\":\"ImageObject\",\"inLanguage\":\"fr-FR\",\"@id\":\"https:\/\/vosgesinfo.fr\/gerardmerinfo\/2025\/03\/carnaval-des-ecoles-a-granges-aumontzey\/#primaryimage\",\"url\":\"https:\/\/vosgesinfo.fr\/app\/uploads\/sites\/6\/2025\/03\/carnaval-des-ecoles-a-granges-3-scaled.jpg\",\"contentUrl\":\"https:\/\/vosgesinfo.fr\/app\/uploads\/sites\/6\/2025\/03\/carnaval-des-ecoles-a-granges-3-scaled.jpg\",\"width\":2560,\"height\":1707},{\"@type\":\"BreadcrumbList\",\"@id\":\"https:\/\/vosgesinfo.fr\/gerardmerinfo\/2025\/03\/carnaval-des-ecoles-a-granges-aumontzey\/#breadcrumb\",\"itemListElement\":[{\"@type\":\"ListItem\",\"position\":1,\"name\":\"Home\",\"item\":\"https:\/\/vosgesinfo.fr\/gerardmerinfo\/\"},{\"@type\":\"ListItem\",\"position\":2,\"name\":\"Carnaval des \u00e9coles \u00e0 Granges-Aumontzey\"}]},{\"@type\":\"WebSite\",\"@id\":\"https:\/\/vosgesinfo.fr\/gerardmerinfo\/#website\",\"url\":\"https:\/\/vosgesinfo.fr\/gerardmerinfo\/\",\"name\":\"Gerardmer Info\",\"description\":\"Toute l&#039;actualit\u00e9 de G\u00e9rardmer\",\"publisher\":{\"@id\":\"https:\/\/vosgesinfo.fr\/gerardmerinfo\/#organization\"},\"alternateName\":\"Toute l'actualit\u00e9 de G\u00e9rardmer\",\"potentialAction\":[{\"@type\":\"SearchAction\",\"target\":{\"@type\":\"EntryPoint\",\"urlTemplate\":\"https:\/\/vosgesinfo.fr\/gerardmerinfo\/?s={search_term_string}\"},\"query-input\":\"required name=search_term_string\"}],\"inLanguage\":\"fr-FR\"},{\"@type\":\"Organization\",\"@id\":\"https:\/\/vosgesinfo.fr\/gerardmerinfo\/#organization\",\"name\":\"Gerardmer Info\",\"url\":\"https:\/\/vosgesinfo.fr\/gerardmerinfo\/\",\"logo\":{\"@type\":\"ImageObject\",\"inLanguage\":\"fr-FR\",\"@id\":\"https:\/\/vosgesinfo.fr\/gerardmerinfo\/#\/schema\/logo\/image\/\",\"url\":\"https:\/\/vosgesinfo.fr\/app\/uploads\/sites\/6\/2023\/08\/favicon-gerardmerinfo.png\",\"contentUrl\":\"https:\/\/vosgesinfo.fr\/app\/uploads\/sites\/6\/2023\/08\/favicon-gerardmerinfo.png\",\"width\":512,\"height\":512,\"caption\":\"Gerardmer Info\"},\"image\":{\"@id\":\"https:\/\/vosgesinfo.fr\/gerardmerinfo\/#\/schema\/logo\/image\/\"},\"sameAs\":[\"https:\/\/www.facebook.com\/profile.php?id=100049475262660\",\"https:\/\/x.com\/VosgesInfo88\",\"https:\/\/www.youtube.com\/@vosgesinfo\"]},{\"@type\":\"Person\",\"@id\":\"https:\/\/vosgesinfo.fr\/gerardmerinfo\/#\/schema\/person\/27a3695b06db98895b354c0765cdfc31\",\"name\":\"La redaction\",\"image\":{\"@type\":\"ImageObject\",\"inLanguage\":\"fr-FR\",\"@id\":\"https:\/\/vosgesinfo.fr\/gerardmerinfo\/#\/schema\/person\/image\/\",\"url\":\"https:\/\/secure.gravatar.com\/avatar\/64c76a78e501cedee55736f43f332df901e1896ae9cd8fad269ae2236dd0e8b6?s=96&d=mm&r=g\",\"contentUrl\":\"https:\/\/secure.gravatar.com\/avatar\/64c76a78e501cedee55736f43f332df901e1896ae9cd8fad269ae2236dd0e8b6?s=96&d=mm&r=g\",\"caption\":\"La redaction\"},\"url\":\"https:\/\/vosgesinfo.fr\/gerardmerinfo\/author\/la-redaction\/\"}]}<\/script>\n<!-- \/ Yoast SEO plugin. -->","yoast_head_json":{"title":"Carnaval des \u00e9coles \u00e0 Granges-Aumontzey - Gerardmer Info","robots":{"index":"index","follow":"follow","max-snippet":"max-snippet:-1","max-image-preview":"max-image-preview:large","max-video-preview":"max-video-preview:-1"},"canonical":"https:\/\/vosgesinfo.fr\/gerardmerinfo\/2025\/03\/carnaval-des-ecoles-a-granges-aumontzey\/","twitter_card":"summary_large_image","twitter_title":"Carnaval des \u00e9coles \u00e0 Granges-Aumontzey - Gerardmer Info","twitter_description":"&nbsp; Le Jeudi 6 mars 2025, les \u00e9l\u00e8ves de l\u2019\u00e9cole maternelle de Granges-Aumontzey ont sorti baguettes magiques, robes en tafta [&hellip;]","twitter_image":"https:\/\/vosgesinfo.fr\/app\/uploads\/sites\/6\/2025\/03\/carnaval-des-ecoles-a-granges-3-scaled.jpg","twitter_creator":"@VosgesInfo88","twitter_site":"@VosgesInfo88","twitter_misc":{"\u00c9crit par":"La redaction","Dur\u00e9e de lecture estim\u00e9e":"1 minute"},"schema":{"@context":"https:\/\/schema.org","@graph":[{"@type":"Article","@id":"https:\/\/vosgesinfo.fr\/gerardmerinfo\/2025\/03\/carnaval-des-ecoles-a-granges-aumontzey\/#article","isPartOf":{"@id":"https:\/\/vosgesinfo.fr\/gerardmerinfo\/2025\/03\/carnaval-des-ecoles-a-granges-aumontzey\/"},"author":{"name":"La redaction","@id":"https:\/\/vosgesinfo.fr\/gerardmerinfo\/#\/schema\/person\/27a3695b06db98895b354c0765cdfc31"},"headline":"Carnaval des \u00e9coles \u00e0 Granges-Aumontzey","datePublished":"2025-03-10T16:35:55+00:00","dateModified":"2025-03-10T11:12:44+00:00","mainEntityOfPage":{"@id":"https:\/\/vosgesinfo.fr\/gerardmerinfo\/2025\/03\/carnaval-des-ecoles-a-granges-aumontzey\/"},"wordCount":296,"commentCount":0,"publisher":{"@id":"https:\/\/vosgesinfo.fr\/gerardmerinfo\/#organization"},"image":{"@id":"https:\/\/vosgesinfo.fr\/gerardmerinfo\/2025\/03\/carnaval-des-ecoles-a-granges-aumontzey\/#primaryimage"},"thumbnailUrl":"https:\/\/vosgesinfo.fr\/app\/uploads\/sites\/6\/2025\/03\/carnaval-des-ecoles-a-granges-3-scaled.jpg","keywords":["carnaval","Granges-Aumontzey"],"articleSection":["A la une","Culture","\u00c9ducation","Gerardmer"],"inLanguage":"fr-FR","potentialAction":[{"@type":"CommentAction","name":"Comment","target":["https:\/\/vosgesinfo.fr\/gerardmerinfo\/2025\/03\/carnaval-des-ecoles-a-granges-aumontzey\/#respond"]}]},{"@type":"WebPage","@id":"https:\/\/vosgesinfo.fr\/gerardmerinfo\/2025\/03\/carnaval-des-ecoles-a-granges-aumontzey\/","url":"https:\/\/vosgesinfo.fr\/gerardmerinfo\/2025\/03\/carnaval-des-ecoles-a-granges-aumontzey\/","name":"Carnaval des \u00e9coles \u00e0 Granges-Aumontzey - Gerardmer Info","isPartOf":{"@id":"https:\/\/vosgesinfo.fr\/gerardmerinfo\/#website"},"primaryImageOfPage":{"@id":"https:\/\/vosgesinfo.fr\/gerardmerinfo\/2025\/03\/carnaval-des-ecoles-a-granges-aumontzey\/#primaryimage"},"image":{"@id":"https:\/\/vosgesinfo.fr\/gerardmerinfo\/2025\/03\/carnaval-des-ecoles-a-granges-aumontzey\/#primaryimage"},"thumbnailUrl":"https:\/\/vosgesinfo.fr\/app\/uploads\/sites\/6\/2025\/03\/carnaval-des-ecoles-a-granges-3-scaled.jpg","datePublished":"2025-03-10T16:35:55+00:00","dateModified":"2025-03-10T11:12:44+00:00","breadcrumb":{"@id":"https:\/\/vosgesinfo.fr\/gerardmerinfo\/2025\/03\/carnaval-des-ecoles-a-granges-aumontzey\/#breadcrumb"},"inLanguage":"fr-FR","potentialAction":[{"@type":"ReadAction","target":["https:\/\/vosgesinfo.fr\/gerardmerinfo\/2025\/03\/carnaval-des-ecoles-a-granges-aumontzey\/"]}]},{"@type":"ImageObject","inLanguage":"fr-FR","@id":"https:\/\/vosgesinfo.fr\/gerardmerinfo\/2025\/03\/carnaval-des-ecoles-a-granges-aumontzey\/#primaryimage","url":"https:\/\/vosgesinfo.fr\/app\/uploads\/sites\/6\/2025\/03\/carnaval-des-ecoles-a-granges-3-scaled.jpg","contentUrl":"https:\/\/vosgesinfo.fr\/app\/uploads\/sites\/6\/2025\/03\/carnaval-des-ecoles-a-granges-3-scaled.jpg","width":2560,"height":1707},{"@type":"BreadcrumbList","@id":"https:\/\/vosgesinfo.fr\/gerardmerinfo\/2025\/03\/carnaval-des-ecoles-a-granges-aumontzey\/#breadcrumb","itemListElement":[{"@type":"ListItem","position":1,"name":"Home","item":"https:\/\/vosgesinfo.fr\/gerardmerinfo\/"},{"@type":"ListItem","position":2,"name":"Carnaval des \u00e9coles \u00e0 Granges-Aumontzey"}]},{"@type":"WebSite","@id":"https:\/\/vosgesinfo.fr\/gerardmerinfo\/#website","url":"https:\/\/vosgesinfo.fr\/gerardmerinfo\/","name":"Gerardmer Info","description":"Toute l&#039;actualit\u00e9 de G\u00e9rardmer","publisher":{"@id":"https:\/\/vosgesinfo.fr\/gerardmerinfo\/#organization"},"alternateName":"Toute l'actualit\u00e9 de G\u00e9rardmer","potentialAction":[{"@type":"SearchAction","target":{"@type":"EntryPoint","urlTemplate":"https:\/\/vosgesinfo.fr\/gerardmerinfo\/?s={search_term_string}"},"query-input":"required name=search_term_string"}],"inLanguage":"fr-FR"},{"@type":"Organization","@id":"https:\/\/vosgesinfo.fr\/gerardmerinfo\/#organization","name":"Gerardmer Info","url":"https:\/\/vosgesinfo.fr\/gerardmerinfo\/","logo":{"@type":"ImageObject","inLanguage":"fr-FR","@id":"https:\/\/vosgesinfo.fr\/gerardmerinfo\/#\/schema\/logo\/image\/","url":"https:\/\/vosgesinfo.fr\/app\/uploads\/sites\/6\/2023\/08\/favicon-gerardmerinfo.png","contentUrl":"https:\/\/vosgesinfo.fr\/app\/uploads\/sites\/6\/2023\/08\/favicon-gerardmerinfo.png","width":512,"height":512,"caption":"Gerardmer Info"},"image":{"@id":"https:\/\/vosgesinfo.fr\/gerardmerinfo\/#\/schema\/logo\/image\/"},"sameAs":["https:\/\/www.facebook.com\/profile.php?id=100049475262660","https:\/\/x.com\/VosgesInfo88","https:\/\/www.youtube.com\/@vosgesinfo"]},{"@type":"Person","@id":"https:\/\/vosgesinfo.fr\/gerardmerinfo\/#\/schema\/person\/27a3695b06db98895b354c0765cdfc31","name":"La redaction","image":{"@type":"ImageObject","inLanguage":"fr-FR","@id":"https:\/\/vosgesinfo.fr\/gerardmerinfo\/#\/schema\/person\/image\/","url":"https:\/\/secure.gravatar.com\/avatar\/64c76a78e501cedee55736f43f332df901e1896ae9cd8fad269ae2236dd0e8b6?s=96&d=mm&r=g","contentUrl":"https:\/\/secure.gravatar.com\/avatar\/64c76a78e501cedee55736f43f332df901e1896ae9cd8fad269ae2236dd0e8b6?s=96&d=mm&r=g","caption":"La redaction"},"url":"https:\/\/vosgesinfo.fr\/gerardmerinfo\/author\/la-redaction\/"}]}},"_links":{"self":[{"href":"https:\/\/vosgesinfo.fr\/gerardmerinfo\/wp-json\/wp\/v2\/posts\/75243","targetHints":{"allow":["GET"]}}],"collection":[{"href":"https:\/\/vosgesinfo.fr\/gerardmerinfo\/wp-json\/wp\/v2\/posts"}],"about":[{"href":"https:\/\/vosgesinfo.fr\/gerardmerinfo\/wp-json\/wp\/v2\/types\/post"}],"author":[{"embeddable":true,"href":"https:\/\/vosgesinfo.fr\/gerardmerinfo\/wp-json\/wp\/v2\/users\/391"}],"replies":[{"embeddable":true,"href":"https:\/\/vosgesinfo.fr\/gerardmerinfo\/wp-json\/wp\/v2\/comments?post=75243"}],"version-history":[{"count":1,"href":"https:\/\/vosgesinfo.fr\/gerardmerinfo\/wp-json\/wp\/v2\/posts\/75243\/revisions"}],"predecessor-version":[{"id":75247,"href":"https:\/\/vosgesinfo.fr\/gerardmerinfo\/wp-json\/wp\/v2\/posts\/75243\/revisions\/75247"}],"wp:featuredmedia":[{"embeddable":true,"href":"https:\/\/vosgesinfo.fr\/gerardmerinfo\/wp-json\/wp\/v2\/media\/75245"}],"wp:attachment":[{"href":"https:\/\/vosgesinfo.fr\/gerardmerinfo\/wp-json\/wp\/v2\/media?parent=75243"}],"wp:term":[{"taxonomy":"category","embeddable":true,"href":"https:\/\/vosgesinfo.fr\/gerardmerinfo\/wp-json\/wp\/v2\/categories?post=75243"},{"taxonomy":"post_tag","embeddable":true,"href":"https:\/\/vosgesinfo.fr\/gerardmerinfo\/wp-json\/wp\/v2\/tags?post=75243"}],"curies":[{"name":"wp","href":"https:\/\/api.w.org\/{rel}","templated":true}]}}