{"id":75259,"date":"2025-03-12T09:39:21","date_gmt":"2025-03-12T08:39:21","guid":{"rendered":"https:\/\/vosgesinfo.fr\/gerardmerinfo\/?p=75259"},"modified":"2025-03-12T09:27:59","modified_gmt":"2025-03-12T08:27:59","slug":"arzt-sur-la-scene-de-gerardmer-electro-montain-festival-un-retour-aux-sources","status":"publish","type":"post","link":"https:\/\/vosgesinfo.fr\/gerardmerinfo\/2025\/03\/arzt-sur-la-scene-de-gerardmer-electro-montain-festival-un-retour-aux-sources\/","title":{"rendered":"ARZT sur la sc\u00e8ne de G\u00e9rardmer Electro Montain\u00a0Festival : un retour aux sources"},"content":{"rendered":"<div id=\"attachment_75261\" style=\"width: 1034px\" class=\"wp-caption aligncenter\"><a href=\"https:\/\/vosgesinfo.fr\/app\/uploads\/sites\/6\/2025\/03\/artz-electro-montain-scaled.jpeg\"><img decoding=\"async\" aria-describedby=\"caption-attachment-75261\" class=\"wp-image-75261 size-large\" src=\"https:\/\/vosgesinfo.fr\/app\/uploads\/sites\/6\/2025\/03\/artz-electro-montain-1024x768.jpeg\" alt=\"\" width=\"1024\" height=\"768\" srcset=\"https:\/\/vosgesinfo.fr\/app\/uploads\/sites\/6\/2025\/03\/artz-electro-montain-1024x768.jpeg 1024w, https:\/\/vosgesinfo.fr\/app\/uploads\/sites\/6\/2025\/03\/artz-electro-montain-300x225.jpeg 300w, https:\/\/vosgesinfo.fr\/app\/uploads\/sites\/6\/2025\/03\/artz-electro-montain-768x576.jpeg 768w, https:\/\/vosgesinfo.fr\/app\/uploads\/sites\/6\/2025\/03\/artz-electro-montain-1536x1152.jpeg 1536w, https:\/\/vosgesinfo.fr\/app\/uploads\/sites\/6\/2025\/03\/artz-electro-montain-2048x1536.jpeg 2048w\" sizes=\"(max-width: 1024px) 100vw, 1024px\" \/><\/a><p id=\"caption-attachment-75261\" class=\"wp-caption-text\">Kellian Echard alias Arzt entour\u00e9 de sa compagne et sa s\u0153ur<\/p><\/div>\n<p>&nbsp;<\/p>\n<p data-pm-slice=\"1 1 []\"><strong>Pour la 3\u1d49 \u00e9dition du festival \u00e9lectro \u00e0 l\u2019Espace Lac ce week-end, cinq DJ se produisaient sur sc\u00e8ne le vendredi soir devant plus de 1000 personnes. Il y avait notamment Arzt, un artiste originaire de G\u00e9rardmer pour qui c\u2019\u00e9tait la premi\u00e8re participation. Il a su mettre le feu avec un set de plus d\u2019une heure et ravi bon nombre de ses amis.<\/strong><\/p>\n<p><strong>Portrait d\u2019un jeune passionn\u00e9 de 25 ans\u00a0:<\/strong><\/p>\n<p>Kellian Echard, alias ARZT, fait de la musique depuis 7-8 ans. Il a beaucoup mix\u00e9 \u00e0 LNVRS Club de Nancy et il fait partie du collectif Rhoys. Pendant 2 ans, il avait \u00ab un peu mis la musique en stand-by \u00bb, dit-il, le temps de d\u00e9marrer son restaurant. Il \u00ab se relance \u00e0 fond \u00bb et sort un EP\/album prochainement o\u00f9 il va montrer ce qu\u2019il aime en musique au sens large. Il s\u2019est \u00e9quip\u00e9, au fil du temps, d\u2019un v\u00e9ritable studio \u00e0 domicile. Dans cette lanc\u00e9e, il pr\u00e9voit d\u2019aller jouer \u00e0 Bruxelles cette ann\u00e9e et ils vont organiser des soir\u00e9es \u00e0 Nancy avec le collectif.<\/p>\n<p>Pour sa pr\u00e9sence au GEMF, il se d\u00e9finit comme un DJ underground et s\u2019est un peu adapt\u00e9 \u00e0 la soir\u00e9e \u00e9lectro tout en gardant sa patte techno et son identit\u00e9. Il \u00e9prouve un \u00ab \u00e9norme plaisir d\u2019avoir \u00e9t\u00e9 invit\u00e9 de l\u00e0 o\u00f9 il vient, de jouer devant ses amis d\u2019enfance \u00bb. Il remercie Lorris Mougel et l\u2019association Acara pour leur confiance et les retrouvera au bord du lac cet \u00e9t\u00e9 pour les ap\u00e9ros \u00e9lectro. \u00ab C\u2019est cool que des gens se bougent pour faire venir de la culture \u00e0 G\u00e9rardmer \u00bb, ajoutait-il.<\/p>\n","protected":false},"excerpt":{"rendered":"<p>&nbsp; Pour la 3\u1d49 \u00e9dition du festival \u00e9lectro \u00e0 l\u2019Espace Lac ce week-end, cinq DJ se produisaient sur sc\u00e8ne le [&hellip;]<\/p>\n","protected":false},"author":258,"featured_media":75261,"comment_status":"open","ping_status":"open","sticky":false,"template":"","format":"standard","meta":{"footnotes":""},"categories":[20,34,4,5647,1163],"tags":[6862,736,6863],"class_list":["post-75259","post","type-post","status-publish","format-standard","has-post-thumbnail","hentry","category-a-la-une","category-concert","category-culture","category-gerardmer-autres-sites","category-musique","tag-arzt","tag-espace-lac","tag-gerardmer-electro-montain-festival"],"acf":[],"yoast_head":"<!-- This site is optimized with the Yoast SEO plugin v22.5 - https:\/\/yoast.com\/wordpress\/plugins\/seo\/ -->\n<title>ARZT sur la sc\u00e8ne de G\u00e9rardmer Electro Montain\u00a0Festival : un retour aux sources - Gerardmer Info<\/title>\n<meta name=\"robots\" content=\"index, follow, max-snippet:-1, max-image-preview:large, max-video-preview:-1\" \/>\n<link rel=\"canonical\" href=\"https:\/\/vosgesinfo.fr\/gerardmerinfo\/2025\/03\/arzt-sur-la-scene-de-gerardmer-electro-montain-festival-un-retour-aux-sources\/\" \/>\n<meta name=\"twitter:card\" content=\"summary_large_image\" \/>\n<meta name=\"twitter:title\" content=\"ARZT sur la sc\u00e8ne de G\u00e9rardmer Electro Montain\u00a0Festival : un retour aux sources - Gerardmer Info\" \/>\n<meta name=\"twitter:description\" content=\"&nbsp; Pour la 3\u1d49 \u00e9dition du festival \u00e9lectro \u00e0 l\u2019Espace Lac ce week-end, cinq DJ se produisaient sur sc\u00e8ne le [&hellip;]\" \/>\n<meta name=\"twitter:image\" content=\"https:\/\/vosgesinfo.fr\/app\/uploads\/sites\/6\/2025\/03\/artz-electro-montain-scaled.jpeg\" \/>\n<meta name=\"twitter:creator\" content=\"@VosgesInfo88\" \/>\n<meta name=\"twitter:site\" content=\"@VosgesInfo88\" \/>\n<meta name=\"twitter:label1\" content=\"\u00c9crit par\" \/>\n\t<meta name=\"twitter:data1\" content=\"I.N\" \/>\n\t<meta name=\"twitter:label2\" content=\"Dur\u00e9e de lecture estim\u00e9e\" \/>\n\t<meta name=\"twitter:data2\" content=\"2 minutes\" \/>\n<script type=\"application\/ld+json\" class=\"yoast-schema-graph\">{\"@context\":\"https:\/\/schema.org\",\"@graph\":[{\"@type\":\"Article\",\"@id\":\"https:\/\/vosgesinfo.fr\/gerardmerinfo\/2025\/03\/arzt-sur-la-scene-de-gerardmer-electro-montain-festival-un-retour-aux-sources\/#article\",\"isPartOf\":{\"@id\":\"https:\/\/vosgesinfo.fr\/gerardmerinfo\/2025\/03\/arzt-sur-la-scene-de-gerardmer-electro-montain-festival-un-retour-aux-sources\/\"},\"author\":{\"name\":\"I.N\",\"@id\":\"https:\/\/vosgesinfo.fr\/gerardmerinfo\/#\/schema\/person\/bb210d3430e59ff5cd247deaccb63615\"},\"headline\":\"ARZT sur la sc\u00e8ne de G\u00e9rardmer Electro Montain\u00a0Festival : un retour aux sources\",\"datePublished\":\"2025-03-12T08:39:21+00:00\",\"dateModified\":\"2025-03-12T08:27:59+00:00\",\"mainEntityOfPage\":{\"@id\":\"https:\/\/vosgesinfo.fr\/gerardmerinfo\/2025\/03\/arzt-sur-la-scene-de-gerardmer-electro-montain-festival-un-retour-aux-sources\/\"},\"wordCount\":310,\"commentCount\":0,\"publisher\":{\"@id\":\"https:\/\/vosgesinfo.fr\/gerardmerinfo\/#organization\"},\"image\":{\"@id\":\"https:\/\/vosgesinfo.fr\/gerardmerinfo\/2025\/03\/arzt-sur-la-scene-de-gerardmer-electro-montain-festival-un-retour-aux-sources\/#primaryimage\"},\"thumbnailUrl\":\"https:\/\/vosgesinfo.fr\/app\/uploads\/sites\/6\/2025\/03\/artz-electro-montain-scaled.jpeg\",\"keywords\":[\"Arzt\",\"espace lac\",\"G\u00e9rardmer Electro Montain Festival\"],\"articleSection\":[\"A la une\",\"Concert\",\"Culture\",\"Gerardmer\",\"Musique\"],\"inLanguage\":\"fr-FR\",\"potentialAction\":[{\"@type\":\"CommentAction\",\"name\":\"Comment\",\"target\":[\"https:\/\/vosgesinfo.fr\/gerardmerinfo\/2025\/03\/arzt-sur-la-scene-de-gerardmer-electro-montain-festival-un-retour-aux-sources\/#respond\"]}]},{\"@type\":\"WebPage\",\"@id\":\"https:\/\/vosgesinfo.fr\/gerardmerinfo\/2025\/03\/arzt-sur-la-scene-de-gerardmer-electro-montain-festival-un-retour-aux-sources\/\",\"url\":\"https:\/\/vosgesinfo.fr\/gerardmerinfo\/2025\/03\/arzt-sur-la-scene-de-gerardmer-electro-montain-festival-un-retour-aux-sources\/\",\"name\":\"ARZT sur la sc\u00e8ne de G\u00e9rardmer Electro Montain\u00a0Festival : un retour aux sources - Gerardmer Info\",\"isPartOf\":{\"@id\":\"https:\/\/vosgesinfo.fr\/gerardmerinfo\/#website\"},\"primaryImageOfPage\":{\"@id\":\"https:\/\/vosgesinfo.fr\/gerardmerinfo\/2025\/03\/arzt-sur-la-scene-de-gerardmer-electro-montain-festival-un-retour-aux-sources\/#primaryimage\"},\"image\":{\"@id\":\"https:\/\/vosgesinfo.fr\/gerardmerinfo\/2025\/03\/arzt-sur-la-scene-de-gerardmer-electro-montain-festival-un-retour-aux-sources\/#primaryimage\"},\"thumbnailUrl\":\"https:\/\/vosgesinfo.fr\/app\/uploads\/sites\/6\/2025\/03\/artz-electro-montain-scaled.jpeg\",\"datePublished\":\"2025-03-12T08:39:21+00:00\",\"dateModified\":\"2025-03-12T08:27:59+00:00\",\"breadcrumb\":{\"@id\":\"https:\/\/vosgesinfo.fr\/gerardmerinfo\/2025\/03\/arzt-sur-la-scene-de-gerardmer-electro-montain-festival-un-retour-aux-sources\/#breadcrumb\"},\"inLanguage\":\"fr-FR\",\"potentialAction\":[{\"@type\":\"ReadAction\",\"target\":[\"https:\/\/vosgesinfo.fr\/gerardmerinfo\/2025\/03\/arzt-sur-la-scene-de-gerardmer-electro-montain-festival-un-retour-aux-sources\/\"]}]},{\"@type\":\"ImageObject\",\"inLanguage\":\"fr-FR\",\"@id\":\"https:\/\/vosgesinfo.fr\/gerardmerinfo\/2025\/03\/arzt-sur-la-scene-de-gerardmer-electro-montain-festival-un-retour-aux-sources\/#primaryimage\",\"url\":\"https:\/\/vosgesinfo.fr\/app\/uploads\/sites\/6\/2025\/03\/artz-electro-montain-scaled.jpeg\",\"contentUrl\":\"https:\/\/vosgesinfo.fr\/app\/uploads\/sites\/6\/2025\/03\/artz-electro-montain-scaled.jpeg\",\"width\":2560,\"height\":1920},{\"@type\":\"BreadcrumbList\",\"@id\":\"https:\/\/vosgesinfo.fr\/gerardmerinfo\/2025\/03\/arzt-sur-la-scene-de-gerardmer-electro-montain-festival-un-retour-aux-sources\/#breadcrumb\",\"itemListElement\":[{\"@type\":\"ListItem\",\"position\":1,\"name\":\"Home\",\"item\":\"https:\/\/vosgesinfo.fr\/gerardmerinfo\/\"},{\"@type\":\"ListItem\",\"position\":2,\"name\":\"ARZT sur la sc\u00e8ne de G\u00e9rardmer Electro Montain\u00a0Festival : un retour aux sources\"}]},{\"@type\":\"WebSite\",\"@id\":\"https:\/\/vosgesinfo.fr\/gerardmerinfo\/#website\",\"url\":\"https:\/\/vosgesinfo.fr\/gerardmerinfo\/\",\"name\":\"Gerardmer Info\",\"description\":\"Toute l&#039;actualit\u00e9 de G\u00e9rardmer\",\"publisher\":{\"@id\":\"https:\/\/vosgesinfo.fr\/gerardmerinfo\/#organization\"},\"alternateName\":\"Toute l'actualit\u00e9 de G\u00e9rardmer\",\"potentialAction\":[{\"@type\":\"SearchAction\",\"target\":{\"@type\":\"EntryPoint\",\"urlTemplate\":\"https:\/\/vosgesinfo.fr\/gerardmerinfo\/?s={search_term_string}\"},\"query-input\":\"required name=search_term_string\"}],\"inLanguage\":\"fr-FR\"},{\"@type\":\"Organization\",\"@id\":\"https:\/\/vosgesinfo.fr\/gerardmerinfo\/#organization\",\"name\":\"Gerardmer Info\",\"url\":\"https:\/\/vosgesinfo.fr\/gerardmerinfo\/\",\"logo\":{\"@type\":\"ImageObject\",\"inLanguage\":\"fr-FR\",\"@id\":\"https:\/\/vosgesinfo.fr\/gerardmerinfo\/#\/schema\/logo\/image\/\",\"url\":\"https:\/\/vosgesinfo.fr\/app\/uploads\/sites\/6\/2023\/08\/favicon-gerardmerinfo.png\",\"contentUrl\":\"https:\/\/vosgesinfo.fr\/app\/uploads\/sites\/6\/2023\/08\/favicon-gerardmerinfo.png\",\"width\":512,\"height\":512,\"caption\":\"Gerardmer Info\"},\"image\":{\"@id\":\"https:\/\/vosgesinfo.fr\/gerardmerinfo\/#\/schema\/logo\/image\/\"},\"sameAs\":[\"https:\/\/www.facebook.com\/profile.php?id=100049475262660\",\"https:\/\/x.com\/VosgesInfo88\",\"https:\/\/www.youtube.com\/@vosgesinfo\"]},{\"@type\":\"Person\",\"@id\":\"https:\/\/vosgesinfo.fr\/gerardmerinfo\/#\/schema\/person\/bb210d3430e59ff5cd247deaccb63615\",\"name\":\"I.N\",\"image\":{\"@type\":\"ImageObject\",\"inLanguage\":\"fr-FR\",\"@id\":\"https:\/\/vosgesinfo.fr\/gerardmerinfo\/#\/schema\/person\/image\/\",\"url\":\"https:\/\/secure.gravatar.com\/avatar\/612d5c20a39b1c8bc5675cc8e3d99e120730e7d080423fdafec485619845af71?s=96&d=mm&r=g\",\"contentUrl\":\"https:\/\/secure.gravatar.com\/avatar\/612d5c20a39b1c8bc5675cc8e3d99e120730e7d080423fdafec485619845af71?s=96&d=mm&r=g\",\"caption\":\"I.N\"},\"url\":\"https:\/\/vosgesinfo.fr\/gerardmerinfo\/author\/i-ngerardmer\/\"}]}<\/script>\n<!-- \/ Yoast SEO plugin. -->","yoast_head_json":{"title":"ARZT sur la sc\u00e8ne de G\u00e9rardmer Electro Montain\u00a0Festival : un retour aux sources - Gerardmer Info","robots":{"index":"index","follow":"follow","max-snippet":"max-snippet:-1","max-image-preview":"max-image-preview:large","max-video-preview":"max-video-preview:-1"},"canonical":"https:\/\/vosgesinfo.fr\/gerardmerinfo\/2025\/03\/arzt-sur-la-scene-de-gerardmer-electro-montain-festival-un-retour-aux-sources\/","twitter_card":"summary_large_image","twitter_title":"ARZT sur la sc\u00e8ne de G\u00e9rardmer Electro Montain\u00a0Festival : un retour aux sources - Gerardmer Info","twitter_description":"&nbsp; Pour la 3\u1d49 \u00e9dition du festival \u00e9lectro \u00e0 l\u2019Espace Lac ce week-end, cinq DJ se produisaient sur sc\u00e8ne le [&hellip;]","twitter_image":"https:\/\/vosgesinfo.fr\/app\/uploads\/sites\/6\/2025\/03\/artz-electro-montain-scaled.jpeg","twitter_creator":"@VosgesInfo88","twitter_site":"@VosgesInfo88","twitter_misc":{"\u00c9crit par":"I.N","Dur\u00e9e de lecture estim\u00e9e":"2 minutes"},"schema":{"@context":"https:\/\/schema.org","@graph":[{"@type":"Article","@id":"https:\/\/vosgesinfo.fr\/gerardmerinfo\/2025\/03\/arzt-sur-la-scene-de-gerardmer-electro-montain-festival-un-retour-aux-sources\/#article","isPartOf":{"@id":"https:\/\/vosgesinfo.fr\/gerardmerinfo\/2025\/03\/arzt-sur-la-scene-de-gerardmer-electro-montain-festival-un-retour-aux-sources\/"},"author":{"name":"I.N","@id":"https:\/\/vosgesinfo.fr\/gerardmerinfo\/#\/schema\/person\/bb210d3430e59ff5cd247deaccb63615"},"headline":"ARZT sur la sc\u00e8ne de G\u00e9rardmer Electro Montain\u00a0Festival : un retour aux sources","datePublished":"2025-03-12T08:39:21+00:00","dateModified":"2025-03-12T08:27:59+00:00","mainEntityOfPage":{"@id":"https:\/\/vosgesinfo.fr\/gerardmerinfo\/2025\/03\/arzt-sur-la-scene-de-gerardmer-electro-montain-festival-un-retour-aux-sources\/"},"wordCount":310,"commentCount":0,"publisher":{"@id":"https:\/\/vosgesinfo.fr\/gerardmerinfo\/#organization"},"image":{"@id":"https:\/\/vosgesinfo.fr\/gerardmerinfo\/2025\/03\/arzt-sur-la-scene-de-gerardmer-electro-montain-festival-un-retour-aux-sources\/#primaryimage"},"thumbnailUrl":"https:\/\/vosgesinfo.fr\/app\/uploads\/sites\/6\/2025\/03\/artz-electro-montain-scaled.jpeg","keywords":["Arzt","espace lac","G\u00e9rardmer Electro Montain Festival"],"articleSection":["A la une","Concert","Culture","Gerardmer","Musique"],"inLanguage":"fr-FR","potentialAction":[{"@type":"CommentAction","name":"Comment","target":["https:\/\/vosgesinfo.fr\/gerardmerinfo\/2025\/03\/arzt-sur-la-scene-de-gerardmer-electro-montain-festival-un-retour-aux-sources\/#respond"]}]},{"@type":"WebPage","@id":"https:\/\/vosgesinfo.fr\/gerardmerinfo\/2025\/03\/arzt-sur-la-scene-de-gerardmer-electro-montain-festival-un-retour-aux-sources\/","url":"https:\/\/vosgesinfo.fr\/gerardmerinfo\/2025\/03\/arzt-sur-la-scene-de-gerardmer-electro-montain-festival-un-retour-aux-sources\/","name":"ARZT sur la sc\u00e8ne de G\u00e9rardmer Electro Montain\u00a0Festival : un retour aux sources - Gerardmer Info","isPartOf":{"@id":"https:\/\/vosgesinfo.fr\/gerardmerinfo\/#website"},"primaryImageOfPage":{"@id":"https:\/\/vosgesinfo.fr\/gerardmerinfo\/2025\/03\/arzt-sur-la-scene-de-gerardmer-electro-montain-festival-un-retour-aux-sources\/#primaryimage"},"image":{"@id":"https:\/\/vosgesinfo.fr\/gerardmerinfo\/2025\/03\/arzt-sur-la-scene-de-gerardmer-electro-montain-festival-un-retour-aux-sources\/#primaryimage"},"thumbnailUrl":"https:\/\/vosgesinfo.fr\/app\/uploads\/sites\/6\/2025\/03\/artz-electro-montain-scaled.jpeg","datePublished":"2025-03-12T08:39:21+00:00","dateModified":"2025-03-12T08:27:59+00:00","breadcrumb":{"@id":"https:\/\/vosgesinfo.fr\/gerardmerinfo\/2025\/03\/arzt-sur-la-scene-de-gerardmer-electro-montain-festival-un-retour-aux-sources\/#breadcrumb"},"inLanguage":"fr-FR","potentialAction":[{"@type":"ReadAction","target":["https:\/\/vosgesinfo.fr\/gerardmerinfo\/2025\/03\/arzt-sur-la-scene-de-gerardmer-electro-montain-festival-un-retour-aux-sources\/"]}]},{"@type":"ImageObject","inLanguage":"fr-FR","@id":"https:\/\/vosgesinfo.fr\/gerardmerinfo\/2025\/03\/arzt-sur-la-scene-de-gerardmer-electro-montain-festival-un-retour-aux-sources\/#primaryimage","url":"https:\/\/vosgesinfo.fr\/app\/uploads\/sites\/6\/2025\/03\/artz-electro-montain-scaled.jpeg","contentUrl":"https:\/\/vosgesinfo.fr\/app\/uploads\/sites\/6\/2025\/03\/artz-electro-montain-scaled.jpeg","width":2560,"height":1920},{"@type":"BreadcrumbList","@id":"https:\/\/vosgesinfo.fr\/gerardmerinfo\/2025\/03\/arzt-sur-la-scene-de-gerardmer-electro-montain-festival-un-retour-aux-sources\/#breadcrumb","itemListElement":[{"@type":"ListItem","position":1,"name":"Home","item":"https:\/\/vosgesinfo.fr\/gerardmerinfo\/"},{"@type":"ListItem","position":2,"name":"ARZT sur la sc\u00e8ne de G\u00e9rardmer Electro Montain\u00a0Festival : un retour aux sources"}]},{"@type":"WebSite","@id":"https:\/\/vosgesinfo.fr\/gerardmerinfo\/#website","url":"https:\/\/vosgesinfo.fr\/gerardmerinfo\/","name":"Gerardmer Info","description":"Toute l&#039;actualit\u00e9 de G\u00e9rardmer","publisher":{"@id":"https:\/\/vosgesinfo.fr\/gerardmerinfo\/#organization"},"alternateName":"Toute l'actualit\u00e9 de G\u00e9rardmer","potentialAction":[{"@type":"SearchAction","target":{"@type":"EntryPoint","urlTemplate":"https:\/\/vosgesinfo.fr\/gerardmerinfo\/?s={search_term_string}"},"query-input":"required name=search_term_string"}],"inLanguage":"fr-FR"},{"@type":"Organization","@id":"https:\/\/vosgesinfo.fr\/gerardmerinfo\/#organization","name":"Gerardmer Info","url":"https:\/\/vosgesinfo.fr\/gerardmerinfo\/","logo":{"@type":"ImageObject","inLanguage":"fr-FR","@id":"https:\/\/vosgesinfo.fr\/gerardmerinfo\/#\/schema\/logo\/image\/","url":"https:\/\/vosgesinfo.fr\/app\/uploads\/sites\/6\/2023\/08\/favicon-gerardmerinfo.png","contentUrl":"https:\/\/vosgesinfo.fr\/app\/uploads\/sites\/6\/2023\/08\/favicon-gerardmerinfo.png","width":512,"height":512,"caption":"Gerardmer Info"},"image":{"@id":"https:\/\/vosgesinfo.fr\/gerardmerinfo\/#\/schema\/logo\/image\/"},"sameAs":["https:\/\/www.facebook.com\/profile.php?id=100049475262660","https:\/\/x.com\/VosgesInfo88","https:\/\/www.youtube.com\/@vosgesinfo"]},{"@type":"Person","@id":"https:\/\/vosgesinfo.fr\/gerardmerinfo\/#\/schema\/person\/bb210d3430e59ff5cd247deaccb63615","name":"I.N","image":{"@type":"ImageObject","inLanguage":"fr-FR","@id":"https:\/\/vosgesinfo.fr\/gerardmerinfo\/#\/schema\/person\/image\/","url":"https:\/\/secure.gravatar.com\/avatar\/612d5c20a39b1c8bc5675cc8e3d99e120730e7d080423fdafec485619845af71?s=96&d=mm&r=g","contentUrl":"https:\/\/secure.gravatar.com\/avatar\/612d5c20a39b1c8bc5675cc8e3d99e120730e7d080423fdafec485619845af71?s=96&d=mm&r=g","caption":"I.N"},"url":"https:\/\/vosgesinfo.fr\/gerardmerinfo\/author\/i-ngerardmer\/"}]}},"_links":{"self":[{"href":"https:\/\/vosgesinfo.fr\/gerardmerinfo\/wp-json\/wp\/v2\/posts\/75259","targetHints":{"allow":["GET"]}}],"collection":[{"href":"https:\/\/vosgesinfo.fr\/gerardmerinfo\/wp-json\/wp\/v2\/posts"}],"about":[{"href":"https:\/\/vosgesinfo.fr\/gerardmerinfo\/wp-json\/wp\/v2\/types\/post"}],"author":[{"embeddable":true,"href":"https:\/\/vosgesinfo.fr\/gerardmerinfo\/wp-json\/wp\/v2\/users\/258"}],"replies":[{"embeddable":true,"href":"https:\/\/vosgesinfo.fr\/gerardmerinfo\/wp-json\/wp\/v2\/comments?post=75259"}],"version-history":[{"count":5,"href":"https:\/\/vosgesinfo.fr\/gerardmerinfo\/wp-json\/wp\/v2\/posts\/75259\/revisions"}],"predecessor-version":[{"id":75271,"href":"https:\/\/vosgesinfo.fr\/gerardmerinfo\/wp-json\/wp\/v2\/posts\/75259\/revisions\/75271"}],"wp:featuredmedia":[{"embeddable":true,"href":"https:\/\/vosgesinfo.fr\/gerardmerinfo\/wp-json\/wp\/v2\/media\/75261"}],"wp:attachment":[{"href":"https:\/\/vosgesinfo.fr\/gerardmerinfo\/wp-json\/wp\/v2\/media?parent=75259"}],"wp:term":[{"taxonomy":"category","embeddable":true,"href":"https:\/\/vosgesinfo.fr\/gerardmerinfo\/wp-json\/wp\/v2\/categories?post=75259"},{"taxonomy":"post_tag","embeddable":true,"href":"https:\/\/vosgesinfo.fr\/gerardmerinfo\/wp-json\/wp\/v2\/tags?post=75259"}],"curies":[{"name":"wp","href":"https:\/\/api.w.org\/{rel}","templated":true}]}}