{"id":75401,"date":"2025-03-13T14:50:54","date_gmt":"2025-03-13T13:50:54","guid":{"rendered":"https:\/\/vosgesinfo.fr\/gerardmerinfo\/2025\/03\/christophe-naegelen-interpelle-elisabeth-borne-sur-la-situation-des-aesh\/"},"modified":"2025-03-13T14:50:54","modified_gmt":"2025-03-13T13:50:54","slug":"christophe-naegelen-interpelle-elisabeth-borne-sur-la-situation-des-aesh","status":"publish","type":"post","link":"https:\/\/vosgesinfo.fr\/gerardmerinfo\/2025\/03\/christophe-naegelen-interpelle-elisabeth-borne-sur-la-situation-des-aesh\/","title":{"rendered":"Christophe Naegelen interpelle Elisabeth Borne sur la situation des AESH"},"content":{"rendered":"<p data-start=\"84\" data-end=\"434\"><a href=\"https:\/\/vosgesinfo.fr\/app\/uploads\/sites\/5\/2025\/03\/christophe-naegelen.jpg\"><img decoding=\"async\" class=\"aligncenter size-full wp-image-79550\" src=\"https:\/\/vosgesinfo.fr\/app\/uploads\/sites\/5\/2025\/03\/christophe-naegelen.jpg\" alt=\"\" width=\"2332\" height=\"1342\" \/><\/a><\/p>\n<p data-start=\"84\" data-end=\"434\"><strong>Lors d\u2019une intervention \u00e0 l\u2019Assembl\u00e9e nationale, Christophe Naegelen, d\u00e9put\u00e9 des Vosges, a interpell\u00e9 Elisabeth Borne, ministre de l\u2019\u00c9ducation nationale, sur la pr\u00e9carit\u00e9 des Accompagnants d&rsquo;\u00c9l\u00e8ves en Situation de Handicap (AESH). Il a soulign\u00e9 le manque de personnel et la n\u00e9cessit\u00e9 d\u2019am\u00e9liorer leur statut ainsi que leur r\u00e9mun\u00e9ration.<\/strong><\/p>\n<h4 data-start=\"436\" data-end=\"486\">Un manque criant d\u2019AESH dans les Vosges<\/h4>\n<p data-start=\"487\" data-end=\"826\">Le d\u00e9put\u00e9 a illustr\u00e9 son propos par des chiffres marquants. En quatre ans, le nombre d\u2019\u00e9l\u00e8ves n\u00e9cessitant un accompagnement dans les Vosges est pass\u00e9 de 1 373 \u00e0 1 887, soit une augmentation de 514 \u00e9l\u00e8ves. Pourtant, les recrutements n\u2019ont pas suivi le m\u00eame rythme, avec seulement 84 nouveaux AESH embauch\u00e9s entre 2020 et 2024.<\/p>\n<p data-start=\"828\" data-end=\"1284\">Cela se traduit par un ratio pr\u00e9occupant de 2,36 \u00e9l\u00e8ves par AESH, rendant l\u2019accompagnement plus complexe. Christophe Naegelen a insist\u00e9 sur le besoin d\u2019augmenter le nombre d\u2019accompagnants, mais aussi de revaloriser leur salaire, souvent inf\u00e9rieur au seuil de pauvret\u00e9, pour rendre le m\u00e9tier plus attractif. Il a \u00e9galement plaid\u00e9 pour une \u00e9volution des contrats vers des temps pleins afin de garantir une meilleure stabilit\u00e9 pour les AESH.<\/p>\n<h4 data-start=\"1286\" data-end=\"1358\">Une r\u00e9ponse du gouvernement ax\u00e9e sur l\u2019attractivit\u00e9 du m\u00e9tier<\/h4>\n<p data-start=\"1359\" data-end=\"1619\">En r\u00e9ponse, Elisabeth Borne a reconnu l\u2019augmentation du nombre d\u2019\u00e9l\u00e8ves en situation de handicap scolaris\u00e9s, pass\u00e9 de 150 000 en 2005 \u00e0 520 000 aujourd\u2019hui. Elle a \u00e9galement admis les difficult\u00e9s de recrutement dans certains territoires comme les Vosges.<\/p>\n<p data-start=\"1621\" data-end=\"2041\">La ministre a assur\u00e9 que le gouvernement travaille \u00e0 am\u00e9liorer la qualit\u00e9 des emplois propos\u00e9s aux AESH, notamment en revoyant le temps de travail, les perspectives d\u2019\u00e9volution et les conditions d\u2019embauche. Elle a \u00e9galement rappel\u00e9 l\u2019importance de la collaboration avec les maires et les d\u00e9partements, qui jouent un r\u00f4le cl\u00e9 dans la gestion des Maisons D\u00e9partementales des Personnes Handicap\u00e9es (MDPH).<\/p>\n<p data-start=\"2043\" data-end=\"2290\" data-is-last-node=\"\" data-is-only-node=\"\">Si le constat est partag\u00e9, les r\u00e9ponses du gouvernement restent encore floues quant aux mesures concr\u00e8tes qui seront mises en place pour garantir un accompagnement optimal des \u00e9l\u00e8ves en situation de handicap et am\u00e9liorer le quotidien des AESH.<\/p>\n","protected":false},"excerpt":{"rendered":"<p>Lors d\u2019une intervention \u00e0 l\u2019Assembl\u00e9e nationale, Christophe Naegelen, d\u00e9put\u00e9 des Vosges, a interpell\u00e9 Elisabeth Borne, ministre de l\u2019\u00c9ducation nationale, sur [&hellip;]<\/p>\n","protected":false},"author":418,"featured_media":75402,"comment_status":"open","ping_status":"open","sticky":false,"template":"","format":"standard","meta":{"footnotes":""},"categories":[20,6,878,25,328,10,868,946],"tags":[4829,110,1173,5036],"class_list":["post-75401","post","type-post","status-publish","format-standard","has-post-thumbnail","hentry","category-a-la-une","category-education","category-epinal","category-gerardmer","category-la-plaine-des-vosges","category-politique","category-remiremont","category-saint-die","tag-aesh","tag-christophe-naegelen","tag-education-nationale","tag-elisabeth-borne"],"acf":[],"yoast_head":"<!-- This site is optimized with the Yoast SEO plugin v22.5 - https:\/\/yoast.com\/wordpress\/plugins\/seo\/ -->\n<title>Christophe Naegelen interpelle Elisabeth Borne sur la situation des AESH - Gerardmer Info<\/title>\n<meta name=\"robots\" content=\"index, follow, max-snippet:-1, max-image-preview:large, max-video-preview:-1\" \/>\n<link rel=\"canonical\" href=\"https:\/\/vosgesinfo.fr\/gerardmerinfo\/2025\/03\/christophe-naegelen-interpelle-elisabeth-borne-sur-la-situation-des-aesh\/\" \/>\n<meta name=\"twitter:card\" content=\"summary_large_image\" \/>\n<meta name=\"twitter:title\" content=\"Christophe Naegelen interpelle Elisabeth Borne sur la situation des AESH - Gerardmer Info\" \/>\n<meta name=\"twitter:description\" content=\"Lors d\u2019une intervention \u00e0 l\u2019Assembl\u00e9e nationale, Christophe Naegelen, d\u00e9put\u00e9 des Vosges, a interpell\u00e9 Elisabeth Borne, ministre de l\u2019\u00c9ducation nationale, sur [&hellip;]\" \/>\n<meta name=\"twitter:image\" content=\"https:\/\/vosgesinfo.fr\/app\/uploads\/sites\/6\/2025\/03\/christophe-naegelen-1.jpg\" \/>\n<meta name=\"twitter:creator\" content=\"@VosgesInfo88\" \/>\n<meta name=\"twitter:site\" content=\"@VosgesInfo88\" \/>\n<meta name=\"twitter:label1\" content=\"\u00c9crit par\" \/>\n\t<meta name=\"twitter:data1\" content=\"C.M\" \/>\n\t<meta name=\"twitter:label2\" content=\"Dur\u00e9e de lecture estim\u00e9e\" \/>\n\t<meta name=\"twitter:data2\" content=\"2 minutes\" \/>\n<script type=\"application\/ld+json\" class=\"yoast-schema-graph\">{\"@context\":\"https:\/\/schema.org\",\"@graph\":[{\"@type\":\"Article\",\"@id\":\"https:\/\/vosgesinfo.fr\/gerardmerinfo\/2025\/03\/christophe-naegelen-interpelle-elisabeth-borne-sur-la-situation-des-aesh\/#article\",\"isPartOf\":{\"@id\":\"https:\/\/vosgesinfo.fr\/gerardmerinfo\/2025\/03\/christophe-naegelen-interpelle-elisabeth-borne-sur-la-situation-des-aesh\/\"},\"author\":{\"name\":\"C.M\",\"@id\":\"https:\/\/vosgesinfo.fr\/gerardmerinfo\/#\/schema\/person\/4f38cd3068e342935b7304695c797d08\"},\"headline\":\"Christophe Naegelen interpelle Elisabeth Borne sur la situation des AESH\",\"datePublished\":\"2025-03-13T13:50:54+00:00\",\"dateModified\":\"2025-03-13T13:50:54+00:00\",\"mainEntityOfPage\":{\"@id\":\"https:\/\/vosgesinfo.fr\/gerardmerinfo\/2025\/03\/christophe-naegelen-interpelle-elisabeth-borne-sur-la-situation-des-aesh\/\"},\"wordCount\":367,\"commentCount\":0,\"publisher\":{\"@id\":\"https:\/\/vosgesinfo.fr\/gerardmerinfo\/#organization\"},\"image\":{\"@id\":\"https:\/\/vosgesinfo.fr\/gerardmerinfo\/2025\/03\/christophe-naegelen-interpelle-elisabeth-borne-sur-la-situation-des-aesh\/#primaryimage\"},\"thumbnailUrl\":\"https:\/\/vosgesinfo.fr\/app\/uploads\/sites\/6\/2025\/03\/christophe-naegelen-1.jpg\",\"keywords\":[\"AESH\",\"christophe Naegelen\",\"\u00c9ducation nationale\",\"Elisabeth Borne\"],\"articleSection\":[\"A la une\",\"\u00c9ducation\",\"Epinal\",\"G\u00e9rardmer\",\"La plaine des vosges\",\"Politique\",\"Remiremont\",\"Saint-di\u00e9\"],\"inLanguage\":\"fr-FR\",\"potentialAction\":[{\"@type\":\"CommentAction\",\"name\":\"Comment\",\"target\":[\"https:\/\/vosgesinfo.fr\/gerardmerinfo\/2025\/03\/christophe-naegelen-interpelle-elisabeth-borne-sur-la-situation-des-aesh\/#respond\"]}]},{\"@type\":\"WebPage\",\"@id\":\"https:\/\/vosgesinfo.fr\/gerardmerinfo\/2025\/03\/christophe-naegelen-interpelle-elisabeth-borne-sur-la-situation-des-aesh\/\",\"url\":\"https:\/\/vosgesinfo.fr\/gerardmerinfo\/2025\/03\/christophe-naegelen-interpelle-elisabeth-borne-sur-la-situation-des-aesh\/\",\"name\":\"Christophe Naegelen interpelle Elisabeth Borne sur la situation des AESH - Gerardmer Info\",\"isPartOf\":{\"@id\":\"https:\/\/vosgesinfo.fr\/gerardmerinfo\/#website\"},\"primaryImageOfPage\":{\"@id\":\"https:\/\/vosgesinfo.fr\/gerardmerinfo\/2025\/03\/christophe-naegelen-interpelle-elisabeth-borne-sur-la-situation-des-aesh\/#primaryimage\"},\"image\":{\"@id\":\"https:\/\/vosgesinfo.fr\/gerardmerinfo\/2025\/03\/christophe-naegelen-interpelle-elisabeth-borne-sur-la-situation-des-aesh\/#primaryimage\"},\"thumbnailUrl\":\"https:\/\/vosgesinfo.fr\/app\/uploads\/sites\/6\/2025\/03\/christophe-naegelen-1.jpg\",\"datePublished\":\"2025-03-13T13:50:54+00:00\",\"dateModified\":\"2025-03-13T13:50:54+00:00\",\"breadcrumb\":{\"@id\":\"https:\/\/vosgesinfo.fr\/gerardmerinfo\/2025\/03\/christophe-naegelen-interpelle-elisabeth-borne-sur-la-situation-des-aesh\/#breadcrumb\"},\"inLanguage\":\"fr-FR\",\"potentialAction\":[{\"@type\":\"ReadAction\",\"target\":[\"https:\/\/vosgesinfo.fr\/gerardmerinfo\/2025\/03\/christophe-naegelen-interpelle-elisabeth-borne-sur-la-situation-des-aesh\/\"]}]},{\"@type\":\"ImageObject\",\"inLanguage\":\"fr-FR\",\"@id\":\"https:\/\/vosgesinfo.fr\/gerardmerinfo\/2025\/03\/christophe-naegelen-interpelle-elisabeth-borne-sur-la-situation-des-aesh\/#primaryimage\",\"url\":\"https:\/\/vosgesinfo.fr\/app\/uploads\/sites\/6\/2025\/03\/christophe-naegelen-1.jpg\",\"contentUrl\":\"https:\/\/vosgesinfo.fr\/app\/uploads\/sites\/6\/2025\/03\/christophe-naegelen-1.jpg\",\"width\":2332,\"height\":1342},{\"@type\":\"BreadcrumbList\",\"@id\":\"https:\/\/vosgesinfo.fr\/gerardmerinfo\/2025\/03\/christophe-naegelen-interpelle-elisabeth-borne-sur-la-situation-des-aesh\/#breadcrumb\",\"itemListElement\":[{\"@type\":\"ListItem\",\"position\":1,\"name\":\"Home\",\"item\":\"https:\/\/vosgesinfo.fr\/gerardmerinfo\/\"},{\"@type\":\"ListItem\",\"position\":2,\"name\":\"Christophe Naegelen interpelle Elisabeth Borne sur la situation des AESH\"}]},{\"@type\":\"WebSite\",\"@id\":\"https:\/\/vosgesinfo.fr\/gerardmerinfo\/#website\",\"url\":\"https:\/\/vosgesinfo.fr\/gerardmerinfo\/\",\"name\":\"Gerardmer Info\",\"description\":\"Toute l&#039;actualit\u00e9 de G\u00e9rardmer\",\"publisher\":{\"@id\":\"https:\/\/vosgesinfo.fr\/gerardmerinfo\/#organization\"},\"alternateName\":\"Toute l'actualit\u00e9 de G\u00e9rardmer\",\"potentialAction\":[{\"@type\":\"SearchAction\",\"target\":{\"@type\":\"EntryPoint\",\"urlTemplate\":\"https:\/\/vosgesinfo.fr\/gerardmerinfo\/?s={search_term_string}\"},\"query-input\":\"required name=search_term_string\"}],\"inLanguage\":\"fr-FR\"},{\"@type\":\"Organization\",\"@id\":\"https:\/\/vosgesinfo.fr\/gerardmerinfo\/#organization\",\"name\":\"Gerardmer Info\",\"url\":\"https:\/\/vosgesinfo.fr\/gerardmerinfo\/\",\"logo\":{\"@type\":\"ImageObject\",\"inLanguage\":\"fr-FR\",\"@id\":\"https:\/\/vosgesinfo.fr\/gerardmerinfo\/#\/schema\/logo\/image\/\",\"url\":\"https:\/\/vosgesinfo.fr\/app\/uploads\/sites\/6\/2023\/08\/favicon-gerardmerinfo.png\",\"contentUrl\":\"https:\/\/vosgesinfo.fr\/app\/uploads\/sites\/6\/2023\/08\/favicon-gerardmerinfo.png\",\"width\":512,\"height\":512,\"caption\":\"Gerardmer Info\"},\"image\":{\"@id\":\"https:\/\/vosgesinfo.fr\/gerardmerinfo\/#\/schema\/logo\/image\/\"},\"sameAs\":[\"https:\/\/www.facebook.com\/profile.php?id=100049475262660\",\"https:\/\/x.com\/VosgesInfo88\",\"https:\/\/www.youtube.com\/@vosgesinfo\"]},{\"@type\":\"Person\",\"@id\":\"https:\/\/vosgesinfo.fr\/gerardmerinfo\/#\/schema\/person\/4f38cd3068e342935b7304695c797d08\",\"name\":\"C.M\",\"image\":{\"@type\":\"ImageObject\",\"inLanguage\":\"fr-FR\",\"@id\":\"https:\/\/vosgesinfo.fr\/gerardmerinfo\/#\/schema\/person\/image\/\",\"url\":\"https:\/\/secure.gravatar.com\/avatar\/fe9daaef0164d920717484172682f3c5c9bcf7d42aa8c7048c76c34f0eb6c8da?s=96&d=mm&r=g\",\"contentUrl\":\"https:\/\/secure.gravatar.com\/avatar\/fe9daaef0164d920717484172682f3c5c9bcf7d42aa8c7048c76c34f0eb6c8da?s=96&d=mm&r=g\",\"caption\":\"C.M\"},\"url\":\"https:\/\/vosgesinfo.fr\/gerardmerinfo\/author\/cm88200\/\"}]}<\/script>\n<!-- \/ Yoast SEO plugin. -->","yoast_head_json":{"title":"Christophe Naegelen interpelle Elisabeth Borne sur la situation des AESH - Gerardmer Info","robots":{"index":"index","follow":"follow","max-snippet":"max-snippet:-1","max-image-preview":"max-image-preview:large","max-video-preview":"max-video-preview:-1"},"canonical":"https:\/\/vosgesinfo.fr\/gerardmerinfo\/2025\/03\/christophe-naegelen-interpelle-elisabeth-borne-sur-la-situation-des-aesh\/","twitter_card":"summary_large_image","twitter_title":"Christophe Naegelen interpelle Elisabeth Borne sur la situation des AESH - Gerardmer Info","twitter_description":"Lors d\u2019une intervention \u00e0 l\u2019Assembl\u00e9e nationale, Christophe Naegelen, d\u00e9put\u00e9 des Vosges, a interpell\u00e9 Elisabeth Borne, ministre de l\u2019\u00c9ducation nationale, sur [&hellip;]","twitter_image":"https:\/\/vosgesinfo.fr\/app\/uploads\/sites\/6\/2025\/03\/christophe-naegelen-1.jpg","twitter_creator":"@VosgesInfo88","twitter_site":"@VosgesInfo88","twitter_misc":{"\u00c9crit par":"C.M","Dur\u00e9e de lecture estim\u00e9e":"2 minutes"},"schema":{"@context":"https:\/\/schema.org","@graph":[{"@type":"Article","@id":"https:\/\/vosgesinfo.fr\/gerardmerinfo\/2025\/03\/christophe-naegelen-interpelle-elisabeth-borne-sur-la-situation-des-aesh\/#article","isPartOf":{"@id":"https:\/\/vosgesinfo.fr\/gerardmerinfo\/2025\/03\/christophe-naegelen-interpelle-elisabeth-borne-sur-la-situation-des-aesh\/"},"author":{"name":"C.M","@id":"https:\/\/vosgesinfo.fr\/gerardmerinfo\/#\/schema\/person\/4f38cd3068e342935b7304695c797d08"},"headline":"Christophe Naegelen interpelle Elisabeth Borne sur la situation des AESH","datePublished":"2025-03-13T13:50:54+00:00","dateModified":"2025-03-13T13:50:54+00:00","mainEntityOfPage":{"@id":"https:\/\/vosgesinfo.fr\/gerardmerinfo\/2025\/03\/christophe-naegelen-interpelle-elisabeth-borne-sur-la-situation-des-aesh\/"},"wordCount":367,"commentCount":0,"publisher":{"@id":"https:\/\/vosgesinfo.fr\/gerardmerinfo\/#organization"},"image":{"@id":"https:\/\/vosgesinfo.fr\/gerardmerinfo\/2025\/03\/christophe-naegelen-interpelle-elisabeth-borne-sur-la-situation-des-aesh\/#primaryimage"},"thumbnailUrl":"https:\/\/vosgesinfo.fr\/app\/uploads\/sites\/6\/2025\/03\/christophe-naegelen-1.jpg","keywords":["AESH","christophe Naegelen","\u00c9ducation nationale","Elisabeth Borne"],"articleSection":["A la une","\u00c9ducation","Epinal","G\u00e9rardmer","La plaine des vosges","Politique","Remiremont","Saint-di\u00e9"],"inLanguage":"fr-FR","potentialAction":[{"@type":"CommentAction","name":"Comment","target":["https:\/\/vosgesinfo.fr\/gerardmerinfo\/2025\/03\/christophe-naegelen-interpelle-elisabeth-borne-sur-la-situation-des-aesh\/#respond"]}]},{"@type":"WebPage","@id":"https:\/\/vosgesinfo.fr\/gerardmerinfo\/2025\/03\/christophe-naegelen-interpelle-elisabeth-borne-sur-la-situation-des-aesh\/","url":"https:\/\/vosgesinfo.fr\/gerardmerinfo\/2025\/03\/christophe-naegelen-interpelle-elisabeth-borne-sur-la-situation-des-aesh\/","name":"Christophe Naegelen interpelle Elisabeth Borne sur la situation des AESH - Gerardmer Info","isPartOf":{"@id":"https:\/\/vosgesinfo.fr\/gerardmerinfo\/#website"},"primaryImageOfPage":{"@id":"https:\/\/vosgesinfo.fr\/gerardmerinfo\/2025\/03\/christophe-naegelen-interpelle-elisabeth-borne-sur-la-situation-des-aesh\/#primaryimage"},"image":{"@id":"https:\/\/vosgesinfo.fr\/gerardmerinfo\/2025\/03\/christophe-naegelen-interpelle-elisabeth-borne-sur-la-situation-des-aesh\/#primaryimage"},"thumbnailUrl":"https:\/\/vosgesinfo.fr\/app\/uploads\/sites\/6\/2025\/03\/christophe-naegelen-1.jpg","datePublished":"2025-03-13T13:50:54+00:00","dateModified":"2025-03-13T13:50:54+00:00","breadcrumb":{"@id":"https:\/\/vosgesinfo.fr\/gerardmerinfo\/2025\/03\/christophe-naegelen-interpelle-elisabeth-borne-sur-la-situation-des-aesh\/#breadcrumb"},"inLanguage":"fr-FR","potentialAction":[{"@type":"ReadAction","target":["https:\/\/vosgesinfo.fr\/gerardmerinfo\/2025\/03\/christophe-naegelen-interpelle-elisabeth-borne-sur-la-situation-des-aesh\/"]}]},{"@type":"ImageObject","inLanguage":"fr-FR","@id":"https:\/\/vosgesinfo.fr\/gerardmerinfo\/2025\/03\/christophe-naegelen-interpelle-elisabeth-borne-sur-la-situation-des-aesh\/#primaryimage","url":"https:\/\/vosgesinfo.fr\/app\/uploads\/sites\/6\/2025\/03\/christophe-naegelen-1.jpg","contentUrl":"https:\/\/vosgesinfo.fr\/app\/uploads\/sites\/6\/2025\/03\/christophe-naegelen-1.jpg","width":2332,"height":1342},{"@type":"BreadcrumbList","@id":"https:\/\/vosgesinfo.fr\/gerardmerinfo\/2025\/03\/christophe-naegelen-interpelle-elisabeth-borne-sur-la-situation-des-aesh\/#breadcrumb","itemListElement":[{"@type":"ListItem","position":1,"name":"Home","item":"https:\/\/vosgesinfo.fr\/gerardmerinfo\/"},{"@type":"ListItem","position":2,"name":"Christophe Naegelen interpelle Elisabeth Borne sur la situation des AESH"}]},{"@type":"WebSite","@id":"https:\/\/vosgesinfo.fr\/gerardmerinfo\/#website","url":"https:\/\/vosgesinfo.fr\/gerardmerinfo\/","name":"Gerardmer Info","description":"Toute l&#039;actualit\u00e9 de G\u00e9rardmer","publisher":{"@id":"https:\/\/vosgesinfo.fr\/gerardmerinfo\/#organization"},"alternateName":"Toute l'actualit\u00e9 de G\u00e9rardmer","potentialAction":[{"@type":"SearchAction","target":{"@type":"EntryPoint","urlTemplate":"https:\/\/vosgesinfo.fr\/gerardmerinfo\/?s={search_term_string}"},"query-input":"required name=search_term_string"}],"inLanguage":"fr-FR"},{"@type":"Organization","@id":"https:\/\/vosgesinfo.fr\/gerardmerinfo\/#organization","name":"Gerardmer Info","url":"https:\/\/vosgesinfo.fr\/gerardmerinfo\/","logo":{"@type":"ImageObject","inLanguage":"fr-FR","@id":"https:\/\/vosgesinfo.fr\/gerardmerinfo\/#\/schema\/logo\/image\/","url":"https:\/\/vosgesinfo.fr\/app\/uploads\/sites\/6\/2023\/08\/favicon-gerardmerinfo.png","contentUrl":"https:\/\/vosgesinfo.fr\/app\/uploads\/sites\/6\/2023\/08\/favicon-gerardmerinfo.png","width":512,"height":512,"caption":"Gerardmer Info"},"image":{"@id":"https:\/\/vosgesinfo.fr\/gerardmerinfo\/#\/schema\/logo\/image\/"},"sameAs":["https:\/\/www.facebook.com\/profile.php?id=100049475262660","https:\/\/x.com\/VosgesInfo88","https:\/\/www.youtube.com\/@vosgesinfo"]},{"@type":"Person","@id":"https:\/\/vosgesinfo.fr\/gerardmerinfo\/#\/schema\/person\/4f38cd3068e342935b7304695c797d08","name":"C.M","image":{"@type":"ImageObject","inLanguage":"fr-FR","@id":"https:\/\/vosgesinfo.fr\/gerardmerinfo\/#\/schema\/person\/image\/","url":"https:\/\/secure.gravatar.com\/avatar\/fe9daaef0164d920717484172682f3c5c9bcf7d42aa8c7048c76c34f0eb6c8da?s=96&d=mm&r=g","contentUrl":"https:\/\/secure.gravatar.com\/avatar\/fe9daaef0164d920717484172682f3c5c9bcf7d42aa8c7048c76c34f0eb6c8da?s=96&d=mm&r=g","caption":"C.M"},"url":"https:\/\/vosgesinfo.fr\/gerardmerinfo\/author\/cm88200\/"}]}},"_links":{"self":[{"href":"https:\/\/vosgesinfo.fr\/gerardmerinfo\/wp-json\/wp\/v2\/posts\/75401","targetHints":{"allow":["GET"]}}],"collection":[{"href":"https:\/\/vosgesinfo.fr\/gerardmerinfo\/wp-json\/wp\/v2\/posts"}],"about":[{"href":"https:\/\/vosgesinfo.fr\/gerardmerinfo\/wp-json\/wp\/v2\/types\/post"}],"author":[{"embeddable":true,"href":"https:\/\/vosgesinfo.fr\/gerardmerinfo\/wp-json\/wp\/v2\/users\/418"}],"replies":[{"embeddable":true,"href":"https:\/\/vosgesinfo.fr\/gerardmerinfo\/wp-json\/wp\/v2\/comments?post=75401"}],"version-history":[{"count":0,"href":"https:\/\/vosgesinfo.fr\/gerardmerinfo\/wp-json\/wp\/v2\/posts\/75401\/revisions"}],"wp:featuredmedia":[{"embeddable":true,"href":"https:\/\/vosgesinfo.fr\/gerardmerinfo\/wp-json\/wp\/v2\/media\/75402"}],"wp:attachment":[{"href":"https:\/\/vosgesinfo.fr\/gerardmerinfo\/wp-json\/wp\/v2\/media?parent=75401"}],"wp:term":[{"taxonomy":"category","embeddable":true,"href":"https:\/\/vosgesinfo.fr\/gerardmerinfo\/wp-json\/wp\/v2\/categories?post=75401"},{"taxonomy":"post_tag","embeddable":true,"href":"https:\/\/vosgesinfo.fr\/gerardmerinfo\/wp-json\/wp\/v2\/tags?post=75401"}],"curies":[{"name":"wp","href":"https:\/\/api.w.org\/{rel}","templated":true}]}}