{"id":7555,"date":"2024-04-01T05:59:53","date_gmt":"2024-04-01T03:59:53","guid":{"rendered":"https:\/\/vosgesinfo.fr\/gerardmerinfo\/?p=7555"},"modified":"2024-03-31T15:55:24","modified_gmt":"2024-03-31T13:55:24","slug":"le-village-du-skieur-devient-le-marche-du-marcheur-et-invitera-un-surfeur","status":"publish","type":"post","link":"https:\/\/vosgesinfo.fr\/gerardmerinfo\/2024\/04\/le-village-du-skieur-devient-le-marche-du-marcheur-et-invitera-un-surfeur\/","title":{"rendered":"Le Village du Skieur devient le March\u00e9 \u2026 du Marcheur et invitera un surfeur !"},"content":{"rendered":"<p><a href=\"https:\/\/vosgesinfo.fr\/app\/uploads\/sites\/6\/2024\/03\/vague-artif.jpg\"><img decoding=\"async\" class=\"wp-image-7556 aligncenter\" src=\"https:\/\/vosgesinfo.fr\/app\/uploads\/sites\/6\/2024\/03\/vague-artif.jpg\" alt=\"\" width=\"500\" height=\"333\" srcset=\"https:\/\/vosgesinfo.fr\/app\/uploads\/sites\/6\/2024\/03\/vague-artif.jpg 800w, https:\/\/vosgesinfo.fr\/app\/uploads\/sites\/6\/2024\/03\/vague-artif-300x200.jpg 300w, https:\/\/vosgesinfo.fr\/app\/uploads\/sites\/6\/2024\/03\/vague-artif-768x512.jpg 768w\" sizes=\"(max-width: 500px) 100vw, 500px\" \/><\/a><\/p>\n<p class=\"western\" align=\"left\">Pour faire face au r\u00e9chauffement climatique et \u00e0 son impact sur l\u2019enneigement et l\u2019industrie du tourisme dans les Hautes Vosges et plus pr\u00e9cis\u00e9ment \u00e0 G\u00e9rardmer, le march\u00e9 de No\u00ebl local et son cousin le Village du Skieur ne feront plus qu\u2019un et seront d\u00e9sormais ouvert toute l\u2019ann\u00e9e, \u00e0 peu de chose pr\u00e8s. Du tourisme 4 saisons avec de nouvelles animations puisque la patinoire hivernale qui a accueilli Brian Joubert par exemple, sera remplac\u00e9 pour la saison printemps\/\u00e9t\u00e9 par une vague artificielle en continue afin que les jeunes et les moins jeunes viennent s\u2019essayer au surf. Le premier invit\u00e9 ne sera autre que le l\u00e9gendaire Kelly Slater qui viendra faire une petite d\u00e9mo et signer des autographes. Plusieurs autres projets de ce type sont dans les tuyaux et seront prochainement d\u00e9voil\u00e9s. On notera que le man\u00e8ge du village verra \u00e9galement ses cabines en forme de boules de No\u00ebl remplac\u00e9es par des noix de coco de mai \u00e0 septembre. Fini le vin chaud, on passera aux mojitos !<\/p>\n<p align=\"left\"><a href=\"https:\/\/vosgesinfo.fr\/app\/uploads\/sites\/6\/2024\/03\/marche-de-noel-manege-gerardmer-scaled.jpg\"><img decoding=\"async\" class=\"aligncenter size-medium wp-image-7557\" src=\"https:\/\/vosgesinfo.fr\/app\/uploads\/sites\/6\/2024\/03\/marche-de-noel-manege-gerardmer-300x225.jpg\" alt=\"\" width=\"300\" height=\"225\" srcset=\"https:\/\/vosgesinfo.fr\/app\/uploads\/sites\/6\/2024\/03\/marche-de-noel-manege-gerardmer-300x225.jpg 300w, https:\/\/vosgesinfo.fr\/app\/uploads\/sites\/6\/2024\/03\/marche-de-noel-manege-gerardmer-1024x768.jpg 1024w, https:\/\/vosgesinfo.fr\/app\/uploads\/sites\/6\/2024\/03\/marche-de-noel-manege-gerardmer-768x576.jpg 768w, https:\/\/vosgesinfo.fr\/app\/uploads\/sites\/6\/2024\/03\/marche-de-noel-manege-gerardmer-1536x1152.jpg 1536w, https:\/\/vosgesinfo.fr\/app\/uploads\/sites\/6\/2024\/03\/marche-de-noel-manege-gerardmer-2048x1536.jpg 2048w\" sizes=\"(max-width: 300px) 100vw, 300px\" \/><\/a><\/p>\n","protected":false},"excerpt":{"rendered":"<p>Pour faire face au r\u00e9chauffement climatique et \u00e0 son impact sur l\u2019enneigement et l\u2019industrie du tourisme dans les Hautes Vosges [&hellip;]<\/p>\n","protected":false},"author":42,"featured_media":7556,"comment_status":"open","ping_status":"open","sticky":false,"template":"","format":"standard","meta":{"footnotes":""},"categories":[20,25,15],"tags":[],"class_list":["post-7555","post","type-post","status-publish","format-standard","has-post-thumbnail","hentry","category-a-la-une","category-gerardmer","category-tourisme"],"acf":[],"yoast_head":"<!-- This site is optimized with the Yoast SEO plugin v22.5 - https:\/\/yoast.com\/wordpress\/plugins\/seo\/ -->\n<title>Le Village du Skieur devient le March\u00e9 \u2026 du Marcheur et invitera un surfeur ! - Gerardmer Info<\/title>\n<meta name=\"robots\" content=\"index, follow, max-snippet:-1, max-image-preview:large, max-video-preview:-1\" \/>\n<link rel=\"canonical\" href=\"https:\/\/vosgesinfo.fr\/gerardmerinfo\/2024\/04\/le-village-du-skieur-devient-le-marche-du-marcheur-et-invitera-un-surfeur\/\" \/>\n<meta name=\"twitter:card\" content=\"summary_large_image\" \/>\n<meta name=\"twitter:title\" content=\"Le Village du Skieur devient le March\u00e9 \u2026 du Marcheur et invitera un surfeur ! - Gerardmer Info\" \/>\n<meta name=\"twitter:description\" content=\"Pour faire face au r\u00e9chauffement climatique et \u00e0 son impact sur l\u2019enneigement et l\u2019industrie du tourisme dans les Hautes Vosges [&hellip;]\" \/>\n<meta name=\"twitter:image\" content=\"https:\/\/vosgesinfo.fr\/app\/uploads\/sites\/6\/2024\/03\/vague-artif.jpg\" \/>\n<meta name=\"twitter:creator\" content=\"@VosgesInfo88\" \/>\n<meta name=\"twitter:site\" content=\"@VosgesInfo88\" \/>\n<meta name=\"twitter:label1\" content=\"\u00c9crit par\" \/>\n\t<meta name=\"twitter:data1\" content=\"QG\" \/>\n\t<meta name=\"twitter:label2\" content=\"Dur\u00e9e de lecture estim\u00e9e\" \/>\n\t<meta name=\"twitter:data2\" content=\"1 minute\" \/>\n<script type=\"application\/ld+json\" class=\"yoast-schema-graph\">{\"@context\":\"https:\/\/schema.org\",\"@graph\":[{\"@type\":\"Article\",\"@id\":\"https:\/\/vosgesinfo.fr\/gerardmerinfo\/2024\/04\/le-village-du-skieur-devient-le-marche-du-marcheur-et-invitera-un-surfeur\/#article\",\"isPartOf\":{\"@id\":\"https:\/\/vosgesinfo.fr\/gerardmerinfo\/2024\/04\/le-village-du-skieur-devient-le-marche-du-marcheur-et-invitera-un-surfeur\/\"},\"author\":{\"name\":\"QG\",\"@id\":\"https:\/\/vosgesinfo.fr\/gerardmerinfo\/#\/schema\/person\/db5605779a843dad16b5368f3e7613a5\"},\"headline\":\"Le Village du Skieur devient le March\u00e9 \u2026 du Marcheur et invitera un surfeur !\",\"datePublished\":\"2024-04-01T03:59:53+00:00\",\"dateModified\":\"2024-03-31T13:55:24+00:00\",\"mainEntityOfPage\":{\"@id\":\"https:\/\/vosgesinfo.fr\/gerardmerinfo\/2024\/04\/le-village-du-skieur-devient-le-marche-du-marcheur-et-invitera-un-surfeur\/\"},\"wordCount\":194,\"commentCount\":3,\"publisher\":{\"@id\":\"https:\/\/vosgesinfo.fr\/gerardmerinfo\/#organization\"},\"image\":{\"@id\":\"https:\/\/vosgesinfo.fr\/gerardmerinfo\/2024\/04\/le-village-du-skieur-devient-le-marche-du-marcheur-et-invitera-un-surfeur\/#primaryimage\"},\"thumbnailUrl\":\"https:\/\/vosgesinfo.fr\/app\/uploads\/sites\/6\/2024\/03\/vague-artif.jpg\",\"articleSection\":[\"A la une\",\"G\u00e9rardmer\",\"Tourisme\"],\"inLanguage\":\"fr-FR\",\"potentialAction\":[{\"@type\":\"CommentAction\",\"name\":\"Comment\",\"target\":[\"https:\/\/vosgesinfo.fr\/gerardmerinfo\/2024\/04\/le-village-du-skieur-devient-le-marche-du-marcheur-et-invitera-un-surfeur\/#respond\"]}]},{\"@type\":\"WebPage\",\"@id\":\"https:\/\/vosgesinfo.fr\/gerardmerinfo\/2024\/04\/le-village-du-skieur-devient-le-marche-du-marcheur-et-invitera-un-surfeur\/\",\"url\":\"https:\/\/vosgesinfo.fr\/gerardmerinfo\/2024\/04\/le-village-du-skieur-devient-le-marche-du-marcheur-et-invitera-un-surfeur\/\",\"name\":\"Le Village du Skieur devient le March\u00e9 \u2026 du Marcheur et invitera un surfeur ! - Gerardmer Info\",\"isPartOf\":{\"@id\":\"https:\/\/vosgesinfo.fr\/gerardmerinfo\/#website\"},\"primaryImageOfPage\":{\"@id\":\"https:\/\/vosgesinfo.fr\/gerardmerinfo\/2024\/04\/le-village-du-skieur-devient-le-marche-du-marcheur-et-invitera-un-surfeur\/#primaryimage\"},\"image\":{\"@id\":\"https:\/\/vosgesinfo.fr\/gerardmerinfo\/2024\/04\/le-village-du-skieur-devient-le-marche-du-marcheur-et-invitera-un-surfeur\/#primaryimage\"},\"thumbnailUrl\":\"https:\/\/vosgesinfo.fr\/app\/uploads\/sites\/6\/2024\/03\/vague-artif.jpg\",\"datePublished\":\"2024-04-01T03:59:53+00:00\",\"dateModified\":\"2024-03-31T13:55:24+00:00\",\"breadcrumb\":{\"@id\":\"https:\/\/vosgesinfo.fr\/gerardmerinfo\/2024\/04\/le-village-du-skieur-devient-le-marche-du-marcheur-et-invitera-un-surfeur\/#breadcrumb\"},\"inLanguage\":\"fr-FR\",\"potentialAction\":[{\"@type\":\"ReadAction\",\"target\":[\"https:\/\/vosgesinfo.fr\/gerardmerinfo\/2024\/04\/le-village-du-skieur-devient-le-marche-du-marcheur-et-invitera-un-surfeur\/\"]}]},{\"@type\":\"ImageObject\",\"inLanguage\":\"fr-FR\",\"@id\":\"https:\/\/vosgesinfo.fr\/gerardmerinfo\/2024\/04\/le-village-du-skieur-devient-le-marche-du-marcheur-et-invitera-un-surfeur\/#primaryimage\",\"url\":\"https:\/\/vosgesinfo.fr\/app\/uploads\/sites\/6\/2024\/03\/vague-artif.jpg\",\"contentUrl\":\"https:\/\/vosgesinfo.fr\/app\/uploads\/sites\/6\/2024\/03\/vague-artif.jpg\",\"width\":800,\"height\":533,\"caption\":\"CREATOR: gd-jpeg v1.0 (using IJG JPEG v80), default quality\"},{\"@type\":\"BreadcrumbList\",\"@id\":\"https:\/\/vosgesinfo.fr\/gerardmerinfo\/2024\/04\/le-village-du-skieur-devient-le-marche-du-marcheur-et-invitera-un-surfeur\/#breadcrumb\",\"itemListElement\":[{\"@type\":\"ListItem\",\"position\":1,\"name\":\"Home\",\"item\":\"https:\/\/vosgesinfo.fr\/gerardmerinfo\/\"},{\"@type\":\"ListItem\",\"position\":2,\"name\":\"Le Village du Skieur devient le March\u00e9 \u2026 du Marcheur et invitera un surfeur !\"}]},{\"@type\":\"WebSite\",\"@id\":\"https:\/\/vosgesinfo.fr\/gerardmerinfo\/#website\",\"url\":\"https:\/\/vosgesinfo.fr\/gerardmerinfo\/\",\"name\":\"Gerardmer Info\",\"description\":\"Toute l&#039;actualit\u00e9 de G\u00e9rardmer\",\"publisher\":{\"@id\":\"https:\/\/vosgesinfo.fr\/gerardmerinfo\/#organization\"},\"alternateName\":\"Toute l'actualit\u00e9 de G\u00e9rardmer\",\"potentialAction\":[{\"@type\":\"SearchAction\",\"target\":{\"@type\":\"EntryPoint\",\"urlTemplate\":\"https:\/\/vosgesinfo.fr\/gerardmerinfo\/?s={search_term_string}\"},\"query-input\":\"required name=search_term_string\"}],\"inLanguage\":\"fr-FR\"},{\"@type\":\"Organization\",\"@id\":\"https:\/\/vosgesinfo.fr\/gerardmerinfo\/#organization\",\"name\":\"Gerardmer Info\",\"url\":\"https:\/\/vosgesinfo.fr\/gerardmerinfo\/\",\"logo\":{\"@type\":\"ImageObject\",\"inLanguage\":\"fr-FR\",\"@id\":\"https:\/\/vosgesinfo.fr\/gerardmerinfo\/#\/schema\/logo\/image\/\",\"url\":\"https:\/\/vosgesinfo.fr\/app\/uploads\/sites\/6\/2023\/08\/favicon-gerardmerinfo.png\",\"contentUrl\":\"https:\/\/vosgesinfo.fr\/app\/uploads\/sites\/6\/2023\/08\/favicon-gerardmerinfo.png\",\"width\":512,\"height\":512,\"caption\":\"Gerardmer Info\"},\"image\":{\"@id\":\"https:\/\/vosgesinfo.fr\/gerardmerinfo\/#\/schema\/logo\/image\/\"},\"sameAs\":[\"https:\/\/www.facebook.com\/profile.php?id=100049475262660\",\"https:\/\/x.com\/VosgesInfo88\",\"https:\/\/www.youtube.com\/@vosgesinfo\"]},{\"@type\":\"Person\",\"@id\":\"https:\/\/vosgesinfo.fr\/gerardmerinfo\/#\/schema\/person\/db5605779a843dad16b5368f3e7613a5\",\"name\":\"QG\",\"image\":{\"@type\":\"ImageObject\",\"inLanguage\":\"fr-FR\",\"@id\":\"https:\/\/vosgesinfo.fr\/gerardmerinfo\/#\/schema\/person\/image\/\",\"url\":\"https:\/\/secure.gravatar.com\/avatar\/ea80c42c204b534408512832fde52504ecabb9706bcb6151cf6175e5b64e6793?s=96&d=mm&r=g\",\"contentUrl\":\"https:\/\/secure.gravatar.com\/avatar\/ea80c42c204b534408512832fde52504ecabb9706bcb6151cf6175e5b64e6793?s=96&d=mm&r=g\",\"caption\":\"QG\"},\"url\":\"https:\/\/vosgesinfo.fr\/gerardmerinfo\/author\/quentin88\/\"}]}<\/script>\n<!-- \/ Yoast SEO plugin. -->","yoast_head_json":{"title":"Le Village du Skieur devient le March\u00e9 \u2026 du Marcheur et invitera un surfeur ! - Gerardmer Info","robots":{"index":"index","follow":"follow","max-snippet":"max-snippet:-1","max-image-preview":"max-image-preview:large","max-video-preview":"max-video-preview:-1"},"canonical":"https:\/\/vosgesinfo.fr\/gerardmerinfo\/2024\/04\/le-village-du-skieur-devient-le-marche-du-marcheur-et-invitera-un-surfeur\/","twitter_card":"summary_large_image","twitter_title":"Le Village du Skieur devient le March\u00e9 \u2026 du Marcheur et invitera un surfeur ! - Gerardmer Info","twitter_description":"Pour faire face au r\u00e9chauffement climatique et \u00e0 son impact sur l\u2019enneigement et l\u2019industrie du tourisme dans les Hautes Vosges [&hellip;]","twitter_image":"https:\/\/vosgesinfo.fr\/app\/uploads\/sites\/6\/2024\/03\/vague-artif.jpg","twitter_creator":"@VosgesInfo88","twitter_site":"@VosgesInfo88","twitter_misc":{"\u00c9crit par":"QG","Dur\u00e9e de lecture estim\u00e9e":"1 minute"},"schema":{"@context":"https:\/\/schema.org","@graph":[{"@type":"Article","@id":"https:\/\/vosgesinfo.fr\/gerardmerinfo\/2024\/04\/le-village-du-skieur-devient-le-marche-du-marcheur-et-invitera-un-surfeur\/#article","isPartOf":{"@id":"https:\/\/vosgesinfo.fr\/gerardmerinfo\/2024\/04\/le-village-du-skieur-devient-le-marche-du-marcheur-et-invitera-un-surfeur\/"},"author":{"name":"QG","@id":"https:\/\/vosgesinfo.fr\/gerardmerinfo\/#\/schema\/person\/db5605779a843dad16b5368f3e7613a5"},"headline":"Le Village du Skieur devient le March\u00e9 \u2026 du Marcheur et invitera un surfeur !","datePublished":"2024-04-01T03:59:53+00:00","dateModified":"2024-03-31T13:55:24+00:00","mainEntityOfPage":{"@id":"https:\/\/vosgesinfo.fr\/gerardmerinfo\/2024\/04\/le-village-du-skieur-devient-le-marche-du-marcheur-et-invitera-un-surfeur\/"},"wordCount":194,"commentCount":3,"publisher":{"@id":"https:\/\/vosgesinfo.fr\/gerardmerinfo\/#organization"},"image":{"@id":"https:\/\/vosgesinfo.fr\/gerardmerinfo\/2024\/04\/le-village-du-skieur-devient-le-marche-du-marcheur-et-invitera-un-surfeur\/#primaryimage"},"thumbnailUrl":"https:\/\/vosgesinfo.fr\/app\/uploads\/sites\/6\/2024\/03\/vague-artif.jpg","articleSection":["A la une","G\u00e9rardmer","Tourisme"],"inLanguage":"fr-FR","potentialAction":[{"@type":"CommentAction","name":"Comment","target":["https:\/\/vosgesinfo.fr\/gerardmerinfo\/2024\/04\/le-village-du-skieur-devient-le-marche-du-marcheur-et-invitera-un-surfeur\/#respond"]}]},{"@type":"WebPage","@id":"https:\/\/vosgesinfo.fr\/gerardmerinfo\/2024\/04\/le-village-du-skieur-devient-le-marche-du-marcheur-et-invitera-un-surfeur\/","url":"https:\/\/vosgesinfo.fr\/gerardmerinfo\/2024\/04\/le-village-du-skieur-devient-le-marche-du-marcheur-et-invitera-un-surfeur\/","name":"Le Village du Skieur devient le March\u00e9 \u2026 du Marcheur et invitera un surfeur ! - Gerardmer Info","isPartOf":{"@id":"https:\/\/vosgesinfo.fr\/gerardmerinfo\/#website"},"primaryImageOfPage":{"@id":"https:\/\/vosgesinfo.fr\/gerardmerinfo\/2024\/04\/le-village-du-skieur-devient-le-marche-du-marcheur-et-invitera-un-surfeur\/#primaryimage"},"image":{"@id":"https:\/\/vosgesinfo.fr\/gerardmerinfo\/2024\/04\/le-village-du-skieur-devient-le-marche-du-marcheur-et-invitera-un-surfeur\/#primaryimage"},"thumbnailUrl":"https:\/\/vosgesinfo.fr\/app\/uploads\/sites\/6\/2024\/03\/vague-artif.jpg","datePublished":"2024-04-01T03:59:53+00:00","dateModified":"2024-03-31T13:55:24+00:00","breadcrumb":{"@id":"https:\/\/vosgesinfo.fr\/gerardmerinfo\/2024\/04\/le-village-du-skieur-devient-le-marche-du-marcheur-et-invitera-un-surfeur\/#breadcrumb"},"inLanguage":"fr-FR","potentialAction":[{"@type":"ReadAction","target":["https:\/\/vosgesinfo.fr\/gerardmerinfo\/2024\/04\/le-village-du-skieur-devient-le-marche-du-marcheur-et-invitera-un-surfeur\/"]}]},{"@type":"ImageObject","inLanguage":"fr-FR","@id":"https:\/\/vosgesinfo.fr\/gerardmerinfo\/2024\/04\/le-village-du-skieur-devient-le-marche-du-marcheur-et-invitera-un-surfeur\/#primaryimage","url":"https:\/\/vosgesinfo.fr\/app\/uploads\/sites\/6\/2024\/03\/vague-artif.jpg","contentUrl":"https:\/\/vosgesinfo.fr\/app\/uploads\/sites\/6\/2024\/03\/vague-artif.jpg","width":800,"height":533,"caption":"CREATOR: gd-jpeg v1.0 (using IJG JPEG v80), default quality"},{"@type":"BreadcrumbList","@id":"https:\/\/vosgesinfo.fr\/gerardmerinfo\/2024\/04\/le-village-du-skieur-devient-le-marche-du-marcheur-et-invitera-un-surfeur\/#breadcrumb","itemListElement":[{"@type":"ListItem","position":1,"name":"Home","item":"https:\/\/vosgesinfo.fr\/gerardmerinfo\/"},{"@type":"ListItem","position":2,"name":"Le Village du Skieur devient le March\u00e9 \u2026 du Marcheur et invitera un surfeur !"}]},{"@type":"WebSite","@id":"https:\/\/vosgesinfo.fr\/gerardmerinfo\/#website","url":"https:\/\/vosgesinfo.fr\/gerardmerinfo\/","name":"Gerardmer Info","description":"Toute l&#039;actualit\u00e9 de G\u00e9rardmer","publisher":{"@id":"https:\/\/vosgesinfo.fr\/gerardmerinfo\/#organization"},"alternateName":"Toute l'actualit\u00e9 de G\u00e9rardmer","potentialAction":[{"@type":"SearchAction","target":{"@type":"EntryPoint","urlTemplate":"https:\/\/vosgesinfo.fr\/gerardmerinfo\/?s={search_term_string}"},"query-input":"required name=search_term_string"}],"inLanguage":"fr-FR"},{"@type":"Organization","@id":"https:\/\/vosgesinfo.fr\/gerardmerinfo\/#organization","name":"Gerardmer Info","url":"https:\/\/vosgesinfo.fr\/gerardmerinfo\/","logo":{"@type":"ImageObject","inLanguage":"fr-FR","@id":"https:\/\/vosgesinfo.fr\/gerardmerinfo\/#\/schema\/logo\/image\/","url":"https:\/\/vosgesinfo.fr\/app\/uploads\/sites\/6\/2023\/08\/favicon-gerardmerinfo.png","contentUrl":"https:\/\/vosgesinfo.fr\/app\/uploads\/sites\/6\/2023\/08\/favicon-gerardmerinfo.png","width":512,"height":512,"caption":"Gerardmer Info"},"image":{"@id":"https:\/\/vosgesinfo.fr\/gerardmerinfo\/#\/schema\/logo\/image\/"},"sameAs":["https:\/\/www.facebook.com\/profile.php?id=100049475262660","https:\/\/x.com\/VosgesInfo88","https:\/\/www.youtube.com\/@vosgesinfo"]},{"@type":"Person","@id":"https:\/\/vosgesinfo.fr\/gerardmerinfo\/#\/schema\/person\/db5605779a843dad16b5368f3e7613a5","name":"QG","image":{"@type":"ImageObject","inLanguage":"fr-FR","@id":"https:\/\/vosgesinfo.fr\/gerardmerinfo\/#\/schema\/person\/image\/","url":"https:\/\/secure.gravatar.com\/avatar\/ea80c42c204b534408512832fde52504ecabb9706bcb6151cf6175e5b64e6793?s=96&d=mm&r=g","contentUrl":"https:\/\/secure.gravatar.com\/avatar\/ea80c42c204b534408512832fde52504ecabb9706bcb6151cf6175e5b64e6793?s=96&d=mm&r=g","caption":"QG"},"url":"https:\/\/vosgesinfo.fr\/gerardmerinfo\/author\/quentin88\/"}]}},"_links":{"self":[{"href":"https:\/\/vosgesinfo.fr\/gerardmerinfo\/wp-json\/wp\/v2\/posts\/7555","targetHints":{"allow":["GET"]}}],"collection":[{"href":"https:\/\/vosgesinfo.fr\/gerardmerinfo\/wp-json\/wp\/v2\/posts"}],"about":[{"href":"https:\/\/vosgesinfo.fr\/gerardmerinfo\/wp-json\/wp\/v2\/types\/post"}],"author":[{"embeddable":true,"href":"https:\/\/vosgesinfo.fr\/gerardmerinfo\/wp-json\/wp\/v2\/users\/42"}],"replies":[{"embeddable":true,"href":"https:\/\/vosgesinfo.fr\/gerardmerinfo\/wp-json\/wp\/v2\/comments?post=7555"}],"version-history":[{"count":2,"href":"https:\/\/vosgesinfo.fr\/gerardmerinfo\/wp-json\/wp\/v2\/posts\/7555\/revisions"}],"predecessor-version":[{"id":7559,"href":"https:\/\/vosgesinfo.fr\/gerardmerinfo\/wp-json\/wp\/v2\/posts\/7555\/revisions\/7559"}],"wp:featuredmedia":[{"embeddable":true,"href":"https:\/\/vosgesinfo.fr\/gerardmerinfo\/wp-json\/wp\/v2\/media\/7556"}],"wp:attachment":[{"href":"https:\/\/vosgesinfo.fr\/gerardmerinfo\/wp-json\/wp\/v2\/media?parent=7555"}],"wp:term":[{"taxonomy":"category","embeddable":true,"href":"https:\/\/vosgesinfo.fr\/gerardmerinfo\/wp-json\/wp\/v2\/categories?post=7555"},{"taxonomy":"post_tag","embeddable":true,"href":"https:\/\/vosgesinfo.fr\/gerardmerinfo\/wp-json\/wp\/v2\/tags?post=7555"}],"curies":[{"name":"wp","href":"https:\/\/api.w.org\/{rel}","templated":true}]}}