{"id":7560,"date":"2024-04-15T05:58:47","date_gmt":"2024-04-15T03:58:47","guid":{"rendered":"https:\/\/vosgesinfo.fr\/gerardmerinfo\/?p=7560"},"modified":"2024-04-15T10:37:47","modified_gmt":"2024-04-15T08:37:47","slug":"ephea-musique-du-monde-en-concert-au-grattoir","status":"publish","type":"post","link":"https:\/\/vosgesinfo.fr\/gerardmerinfo\/2024\/04\/ephea-musique-du-monde-en-concert-au-grattoir\/","title":{"rendered":"EPHEA (musique du monde) en concert au Grattoir"},"content":{"rendered":"<div><a href=\"https:\/\/vosgesinfo.fr\/app\/uploads\/sites\/6\/2024\/03\/ephea.jpg\"><img decoding=\"async\" class=\"aligncenter size-large wp-image-7561\" src=\"https:\/\/vosgesinfo.fr\/app\/uploads\/sites\/6\/2024\/03\/ephea-1024x576.jpg\" alt=\"\" width=\"1024\" height=\"576\" srcset=\"https:\/\/vosgesinfo.fr\/app\/uploads\/sites\/6\/2024\/03\/ephea-1024x576.jpg 1024w, https:\/\/vosgesinfo.fr\/app\/uploads\/sites\/6\/2024\/03\/ephea-300x169.jpg 300w, https:\/\/vosgesinfo.fr\/app\/uploads\/sites\/6\/2024\/03\/ephea-768x432.jpg 768w, https:\/\/vosgesinfo.fr\/app\/uploads\/sites\/6\/2024\/03\/ephea-1536x864.jpg 1536w, https:\/\/vosgesinfo.fr\/app\/uploads\/sites\/6\/2024\/03\/ephea.jpg 1920w\" sizes=\"(max-width: 1024px) 100vw, 1024px\" \/><\/a><\/div>\n<div><\/div>\n<h3 class=\"xdj266r x11i5rnm xat24cr x1mh8g0r x1vvkbs\">Eph\u00e9a<\/h3>\n<div class=\"x11i5rnm xat24cr x1mh8g0r x1vvkbs xtlvy1s\">SONORITES LUMINEUSES NOURRIES DES MUSIQUES DU MONDE !!!<\/div>\n<div class=\"x11i5rnm xat24cr x1mh8g0r x1vvkbs xtlvy1s\">Notre groupe est la rencontre de quatre musiciens aux parcours riches et vari\u00e9s, autour d\u2019une musique originale alliant finesse et<br \/>\ng\u00e9n\u00e9rosit\u00e9. Leurs inspirations tr\u00e8s diverses et souvent ensoleill\u00e9es les ont men\u00e9s tout naturellement vers des cr\u00e9ations subtiles, empruntant parfois des th\u00e8mes connus que nos oreilles ont plaisir \u00e0<br \/>\nretrouver, naviguant toujours entre la joie de partager avec tous et un doux appel \u00e0 la m\u00e9ditation. Eph\u00e9a, une Musique r\u00eav\u00e9e\u2026<\/div>\n<div class=\"x11i5rnm xat24cr x1mh8g0r x1vvkbs xtlvy1s\">La musique d\u2019Eph\u00e9a est une invitation au voyage au gr\u00e9 de sonorit\u00e9s de divers horizons, nous faisant naviguer avec sensibilit\u00e9 vers une contr\u00e9e sans barri\u00e8res o\u00f9 inspiration rime avec cr\u00e9ation, et o\u00f9 la musique refl\u00e8te l\u2019universalit\u00e9 de notre propre humanit\u00e9. Le r\u00eave d\u2019Eph\u00e9a c\u2019est de faire de ce voyage musical un voyage int\u00e9rieur qui nous ouvre \u00e0 la fraternit\u00e9 qui rend les plus belles choses possibles, pour cr\u00e9er ensemble, le temps d\u2019un concert comme pour la vie enti\u00e8re, un monde de magie partag\u00e9e.<\/div>\n<div class=\"x11i5rnm xat24cr x1mh8g0r x1vvkbs xtlvy1s\">En bref, Eph\u00e9a ce sont des percussions profondes, une basse et une guitare denses et lumineuses, un m\u00e9lodica m\u00e9lodieux, des textes<br \/>\npo\u00e9tiques et engag\u00e9s\u2026 du reggae, de la salsa, du jazz, de la biguine, une touche de soul, et surtout beaucoup de chaleur humaine !<\/div>\n<div class=\"x11i5rnm xat24cr x1mh8g0r x1vvkbs xtlvy1s\">Laissez-vous porter !<\/div>\n<div class=\"x11i5rnm xat24cr x1mh8g0r x1vvkbs xtlvy1s\">Des textes engag\u00e9s et des sonorit\u00e9s aux couleurs lumineuses entre Salsa, inspirations Afro-carib\u00e9ennes, Jazz et Reggae<\/div>\n<div class=\"x11i5rnm xat24cr x1mh8g0r x1vvkbs xtlvy1s\">*************************************************************************************<br \/>\nEntr\u00e9e Libre + Chapeau<br \/>\n*************************************************************************************<br \/>\nLe Grattoir est un caf\u00e9 culturel associatif et solidaire&#8230; si tu souhaites participer \u00e0 son \u00e9volution culturelle, ses actions solidaires ou adh\u00e9rer \u00e0 l&rsquo;association, n&rsquo;h\u00e9site pas \u00e0 venir te renseigner aupr\u00e8s des b\u00e9n\u00e9voles sur place.<\/div>\n","protected":false},"excerpt":{"rendered":"<p>Eph\u00e9a SONORITES LUMINEUSES NOURRIES DES MUSIQUES DU MONDE !!! Notre groupe est la rencontre de quatre musiciens aux parcours riches [&hellip;]<\/p>\n","protected":false},"author":42,"featured_media":7561,"comment_status":"open","ping_status":"open","sticky":false,"template":"","format":"standard","meta":{"footnotes":""},"categories":[20,34,25,17],"tags":[35,994],"class_list":["post-7560","post","type-post","status-publish","format-standard","has-post-thumbnail","hentry","category-a-la-une","category-concert","category-gerardmer","category-vie-associative","tag-bar-le-grattoir","tag-ephea"],"acf":[],"yoast_head":"<!-- This site is optimized with the Yoast SEO plugin v22.5 - https:\/\/yoast.com\/wordpress\/plugins\/seo\/ -->\n<title>EPHEA (musique du monde) en concert au Grattoir - Gerardmer Info<\/title>\n<meta name=\"robots\" content=\"index, follow, max-snippet:-1, max-image-preview:large, max-video-preview:-1\" \/>\n<link rel=\"canonical\" href=\"https:\/\/vosgesinfo.fr\/gerardmerinfo\/2024\/04\/ephea-musique-du-monde-en-concert-au-grattoir\/\" \/>\n<meta name=\"twitter:card\" content=\"summary_large_image\" \/>\n<meta name=\"twitter:title\" content=\"EPHEA (musique du monde) en concert au Grattoir - Gerardmer Info\" \/>\n<meta name=\"twitter:description\" content=\"Eph\u00e9a SONORITES LUMINEUSES NOURRIES DES MUSIQUES DU MONDE !!! Notre groupe est la rencontre de quatre musiciens aux parcours riches [&hellip;]\" \/>\n<meta name=\"twitter:image\" content=\"https:\/\/vosgesinfo.fr\/app\/uploads\/sites\/6\/2024\/03\/ephea.jpg\" \/>\n<meta name=\"twitter:creator\" content=\"@VosgesInfo88\" \/>\n<meta name=\"twitter:site\" content=\"@VosgesInfo88\" \/>\n<meta name=\"twitter:label1\" content=\"\u00c9crit par\" \/>\n\t<meta name=\"twitter:data1\" content=\"QG\" \/>\n\t<meta name=\"twitter:label2\" content=\"Dur\u00e9e de lecture estim\u00e9e\" \/>\n\t<meta name=\"twitter:data2\" content=\"1 minute\" \/>\n<script type=\"application\/ld+json\" class=\"yoast-schema-graph\">{\"@context\":\"https:\/\/schema.org\",\"@graph\":[{\"@type\":\"Article\",\"@id\":\"https:\/\/vosgesinfo.fr\/gerardmerinfo\/2024\/04\/ephea-musique-du-monde-en-concert-au-grattoir\/#article\",\"isPartOf\":{\"@id\":\"https:\/\/vosgesinfo.fr\/gerardmerinfo\/2024\/04\/ephea-musique-du-monde-en-concert-au-grattoir\/\"},\"author\":{\"name\":\"QG\",\"@id\":\"https:\/\/vosgesinfo.fr\/gerardmerinfo\/#\/schema\/person\/db5605779a843dad16b5368f3e7613a5\"},\"headline\":\"EPHEA (musique du monde) en concert au Grattoir\",\"datePublished\":\"2024-04-15T03:58:47+00:00\",\"dateModified\":\"2024-04-15T08:37:47+00:00\",\"mainEntityOfPage\":{\"@id\":\"https:\/\/vosgesinfo.fr\/gerardmerinfo\/2024\/04\/ephea-musique-du-monde-en-concert-au-grattoir\/\"},\"wordCount\":309,\"commentCount\":0,\"publisher\":{\"@id\":\"https:\/\/vosgesinfo.fr\/gerardmerinfo\/#organization\"},\"image\":{\"@id\":\"https:\/\/vosgesinfo.fr\/gerardmerinfo\/2024\/04\/ephea-musique-du-monde-en-concert-au-grattoir\/#primaryimage\"},\"thumbnailUrl\":\"https:\/\/vosgesinfo.fr\/app\/uploads\/sites\/6\/2024\/03\/ephea.jpg\",\"keywords\":[\"bar le grattoir\",\"ephea\"],\"articleSection\":[\"A la une\",\"Concert\",\"G\u00e9rardmer\",\"Vie Associative\"],\"inLanguage\":\"fr-FR\",\"potentialAction\":[{\"@type\":\"CommentAction\",\"name\":\"Comment\",\"target\":[\"https:\/\/vosgesinfo.fr\/gerardmerinfo\/2024\/04\/ephea-musique-du-monde-en-concert-au-grattoir\/#respond\"]}]},{\"@type\":\"WebPage\",\"@id\":\"https:\/\/vosgesinfo.fr\/gerardmerinfo\/2024\/04\/ephea-musique-du-monde-en-concert-au-grattoir\/\",\"url\":\"https:\/\/vosgesinfo.fr\/gerardmerinfo\/2024\/04\/ephea-musique-du-monde-en-concert-au-grattoir\/\",\"name\":\"EPHEA (musique du monde) en concert au Grattoir - Gerardmer Info\",\"isPartOf\":{\"@id\":\"https:\/\/vosgesinfo.fr\/gerardmerinfo\/#website\"},\"primaryImageOfPage\":{\"@id\":\"https:\/\/vosgesinfo.fr\/gerardmerinfo\/2024\/04\/ephea-musique-du-monde-en-concert-au-grattoir\/#primaryimage\"},\"image\":{\"@id\":\"https:\/\/vosgesinfo.fr\/gerardmerinfo\/2024\/04\/ephea-musique-du-monde-en-concert-au-grattoir\/#primaryimage\"},\"thumbnailUrl\":\"https:\/\/vosgesinfo.fr\/app\/uploads\/sites\/6\/2024\/03\/ephea.jpg\",\"datePublished\":\"2024-04-15T03:58:47+00:00\",\"dateModified\":\"2024-04-15T08:37:47+00:00\",\"breadcrumb\":{\"@id\":\"https:\/\/vosgesinfo.fr\/gerardmerinfo\/2024\/04\/ephea-musique-du-monde-en-concert-au-grattoir\/#breadcrumb\"},\"inLanguage\":\"fr-FR\",\"potentialAction\":[{\"@type\":\"ReadAction\",\"target\":[\"https:\/\/vosgesinfo.fr\/gerardmerinfo\/2024\/04\/ephea-musique-du-monde-en-concert-au-grattoir\/\"]}]},{\"@type\":\"ImageObject\",\"inLanguage\":\"fr-FR\",\"@id\":\"https:\/\/vosgesinfo.fr\/gerardmerinfo\/2024\/04\/ephea-musique-du-monde-en-concert-au-grattoir\/#primaryimage\",\"url\":\"https:\/\/vosgesinfo.fr\/app\/uploads\/sites\/6\/2024\/03\/ephea.jpg\",\"contentUrl\":\"https:\/\/vosgesinfo.fr\/app\/uploads\/sites\/6\/2024\/03\/ephea.jpg\",\"width\":1920,\"height\":1080},{\"@type\":\"BreadcrumbList\",\"@id\":\"https:\/\/vosgesinfo.fr\/gerardmerinfo\/2024\/04\/ephea-musique-du-monde-en-concert-au-grattoir\/#breadcrumb\",\"itemListElement\":[{\"@type\":\"ListItem\",\"position\":1,\"name\":\"Home\",\"item\":\"https:\/\/vosgesinfo.fr\/gerardmerinfo\/\"},{\"@type\":\"ListItem\",\"position\":2,\"name\":\"EPHEA (musique du monde) en concert au Grattoir\"}]},{\"@type\":\"WebSite\",\"@id\":\"https:\/\/vosgesinfo.fr\/gerardmerinfo\/#website\",\"url\":\"https:\/\/vosgesinfo.fr\/gerardmerinfo\/\",\"name\":\"Gerardmer Info\",\"description\":\"Toute l&#039;actualit\u00e9 de G\u00e9rardmer\",\"publisher\":{\"@id\":\"https:\/\/vosgesinfo.fr\/gerardmerinfo\/#organization\"},\"alternateName\":\"Toute l'actualit\u00e9 de G\u00e9rardmer\",\"potentialAction\":[{\"@type\":\"SearchAction\",\"target\":{\"@type\":\"EntryPoint\",\"urlTemplate\":\"https:\/\/vosgesinfo.fr\/gerardmerinfo\/?s={search_term_string}\"},\"query-input\":\"required name=search_term_string\"}],\"inLanguage\":\"fr-FR\"},{\"@type\":\"Organization\",\"@id\":\"https:\/\/vosgesinfo.fr\/gerardmerinfo\/#organization\",\"name\":\"Gerardmer Info\",\"url\":\"https:\/\/vosgesinfo.fr\/gerardmerinfo\/\",\"logo\":{\"@type\":\"ImageObject\",\"inLanguage\":\"fr-FR\",\"@id\":\"https:\/\/vosgesinfo.fr\/gerardmerinfo\/#\/schema\/logo\/image\/\",\"url\":\"https:\/\/vosgesinfo.fr\/app\/uploads\/sites\/6\/2023\/08\/favicon-gerardmerinfo.png\",\"contentUrl\":\"https:\/\/vosgesinfo.fr\/app\/uploads\/sites\/6\/2023\/08\/favicon-gerardmerinfo.png\",\"width\":512,\"height\":512,\"caption\":\"Gerardmer Info\"},\"image\":{\"@id\":\"https:\/\/vosgesinfo.fr\/gerardmerinfo\/#\/schema\/logo\/image\/\"},\"sameAs\":[\"https:\/\/www.facebook.com\/profile.php?id=100049475262660\",\"https:\/\/x.com\/VosgesInfo88\",\"https:\/\/www.youtube.com\/@vosgesinfo\"]},{\"@type\":\"Person\",\"@id\":\"https:\/\/vosgesinfo.fr\/gerardmerinfo\/#\/schema\/person\/db5605779a843dad16b5368f3e7613a5\",\"name\":\"QG\",\"image\":{\"@type\":\"ImageObject\",\"inLanguage\":\"fr-FR\",\"@id\":\"https:\/\/vosgesinfo.fr\/gerardmerinfo\/#\/schema\/person\/image\/\",\"url\":\"https:\/\/secure.gravatar.com\/avatar\/ea80c42c204b534408512832fde52504ecabb9706bcb6151cf6175e5b64e6793?s=96&d=mm&r=g\",\"contentUrl\":\"https:\/\/secure.gravatar.com\/avatar\/ea80c42c204b534408512832fde52504ecabb9706bcb6151cf6175e5b64e6793?s=96&d=mm&r=g\",\"caption\":\"QG\"},\"url\":\"https:\/\/vosgesinfo.fr\/gerardmerinfo\/author\/quentin88\/\"}]}<\/script>\n<!-- \/ Yoast SEO plugin. -->","yoast_head_json":{"title":"EPHEA (musique du monde) en concert au Grattoir - Gerardmer Info","robots":{"index":"index","follow":"follow","max-snippet":"max-snippet:-1","max-image-preview":"max-image-preview:large","max-video-preview":"max-video-preview:-1"},"canonical":"https:\/\/vosgesinfo.fr\/gerardmerinfo\/2024\/04\/ephea-musique-du-monde-en-concert-au-grattoir\/","twitter_card":"summary_large_image","twitter_title":"EPHEA (musique du monde) en concert au Grattoir - Gerardmer Info","twitter_description":"Eph\u00e9a SONORITES LUMINEUSES NOURRIES DES MUSIQUES DU MONDE !!! Notre groupe est la rencontre de quatre musiciens aux parcours riches [&hellip;]","twitter_image":"https:\/\/vosgesinfo.fr\/app\/uploads\/sites\/6\/2024\/03\/ephea.jpg","twitter_creator":"@VosgesInfo88","twitter_site":"@VosgesInfo88","twitter_misc":{"\u00c9crit par":"QG","Dur\u00e9e de lecture estim\u00e9e":"1 minute"},"schema":{"@context":"https:\/\/schema.org","@graph":[{"@type":"Article","@id":"https:\/\/vosgesinfo.fr\/gerardmerinfo\/2024\/04\/ephea-musique-du-monde-en-concert-au-grattoir\/#article","isPartOf":{"@id":"https:\/\/vosgesinfo.fr\/gerardmerinfo\/2024\/04\/ephea-musique-du-monde-en-concert-au-grattoir\/"},"author":{"name":"QG","@id":"https:\/\/vosgesinfo.fr\/gerardmerinfo\/#\/schema\/person\/db5605779a843dad16b5368f3e7613a5"},"headline":"EPHEA (musique du monde) en concert au Grattoir","datePublished":"2024-04-15T03:58:47+00:00","dateModified":"2024-04-15T08:37:47+00:00","mainEntityOfPage":{"@id":"https:\/\/vosgesinfo.fr\/gerardmerinfo\/2024\/04\/ephea-musique-du-monde-en-concert-au-grattoir\/"},"wordCount":309,"commentCount":0,"publisher":{"@id":"https:\/\/vosgesinfo.fr\/gerardmerinfo\/#organization"},"image":{"@id":"https:\/\/vosgesinfo.fr\/gerardmerinfo\/2024\/04\/ephea-musique-du-monde-en-concert-au-grattoir\/#primaryimage"},"thumbnailUrl":"https:\/\/vosgesinfo.fr\/app\/uploads\/sites\/6\/2024\/03\/ephea.jpg","keywords":["bar le grattoir","ephea"],"articleSection":["A la une","Concert","G\u00e9rardmer","Vie Associative"],"inLanguage":"fr-FR","potentialAction":[{"@type":"CommentAction","name":"Comment","target":["https:\/\/vosgesinfo.fr\/gerardmerinfo\/2024\/04\/ephea-musique-du-monde-en-concert-au-grattoir\/#respond"]}]},{"@type":"WebPage","@id":"https:\/\/vosgesinfo.fr\/gerardmerinfo\/2024\/04\/ephea-musique-du-monde-en-concert-au-grattoir\/","url":"https:\/\/vosgesinfo.fr\/gerardmerinfo\/2024\/04\/ephea-musique-du-monde-en-concert-au-grattoir\/","name":"EPHEA (musique du monde) en concert au Grattoir - Gerardmer Info","isPartOf":{"@id":"https:\/\/vosgesinfo.fr\/gerardmerinfo\/#website"},"primaryImageOfPage":{"@id":"https:\/\/vosgesinfo.fr\/gerardmerinfo\/2024\/04\/ephea-musique-du-monde-en-concert-au-grattoir\/#primaryimage"},"image":{"@id":"https:\/\/vosgesinfo.fr\/gerardmerinfo\/2024\/04\/ephea-musique-du-monde-en-concert-au-grattoir\/#primaryimage"},"thumbnailUrl":"https:\/\/vosgesinfo.fr\/app\/uploads\/sites\/6\/2024\/03\/ephea.jpg","datePublished":"2024-04-15T03:58:47+00:00","dateModified":"2024-04-15T08:37:47+00:00","breadcrumb":{"@id":"https:\/\/vosgesinfo.fr\/gerardmerinfo\/2024\/04\/ephea-musique-du-monde-en-concert-au-grattoir\/#breadcrumb"},"inLanguage":"fr-FR","potentialAction":[{"@type":"ReadAction","target":["https:\/\/vosgesinfo.fr\/gerardmerinfo\/2024\/04\/ephea-musique-du-monde-en-concert-au-grattoir\/"]}]},{"@type":"ImageObject","inLanguage":"fr-FR","@id":"https:\/\/vosgesinfo.fr\/gerardmerinfo\/2024\/04\/ephea-musique-du-monde-en-concert-au-grattoir\/#primaryimage","url":"https:\/\/vosgesinfo.fr\/app\/uploads\/sites\/6\/2024\/03\/ephea.jpg","contentUrl":"https:\/\/vosgesinfo.fr\/app\/uploads\/sites\/6\/2024\/03\/ephea.jpg","width":1920,"height":1080},{"@type":"BreadcrumbList","@id":"https:\/\/vosgesinfo.fr\/gerardmerinfo\/2024\/04\/ephea-musique-du-monde-en-concert-au-grattoir\/#breadcrumb","itemListElement":[{"@type":"ListItem","position":1,"name":"Home","item":"https:\/\/vosgesinfo.fr\/gerardmerinfo\/"},{"@type":"ListItem","position":2,"name":"EPHEA (musique du monde) en concert au Grattoir"}]},{"@type":"WebSite","@id":"https:\/\/vosgesinfo.fr\/gerardmerinfo\/#website","url":"https:\/\/vosgesinfo.fr\/gerardmerinfo\/","name":"Gerardmer Info","description":"Toute l&#039;actualit\u00e9 de G\u00e9rardmer","publisher":{"@id":"https:\/\/vosgesinfo.fr\/gerardmerinfo\/#organization"},"alternateName":"Toute l'actualit\u00e9 de G\u00e9rardmer","potentialAction":[{"@type":"SearchAction","target":{"@type":"EntryPoint","urlTemplate":"https:\/\/vosgesinfo.fr\/gerardmerinfo\/?s={search_term_string}"},"query-input":"required name=search_term_string"}],"inLanguage":"fr-FR"},{"@type":"Organization","@id":"https:\/\/vosgesinfo.fr\/gerardmerinfo\/#organization","name":"Gerardmer Info","url":"https:\/\/vosgesinfo.fr\/gerardmerinfo\/","logo":{"@type":"ImageObject","inLanguage":"fr-FR","@id":"https:\/\/vosgesinfo.fr\/gerardmerinfo\/#\/schema\/logo\/image\/","url":"https:\/\/vosgesinfo.fr\/app\/uploads\/sites\/6\/2023\/08\/favicon-gerardmerinfo.png","contentUrl":"https:\/\/vosgesinfo.fr\/app\/uploads\/sites\/6\/2023\/08\/favicon-gerardmerinfo.png","width":512,"height":512,"caption":"Gerardmer Info"},"image":{"@id":"https:\/\/vosgesinfo.fr\/gerardmerinfo\/#\/schema\/logo\/image\/"},"sameAs":["https:\/\/www.facebook.com\/profile.php?id=100049475262660","https:\/\/x.com\/VosgesInfo88","https:\/\/www.youtube.com\/@vosgesinfo"]},{"@type":"Person","@id":"https:\/\/vosgesinfo.fr\/gerardmerinfo\/#\/schema\/person\/db5605779a843dad16b5368f3e7613a5","name":"QG","image":{"@type":"ImageObject","inLanguage":"fr-FR","@id":"https:\/\/vosgesinfo.fr\/gerardmerinfo\/#\/schema\/person\/image\/","url":"https:\/\/secure.gravatar.com\/avatar\/ea80c42c204b534408512832fde52504ecabb9706bcb6151cf6175e5b64e6793?s=96&d=mm&r=g","contentUrl":"https:\/\/secure.gravatar.com\/avatar\/ea80c42c204b534408512832fde52504ecabb9706bcb6151cf6175e5b64e6793?s=96&d=mm&r=g","caption":"QG"},"url":"https:\/\/vosgesinfo.fr\/gerardmerinfo\/author\/quentin88\/"}]}},"_links":{"self":[{"href":"https:\/\/vosgesinfo.fr\/gerardmerinfo\/wp-json\/wp\/v2\/posts\/7560","targetHints":{"allow":["GET"]}}],"collection":[{"href":"https:\/\/vosgesinfo.fr\/gerardmerinfo\/wp-json\/wp\/v2\/posts"}],"about":[{"href":"https:\/\/vosgesinfo.fr\/gerardmerinfo\/wp-json\/wp\/v2\/types\/post"}],"author":[{"embeddable":true,"href":"https:\/\/vosgesinfo.fr\/gerardmerinfo\/wp-json\/wp\/v2\/users\/42"}],"replies":[{"embeddable":true,"href":"https:\/\/vosgesinfo.fr\/gerardmerinfo\/wp-json\/wp\/v2\/comments?post=7560"}],"version-history":[{"count":1,"href":"https:\/\/vosgesinfo.fr\/gerardmerinfo\/wp-json\/wp\/v2\/posts\/7560\/revisions"}],"predecessor-version":[{"id":7562,"href":"https:\/\/vosgesinfo.fr\/gerardmerinfo\/wp-json\/wp\/v2\/posts\/7560\/revisions\/7562"}],"wp:featuredmedia":[{"embeddable":true,"href":"https:\/\/vosgesinfo.fr\/gerardmerinfo\/wp-json\/wp\/v2\/media\/7561"}],"wp:attachment":[{"href":"https:\/\/vosgesinfo.fr\/gerardmerinfo\/wp-json\/wp\/v2\/media?parent=7560"}],"wp:term":[{"taxonomy":"category","embeddable":true,"href":"https:\/\/vosgesinfo.fr\/gerardmerinfo\/wp-json\/wp\/v2\/categories?post=7560"},{"taxonomy":"post_tag","embeddable":true,"href":"https:\/\/vosgesinfo.fr\/gerardmerinfo\/wp-json\/wp\/v2\/tags?post=7560"}],"curies":[{"name":"wp","href":"https:\/\/api.w.org\/{rel}","templated":true}]}}