{"id":76346,"date":"2025-04-03T12:30:59","date_gmt":"2025-04-03T10:30:59","guid":{"rendered":"https:\/\/vosgesinfo.fr\/gerardmerinfo\/?p=76346"},"modified":"2025-04-03T12:02:22","modified_gmt":"2025-04-03T10:02:22","slug":"rencontres-du-cinema-le-nexus-vi-fait-escale-a-gerardmer","status":"publish","type":"post","link":"https:\/\/vosgesinfo.fr\/gerardmerinfo\/2025\/04\/rencontres-du-cinema-le-nexus-vi-fait-escale-a-gerardmer\/","title":{"rendered":"Rencontres du Cin\u00e9ma : le Nexus VI fait escale \u00e0 G\u00e9rardmer"},"content":{"rendered":"<p><a href=\"https:\/\/vosgesinfo.fr\/app\/uploads\/sites\/6\/2025\/04\/img-20250402-210510.jpg\"><img decoding=\"async\" class=\"aligncenter size-large wp-image-76347\" src=\"https:\/\/vosgesinfo.fr\/app\/uploads\/sites\/6\/2025\/04\/img-20250402-210510-1024x768.jpg\" alt=\"\" width=\"1024\" height=\"768\" srcset=\"https:\/\/vosgesinfo.fr\/app\/uploads\/sites\/6\/2025\/04\/img-20250402-210510-1024x768.jpg 1024w, https:\/\/vosgesinfo.fr\/app\/uploads\/sites\/6\/2025\/04\/img-20250402-210510-300x225.jpg 300w, https:\/\/vosgesinfo.fr\/app\/uploads\/sites\/6\/2025\/04\/img-20250402-210510-768x576.jpg 768w, https:\/\/vosgesinfo.fr\/app\/uploads\/sites\/6\/2025\/04\/img-20250402-210510-1536x1152.jpg 1536w, https:\/\/vosgesinfo.fr\/app\/uploads\/sites\/6\/2025\/04\/img-20250402-210510.jpg 2048w\" sizes=\"(max-width: 1024px) 100vw, 1024px\" \/><\/a><\/p>\n<h3><\/h3>\n<h3>D\u00e9j\u00e0 projet\u00e9 \u00e0 l&rsquo;occasion du festival International du Film Fantastique, \u00ab\u00a0Les Aventures du Nexus VI\u00a0\u00bb \u00e9tait propos\u00e9 au public des Rencontres du Cin\u00e9ma de G\u00e9rardmer ce mercredi soir. Un long m\u00e9trage financ\u00e9 principalement via KissKiss BankBank par les abonn\u00e9s de la cha\u00eene Youtube Nexus VI <span class=\"yt-core-attributed-string yt-core-attributed-string--white-space-pre-wrap\" dir=\"auto\" role=\"text\">(nom de la chaine et du vaisseau spatial &#8211; NDLR)<\/span>, <span class=\"yt-core-attributed-string yt-core-attributed-string--white-space-pre-wrap\" dir=\"auto\" role=\"text\"> chronique sp\u00e9cialis\u00e9e dans la Science-Fiction sous toutes ses formes (Cin\u00e9ma, Litt\u00e9rature, Jeux Vid\u00e9o, Anim\u00e9s). <\/span><\/h3>\n<p>&nbsp;<\/p>\n<p><span class=\"yt-core-attributed-string yt-core-attributed-string--white-space-pre-wrap\" dir=\"auto\" role=\"text\">Rappelons bri\u00e8vement que cette chaine qui a d\u00e9but\u00e9 en 2014 compte d\u00e9sormais pr\u00e8s de 300 000 abonn\u00e9s fans de SF. Assez rapidement, les principaux instigateurs du NEXUS VI , dont son capitaine qui anime la majorit\u00e9 des chroniques, ont eu la volont\u00e9 de r\u00e9aliser un film autour des aventures de l&rsquo;\u00e9quipage et de son vaisseau, bien encourag\u00e9s par les abonn\u00e9s. Le tournage, soutenu en grande partie par les R\u00e9gion Grand Est et produit par Fensch Toast (r\u00e9f\u00e9rence \u00e0 la vall\u00e9e de la Fensch l&rsquo;\u00e9quipe du Nexus est originaire de Thionville et ses environs), a eu lieu sur pr\u00e8s de trois mois entre 2019 et 2020. S&rsquo;en est suivi une longue, tr\u00e8s longue p\u00e9riode de montage\/post-prod. Le r\u00e9sultat est un film de divertissement entre space op\u00e9ra et sitcom, m\u00ealant action, humour et batailles spatiales, le tout bourr\u00e9 de r\u00e9f\u00e9rences aux classiques de la SF et au jeu vid\u00e9o. En r\u00e9sum\u00e9, un bon petit film \u00e0 savourer entre pote avec du pop corn et tout ce qui va avec !<br \/>\n<\/span><\/p>\n<p>Pour le d\u00e9couvrir, il faudra passer dans un premier temps par Youtube \u00e9tant donn\u00e9 que le film a \u00e9t\u00e9 produit gr\u00e2ce aux abonn\u00e9s, mais des projections au cin\u00e9ma sont \u00e9galement pr\u00e9vues prochainement : \u00ab\u00a0On voulait aussi aller \u00e0 la rencontre du public, partager \u00e7a avec eux, c&rsquo;est pour \u00e7a qu&rsquo;on voulait aussi le diffuser dans les salles, quel meilleur endroit apr\u00e8s- tout ?\u00a0\u00bb pr\u00e9cise \u00e0 ce sujet le capitaine du Nexus VI. L&rsquo;\u00e9quipage a \u00e9galement pr\u00e9cis\u00e9 qu&rsquo;un making off d&rsquo;environ 1 heure accompagnerait la projection du film qui lui-m\u00eame dure 1 heure, soit des projections d&rsquo;environ 2 heures agr\u00e9ment\u00e9es d&rsquo;\u00e9changes avec le public. En attendant, vous pouvez d\u00e9j\u00e0 embarquer dans le Nexus et aller vous r\u00e9galer des chroniques post\u00e9es r\u00e9guli\u00e8rement sur la chaine Youtube !<\/p>\n<p><a href=\"https:\/\/www.youtube.com\/@ChroniqueNEXUSVI\">https:\/\/www.youtube.com\/@ChroniqueNEXUSVI<\/a><\/p>\n","protected":false},"excerpt":{"rendered":"<p>D\u00e9j\u00e0 projet\u00e9 \u00e0 l&rsquo;occasion du festival International du Film Fantastique, \u00ab\u00a0Les Aventures du Nexus VI\u00a0\u00bb \u00e9tait propos\u00e9 au public des [&hellip;]<\/p>\n","protected":false},"author":42,"featured_media":76347,"comment_status":"open","ping_status":"open","sticky":false,"template":"","format":"standard","meta":{"footnotes":""},"categories":[20,4,878,5647,328,868,946],"tags":[7055,944],"class_list":["post-76346","post","type-post","status-publish","format-standard","has-post-thumbnail","hentry","category-a-la-une","category-culture","category-epinal","category-gerardmer-autres-sites","category-la-plaine-des-vosges","category-remiremont","category-saint-die","tag-nexus-vi","tag-rencontres-du-cinema"],"acf":[],"yoast_head":"<!-- This site is optimized with the Yoast SEO plugin v22.5 - https:\/\/yoast.com\/wordpress\/plugins\/seo\/ -->\n<title>Rencontres du Cin\u00e9ma : le Nexus VI fait escale \u00e0 G\u00e9rardmer - Gerardmer Info<\/title>\n<meta name=\"robots\" content=\"index, follow, max-snippet:-1, max-image-preview:large, max-video-preview:-1\" \/>\n<link rel=\"canonical\" href=\"https:\/\/vosgesinfo.fr\/gerardmerinfo\/2025\/04\/rencontres-du-cinema-le-nexus-vi-fait-escale-a-gerardmer\/\" \/>\n<meta name=\"twitter:card\" content=\"summary_large_image\" \/>\n<meta name=\"twitter:title\" content=\"Rencontres du Cin\u00e9ma : le Nexus VI fait escale \u00e0 G\u00e9rardmer - Gerardmer Info\" \/>\n<meta name=\"twitter:description\" content=\"D\u00e9j\u00e0 projet\u00e9 \u00e0 l&rsquo;occasion du festival International du Film Fantastique, \u00ab\u00a0Les Aventures du Nexus VI\u00a0\u00bb \u00e9tait propos\u00e9 au public des [&hellip;]\" \/>\n<meta name=\"twitter:image\" content=\"https:\/\/vosgesinfo.fr\/app\/uploads\/sites\/6\/2025\/04\/img-20250402-210510.jpg\" \/>\n<meta name=\"twitter:creator\" content=\"@VosgesInfo88\" \/>\n<meta name=\"twitter:site\" content=\"@VosgesInfo88\" \/>\n<meta name=\"twitter:label1\" content=\"\u00c9crit par\" \/>\n\t<meta name=\"twitter:data1\" content=\"QG\" \/>\n\t<meta name=\"twitter:label2\" content=\"Dur\u00e9e de lecture estim\u00e9e\" \/>\n\t<meta name=\"twitter:data2\" content=\"2 minutes\" \/>\n<script type=\"application\/ld+json\" class=\"yoast-schema-graph\">{\"@context\":\"https:\/\/schema.org\",\"@graph\":[{\"@type\":\"Article\",\"@id\":\"https:\/\/vosgesinfo.fr\/gerardmerinfo\/2025\/04\/rencontres-du-cinema-le-nexus-vi-fait-escale-a-gerardmer\/#article\",\"isPartOf\":{\"@id\":\"https:\/\/vosgesinfo.fr\/gerardmerinfo\/2025\/04\/rencontres-du-cinema-le-nexus-vi-fait-escale-a-gerardmer\/\"},\"author\":{\"name\":\"QG\",\"@id\":\"https:\/\/vosgesinfo.fr\/gerardmerinfo\/#\/schema\/person\/db5605779a843dad16b5368f3e7613a5\"},\"headline\":\"Rencontres du Cin\u00e9ma : le Nexus VI fait escale \u00e0 G\u00e9rardmer\",\"datePublished\":\"2025-04-03T10:30:59+00:00\",\"dateModified\":\"2025-04-03T10:02:22+00:00\",\"mainEntityOfPage\":{\"@id\":\"https:\/\/vosgesinfo.fr\/gerardmerinfo\/2025\/04\/rencontres-du-cinema-le-nexus-vi-fait-escale-a-gerardmer\/\"},\"wordCount\":423,\"commentCount\":0,\"publisher\":{\"@id\":\"https:\/\/vosgesinfo.fr\/gerardmerinfo\/#organization\"},\"image\":{\"@id\":\"https:\/\/vosgesinfo.fr\/gerardmerinfo\/2025\/04\/rencontres-du-cinema-le-nexus-vi-fait-escale-a-gerardmer\/#primaryimage\"},\"thumbnailUrl\":\"https:\/\/vosgesinfo.fr\/app\/uploads\/sites\/6\/2025\/04\/img-20250402-210510.jpg\",\"keywords\":[\"Nexus VI\",\"rencontres du cin\u00e9ma\"],\"articleSection\":[\"A la une\",\"Culture\",\"Epinal\",\"Gerardmer\",\"La plaine des vosges\",\"Remiremont\",\"Saint-di\u00e9\"],\"inLanguage\":\"fr-FR\",\"potentialAction\":[{\"@type\":\"CommentAction\",\"name\":\"Comment\",\"target\":[\"https:\/\/vosgesinfo.fr\/gerardmerinfo\/2025\/04\/rencontres-du-cinema-le-nexus-vi-fait-escale-a-gerardmer\/#respond\"]}]},{\"@type\":\"WebPage\",\"@id\":\"https:\/\/vosgesinfo.fr\/gerardmerinfo\/2025\/04\/rencontres-du-cinema-le-nexus-vi-fait-escale-a-gerardmer\/\",\"url\":\"https:\/\/vosgesinfo.fr\/gerardmerinfo\/2025\/04\/rencontres-du-cinema-le-nexus-vi-fait-escale-a-gerardmer\/\",\"name\":\"Rencontres du Cin\u00e9ma : le Nexus VI fait escale \u00e0 G\u00e9rardmer - Gerardmer Info\",\"isPartOf\":{\"@id\":\"https:\/\/vosgesinfo.fr\/gerardmerinfo\/#website\"},\"primaryImageOfPage\":{\"@id\":\"https:\/\/vosgesinfo.fr\/gerardmerinfo\/2025\/04\/rencontres-du-cinema-le-nexus-vi-fait-escale-a-gerardmer\/#primaryimage\"},\"image\":{\"@id\":\"https:\/\/vosgesinfo.fr\/gerardmerinfo\/2025\/04\/rencontres-du-cinema-le-nexus-vi-fait-escale-a-gerardmer\/#primaryimage\"},\"thumbnailUrl\":\"https:\/\/vosgesinfo.fr\/app\/uploads\/sites\/6\/2025\/04\/img-20250402-210510.jpg\",\"datePublished\":\"2025-04-03T10:30:59+00:00\",\"dateModified\":\"2025-04-03T10:02:22+00:00\",\"breadcrumb\":{\"@id\":\"https:\/\/vosgesinfo.fr\/gerardmerinfo\/2025\/04\/rencontres-du-cinema-le-nexus-vi-fait-escale-a-gerardmer\/#breadcrumb\"},\"inLanguage\":\"fr-FR\",\"potentialAction\":[{\"@type\":\"ReadAction\",\"target\":[\"https:\/\/vosgesinfo.fr\/gerardmerinfo\/2025\/04\/rencontres-du-cinema-le-nexus-vi-fait-escale-a-gerardmer\/\"]}]},{\"@type\":\"ImageObject\",\"inLanguage\":\"fr-FR\",\"@id\":\"https:\/\/vosgesinfo.fr\/gerardmerinfo\/2025\/04\/rencontres-du-cinema-le-nexus-vi-fait-escale-a-gerardmer\/#primaryimage\",\"url\":\"https:\/\/vosgesinfo.fr\/app\/uploads\/sites\/6\/2025\/04\/img-20250402-210510.jpg\",\"contentUrl\":\"https:\/\/vosgesinfo.fr\/app\/uploads\/sites\/6\/2025\/04\/img-20250402-210510.jpg\",\"width\":2048,\"height\":1536},{\"@type\":\"BreadcrumbList\",\"@id\":\"https:\/\/vosgesinfo.fr\/gerardmerinfo\/2025\/04\/rencontres-du-cinema-le-nexus-vi-fait-escale-a-gerardmer\/#breadcrumb\",\"itemListElement\":[{\"@type\":\"ListItem\",\"position\":1,\"name\":\"Home\",\"item\":\"https:\/\/vosgesinfo.fr\/gerardmerinfo\/\"},{\"@type\":\"ListItem\",\"position\":2,\"name\":\"Rencontres du Cin\u00e9ma : le Nexus VI fait escale \u00e0 G\u00e9rardmer\"}]},{\"@type\":\"WebSite\",\"@id\":\"https:\/\/vosgesinfo.fr\/gerardmerinfo\/#website\",\"url\":\"https:\/\/vosgesinfo.fr\/gerardmerinfo\/\",\"name\":\"Gerardmer Info\",\"description\":\"Toute l&#039;actualit\u00e9 de G\u00e9rardmer\",\"publisher\":{\"@id\":\"https:\/\/vosgesinfo.fr\/gerardmerinfo\/#organization\"},\"alternateName\":\"Toute l'actualit\u00e9 de G\u00e9rardmer\",\"potentialAction\":[{\"@type\":\"SearchAction\",\"target\":{\"@type\":\"EntryPoint\",\"urlTemplate\":\"https:\/\/vosgesinfo.fr\/gerardmerinfo\/?s={search_term_string}\"},\"query-input\":\"required name=search_term_string\"}],\"inLanguage\":\"fr-FR\"},{\"@type\":\"Organization\",\"@id\":\"https:\/\/vosgesinfo.fr\/gerardmerinfo\/#organization\",\"name\":\"Gerardmer Info\",\"url\":\"https:\/\/vosgesinfo.fr\/gerardmerinfo\/\",\"logo\":{\"@type\":\"ImageObject\",\"inLanguage\":\"fr-FR\",\"@id\":\"https:\/\/vosgesinfo.fr\/gerardmerinfo\/#\/schema\/logo\/image\/\",\"url\":\"https:\/\/vosgesinfo.fr\/app\/uploads\/sites\/6\/2023\/08\/favicon-gerardmerinfo.png\",\"contentUrl\":\"https:\/\/vosgesinfo.fr\/app\/uploads\/sites\/6\/2023\/08\/favicon-gerardmerinfo.png\",\"width\":512,\"height\":512,\"caption\":\"Gerardmer Info\"},\"image\":{\"@id\":\"https:\/\/vosgesinfo.fr\/gerardmerinfo\/#\/schema\/logo\/image\/\"},\"sameAs\":[\"https:\/\/www.facebook.com\/profile.php?id=100049475262660\",\"https:\/\/x.com\/VosgesInfo88\",\"https:\/\/www.youtube.com\/@vosgesinfo\"]},{\"@type\":\"Person\",\"@id\":\"https:\/\/vosgesinfo.fr\/gerardmerinfo\/#\/schema\/person\/db5605779a843dad16b5368f3e7613a5\",\"name\":\"QG\",\"image\":{\"@type\":\"ImageObject\",\"inLanguage\":\"fr-FR\",\"@id\":\"https:\/\/vosgesinfo.fr\/gerardmerinfo\/#\/schema\/person\/image\/\",\"url\":\"https:\/\/secure.gravatar.com\/avatar\/ea80c42c204b534408512832fde52504ecabb9706bcb6151cf6175e5b64e6793?s=96&d=mm&r=g\",\"contentUrl\":\"https:\/\/secure.gravatar.com\/avatar\/ea80c42c204b534408512832fde52504ecabb9706bcb6151cf6175e5b64e6793?s=96&d=mm&r=g\",\"caption\":\"QG\"},\"url\":\"https:\/\/vosgesinfo.fr\/gerardmerinfo\/author\/quentin88\/\"}]}<\/script>\n<!-- \/ Yoast SEO plugin. -->","yoast_head_json":{"title":"Rencontres du Cin\u00e9ma : le Nexus VI fait escale \u00e0 G\u00e9rardmer - Gerardmer Info","robots":{"index":"index","follow":"follow","max-snippet":"max-snippet:-1","max-image-preview":"max-image-preview:large","max-video-preview":"max-video-preview:-1"},"canonical":"https:\/\/vosgesinfo.fr\/gerardmerinfo\/2025\/04\/rencontres-du-cinema-le-nexus-vi-fait-escale-a-gerardmer\/","twitter_card":"summary_large_image","twitter_title":"Rencontres du Cin\u00e9ma : le Nexus VI fait escale \u00e0 G\u00e9rardmer - Gerardmer Info","twitter_description":"D\u00e9j\u00e0 projet\u00e9 \u00e0 l&rsquo;occasion du festival International du Film Fantastique, \u00ab\u00a0Les Aventures du Nexus VI\u00a0\u00bb \u00e9tait propos\u00e9 au public des [&hellip;]","twitter_image":"https:\/\/vosgesinfo.fr\/app\/uploads\/sites\/6\/2025\/04\/img-20250402-210510.jpg","twitter_creator":"@VosgesInfo88","twitter_site":"@VosgesInfo88","twitter_misc":{"\u00c9crit par":"QG","Dur\u00e9e de lecture estim\u00e9e":"2 minutes"},"schema":{"@context":"https:\/\/schema.org","@graph":[{"@type":"Article","@id":"https:\/\/vosgesinfo.fr\/gerardmerinfo\/2025\/04\/rencontres-du-cinema-le-nexus-vi-fait-escale-a-gerardmer\/#article","isPartOf":{"@id":"https:\/\/vosgesinfo.fr\/gerardmerinfo\/2025\/04\/rencontres-du-cinema-le-nexus-vi-fait-escale-a-gerardmer\/"},"author":{"name":"QG","@id":"https:\/\/vosgesinfo.fr\/gerardmerinfo\/#\/schema\/person\/db5605779a843dad16b5368f3e7613a5"},"headline":"Rencontres du Cin\u00e9ma : le Nexus VI fait escale \u00e0 G\u00e9rardmer","datePublished":"2025-04-03T10:30:59+00:00","dateModified":"2025-04-03T10:02:22+00:00","mainEntityOfPage":{"@id":"https:\/\/vosgesinfo.fr\/gerardmerinfo\/2025\/04\/rencontres-du-cinema-le-nexus-vi-fait-escale-a-gerardmer\/"},"wordCount":423,"commentCount":0,"publisher":{"@id":"https:\/\/vosgesinfo.fr\/gerardmerinfo\/#organization"},"image":{"@id":"https:\/\/vosgesinfo.fr\/gerardmerinfo\/2025\/04\/rencontres-du-cinema-le-nexus-vi-fait-escale-a-gerardmer\/#primaryimage"},"thumbnailUrl":"https:\/\/vosgesinfo.fr\/app\/uploads\/sites\/6\/2025\/04\/img-20250402-210510.jpg","keywords":["Nexus VI","rencontres du cin\u00e9ma"],"articleSection":["A la une","Culture","Epinal","Gerardmer","La plaine des vosges","Remiremont","Saint-di\u00e9"],"inLanguage":"fr-FR","potentialAction":[{"@type":"CommentAction","name":"Comment","target":["https:\/\/vosgesinfo.fr\/gerardmerinfo\/2025\/04\/rencontres-du-cinema-le-nexus-vi-fait-escale-a-gerardmer\/#respond"]}]},{"@type":"WebPage","@id":"https:\/\/vosgesinfo.fr\/gerardmerinfo\/2025\/04\/rencontres-du-cinema-le-nexus-vi-fait-escale-a-gerardmer\/","url":"https:\/\/vosgesinfo.fr\/gerardmerinfo\/2025\/04\/rencontres-du-cinema-le-nexus-vi-fait-escale-a-gerardmer\/","name":"Rencontres du Cin\u00e9ma : le Nexus VI fait escale \u00e0 G\u00e9rardmer - Gerardmer Info","isPartOf":{"@id":"https:\/\/vosgesinfo.fr\/gerardmerinfo\/#website"},"primaryImageOfPage":{"@id":"https:\/\/vosgesinfo.fr\/gerardmerinfo\/2025\/04\/rencontres-du-cinema-le-nexus-vi-fait-escale-a-gerardmer\/#primaryimage"},"image":{"@id":"https:\/\/vosgesinfo.fr\/gerardmerinfo\/2025\/04\/rencontres-du-cinema-le-nexus-vi-fait-escale-a-gerardmer\/#primaryimage"},"thumbnailUrl":"https:\/\/vosgesinfo.fr\/app\/uploads\/sites\/6\/2025\/04\/img-20250402-210510.jpg","datePublished":"2025-04-03T10:30:59+00:00","dateModified":"2025-04-03T10:02:22+00:00","breadcrumb":{"@id":"https:\/\/vosgesinfo.fr\/gerardmerinfo\/2025\/04\/rencontres-du-cinema-le-nexus-vi-fait-escale-a-gerardmer\/#breadcrumb"},"inLanguage":"fr-FR","potentialAction":[{"@type":"ReadAction","target":["https:\/\/vosgesinfo.fr\/gerardmerinfo\/2025\/04\/rencontres-du-cinema-le-nexus-vi-fait-escale-a-gerardmer\/"]}]},{"@type":"ImageObject","inLanguage":"fr-FR","@id":"https:\/\/vosgesinfo.fr\/gerardmerinfo\/2025\/04\/rencontres-du-cinema-le-nexus-vi-fait-escale-a-gerardmer\/#primaryimage","url":"https:\/\/vosgesinfo.fr\/app\/uploads\/sites\/6\/2025\/04\/img-20250402-210510.jpg","contentUrl":"https:\/\/vosgesinfo.fr\/app\/uploads\/sites\/6\/2025\/04\/img-20250402-210510.jpg","width":2048,"height":1536},{"@type":"BreadcrumbList","@id":"https:\/\/vosgesinfo.fr\/gerardmerinfo\/2025\/04\/rencontres-du-cinema-le-nexus-vi-fait-escale-a-gerardmer\/#breadcrumb","itemListElement":[{"@type":"ListItem","position":1,"name":"Home","item":"https:\/\/vosgesinfo.fr\/gerardmerinfo\/"},{"@type":"ListItem","position":2,"name":"Rencontres du Cin\u00e9ma : le Nexus VI fait escale \u00e0 G\u00e9rardmer"}]},{"@type":"WebSite","@id":"https:\/\/vosgesinfo.fr\/gerardmerinfo\/#website","url":"https:\/\/vosgesinfo.fr\/gerardmerinfo\/","name":"Gerardmer Info","description":"Toute l&#039;actualit\u00e9 de G\u00e9rardmer","publisher":{"@id":"https:\/\/vosgesinfo.fr\/gerardmerinfo\/#organization"},"alternateName":"Toute l'actualit\u00e9 de G\u00e9rardmer","potentialAction":[{"@type":"SearchAction","target":{"@type":"EntryPoint","urlTemplate":"https:\/\/vosgesinfo.fr\/gerardmerinfo\/?s={search_term_string}"},"query-input":"required name=search_term_string"}],"inLanguage":"fr-FR"},{"@type":"Organization","@id":"https:\/\/vosgesinfo.fr\/gerardmerinfo\/#organization","name":"Gerardmer Info","url":"https:\/\/vosgesinfo.fr\/gerardmerinfo\/","logo":{"@type":"ImageObject","inLanguage":"fr-FR","@id":"https:\/\/vosgesinfo.fr\/gerardmerinfo\/#\/schema\/logo\/image\/","url":"https:\/\/vosgesinfo.fr\/app\/uploads\/sites\/6\/2023\/08\/favicon-gerardmerinfo.png","contentUrl":"https:\/\/vosgesinfo.fr\/app\/uploads\/sites\/6\/2023\/08\/favicon-gerardmerinfo.png","width":512,"height":512,"caption":"Gerardmer Info"},"image":{"@id":"https:\/\/vosgesinfo.fr\/gerardmerinfo\/#\/schema\/logo\/image\/"},"sameAs":["https:\/\/www.facebook.com\/profile.php?id=100049475262660","https:\/\/x.com\/VosgesInfo88","https:\/\/www.youtube.com\/@vosgesinfo"]},{"@type":"Person","@id":"https:\/\/vosgesinfo.fr\/gerardmerinfo\/#\/schema\/person\/db5605779a843dad16b5368f3e7613a5","name":"QG","image":{"@type":"ImageObject","inLanguage":"fr-FR","@id":"https:\/\/vosgesinfo.fr\/gerardmerinfo\/#\/schema\/person\/image\/","url":"https:\/\/secure.gravatar.com\/avatar\/ea80c42c204b534408512832fde52504ecabb9706bcb6151cf6175e5b64e6793?s=96&d=mm&r=g","contentUrl":"https:\/\/secure.gravatar.com\/avatar\/ea80c42c204b534408512832fde52504ecabb9706bcb6151cf6175e5b64e6793?s=96&d=mm&r=g","caption":"QG"},"url":"https:\/\/vosgesinfo.fr\/gerardmerinfo\/author\/quentin88\/"}]}},"_links":{"self":[{"href":"https:\/\/vosgesinfo.fr\/gerardmerinfo\/wp-json\/wp\/v2\/posts\/76346","targetHints":{"allow":["GET"]}}],"collection":[{"href":"https:\/\/vosgesinfo.fr\/gerardmerinfo\/wp-json\/wp\/v2\/posts"}],"about":[{"href":"https:\/\/vosgesinfo.fr\/gerardmerinfo\/wp-json\/wp\/v2\/types\/post"}],"author":[{"embeddable":true,"href":"https:\/\/vosgesinfo.fr\/gerardmerinfo\/wp-json\/wp\/v2\/users\/42"}],"replies":[{"embeddable":true,"href":"https:\/\/vosgesinfo.fr\/gerardmerinfo\/wp-json\/wp\/v2\/comments?post=76346"}],"version-history":[{"count":1,"href":"https:\/\/vosgesinfo.fr\/gerardmerinfo\/wp-json\/wp\/v2\/posts\/76346\/revisions"}],"predecessor-version":[{"id":76348,"href":"https:\/\/vosgesinfo.fr\/gerardmerinfo\/wp-json\/wp\/v2\/posts\/76346\/revisions\/76348"}],"wp:featuredmedia":[{"embeddable":true,"href":"https:\/\/vosgesinfo.fr\/gerardmerinfo\/wp-json\/wp\/v2\/media\/76347"}],"wp:attachment":[{"href":"https:\/\/vosgesinfo.fr\/gerardmerinfo\/wp-json\/wp\/v2\/media?parent=76346"}],"wp:term":[{"taxonomy":"category","embeddable":true,"href":"https:\/\/vosgesinfo.fr\/gerardmerinfo\/wp-json\/wp\/v2\/categories?post=76346"},{"taxonomy":"post_tag","embeddable":true,"href":"https:\/\/vosgesinfo.fr\/gerardmerinfo\/wp-json\/wp\/v2\/tags?post=76346"}],"curies":[{"name":"wp","href":"https:\/\/api.w.org\/{rel}","templated":true}]}}