{"id":76349,"date":"2025-04-03T17:36:25","date_gmt":"2025-04-03T15:36:25","guid":{"rendered":"https:\/\/vosgesinfo.fr\/gerardmerinfo\/?p=76349"},"modified":"2025-04-03T15:26:35","modified_gmt":"2025-04-03T13:26:35","slug":"mexico-86-coup-de-projecteur-sur-une-des-revolutions-les-moins-mediatisees-de-lhistoire","status":"publish","type":"post","link":"https:\/\/vosgesinfo.fr\/gerardmerinfo\/2025\/04\/mexico-86-coup-de-projecteur-sur-une-des-revolutions-les-moins-mediatisees-de-lhistoire\/","title":{"rendered":"\u00ab\u00a0Mexico 86\u00a0\u00bb &#8211; coup de projecteur sur une des r\u00e9volutions les moins m\u00e9diatis\u00e9es de l&rsquo;histoire"},"content":{"rendered":"<p data-pm-slice=\"1 1 []\">Ce mercredi, le public des Rencontres du Cin\u00e9ma \u00e9tait invit\u00e9 \u00e0 d\u00e9couvrir un film, mais aussi et surtout un conflit : la r\u00e9volution guat\u00e9malt\u00e8que, sans doute la plus mal connue et les moins m\u00e9diatis\u00e9es de notre c\u00f4t\u00e9 de l&rsquo;Atlantique. C&rsquo;est en partie pour cela que le r\u00e9alisateur C\u00e9sar Diaz a choisi ce titre de \u00ab\u00a0Mexico 86\u00a0\u00bb : \u00e0 cette \u00e9poque, le monde n&rsquo;avait d&rsquo;yeux que pour la Coupe du monde de football au Mexique, pour la finale Argentine &#8211; Allemagne de l&rsquo;Ouest\u2026<\/p>\n<p><a href=\"https:\/\/vosgesinfo.fr\/app\/uploads\/sites\/6\/2025\/04\/img-20250402-202328.jpg\"><img decoding=\"async\" class=\"alignright size-medium wp-image-76350\" src=\"https:\/\/vosgesinfo.fr\/app\/uploads\/sites\/6\/2025\/04\/img-20250402-202328-300x225.jpg\" alt=\"\" width=\"300\" height=\"225\" srcset=\"https:\/\/vosgesinfo.fr\/app\/uploads\/sites\/6\/2025\/04\/img-20250402-202328-300x225.jpg 300w, https:\/\/vosgesinfo.fr\/app\/uploads\/sites\/6\/2025\/04\/img-20250402-202328-1024x768.jpg 1024w, https:\/\/vosgesinfo.fr\/app\/uploads\/sites\/6\/2025\/04\/img-20250402-202328-768x576.jpg 768w, https:\/\/vosgesinfo.fr\/app\/uploads\/sites\/6\/2025\/04\/img-20250402-202328-1536x1152.jpg 1536w, https:\/\/vosgesinfo.fr\/app\/uploads\/sites\/6\/2025\/04\/img-20250402-202328.jpg 2048w\" sizes=\"(max-width: 300px) 100vw, 300px\" \/><\/a>Et pourtant, des r\u00e9volutionnaires donnent leur vie au Guatemala, et c&rsquo;est \u00e0 travers le prisme de l&rsquo;histoire d&rsquo;une femme que C\u00e9sar Diaz a souhait\u00e9 r\u00e9aliser son film en s&rsquo;inspirant de son histoire familiale. Un film qui montre la souffrance militante d&rsquo;une g\u00e9n\u00e9ration mur\u00e9e dans le silence, celle de ses parents et grands-parents : \u00ab\u00a0S&rsquo;ils parlent, tout s&rsquo;\u00e9croule, car il y a des failles dans ce mur : de leur silence d\u00e9pend la vie des autres. Ce sont des gens qui se sont pr\u00e9par\u00e9s \u00e0 subir la torture, \u00e0 pouvoir se d\u00e9faire d&rsquo;un enfant du jour au lendemain. \u00c7a laisse des blessures, il est difficile de savoir ce que \u00e7a ferait d&rsquo;en parler, c&rsquo;est un risque qu\u2019ils ne prennent pas. Nous, notre g\u00e9n\u00e9ration, c&rsquo;est un peu l&rsquo;inverse, on a besoin de savoir, on veut en parler, car c&rsquo;est une des guerres qui a \u00e9t\u00e9 les moins film\u00e9es, on n&rsquo;a quasiment pas d&rsquo;archives de ce conflit\u00a0\u00bb explique le r\u00e9alisateur.<\/p>\n<p>C\u00f4t\u00e9 casting, Carlos Diaz a fait le choix surprenant de B\u00e9r\u00e9nice Bejo, actrice quasiment inconnue en Am\u00e9rique du Sud, mais avec laquelle il avait une sorte de v\u00e9cu commun, elle qui vient d&rsquo;Argentine et a grandi en France. \u00ab\u00a0Le fait que le film mette en avant une h\u00e9ro\u00efne est important, le fait que ce soit une femme est essentiel : globalement, aux yeux de beaucoup de gens, un homme qui part faire la r\u00e9volution est un h\u00e9ros, une femme qui part faire la r\u00e9volution abandonne sa famille\u00a0\u00bb pr\u00e9cise C\u00e9sar Diaz. C&rsquo;est aussi ce regard qui est central dans ce film, qui aurait sans doute m\u00e9rit\u00e9 de donner au spectateur un peu plus de cl\u00e9s de compr\u00e9hension du conflit pour \u00eatre plus accessible. C&rsquo;est en tout cas ce qu&rsquo;ont regrett\u00e9 certains spectateurs ce mercredi \u00e0 G\u00e9rardmer. Sortie pr\u00e9vue le 23 avril pour vous faire votre avis !<\/p>\n<p><a href=\"https:\/\/vosgesinfo.fr\/app\/uploads\/sites\/6\/2025\/04\/mexico-86.jpg\"><img decoding=\"async\" class=\"aligncenter size-medium wp-image-76351\" src=\"https:\/\/vosgesinfo.fr\/app\/uploads\/sites\/6\/2025\/04\/mexico-86-300x169.jpg\" alt=\"\" width=\"300\" height=\"169\" srcset=\"https:\/\/vosgesinfo.fr\/app\/uploads\/sites\/6\/2025\/04\/mexico-86-300x169.jpg 300w, https:\/\/vosgesinfo.fr\/app\/uploads\/sites\/6\/2025\/04\/mexico-86-768x432.jpg 768w, https:\/\/vosgesinfo.fr\/app\/uploads\/sites\/6\/2025\/04\/mexico-86.jpg 1024w\" sizes=\"(max-width: 300px) 100vw, 300px\" \/><\/a><\/p>\n<p>&nbsp;<\/p>\n","protected":false},"excerpt":{"rendered":"<p>Ce mercredi, le public des Rencontres du Cin\u00e9ma \u00e9tait invit\u00e9 \u00e0 d\u00e9couvrir un film, mais aussi et surtout un conflit [&hellip;]<\/p>\n","protected":false},"author":42,"featured_media":76351,"comment_status":"open","ping_status":"open","sticky":false,"template":"","format":"standard","meta":{"footnotes":""},"categories":[20,4,878,5647,328,868,946],"tags":[7057,7056,944],"class_list":["post-76349","post","type-post","status-publish","format-standard","has-post-thumbnail","hentry","category-a-la-une","category-culture","category-epinal","category-gerardmer-autres-sites","category-la-plaine-des-vosges","category-remiremont","category-saint-die","tag-cesar-diaz","tag-mexico-86","tag-rencontres-du-cinema"],"acf":[],"yoast_head":"<!-- This site is optimized with the Yoast SEO plugin v22.5 - https:\/\/yoast.com\/wordpress\/plugins\/seo\/ -->\n<title>&quot;Mexico 86&quot; - coup de projecteur sur une des r\u00e9volutions les moins m\u00e9diatis\u00e9es de l&#039;histoire - Gerardmer Info<\/title>\n<meta name=\"robots\" content=\"index, follow, max-snippet:-1, max-image-preview:large, max-video-preview:-1\" \/>\n<link rel=\"canonical\" href=\"https:\/\/vosgesinfo.fr\/gerardmerinfo\/2025\/04\/mexico-86-coup-de-projecteur-sur-une-des-revolutions-les-moins-mediatisees-de-lhistoire\/\" \/>\n<meta name=\"twitter:card\" content=\"summary_large_image\" \/>\n<meta name=\"twitter:title\" content=\"&quot;Mexico 86&quot; - coup de projecteur sur une des r\u00e9volutions les moins m\u00e9diatis\u00e9es de l&#039;histoire - Gerardmer Info\" \/>\n<meta name=\"twitter:description\" content=\"Ce mercredi, le public des Rencontres du Cin\u00e9ma \u00e9tait invit\u00e9 \u00e0 d\u00e9couvrir un film, mais aussi et surtout un conflit [&hellip;]\" \/>\n<meta name=\"twitter:image\" content=\"https:\/\/vosgesinfo.fr\/app\/uploads\/sites\/6\/2025\/04\/mexico-86.jpg\" \/>\n<meta name=\"twitter:creator\" content=\"@VosgesInfo88\" \/>\n<meta name=\"twitter:site\" content=\"@VosgesInfo88\" \/>\n<meta name=\"twitter:label1\" content=\"\u00c9crit par\" \/>\n\t<meta name=\"twitter:data1\" content=\"QG\" \/>\n\t<meta name=\"twitter:label2\" content=\"Dur\u00e9e de lecture estim\u00e9e\" \/>\n\t<meta name=\"twitter:data2\" content=\"2 minutes\" \/>\n<script type=\"application\/ld+json\" class=\"yoast-schema-graph\">{\"@context\":\"https:\/\/schema.org\",\"@graph\":[{\"@type\":\"Article\",\"@id\":\"https:\/\/vosgesinfo.fr\/gerardmerinfo\/2025\/04\/mexico-86-coup-de-projecteur-sur-une-des-revolutions-les-moins-mediatisees-de-lhistoire\/#article\",\"isPartOf\":{\"@id\":\"https:\/\/vosgesinfo.fr\/gerardmerinfo\/2025\/04\/mexico-86-coup-de-projecteur-sur-une-des-revolutions-les-moins-mediatisees-de-lhistoire\/\"},\"author\":{\"name\":\"QG\",\"@id\":\"https:\/\/vosgesinfo.fr\/gerardmerinfo\/#\/schema\/person\/db5605779a843dad16b5368f3e7613a5\"},\"headline\":\"\u00ab\u00a0Mexico 86\u00a0\u00bb &#8211; coup de projecteur sur une des r\u00e9volutions les moins m\u00e9diatis\u00e9es de l&rsquo;histoire\",\"datePublished\":\"2025-04-03T15:36:25+00:00\",\"dateModified\":\"2025-04-03T13:26:35+00:00\",\"mainEntityOfPage\":{\"@id\":\"https:\/\/vosgesinfo.fr\/gerardmerinfo\/2025\/04\/mexico-86-coup-de-projecteur-sur-une-des-revolutions-les-moins-mediatisees-de-lhistoire\/\"},\"wordCount\":456,\"commentCount\":0,\"publisher\":{\"@id\":\"https:\/\/vosgesinfo.fr\/gerardmerinfo\/#organization\"},\"image\":{\"@id\":\"https:\/\/vosgesinfo.fr\/gerardmerinfo\/2025\/04\/mexico-86-coup-de-projecteur-sur-une-des-revolutions-les-moins-mediatisees-de-lhistoire\/#primaryimage\"},\"thumbnailUrl\":\"https:\/\/vosgesinfo.fr\/app\/uploads\/sites\/6\/2025\/04\/mexico-86.jpg\",\"keywords\":[\"Cesar Diaz\",\"Mexico 86\",\"rencontres du cin\u00e9ma\"],\"articleSection\":[\"A la une\",\"Culture\",\"Epinal\",\"Gerardmer\",\"La plaine des vosges\",\"Remiremont\",\"Saint-di\u00e9\"],\"inLanguage\":\"fr-FR\",\"potentialAction\":[{\"@type\":\"CommentAction\",\"name\":\"Comment\",\"target\":[\"https:\/\/vosgesinfo.fr\/gerardmerinfo\/2025\/04\/mexico-86-coup-de-projecteur-sur-une-des-revolutions-les-moins-mediatisees-de-lhistoire\/#respond\"]}]},{\"@type\":\"WebPage\",\"@id\":\"https:\/\/vosgesinfo.fr\/gerardmerinfo\/2025\/04\/mexico-86-coup-de-projecteur-sur-une-des-revolutions-les-moins-mediatisees-de-lhistoire\/\",\"url\":\"https:\/\/vosgesinfo.fr\/gerardmerinfo\/2025\/04\/mexico-86-coup-de-projecteur-sur-une-des-revolutions-les-moins-mediatisees-de-lhistoire\/\",\"name\":\"\\\"Mexico 86\\\" - coup de projecteur sur une des r\u00e9volutions les moins m\u00e9diatis\u00e9es de l'histoire - Gerardmer Info\",\"isPartOf\":{\"@id\":\"https:\/\/vosgesinfo.fr\/gerardmerinfo\/#website\"},\"primaryImageOfPage\":{\"@id\":\"https:\/\/vosgesinfo.fr\/gerardmerinfo\/2025\/04\/mexico-86-coup-de-projecteur-sur-une-des-revolutions-les-moins-mediatisees-de-lhistoire\/#primaryimage\"},\"image\":{\"@id\":\"https:\/\/vosgesinfo.fr\/gerardmerinfo\/2025\/04\/mexico-86-coup-de-projecteur-sur-une-des-revolutions-les-moins-mediatisees-de-lhistoire\/#primaryimage\"},\"thumbnailUrl\":\"https:\/\/vosgesinfo.fr\/app\/uploads\/sites\/6\/2025\/04\/mexico-86.jpg\",\"datePublished\":\"2025-04-03T15:36:25+00:00\",\"dateModified\":\"2025-04-03T13:26:35+00:00\",\"breadcrumb\":{\"@id\":\"https:\/\/vosgesinfo.fr\/gerardmerinfo\/2025\/04\/mexico-86-coup-de-projecteur-sur-une-des-revolutions-les-moins-mediatisees-de-lhistoire\/#breadcrumb\"},\"inLanguage\":\"fr-FR\",\"potentialAction\":[{\"@type\":\"ReadAction\",\"target\":[\"https:\/\/vosgesinfo.fr\/gerardmerinfo\/2025\/04\/mexico-86-coup-de-projecteur-sur-une-des-revolutions-les-moins-mediatisees-de-lhistoire\/\"]}]},{\"@type\":\"ImageObject\",\"inLanguage\":\"fr-FR\",\"@id\":\"https:\/\/vosgesinfo.fr\/gerardmerinfo\/2025\/04\/mexico-86-coup-de-projecteur-sur-une-des-revolutions-les-moins-mediatisees-de-lhistoire\/#primaryimage\",\"url\":\"https:\/\/vosgesinfo.fr\/app\/uploads\/sites\/6\/2025\/04\/mexico-86.jpg\",\"contentUrl\":\"https:\/\/vosgesinfo.fr\/app\/uploads\/sites\/6\/2025\/04\/mexico-86.jpg\",\"width\":1024,\"height\":576},{\"@type\":\"BreadcrumbList\",\"@id\":\"https:\/\/vosgesinfo.fr\/gerardmerinfo\/2025\/04\/mexico-86-coup-de-projecteur-sur-une-des-revolutions-les-moins-mediatisees-de-lhistoire\/#breadcrumb\",\"itemListElement\":[{\"@type\":\"ListItem\",\"position\":1,\"name\":\"Home\",\"item\":\"https:\/\/vosgesinfo.fr\/gerardmerinfo\/\"},{\"@type\":\"ListItem\",\"position\":2,\"name\":\"\u00ab\u00a0Mexico 86\u00a0\u00bb &#8211; coup de projecteur sur une des r\u00e9volutions les moins m\u00e9diatis\u00e9es de l&rsquo;histoire\"}]},{\"@type\":\"WebSite\",\"@id\":\"https:\/\/vosgesinfo.fr\/gerardmerinfo\/#website\",\"url\":\"https:\/\/vosgesinfo.fr\/gerardmerinfo\/\",\"name\":\"Gerardmer Info\",\"description\":\"Toute l&#039;actualit\u00e9 de G\u00e9rardmer\",\"publisher\":{\"@id\":\"https:\/\/vosgesinfo.fr\/gerardmerinfo\/#organization\"},\"alternateName\":\"Toute l'actualit\u00e9 de G\u00e9rardmer\",\"potentialAction\":[{\"@type\":\"SearchAction\",\"target\":{\"@type\":\"EntryPoint\",\"urlTemplate\":\"https:\/\/vosgesinfo.fr\/gerardmerinfo\/?s={search_term_string}\"},\"query-input\":\"required name=search_term_string\"}],\"inLanguage\":\"fr-FR\"},{\"@type\":\"Organization\",\"@id\":\"https:\/\/vosgesinfo.fr\/gerardmerinfo\/#organization\",\"name\":\"Gerardmer Info\",\"url\":\"https:\/\/vosgesinfo.fr\/gerardmerinfo\/\",\"logo\":{\"@type\":\"ImageObject\",\"inLanguage\":\"fr-FR\",\"@id\":\"https:\/\/vosgesinfo.fr\/gerardmerinfo\/#\/schema\/logo\/image\/\",\"url\":\"https:\/\/vosgesinfo.fr\/app\/uploads\/sites\/6\/2023\/08\/favicon-gerardmerinfo.png\",\"contentUrl\":\"https:\/\/vosgesinfo.fr\/app\/uploads\/sites\/6\/2023\/08\/favicon-gerardmerinfo.png\",\"width\":512,\"height\":512,\"caption\":\"Gerardmer Info\"},\"image\":{\"@id\":\"https:\/\/vosgesinfo.fr\/gerardmerinfo\/#\/schema\/logo\/image\/\"},\"sameAs\":[\"https:\/\/www.facebook.com\/profile.php?id=100049475262660\",\"https:\/\/x.com\/VosgesInfo88\",\"https:\/\/www.youtube.com\/@vosgesinfo\"]},{\"@type\":\"Person\",\"@id\":\"https:\/\/vosgesinfo.fr\/gerardmerinfo\/#\/schema\/person\/db5605779a843dad16b5368f3e7613a5\",\"name\":\"QG\",\"image\":{\"@type\":\"ImageObject\",\"inLanguage\":\"fr-FR\",\"@id\":\"https:\/\/vosgesinfo.fr\/gerardmerinfo\/#\/schema\/person\/image\/\",\"url\":\"https:\/\/secure.gravatar.com\/avatar\/ea80c42c204b534408512832fde52504ecabb9706bcb6151cf6175e5b64e6793?s=96&d=mm&r=g\",\"contentUrl\":\"https:\/\/secure.gravatar.com\/avatar\/ea80c42c204b534408512832fde52504ecabb9706bcb6151cf6175e5b64e6793?s=96&d=mm&r=g\",\"caption\":\"QG\"},\"url\":\"https:\/\/vosgesinfo.fr\/gerardmerinfo\/author\/quentin88\/\"}]}<\/script>\n<!-- \/ Yoast SEO plugin. -->","yoast_head_json":{"title":"\"Mexico 86\" - coup de projecteur sur une des r\u00e9volutions les moins m\u00e9diatis\u00e9es de l'histoire - Gerardmer Info","robots":{"index":"index","follow":"follow","max-snippet":"max-snippet:-1","max-image-preview":"max-image-preview:large","max-video-preview":"max-video-preview:-1"},"canonical":"https:\/\/vosgesinfo.fr\/gerardmerinfo\/2025\/04\/mexico-86-coup-de-projecteur-sur-une-des-revolutions-les-moins-mediatisees-de-lhistoire\/","twitter_card":"summary_large_image","twitter_title":"\"Mexico 86\" - coup de projecteur sur une des r\u00e9volutions les moins m\u00e9diatis\u00e9es de l'histoire - Gerardmer Info","twitter_description":"Ce mercredi, le public des Rencontres du Cin\u00e9ma \u00e9tait invit\u00e9 \u00e0 d\u00e9couvrir un film, mais aussi et surtout un conflit [&hellip;]","twitter_image":"https:\/\/vosgesinfo.fr\/app\/uploads\/sites\/6\/2025\/04\/mexico-86.jpg","twitter_creator":"@VosgesInfo88","twitter_site":"@VosgesInfo88","twitter_misc":{"\u00c9crit par":"QG","Dur\u00e9e de lecture estim\u00e9e":"2 minutes"},"schema":{"@context":"https:\/\/schema.org","@graph":[{"@type":"Article","@id":"https:\/\/vosgesinfo.fr\/gerardmerinfo\/2025\/04\/mexico-86-coup-de-projecteur-sur-une-des-revolutions-les-moins-mediatisees-de-lhistoire\/#article","isPartOf":{"@id":"https:\/\/vosgesinfo.fr\/gerardmerinfo\/2025\/04\/mexico-86-coup-de-projecteur-sur-une-des-revolutions-les-moins-mediatisees-de-lhistoire\/"},"author":{"name":"QG","@id":"https:\/\/vosgesinfo.fr\/gerardmerinfo\/#\/schema\/person\/db5605779a843dad16b5368f3e7613a5"},"headline":"\u00ab\u00a0Mexico 86\u00a0\u00bb &#8211; coup de projecteur sur une des r\u00e9volutions les moins m\u00e9diatis\u00e9es de l&rsquo;histoire","datePublished":"2025-04-03T15:36:25+00:00","dateModified":"2025-04-03T13:26:35+00:00","mainEntityOfPage":{"@id":"https:\/\/vosgesinfo.fr\/gerardmerinfo\/2025\/04\/mexico-86-coup-de-projecteur-sur-une-des-revolutions-les-moins-mediatisees-de-lhistoire\/"},"wordCount":456,"commentCount":0,"publisher":{"@id":"https:\/\/vosgesinfo.fr\/gerardmerinfo\/#organization"},"image":{"@id":"https:\/\/vosgesinfo.fr\/gerardmerinfo\/2025\/04\/mexico-86-coup-de-projecteur-sur-une-des-revolutions-les-moins-mediatisees-de-lhistoire\/#primaryimage"},"thumbnailUrl":"https:\/\/vosgesinfo.fr\/app\/uploads\/sites\/6\/2025\/04\/mexico-86.jpg","keywords":["Cesar Diaz","Mexico 86","rencontres du cin\u00e9ma"],"articleSection":["A la une","Culture","Epinal","Gerardmer","La plaine des vosges","Remiremont","Saint-di\u00e9"],"inLanguage":"fr-FR","potentialAction":[{"@type":"CommentAction","name":"Comment","target":["https:\/\/vosgesinfo.fr\/gerardmerinfo\/2025\/04\/mexico-86-coup-de-projecteur-sur-une-des-revolutions-les-moins-mediatisees-de-lhistoire\/#respond"]}]},{"@type":"WebPage","@id":"https:\/\/vosgesinfo.fr\/gerardmerinfo\/2025\/04\/mexico-86-coup-de-projecteur-sur-une-des-revolutions-les-moins-mediatisees-de-lhistoire\/","url":"https:\/\/vosgesinfo.fr\/gerardmerinfo\/2025\/04\/mexico-86-coup-de-projecteur-sur-une-des-revolutions-les-moins-mediatisees-de-lhistoire\/","name":"\"Mexico 86\" - coup de projecteur sur une des r\u00e9volutions les moins m\u00e9diatis\u00e9es de l'histoire - Gerardmer Info","isPartOf":{"@id":"https:\/\/vosgesinfo.fr\/gerardmerinfo\/#website"},"primaryImageOfPage":{"@id":"https:\/\/vosgesinfo.fr\/gerardmerinfo\/2025\/04\/mexico-86-coup-de-projecteur-sur-une-des-revolutions-les-moins-mediatisees-de-lhistoire\/#primaryimage"},"image":{"@id":"https:\/\/vosgesinfo.fr\/gerardmerinfo\/2025\/04\/mexico-86-coup-de-projecteur-sur-une-des-revolutions-les-moins-mediatisees-de-lhistoire\/#primaryimage"},"thumbnailUrl":"https:\/\/vosgesinfo.fr\/app\/uploads\/sites\/6\/2025\/04\/mexico-86.jpg","datePublished":"2025-04-03T15:36:25+00:00","dateModified":"2025-04-03T13:26:35+00:00","breadcrumb":{"@id":"https:\/\/vosgesinfo.fr\/gerardmerinfo\/2025\/04\/mexico-86-coup-de-projecteur-sur-une-des-revolutions-les-moins-mediatisees-de-lhistoire\/#breadcrumb"},"inLanguage":"fr-FR","potentialAction":[{"@type":"ReadAction","target":["https:\/\/vosgesinfo.fr\/gerardmerinfo\/2025\/04\/mexico-86-coup-de-projecteur-sur-une-des-revolutions-les-moins-mediatisees-de-lhistoire\/"]}]},{"@type":"ImageObject","inLanguage":"fr-FR","@id":"https:\/\/vosgesinfo.fr\/gerardmerinfo\/2025\/04\/mexico-86-coup-de-projecteur-sur-une-des-revolutions-les-moins-mediatisees-de-lhistoire\/#primaryimage","url":"https:\/\/vosgesinfo.fr\/app\/uploads\/sites\/6\/2025\/04\/mexico-86.jpg","contentUrl":"https:\/\/vosgesinfo.fr\/app\/uploads\/sites\/6\/2025\/04\/mexico-86.jpg","width":1024,"height":576},{"@type":"BreadcrumbList","@id":"https:\/\/vosgesinfo.fr\/gerardmerinfo\/2025\/04\/mexico-86-coup-de-projecteur-sur-une-des-revolutions-les-moins-mediatisees-de-lhistoire\/#breadcrumb","itemListElement":[{"@type":"ListItem","position":1,"name":"Home","item":"https:\/\/vosgesinfo.fr\/gerardmerinfo\/"},{"@type":"ListItem","position":2,"name":"\u00ab\u00a0Mexico 86\u00a0\u00bb &#8211; coup de projecteur sur une des r\u00e9volutions les moins m\u00e9diatis\u00e9es de l&rsquo;histoire"}]},{"@type":"WebSite","@id":"https:\/\/vosgesinfo.fr\/gerardmerinfo\/#website","url":"https:\/\/vosgesinfo.fr\/gerardmerinfo\/","name":"Gerardmer Info","description":"Toute l&#039;actualit\u00e9 de G\u00e9rardmer","publisher":{"@id":"https:\/\/vosgesinfo.fr\/gerardmerinfo\/#organization"},"alternateName":"Toute l'actualit\u00e9 de G\u00e9rardmer","potentialAction":[{"@type":"SearchAction","target":{"@type":"EntryPoint","urlTemplate":"https:\/\/vosgesinfo.fr\/gerardmerinfo\/?s={search_term_string}"},"query-input":"required name=search_term_string"}],"inLanguage":"fr-FR"},{"@type":"Organization","@id":"https:\/\/vosgesinfo.fr\/gerardmerinfo\/#organization","name":"Gerardmer Info","url":"https:\/\/vosgesinfo.fr\/gerardmerinfo\/","logo":{"@type":"ImageObject","inLanguage":"fr-FR","@id":"https:\/\/vosgesinfo.fr\/gerardmerinfo\/#\/schema\/logo\/image\/","url":"https:\/\/vosgesinfo.fr\/app\/uploads\/sites\/6\/2023\/08\/favicon-gerardmerinfo.png","contentUrl":"https:\/\/vosgesinfo.fr\/app\/uploads\/sites\/6\/2023\/08\/favicon-gerardmerinfo.png","width":512,"height":512,"caption":"Gerardmer Info"},"image":{"@id":"https:\/\/vosgesinfo.fr\/gerardmerinfo\/#\/schema\/logo\/image\/"},"sameAs":["https:\/\/www.facebook.com\/profile.php?id=100049475262660","https:\/\/x.com\/VosgesInfo88","https:\/\/www.youtube.com\/@vosgesinfo"]},{"@type":"Person","@id":"https:\/\/vosgesinfo.fr\/gerardmerinfo\/#\/schema\/person\/db5605779a843dad16b5368f3e7613a5","name":"QG","image":{"@type":"ImageObject","inLanguage":"fr-FR","@id":"https:\/\/vosgesinfo.fr\/gerardmerinfo\/#\/schema\/person\/image\/","url":"https:\/\/secure.gravatar.com\/avatar\/ea80c42c204b534408512832fde52504ecabb9706bcb6151cf6175e5b64e6793?s=96&d=mm&r=g","contentUrl":"https:\/\/secure.gravatar.com\/avatar\/ea80c42c204b534408512832fde52504ecabb9706bcb6151cf6175e5b64e6793?s=96&d=mm&r=g","caption":"QG"},"url":"https:\/\/vosgesinfo.fr\/gerardmerinfo\/author\/quentin88\/"}]}},"_links":{"self":[{"href":"https:\/\/vosgesinfo.fr\/gerardmerinfo\/wp-json\/wp\/v2\/posts\/76349","targetHints":{"allow":["GET"]}}],"collection":[{"href":"https:\/\/vosgesinfo.fr\/gerardmerinfo\/wp-json\/wp\/v2\/posts"}],"about":[{"href":"https:\/\/vosgesinfo.fr\/gerardmerinfo\/wp-json\/wp\/v2\/types\/post"}],"author":[{"embeddable":true,"href":"https:\/\/vosgesinfo.fr\/gerardmerinfo\/wp-json\/wp\/v2\/users\/42"}],"replies":[{"embeddable":true,"href":"https:\/\/vosgesinfo.fr\/gerardmerinfo\/wp-json\/wp\/v2\/comments?post=76349"}],"version-history":[{"count":1,"href":"https:\/\/vosgesinfo.fr\/gerardmerinfo\/wp-json\/wp\/v2\/posts\/76349\/revisions"}],"predecessor-version":[{"id":76352,"href":"https:\/\/vosgesinfo.fr\/gerardmerinfo\/wp-json\/wp\/v2\/posts\/76349\/revisions\/76352"}],"wp:featuredmedia":[{"embeddable":true,"href":"https:\/\/vosgesinfo.fr\/gerardmerinfo\/wp-json\/wp\/v2\/media\/76351"}],"wp:attachment":[{"href":"https:\/\/vosgesinfo.fr\/gerardmerinfo\/wp-json\/wp\/v2\/media?parent=76349"}],"wp:term":[{"taxonomy":"category","embeddable":true,"href":"https:\/\/vosgesinfo.fr\/gerardmerinfo\/wp-json\/wp\/v2\/categories?post=76349"},{"taxonomy":"post_tag","embeddable":true,"href":"https:\/\/vosgesinfo.fr\/gerardmerinfo\/wp-json\/wp\/v2\/tags?post=76349"}],"curies":[{"name":"wp","href":"https:\/\/api.w.org\/{rel}","templated":true}]}}