{"id":76353,"date":"2025-04-07T05:57:49","date_gmt":"2025-04-07T03:57:49","guid":{"rendered":"https:\/\/vosgesinfo.fr\/gerardmerinfo\/?p=76353"},"modified":"2025-04-03T15:59:16","modified_gmt":"2025-04-03T13:59:16","slug":"conference-debat-sur-les-energies-renouvelables-citoyennes","status":"publish","type":"post","link":"https:\/\/vosgesinfo.fr\/gerardmerinfo\/2025\/04\/conference-debat-sur-les-energies-renouvelables-citoyennes\/","title":{"rendered":"Conf\u00e9rence d\u00e9bat sur les \u00ab\u00a0\u00e9nergies renouvelables citoyennes\u00a0\u00bb"},"content":{"rendered":"<p>Le Collectif de citoyens de Granges-Aumontzey et G\u00e9rardmer Territoire d\u2019Avenir organisent un \u00e9change sur la possibilit\u00e9 de monter des projets collectifs et citoyens d\u2019Energie Renouvelable, notamment avec des panneaux photovolta\u00efques pour une autoconsommation d\u2019\u00e9lectricit\u00e9 locale le vendredi 25 avril \u00e0 18h00 \u00e0 la Maison de la Montagne 5 place du Vieux G\u00e9rardm\u00e9 \u00e0 G\u00e9rardmer.<\/p>\n<p><a href=\"https:\/\/vosgesinfo.fr\/app\/uploads\/sites\/6\/2025\/04\/affiche-gerardmer-25-04-2025-page-0001.jpg\"><img decoding=\"async\" class=\"alignright size-medium wp-image-76354\" src=\"https:\/\/vosgesinfo.fr\/app\/uploads\/sites\/6\/2025\/04\/affiche-gerardmer-25-04-2025-page-0001-212x300.jpg\" alt=\"\" width=\"212\" height=\"300\" srcset=\"https:\/\/vosgesinfo.fr\/app\/uploads\/sites\/6\/2025\/04\/affiche-gerardmer-25-04-2025-page-0001-212x300.jpg 212w, https:\/\/vosgesinfo.fr\/app\/uploads\/sites\/6\/2025\/04\/affiche-gerardmer-25-04-2025-page-0001-724x1024.jpg 724w, https:\/\/vosgesinfo.fr\/app\/uploads\/sites\/6\/2025\/04\/affiche-gerardmer-25-04-2025-page-0001-768x1086.jpg 768w, https:\/\/vosgesinfo.fr\/app\/uploads\/sites\/6\/2025\/04\/affiche-gerardmer-25-04-2025-page-0001-1086x1536.jpg 1086w, https:\/\/vosgesinfo.fr\/app\/uploads\/sites\/6\/2025\/04\/affiche-gerardmer-25-04-2025-page-0001.jpg 1241w\" sizes=\"(max-width: 212px) 100vw, 212px\" \/><\/a>Cette rencontre sera conduite par Manon Gouriet, animatrice de LORRAINE ENERGIES RENOUVELABLES (LER), association cr\u00e9\u00e9e en 2005 qui accompagne les particuliers et les collectivit\u00e9s, dans la r\u00e9novation \u00e9nerg\u00e9tique des b\u00e2timents et le d\u00e9veloppement local des \u00e9nergies renouvelables. L\u2019association, qui compte une vingtaine de salari\u00e9.es, est soutenue et financ\u00e9e entre autres par l\u2019ADEME, le Conseil D\u00e9partemental des Vosges, la R\u00e9gion Grand Est, l\u2019Europe.<br \/>\nAu cours de cette soir\u00e9e, des exemples concrets de collectifs citoyens qui ont r\u00e9alis\u00e9 un projet d\u2019\u00e9nergie renouvelable seront pr\u00e9sent\u00e9s, ainsi que les aides techniques que peut apporter LER dans la construction d\u2019un dossier d\u2019une installation en autoconsommation, qui permet de r\u00e9duire sa facture d\u2019\u00e9lectricit\u00e9. Passer par une coop\u00e9rative permet de ne pas \u00eatre seul.e \u00e0 se d\u00e9battre avec sa r\u00e9alisation.<br \/>\nDes r\u00e9ponses aux questions que l\u2019on se pose sur la faisabilit\u00e9 d\u2019un tel projet seront apport\u00e9es : quels sont les avantages de l\u2019autoconsommation\u00a0? comment se mettre en r\u00e9seau\u00a0? o\u00f9 trouver un artisan local\u00a0de confiance\u00a0? quel co\u00fbt\u00a0? quel mat\u00e9riel choisir\u00a0? etc\u2026<br \/>\nChoisir l\u2019\u00e9nergie renouvelable citoyenne, c\u2019est \u00eatre actrices et acteurs de la transition \u00e9nerg\u00e9tique.<br \/>\n\u00ab Ensemble, produisons et finan\u00e7ons une \u00e9nergie renouvelable, locale et citoyenne, pour le climat et pour nos territoires \u00bb \u00c9nergie Partag\u00e9e.<\/p>\n<p>&nbsp;<\/p>\n<p>&nbsp;<\/p>\n<p>&nbsp;<\/p>\n","protected":false},"excerpt":{"rendered":"<p>Le Collectif de citoyens de Granges-Aumontzey et G\u00e9rardmer Territoire d\u2019Avenir organisent un \u00e9change sur la possibilit\u00e9 de monter des projets [&hellip;]<\/p>\n","protected":false},"author":391,"featured_media":76354,"comment_status":"open","ping_status":"open","sticky":false,"template":"","format":"standard","meta":{"footnotes":""},"categories":[20,7,5647],"tags":[7059,7058,7060],"class_list":["post-76353","post","type-post","status-publish","format-standard","has-post-thumbnail","hentry","category-a-la-une","category-environnement","category-gerardmer-autres-sites","tag-collectif-de-citoyens","tag-energies-renouvelables-citoyennes","tag-lorraine-energies-renouvelables"],"acf":[],"yoast_head":"<!-- This site is optimized with the Yoast SEO plugin v22.5 - https:\/\/yoast.com\/wordpress\/plugins\/seo\/ -->\n<title>Conf\u00e9rence d\u00e9bat sur les &quot;\u00e9nergies renouvelables citoyennes&quot; - Gerardmer Info<\/title>\n<meta name=\"robots\" content=\"index, follow, max-snippet:-1, max-image-preview:large, max-video-preview:-1\" \/>\n<link rel=\"canonical\" href=\"https:\/\/vosgesinfo.fr\/gerardmerinfo\/2025\/04\/conference-debat-sur-les-energies-renouvelables-citoyennes\/\" \/>\n<meta name=\"twitter:card\" content=\"summary_large_image\" \/>\n<meta name=\"twitter:title\" content=\"Conf\u00e9rence d\u00e9bat sur les &quot;\u00e9nergies renouvelables citoyennes&quot; - Gerardmer Info\" \/>\n<meta name=\"twitter:description\" content=\"Le Collectif de citoyens de Granges-Aumontzey et G\u00e9rardmer Territoire d\u2019Avenir organisent un \u00e9change sur la possibilit\u00e9 de monter des projets [&hellip;]\" \/>\n<meta name=\"twitter:image\" content=\"https:\/\/vosgesinfo.fr\/app\/uploads\/sites\/6\/2025\/04\/affiche-gerardmer-25-04-2025-page-0001.jpg\" \/>\n<meta name=\"twitter:creator\" content=\"@VosgesInfo88\" \/>\n<meta name=\"twitter:site\" content=\"@VosgesInfo88\" \/>\n<meta name=\"twitter:label1\" content=\"\u00c9crit par\" \/>\n\t<meta name=\"twitter:data1\" content=\"La redaction\" \/>\n\t<meta name=\"twitter:label2\" content=\"Dur\u00e9e de lecture estim\u00e9e\" \/>\n\t<meta name=\"twitter:data2\" content=\"1 minute\" \/>\n<script type=\"application\/ld+json\" class=\"yoast-schema-graph\">{\"@context\":\"https:\/\/schema.org\",\"@graph\":[{\"@type\":\"Article\",\"@id\":\"https:\/\/vosgesinfo.fr\/gerardmerinfo\/2025\/04\/conference-debat-sur-les-energies-renouvelables-citoyennes\/#article\",\"isPartOf\":{\"@id\":\"https:\/\/vosgesinfo.fr\/gerardmerinfo\/2025\/04\/conference-debat-sur-les-energies-renouvelables-citoyennes\/\"},\"author\":{\"name\":\"La redaction\",\"@id\":\"https:\/\/vosgesinfo.fr\/gerardmerinfo\/#\/schema\/person\/27a3695b06db98895b354c0765cdfc31\"},\"headline\":\"Conf\u00e9rence d\u00e9bat sur les \u00ab\u00a0\u00e9nergies renouvelables citoyennes\u00a0\u00bb\",\"datePublished\":\"2025-04-07T03:57:49+00:00\",\"dateModified\":\"2025-04-03T13:59:16+00:00\",\"mainEntityOfPage\":{\"@id\":\"https:\/\/vosgesinfo.fr\/gerardmerinfo\/2025\/04\/conference-debat-sur-les-energies-renouvelables-citoyennes\/\"},\"wordCount\":300,\"commentCount\":0,\"publisher\":{\"@id\":\"https:\/\/vosgesinfo.fr\/gerardmerinfo\/#organization\"},\"image\":{\"@id\":\"https:\/\/vosgesinfo.fr\/gerardmerinfo\/2025\/04\/conference-debat-sur-les-energies-renouvelables-citoyennes\/#primaryimage\"},\"thumbnailUrl\":\"https:\/\/vosgesinfo.fr\/app\/uploads\/sites\/6\/2025\/04\/affiche-gerardmer-25-04-2025-page-0001.jpg\",\"keywords\":[\"collectif de citoyens\",\"\u00e9nergies renouvelables citoyennes\",\"Lorraine \u00e9nergies renouvelables\"],\"articleSection\":[\"A la une\",\"Environnement\",\"Gerardmer\"],\"inLanguage\":\"fr-FR\",\"potentialAction\":[{\"@type\":\"CommentAction\",\"name\":\"Comment\",\"target\":[\"https:\/\/vosgesinfo.fr\/gerardmerinfo\/2025\/04\/conference-debat-sur-les-energies-renouvelables-citoyennes\/#respond\"]}]},{\"@type\":\"WebPage\",\"@id\":\"https:\/\/vosgesinfo.fr\/gerardmerinfo\/2025\/04\/conference-debat-sur-les-energies-renouvelables-citoyennes\/\",\"url\":\"https:\/\/vosgesinfo.fr\/gerardmerinfo\/2025\/04\/conference-debat-sur-les-energies-renouvelables-citoyennes\/\",\"name\":\"Conf\u00e9rence d\u00e9bat sur les \\\"\u00e9nergies renouvelables citoyennes\\\" - Gerardmer Info\",\"isPartOf\":{\"@id\":\"https:\/\/vosgesinfo.fr\/gerardmerinfo\/#website\"},\"primaryImageOfPage\":{\"@id\":\"https:\/\/vosgesinfo.fr\/gerardmerinfo\/2025\/04\/conference-debat-sur-les-energies-renouvelables-citoyennes\/#primaryimage\"},\"image\":{\"@id\":\"https:\/\/vosgesinfo.fr\/gerardmerinfo\/2025\/04\/conference-debat-sur-les-energies-renouvelables-citoyennes\/#primaryimage\"},\"thumbnailUrl\":\"https:\/\/vosgesinfo.fr\/app\/uploads\/sites\/6\/2025\/04\/affiche-gerardmer-25-04-2025-page-0001.jpg\",\"datePublished\":\"2025-04-07T03:57:49+00:00\",\"dateModified\":\"2025-04-03T13:59:16+00:00\",\"breadcrumb\":{\"@id\":\"https:\/\/vosgesinfo.fr\/gerardmerinfo\/2025\/04\/conference-debat-sur-les-energies-renouvelables-citoyennes\/#breadcrumb\"},\"inLanguage\":\"fr-FR\",\"potentialAction\":[{\"@type\":\"ReadAction\",\"target\":[\"https:\/\/vosgesinfo.fr\/gerardmerinfo\/2025\/04\/conference-debat-sur-les-energies-renouvelables-citoyennes\/\"]}]},{\"@type\":\"ImageObject\",\"inLanguage\":\"fr-FR\",\"@id\":\"https:\/\/vosgesinfo.fr\/gerardmerinfo\/2025\/04\/conference-debat-sur-les-energies-renouvelables-citoyennes\/#primaryimage\",\"url\":\"https:\/\/vosgesinfo.fr\/app\/uploads\/sites\/6\/2025\/04\/affiche-gerardmer-25-04-2025-page-0001.jpg\",\"contentUrl\":\"https:\/\/vosgesinfo.fr\/app\/uploads\/sites\/6\/2025\/04\/affiche-gerardmer-25-04-2025-page-0001.jpg\",\"width\":1241,\"height\":1755},{\"@type\":\"BreadcrumbList\",\"@id\":\"https:\/\/vosgesinfo.fr\/gerardmerinfo\/2025\/04\/conference-debat-sur-les-energies-renouvelables-citoyennes\/#breadcrumb\",\"itemListElement\":[{\"@type\":\"ListItem\",\"position\":1,\"name\":\"Home\",\"item\":\"https:\/\/vosgesinfo.fr\/gerardmerinfo\/\"},{\"@type\":\"ListItem\",\"position\":2,\"name\":\"Conf\u00e9rence d\u00e9bat sur les \u00ab\u00a0\u00e9nergies renouvelables citoyennes\u00a0\u00bb\"}]},{\"@type\":\"WebSite\",\"@id\":\"https:\/\/vosgesinfo.fr\/gerardmerinfo\/#website\",\"url\":\"https:\/\/vosgesinfo.fr\/gerardmerinfo\/\",\"name\":\"Gerardmer Info\",\"description\":\"Toute l&#039;actualit\u00e9 de G\u00e9rardmer\",\"publisher\":{\"@id\":\"https:\/\/vosgesinfo.fr\/gerardmerinfo\/#organization\"},\"alternateName\":\"Toute l'actualit\u00e9 de G\u00e9rardmer\",\"potentialAction\":[{\"@type\":\"SearchAction\",\"target\":{\"@type\":\"EntryPoint\",\"urlTemplate\":\"https:\/\/vosgesinfo.fr\/gerardmerinfo\/?s={search_term_string}\"},\"query-input\":\"required name=search_term_string\"}],\"inLanguage\":\"fr-FR\"},{\"@type\":\"Organization\",\"@id\":\"https:\/\/vosgesinfo.fr\/gerardmerinfo\/#organization\",\"name\":\"Gerardmer Info\",\"url\":\"https:\/\/vosgesinfo.fr\/gerardmerinfo\/\",\"logo\":{\"@type\":\"ImageObject\",\"inLanguage\":\"fr-FR\",\"@id\":\"https:\/\/vosgesinfo.fr\/gerardmerinfo\/#\/schema\/logo\/image\/\",\"url\":\"https:\/\/vosgesinfo.fr\/app\/uploads\/sites\/6\/2023\/08\/favicon-gerardmerinfo.png\",\"contentUrl\":\"https:\/\/vosgesinfo.fr\/app\/uploads\/sites\/6\/2023\/08\/favicon-gerardmerinfo.png\",\"width\":512,\"height\":512,\"caption\":\"Gerardmer Info\"},\"image\":{\"@id\":\"https:\/\/vosgesinfo.fr\/gerardmerinfo\/#\/schema\/logo\/image\/\"},\"sameAs\":[\"https:\/\/www.facebook.com\/profile.php?id=100049475262660\",\"https:\/\/x.com\/VosgesInfo88\",\"https:\/\/www.youtube.com\/@vosgesinfo\"]},{\"@type\":\"Person\",\"@id\":\"https:\/\/vosgesinfo.fr\/gerardmerinfo\/#\/schema\/person\/27a3695b06db98895b354c0765cdfc31\",\"name\":\"La redaction\",\"image\":{\"@type\":\"ImageObject\",\"inLanguage\":\"fr-FR\",\"@id\":\"https:\/\/vosgesinfo.fr\/gerardmerinfo\/#\/schema\/person\/image\/\",\"url\":\"https:\/\/secure.gravatar.com\/avatar\/64c76a78e501cedee55736f43f332df901e1896ae9cd8fad269ae2236dd0e8b6?s=96&d=mm&r=g\",\"contentUrl\":\"https:\/\/secure.gravatar.com\/avatar\/64c76a78e501cedee55736f43f332df901e1896ae9cd8fad269ae2236dd0e8b6?s=96&d=mm&r=g\",\"caption\":\"La redaction\"},\"url\":\"https:\/\/vosgesinfo.fr\/gerardmerinfo\/author\/la-redaction\/\"}]}<\/script>\n<!-- \/ Yoast SEO plugin. -->","yoast_head_json":{"title":"Conf\u00e9rence d\u00e9bat sur les \"\u00e9nergies renouvelables citoyennes\" - Gerardmer Info","robots":{"index":"index","follow":"follow","max-snippet":"max-snippet:-1","max-image-preview":"max-image-preview:large","max-video-preview":"max-video-preview:-1"},"canonical":"https:\/\/vosgesinfo.fr\/gerardmerinfo\/2025\/04\/conference-debat-sur-les-energies-renouvelables-citoyennes\/","twitter_card":"summary_large_image","twitter_title":"Conf\u00e9rence d\u00e9bat sur les \"\u00e9nergies renouvelables citoyennes\" - Gerardmer Info","twitter_description":"Le Collectif de citoyens de Granges-Aumontzey et G\u00e9rardmer Territoire d\u2019Avenir organisent un \u00e9change sur la possibilit\u00e9 de monter des projets [&hellip;]","twitter_image":"https:\/\/vosgesinfo.fr\/app\/uploads\/sites\/6\/2025\/04\/affiche-gerardmer-25-04-2025-page-0001.jpg","twitter_creator":"@VosgesInfo88","twitter_site":"@VosgesInfo88","twitter_misc":{"\u00c9crit par":"La redaction","Dur\u00e9e de lecture estim\u00e9e":"1 minute"},"schema":{"@context":"https:\/\/schema.org","@graph":[{"@type":"Article","@id":"https:\/\/vosgesinfo.fr\/gerardmerinfo\/2025\/04\/conference-debat-sur-les-energies-renouvelables-citoyennes\/#article","isPartOf":{"@id":"https:\/\/vosgesinfo.fr\/gerardmerinfo\/2025\/04\/conference-debat-sur-les-energies-renouvelables-citoyennes\/"},"author":{"name":"La redaction","@id":"https:\/\/vosgesinfo.fr\/gerardmerinfo\/#\/schema\/person\/27a3695b06db98895b354c0765cdfc31"},"headline":"Conf\u00e9rence d\u00e9bat sur les \u00ab\u00a0\u00e9nergies renouvelables citoyennes\u00a0\u00bb","datePublished":"2025-04-07T03:57:49+00:00","dateModified":"2025-04-03T13:59:16+00:00","mainEntityOfPage":{"@id":"https:\/\/vosgesinfo.fr\/gerardmerinfo\/2025\/04\/conference-debat-sur-les-energies-renouvelables-citoyennes\/"},"wordCount":300,"commentCount":0,"publisher":{"@id":"https:\/\/vosgesinfo.fr\/gerardmerinfo\/#organization"},"image":{"@id":"https:\/\/vosgesinfo.fr\/gerardmerinfo\/2025\/04\/conference-debat-sur-les-energies-renouvelables-citoyennes\/#primaryimage"},"thumbnailUrl":"https:\/\/vosgesinfo.fr\/app\/uploads\/sites\/6\/2025\/04\/affiche-gerardmer-25-04-2025-page-0001.jpg","keywords":["collectif de citoyens","\u00e9nergies renouvelables citoyennes","Lorraine \u00e9nergies renouvelables"],"articleSection":["A la une","Environnement","Gerardmer"],"inLanguage":"fr-FR","potentialAction":[{"@type":"CommentAction","name":"Comment","target":["https:\/\/vosgesinfo.fr\/gerardmerinfo\/2025\/04\/conference-debat-sur-les-energies-renouvelables-citoyennes\/#respond"]}]},{"@type":"WebPage","@id":"https:\/\/vosgesinfo.fr\/gerardmerinfo\/2025\/04\/conference-debat-sur-les-energies-renouvelables-citoyennes\/","url":"https:\/\/vosgesinfo.fr\/gerardmerinfo\/2025\/04\/conference-debat-sur-les-energies-renouvelables-citoyennes\/","name":"Conf\u00e9rence d\u00e9bat sur les \"\u00e9nergies renouvelables citoyennes\" - Gerardmer Info","isPartOf":{"@id":"https:\/\/vosgesinfo.fr\/gerardmerinfo\/#website"},"primaryImageOfPage":{"@id":"https:\/\/vosgesinfo.fr\/gerardmerinfo\/2025\/04\/conference-debat-sur-les-energies-renouvelables-citoyennes\/#primaryimage"},"image":{"@id":"https:\/\/vosgesinfo.fr\/gerardmerinfo\/2025\/04\/conference-debat-sur-les-energies-renouvelables-citoyennes\/#primaryimage"},"thumbnailUrl":"https:\/\/vosgesinfo.fr\/app\/uploads\/sites\/6\/2025\/04\/affiche-gerardmer-25-04-2025-page-0001.jpg","datePublished":"2025-04-07T03:57:49+00:00","dateModified":"2025-04-03T13:59:16+00:00","breadcrumb":{"@id":"https:\/\/vosgesinfo.fr\/gerardmerinfo\/2025\/04\/conference-debat-sur-les-energies-renouvelables-citoyennes\/#breadcrumb"},"inLanguage":"fr-FR","potentialAction":[{"@type":"ReadAction","target":["https:\/\/vosgesinfo.fr\/gerardmerinfo\/2025\/04\/conference-debat-sur-les-energies-renouvelables-citoyennes\/"]}]},{"@type":"ImageObject","inLanguage":"fr-FR","@id":"https:\/\/vosgesinfo.fr\/gerardmerinfo\/2025\/04\/conference-debat-sur-les-energies-renouvelables-citoyennes\/#primaryimage","url":"https:\/\/vosgesinfo.fr\/app\/uploads\/sites\/6\/2025\/04\/affiche-gerardmer-25-04-2025-page-0001.jpg","contentUrl":"https:\/\/vosgesinfo.fr\/app\/uploads\/sites\/6\/2025\/04\/affiche-gerardmer-25-04-2025-page-0001.jpg","width":1241,"height":1755},{"@type":"BreadcrumbList","@id":"https:\/\/vosgesinfo.fr\/gerardmerinfo\/2025\/04\/conference-debat-sur-les-energies-renouvelables-citoyennes\/#breadcrumb","itemListElement":[{"@type":"ListItem","position":1,"name":"Home","item":"https:\/\/vosgesinfo.fr\/gerardmerinfo\/"},{"@type":"ListItem","position":2,"name":"Conf\u00e9rence d\u00e9bat sur les \u00ab\u00a0\u00e9nergies renouvelables citoyennes\u00a0\u00bb"}]},{"@type":"WebSite","@id":"https:\/\/vosgesinfo.fr\/gerardmerinfo\/#website","url":"https:\/\/vosgesinfo.fr\/gerardmerinfo\/","name":"Gerardmer Info","description":"Toute l&#039;actualit\u00e9 de G\u00e9rardmer","publisher":{"@id":"https:\/\/vosgesinfo.fr\/gerardmerinfo\/#organization"},"alternateName":"Toute l'actualit\u00e9 de G\u00e9rardmer","potentialAction":[{"@type":"SearchAction","target":{"@type":"EntryPoint","urlTemplate":"https:\/\/vosgesinfo.fr\/gerardmerinfo\/?s={search_term_string}"},"query-input":"required name=search_term_string"}],"inLanguage":"fr-FR"},{"@type":"Organization","@id":"https:\/\/vosgesinfo.fr\/gerardmerinfo\/#organization","name":"Gerardmer Info","url":"https:\/\/vosgesinfo.fr\/gerardmerinfo\/","logo":{"@type":"ImageObject","inLanguage":"fr-FR","@id":"https:\/\/vosgesinfo.fr\/gerardmerinfo\/#\/schema\/logo\/image\/","url":"https:\/\/vosgesinfo.fr\/app\/uploads\/sites\/6\/2023\/08\/favicon-gerardmerinfo.png","contentUrl":"https:\/\/vosgesinfo.fr\/app\/uploads\/sites\/6\/2023\/08\/favicon-gerardmerinfo.png","width":512,"height":512,"caption":"Gerardmer Info"},"image":{"@id":"https:\/\/vosgesinfo.fr\/gerardmerinfo\/#\/schema\/logo\/image\/"},"sameAs":["https:\/\/www.facebook.com\/profile.php?id=100049475262660","https:\/\/x.com\/VosgesInfo88","https:\/\/www.youtube.com\/@vosgesinfo"]},{"@type":"Person","@id":"https:\/\/vosgesinfo.fr\/gerardmerinfo\/#\/schema\/person\/27a3695b06db98895b354c0765cdfc31","name":"La redaction","image":{"@type":"ImageObject","inLanguage":"fr-FR","@id":"https:\/\/vosgesinfo.fr\/gerardmerinfo\/#\/schema\/person\/image\/","url":"https:\/\/secure.gravatar.com\/avatar\/64c76a78e501cedee55736f43f332df901e1896ae9cd8fad269ae2236dd0e8b6?s=96&d=mm&r=g","contentUrl":"https:\/\/secure.gravatar.com\/avatar\/64c76a78e501cedee55736f43f332df901e1896ae9cd8fad269ae2236dd0e8b6?s=96&d=mm&r=g","caption":"La redaction"},"url":"https:\/\/vosgesinfo.fr\/gerardmerinfo\/author\/la-redaction\/"}]}},"_links":{"self":[{"href":"https:\/\/vosgesinfo.fr\/gerardmerinfo\/wp-json\/wp\/v2\/posts\/76353","targetHints":{"allow":["GET"]}}],"collection":[{"href":"https:\/\/vosgesinfo.fr\/gerardmerinfo\/wp-json\/wp\/v2\/posts"}],"about":[{"href":"https:\/\/vosgesinfo.fr\/gerardmerinfo\/wp-json\/wp\/v2\/types\/post"}],"author":[{"embeddable":true,"href":"https:\/\/vosgesinfo.fr\/gerardmerinfo\/wp-json\/wp\/v2\/users\/391"}],"replies":[{"embeddable":true,"href":"https:\/\/vosgesinfo.fr\/gerardmerinfo\/wp-json\/wp\/v2\/comments?post=76353"}],"version-history":[{"count":1,"href":"https:\/\/vosgesinfo.fr\/gerardmerinfo\/wp-json\/wp\/v2\/posts\/76353\/revisions"}],"predecessor-version":[{"id":76355,"href":"https:\/\/vosgesinfo.fr\/gerardmerinfo\/wp-json\/wp\/v2\/posts\/76353\/revisions\/76355"}],"wp:featuredmedia":[{"embeddable":true,"href":"https:\/\/vosgesinfo.fr\/gerardmerinfo\/wp-json\/wp\/v2\/media\/76354"}],"wp:attachment":[{"href":"https:\/\/vosgesinfo.fr\/gerardmerinfo\/wp-json\/wp\/v2\/media?parent=76353"}],"wp:term":[{"taxonomy":"category","embeddable":true,"href":"https:\/\/vosgesinfo.fr\/gerardmerinfo\/wp-json\/wp\/v2\/categories?post=76353"},{"taxonomy":"post_tag","embeddable":true,"href":"https:\/\/vosgesinfo.fr\/gerardmerinfo\/wp-json\/wp\/v2\/tags?post=76353"}],"curies":[{"name":"wp","href":"https:\/\/api.w.org\/{rel}","templated":true}]}}