{"id":76585,"date":"2025-04-12T05:59:25","date_gmt":"2025-04-12T03:59:25","guid":{"rendered":"https:\/\/vosgesinfo.fr\/gerardmerinfo\/?p=76585"},"modified":"2025-04-12T09:21:57","modified_gmt":"2025-04-12T07:21:57","slug":"journees-daction-en-hommage-aux-victimes-des-effets-indesirables-des-injections-anti-covid-et-conference-sur-le-covid-long","status":"publish","type":"post","link":"https:\/\/vosgesinfo.fr\/gerardmerinfo\/2025\/04\/journees-daction-en-hommage-aux-victimes-des-effets-indesirables-des-injections-anti-covid-et-conference-sur-le-covid-long\/","title":{"rendered":"Journ\u00e9es d&rsquo;action en hommage aux victimes des effets ind\u00e9sirables des injections anti-covid et conf\u00e9rence sur le COVID long"},"content":{"rendered":"<h3>Communiqu\u00e9 commun des associations : \u00ab L\u2019Union Fait la Force 88 \u00bb, \u00ab On a eu not\u2019 dose ! \u00bb, \u00ab AAVICTEAM \u00bb et le tiers lieu \u00ab Sainplement \u00bb<\/h3>\n<p>&nbsp;<\/p>\n<p>En juin 2023, l\u2019Agence Nationale de S\u00e9curit\u00e9 du M\u00e9dicament, totalisait en France, 193 934 signalements d\u2019effets ind\u00e9sirables, dont 1 635 d\u00e9c\u00e8s. En 2025, Il n\u2019est plus possible de faire la sourde oreille, ni de fermer les yeux sur ce qu\u2019il se passe. Il est temps de trouver, de reconna\u00eetre et de prendre en charge les victimes.<\/p>\n<p>1\/ Le samedi 12 avril aura lieu une manifestation statique \u00e0 G\u00e9rardmer sur la Place des D\u00e9port\u00e9s de 14h \u00e0 17h en soutien aux victimes des effets ind\u00e9sirables des injections anti-covid.<\/p>\n<p>L\u2019action est organis\u00e9e par l\u2019association vosgienne, l\u2019Union Fait la Force 88, en coop\u00e9ration avec<br \/>\n\u00ab On a eu not\u2019 dose \u00bb.<\/p>\n<p><a href=\"https:\/\/vosgesinfo.fr\/app\/uploads\/sites\/6\/2025\/04\/action-de-sensibilisation-aux-effets-indesirables-des-injections-anti-covid-4.png\"><img decoding=\"async\" class=\"alignright size-medium wp-image-76588\" src=\"https:\/\/vosgesinfo.fr\/app\/uploads\/sites\/6\/2025\/04\/action-de-sensibilisation-aux-effets-indesirables-des-injections-anti-covid-4-212x300.png\" alt=\"\" width=\"212\" height=\"300\" srcset=\"https:\/\/vosgesinfo.fr\/app\/uploads\/sites\/6\/2025\/04\/action-de-sensibilisation-aux-effets-indesirables-des-injections-anti-covid-4-212x300.png 212w, https:\/\/vosgesinfo.fr\/app\/uploads\/sites\/6\/2025\/04\/action-de-sensibilisation-aux-effets-indesirables-des-injections-anti-covid-4-724x1024.png 724w, https:\/\/vosgesinfo.fr\/app\/uploads\/sites\/6\/2025\/04\/action-de-sensibilisation-aux-effets-indesirables-des-injections-anti-covid-4-768x1086.png 768w, https:\/\/vosgesinfo.fr\/app\/uploads\/sites\/6\/2025\/04\/action-de-sensibilisation-aux-effets-indesirables-des-injections-anti-covid-4-1086x1536.png 1086w, https:\/\/vosgesinfo.fr\/app\/uploads\/sites\/6\/2025\/04\/action-de-sensibilisation-aux-effets-indesirables-des-injections-anti-covid-4-1448x2048.png 1448w, https:\/\/vosgesinfo.fr\/app\/uploads\/sites\/6\/2025\/04\/action-de-sensibilisation-aux-effets-indesirables-des-injections-anti-covid-4.png 1587w\" sizes=\"(max-width: 212px) 100vw, 212px\" \/><\/a>L\u2019apr\u00e8s-midi se d\u00e9roulera autour d\u2019une centaine de portraits de victimes, r\u00e9alis\u00e9s par Dominique BAUDINAUD du VIAC 19, ayant lui-m\u00eame perdu sa fille \u00e2g\u00e9e d\u2019une quarantaine d\u2019ann\u00e9e, d\u2019une thrombose massive \u00e0 la suite de sa 3\u00e8me injection Moderna :<br \/>\n\uf0a7 Gauthier BEIN, Pr\u00e9sident de l\u2019UFLF88 pour le mot d\u2019accueil,<br \/>\n\uf0a7 Jo\u00ebl JAECKEL, Vice-Pr\u00e9sident de l\u2019Association \u00ab On a eu not\u2019 dose ! \u00bb, pr\u00e9sentera l\u2019association et animera l\u2019apr\u00e8s-midi,<br \/>\n\uf0a7 Aurore THIEBAUT, 39 ans (Deycimont \u2013 88), souffrant d\u2019une enc\u00e9phalomy\u00e9lite myalgique, d\u2019un covid long, d\u2019un Syndrome d\u2019Activation Mastocytaire et d\u2019une hypersensibilit\u00e9 chimique multiple, suite \u00e0 deux doses Pfizer, membre des associations AAVIC TEAM et On a eu not\u2019 dose,<br \/>\n\uf0a7 Julia WALTER, 38 ans (Haguenau \u2013 67) : Membre du Bureau d\u2019AAVIC Team et Porte-Parole de l\u2019Association On a eu not\u2019 dose. Souffrant suite \u00e0 deux doses Pfizer, d\u2019une p\u00e9ricardite chronique, d\u2019une spondylarthrite ankylosante, d\u2019une enc\u00e9phalomy\u00e9lite myalgique,<br \/>\n\uf0a7 Mathieu DUBOIS, 40 ans (Moulin \u2013 03) : Pr\u00e9sident de l\u2019Association AAVIC Team rassemblant 620 victimes en France m\u00e9tropolitaine et dans les DOM TOM, souffrant lui-m\u00eame d\u2019une neuropathie des petites fibres et d\u2019une enc\u00e9phalomy\u00e9lite myalgique suite \u00e0 une dose Moderna,<br \/>\n\uf0a7 Alain MAUPAS, p\u00e8re de M\u00e9lanie MAUPAS, 36 ans (Moulin -03), Vice-Pr\u00e9sidente d\u2019AAVIC Team et souffrant de la maladie de Charcot, suite \u00e0 une troisi\u00e8me dose Pfizer, d\u2019effets ind\u00e9sirables, de proches de victimes et de professionnels de sant\u00e9,<br \/>\n\uf0a7 Prise de parole libre et spontan\u00e9e parmi les pr\u00e9sents, d\u2019autres victimes,<br \/>\n\uf0a7 Cynthia THEVENOT, Pr\u00e9sidente de l\u2019Association \u00ab On a eu not\u2019 dose ! \u00bb invitera ensuite les membres du CA de l\u2019association \u00e0 la rejoindre pour se pr\u00e9senter \u00e0 tour de r\u00f4le et dire quelques mots, avant de conclure,<br \/>\n\uf0a7 Remerciements et cl\u00f4ture de l\u2019apr\u00e8s-midi, par Andr\u00e9as PFEIFFER, co-organisateur de l\u2019\u00e9v\u00e8nement.<br \/>\nLes \u00e9changes et discussions se poursuivront autour d\u2019un repas \u00e0 \u00ab Sainplement \u00bb, Tiers lieu \u00e0 Remiremont, tenue par une des victimes des injections anti-covid, membre d\u2019AAVIC TEAM.<\/p>\n<p>&nbsp;<\/p>\n<h4>Conf\u00e9rence sur le COVID Long ce dimanche<\/h4>\n<p>&nbsp;<\/p>\n<p>2\/ Le dimanche 13 avril, \u00e0 partir de 10h (9h 30 accueil caf\u00e9 croissants), le tiers lieu \u00ab Sainplement \u00bb organise une conf\u00e9rence de presse, 15, rue des Capucins, \u00e0 Remiremont sous forme de table ronde consacr\u00e9e au covid long et aux effets ind\u00e9sirables des injections anti-covid pour les journalistes et le grand public.<\/p>\n<p>La table ronde sera anim\u00e9e par Diane Richard, journaliste ind\u00e9pendante des D\u00e9p\u00eaches citoyennes lors de laquelle interviendront, le Directeur de recherche au CNRS, Jean-Marc Sabatier (par visio), le Dr Herv\u00e9 Seligmann, chercheur biom\u00e9dical, internationalement reconnu et qui a travaill\u00e9 \u00e0 l\u2019Unit\u00e9 de Recherche sur les maladies infectieuses et tropicales \u00e9mergentes de la facult\u00e9 de m\u00e9decine de l\u2019Universit\u00e9 d\u2019Aix-Marseille, Mathieu Dubois, pr\u00e9sident d\u2019AAVIC Team, la plus grande association de victimes des effets ind\u00e9sirables en France, Alain Maupas, Vice-Pr\u00e9sident d\u2019AAVIC Team et p\u00e8re de M\u00e9lanie Maupas, 36 ans, souffrant de la maladie de charcot suite \u00e0 la troisi\u00e8me injection Pfizer, Julia Walter, victime des effets ind\u00e9sirables, Cynthia Th\u00e9venot pr\u00e9sidente de l\u2019association \u00ab On a eu not\u2019 dose \u00bb, Aurore, victime des effets ind\u00e9sirables et bien entendu Maimouna Niane-Faivre, pr\u00e9sidente du tiers lieu \u00ab Sainplement \u00bb et victime de plusieurs pathologies graves et invalidantes (trouble neurofonctionnel, covid \u0301long et maladie du motoneurone) suite \u00e0 la troisi\u00e8me dose du vaccin Moderna.<\/p>\n<p>Le tiers lieu \u00ab Sainplement \u00bb invite tous les participants de la conf\u00e9rence \u00e0 partager un ap\u00e9ro d\u00e9jeunatoire \u201ccuisine du monde\u201d \u00e0 partir de 12h. Une cagnotte sera mise en place pour aider les victimes des effets ind\u00e9sirables pour les d\u00e9marches th\u00e9rapeutiques et juridiques.<\/p>\n<p>Clotilde et Andr\u00e9as PFEIFFER, au nom et en coop\u00e9ration avec les associations<br \/>\n\u00ab L\u2019\u2019Union Fait la Force \u00bb, \u00ab On a eu not\u2019 dose ! \u00bb, \u00ab AAVICTEAM \u00bb, \u00ab Sainplement \u00bb<\/p>\n<p><a href=\"https:\/\/vosgesinfo.fr\/app\/uploads\/sites\/6\/2025\/04\/journee-daction-au-tiers-lieu-sainplement-le-13-avril-a-remiremont.jpg\"><img decoding=\"async\" class=\"aligncenter size-large wp-image-76587\" src=\"https:\/\/vosgesinfo.fr\/app\/uploads\/sites\/6\/2025\/04\/journee-daction-au-tiers-lieu-sainplement-le-13-avril-a-remiremont-738x1024.jpg\" alt=\"\" width=\"738\" height=\"1024\" srcset=\"https:\/\/vosgesinfo.fr\/app\/uploads\/sites\/6\/2025\/04\/journee-daction-au-tiers-lieu-sainplement-le-13-avril-a-remiremont-738x1024.jpg 738w, https:\/\/vosgesinfo.fr\/app\/uploads\/sites\/6\/2025\/04\/journee-daction-au-tiers-lieu-sainplement-le-13-avril-a-remiremont-216x300.jpg 216w, https:\/\/vosgesinfo.fr\/app\/uploads\/sites\/6\/2025\/04\/journee-daction-au-tiers-lieu-sainplement-le-13-avril-a-remiremont-768x1066.jpg 768w, https:\/\/vosgesinfo.fr\/app\/uploads\/sites\/6\/2025\/04\/journee-daction-au-tiers-lieu-sainplement-le-13-avril-a-remiremont.jpg 922w\" sizes=\"(max-width: 738px) 100vw, 738px\" \/><\/a><\/p>\n","protected":false},"excerpt":{"rendered":"<p>Communiqu\u00e9 commun des associations : \u00ab L\u2019Union Fait la Force 88 \u00bb, \u00ab On a eu not\u2019 dose ! \u00bb, [&hellip;]<\/p>\n","protected":false},"author":42,"featured_media":76588,"comment_status":"open","ping_status":"open","sticky":false,"template":"","format":"standard","meta":{"footnotes":""},"categories":[20,5647,868,12,17],"tags":[7098,4337,7099,7097],"class_list":["post-76585","post","type-post","status-publish","format-standard","has-post-thumbnail","hentry","category-a-la-une","category-gerardmer-autres-sites","category-remiremont","category-sante","category-vie-associative","tag-aavivteam","tag-covid-19","tag-lunion-fait-la-force-88","tag-sainplement"],"acf":[],"yoast_head":"<!-- This site is optimized with the Yoast SEO plugin v22.5 - https:\/\/yoast.com\/wordpress\/plugins\/seo\/ -->\n<title>Journ\u00e9es d&#039;action en hommage aux victimes des effets ind\u00e9sirables des injections anti-covid et conf\u00e9rence sur le COVID long - Gerardmer Info<\/title>\n<meta name=\"robots\" content=\"index, follow, max-snippet:-1, max-image-preview:large, max-video-preview:-1\" \/>\n<link rel=\"canonical\" href=\"https:\/\/vosgesinfo.fr\/gerardmerinfo\/2025\/04\/journees-daction-en-hommage-aux-victimes-des-effets-indesirables-des-injections-anti-covid-et-conference-sur-le-covid-long\/\" \/>\n<meta name=\"twitter:card\" content=\"summary_large_image\" \/>\n<meta name=\"twitter:title\" content=\"Journ\u00e9es d&#039;action en hommage aux victimes des effets ind\u00e9sirables des injections anti-covid et conf\u00e9rence sur le COVID long - Gerardmer Info\" \/>\n<meta name=\"twitter:description\" content=\"Communiqu\u00e9 commun des associations : \u00ab L\u2019Union Fait la Force 88 \u00bb, \u00ab On a eu not\u2019 dose ! \u00bb, [&hellip;]\" \/>\n<meta name=\"twitter:image\" content=\"https:\/\/vosgesinfo.fr\/app\/uploads\/sites\/6\/2025\/04\/action-de-sensibilisation-aux-effets-indesirables-des-injections-anti-covid-4.png\" \/>\n<meta name=\"twitter:creator\" content=\"@VosgesInfo88\" \/>\n<meta name=\"twitter:site\" content=\"@VosgesInfo88\" \/>\n<meta name=\"twitter:label1\" content=\"\u00c9crit par\" \/>\n\t<meta name=\"twitter:data1\" content=\"QG\" \/>\n\t<meta name=\"twitter:label2\" content=\"Dur\u00e9e de lecture estim\u00e9e\" \/>\n\t<meta name=\"twitter:data2\" content=\"5 minutes\" \/>\n<script type=\"application\/ld+json\" class=\"yoast-schema-graph\">{\"@context\":\"https:\/\/schema.org\",\"@graph\":[{\"@type\":\"Article\",\"@id\":\"https:\/\/vosgesinfo.fr\/gerardmerinfo\/2025\/04\/journees-daction-en-hommage-aux-victimes-des-effets-indesirables-des-injections-anti-covid-et-conference-sur-le-covid-long\/#article\",\"isPartOf\":{\"@id\":\"https:\/\/vosgesinfo.fr\/gerardmerinfo\/2025\/04\/journees-daction-en-hommage-aux-victimes-des-effets-indesirables-des-injections-anti-covid-et-conference-sur-le-covid-long\/\"},\"author\":{\"name\":\"QG\",\"@id\":\"https:\/\/vosgesinfo.fr\/gerardmerinfo\/#\/schema\/person\/db5605779a843dad16b5368f3e7613a5\"},\"headline\":\"Journ\u00e9es d&rsquo;action en hommage aux victimes des effets ind\u00e9sirables des injections anti-covid et conf\u00e9rence sur le COVID long\",\"datePublished\":\"2025-04-12T03:59:25+00:00\",\"dateModified\":\"2025-04-12T07:21:57+00:00\",\"mainEntityOfPage\":{\"@id\":\"https:\/\/vosgesinfo.fr\/gerardmerinfo\/2025\/04\/journees-daction-en-hommage-aux-victimes-des-effets-indesirables-des-injections-anti-covid-et-conference-sur-le-covid-long\/\"},\"wordCount\":803,\"commentCount\":0,\"publisher\":{\"@id\":\"https:\/\/vosgesinfo.fr\/gerardmerinfo\/#organization\"},\"image\":{\"@id\":\"https:\/\/vosgesinfo.fr\/gerardmerinfo\/2025\/04\/journees-daction-en-hommage-aux-victimes-des-effets-indesirables-des-injections-anti-covid-et-conference-sur-le-covid-long\/#primaryimage\"},\"thumbnailUrl\":\"https:\/\/vosgesinfo.fr\/app\/uploads\/sites\/6\/2025\/04\/action-de-sensibilisation-aux-effets-indesirables-des-injections-anti-covid-4.png\",\"keywords\":[\"AAVIVTEAM\",\"COVID 19\",\"L'union fait la force 88\",\"Sainplement\"],\"articleSection\":[\"A la une\",\"Gerardmer\",\"Remiremont\",\"Sant\u00e9\",\"Vie Associative\"],\"inLanguage\":\"fr-FR\",\"potentialAction\":[{\"@type\":\"CommentAction\",\"name\":\"Comment\",\"target\":[\"https:\/\/vosgesinfo.fr\/gerardmerinfo\/2025\/04\/journees-daction-en-hommage-aux-victimes-des-effets-indesirables-des-injections-anti-covid-et-conference-sur-le-covid-long\/#respond\"]}]},{\"@type\":\"WebPage\",\"@id\":\"https:\/\/vosgesinfo.fr\/gerardmerinfo\/2025\/04\/journees-daction-en-hommage-aux-victimes-des-effets-indesirables-des-injections-anti-covid-et-conference-sur-le-covid-long\/\",\"url\":\"https:\/\/vosgesinfo.fr\/gerardmerinfo\/2025\/04\/journees-daction-en-hommage-aux-victimes-des-effets-indesirables-des-injections-anti-covid-et-conference-sur-le-covid-long\/\",\"name\":\"Journ\u00e9es d'action en hommage aux victimes des effets ind\u00e9sirables des injections anti-covid et conf\u00e9rence sur le COVID long - Gerardmer Info\",\"isPartOf\":{\"@id\":\"https:\/\/vosgesinfo.fr\/gerardmerinfo\/#website\"},\"primaryImageOfPage\":{\"@id\":\"https:\/\/vosgesinfo.fr\/gerardmerinfo\/2025\/04\/journees-daction-en-hommage-aux-victimes-des-effets-indesirables-des-injections-anti-covid-et-conference-sur-le-covid-long\/#primaryimage\"},\"image\":{\"@id\":\"https:\/\/vosgesinfo.fr\/gerardmerinfo\/2025\/04\/journees-daction-en-hommage-aux-victimes-des-effets-indesirables-des-injections-anti-covid-et-conference-sur-le-covid-long\/#primaryimage\"},\"thumbnailUrl\":\"https:\/\/vosgesinfo.fr\/app\/uploads\/sites\/6\/2025\/04\/action-de-sensibilisation-aux-effets-indesirables-des-injections-anti-covid-4.png\",\"datePublished\":\"2025-04-12T03:59:25+00:00\",\"dateModified\":\"2025-04-12T07:21:57+00:00\",\"breadcrumb\":{\"@id\":\"https:\/\/vosgesinfo.fr\/gerardmerinfo\/2025\/04\/journees-daction-en-hommage-aux-victimes-des-effets-indesirables-des-injections-anti-covid-et-conference-sur-le-covid-long\/#breadcrumb\"},\"inLanguage\":\"fr-FR\",\"potentialAction\":[{\"@type\":\"ReadAction\",\"target\":[\"https:\/\/vosgesinfo.fr\/gerardmerinfo\/2025\/04\/journees-daction-en-hommage-aux-victimes-des-effets-indesirables-des-injections-anti-covid-et-conference-sur-le-covid-long\/\"]}]},{\"@type\":\"ImageObject\",\"inLanguage\":\"fr-FR\",\"@id\":\"https:\/\/vosgesinfo.fr\/gerardmerinfo\/2025\/04\/journees-daction-en-hommage-aux-victimes-des-effets-indesirables-des-injections-anti-covid-et-conference-sur-le-covid-long\/#primaryimage\",\"url\":\"https:\/\/vosgesinfo.fr\/app\/uploads\/sites\/6\/2025\/04\/action-de-sensibilisation-aux-effets-indesirables-des-injections-anti-covid-4.png\",\"contentUrl\":\"https:\/\/vosgesinfo.fr\/app\/uploads\/sites\/6\/2025\/04\/action-de-sensibilisation-aux-effets-indesirables-des-injections-anti-covid-4.png\",\"width\":1587,\"height\":2245},{\"@type\":\"BreadcrumbList\",\"@id\":\"https:\/\/vosgesinfo.fr\/gerardmerinfo\/2025\/04\/journees-daction-en-hommage-aux-victimes-des-effets-indesirables-des-injections-anti-covid-et-conference-sur-le-covid-long\/#breadcrumb\",\"itemListElement\":[{\"@type\":\"ListItem\",\"position\":1,\"name\":\"Home\",\"item\":\"https:\/\/vosgesinfo.fr\/gerardmerinfo\/\"},{\"@type\":\"ListItem\",\"position\":2,\"name\":\"Journ\u00e9es d&#8217;action en hommage aux victimes des effets ind\u00e9sirables des injections anti-covid et conf\u00e9rence sur le COVID long\"}]},{\"@type\":\"WebSite\",\"@id\":\"https:\/\/vosgesinfo.fr\/gerardmerinfo\/#website\",\"url\":\"https:\/\/vosgesinfo.fr\/gerardmerinfo\/\",\"name\":\"Gerardmer Info\",\"description\":\"Toute l&#039;actualit\u00e9 de G\u00e9rardmer\",\"publisher\":{\"@id\":\"https:\/\/vosgesinfo.fr\/gerardmerinfo\/#organization\"},\"alternateName\":\"Toute l'actualit\u00e9 de G\u00e9rardmer\",\"potentialAction\":[{\"@type\":\"SearchAction\",\"target\":{\"@type\":\"EntryPoint\",\"urlTemplate\":\"https:\/\/vosgesinfo.fr\/gerardmerinfo\/?s={search_term_string}\"},\"query-input\":\"required name=search_term_string\"}],\"inLanguage\":\"fr-FR\"},{\"@type\":\"Organization\",\"@id\":\"https:\/\/vosgesinfo.fr\/gerardmerinfo\/#organization\",\"name\":\"Gerardmer Info\",\"url\":\"https:\/\/vosgesinfo.fr\/gerardmerinfo\/\",\"logo\":{\"@type\":\"ImageObject\",\"inLanguage\":\"fr-FR\",\"@id\":\"https:\/\/vosgesinfo.fr\/gerardmerinfo\/#\/schema\/logo\/image\/\",\"url\":\"https:\/\/vosgesinfo.fr\/app\/uploads\/sites\/6\/2023\/08\/favicon-gerardmerinfo.png\",\"contentUrl\":\"https:\/\/vosgesinfo.fr\/app\/uploads\/sites\/6\/2023\/08\/favicon-gerardmerinfo.png\",\"width\":512,\"height\":512,\"caption\":\"Gerardmer Info\"},\"image\":{\"@id\":\"https:\/\/vosgesinfo.fr\/gerardmerinfo\/#\/schema\/logo\/image\/\"},\"sameAs\":[\"https:\/\/www.facebook.com\/profile.php?id=100049475262660\",\"https:\/\/x.com\/VosgesInfo88\",\"https:\/\/www.youtube.com\/@vosgesinfo\"]},{\"@type\":\"Person\",\"@id\":\"https:\/\/vosgesinfo.fr\/gerardmerinfo\/#\/schema\/person\/db5605779a843dad16b5368f3e7613a5\",\"name\":\"QG\",\"image\":{\"@type\":\"ImageObject\",\"inLanguage\":\"fr-FR\",\"@id\":\"https:\/\/vosgesinfo.fr\/gerardmerinfo\/#\/schema\/person\/image\/\",\"url\":\"https:\/\/secure.gravatar.com\/avatar\/ea80c42c204b534408512832fde52504ecabb9706bcb6151cf6175e5b64e6793?s=96&d=mm&r=g\",\"contentUrl\":\"https:\/\/secure.gravatar.com\/avatar\/ea80c42c204b534408512832fde52504ecabb9706bcb6151cf6175e5b64e6793?s=96&d=mm&r=g\",\"caption\":\"QG\"},\"url\":\"https:\/\/vosgesinfo.fr\/gerardmerinfo\/author\/quentin88\/\"}]}<\/script>\n<!-- \/ Yoast SEO plugin. -->","yoast_head_json":{"title":"Journ\u00e9es d'action en hommage aux victimes des effets ind\u00e9sirables des injections anti-covid et conf\u00e9rence sur le COVID long - Gerardmer Info","robots":{"index":"index","follow":"follow","max-snippet":"max-snippet:-1","max-image-preview":"max-image-preview:large","max-video-preview":"max-video-preview:-1"},"canonical":"https:\/\/vosgesinfo.fr\/gerardmerinfo\/2025\/04\/journees-daction-en-hommage-aux-victimes-des-effets-indesirables-des-injections-anti-covid-et-conference-sur-le-covid-long\/","twitter_card":"summary_large_image","twitter_title":"Journ\u00e9es d'action en hommage aux victimes des effets ind\u00e9sirables des injections anti-covid et conf\u00e9rence sur le COVID long - Gerardmer Info","twitter_description":"Communiqu\u00e9 commun des associations : \u00ab L\u2019Union Fait la Force 88 \u00bb, \u00ab On a eu not\u2019 dose ! \u00bb, [&hellip;]","twitter_image":"https:\/\/vosgesinfo.fr\/app\/uploads\/sites\/6\/2025\/04\/action-de-sensibilisation-aux-effets-indesirables-des-injections-anti-covid-4.png","twitter_creator":"@VosgesInfo88","twitter_site":"@VosgesInfo88","twitter_misc":{"\u00c9crit par":"QG","Dur\u00e9e de lecture estim\u00e9e":"5 minutes"},"schema":{"@context":"https:\/\/schema.org","@graph":[{"@type":"Article","@id":"https:\/\/vosgesinfo.fr\/gerardmerinfo\/2025\/04\/journees-daction-en-hommage-aux-victimes-des-effets-indesirables-des-injections-anti-covid-et-conference-sur-le-covid-long\/#article","isPartOf":{"@id":"https:\/\/vosgesinfo.fr\/gerardmerinfo\/2025\/04\/journees-daction-en-hommage-aux-victimes-des-effets-indesirables-des-injections-anti-covid-et-conference-sur-le-covid-long\/"},"author":{"name":"QG","@id":"https:\/\/vosgesinfo.fr\/gerardmerinfo\/#\/schema\/person\/db5605779a843dad16b5368f3e7613a5"},"headline":"Journ\u00e9es d&rsquo;action en hommage aux victimes des effets ind\u00e9sirables des injections anti-covid et conf\u00e9rence sur le COVID long","datePublished":"2025-04-12T03:59:25+00:00","dateModified":"2025-04-12T07:21:57+00:00","mainEntityOfPage":{"@id":"https:\/\/vosgesinfo.fr\/gerardmerinfo\/2025\/04\/journees-daction-en-hommage-aux-victimes-des-effets-indesirables-des-injections-anti-covid-et-conference-sur-le-covid-long\/"},"wordCount":803,"commentCount":0,"publisher":{"@id":"https:\/\/vosgesinfo.fr\/gerardmerinfo\/#organization"},"image":{"@id":"https:\/\/vosgesinfo.fr\/gerardmerinfo\/2025\/04\/journees-daction-en-hommage-aux-victimes-des-effets-indesirables-des-injections-anti-covid-et-conference-sur-le-covid-long\/#primaryimage"},"thumbnailUrl":"https:\/\/vosgesinfo.fr\/app\/uploads\/sites\/6\/2025\/04\/action-de-sensibilisation-aux-effets-indesirables-des-injections-anti-covid-4.png","keywords":["AAVIVTEAM","COVID 19","L'union fait la force 88","Sainplement"],"articleSection":["A la une","Gerardmer","Remiremont","Sant\u00e9","Vie Associative"],"inLanguage":"fr-FR","potentialAction":[{"@type":"CommentAction","name":"Comment","target":["https:\/\/vosgesinfo.fr\/gerardmerinfo\/2025\/04\/journees-daction-en-hommage-aux-victimes-des-effets-indesirables-des-injections-anti-covid-et-conference-sur-le-covid-long\/#respond"]}]},{"@type":"WebPage","@id":"https:\/\/vosgesinfo.fr\/gerardmerinfo\/2025\/04\/journees-daction-en-hommage-aux-victimes-des-effets-indesirables-des-injections-anti-covid-et-conference-sur-le-covid-long\/","url":"https:\/\/vosgesinfo.fr\/gerardmerinfo\/2025\/04\/journees-daction-en-hommage-aux-victimes-des-effets-indesirables-des-injections-anti-covid-et-conference-sur-le-covid-long\/","name":"Journ\u00e9es d'action en hommage aux victimes des effets ind\u00e9sirables des injections anti-covid et conf\u00e9rence sur le COVID long - Gerardmer Info","isPartOf":{"@id":"https:\/\/vosgesinfo.fr\/gerardmerinfo\/#website"},"primaryImageOfPage":{"@id":"https:\/\/vosgesinfo.fr\/gerardmerinfo\/2025\/04\/journees-daction-en-hommage-aux-victimes-des-effets-indesirables-des-injections-anti-covid-et-conference-sur-le-covid-long\/#primaryimage"},"image":{"@id":"https:\/\/vosgesinfo.fr\/gerardmerinfo\/2025\/04\/journees-daction-en-hommage-aux-victimes-des-effets-indesirables-des-injections-anti-covid-et-conference-sur-le-covid-long\/#primaryimage"},"thumbnailUrl":"https:\/\/vosgesinfo.fr\/app\/uploads\/sites\/6\/2025\/04\/action-de-sensibilisation-aux-effets-indesirables-des-injections-anti-covid-4.png","datePublished":"2025-04-12T03:59:25+00:00","dateModified":"2025-04-12T07:21:57+00:00","breadcrumb":{"@id":"https:\/\/vosgesinfo.fr\/gerardmerinfo\/2025\/04\/journees-daction-en-hommage-aux-victimes-des-effets-indesirables-des-injections-anti-covid-et-conference-sur-le-covid-long\/#breadcrumb"},"inLanguage":"fr-FR","potentialAction":[{"@type":"ReadAction","target":["https:\/\/vosgesinfo.fr\/gerardmerinfo\/2025\/04\/journees-daction-en-hommage-aux-victimes-des-effets-indesirables-des-injections-anti-covid-et-conference-sur-le-covid-long\/"]}]},{"@type":"ImageObject","inLanguage":"fr-FR","@id":"https:\/\/vosgesinfo.fr\/gerardmerinfo\/2025\/04\/journees-daction-en-hommage-aux-victimes-des-effets-indesirables-des-injections-anti-covid-et-conference-sur-le-covid-long\/#primaryimage","url":"https:\/\/vosgesinfo.fr\/app\/uploads\/sites\/6\/2025\/04\/action-de-sensibilisation-aux-effets-indesirables-des-injections-anti-covid-4.png","contentUrl":"https:\/\/vosgesinfo.fr\/app\/uploads\/sites\/6\/2025\/04\/action-de-sensibilisation-aux-effets-indesirables-des-injections-anti-covid-4.png","width":1587,"height":2245},{"@type":"BreadcrumbList","@id":"https:\/\/vosgesinfo.fr\/gerardmerinfo\/2025\/04\/journees-daction-en-hommage-aux-victimes-des-effets-indesirables-des-injections-anti-covid-et-conference-sur-le-covid-long\/#breadcrumb","itemListElement":[{"@type":"ListItem","position":1,"name":"Home","item":"https:\/\/vosgesinfo.fr\/gerardmerinfo\/"},{"@type":"ListItem","position":2,"name":"Journ\u00e9es d&#8217;action en hommage aux victimes des effets ind\u00e9sirables des injections anti-covid et conf\u00e9rence sur le COVID long"}]},{"@type":"WebSite","@id":"https:\/\/vosgesinfo.fr\/gerardmerinfo\/#website","url":"https:\/\/vosgesinfo.fr\/gerardmerinfo\/","name":"Gerardmer Info","description":"Toute l&#039;actualit\u00e9 de G\u00e9rardmer","publisher":{"@id":"https:\/\/vosgesinfo.fr\/gerardmerinfo\/#organization"},"alternateName":"Toute l'actualit\u00e9 de G\u00e9rardmer","potentialAction":[{"@type":"SearchAction","target":{"@type":"EntryPoint","urlTemplate":"https:\/\/vosgesinfo.fr\/gerardmerinfo\/?s={search_term_string}"},"query-input":"required name=search_term_string"}],"inLanguage":"fr-FR"},{"@type":"Organization","@id":"https:\/\/vosgesinfo.fr\/gerardmerinfo\/#organization","name":"Gerardmer Info","url":"https:\/\/vosgesinfo.fr\/gerardmerinfo\/","logo":{"@type":"ImageObject","inLanguage":"fr-FR","@id":"https:\/\/vosgesinfo.fr\/gerardmerinfo\/#\/schema\/logo\/image\/","url":"https:\/\/vosgesinfo.fr\/app\/uploads\/sites\/6\/2023\/08\/favicon-gerardmerinfo.png","contentUrl":"https:\/\/vosgesinfo.fr\/app\/uploads\/sites\/6\/2023\/08\/favicon-gerardmerinfo.png","width":512,"height":512,"caption":"Gerardmer Info"},"image":{"@id":"https:\/\/vosgesinfo.fr\/gerardmerinfo\/#\/schema\/logo\/image\/"},"sameAs":["https:\/\/www.facebook.com\/profile.php?id=100049475262660","https:\/\/x.com\/VosgesInfo88","https:\/\/www.youtube.com\/@vosgesinfo"]},{"@type":"Person","@id":"https:\/\/vosgesinfo.fr\/gerardmerinfo\/#\/schema\/person\/db5605779a843dad16b5368f3e7613a5","name":"QG","image":{"@type":"ImageObject","inLanguage":"fr-FR","@id":"https:\/\/vosgesinfo.fr\/gerardmerinfo\/#\/schema\/person\/image\/","url":"https:\/\/secure.gravatar.com\/avatar\/ea80c42c204b534408512832fde52504ecabb9706bcb6151cf6175e5b64e6793?s=96&d=mm&r=g","contentUrl":"https:\/\/secure.gravatar.com\/avatar\/ea80c42c204b534408512832fde52504ecabb9706bcb6151cf6175e5b64e6793?s=96&d=mm&r=g","caption":"QG"},"url":"https:\/\/vosgesinfo.fr\/gerardmerinfo\/author\/quentin88\/"}]}},"_links":{"self":[{"href":"https:\/\/vosgesinfo.fr\/gerardmerinfo\/wp-json\/wp\/v2\/posts\/76585","targetHints":{"allow":["GET"]}}],"collection":[{"href":"https:\/\/vosgesinfo.fr\/gerardmerinfo\/wp-json\/wp\/v2\/posts"}],"about":[{"href":"https:\/\/vosgesinfo.fr\/gerardmerinfo\/wp-json\/wp\/v2\/types\/post"}],"author":[{"embeddable":true,"href":"https:\/\/vosgesinfo.fr\/gerardmerinfo\/wp-json\/wp\/v2\/users\/42"}],"replies":[{"embeddable":true,"href":"https:\/\/vosgesinfo.fr\/gerardmerinfo\/wp-json\/wp\/v2\/comments?post=76585"}],"version-history":[{"count":1,"href":"https:\/\/vosgesinfo.fr\/gerardmerinfo\/wp-json\/wp\/v2\/posts\/76585\/revisions"}],"predecessor-version":[{"id":76589,"href":"https:\/\/vosgesinfo.fr\/gerardmerinfo\/wp-json\/wp\/v2\/posts\/76585\/revisions\/76589"}],"wp:featuredmedia":[{"embeddable":true,"href":"https:\/\/vosgesinfo.fr\/gerardmerinfo\/wp-json\/wp\/v2\/media\/76588"}],"wp:attachment":[{"href":"https:\/\/vosgesinfo.fr\/gerardmerinfo\/wp-json\/wp\/v2\/media?parent=76585"}],"wp:term":[{"taxonomy":"category","embeddable":true,"href":"https:\/\/vosgesinfo.fr\/gerardmerinfo\/wp-json\/wp\/v2\/categories?post=76585"},{"taxonomy":"post_tag","embeddable":true,"href":"https:\/\/vosgesinfo.fr\/gerardmerinfo\/wp-json\/wp\/v2\/tags?post=76585"}],"curies":[{"name":"wp","href":"https:\/\/api.w.org\/{rel}","templated":true}]}}