{"id":766,"date":"2024-01-17T08:56:04","date_gmt":"2024-01-17T07:56:04","guid":{"rendered":"https:\/\/vosgesinfo.fr\/gerardmerinfo\/2024\/01\/les-lillois-mettent-les-vosges-a-lhonneur-a-travers-une-feerie-montagnarde-au-coeur-de-la-ville\/"},"modified":"2024-01-17T08:56:04","modified_gmt":"2024-01-17T07:56:04","slug":"les-lillois-mettent-les-vosges-a-lhonneur-a-travers-une-feerie-montagnarde-au-coeur-de-la-ville","status":"publish","type":"post","link":"https:\/\/vosgesinfo.fr\/gerardmerinfo\/2024\/01\/les-lillois-mettent-les-vosges-a-lhonneur-a-travers-une-feerie-montagnarde-au-coeur-de-la-ville\/","title":{"rendered":"Les Lillois mettent les Vosges \u00e0 l&rsquo;honneur \u00e0 travers \u00ab\u00a0une f\u00e9\u00e9rie montagnarde au c\u0153ur de la ville\u00a0\u00bb"},"content":{"rendered":"<p><strong>La ville de Lille renouvelle son op\u00e9ration annuelle \u00ab\u00a0Lille Neige\u00a0\u00bb au mois de f\u00e9vrier 2024. Op\u00e9ration qui prend une dimension nouvelle pour cette nouvelle \u00e9dition en explorant le th\u00e8me de la montagne, avec une attention particuli\u00e8re port\u00e9e sur la d\u00e9couverte du massif des Vosges.<\/strong><\/p>\n<p>Article \u00e0 lire ici : <a href=\"https:\/\/www.lille.fr\/Actualites\/Lille-Neige-2024\" target=\"_blank\" rel=\"noopener\">https:\/\/www.lille.fr\/Actualites\/Lille-Neige-2024<\/a><\/p>\n<p><a href=\"https:\/\/gerardmerinfo.fr\/wp-content\/uploads\/2024\/01\/Screenshot-2024-01-17-at-09-52-28-Lille-Neige-2024.png\"><img decoding=\"async\" class=\"aligncenter size-medium wp-image-214651\" src=\"https:\/\/vosgesinfo.fr\/app\/uploads\/sites\/6\/2024\/01\/screenshot-2024-01-17-at-09-52-28-lille-neige-2024.png\" alt=\"Screenshot 2024-01-17 at 09-52-28 Lille Neige 2024\" width=\"384\" height=\"255\" \/><\/a><\/p>\n","protected":false},"excerpt":{"rendered":"<p>La ville de Lille renouvelle son op\u00e9ration annuelle \u00ab\u00a0Lille Neige\u00a0\u00bb au mois de f\u00e9vrier 2024. Op\u00e9ration qui prend une dimension [&hellip;]<\/p>\n","protected":false},"author":1,"featured_media":767,"comment_status":"open","ping_status":"open","sticky":false,"template":"","format":"standard","meta":{"footnotes":""},"categories":[20,15,18],"tags":[168],"class_list":["post-766","post","type-post","status-publish","format-standard","has-post-thumbnail","hentry","category-a-la-une","category-tourisme","category-vosges","tag-lille-neige"],"acf":[],"yoast_head":"<!-- This site is optimized with the Yoast SEO plugin v22.5 - https:\/\/yoast.com\/wordpress\/plugins\/seo\/ -->\n<title>Les Lillois mettent les Vosges \u00e0 l&#039;honneur \u00e0 travers &quot;une f\u00e9\u00e9rie montagnarde au c\u0153ur de la ville&quot; - Gerardmer Info<\/title>\n<meta name=\"robots\" content=\"index, follow, max-snippet:-1, max-image-preview:large, max-video-preview:-1\" \/>\n<link rel=\"canonical\" href=\"https:\/\/vosgesinfo.fr\/gerardmerinfo\/2024\/01\/les-lillois-mettent-les-vosges-a-lhonneur-a-travers-une-feerie-montagnarde-au-coeur-de-la-ville\/\" \/>\n<meta name=\"twitter:card\" content=\"summary_large_image\" \/>\n<meta name=\"twitter:title\" content=\"Les Lillois mettent les Vosges \u00e0 l&#039;honneur \u00e0 travers &quot;une f\u00e9\u00e9rie montagnarde au c\u0153ur de la ville&quot; - Gerardmer Info\" \/>\n<meta name=\"twitter:description\" content=\"La ville de Lille renouvelle son op\u00e9ration annuelle \u00ab\u00a0Lille Neige\u00a0\u00bb au mois de f\u00e9vrier 2024. Op\u00e9ration qui prend une dimension [&hellip;]\" \/>\n<meta name=\"twitter:image\" content=\"https:\/\/vosgesinfo.fr\/app\/uploads\/sites\/6\/2017\/01\/domaine-skiable-bas-rupts-vue.jpg\" \/>\n<meta name=\"twitter:creator\" content=\"@VosgesInfo88\" \/>\n<meta name=\"twitter:site\" content=\"@VosgesInfo88\" \/>\n<meta name=\"twitter:label1\" content=\"\u00c9crit par\" \/>\n\t<meta name=\"twitter:data1\" content=\"qs_admin\" \/>\n<script type=\"application\/ld+json\" class=\"yoast-schema-graph\">{\"@context\":\"https:\/\/schema.org\",\"@graph\":[{\"@type\":\"Article\",\"@id\":\"https:\/\/vosgesinfo.fr\/gerardmerinfo\/2024\/01\/les-lillois-mettent-les-vosges-a-lhonneur-a-travers-une-feerie-montagnarde-au-coeur-de-la-ville\/#article\",\"isPartOf\":{\"@id\":\"https:\/\/vosgesinfo.fr\/gerardmerinfo\/2024\/01\/les-lillois-mettent-les-vosges-a-lhonneur-a-travers-une-feerie-montagnarde-au-coeur-de-la-ville\/\"},\"author\":{\"name\":\"qs_admin\",\"@id\":\"https:\/\/vosgesinfo.fr\/gerardmerinfo\/#\/schema\/person\/bc5d02d71e6932e81b6dadb7386667b1\"},\"headline\":\"Les Lillois mettent les Vosges \u00e0 l&rsquo;honneur \u00e0 travers \u00ab\u00a0une f\u00e9\u00e9rie montagnarde au c\u0153ur de la ville\u00a0\u00bb\",\"datePublished\":\"2024-01-17T07:56:04+00:00\",\"dateModified\":\"2024-01-17T07:56:04+00:00\",\"mainEntityOfPage\":{\"@id\":\"https:\/\/vosgesinfo.fr\/gerardmerinfo\/2024\/01\/les-lillois-mettent-les-vosges-a-lhonneur-a-travers-une-feerie-montagnarde-au-coeur-de-la-ville\/\"},\"wordCount\":77,\"commentCount\":0,\"publisher\":{\"@id\":\"https:\/\/vosgesinfo.fr\/gerardmerinfo\/#organization\"},\"image\":{\"@id\":\"https:\/\/vosgesinfo.fr\/gerardmerinfo\/2024\/01\/les-lillois-mettent-les-vosges-a-lhonneur-a-travers-une-feerie-montagnarde-au-coeur-de-la-ville\/#primaryimage\"},\"thumbnailUrl\":\"https:\/\/vosgesinfo.fr\/app\/uploads\/sites\/6\/2017\/01\/domaine-skiable-bas-rupts-vue.jpg\",\"keywords\":[\"Lille neige\"],\"articleSection\":[\"A la une\",\"Tourisme\",\"Vosges\"],\"inLanguage\":\"fr-FR\",\"potentialAction\":[{\"@type\":\"CommentAction\",\"name\":\"Comment\",\"target\":[\"https:\/\/vosgesinfo.fr\/gerardmerinfo\/2024\/01\/les-lillois-mettent-les-vosges-a-lhonneur-a-travers-une-feerie-montagnarde-au-coeur-de-la-ville\/#respond\"]}]},{\"@type\":\"WebPage\",\"@id\":\"https:\/\/vosgesinfo.fr\/gerardmerinfo\/2024\/01\/les-lillois-mettent-les-vosges-a-lhonneur-a-travers-une-feerie-montagnarde-au-coeur-de-la-ville\/\",\"url\":\"https:\/\/vosgesinfo.fr\/gerardmerinfo\/2024\/01\/les-lillois-mettent-les-vosges-a-lhonneur-a-travers-une-feerie-montagnarde-au-coeur-de-la-ville\/\",\"name\":\"Les Lillois mettent les Vosges \u00e0 l'honneur \u00e0 travers \\\"une f\u00e9\u00e9rie montagnarde au c\u0153ur de la ville\\\" - Gerardmer Info\",\"isPartOf\":{\"@id\":\"https:\/\/vosgesinfo.fr\/gerardmerinfo\/#website\"},\"primaryImageOfPage\":{\"@id\":\"https:\/\/vosgesinfo.fr\/gerardmerinfo\/2024\/01\/les-lillois-mettent-les-vosges-a-lhonneur-a-travers-une-feerie-montagnarde-au-coeur-de-la-ville\/#primaryimage\"},\"image\":{\"@id\":\"https:\/\/vosgesinfo.fr\/gerardmerinfo\/2024\/01\/les-lillois-mettent-les-vosges-a-lhonneur-a-travers-une-feerie-montagnarde-au-coeur-de-la-ville\/#primaryimage\"},\"thumbnailUrl\":\"https:\/\/vosgesinfo.fr\/app\/uploads\/sites\/6\/2017\/01\/domaine-skiable-bas-rupts-vue.jpg\",\"datePublished\":\"2024-01-17T07:56:04+00:00\",\"dateModified\":\"2024-01-17T07:56:04+00:00\",\"breadcrumb\":{\"@id\":\"https:\/\/vosgesinfo.fr\/gerardmerinfo\/2024\/01\/les-lillois-mettent-les-vosges-a-lhonneur-a-travers-une-feerie-montagnarde-au-coeur-de-la-ville\/#breadcrumb\"},\"inLanguage\":\"fr-FR\",\"potentialAction\":[{\"@type\":\"ReadAction\",\"target\":[\"https:\/\/vosgesinfo.fr\/gerardmerinfo\/2024\/01\/les-lillois-mettent-les-vosges-a-lhonneur-a-travers-une-feerie-montagnarde-au-coeur-de-la-ville\/\"]}]},{\"@type\":\"ImageObject\",\"inLanguage\":\"fr-FR\",\"@id\":\"https:\/\/vosgesinfo.fr\/gerardmerinfo\/2024\/01\/les-lillois-mettent-les-vosges-a-lhonneur-a-travers-une-feerie-montagnarde-au-coeur-de-la-ville\/#primaryimage\",\"url\":\"https:\/\/vosgesinfo.fr\/app\/uploads\/sites\/6\/2017\/01\/domaine-skiable-bas-rupts-vue.jpg\",\"contentUrl\":\"https:\/\/vosgesinfo.fr\/app\/uploads\/sites\/6\/2017\/01\/domaine-skiable-bas-rupts-vue.jpg\",\"width\":800,\"height\":536},{\"@type\":\"BreadcrumbList\",\"@id\":\"https:\/\/vosgesinfo.fr\/gerardmerinfo\/2024\/01\/les-lillois-mettent-les-vosges-a-lhonneur-a-travers-une-feerie-montagnarde-au-coeur-de-la-ville\/#breadcrumb\",\"itemListElement\":[{\"@type\":\"ListItem\",\"position\":1,\"name\":\"Home\",\"item\":\"https:\/\/vosgesinfo.fr\/gerardmerinfo\/\"},{\"@type\":\"ListItem\",\"position\":2,\"name\":\"Les Lillois mettent les Vosges \u00e0 l&rsquo;honneur \u00e0 travers \u00ab\u00a0une f\u00e9\u00e9rie montagnarde au c\u0153ur de la ville\u00a0\u00bb\"}]},{\"@type\":\"WebSite\",\"@id\":\"https:\/\/vosgesinfo.fr\/gerardmerinfo\/#website\",\"url\":\"https:\/\/vosgesinfo.fr\/gerardmerinfo\/\",\"name\":\"Gerardmer Info\",\"description\":\"Toute l&#039;actualit\u00e9 de G\u00e9rardmer\",\"publisher\":{\"@id\":\"https:\/\/vosgesinfo.fr\/gerardmerinfo\/#organization\"},\"alternateName\":\"Toute l'actualit\u00e9 de G\u00e9rardmer\",\"potentialAction\":[{\"@type\":\"SearchAction\",\"target\":{\"@type\":\"EntryPoint\",\"urlTemplate\":\"https:\/\/vosgesinfo.fr\/gerardmerinfo\/?s={search_term_string}\"},\"query-input\":\"required name=search_term_string\"}],\"inLanguage\":\"fr-FR\"},{\"@type\":\"Organization\",\"@id\":\"https:\/\/vosgesinfo.fr\/gerardmerinfo\/#organization\",\"name\":\"Gerardmer Info\",\"url\":\"https:\/\/vosgesinfo.fr\/gerardmerinfo\/\",\"logo\":{\"@type\":\"ImageObject\",\"inLanguage\":\"fr-FR\",\"@id\":\"https:\/\/vosgesinfo.fr\/gerardmerinfo\/#\/schema\/logo\/image\/\",\"url\":\"https:\/\/vosgesinfo.fr\/app\/uploads\/sites\/6\/2023\/08\/favicon-gerardmerinfo.png\",\"contentUrl\":\"https:\/\/vosgesinfo.fr\/app\/uploads\/sites\/6\/2023\/08\/favicon-gerardmerinfo.png\",\"width\":512,\"height\":512,\"caption\":\"Gerardmer Info\"},\"image\":{\"@id\":\"https:\/\/vosgesinfo.fr\/gerardmerinfo\/#\/schema\/logo\/image\/\"},\"sameAs\":[\"https:\/\/www.facebook.com\/profile.php?id=100049475262660\",\"https:\/\/x.com\/VosgesInfo88\",\"https:\/\/www.youtube.com\/@vosgesinfo\"]},{\"@type\":\"Person\",\"@id\":\"https:\/\/vosgesinfo.fr\/gerardmerinfo\/#\/schema\/person\/bc5d02d71e6932e81b6dadb7386667b1\",\"name\":\"qs_admin\",\"image\":{\"@type\":\"ImageObject\",\"inLanguage\":\"fr-FR\",\"@id\":\"https:\/\/vosgesinfo.fr\/gerardmerinfo\/#\/schema\/person\/image\/\",\"url\":\"https:\/\/secure.gravatar.com\/avatar\/94b18ee0ed79e4a42ea2f2931277b6841a8999fc6fde214600c78057cf1fe1de?s=96&d=mm&r=g\",\"contentUrl\":\"https:\/\/secure.gravatar.com\/avatar\/94b18ee0ed79e4a42ea2f2931277b6841a8999fc6fde214600c78057cf1fe1de?s=96&d=mm&r=g\",\"caption\":\"qs_admin\"},\"sameAs\":[\"https:\/\/vosgesinfo.fr\/wp\"],\"url\":\"https:\/\/vosgesinfo.fr\/gerardmerinfo\/author\/qs_admin\/\"}]}<\/script>\n<!-- \/ Yoast SEO plugin. -->","yoast_head_json":{"title":"Les Lillois mettent les Vosges \u00e0 l'honneur \u00e0 travers \"une f\u00e9\u00e9rie montagnarde au c\u0153ur de la ville\" - Gerardmer Info","robots":{"index":"index","follow":"follow","max-snippet":"max-snippet:-1","max-image-preview":"max-image-preview:large","max-video-preview":"max-video-preview:-1"},"canonical":"https:\/\/vosgesinfo.fr\/gerardmerinfo\/2024\/01\/les-lillois-mettent-les-vosges-a-lhonneur-a-travers-une-feerie-montagnarde-au-coeur-de-la-ville\/","twitter_card":"summary_large_image","twitter_title":"Les Lillois mettent les Vosges \u00e0 l'honneur \u00e0 travers \"une f\u00e9\u00e9rie montagnarde au c\u0153ur de la ville\" - Gerardmer Info","twitter_description":"La ville de Lille renouvelle son op\u00e9ration annuelle \u00ab\u00a0Lille Neige\u00a0\u00bb au mois de f\u00e9vrier 2024. Op\u00e9ration qui prend une dimension [&hellip;]","twitter_image":"https:\/\/vosgesinfo.fr\/app\/uploads\/sites\/6\/2017\/01\/domaine-skiable-bas-rupts-vue.jpg","twitter_creator":"@VosgesInfo88","twitter_site":"@VosgesInfo88","twitter_misc":{"\u00c9crit par":"qs_admin"},"schema":{"@context":"https:\/\/schema.org","@graph":[{"@type":"Article","@id":"https:\/\/vosgesinfo.fr\/gerardmerinfo\/2024\/01\/les-lillois-mettent-les-vosges-a-lhonneur-a-travers-une-feerie-montagnarde-au-coeur-de-la-ville\/#article","isPartOf":{"@id":"https:\/\/vosgesinfo.fr\/gerardmerinfo\/2024\/01\/les-lillois-mettent-les-vosges-a-lhonneur-a-travers-une-feerie-montagnarde-au-coeur-de-la-ville\/"},"author":{"name":"qs_admin","@id":"https:\/\/vosgesinfo.fr\/gerardmerinfo\/#\/schema\/person\/bc5d02d71e6932e81b6dadb7386667b1"},"headline":"Les Lillois mettent les Vosges \u00e0 l&rsquo;honneur \u00e0 travers \u00ab\u00a0une f\u00e9\u00e9rie montagnarde au c\u0153ur de la ville\u00a0\u00bb","datePublished":"2024-01-17T07:56:04+00:00","dateModified":"2024-01-17T07:56:04+00:00","mainEntityOfPage":{"@id":"https:\/\/vosgesinfo.fr\/gerardmerinfo\/2024\/01\/les-lillois-mettent-les-vosges-a-lhonneur-a-travers-une-feerie-montagnarde-au-coeur-de-la-ville\/"},"wordCount":77,"commentCount":0,"publisher":{"@id":"https:\/\/vosgesinfo.fr\/gerardmerinfo\/#organization"},"image":{"@id":"https:\/\/vosgesinfo.fr\/gerardmerinfo\/2024\/01\/les-lillois-mettent-les-vosges-a-lhonneur-a-travers-une-feerie-montagnarde-au-coeur-de-la-ville\/#primaryimage"},"thumbnailUrl":"https:\/\/vosgesinfo.fr\/app\/uploads\/sites\/6\/2017\/01\/domaine-skiable-bas-rupts-vue.jpg","keywords":["Lille neige"],"articleSection":["A la une","Tourisme","Vosges"],"inLanguage":"fr-FR","potentialAction":[{"@type":"CommentAction","name":"Comment","target":["https:\/\/vosgesinfo.fr\/gerardmerinfo\/2024\/01\/les-lillois-mettent-les-vosges-a-lhonneur-a-travers-une-feerie-montagnarde-au-coeur-de-la-ville\/#respond"]}]},{"@type":"WebPage","@id":"https:\/\/vosgesinfo.fr\/gerardmerinfo\/2024\/01\/les-lillois-mettent-les-vosges-a-lhonneur-a-travers-une-feerie-montagnarde-au-coeur-de-la-ville\/","url":"https:\/\/vosgesinfo.fr\/gerardmerinfo\/2024\/01\/les-lillois-mettent-les-vosges-a-lhonneur-a-travers-une-feerie-montagnarde-au-coeur-de-la-ville\/","name":"Les Lillois mettent les Vosges \u00e0 l'honneur \u00e0 travers \"une f\u00e9\u00e9rie montagnarde au c\u0153ur de la ville\" - Gerardmer Info","isPartOf":{"@id":"https:\/\/vosgesinfo.fr\/gerardmerinfo\/#website"},"primaryImageOfPage":{"@id":"https:\/\/vosgesinfo.fr\/gerardmerinfo\/2024\/01\/les-lillois-mettent-les-vosges-a-lhonneur-a-travers-une-feerie-montagnarde-au-coeur-de-la-ville\/#primaryimage"},"image":{"@id":"https:\/\/vosgesinfo.fr\/gerardmerinfo\/2024\/01\/les-lillois-mettent-les-vosges-a-lhonneur-a-travers-une-feerie-montagnarde-au-coeur-de-la-ville\/#primaryimage"},"thumbnailUrl":"https:\/\/vosgesinfo.fr\/app\/uploads\/sites\/6\/2017\/01\/domaine-skiable-bas-rupts-vue.jpg","datePublished":"2024-01-17T07:56:04+00:00","dateModified":"2024-01-17T07:56:04+00:00","breadcrumb":{"@id":"https:\/\/vosgesinfo.fr\/gerardmerinfo\/2024\/01\/les-lillois-mettent-les-vosges-a-lhonneur-a-travers-une-feerie-montagnarde-au-coeur-de-la-ville\/#breadcrumb"},"inLanguage":"fr-FR","potentialAction":[{"@type":"ReadAction","target":["https:\/\/vosgesinfo.fr\/gerardmerinfo\/2024\/01\/les-lillois-mettent-les-vosges-a-lhonneur-a-travers-une-feerie-montagnarde-au-coeur-de-la-ville\/"]}]},{"@type":"ImageObject","inLanguage":"fr-FR","@id":"https:\/\/vosgesinfo.fr\/gerardmerinfo\/2024\/01\/les-lillois-mettent-les-vosges-a-lhonneur-a-travers-une-feerie-montagnarde-au-coeur-de-la-ville\/#primaryimage","url":"https:\/\/vosgesinfo.fr\/app\/uploads\/sites\/6\/2017\/01\/domaine-skiable-bas-rupts-vue.jpg","contentUrl":"https:\/\/vosgesinfo.fr\/app\/uploads\/sites\/6\/2017\/01\/domaine-skiable-bas-rupts-vue.jpg","width":800,"height":536},{"@type":"BreadcrumbList","@id":"https:\/\/vosgesinfo.fr\/gerardmerinfo\/2024\/01\/les-lillois-mettent-les-vosges-a-lhonneur-a-travers-une-feerie-montagnarde-au-coeur-de-la-ville\/#breadcrumb","itemListElement":[{"@type":"ListItem","position":1,"name":"Home","item":"https:\/\/vosgesinfo.fr\/gerardmerinfo\/"},{"@type":"ListItem","position":2,"name":"Les Lillois mettent les Vosges \u00e0 l&rsquo;honneur \u00e0 travers \u00ab\u00a0une f\u00e9\u00e9rie montagnarde au c\u0153ur de la ville\u00a0\u00bb"}]},{"@type":"WebSite","@id":"https:\/\/vosgesinfo.fr\/gerardmerinfo\/#website","url":"https:\/\/vosgesinfo.fr\/gerardmerinfo\/","name":"Gerardmer Info","description":"Toute l&#039;actualit\u00e9 de G\u00e9rardmer","publisher":{"@id":"https:\/\/vosgesinfo.fr\/gerardmerinfo\/#organization"},"alternateName":"Toute l'actualit\u00e9 de G\u00e9rardmer","potentialAction":[{"@type":"SearchAction","target":{"@type":"EntryPoint","urlTemplate":"https:\/\/vosgesinfo.fr\/gerardmerinfo\/?s={search_term_string}"},"query-input":"required name=search_term_string"}],"inLanguage":"fr-FR"},{"@type":"Organization","@id":"https:\/\/vosgesinfo.fr\/gerardmerinfo\/#organization","name":"Gerardmer Info","url":"https:\/\/vosgesinfo.fr\/gerardmerinfo\/","logo":{"@type":"ImageObject","inLanguage":"fr-FR","@id":"https:\/\/vosgesinfo.fr\/gerardmerinfo\/#\/schema\/logo\/image\/","url":"https:\/\/vosgesinfo.fr\/app\/uploads\/sites\/6\/2023\/08\/favicon-gerardmerinfo.png","contentUrl":"https:\/\/vosgesinfo.fr\/app\/uploads\/sites\/6\/2023\/08\/favicon-gerardmerinfo.png","width":512,"height":512,"caption":"Gerardmer Info"},"image":{"@id":"https:\/\/vosgesinfo.fr\/gerardmerinfo\/#\/schema\/logo\/image\/"},"sameAs":["https:\/\/www.facebook.com\/profile.php?id=100049475262660","https:\/\/x.com\/VosgesInfo88","https:\/\/www.youtube.com\/@vosgesinfo"]},{"@type":"Person","@id":"https:\/\/vosgesinfo.fr\/gerardmerinfo\/#\/schema\/person\/bc5d02d71e6932e81b6dadb7386667b1","name":"qs_admin","image":{"@type":"ImageObject","inLanguage":"fr-FR","@id":"https:\/\/vosgesinfo.fr\/gerardmerinfo\/#\/schema\/person\/image\/","url":"https:\/\/secure.gravatar.com\/avatar\/94b18ee0ed79e4a42ea2f2931277b6841a8999fc6fde214600c78057cf1fe1de?s=96&d=mm&r=g","contentUrl":"https:\/\/secure.gravatar.com\/avatar\/94b18ee0ed79e4a42ea2f2931277b6841a8999fc6fde214600c78057cf1fe1de?s=96&d=mm&r=g","caption":"qs_admin"},"sameAs":["https:\/\/vosgesinfo.fr\/wp"],"url":"https:\/\/vosgesinfo.fr\/gerardmerinfo\/author\/qs_admin\/"}]}},"_links":{"self":[{"href":"https:\/\/vosgesinfo.fr\/gerardmerinfo\/wp-json\/wp\/v2\/posts\/766","targetHints":{"allow":["GET"]}}],"collection":[{"href":"https:\/\/vosgesinfo.fr\/gerardmerinfo\/wp-json\/wp\/v2\/posts"}],"about":[{"href":"https:\/\/vosgesinfo.fr\/gerardmerinfo\/wp-json\/wp\/v2\/types\/post"}],"author":[{"embeddable":true,"href":"https:\/\/vosgesinfo.fr\/gerardmerinfo\/wp-json\/wp\/v2\/users\/1"}],"replies":[{"embeddable":true,"href":"https:\/\/vosgesinfo.fr\/gerardmerinfo\/wp-json\/wp\/v2\/comments?post=766"}],"version-history":[{"count":0,"href":"https:\/\/vosgesinfo.fr\/gerardmerinfo\/wp-json\/wp\/v2\/posts\/766\/revisions"}],"wp:featuredmedia":[{"embeddable":true,"href":"https:\/\/vosgesinfo.fr\/gerardmerinfo\/wp-json\/wp\/v2\/media\/767"}],"wp:attachment":[{"href":"https:\/\/vosgesinfo.fr\/gerardmerinfo\/wp-json\/wp\/v2\/media?parent=766"}],"wp:term":[{"taxonomy":"category","embeddable":true,"href":"https:\/\/vosgesinfo.fr\/gerardmerinfo\/wp-json\/wp\/v2\/categories?post=766"},{"taxonomy":"post_tag","embeddable":true,"href":"https:\/\/vosgesinfo.fr\/gerardmerinfo\/wp-json\/wp\/v2\/tags?post=766"}],"curies":[{"name":"wp","href":"https:\/\/api.w.org\/{rel}","templated":true}]}}