{"id":76664,"date":"2025-04-09T17:50:14","date_gmt":"2025-04-09T15:50:14","guid":{"rendered":"https:\/\/vosgesinfo.fr\/gerardmerinfo\/?p=76664"},"modified":"2025-04-09T17:50:14","modified_gmt":"2025-04-09T15:50:14","slug":"anould-la-friche-du-souche-devient-cambium-un-centre-national-de-formation-en-securite","status":"publish","type":"post","link":"https:\/\/vosgesinfo.fr\/gerardmerinfo\/2025\/04\/anould-la-friche-du-souche-devient-cambium-un-centre-national-de-formation-en-securite\/","title":{"rendered":"Anould \u2013 La friche du Souche devient \u00ab\u00a0Cambium\u00a0\u00bb, un centre national de formation en s\u00e9curit\u00e9"},"content":{"rendered":"<p><a href=\"https:\/\/vosgesinfo.fr\/app\/uploads\/sites\/4\/2025\/04\/anould-presentation-projet-cambium-9-scaled.jpg\"><img decoding=\"async\" class=\"alignnone size-large wp-image-76549\" src=\"https:\/\/vosgesinfo.fr\/app\/uploads\/sites\/4\/2025\/04\/anould-presentation-projet-cambium-9-1024x771.jpg\" alt=\"\" width=\"1024\" height=\"771\" \/><\/a><\/p>\n<h2>Impuls\u00e9 en <strong>2018<\/strong>, le projet de <strong>centre national de formation en s\u00e9curit\u00e9<\/strong> sur la <strong>friche du Souche<\/strong> \u00e9tait initialement baptis\u00e9 \u00ab\u202f<strong>P3S<\/strong>\u202f\u00bb. Il \u00e9volue en \u00ab\u202f<strong>Cambium<\/strong>\u202f\u00bb, un nom inspir\u00e9 de la <strong>couche de l\u2019arbre responsable de sa croissance et de son adaptation<\/strong>.<\/h2>\n<p><!--more--><\/p>\n<p>Car pour faire face aux <strong>d\u00e9fis actuels<\/strong>, notamment <strong>g\u00e9opolitiques<\/strong>, la <strong>s\u00e9curit\u00e9<\/strong> doit aussi <strong>s&rsquo;adapter en \u00e9voluant sans cesse<\/strong>. Ce qui est tout particuli\u00e8rement le cas de la <strong>cybers\u00e9curit\u00e9<\/strong>. Le nom choisi \u00e9voque \u00e9galement le <strong>bois<\/strong>, <strong>symbole des Vosges<\/strong> et des <strong>anciennes papeteries du Souche<\/strong>. Le projet est port\u00e9 par <strong>l&rsquo;intercommunalit\u00e9 d\u00e9odatienne<\/strong>, avec le soutien de <strong>l&rsquo;Etat<\/strong>, de<strong> la R\u00e9gion Grand Est<\/strong> et <strong>des collectivit\u00e9s locales<\/strong>, dont<strong> le D\u00e9partement des Vosges.<\/strong><\/p>\n<h3>Une initiative majeure r\u00e9gionale, \u00e0 vocation nationale<\/h3>\n<p>Ce <strong>mercredi en fin de matin\u00e9e<\/strong>, le projet \u00ab\u202f<strong>Cambium<\/strong>\u202f\u00bb a \u00e9t\u00e9 pr\u00e9sent\u00e9 \u00e0 la presse par le pr\u00e9sident de la Communaut\u00e9 d&rsquo;Agglom\u00e9ration <strong>Claude George<\/strong>, le pr\u00e9sident de la R\u00e9gion Grand Est <strong>Franck Leroy<\/strong>, la pr\u00e9f\u00e8te des Vosges <strong>Val\u00e9rie Michel-Moreaux<\/strong>, le pr\u00e9sident du Conseil D\u00e9partemental<strong> Fran\u00e7ois Vannson<\/strong> et <strong>Alain Toubol<\/strong>, directeur de l\u2019\u00c9tablissement Public Foncier du Grand Est \u2013 EPFGE.<\/p>\n<p>Le futur centre, qui <strong>accueillera ses premiers apprenants \u00e0 l\u2019automne 2026<\/strong> mais qui sera <strong>op\u00e9rationnel d\u00e8s la prochaine rentr\u00e9e de septembre<\/strong>, se d\u00e9finit comme <strong>une initiative majeure r\u00e9gionale, \u00e0 vocation nationale<\/strong>, dans le domaine de la <strong>protection des citoyens et de la souverainet\u00e9 en France<\/strong>.<\/p>\n<h3>De la s\u00e9curit\u00e9 de terrain \u00e0 la cybers\u00e9curit\u00e9<\/h3>\n<p>Concr\u00e8tement, le <strong>p\u00f4le de formation priv\u00e9<\/strong>, qui fera partie du r\u00e9seau <strong>\u00ab\u202f\u00c9cole Nationale de S\u00e9curit\u00e9\u202f\u00bb<\/strong>, proposera diff\u00e9rents dipl\u00f4mes relatifs \u00e0 la s\u00e9curit\u00e9. <strong>Du terrain \u00e0 la cybers\u00e9curit\u00e9<\/strong>, en passant par <strong>les drones et la vid\u00e9oprotection<\/strong>. Du <strong>CAP au titre d\u2019ing\u00e9nieur<\/strong>, en <strong>formation initiale<\/strong> ou <strong>formation professionnelle continue<\/strong>.<\/p>\n<p>Le centre \u00ab\u202f<strong>Cambium<\/strong>\u202f\u00bb sera plac\u00e9 sous la responsabilit\u00e9 d\u2019<strong>Actiss Gestion<\/strong>, qui s\u2019appuiera sur deux principaux partenaires\u202f: le <strong>Conservatoire National des Arts et M\u00e9tiers \u2013 CNAM \u2013 <\/strong>et le <strong>Centre de Formation aux M\u00e9tiers du Drone \u2013 CFAD<\/strong>. Avec une <strong>capacit\u00e9 d\u2019accueil maximale de 350 stagiaires par jour<\/strong>, le p\u00f4le s\u2019adressera aux <strong>forces de l\u2019ordre<\/strong>, aux <strong>\u00e9quipes de secours<\/strong> et aux <strong>op\u00e9rateurs de s\u00e9curit\u00e9 priv\u00e9e<\/strong>.<\/p>\n\n\t\t<style type=\"text\/css\">\n\t\t\t#gallery-1 {\n\t\t\t\tmargin: auto;\n\t\t\t}\n\t\t\t#gallery-1 .gallery-item {\n\t\t\t\tfloat: left;\n\t\t\t\tmargin-top: 10px;\n\t\t\t\ttext-align: center;\n\t\t\t\twidth: 33%;\n\t\t\t}\n\t\t\t#gallery-1 img {\n\t\t\t\tborder: 2px solid #cfcfcf;\n\t\t\t}\n\t\t\t#gallery-1 .gallery-caption {\n\t\t\t\tmargin-left: 0;\n\t\t\t}\n\t\t\t\/* see gallery_shortcode() in wp-includes\/media.php *\/\n\t\t<\/style>\n\t\t<div id='gallery-1' class='gallery galleryid-76664 gallery-columns-3 gallery-size-thumbnail'><dl class='gallery-item'>\n\t\t\t<dt class='gallery-icon landscape'>\n\t\t\t\t<a href='https:\/\/vosgesinfo.fr\/app\/uploads\/sites\/6\/2025\/04\/anould-presentation-projet-cambium-2.jpg'><img decoding=\"async\" width=\"150\" height=\"150\" src=\"https:\/\/vosgesinfo.fr\/app\/uploads\/sites\/6\/2025\/04\/anould-presentation-projet-cambium-2-150x150.jpg\" class=\"attachment-thumbnail size-thumbnail\" alt=\"\" \/><\/a>\n\t\t\t<\/dt><\/dl><dl class='gallery-item'>\n\t\t\t<dt class='gallery-icon landscape'>\n\t\t\t\t<a href='https:\/\/vosgesinfo.fr\/app\/uploads\/sites\/6\/2025\/04\/anould-presentation-projet-cambium-1-scaled-1.jpg'><img decoding=\"async\" width=\"150\" height=\"150\" src=\"https:\/\/vosgesinfo.fr\/app\/uploads\/sites\/6\/2025\/04\/anould-presentation-projet-cambium-1-scaled-1-150x150.jpg\" class=\"attachment-thumbnail size-thumbnail\" alt=\"\" \/><\/a>\n\t\t\t<\/dt><\/dl><dl class='gallery-item'>\n\t\t\t<dt class='gallery-icon landscape'>\n\t\t\t\t<a href='https:\/\/vosgesinfo.fr\/app\/uploads\/sites\/6\/2025\/04\/anould-presentation-projet-cambium-3.jpg'><img decoding=\"async\" width=\"150\" height=\"150\" src=\"https:\/\/vosgesinfo.fr\/app\/uploads\/sites\/6\/2025\/04\/anould-presentation-projet-cambium-3-150x150.jpg\" class=\"attachment-thumbnail size-thumbnail\" alt=\"\" \/><\/a>\n\t\t\t<\/dt><\/dl><br style=\"clear: both\" \/>\n\t\t<\/div>\n\n<h3>Un site de 9 hectares dans un environnement immersif<\/h3>\n<p>Pour former ces stagiaires dans un <strong>environnement immersif<\/strong>, le <strong>site de 9 hectares<\/strong>, propri\u00e9t\u00e9 de la Communaut\u00e9 d\u2019Agglom\u00e9ration, disposera de <strong>simulateurs<\/strong>, de <strong>stands de tir<\/strong> et d\u2019espaces permettant <strong>la mise en situation avec des sc\u00e9narios r\u00e9alistes<\/strong>. Il sera \u00e9galement <strong>adapt\u00e9 au vol des drones<\/strong>. \u00c0 l\u2019avenir, l\u2019ambition de \u00ab\u202f<strong>Cambium<\/strong>\u202f\u00bb sera de cr\u00e9er <strong>un espace technologique adjacent<\/strong>, avec <strong>un data center souverain<\/strong> pour <strong>l\u2019h\u00e9bergement s\u00e9curis\u00e9 des donn\u00e9es publiques et priv\u00e9es<\/strong>.<\/p>\n<h3>Des travaux pr\u00e9paratoires de 9,3 millions d&rsquo;\u20ac<\/h3>\n<p>Si le budget total du projet n\u2019a pas \u00e9t\u00e9 pr\u00e9cis\u00e9 lors de la conf\u00e9rence de presse, le <strong>D\u00e9partement des Vosges y contribue \u00e0 hauteur de 900 000\u202f\u20ac<\/strong>, en sachant que <strong>les seuls travaux pr\u00e9paratoires men\u00e9s par l\u2019EPFGE se chiffrent \u00e0 9,3 millions d\u2019euros<\/strong>.<\/p>\n<h3>Un projet qui s&rsquo;inscrit dans les enjeux actuels<\/h3>\n<p>\u00ab\u202fCe projet est d\u2019abord <strong>la reconversion assez exemplaire d\u2019une friche industrielle<\/strong>. Il vient <strong>palier un manque, \u00e0 l\u2019\u00e9chelle nationale<\/strong>, d\u2019un <strong>p\u00f4le d\u2019excellence en mati\u00e8re de s\u00e9curit\u00e9<\/strong>. Porter un projet comme celui-ci, c\u2019est <strong>adresser un message de renouveau<\/strong>, d\u2019espoir et de <strong>prise en compte de la souverainet\u00e9 du territoire<\/strong>\u202f\u00bb, a d\u00e9clar\u00e9 <strong>Franck Leroy<\/strong> ce matin.<\/p>\n<p>Et <strong>Claude George<\/strong> d\u2019ajouter\u202f: \u00ab\u202fce projet est <strong>au bon endroit et au bon moment<\/strong>. Le <strong>hasard<\/strong> fait qu\u2019on arrive <strong>au moment o\u00f9 on doit arriver<\/strong>. Mais je le dis cependant avec <strong>beaucoup de tristesse<\/strong>, au regard des <strong>\u00e9v\u00e9nements internationaux et g\u00e9opolitiques actuels. <\/strong>\u00bb<\/p>\n<p>J.J.<\/p>\n\n\t\t<style type=\"text\/css\">\n\t\t\t#gallery-2 {\n\t\t\t\tmargin: auto;\n\t\t\t}\n\t\t\t#gallery-2 .gallery-item {\n\t\t\t\tfloat: left;\n\t\t\t\tmargin-top: 10px;\n\t\t\t\ttext-align: center;\n\t\t\t\twidth: 33%;\n\t\t\t}\n\t\t\t#gallery-2 img {\n\t\t\t\tborder: 2px solid #cfcfcf;\n\t\t\t}\n\t\t\t#gallery-2 .gallery-caption {\n\t\t\t\tmargin-left: 0;\n\t\t\t}\n\t\t\t\/* see gallery_shortcode() in wp-includes\/media.php *\/\n\t\t<\/style>\n\t\t<div id='gallery-2' class='gallery galleryid-76664 gallery-columns-3 gallery-size-thumbnail'><dl class='gallery-item'>\n\t\t\t<dt class='gallery-icon landscape'>\n\t\t\t\t<a href='https:\/\/vosgesinfo.fr\/app\/uploads\/sites\/6\/2025\/04\/anould-presentation-projet-cambium-8.jpg'><img decoding=\"async\" width=\"150\" height=\"150\" src=\"https:\/\/vosgesinfo.fr\/app\/uploads\/sites\/6\/2025\/04\/anould-presentation-projet-cambium-8-150x150.jpg\" class=\"attachment-thumbnail size-thumbnail\" alt=\"\" \/><\/a>\n\t\t\t<\/dt><\/dl><dl class='gallery-item'>\n\t\t\t<dt class='gallery-icon landscape'>\n\t\t\t\t<a href='https:\/\/vosgesinfo.fr\/app\/uploads\/sites\/6\/2025\/04\/anould-presentation-projet-cambium-4.jpg'><img decoding=\"async\" width=\"150\" height=\"150\" src=\"https:\/\/vosgesinfo.fr\/app\/uploads\/sites\/6\/2025\/04\/anould-presentation-projet-cambium-4-150x150.jpg\" class=\"attachment-thumbnail size-thumbnail\" alt=\"\" \/><\/a>\n\t\t\t<\/dt><\/dl><dl class='gallery-item'>\n\t\t\t<dt class='gallery-icon landscape'>\n\t\t\t\t<a href='https:\/\/vosgesinfo.fr\/app\/uploads\/sites\/6\/2025\/04\/anould-presentation-projet-cambium-5.jpg'><img decoding=\"async\" width=\"150\" height=\"150\" src=\"https:\/\/vosgesinfo.fr\/app\/uploads\/sites\/6\/2025\/04\/anould-presentation-projet-cambium-5-150x150.jpg\" class=\"attachment-thumbnail size-thumbnail\" alt=\"\" \/><\/a>\n\t\t\t<\/dt><\/dl><br style=\"clear: both\" \/><dl class='gallery-item'>\n\t\t\t<dt class='gallery-icon portrait'>\n\t\t\t\t<a href='https:\/\/vosgesinfo.fr\/app\/uploads\/sites\/6\/2025\/04\/anould-presentation-projet-cambium-6.jpg'><img decoding=\"async\" width=\"150\" height=\"150\" src=\"https:\/\/vosgesinfo.fr\/app\/uploads\/sites\/6\/2025\/04\/anould-presentation-projet-cambium-6-150x150.jpg\" class=\"attachment-thumbnail size-thumbnail\" alt=\"\" \/><\/a>\n\t\t\t<\/dt><\/dl><dl class='gallery-item'>\n\t\t\t<dt class='gallery-icon portrait'>\n\t\t\t\t<a href='https:\/\/vosgesinfo.fr\/app\/uploads\/sites\/6\/2025\/04\/anould-presentation-projet-cambium-7.jpg'><img decoding=\"async\" width=\"150\" height=\"150\" src=\"https:\/\/vosgesinfo.fr\/app\/uploads\/sites\/6\/2025\/04\/anould-presentation-projet-cambium-7-150x150.jpg\" class=\"attachment-thumbnail size-thumbnail\" alt=\"\" \/><\/a>\n\t\t\t<\/dt><\/dl>\n\t\t\t<br style='clear: both' \/>\n\t\t<\/div>\n\n<p><iframe loading=\"lazy\" title=\"Cambium - p\u00f4le d&#039;excellence nationale \u00e0 Anould\" width=\"500\" height=\"281\" src=\"https:\/\/www.youtube.com\/embed\/2cryaMB3iEA?feature=oembed\" frameborder=\"0\" allow=\"accelerometer; autoplay; clipboard-write; encrypted-media; gyroscope; picture-in-picture; web-share\" referrerpolicy=\"strict-origin-when-cross-origin\" allowfullscreen><\/iframe><\/p>\n","protected":false},"excerpt":{"rendered":"<p>Impuls\u00e9 en 2018, le projet de centre national de formation en s\u00e9curit\u00e9 sur la friche du Souche \u00e9tait initialement baptis\u00e9 [&hellip;]<\/p>\n","protected":false},"author":46,"featured_media":76665,"comment_status":"open","ping_status":"open","sticky":false,"template":"","format":"standard","meta":{"footnotes":""},"categories":[20,871,878,25,328,868,908,18],"tags":[7103,1052,7104,7105,7106,1113,7107,7108],"class_list":["post-76664","post","type-post","status-publish","format-standard","has-post-thumbnail","hentry","category-a-la-une","category-deodatie","category-epinal","category-gerardmer","category-la-plaine-des-vosges","category-remiremont","category-saint-die-des-vosges-et-son-agglomeration","category-vosges","tag-actiss-gestion","tag-anould","tag-cambium","tag-cfad","tag-cnam","tag-communaute-dagglomeration-de-saint-die-des-vosges","tag-ecole-nationale-de-securite","tag-friche-des-papeteries-du-souche"],"acf":[],"yoast_head":"<!-- This site is optimized with the Yoast SEO plugin v22.5 - https:\/\/yoast.com\/wordpress\/plugins\/seo\/ -->\n<title>Anould \u2013 La friche du Souche devient \u00ab\u00a0Cambium\u00a0\u00bb, un centre national de formation en s\u00e9curit\u00e9 - Gerardmer Info<\/title>\n<meta name=\"robots\" content=\"index, follow, max-snippet:-1, max-image-preview:large, max-video-preview:-1\" \/>\n<link rel=\"canonical\" href=\"https:\/\/vosgesinfo.fr\/gerardmerinfo\/2025\/04\/anould-la-friche-du-souche-devient-cambium-un-centre-national-de-formation-en-securite\/\" \/>\n<meta name=\"twitter:card\" content=\"summary_large_image\" \/>\n<meta name=\"twitter:title\" content=\"Anould \u2013 La friche du Souche devient \u00ab\u00a0Cambium\u00a0\u00bb, un centre national de formation en s\u00e9curit\u00e9 - Gerardmer Info\" \/>\n<meta name=\"twitter:description\" content=\"Impuls\u00e9 en 2018, le projet de centre national de formation en s\u00e9curit\u00e9 sur la friche du Souche \u00e9tait initialement baptis\u00e9 [&hellip;]\" \/>\n<meta name=\"twitter:image\" content=\"https:\/\/vosgesinfo.fr\/app\/uploads\/sites\/6\/2025\/04\/anould-presentation-projet-cambium-8-1.jpg\" \/>\n<meta name=\"twitter:creator\" content=\"@VosgesInfo88\" \/>\n<meta name=\"twitter:site\" content=\"@VosgesInfo88\" \/>\n<meta name=\"twitter:label1\" content=\"\u00c9crit par\" \/>\n\t<meta name=\"twitter:data1\" content=\"J.J.\" \/>\n\t<meta name=\"twitter:label2\" content=\"Dur\u00e9e de lecture estim\u00e9e\" \/>\n\t<meta name=\"twitter:data2\" content=\"3 minutes\" \/>\n<script type=\"application\/ld+json\" class=\"yoast-schema-graph\">{\"@context\":\"https:\/\/schema.org\",\"@graph\":[{\"@type\":\"Article\",\"@id\":\"https:\/\/vosgesinfo.fr\/gerardmerinfo\/2025\/04\/anould-la-friche-du-souche-devient-cambium-un-centre-national-de-formation-en-securite\/#article\",\"isPartOf\":{\"@id\":\"https:\/\/vosgesinfo.fr\/gerardmerinfo\/2025\/04\/anould-la-friche-du-souche-devient-cambium-un-centre-national-de-formation-en-securite\/\"},\"author\":{\"name\":\"J.J.\",\"@id\":\"https:\/\/vosgesinfo.fr\/gerardmerinfo\/#\/schema\/person\/fa73e9f726d67bb88f46d5b7943cb572\"},\"headline\":\"Anould \u2013 La friche du Souche devient \u00ab\u00a0Cambium\u00a0\u00bb, un centre national de formation en s\u00e9curit\u00e9\",\"datePublished\":\"2025-04-09T15:50:14+00:00\",\"dateModified\":\"2025-04-09T15:50:14+00:00\",\"mainEntityOfPage\":{\"@id\":\"https:\/\/vosgesinfo.fr\/gerardmerinfo\/2025\/04\/anould-la-friche-du-souche-devient-cambium-un-centre-national-de-formation-en-securite\/\"},\"wordCount\":683,\"commentCount\":0,\"publisher\":{\"@id\":\"https:\/\/vosgesinfo.fr\/gerardmerinfo\/#organization\"},\"image\":{\"@id\":\"https:\/\/vosgesinfo.fr\/gerardmerinfo\/2025\/04\/anould-la-friche-du-souche-devient-cambium-un-centre-national-de-formation-en-securite\/#primaryimage\"},\"thumbnailUrl\":\"https:\/\/vosgesinfo.fr\/app\/uploads\/sites\/6\/2025\/04\/anould-presentation-projet-cambium-8-1.jpg\",\"keywords\":[\"Actiss Gestion\",\"Anould\",\"Cambium\",\"CFAD\",\"CNAM\",\"Communaut\u00e9 d'Agglom\u00e9ration de Saint-Di\u00e9-des-Vosges\",\"Ecole Nationale de S\u00e9curit\u00e9\",\"Friche des papeteries du Souche\"],\"articleSection\":[\"A la une\",\"D\u00e9odatie\",\"Epinal\",\"G\u00e9rardmer\",\"La plaine des vosges\",\"Remiremont\",\"Saint-Di\u00e9-des-Vosges et son Agglom\u00e9ration\",\"Vosges\"],\"inLanguage\":\"fr-FR\",\"potentialAction\":[{\"@type\":\"CommentAction\",\"name\":\"Comment\",\"target\":[\"https:\/\/vosgesinfo.fr\/gerardmerinfo\/2025\/04\/anould-la-friche-du-souche-devient-cambium-un-centre-national-de-formation-en-securite\/#respond\"]}]},{\"@type\":\"WebPage\",\"@id\":\"https:\/\/vosgesinfo.fr\/gerardmerinfo\/2025\/04\/anould-la-friche-du-souche-devient-cambium-un-centre-national-de-formation-en-securite\/\",\"url\":\"https:\/\/vosgesinfo.fr\/gerardmerinfo\/2025\/04\/anould-la-friche-du-souche-devient-cambium-un-centre-national-de-formation-en-securite\/\",\"name\":\"Anould \u2013 La friche du Souche devient \u00ab\u00a0Cambium\u00a0\u00bb, un centre national de formation en s\u00e9curit\u00e9 - Gerardmer Info\",\"isPartOf\":{\"@id\":\"https:\/\/vosgesinfo.fr\/gerardmerinfo\/#website\"},\"primaryImageOfPage\":{\"@id\":\"https:\/\/vosgesinfo.fr\/gerardmerinfo\/2025\/04\/anould-la-friche-du-souche-devient-cambium-un-centre-national-de-formation-en-securite\/#primaryimage\"},\"image\":{\"@id\":\"https:\/\/vosgesinfo.fr\/gerardmerinfo\/2025\/04\/anould-la-friche-du-souche-devient-cambium-un-centre-national-de-formation-en-securite\/#primaryimage\"},\"thumbnailUrl\":\"https:\/\/vosgesinfo.fr\/app\/uploads\/sites\/6\/2025\/04\/anould-presentation-projet-cambium-8-1.jpg\",\"datePublished\":\"2025-04-09T15:50:14+00:00\",\"dateModified\":\"2025-04-09T15:50:14+00:00\",\"breadcrumb\":{\"@id\":\"https:\/\/vosgesinfo.fr\/gerardmerinfo\/2025\/04\/anould-la-friche-du-souche-devient-cambium-un-centre-national-de-formation-en-securite\/#breadcrumb\"},\"inLanguage\":\"fr-FR\",\"potentialAction\":[{\"@type\":\"ReadAction\",\"target\":[\"https:\/\/vosgesinfo.fr\/gerardmerinfo\/2025\/04\/anould-la-friche-du-souche-devient-cambium-un-centre-national-de-formation-en-securite\/\"]}]},{\"@type\":\"ImageObject\",\"inLanguage\":\"fr-FR\",\"@id\":\"https:\/\/vosgesinfo.fr\/gerardmerinfo\/2025\/04\/anould-la-friche-du-souche-devient-cambium-un-centre-national-de-formation-en-securite\/#primaryimage\",\"url\":\"https:\/\/vosgesinfo.fr\/app\/uploads\/sites\/6\/2025\/04\/anould-presentation-projet-cambium-8-1.jpg\",\"contentUrl\":\"https:\/\/vosgesinfo.fr\/app\/uploads\/sites\/6\/2025\/04\/anould-presentation-projet-cambium-8-1.jpg\",\"width\":2200,\"height\":1571},{\"@type\":\"BreadcrumbList\",\"@id\":\"https:\/\/vosgesinfo.fr\/gerardmerinfo\/2025\/04\/anould-la-friche-du-souche-devient-cambium-un-centre-national-de-formation-en-securite\/#breadcrumb\",\"itemListElement\":[{\"@type\":\"ListItem\",\"position\":1,\"name\":\"Home\",\"item\":\"https:\/\/vosgesinfo.fr\/gerardmerinfo\/\"},{\"@type\":\"ListItem\",\"position\":2,\"name\":\"Anould \u2013 La friche du Souche devient \u00ab\u00a0Cambium\u00a0\u00bb, un centre national de formation en s\u00e9curit\u00e9\"}]},{\"@type\":\"WebSite\",\"@id\":\"https:\/\/vosgesinfo.fr\/gerardmerinfo\/#website\",\"url\":\"https:\/\/vosgesinfo.fr\/gerardmerinfo\/\",\"name\":\"Gerardmer Info\",\"description\":\"Toute l&#039;actualit\u00e9 de G\u00e9rardmer\",\"publisher\":{\"@id\":\"https:\/\/vosgesinfo.fr\/gerardmerinfo\/#organization\"},\"alternateName\":\"Toute l'actualit\u00e9 de G\u00e9rardmer\",\"potentialAction\":[{\"@type\":\"SearchAction\",\"target\":{\"@type\":\"EntryPoint\",\"urlTemplate\":\"https:\/\/vosgesinfo.fr\/gerardmerinfo\/?s={search_term_string}\"},\"query-input\":\"required name=search_term_string\"}],\"inLanguage\":\"fr-FR\"},{\"@type\":\"Organization\",\"@id\":\"https:\/\/vosgesinfo.fr\/gerardmerinfo\/#organization\",\"name\":\"Gerardmer Info\",\"url\":\"https:\/\/vosgesinfo.fr\/gerardmerinfo\/\",\"logo\":{\"@type\":\"ImageObject\",\"inLanguage\":\"fr-FR\",\"@id\":\"https:\/\/vosgesinfo.fr\/gerardmerinfo\/#\/schema\/logo\/image\/\",\"url\":\"https:\/\/vosgesinfo.fr\/app\/uploads\/sites\/6\/2023\/08\/favicon-gerardmerinfo.png\",\"contentUrl\":\"https:\/\/vosgesinfo.fr\/app\/uploads\/sites\/6\/2023\/08\/favicon-gerardmerinfo.png\",\"width\":512,\"height\":512,\"caption\":\"Gerardmer Info\"},\"image\":{\"@id\":\"https:\/\/vosgesinfo.fr\/gerardmerinfo\/#\/schema\/logo\/image\/\"},\"sameAs\":[\"https:\/\/www.facebook.com\/profile.php?id=100049475262660\",\"https:\/\/x.com\/VosgesInfo88\",\"https:\/\/www.youtube.com\/@vosgesinfo\"]},{\"@type\":\"Person\",\"@id\":\"https:\/\/vosgesinfo.fr\/gerardmerinfo\/#\/schema\/person\/fa73e9f726d67bb88f46d5b7943cb572\",\"name\":\"J.J.\",\"image\":{\"@type\":\"ImageObject\",\"inLanguage\":\"fr-FR\",\"@id\":\"https:\/\/vosgesinfo.fr\/gerardmerinfo\/#\/schema\/person\/image\/\",\"url\":\"https:\/\/secure.gravatar.com\/avatar\/219e749e47ffbcca018a360ae4add7d4cdf1cdaaf8bc7676b27efade3fe65615?s=96&d=mm&r=g\",\"contentUrl\":\"https:\/\/secure.gravatar.com\/avatar\/219e749e47ffbcca018a360ae4add7d4cdf1cdaaf8bc7676b27efade3fe65615?s=96&d=mm&r=g\",\"caption\":\"J.J.\"},\"url\":\"https:\/\/vosgesinfo.fr\/gerardmerinfo\/author\/j-j\/\"}]}<\/script>\n<!-- \/ Yoast SEO plugin. -->","yoast_head_json":{"title":"Anould \u2013 La friche du Souche devient \u00ab\u00a0Cambium\u00a0\u00bb, un centre national de formation en s\u00e9curit\u00e9 - Gerardmer Info","robots":{"index":"index","follow":"follow","max-snippet":"max-snippet:-1","max-image-preview":"max-image-preview:large","max-video-preview":"max-video-preview:-1"},"canonical":"https:\/\/vosgesinfo.fr\/gerardmerinfo\/2025\/04\/anould-la-friche-du-souche-devient-cambium-un-centre-national-de-formation-en-securite\/","twitter_card":"summary_large_image","twitter_title":"Anould \u2013 La friche du Souche devient \u00ab\u00a0Cambium\u00a0\u00bb, un centre national de formation en s\u00e9curit\u00e9 - Gerardmer Info","twitter_description":"Impuls\u00e9 en 2018, le projet de centre national de formation en s\u00e9curit\u00e9 sur la friche du Souche \u00e9tait initialement baptis\u00e9 [&hellip;]","twitter_image":"https:\/\/vosgesinfo.fr\/app\/uploads\/sites\/6\/2025\/04\/anould-presentation-projet-cambium-8-1.jpg","twitter_creator":"@VosgesInfo88","twitter_site":"@VosgesInfo88","twitter_misc":{"\u00c9crit par":"J.J.","Dur\u00e9e de lecture estim\u00e9e":"3 minutes"},"schema":{"@context":"https:\/\/schema.org","@graph":[{"@type":"Article","@id":"https:\/\/vosgesinfo.fr\/gerardmerinfo\/2025\/04\/anould-la-friche-du-souche-devient-cambium-un-centre-national-de-formation-en-securite\/#article","isPartOf":{"@id":"https:\/\/vosgesinfo.fr\/gerardmerinfo\/2025\/04\/anould-la-friche-du-souche-devient-cambium-un-centre-national-de-formation-en-securite\/"},"author":{"name":"J.J.","@id":"https:\/\/vosgesinfo.fr\/gerardmerinfo\/#\/schema\/person\/fa73e9f726d67bb88f46d5b7943cb572"},"headline":"Anould \u2013 La friche du Souche devient \u00ab\u00a0Cambium\u00a0\u00bb, un centre national de formation en s\u00e9curit\u00e9","datePublished":"2025-04-09T15:50:14+00:00","dateModified":"2025-04-09T15:50:14+00:00","mainEntityOfPage":{"@id":"https:\/\/vosgesinfo.fr\/gerardmerinfo\/2025\/04\/anould-la-friche-du-souche-devient-cambium-un-centre-national-de-formation-en-securite\/"},"wordCount":683,"commentCount":0,"publisher":{"@id":"https:\/\/vosgesinfo.fr\/gerardmerinfo\/#organization"},"image":{"@id":"https:\/\/vosgesinfo.fr\/gerardmerinfo\/2025\/04\/anould-la-friche-du-souche-devient-cambium-un-centre-national-de-formation-en-securite\/#primaryimage"},"thumbnailUrl":"https:\/\/vosgesinfo.fr\/app\/uploads\/sites\/6\/2025\/04\/anould-presentation-projet-cambium-8-1.jpg","keywords":["Actiss Gestion","Anould","Cambium","CFAD","CNAM","Communaut\u00e9 d'Agglom\u00e9ration de Saint-Di\u00e9-des-Vosges","Ecole Nationale de S\u00e9curit\u00e9","Friche des papeteries du Souche"],"articleSection":["A la une","D\u00e9odatie","Epinal","G\u00e9rardmer","La plaine des vosges","Remiremont","Saint-Di\u00e9-des-Vosges et son Agglom\u00e9ration","Vosges"],"inLanguage":"fr-FR","potentialAction":[{"@type":"CommentAction","name":"Comment","target":["https:\/\/vosgesinfo.fr\/gerardmerinfo\/2025\/04\/anould-la-friche-du-souche-devient-cambium-un-centre-national-de-formation-en-securite\/#respond"]}]},{"@type":"WebPage","@id":"https:\/\/vosgesinfo.fr\/gerardmerinfo\/2025\/04\/anould-la-friche-du-souche-devient-cambium-un-centre-national-de-formation-en-securite\/","url":"https:\/\/vosgesinfo.fr\/gerardmerinfo\/2025\/04\/anould-la-friche-du-souche-devient-cambium-un-centre-national-de-formation-en-securite\/","name":"Anould \u2013 La friche du Souche devient \u00ab\u00a0Cambium\u00a0\u00bb, un centre national de formation en s\u00e9curit\u00e9 - Gerardmer Info","isPartOf":{"@id":"https:\/\/vosgesinfo.fr\/gerardmerinfo\/#website"},"primaryImageOfPage":{"@id":"https:\/\/vosgesinfo.fr\/gerardmerinfo\/2025\/04\/anould-la-friche-du-souche-devient-cambium-un-centre-national-de-formation-en-securite\/#primaryimage"},"image":{"@id":"https:\/\/vosgesinfo.fr\/gerardmerinfo\/2025\/04\/anould-la-friche-du-souche-devient-cambium-un-centre-national-de-formation-en-securite\/#primaryimage"},"thumbnailUrl":"https:\/\/vosgesinfo.fr\/app\/uploads\/sites\/6\/2025\/04\/anould-presentation-projet-cambium-8-1.jpg","datePublished":"2025-04-09T15:50:14+00:00","dateModified":"2025-04-09T15:50:14+00:00","breadcrumb":{"@id":"https:\/\/vosgesinfo.fr\/gerardmerinfo\/2025\/04\/anould-la-friche-du-souche-devient-cambium-un-centre-national-de-formation-en-securite\/#breadcrumb"},"inLanguage":"fr-FR","potentialAction":[{"@type":"ReadAction","target":["https:\/\/vosgesinfo.fr\/gerardmerinfo\/2025\/04\/anould-la-friche-du-souche-devient-cambium-un-centre-national-de-formation-en-securite\/"]}]},{"@type":"ImageObject","inLanguage":"fr-FR","@id":"https:\/\/vosgesinfo.fr\/gerardmerinfo\/2025\/04\/anould-la-friche-du-souche-devient-cambium-un-centre-national-de-formation-en-securite\/#primaryimage","url":"https:\/\/vosgesinfo.fr\/app\/uploads\/sites\/6\/2025\/04\/anould-presentation-projet-cambium-8-1.jpg","contentUrl":"https:\/\/vosgesinfo.fr\/app\/uploads\/sites\/6\/2025\/04\/anould-presentation-projet-cambium-8-1.jpg","width":2200,"height":1571},{"@type":"BreadcrumbList","@id":"https:\/\/vosgesinfo.fr\/gerardmerinfo\/2025\/04\/anould-la-friche-du-souche-devient-cambium-un-centre-national-de-formation-en-securite\/#breadcrumb","itemListElement":[{"@type":"ListItem","position":1,"name":"Home","item":"https:\/\/vosgesinfo.fr\/gerardmerinfo\/"},{"@type":"ListItem","position":2,"name":"Anould \u2013 La friche du Souche devient \u00ab\u00a0Cambium\u00a0\u00bb, un centre national de formation en s\u00e9curit\u00e9"}]},{"@type":"WebSite","@id":"https:\/\/vosgesinfo.fr\/gerardmerinfo\/#website","url":"https:\/\/vosgesinfo.fr\/gerardmerinfo\/","name":"Gerardmer Info","description":"Toute l&#039;actualit\u00e9 de G\u00e9rardmer","publisher":{"@id":"https:\/\/vosgesinfo.fr\/gerardmerinfo\/#organization"},"alternateName":"Toute l'actualit\u00e9 de G\u00e9rardmer","potentialAction":[{"@type":"SearchAction","target":{"@type":"EntryPoint","urlTemplate":"https:\/\/vosgesinfo.fr\/gerardmerinfo\/?s={search_term_string}"},"query-input":"required name=search_term_string"}],"inLanguage":"fr-FR"},{"@type":"Organization","@id":"https:\/\/vosgesinfo.fr\/gerardmerinfo\/#organization","name":"Gerardmer Info","url":"https:\/\/vosgesinfo.fr\/gerardmerinfo\/","logo":{"@type":"ImageObject","inLanguage":"fr-FR","@id":"https:\/\/vosgesinfo.fr\/gerardmerinfo\/#\/schema\/logo\/image\/","url":"https:\/\/vosgesinfo.fr\/app\/uploads\/sites\/6\/2023\/08\/favicon-gerardmerinfo.png","contentUrl":"https:\/\/vosgesinfo.fr\/app\/uploads\/sites\/6\/2023\/08\/favicon-gerardmerinfo.png","width":512,"height":512,"caption":"Gerardmer Info"},"image":{"@id":"https:\/\/vosgesinfo.fr\/gerardmerinfo\/#\/schema\/logo\/image\/"},"sameAs":["https:\/\/www.facebook.com\/profile.php?id=100049475262660","https:\/\/x.com\/VosgesInfo88","https:\/\/www.youtube.com\/@vosgesinfo"]},{"@type":"Person","@id":"https:\/\/vosgesinfo.fr\/gerardmerinfo\/#\/schema\/person\/fa73e9f726d67bb88f46d5b7943cb572","name":"J.J.","image":{"@type":"ImageObject","inLanguage":"fr-FR","@id":"https:\/\/vosgesinfo.fr\/gerardmerinfo\/#\/schema\/person\/image\/","url":"https:\/\/secure.gravatar.com\/avatar\/219e749e47ffbcca018a360ae4add7d4cdf1cdaaf8bc7676b27efade3fe65615?s=96&d=mm&r=g","contentUrl":"https:\/\/secure.gravatar.com\/avatar\/219e749e47ffbcca018a360ae4add7d4cdf1cdaaf8bc7676b27efade3fe65615?s=96&d=mm&r=g","caption":"J.J."},"url":"https:\/\/vosgesinfo.fr\/gerardmerinfo\/author\/j-j\/"}]}},"_links":{"self":[{"href":"https:\/\/vosgesinfo.fr\/gerardmerinfo\/wp-json\/wp\/v2\/posts\/76664","targetHints":{"allow":["GET"]}}],"collection":[{"href":"https:\/\/vosgesinfo.fr\/gerardmerinfo\/wp-json\/wp\/v2\/posts"}],"about":[{"href":"https:\/\/vosgesinfo.fr\/gerardmerinfo\/wp-json\/wp\/v2\/types\/post"}],"author":[{"embeddable":true,"href":"https:\/\/vosgesinfo.fr\/gerardmerinfo\/wp-json\/wp\/v2\/users\/46"}],"replies":[{"embeddable":true,"href":"https:\/\/vosgesinfo.fr\/gerardmerinfo\/wp-json\/wp\/v2\/comments?post=76664"}],"version-history":[{"count":0,"href":"https:\/\/vosgesinfo.fr\/gerardmerinfo\/wp-json\/wp\/v2\/posts\/76664\/revisions"}],"wp:featuredmedia":[{"embeddable":true,"href":"https:\/\/vosgesinfo.fr\/gerardmerinfo\/wp-json\/wp\/v2\/media\/76665"}],"wp:attachment":[{"href":"https:\/\/vosgesinfo.fr\/gerardmerinfo\/wp-json\/wp\/v2\/media?parent=76664"}],"wp:term":[{"taxonomy":"category","embeddable":true,"href":"https:\/\/vosgesinfo.fr\/gerardmerinfo\/wp-json\/wp\/v2\/categories?post=76664"},{"taxonomy":"post_tag","embeddable":true,"href":"https:\/\/vosgesinfo.fr\/gerardmerinfo\/wp-json\/wp\/v2\/tags?post=76664"}],"curies":[{"name":"wp","href":"https:\/\/api.w.org\/{rel}","templated":true}]}}