{"id":76666,"date":"2025-04-09T18:15:05","date_gmt":"2025-04-09T16:15:05","guid":{"rendered":"https:\/\/vosgesinfo.fr\/gerardmerinfo\/?p=76666"},"modified":"2025-04-09T18:15:05","modified_gmt":"2025-04-09T16:15:05","slug":"la-bresse-nouveaux-sites-de-compostage-rue-des-champions-basse-des-feignes","status":"publish","type":"post","link":"https:\/\/vosgesinfo.fr\/gerardmerinfo\/2025\/04\/la-bresse-nouveaux-sites-de-compostage-rue-des-champions-basse-des-feignes\/","title":{"rendered":"La Bresse : Nouveaux sites de compostage Rue des Champions &#8211; Basse des Feignes"},"content":{"rendered":"<div class=\"page\" title=\"Page 1\">\n<div class=\"layoutArea\">\n<div class=\"column\">\n<p><strong>Nouveaux sites de compostage Rue des Champions &#8211; Basse des Feignes<\/strong><\/p>\n<p><strong>Dans les Vosges, les biode\u0301chets repre\u0301sentent un tiers des de\u0301chets non trie\u0301s. Pris en charge comme des ordures me\u0301nage\u0300res, leur cou\u0302t de traitement est tre\u0300s e\u0301leve\u0301, alors qu\u2019il est possible de les composter pour alle\u0301ger sa poubelle et nourrir la terre. En effet, la ge\u0301ne\u0301ralisation du tri des biode\u0301chets est devenu obligatoire pour tous les particuliers et les professionnels au 1er janvier 2024.<\/strong><\/p>\n<p>P-our accompagner au mieux les habitants de la Communaute\u0301 de Communes des Hautes Vosges dans cette transition, la CCHV en partenariat avec la municipalite\u0301 de La Bresse installeront de\u0300s ce printemps deux nouveaux sites de compostage partage\u0301s sur les secteurs Rue des Champions ainsi que Basse des Feignes.<\/p>\n<p>Afin de pouvoir continuer a\u0300 proposer une solution de tri des biode\u0301chets aux habitants de ces secteurs, la CCHV et la commune de La Bresse recherchent des volontaires souhaitant devenir re\u0301fe\u0301rents du site de compostage installe\u0301 au plus proche de leur domicile. Le ro\u0302le du re\u0301fe\u0301rent, a\u0300 titre be\u0301ne\u0301vole, consiste a\u0300 e\u0302tre pre\u0301sent lors de l\u2019installation, veiller au bon fonctionnement du site et a\u0300 son suivi, renseigner les utilisateurs sur les bonnes pratiques, informer la collectivite\u0301 en cas de dysfonctionnement. Les re\u0301fe\u0301rents recevront une initiation au compostage de la part de la collectivite\u0301 et celle-ci sera a\u0300 leurs co\u0302te\u0301s pour les accompagner sur le suivi des sites et re\u0301pondra a\u0300 toutes leurs questions.<\/p>\n<p>Les volontaires peuvent contacter Mme Lucie Laudrin, charge\u0301e de mission a\u0300 la CCHV : llaudrin@cchautesvosges.fr \u2013 06.51.76.36.85 \u2013 03.29.27.29.04<\/p>\n<p><a href=\"https:\/\/vosgesinfo.fr\/app\/uploads\/sites\/5\/2025\/04\/devenir-referent-compostage-lb-cchv-copie.jpg\"><img decoding=\"async\" class=\"aligncenter size-full wp-image-80669\" src=\"https:\/\/vosgesinfo.fr\/app\/uploads\/sites\/5\/2025\/04\/devenir-referent-compostage-lb-cchv-copie.jpg\" alt=\"\" width=\"1240\" height=\"1755\" \/><\/a><\/p>\n<\/div>\n<\/div>\n<\/div>\n","protected":false},"excerpt":{"rendered":"<p>Nouveaux sites de compostage Rue des Champions &#8211; Basse des Feignes Dans les Vosges, les biode\u0301chets repre\u0301sentent un tiers des [&hellip;]<\/p>\n","protected":false},"author":391,"featured_media":76667,"comment_status":"open","ping_status":"open","sticky":false,"template":"","format":"standard","meta":{"footnotes":""},"categories":[20,1045,25,5676,868],"tags":[805,7109],"class_list":["post-76666","post","type-post","status-publish","format-standard","has-post-thumbnail","hentry","category-a-la-une","category-ecologie","category-gerardmer","category-la-bresse","category-remiremont","tag-la-bresse","tag-sites-de-compostage"],"acf":[],"yoast_head":"<!-- This site is optimized with the Yoast SEO plugin v22.5 - https:\/\/yoast.com\/wordpress\/plugins\/seo\/ -->\n<title>La Bresse : Nouveaux sites de compostage Rue des Champions - Basse des Feignes - Gerardmer Info<\/title>\n<meta name=\"robots\" content=\"index, follow, max-snippet:-1, max-image-preview:large, max-video-preview:-1\" \/>\n<link rel=\"canonical\" href=\"https:\/\/vosgesinfo.fr\/gerardmerinfo\/2025\/04\/la-bresse-nouveaux-sites-de-compostage-rue-des-champions-basse-des-feignes\/\" \/>\n<meta name=\"twitter:card\" content=\"summary_large_image\" \/>\n<meta name=\"twitter:title\" content=\"La Bresse : Nouveaux sites de compostage Rue des Champions - Basse des Feignes - Gerardmer Info\" \/>\n<meta name=\"twitter:description\" content=\"Nouveaux sites de compostage Rue des Champions &#8211; Basse des Feignes Dans les Vosges, les biode\u0301chets repre\u0301sentent un tiers des [&hellip;]\" \/>\n<meta name=\"twitter:image\" content=\"https:\/\/vosgesinfo.fr\/app\/uploads\/sites\/6\/2025\/04\/devenir-referent-compostage-lb-cchv-copie.jpg\" \/>\n<meta name=\"twitter:creator\" content=\"@VosgesInfo88\" \/>\n<meta name=\"twitter:site\" content=\"@VosgesInfo88\" \/>\n<meta name=\"twitter:label1\" content=\"\u00c9crit par\" \/>\n\t<meta name=\"twitter:data1\" content=\"La redaction\" \/>\n\t<meta name=\"twitter:label2\" content=\"Dur\u00e9e de lecture estim\u00e9e\" \/>\n\t<meta name=\"twitter:data2\" content=\"1 minute\" \/>\n<script type=\"application\/ld+json\" class=\"yoast-schema-graph\">{\"@context\":\"https:\/\/schema.org\",\"@graph\":[{\"@type\":\"Article\",\"@id\":\"https:\/\/vosgesinfo.fr\/gerardmerinfo\/2025\/04\/la-bresse-nouveaux-sites-de-compostage-rue-des-champions-basse-des-feignes\/#article\",\"isPartOf\":{\"@id\":\"https:\/\/vosgesinfo.fr\/gerardmerinfo\/2025\/04\/la-bresse-nouveaux-sites-de-compostage-rue-des-champions-basse-des-feignes\/\"},\"author\":{\"name\":\"La redaction\",\"@id\":\"https:\/\/vosgesinfo.fr\/gerardmerinfo\/#\/schema\/person\/27a3695b06db98895b354c0765cdfc31\"},\"headline\":\"La Bresse : Nouveaux sites de compostage Rue des Champions &#8211; Basse des Feignes\",\"datePublished\":\"2025-04-09T16:15:05+00:00\",\"dateModified\":\"2025-04-09T16:15:05+00:00\",\"mainEntityOfPage\":{\"@id\":\"https:\/\/vosgesinfo.fr\/gerardmerinfo\/2025\/04\/la-bresse-nouveaux-sites-de-compostage-rue-des-champions-basse-des-feignes\/\"},\"wordCount\":296,\"commentCount\":0,\"publisher\":{\"@id\":\"https:\/\/vosgesinfo.fr\/gerardmerinfo\/#organization\"},\"image\":{\"@id\":\"https:\/\/vosgesinfo.fr\/gerardmerinfo\/2025\/04\/la-bresse-nouveaux-sites-de-compostage-rue-des-champions-basse-des-feignes\/#primaryimage\"},\"thumbnailUrl\":\"https:\/\/vosgesinfo.fr\/app\/uploads\/sites\/6\/2025\/04\/devenir-referent-compostage-lb-cchv-copie.jpg\",\"keywords\":[\"la bresse\",\"Sites de compostage\"],\"articleSection\":[\"A la une\",\"Ecologie\",\"G\u00e9rardmer\",\"La Bresse\",\"Remiremont\"],\"inLanguage\":\"fr-FR\",\"potentialAction\":[{\"@type\":\"CommentAction\",\"name\":\"Comment\",\"target\":[\"https:\/\/vosgesinfo.fr\/gerardmerinfo\/2025\/04\/la-bresse-nouveaux-sites-de-compostage-rue-des-champions-basse-des-feignes\/#respond\"]}]},{\"@type\":\"WebPage\",\"@id\":\"https:\/\/vosgesinfo.fr\/gerardmerinfo\/2025\/04\/la-bresse-nouveaux-sites-de-compostage-rue-des-champions-basse-des-feignes\/\",\"url\":\"https:\/\/vosgesinfo.fr\/gerardmerinfo\/2025\/04\/la-bresse-nouveaux-sites-de-compostage-rue-des-champions-basse-des-feignes\/\",\"name\":\"La Bresse : Nouveaux sites de compostage Rue des Champions - Basse des Feignes - Gerardmer Info\",\"isPartOf\":{\"@id\":\"https:\/\/vosgesinfo.fr\/gerardmerinfo\/#website\"},\"primaryImageOfPage\":{\"@id\":\"https:\/\/vosgesinfo.fr\/gerardmerinfo\/2025\/04\/la-bresse-nouveaux-sites-de-compostage-rue-des-champions-basse-des-feignes\/#primaryimage\"},\"image\":{\"@id\":\"https:\/\/vosgesinfo.fr\/gerardmerinfo\/2025\/04\/la-bresse-nouveaux-sites-de-compostage-rue-des-champions-basse-des-feignes\/#primaryimage\"},\"thumbnailUrl\":\"https:\/\/vosgesinfo.fr\/app\/uploads\/sites\/6\/2025\/04\/devenir-referent-compostage-lb-cchv-copie.jpg\",\"datePublished\":\"2025-04-09T16:15:05+00:00\",\"dateModified\":\"2025-04-09T16:15:05+00:00\",\"breadcrumb\":{\"@id\":\"https:\/\/vosgesinfo.fr\/gerardmerinfo\/2025\/04\/la-bresse-nouveaux-sites-de-compostage-rue-des-champions-basse-des-feignes\/#breadcrumb\"},\"inLanguage\":\"fr-FR\",\"potentialAction\":[{\"@type\":\"ReadAction\",\"target\":[\"https:\/\/vosgesinfo.fr\/gerardmerinfo\/2025\/04\/la-bresse-nouveaux-sites-de-compostage-rue-des-champions-basse-des-feignes\/\"]}]},{\"@type\":\"ImageObject\",\"inLanguage\":\"fr-FR\",\"@id\":\"https:\/\/vosgesinfo.fr\/gerardmerinfo\/2025\/04\/la-bresse-nouveaux-sites-de-compostage-rue-des-champions-basse-des-feignes\/#primaryimage\",\"url\":\"https:\/\/vosgesinfo.fr\/app\/uploads\/sites\/6\/2025\/04\/devenir-referent-compostage-lb-cchv-copie.jpg\",\"contentUrl\":\"https:\/\/vosgesinfo.fr\/app\/uploads\/sites\/6\/2025\/04\/devenir-referent-compostage-lb-cchv-copie.jpg\",\"width\":1240,\"height\":1755},{\"@type\":\"BreadcrumbList\",\"@id\":\"https:\/\/vosgesinfo.fr\/gerardmerinfo\/2025\/04\/la-bresse-nouveaux-sites-de-compostage-rue-des-champions-basse-des-feignes\/#breadcrumb\",\"itemListElement\":[{\"@type\":\"ListItem\",\"position\":1,\"name\":\"Home\",\"item\":\"https:\/\/vosgesinfo.fr\/gerardmerinfo\/\"},{\"@type\":\"ListItem\",\"position\":2,\"name\":\"La Bresse : Nouveaux sites de compostage Rue des Champions &#8211; Basse des Feignes\"}]},{\"@type\":\"WebSite\",\"@id\":\"https:\/\/vosgesinfo.fr\/gerardmerinfo\/#website\",\"url\":\"https:\/\/vosgesinfo.fr\/gerardmerinfo\/\",\"name\":\"Gerardmer Info\",\"description\":\"Toute l&#039;actualit\u00e9 de G\u00e9rardmer\",\"publisher\":{\"@id\":\"https:\/\/vosgesinfo.fr\/gerardmerinfo\/#organization\"},\"alternateName\":\"Toute l'actualit\u00e9 de G\u00e9rardmer\",\"potentialAction\":[{\"@type\":\"SearchAction\",\"target\":{\"@type\":\"EntryPoint\",\"urlTemplate\":\"https:\/\/vosgesinfo.fr\/gerardmerinfo\/?s={search_term_string}\"},\"query-input\":\"required name=search_term_string\"}],\"inLanguage\":\"fr-FR\"},{\"@type\":\"Organization\",\"@id\":\"https:\/\/vosgesinfo.fr\/gerardmerinfo\/#organization\",\"name\":\"Gerardmer Info\",\"url\":\"https:\/\/vosgesinfo.fr\/gerardmerinfo\/\",\"logo\":{\"@type\":\"ImageObject\",\"inLanguage\":\"fr-FR\",\"@id\":\"https:\/\/vosgesinfo.fr\/gerardmerinfo\/#\/schema\/logo\/image\/\",\"url\":\"https:\/\/vosgesinfo.fr\/app\/uploads\/sites\/6\/2023\/08\/favicon-gerardmerinfo.png\",\"contentUrl\":\"https:\/\/vosgesinfo.fr\/app\/uploads\/sites\/6\/2023\/08\/favicon-gerardmerinfo.png\",\"width\":512,\"height\":512,\"caption\":\"Gerardmer Info\"},\"image\":{\"@id\":\"https:\/\/vosgesinfo.fr\/gerardmerinfo\/#\/schema\/logo\/image\/\"},\"sameAs\":[\"https:\/\/www.facebook.com\/profile.php?id=100049475262660\",\"https:\/\/x.com\/VosgesInfo88\",\"https:\/\/www.youtube.com\/@vosgesinfo\"]},{\"@type\":\"Person\",\"@id\":\"https:\/\/vosgesinfo.fr\/gerardmerinfo\/#\/schema\/person\/27a3695b06db98895b354c0765cdfc31\",\"name\":\"La redaction\",\"image\":{\"@type\":\"ImageObject\",\"inLanguage\":\"fr-FR\",\"@id\":\"https:\/\/vosgesinfo.fr\/gerardmerinfo\/#\/schema\/person\/image\/\",\"url\":\"https:\/\/secure.gravatar.com\/avatar\/64c76a78e501cedee55736f43f332df901e1896ae9cd8fad269ae2236dd0e8b6?s=96&d=mm&r=g\",\"contentUrl\":\"https:\/\/secure.gravatar.com\/avatar\/64c76a78e501cedee55736f43f332df901e1896ae9cd8fad269ae2236dd0e8b6?s=96&d=mm&r=g\",\"caption\":\"La redaction\"},\"url\":\"https:\/\/vosgesinfo.fr\/gerardmerinfo\/author\/la-redaction\/\"}]}<\/script>\n<!-- \/ Yoast SEO plugin. -->","yoast_head_json":{"title":"La Bresse : Nouveaux sites de compostage Rue des Champions - Basse des Feignes - Gerardmer Info","robots":{"index":"index","follow":"follow","max-snippet":"max-snippet:-1","max-image-preview":"max-image-preview:large","max-video-preview":"max-video-preview:-1"},"canonical":"https:\/\/vosgesinfo.fr\/gerardmerinfo\/2025\/04\/la-bresse-nouveaux-sites-de-compostage-rue-des-champions-basse-des-feignes\/","twitter_card":"summary_large_image","twitter_title":"La Bresse : Nouveaux sites de compostage Rue des Champions - Basse des Feignes - Gerardmer Info","twitter_description":"Nouveaux sites de compostage Rue des Champions &#8211; Basse des Feignes Dans les Vosges, les biode\u0301chets repre\u0301sentent un tiers des [&hellip;]","twitter_image":"https:\/\/vosgesinfo.fr\/app\/uploads\/sites\/6\/2025\/04\/devenir-referent-compostage-lb-cchv-copie.jpg","twitter_creator":"@VosgesInfo88","twitter_site":"@VosgesInfo88","twitter_misc":{"\u00c9crit par":"La redaction","Dur\u00e9e de lecture estim\u00e9e":"1 minute"},"schema":{"@context":"https:\/\/schema.org","@graph":[{"@type":"Article","@id":"https:\/\/vosgesinfo.fr\/gerardmerinfo\/2025\/04\/la-bresse-nouveaux-sites-de-compostage-rue-des-champions-basse-des-feignes\/#article","isPartOf":{"@id":"https:\/\/vosgesinfo.fr\/gerardmerinfo\/2025\/04\/la-bresse-nouveaux-sites-de-compostage-rue-des-champions-basse-des-feignes\/"},"author":{"name":"La redaction","@id":"https:\/\/vosgesinfo.fr\/gerardmerinfo\/#\/schema\/person\/27a3695b06db98895b354c0765cdfc31"},"headline":"La Bresse : Nouveaux sites de compostage Rue des Champions &#8211; Basse des Feignes","datePublished":"2025-04-09T16:15:05+00:00","dateModified":"2025-04-09T16:15:05+00:00","mainEntityOfPage":{"@id":"https:\/\/vosgesinfo.fr\/gerardmerinfo\/2025\/04\/la-bresse-nouveaux-sites-de-compostage-rue-des-champions-basse-des-feignes\/"},"wordCount":296,"commentCount":0,"publisher":{"@id":"https:\/\/vosgesinfo.fr\/gerardmerinfo\/#organization"},"image":{"@id":"https:\/\/vosgesinfo.fr\/gerardmerinfo\/2025\/04\/la-bresse-nouveaux-sites-de-compostage-rue-des-champions-basse-des-feignes\/#primaryimage"},"thumbnailUrl":"https:\/\/vosgesinfo.fr\/app\/uploads\/sites\/6\/2025\/04\/devenir-referent-compostage-lb-cchv-copie.jpg","keywords":["la bresse","Sites de compostage"],"articleSection":["A la une","Ecologie","G\u00e9rardmer","La Bresse","Remiremont"],"inLanguage":"fr-FR","potentialAction":[{"@type":"CommentAction","name":"Comment","target":["https:\/\/vosgesinfo.fr\/gerardmerinfo\/2025\/04\/la-bresse-nouveaux-sites-de-compostage-rue-des-champions-basse-des-feignes\/#respond"]}]},{"@type":"WebPage","@id":"https:\/\/vosgesinfo.fr\/gerardmerinfo\/2025\/04\/la-bresse-nouveaux-sites-de-compostage-rue-des-champions-basse-des-feignes\/","url":"https:\/\/vosgesinfo.fr\/gerardmerinfo\/2025\/04\/la-bresse-nouveaux-sites-de-compostage-rue-des-champions-basse-des-feignes\/","name":"La Bresse : Nouveaux sites de compostage Rue des Champions - Basse des Feignes - Gerardmer Info","isPartOf":{"@id":"https:\/\/vosgesinfo.fr\/gerardmerinfo\/#website"},"primaryImageOfPage":{"@id":"https:\/\/vosgesinfo.fr\/gerardmerinfo\/2025\/04\/la-bresse-nouveaux-sites-de-compostage-rue-des-champions-basse-des-feignes\/#primaryimage"},"image":{"@id":"https:\/\/vosgesinfo.fr\/gerardmerinfo\/2025\/04\/la-bresse-nouveaux-sites-de-compostage-rue-des-champions-basse-des-feignes\/#primaryimage"},"thumbnailUrl":"https:\/\/vosgesinfo.fr\/app\/uploads\/sites\/6\/2025\/04\/devenir-referent-compostage-lb-cchv-copie.jpg","datePublished":"2025-04-09T16:15:05+00:00","dateModified":"2025-04-09T16:15:05+00:00","breadcrumb":{"@id":"https:\/\/vosgesinfo.fr\/gerardmerinfo\/2025\/04\/la-bresse-nouveaux-sites-de-compostage-rue-des-champions-basse-des-feignes\/#breadcrumb"},"inLanguage":"fr-FR","potentialAction":[{"@type":"ReadAction","target":["https:\/\/vosgesinfo.fr\/gerardmerinfo\/2025\/04\/la-bresse-nouveaux-sites-de-compostage-rue-des-champions-basse-des-feignes\/"]}]},{"@type":"ImageObject","inLanguage":"fr-FR","@id":"https:\/\/vosgesinfo.fr\/gerardmerinfo\/2025\/04\/la-bresse-nouveaux-sites-de-compostage-rue-des-champions-basse-des-feignes\/#primaryimage","url":"https:\/\/vosgesinfo.fr\/app\/uploads\/sites\/6\/2025\/04\/devenir-referent-compostage-lb-cchv-copie.jpg","contentUrl":"https:\/\/vosgesinfo.fr\/app\/uploads\/sites\/6\/2025\/04\/devenir-referent-compostage-lb-cchv-copie.jpg","width":1240,"height":1755},{"@type":"BreadcrumbList","@id":"https:\/\/vosgesinfo.fr\/gerardmerinfo\/2025\/04\/la-bresse-nouveaux-sites-de-compostage-rue-des-champions-basse-des-feignes\/#breadcrumb","itemListElement":[{"@type":"ListItem","position":1,"name":"Home","item":"https:\/\/vosgesinfo.fr\/gerardmerinfo\/"},{"@type":"ListItem","position":2,"name":"La Bresse : Nouveaux sites de compostage Rue des Champions &#8211; Basse des Feignes"}]},{"@type":"WebSite","@id":"https:\/\/vosgesinfo.fr\/gerardmerinfo\/#website","url":"https:\/\/vosgesinfo.fr\/gerardmerinfo\/","name":"Gerardmer Info","description":"Toute l&#039;actualit\u00e9 de G\u00e9rardmer","publisher":{"@id":"https:\/\/vosgesinfo.fr\/gerardmerinfo\/#organization"},"alternateName":"Toute l'actualit\u00e9 de G\u00e9rardmer","potentialAction":[{"@type":"SearchAction","target":{"@type":"EntryPoint","urlTemplate":"https:\/\/vosgesinfo.fr\/gerardmerinfo\/?s={search_term_string}"},"query-input":"required name=search_term_string"}],"inLanguage":"fr-FR"},{"@type":"Organization","@id":"https:\/\/vosgesinfo.fr\/gerardmerinfo\/#organization","name":"Gerardmer Info","url":"https:\/\/vosgesinfo.fr\/gerardmerinfo\/","logo":{"@type":"ImageObject","inLanguage":"fr-FR","@id":"https:\/\/vosgesinfo.fr\/gerardmerinfo\/#\/schema\/logo\/image\/","url":"https:\/\/vosgesinfo.fr\/app\/uploads\/sites\/6\/2023\/08\/favicon-gerardmerinfo.png","contentUrl":"https:\/\/vosgesinfo.fr\/app\/uploads\/sites\/6\/2023\/08\/favicon-gerardmerinfo.png","width":512,"height":512,"caption":"Gerardmer Info"},"image":{"@id":"https:\/\/vosgesinfo.fr\/gerardmerinfo\/#\/schema\/logo\/image\/"},"sameAs":["https:\/\/www.facebook.com\/profile.php?id=100049475262660","https:\/\/x.com\/VosgesInfo88","https:\/\/www.youtube.com\/@vosgesinfo"]},{"@type":"Person","@id":"https:\/\/vosgesinfo.fr\/gerardmerinfo\/#\/schema\/person\/27a3695b06db98895b354c0765cdfc31","name":"La redaction","image":{"@type":"ImageObject","inLanguage":"fr-FR","@id":"https:\/\/vosgesinfo.fr\/gerardmerinfo\/#\/schema\/person\/image\/","url":"https:\/\/secure.gravatar.com\/avatar\/64c76a78e501cedee55736f43f332df901e1896ae9cd8fad269ae2236dd0e8b6?s=96&d=mm&r=g","contentUrl":"https:\/\/secure.gravatar.com\/avatar\/64c76a78e501cedee55736f43f332df901e1896ae9cd8fad269ae2236dd0e8b6?s=96&d=mm&r=g","caption":"La redaction"},"url":"https:\/\/vosgesinfo.fr\/gerardmerinfo\/author\/la-redaction\/"}]}},"_links":{"self":[{"href":"https:\/\/vosgesinfo.fr\/gerardmerinfo\/wp-json\/wp\/v2\/posts\/76666","targetHints":{"allow":["GET"]}}],"collection":[{"href":"https:\/\/vosgesinfo.fr\/gerardmerinfo\/wp-json\/wp\/v2\/posts"}],"about":[{"href":"https:\/\/vosgesinfo.fr\/gerardmerinfo\/wp-json\/wp\/v2\/types\/post"}],"author":[{"embeddable":true,"href":"https:\/\/vosgesinfo.fr\/gerardmerinfo\/wp-json\/wp\/v2\/users\/391"}],"replies":[{"embeddable":true,"href":"https:\/\/vosgesinfo.fr\/gerardmerinfo\/wp-json\/wp\/v2\/comments?post=76666"}],"version-history":[{"count":0,"href":"https:\/\/vosgesinfo.fr\/gerardmerinfo\/wp-json\/wp\/v2\/posts\/76666\/revisions"}],"wp:featuredmedia":[{"embeddable":true,"href":"https:\/\/vosgesinfo.fr\/gerardmerinfo\/wp-json\/wp\/v2\/media\/76667"}],"wp:attachment":[{"href":"https:\/\/vosgesinfo.fr\/gerardmerinfo\/wp-json\/wp\/v2\/media?parent=76666"}],"wp:term":[{"taxonomy":"category","embeddable":true,"href":"https:\/\/vosgesinfo.fr\/gerardmerinfo\/wp-json\/wp\/v2\/categories?post=76666"},{"taxonomy":"post_tag","embeddable":true,"href":"https:\/\/vosgesinfo.fr\/gerardmerinfo\/wp-json\/wp\/v2\/tags?post=76666"}],"curies":[{"name":"wp","href":"https:\/\/api.w.org\/{rel}","templated":true}]}}