{"id":76672,"date":"2025-04-12T06:00:56","date_gmt":"2025-04-12T04:00:56","guid":{"rendered":"https:\/\/vosgesinfo.fr\/gerardmerinfo\/?p=76672"},"modified":"2025-04-11T21:16:57","modified_gmt":"2025-04-11T19:16:57","slug":"150-ans-de-bons-souvenirs-de-gerardmer","status":"publish","type":"post","link":"https:\/\/vosgesinfo.fr\/gerardmerinfo\/2025\/04\/150-ans-de-bons-souvenirs-de-gerardmer\/","title":{"rendered":"150 ans de Bons Souvenirs de G\u00e9rardmer"},"content":{"rendered":"<p><strong><a href=\"https:\/\/vosgesinfo.fr\/app\/uploads\/sites\/6\/2025\/04\/expo-cesquicentenaire-office-de-tourisme-3.jpeg\"><img decoding=\"async\" class=\"aligncenter size-large wp-image-76681\" src=\"https:\/\/vosgesinfo.fr\/app\/uploads\/sites\/6\/2025\/04\/expo-cesquicentenaire-office-de-tourisme-3-1024x711.jpeg\" alt=\"\" width=\"1024\" height=\"711\" srcset=\"https:\/\/vosgesinfo.fr\/app\/uploads\/sites\/6\/2025\/04\/expo-cesquicentenaire-office-de-tourisme-3-1024x711.jpeg 1024w, https:\/\/vosgesinfo.fr\/app\/uploads\/sites\/6\/2025\/04\/expo-cesquicentenaire-office-de-tourisme-3-300x208.jpeg 300w, https:\/\/vosgesinfo.fr\/app\/uploads\/sites\/6\/2025\/04\/expo-cesquicentenaire-office-de-tourisme-3-768x534.jpeg 768w, https:\/\/vosgesinfo.fr\/app\/uploads\/sites\/6\/2025\/04\/expo-cesquicentenaire-office-de-tourisme-3-1536x1067.jpeg 1536w, https:\/\/vosgesinfo.fr\/app\/uploads\/sites\/6\/2025\/04\/expo-cesquicentenaire-office-de-tourisme-3.jpeg 1962w\" sizes=\"(max-width: 1024px) 100vw, 1024px\" \/><\/a><\/strong><\/p>\n<p><strong>Dans le cadre du 150<sup>e<\/sup> anniversaire de l\u2019Office de Tourisme intercommunal, la ville de G\u00e9rardmer expose les \u00ab Bons Souvenirs de G\u00e9rardmer \u00bb du 31 mars au 13 juin 2025 dans le halle de l\u2019h\u00f4tel de ville.<\/strong><\/p>\n<p><a href=\"https:\/\/vosgesinfo.fr\/app\/uploads\/sites\/6\/2025\/04\/bons-souvenirs-de-gerardmer-expo-scaled.jpeg\"><img decoding=\"async\" class=\"alignright size-medium wp-image-76687\" src=\"https:\/\/vosgesinfo.fr\/app\/uploads\/sites\/6\/2025\/04\/bons-souvenirs-de-gerardmer-expo-300x213.jpeg\" alt=\"\" width=\"300\" height=\"213\" srcset=\"https:\/\/vosgesinfo.fr\/app\/uploads\/sites\/6\/2025\/04\/bons-souvenirs-de-gerardmer-expo-300x213.jpeg 300w, https:\/\/vosgesinfo.fr\/app\/uploads\/sites\/6\/2025\/04\/bons-souvenirs-de-gerardmer-expo-1024x726.jpeg 1024w, https:\/\/vosgesinfo.fr\/app\/uploads\/sites\/6\/2025\/04\/bons-souvenirs-de-gerardmer-expo-768x544.jpeg 768w, https:\/\/vosgesinfo.fr\/app\/uploads\/sites\/6\/2025\/04\/bons-souvenirs-de-gerardmer-expo-1536x1089.jpeg 1536w, https:\/\/vosgesinfo.fr\/app\/uploads\/sites\/6\/2025\/04\/bons-souvenirs-de-gerardmer-expo-2048x1452.jpeg 2048w\" sizes=\"(max-width: 300px) 100vw, 300px\" \/><\/a>Depuis 6 mois, l\u2019archiviste Sophie Clair rassemble les archives municipales \u00a0li\u00e9es au tourisme et aux souvenirs de G\u00e9rardmer en remontant jusqu\u2019\u00e0 1875. Elle a \u00e9galement fait appel aux collectionneurs d\u2019objets publicitaires de la ville et au club cartophile qui lui ont pr\u00eat\u00e9 leurs plus belles pi\u00e8ces. Avec le concours notamment de l\u2019historien local Patrick M\u00e9ny. Elle a ainsi regroup\u00e9 sur des panneaux et dans des vitrines des courriers, guides et autres porte-cl\u00e9s qui ont fait la promotion de G\u00e9rardmer depuis 150 ans.<\/p>\n<p>Sur un panneau des courriers de touristes adress\u00e9s \u00e0 la mairie, d\u2019une saveur exquise, c\u00f4toient des guides touristes qui \u00e9taient propos\u00e9s aussi bien par le pharmacien, que l\u2019h\u00f4telier ou le tramway dans les ann\u00e9es 20 et 30 mais \u00e9galement par le comit\u00e9 des promenades, syndicat d\u2019initiative puis l\u2019office de tourisme. Sur un autre le bord du lac des ann\u00e9es 60 reprend vie gr\u00e2ce \u00e0 la collection de cartes postales de l\u2019Office du tourisme intercommunal. Les souvenirs de vacances remontent \u00e0 l\u2019antiquit\u00e9 et ont connu leurs lettres de noblesse lors des p\u00e8lerinages. A l\u2019affichage \u00e9galement la fr\u00e9quentation de la ville en chiffres o\u00f9 par exemple pas moins de 41 nationalit\u00e9s ont s\u00e9journ\u00e9 \u00e0 G\u00e9rardmer entre 1932 et 1934 &#8211; le Touring Club \u00e0 l\u2019\u00e9poque a grandement contribu\u00e9 \u00e0 faire d\u00e9couvrir G\u00e9rardmer &#8211; ou encore un terrain de tennis au parc du Trexeau en 1924.<\/p>\n<p>Les bons souvenirs de G\u00e9rardmer laisseront la place apr\u00e8s le 13 juin au service jeunesse et esp\u00e8rent revenir de la mi-juillet \u00e0 fin septembre pour la saison touristique. Patrick M\u00e9ny de son c\u00f4t\u00e9 annonce une expo \u00e0 la Villa Monplaisir apr\u00e8s les vacances d\u2019automne.<\/p>\n\n\t\t<style type=\"text\/css\">\n\t\t\t#gallery-1 {\n\t\t\t\tmargin: auto;\n\t\t\t}\n\t\t\t#gallery-1 .gallery-item {\n\t\t\t\tfloat: left;\n\t\t\t\tmargin-top: 10px;\n\t\t\t\ttext-align: center;\n\t\t\t\twidth: 50%;\n\t\t\t}\n\t\t\t#gallery-1 img {\n\t\t\t\tborder: 2px solid #cfcfcf;\n\t\t\t}\n\t\t\t#gallery-1 .gallery-caption {\n\t\t\t\tmargin-left: 0;\n\t\t\t}\n\t\t\t\/* see gallery_shortcode() in wp-includes\/media.php *\/\n\t\t<\/style>\n\t\t<div id='gallery-1' class='gallery galleryid-76672 gallery-columns-2 gallery-size-medium'><dl class='gallery-item'>\n\t\t\t<dt class='gallery-icon landscape'>\n\t\t\t\t<a href='https:\/\/vosgesinfo.fr\/app\/uploads\/sites\/6\/2025\/04\/expo-cesquicentenaire-office-de-tourisme-2.jpeg'><img decoding=\"async\" width=\"300\" height=\"206\" src=\"https:\/\/vosgesinfo.fr\/app\/uploads\/sites\/6\/2025\/04\/expo-cesquicentenaire-office-de-tourisme-2-300x206.jpeg\" class=\"attachment-medium size-medium\" alt=\"\" srcset=\"https:\/\/vosgesinfo.fr\/app\/uploads\/sites\/6\/2025\/04\/expo-cesquicentenaire-office-de-tourisme-2-300x206.jpeg 300w, https:\/\/vosgesinfo.fr\/app\/uploads\/sites\/6\/2025\/04\/expo-cesquicentenaire-office-de-tourisme-2-1024x705.jpeg 1024w, https:\/\/vosgesinfo.fr\/app\/uploads\/sites\/6\/2025\/04\/expo-cesquicentenaire-office-de-tourisme-2-768x529.jpeg 768w, https:\/\/vosgesinfo.fr\/app\/uploads\/sites\/6\/2025\/04\/expo-cesquicentenaire-office-de-tourisme-2-1536x1057.jpeg 1536w, https:\/\/vosgesinfo.fr\/app\/uploads\/sites\/6\/2025\/04\/expo-cesquicentenaire-office-de-tourisme-2.jpeg 1954w\" sizes=\"(max-width: 300px) 100vw, 300px\" \/><\/a>\n\t\t\t<\/dt><\/dl><dl class='gallery-item'>\n\t\t\t<dt class='gallery-icon landscape'>\n\t\t\t\t<a href='https:\/\/vosgesinfo.fr\/app\/uploads\/sites\/6\/2025\/04\/expo-cesquicentenaire-office-de-tourisme-1.jpeg'><img decoding=\"async\" width=\"300\" height=\"199\" src=\"https:\/\/vosgesinfo.fr\/app\/uploads\/sites\/6\/2025\/04\/expo-cesquicentenaire-office-de-tourisme-1-300x199.jpeg\" class=\"attachment-medium size-medium\" alt=\"\" srcset=\"https:\/\/vosgesinfo.fr\/app\/uploads\/sites\/6\/2025\/04\/expo-cesquicentenaire-office-de-tourisme-1-300x199.jpeg 300w, https:\/\/vosgesinfo.fr\/app\/uploads\/sites\/6\/2025\/04\/expo-cesquicentenaire-office-de-tourisme-1-1024x681.jpeg 1024w, https:\/\/vosgesinfo.fr\/app\/uploads\/sites\/6\/2025\/04\/expo-cesquicentenaire-office-de-tourisme-1-768x510.jpeg 768w, https:\/\/vosgesinfo.fr\/app\/uploads\/sites\/6\/2025\/04\/expo-cesquicentenaire-office-de-tourisme-1-1536x1021.jpeg 1536w, https:\/\/vosgesinfo.fr\/app\/uploads\/sites\/6\/2025\/04\/expo-cesquicentenaire-office-de-tourisme-1.jpeg 2016w\" sizes=\"(max-width: 300px) 100vw, 300px\" \/><\/a>\n\t\t\t<\/dt><\/dl><br style=\"clear: both\" \/>\n\t\t<\/div>\n\n","protected":false},"excerpt":{"rendered":"<p>Dans le cadre du 150e anniversaire de l\u2019Office de Tourisme intercommunal, la ville de G\u00e9rardmer expose les \u00ab Bons Souvenirs [&hellip;]<\/p>\n","protected":false},"author":258,"featured_media":76681,"comment_status":"open","ping_status":"open","sticky":false,"template":"","format":"standard","meta":{"footnotes":""},"categories":[20,49,5647,5723],"tags":[5424,50,3655,5687],"class_list":["post-76672","post","type-post","status-publish","format-standard","has-post-thumbnail","hentry","category-a-la-une","category-exposition","category-gerardmer-autres-sites","category-histoire","tag-anniversaire-150-ans","tag-exposition","tag-office-du-tourisme-intercommunal","tag-ville-de-gerardmer"],"acf":[],"yoast_head":"<!-- This site is optimized with the Yoast SEO plugin v22.5 - https:\/\/yoast.com\/wordpress\/plugins\/seo\/ -->\n<title>150 ans de Bons Souvenirs de G\u00e9rardmer - Gerardmer Info<\/title>\n<meta name=\"robots\" content=\"index, follow, max-snippet:-1, max-image-preview:large, max-video-preview:-1\" \/>\n<link rel=\"canonical\" href=\"https:\/\/vosgesinfo.fr\/gerardmerinfo\/2025\/04\/150-ans-de-bons-souvenirs-de-gerardmer\/\" \/>\n<meta name=\"twitter:card\" content=\"summary_large_image\" \/>\n<meta name=\"twitter:title\" content=\"150 ans de Bons Souvenirs de G\u00e9rardmer - Gerardmer Info\" \/>\n<meta name=\"twitter:description\" content=\"Dans le cadre du 150e anniversaire de l\u2019Office de Tourisme intercommunal, la ville de G\u00e9rardmer expose les \u00ab Bons Souvenirs [&hellip;]\" \/>\n<meta name=\"twitter:image\" content=\"https:\/\/vosgesinfo.fr\/app\/uploads\/sites\/6\/2025\/04\/expo-cesquicentenaire-office-de-tourisme-3.jpeg\" \/>\n<meta name=\"twitter:creator\" content=\"@VosgesInfo88\" \/>\n<meta name=\"twitter:site\" content=\"@VosgesInfo88\" \/>\n<meta name=\"twitter:label1\" content=\"\u00c9crit par\" \/>\n\t<meta name=\"twitter:data1\" content=\"I.N\" \/>\n\t<meta name=\"twitter:label2\" content=\"Dur\u00e9e de lecture estim\u00e9e\" \/>\n\t<meta name=\"twitter:data2\" content=\"3 minutes\" \/>\n<script type=\"application\/ld+json\" class=\"yoast-schema-graph\">{\"@context\":\"https:\/\/schema.org\",\"@graph\":[{\"@type\":\"Article\",\"@id\":\"https:\/\/vosgesinfo.fr\/gerardmerinfo\/2025\/04\/150-ans-de-bons-souvenirs-de-gerardmer\/#article\",\"isPartOf\":{\"@id\":\"https:\/\/vosgesinfo.fr\/gerardmerinfo\/2025\/04\/150-ans-de-bons-souvenirs-de-gerardmer\/\"},\"author\":{\"name\":\"I.N\",\"@id\":\"https:\/\/vosgesinfo.fr\/gerardmerinfo\/#\/schema\/person\/bb210d3430e59ff5cd247deaccb63615\"},\"headline\":\"150 ans de Bons Souvenirs de G\u00e9rardmer\",\"datePublished\":\"2025-04-12T04:00:56+00:00\",\"dateModified\":\"2025-04-11T19:16:57+00:00\",\"mainEntityOfPage\":{\"@id\":\"https:\/\/vosgesinfo.fr\/gerardmerinfo\/2025\/04\/150-ans-de-bons-souvenirs-de-gerardmer\/\"},\"wordCount\":340,\"commentCount\":1,\"publisher\":{\"@id\":\"https:\/\/vosgesinfo.fr\/gerardmerinfo\/#organization\"},\"image\":{\"@id\":\"https:\/\/vosgesinfo.fr\/gerardmerinfo\/2025\/04\/150-ans-de-bons-souvenirs-de-gerardmer\/#primaryimage\"},\"thumbnailUrl\":\"https:\/\/vosgesinfo.fr\/app\/uploads\/sites\/6\/2025\/04\/expo-cesquicentenaire-office-de-tourisme-3.jpeg\",\"keywords\":[\"anniversaire 150 ans\",\"exposition\",\"Office du tourisme intercommunal\",\"Ville de G\u00e9rardmer\"],\"articleSection\":[\"A la une\",\"exposition\",\"Gerardmer\",\"Histoire\"],\"inLanguage\":\"fr-FR\",\"potentialAction\":[{\"@type\":\"CommentAction\",\"name\":\"Comment\",\"target\":[\"https:\/\/vosgesinfo.fr\/gerardmerinfo\/2025\/04\/150-ans-de-bons-souvenirs-de-gerardmer\/#respond\"]}]},{\"@type\":\"WebPage\",\"@id\":\"https:\/\/vosgesinfo.fr\/gerardmerinfo\/2025\/04\/150-ans-de-bons-souvenirs-de-gerardmer\/\",\"url\":\"https:\/\/vosgesinfo.fr\/gerardmerinfo\/2025\/04\/150-ans-de-bons-souvenirs-de-gerardmer\/\",\"name\":\"150 ans de Bons Souvenirs de G\u00e9rardmer - Gerardmer Info\",\"isPartOf\":{\"@id\":\"https:\/\/vosgesinfo.fr\/gerardmerinfo\/#website\"},\"primaryImageOfPage\":{\"@id\":\"https:\/\/vosgesinfo.fr\/gerardmerinfo\/2025\/04\/150-ans-de-bons-souvenirs-de-gerardmer\/#primaryimage\"},\"image\":{\"@id\":\"https:\/\/vosgesinfo.fr\/gerardmerinfo\/2025\/04\/150-ans-de-bons-souvenirs-de-gerardmer\/#primaryimage\"},\"thumbnailUrl\":\"https:\/\/vosgesinfo.fr\/app\/uploads\/sites\/6\/2025\/04\/expo-cesquicentenaire-office-de-tourisme-3.jpeg\",\"datePublished\":\"2025-04-12T04:00:56+00:00\",\"dateModified\":\"2025-04-11T19:16:57+00:00\",\"breadcrumb\":{\"@id\":\"https:\/\/vosgesinfo.fr\/gerardmerinfo\/2025\/04\/150-ans-de-bons-souvenirs-de-gerardmer\/#breadcrumb\"},\"inLanguage\":\"fr-FR\",\"potentialAction\":[{\"@type\":\"ReadAction\",\"target\":[\"https:\/\/vosgesinfo.fr\/gerardmerinfo\/2025\/04\/150-ans-de-bons-souvenirs-de-gerardmer\/\"]}]},{\"@type\":\"ImageObject\",\"inLanguage\":\"fr-FR\",\"@id\":\"https:\/\/vosgesinfo.fr\/gerardmerinfo\/2025\/04\/150-ans-de-bons-souvenirs-de-gerardmer\/#primaryimage\",\"url\":\"https:\/\/vosgesinfo.fr\/app\/uploads\/sites\/6\/2025\/04\/expo-cesquicentenaire-office-de-tourisme-3.jpeg\",\"contentUrl\":\"https:\/\/vosgesinfo.fr\/app\/uploads\/sites\/6\/2025\/04\/expo-cesquicentenaire-office-de-tourisme-3.jpeg\",\"width\":1962,\"height\":1363},{\"@type\":\"BreadcrumbList\",\"@id\":\"https:\/\/vosgesinfo.fr\/gerardmerinfo\/2025\/04\/150-ans-de-bons-souvenirs-de-gerardmer\/#breadcrumb\",\"itemListElement\":[{\"@type\":\"ListItem\",\"position\":1,\"name\":\"Home\",\"item\":\"https:\/\/vosgesinfo.fr\/gerardmerinfo\/\"},{\"@type\":\"ListItem\",\"position\":2,\"name\":\"150 ans de Bons Souvenirs de G\u00e9rardmer\"}]},{\"@type\":\"WebSite\",\"@id\":\"https:\/\/vosgesinfo.fr\/gerardmerinfo\/#website\",\"url\":\"https:\/\/vosgesinfo.fr\/gerardmerinfo\/\",\"name\":\"Gerardmer Info\",\"description\":\"Toute l&#039;actualit\u00e9 de G\u00e9rardmer\",\"publisher\":{\"@id\":\"https:\/\/vosgesinfo.fr\/gerardmerinfo\/#organization\"},\"alternateName\":\"Toute l'actualit\u00e9 de G\u00e9rardmer\",\"potentialAction\":[{\"@type\":\"SearchAction\",\"target\":{\"@type\":\"EntryPoint\",\"urlTemplate\":\"https:\/\/vosgesinfo.fr\/gerardmerinfo\/?s={search_term_string}\"},\"query-input\":\"required name=search_term_string\"}],\"inLanguage\":\"fr-FR\"},{\"@type\":\"Organization\",\"@id\":\"https:\/\/vosgesinfo.fr\/gerardmerinfo\/#organization\",\"name\":\"Gerardmer Info\",\"url\":\"https:\/\/vosgesinfo.fr\/gerardmerinfo\/\",\"logo\":{\"@type\":\"ImageObject\",\"inLanguage\":\"fr-FR\",\"@id\":\"https:\/\/vosgesinfo.fr\/gerardmerinfo\/#\/schema\/logo\/image\/\",\"url\":\"https:\/\/vosgesinfo.fr\/app\/uploads\/sites\/6\/2023\/08\/favicon-gerardmerinfo.png\",\"contentUrl\":\"https:\/\/vosgesinfo.fr\/app\/uploads\/sites\/6\/2023\/08\/favicon-gerardmerinfo.png\",\"width\":512,\"height\":512,\"caption\":\"Gerardmer Info\"},\"image\":{\"@id\":\"https:\/\/vosgesinfo.fr\/gerardmerinfo\/#\/schema\/logo\/image\/\"},\"sameAs\":[\"https:\/\/www.facebook.com\/profile.php?id=100049475262660\",\"https:\/\/x.com\/VosgesInfo88\",\"https:\/\/www.youtube.com\/@vosgesinfo\"]},{\"@type\":\"Person\",\"@id\":\"https:\/\/vosgesinfo.fr\/gerardmerinfo\/#\/schema\/person\/bb210d3430e59ff5cd247deaccb63615\",\"name\":\"I.N\",\"image\":{\"@type\":\"ImageObject\",\"inLanguage\":\"fr-FR\",\"@id\":\"https:\/\/vosgesinfo.fr\/gerardmerinfo\/#\/schema\/person\/image\/\",\"url\":\"https:\/\/secure.gravatar.com\/avatar\/612d5c20a39b1c8bc5675cc8e3d99e120730e7d080423fdafec485619845af71?s=96&d=mm&r=g\",\"contentUrl\":\"https:\/\/secure.gravatar.com\/avatar\/612d5c20a39b1c8bc5675cc8e3d99e120730e7d080423fdafec485619845af71?s=96&d=mm&r=g\",\"caption\":\"I.N\"},\"url\":\"https:\/\/vosgesinfo.fr\/gerardmerinfo\/author\/i-ngerardmer\/\"}]}<\/script>\n<!-- \/ Yoast SEO plugin. -->","yoast_head_json":{"title":"150 ans de Bons Souvenirs de G\u00e9rardmer - Gerardmer Info","robots":{"index":"index","follow":"follow","max-snippet":"max-snippet:-1","max-image-preview":"max-image-preview:large","max-video-preview":"max-video-preview:-1"},"canonical":"https:\/\/vosgesinfo.fr\/gerardmerinfo\/2025\/04\/150-ans-de-bons-souvenirs-de-gerardmer\/","twitter_card":"summary_large_image","twitter_title":"150 ans de Bons Souvenirs de G\u00e9rardmer - Gerardmer Info","twitter_description":"Dans le cadre du 150e anniversaire de l\u2019Office de Tourisme intercommunal, la ville de G\u00e9rardmer expose les \u00ab Bons Souvenirs [&hellip;]","twitter_image":"https:\/\/vosgesinfo.fr\/app\/uploads\/sites\/6\/2025\/04\/expo-cesquicentenaire-office-de-tourisme-3.jpeg","twitter_creator":"@VosgesInfo88","twitter_site":"@VosgesInfo88","twitter_misc":{"\u00c9crit par":"I.N","Dur\u00e9e de lecture estim\u00e9e":"3 minutes"},"schema":{"@context":"https:\/\/schema.org","@graph":[{"@type":"Article","@id":"https:\/\/vosgesinfo.fr\/gerardmerinfo\/2025\/04\/150-ans-de-bons-souvenirs-de-gerardmer\/#article","isPartOf":{"@id":"https:\/\/vosgesinfo.fr\/gerardmerinfo\/2025\/04\/150-ans-de-bons-souvenirs-de-gerardmer\/"},"author":{"name":"I.N","@id":"https:\/\/vosgesinfo.fr\/gerardmerinfo\/#\/schema\/person\/bb210d3430e59ff5cd247deaccb63615"},"headline":"150 ans de Bons Souvenirs de G\u00e9rardmer","datePublished":"2025-04-12T04:00:56+00:00","dateModified":"2025-04-11T19:16:57+00:00","mainEntityOfPage":{"@id":"https:\/\/vosgesinfo.fr\/gerardmerinfo\/2025\/04\/150-ans-de-bons-souvenirs-de-gerardmer\/"},"wordCount":340,"commentCount":1,"publisher":{"@id":"https:\/\/vosgesinfo.fr\/gerardmerinfo\/#organization"},"image":{"@id":"https:\/\/vosgesinfo.fr\/gerardmerinfo\/2025\/04\/150-ans-de-bons-souvenirs-de-gerardmer\/#primaryimage"},"thumbnailUrl":"https:\/\/vosgesinfo.fr\/app\/uploads\/sites\/6\/2025\/04\/expo-cesquicentenaire-office-de-tourisme-3.jpeg","keywords":["anniversaire 150 ans","exposition","Office du tourisme intercommunal","Ville de G\u00e9rardmer"],"articleSection":["A la une","exposition","Gerardmer","Histoire"],"inLanguage":"fr-FR","potentialAction":[{"@type":"CommentAction","name":"Comment","target":["https:\/\/vosgesinfo.fr\/gerardmerinfo\/2025\/04\/150-ans-de-bons-souvenirs-de-gerardmer\/#respond"]}]},{"@type":"WebPage","@id":"https:\/\/vosgesinfo.fr\/gerardmerinfo\/2025\/04\/150-ans-de-bons-souvenirs-de-gerardmer\/","url":"https:\/\/vosgesinfo.fr\/gerardmerinfo\/2025\/04\/150-ans-de-bons-souvenirs-de-gerardmer\/","name":"150 ans de Bons Souvenirs de G\u00e9rardmer - Gerardmer Info","isPartOf":{"@id":"https:\/\/vosgesinfo.fr\/gerardmerinfo\/#website"},"primaryImageOfPage":{"@id":"https:\/\/vosgesinfo.fr\/gerardmerinfo\/2025\/04\/150-ans-de-bons-souvenirs-de-gerardmer\/#primaryimage"},"image":{"@id":"https:\/\/vosgesinfo.fr\/gerardmerinfo\/2025\/04\/150-ans-de-bons-souvenirs-de-gerardmer\/#primaryimage"},"thumbnailUrl":"https:\/\/vosgesinfo.fr\/app\/uploads\/sites\/6\/2025\/04\/expo-cesquicentenaire-office-de-tourisme-3.jpeg","datePublished":"2025-04-12T04:00:56+00:00","dateModified":"2025-04-11T19:16:57+00:00","breadcrumb":{"@id":"https:\/\/vosgesinfo.fr\/gerardmerinfo\/2025\/04\/150-ans-de-bons-souvenirs-de-gerardmer\/#breadcrumb"},"inLanguage":"fr-FR","potentialAction":[{"@type":"ReadAction","target":["https:\/\/vosgesinfo.fr\/gerardmerinfo\/2025\/04\/150-ans-de-bons-souvenirs-de-gerardmer\/"]}]},{"@type":"ImageObject","inLanguage":"fr-FR","@id":"https:\/\/vosgesinfo.fr\/gerardmerinfo\/2025\/04\/150-ans-de-bons-souvenirs-de-gerardmer\/#primaryimage","url":"https:\/\/vosgesinfo.fr\/app\/uploads\/sites\/6\/2025\/04\/expo-cesquicentenaire-office-de-tourisme-3.jpeg","contentUrl":"https:\/\/vosgesinfo.fr\/app\/uploads\/sites\/6\/2025\/04\/expo-cesquicentenaire-office-de-tourisme-3.jpeg","width":1962,"height":1363},{"@type":"BreadcrumbList","@id":"https:\/\/vosgesinfo.fr\/gerardmerinfo\/2025\/04\/150-ans-de-bons-souvenirs-de-gerardmer\/#breadcrumb","itemListElement":[{"@type":"ListItem","position":1,"name":"Home","item":"https:\/\/vosgesinfo.fr\/gerardmerinfo\/"},{"@type":"ListItem","position":2,"name":"150 ans de Bons Souvenirs de G\u00e9rardmer"}]},{"@type":"WebSite","@id":"https:\/\/vosgesinfo.fr\/gerardmerinfo\/#website","url":"https:\/\/vosgesinfo.fr\/gerardmerinfo\/","name":"Gerardmer Info","description":"Toute l&#039;actualit\u00e9 de G\u00e9rardmer","publisher":{"@id":"https:\/\/vosgesinfo.fr\/gerardmerinfo\/#organization"},"alternateName":"Toute l'actualit\u00e9 de G\u00e9rardmer","potentialAction":[{"@type":"SearchAction","target":{"@type":"EntryPoint","urlTemplate":"https:\/\/vosgesinfo.fr\/gerardmerinfo\/?s={search_term_string}"},"query-input":"required name=search_term_string"}],"inLanguage":"fr-FR"},{"@type":"Organization","@id":"https:\/\/vosgesinfo.fr\/gerardmerinfo\/#organization","name":"Gerardmer Info","url":"https:\/\/vosgesinfo.fr\/gerardmerinfo\/","logo":{"@type":"ImageObject","inLanguage":"fr-FR","@id":"https:\/\/vosgesinfo.fr\/gerardmerinfo\/#\/schema\/logo\/image\/","url":"https:\/\/vosgesinfo.fr\/app\/uploads\/sites\/6\/2023\/08\/favicon-gerardmerinfo.png","contentUrl":"https:\/\/vosgesinfo.fr\/app\/uploads\/sites\/6\/2023\/08\/favicon-gerardmerinfo.png","width":512,"height":512,"caption":"Gerardmer Info"},"image":{"@id":"https:\/\/vosgesinfo.fr\/gerardmerinfo\/#\/schema\/logo\/image\/"},"sameAs":["https:\/\/www.facebook.com\/profile.php?id=100049475262660","https:\/\/x.com\/VosgesInfo88","https:\/\/www.youtube.com\/@vosgesinfo"]},{"@type":"Person","@id":"https:\/\/vosgesinfo.fr\/gerardmerinfo\/#\/schema\/person\/bb210d3430e59ff5cd247deaccb63615","name":"I.N","image":{"@type":"ImageObject","inLanguage":"fr-FR","@id":"https:\/\/vosgesinfo.fr\/gerardmerinfo\/#\/schema\/person\/image\/","url":"https:\/\/secure.gravatar.com\/avatar\/612d5c20a39b1c8bc5675cc8e3d99e120730e7d080423fdafec485619845af71?s=96&d=mm&r=g","contentUrl":"https:\/\/secure.gravatar.com\/avatar\/612d5c20a39b1c8bc5675cc8e3d99e120730e7d080423fdafec485619845af71?s=96&d=mm&r=g","caption":"I.N"},"url":"https:\/\/vosgesinfo.fr\/gerardmerinfo\/author\/i-ngerardmer\/"}]}},"_links":{"self":[{"href":"https:\/\/vosgesinfo.fr\/gerardmerinfo\/wp-json\/wp\/v2\/posts\/76672","targetHints":{"allow":["GET"]}}],"collection":[{"href":"https:\/\/vosgesinfo.fr\/gerardmerinfo\/wp-json\/wp\/v2\/posts"}],"about":[{"href":"https:\/\/vosgesinfo.fr\/gerardmerinfo\/wp-json\/wp\/v2\/types\/post"}],"author":[{"embeddable":true,"href":"https:\/\/vosgesinfo.fr\/gerardmerinfo\/wp-json\/wp\/v2\/users\/258"}],"replies":[{"embeddable":true,"href":"https:\/\/vosgesinfo.fr\/gerardmerinfo\/wp-json\/wp\/v2\/comments?post=76672"}],"version-history":[{"count":6,"href":"https:\/\/vosgesinfo.fr\/gerardmerinfo\/wp-json\/wp\/v2\/posts\/76672\/revisions"}],"predecessor-version":[{"id":76781,"href":"https:\/\/vosgesinfo.fr\/gerardmerinfo\/wp-json\/wp\/v2\/posts\/76672\/revisions\/76781"}],"wp:featuredmedia":[{"embeddable":true,"href":"https:\/\/vosgesinfo.fr\/gerardmerinfo\/wp-json\/wp\/v2\/media\/76681"}],"wp:attachment":[{"href":"https:\/\/vosgesinfo.fr\/gerardmerinfo\/wp-json\/wp\/v2\/media?parent=76672"}],"wp:term":[{"taxonomy":"category","embeddable":true,"href":"https:\/\/vosgesinfo.fr\/gerardmerinfo\/wp-json\/wp\/v2\/categories?post=76672"},{"taxonomy":"post_tag","embeddable":true,"href":"https:\/\/vosgesinfo.fr\/gerardmerinfo\/wp-json\/wp\/v2\/tags?post=76672"}],"curies":[{"name":"wp","href":"https:\/\/api.w.org\/{rel}","templated":true}]}}