{"id":76696,"date":"2025-04-11T06:02:05","date_gmt":"2025-04-11T04:02:05","guid":{"rendered":"https:\/\/vosgesinfo.fr\/gerardmerinfo\/?p=76696"},"modified":"2025-04-10T13:31:38","modified_gmt":"2025-04-10T11:31:38","slug":"un-projet-de-voie-verte-sur-les-rails","status":"publish","type":"post","link":"https:\/\/vosgesinfo.fr\/gerardmerinfo\/2025\/04\/un-projet-de-voie-verte-sur-les-rails\/","title":{"rendered":"Un projet de voie verte&#8230; sur les rails"},"content":{"rendered":"<p><a href=\"https:\/\/vosgesinfo.fr\/app\/uploads\/sites\/6\/2025\/04\/dsc03164-scaled.jpg\"><img decoding=\"async\" class=\"aligncenter size-large wp-image-76697\" src=\"https:\/\/vosgesinfo.fr\/app\/uploads\/sites\/6\/2025\/04\/dsc03164-1024x683.jpg\" alt=\"\" width=\"1024\" height=\"683\" srcset=\"https:\/\/vosgesinfo.fr\/app\/uploads\/sites\/6\/2025\/04\/dsc03164-1024x683.jpg 1024w, https:\/\/vosgesinfo.fr\/app\/uploads\/sites\/6\/2025\/04\/dsc03164-300x200.jpg 300w, https:\/\/vosgesinfo.fr\/app\/uploads\/sites\/6\/2025\/04\/dsc03164-768x512.jpg 768w, https:\/\/vosgesinfo.fr\/app\/uploads\/sites\/6\/2025\/04\/dsc03164-1536x1024.jpg 1536w, https:\/\/vosgesinfo.fr\/app\/uploads\/sites\/6\/2025\/04\/dsc03164-2048x1365.jpg 2048w\" sizes=\"(max-width: 1024px) 100vw, 1024px\" \/><\/a><\/p>\n<h3>\nLe vendredi 28 mars 2025, nombreux \u00e9taient les \u00e9lus locaux et les structures partenaires qui se sont mobilis\u00e9s pour participer \u00e0 la restitution de l\u2019\u00e9tude de faisabilit\u00e9 du projet de voie verte sur l\u2019axe Bruy\u00e8res \u2013G\u00e9rardmer.<\/h3>\n<p>Lanc\u00e9e depuis septembre 2024, cette \u00e9tude port\u00e9e par le PETR du Pays de D\u00e9odatie vise \u00e0 apporter les premiers \u00e9l\u00e9ments techniques, financiers et \u00e0 pr\u00e9senter un calendrier pr\u00e9visionnel de r\u00e9alisation.<br \/>\nLe parcours retenu traverserait les territoires des communes suivantes : Bruy\u00e8res, Laval-devant-Bruy\u00e8res, Champs\u2010le\u2010Duc, Laveline\u2010devant\u2010Bruy\u00e8res, Jussarupt, Granges\u2010Aumontzey, le Kertoff, Kichompr\u00e9, G\u00e9rardmer pour finir aux abords du lac de G\u00e9rardmer. Ce cheminement de 25 km a \u00e9t\u00e9 con\u00e7u pour mailler le territoire et offrir un support de mobilit\u00e9 douce tant \u00e0 nos habitants et \u00e0 leurs enfants qu\u2019aux visiteurs. Au-del\u00e0 de la voie verte en elle-m\u00eame, des infrastructures seraient \u00e0 pr\u00e9voir pour optimiser le confort de l\u2019usager (points d\u2019eau, aires de services, aires de repos, parkings le long du parcours). Notons que la commune de Granges\u2010Aumontzey a \u00e9t\u00e9 identifi\u00e9e pour accueillir un espace de stationnement qui permettrait de d\u00e9sengorger la ville de G\u00e9rardmer pendant les saisons hautes et qui offrirait un potentiel de d\u00e9veloppement \u00e9conomique sur la commune.<br \/>\nLe bureau d\u2019\u00e9tude TTK GMbH et l\u2019agence technique d\u00e9partementale des Vosges ont apport\u00e9 des \u00e9l\u00e9ments rassurants sur la faisabilit\u00e9 technique du projet. Aucun point bloquant ne vient remettre le projet en cause et l\u2019ensemble des ponts pr\u00e9sents sur l\u2019ancienne ligne ferroviaire Laveline-G\u00e9rardmer sont en tr\u00e8s bon \u00e9tat de conservation. La r\u00e9utilisation du foncier ferroviaire de l\u2019ancienne ligne est d\u2019ailleurs une formidable aubaine puisqu\u2019elle offre s\u00e9curit\u00e9 et confort sur 16 km avec des co\u00fbts de r\u00e9alisation minimaux. Aucune autre option s\u00e9rieuse n\u2019a d\u2019ailleurs \u00e9t\u00e9 retenue en raison de la topographie des lieux et des milieux naturels alentours.<br \/>\nConcernant les calendriers de livraisons, l\u2019ann\u00e9e 2025 serait fl\u00e9ch\u00e9e pour r\u00e9aliser les pi\u00e8ces administratives n\u00e9cessaires au recrutement d\u2019un maitre d\u2019\u0153uvre. L\u2019ann\u00e9e 2026 serait d\u00e9di\u00e9e \u00e0 la r\u00e9alisation d\u2019un inventaire quatre saisons et \u00e0 la phase de conception des plans. L\u2019ann\u00e9e 2027 verra l\u2019arriv\u00e9e des premiers travaux pour une livraison finale pr\u00e9vue en 2029. Ce qui doit durer prend du temps, il faudra donc faire preuve de patience et de pers\u00e9v\u00e9rance.<br \/>\nConcernant l\u2019aspect financier, le projet est estim\u00e9 entre 5.7 et 7.6 Millions d\u2019euros en fonction de options retenues (hors acquisitions fonci\u00e8res et am\u00e9nagements des aires de repos). A noter que la vente des rails pr\u00e9sents sur 16km viendra all\u00e9ger ce montant, que cette somme est r\u00e9partie entre deux intercommunalit\u00e9s et qu\u2019elle sera liss\u00e9e sur plusieurs ann\u00e9es.<br \/>\nLa sous-pr\u00e9fecture de Saint Di\u00e9 des Vosges, partenaire privil\u00e9gi\u00e9 dans ce projet, organisera un tour de table avec les financeurs au printemps afin d\u2019optimiser la recherche de subventions et d\u2019aides mobilisables.<br \/>\nSur la base de ces \u00e9l\u00e9ments, un nouveau comit\u00e9 de pilotage se r\u00e9unira \u00e0 la fin du mois de juin 2025 pour d\u00e9cider de la suite \u00e0 donner \u00e0 ce projet structurant et ambitieux.<\/p>\n","protected":false},"excerpt":{"rendered":"<p>Le vendredi 28 mars 2025, nombreux \u00e9taient les \u00e9lus locaux et les structures partenaires qui se sont mobilis\u00e9s pour participer [&hellip;]<\/p>\n","protected":false},"author":391,"featured_media":76697,"comment_status":"open","ping_status":"open","sticky":false,"template":"","format":"standard","meta":{"footnotes":""},"categories":[20,5647,946],"tags":[491],"class_list":["post-76696","post","type-post","status-publish","format-standard","has-post-thumbnail","hentry","category-a-la-une","category-gerardmer-autres-sites","category-saint-die","tag-voie-verte-de-la-vallee-de-la-vologne"],"acf":[],"yoast_head":"<!-- This site is optimized with the Yoast SEO plugin v22.5 - https:\/\/yoast.com\/wordpress\/plugins\/seo\/ -->\n<title>Un projet de voie verte... sur les rails - Gerardmer Info<\/title>\n<meta name=\"robots\" content=\"index, follow, max-snippet:-1, max-image-preview:large, max-video-preview:-1\" \/>\n<link rel=\"canonical\" href=\"https:\/\/vosgesinfo.fr\/gerardmerinfo\/2025\/04\/un-projet-de-voie-verte-sur-les-rails\/\" \/>\n<meta name=\"twitter:card\" content=\"summary_large_image\" \/>\n<meta name=\"twitter:title\" content=\"Un projet de voie verte... sur les rails - Gerardmer Info\" \/>\n<meta name=\"twitter:description\" content=\"Le vendredi 28 mars 2025, nombreux \u00e9taient les \u00e9lus locaux et les structures partenaires qui se sont mobilis\u00e9s pour participer [&hellip;]\" \/>\n<meta name=\"twitter:image\" content=\"https:\/\/vosgesinfo.fr\/app\/uploads\/sites\/6\/2025\/04\/dsc03164-scaled.jpg\" \/>\n<meta name=\"twitter:creator\" content=\"@VosgesInfo88\" \/>\n<meta name=\"twitter:site\" content=\"@VosgesInfo88\" \/>\n<meta name=\"twitter:label1\" content=\"\u00c9crit par\" \/>\n\t<meta name=\"twitter:data1\" content=\"La redaction\" \/>\n\t<meta name=\"twitter:label2\" content=\"Dur\u00e9e de lecture estim\u00e9e\" \/>\n\t<meta name=\"twitter:data2\" content=\"3 minutes\" \/>\n<script type=\"application\/ld+json\" class=\"yoast-schema-graph\">{\"@context\":\"https:\/\/schema.org\",\"@graph\":[{\"@type\":\"Article\",\"@id\":\"https:\/\/vosgesinfo.fr\/gerardmerinfo\/2025\/04\/un-projet-de-voie-verte-sur-les-rails\/#article\",\"isPartOf\":{\"@id\":\"https:\/\/vosgesinfo.fr\/gerardmerinfo\/2025\/04\/un-projet-de-voie-verte-sur-les-rails\/\"},\"author\":{\"name\":\"La redaction\",\"@id\":\"https:\/\/vosgesinfo.fr\/gerardmerinfo\/#\/schema\/person\/27a3695b06db98895b354c0765cdfc31\"},\"headline\":\"Un projet de voie verte&#8230; sur les rails\",\"datePublished\":\"2025-04-11T04:02:05+00:00\",\"dateModified\":\"2025-04-10T11:31:38+00:00\",\"mainEntityOfPage\":{\"@id\":\"https:\/\/vosgesinfo.fr\/gerardmerinfo\/2025\/04\/un-projet-de-voie-verte-sur-les-rails\/\"},\"wordCount\":555,\"commentCount\":16,\"publisher\":{\"@id\":\"https:\/\/vosgesinfo.fr\/gerardmerinfo\/#organization\"},\"image\":{\"@id\":\"https:\/\/vosgesinfo.fr\/gerardmerinfo\/2025\/04\/un-projet-de-voie-verte-sur-les-rails\/#primaryimage\"},\"thumbnailUrl\":\"https:\/\/vosgesinfo.fr\/app\/uploads\/sites\/6\/2025\/04\/dsc03164-scaled.jpg\",\"keywords\":[\"Voie verte de la vall\u00e9e de la vologne\"],\"articleSection\":[\"A la une\",\"Gerardmer\",\"Saint-di\u00e9\"],\"inLanguage\":\"fr-FR\",\"potentialAction\":[{\"@type\":\"CommentAction\",\"name\":\"Comment\",\"target\":[\"https:\/\/vosgesinfo.fr\/gerardmerinfo\/2025\/04\/un-projet-de-voie-verte-sur-les-rails\/#respond\"]}]},{\"@type\":\"WebPage\",\"@id\":\"https:\/\/vosgesinfo.fr\/gerardmerinfo\/2025\/04\/un-projet-de-voie-verte-sur-les-rails\/\",\"url\":\"https:\/\/vosgesinfo.fr\/gerardmerinfo\/2025\/04\/un-projet-de-voie-verte-sur-les-rails\/\",\"name\":\"Un projet de voie verte... sur les rails - Gerardmer Info\",\"isPartOf\":{\"@id\":\"https:\/\/vosgesinfo.fr\/gerardmerinfo\/#website\"},\"primaryImageOfPage\":{\"@id\":\"https:\/\/vosgesinfo.fr\/gerardmerinfo\/2025\/04\/un-projet-de-voie-verte-sur-les-rails\/#primaryimage\"},\"image\":{\"@id\":\"https:\/\/vosgesinfo.fr\/gerardmerinfo\/2025\/04\/un-projet-de-voie-verte-sur-les-rails\/#primaryimage\"},\"thumbnailUrl\":\"https:\/\/vosgesinfo.fr\/app\/uploads\/sites\/6\/2025\/04\/dsc03164-scaled.jpg\",\"datePublished\":\"2025-04-11T04:02:05+00:00\",\"dateModified\":\"2025-04-10T11:31:38+00:00\",\"breadcrumb\":{\"@id\":\"https:\/\/vosgesinfo.fr\/gerardmerinfo\/2025\/04\/un-projet-de-voie-verte-sur-les-rails\/#breadcrumb\"},\"inLanguage\":\"fr-FR\",\"potentialAction\":[{\"@type\":\"ReadAction\",\"target\":[\"https:\/\/vosgesinfo.fr\/gerardmerinfo\/2025\/04\/un-projet-de-voie-verte-sur-les-rails\/\"]}]},{\"@type\":\"ImageObject\",\"inLanguage\":\"fr-FR\",\"@id\":\"https:\/\/vosgesinfo.fr\/gerardmerinfo\/2025\/04\/un-projet-de-voie-verte-sur-les-rails\/#primaryimage\",\"url\":\"https:\/\/vosgesinfo.fr\/app\/uploads\/sites\/6\/2025\/04\/dsc03164-scaled.jpg\",\"contentUrl\":\"https:\/\/vosgesinfo.fr\/app\/uploads\/sites\/6\/2025\/04\/dsc03164-scaled.jpg\",\"width\":2560,\"height\":1707},{\"@type\":\"BreadcrumbList\",\"@id\":\"https:\/\/vosgesinfo.fr\/gerardmerinfo\/2025\/04\/un-projet-de-voie-verte-sur-les-rails\/#breadcrumb\",\"itemListElement\":[{\"@type\":\"ListItem\",\"position\":1,\"name\":\"Home\",\"item\":\"https:\/\/vosgesinfo.fr\/gerardmerinfo\/\"},{\"@type\":\"ListItem\",\"position\":2,\"name\":\"Un projet de voie verte&#8230; sur les rails\"}]},{\"@type\":\"WebSite\",\"@id\":\"https:\/\/vosgesinfo.fr\/gerardmerinfo\/#website\",\"url\":\"https:\/\/vosgesinfo.fr\/gerardmerinfo\/\",\"name\":\"Gerardmer Info\",\"description\":\"Toute l&#039;actualit\u00e9 de G\u00e9rardmer\",\"publisher\":{\"@id\":\"https:\/\/vosgesinfo.fr\/gerardmerinfo\/#organization\"},\"alternateName\":\"Toute l'actualit\u00e9 de G\u00e9rardmer\",\"potentialAction\":[{\"@type\":\"SearchAction\",\"target\":{\"@type\":\"EntryPoint\",\"urlTemplate\":\"https:\/\/vosgesinfo.fr\/gerardmerinfo\/?s={search_term_string}\"},\"query-input\":\"required name=search_term_string\"}],\"inLanguage\":\"fr-FR\"},{\"@type\":\"Organization\",\"@id\":\"https:\/\/vosgesinfo.fr\/gerardmerinfo\/#organization\",\"name\":\"Gerardmer Info\",\"url\":\"https:\/\/vosgesinfo.fr\/gerardmerinfo\/\",\"logo\":{\"@type\":\"ImageObject\",\"inLanguage\":\"fr-FR\",\"@id\":\"https:\/\/vosgesinfo.fr\/gerardmerinfo\/#\/schema\/logo\/image\/\",\"url\":\"https:\/\/vosgesinfo.fr\/app\/uploads\/sites\/6\/2023\/08\/favicon-gerardmerinfo.png\",\"contentUrl\":\"https:\/\/vosgesinfo.fr\/app\/uploads\/sites\/6\/2023\/08\/favicon-gerardmerinfo.png\",\"width\":512,\"height\":512,\"caption\":\"Gerardmer Info\"},\"image\":{\"@id\":\"https:\/\/vosgesinfo.fr\/gerardmerinfo\/#\/schema\/logo\/image\/\"},\"sameAs\":[\"https:\/\/www.facebook.com\/profile.php?id=100049475262660\",\"https:\/\/x.com\/VosgesInfo88\",\"https:\/\/www.youtube.com\/@vosgesinfo\"]},{\"@type\":\"Person\",\"@id\":\"https:\/\/vosgesinfo.fr\/gerardmerinfo\/#\/schema\/person\/27a3695b06db98895b354c0765cdfc31\",\"name\":\"La redaction\",\"image\":{\"@type\":\"ImageObject\",\"inLanguage\":\"fr-FR\",\"@id\":\"https:\/\/vosgesinfo.fr\/gerardmerinfo\/#\/schema\/person\/image\/\",\"url\":\"https:\/\/secure.gravatar.com\/avatar\/64c76a78e501cedee55736f43f332df901e1896ae9cd8fad269ae2236dd0e8b6?s=96&d=mm&r=g\",\"contentUrl\":\"https:\/\/secure.gravatar.com\/avatar\/64c76a78e501cedee55736f43f332df901e1896ae9cd8fad269ae2236dd0e8b6?s=96&d=mm&r=g\",\"caption\":\"La redaction\"},\"url\":\"https:\/\/vosgesinfo.fr\/gerardmerinfo\/author\/la-redaction\/\"}]}<\/script>\n<!-- \/ Yoast SEO plugin. -->","yoast_head_json":{"title":"Un projet de voie verte... sur les rails - Gerardmer Info","robots":{"index":"index","follow":"follow","max-snippet":"max-snippet:-1","max-image-preview":"max-image-preview:large","max-video-preview":"max-video-preview:-1"},"canonical":"https:\/\/vosgesinfo.fr\/gerardmerinfo\/2025\/04\/un-projet-de-voie-verte-sur-les-rails\/","twitter_card":"summary_large_image","twitter_title":"Un projet de voie verte... sur les rails - Gerardmer Info","twitter_description":"Le vendredi 28 mars 2025, nombreux \u00e9taient les \u00e9lus locaux et les structures partenaires qui se sont mobilis\u00e9s pour participer [&hellip;]","twitter_image":"https:\/\/vosgesinfo.fr\/app\/uploads\/sites\/6\/2025\/04\/dsc03164-scaled.jpg","twitter_creator":"@VosgesInfo88","twitter_site":"@VosgesInfo88","twitter_misc":{"\u00c9crit par":"La redaction","Dur\u00e9e de lecture estim\u00e9e":"3 minutes"},"schema":{"@context":"https:\/\/schema.org","@graph":[{"@type":"Article","@id":"https:\/\/vosgesinfo.fr\/gerardmerinfo\/2025\/04\/un-projet-de-voie-verte-sur-les-rails\/#article","isPartOf":{"@id":"https:\/\/vosgesinfo.fr\/gerardmerinfo\/2025\/04\/un-projet-de-voie-verte-sur-les-rails\/"},"author":{"name":"La redaction","@id":"https:\/\/vosgesinfo.fr\/gerardmerinfo\/#\/schema\/person\/27a3695b06db98895b354c0765cdfc31"},"headline":"Un projet de voie verte&#8230; sur les rails","datePublished":"2025-04-11T04:02:05+00:00","dateModified":"2025-04-10T11:31:38+00:00","mainEntityOfPage":{"@id":"https:\/\/vosgesinfo.fr\/gerardmerinfo\/2025\/04\/un-projet-de-voie-verte-sur-les-rails\/"},"wordCount":555,"commentCount":16,"publisher":{"@id":"https:\/\/vosgesinfo.fr\/gerardmerinfo\/#organization"},"image":{"@id":"https:\/\/vosgesinfo.fr\/gerardmerinfo\/2025\/04\/un-projet-de-voie-verte-sur-les-rails\/#primaryimage"},"thumbnailUrl":"https:\/\/vosgesinfo.fr\/app\/uploads\/sites\/6\/2025\/04\/dsc03164-scaled.jpg","keywords":["Voie verte de la vall\u00e9e de la vologne"],"articleSection":["A la une","Gerardmer","Saint-di\u00e9"],"inLanguage":"fr-FR","potentialAction":[{"@type":"CommentAction","name":"Comment","target":["https:\/\/vosgesinfo.fr\/gerardmerinfo\/2025\/04\/un-projet-de-voie-verte-sur-les-rails\/#respond"]}]},{"@type":"WebPage","@id":"https:\/\/vosgesinfo.fr\/gerardmerinfo\/2025\/04\/un-projet-de-voie-verte-sur-les-rails\/","url":"https:\/\/vosgesinfo.fr\/gerardmerinfo\/2025\/04\/un-projet-de-voie-verte-sur-les-rails\/","name":"Un projet de voie verte... sur les rails - Gerardmer Info","isPartOf":{"@id":"https:\/\/vosgesinfo.fr\/gerardmerinfo\/#website"},"primaryImageOfPage":{"@id":"https:\/\/vosgesinfo.fr\/gerardmerinfo\/2025\/04\/un-projet-de-voie-verte-sur-les-rails\/#primaryimage"},"image":{"@id":"https:\/\/vosgesinfo.fr\/gerardmerinfo\/2025\/04\/un-projet-de-voie-verte-sur-les-rails\/#primaryimage"},"thumbnailUrl":"https:\/\/vosgesinfo.fr\/app\/uploads\/sites\/6\/2025\/04\/dsc03164-scaled.jpg","datePublished":"2025-04-11T04:02:05+00:00","dateModified":"2025-04-10T11:31:38+00:00","breadcrumb":{"@id":"https:\/\/vosgesinfo.fr\/gerardmerinfo\/2025\/04\/un-projet-de-voie-verte-sur-les-rails\/#breadcrumb"},"inLanguage":"fr-FR","potentialAction":[{"@type":"ReadAction","target":["https:\/\/vosgesinfo.fr\/gerardmerinfo\/2025\/04\/un-projet-de-voie-verte-sur-les-rails\/"]}]},{"@type":"ImageObject","inLanguage":"fr-FR","@id":"https:\/\/vosgesinfo.fr\/gerardmerinfo\/2025\/04\/un-projet-de-voie-verte-sur-les-rails\/#primaryimage","url":"https:\/\/vosgesinfo.fr\/app\/uploads\/sites\/6\/2025\/04\/dsc03164-scaled.jpg","contentUrl":"https:\/\/vosgesinfo.fr\/app\/uploads\/sites\/6\/2025\/04\/dsc03164-scaled.jpg","width":2560,"height":1707},{"@type":"BreadcrumbList","@id":"https:\/\/vosgesinfo.fr\/gerardmerinfo\/2025\/04\/un-projet-de-voie-verte-sur-les-rails\/#breadcrumb","itemListElement":[{"@type":"ListItem","position":1,"name":"Home","item":"https:\/\/vosgesinfo.fr\/gerardmerinfo\/"},{"@type":"ListItem","position":2,"name":"Un projet de voie verte&#8230; sur les rails"}]},{"@type":"WebSite","@id":"https:\/\/vosgesinfo.fr\/gerardmerinfo\/#website","url":"https:\/\/vosgesinfo.fr\/gerardmerinfo\/","name":"Gerardmer Info","description":"Toute l&#039;actualit\u00e9 de G\u00e9rardmer","publisher":{"@id":"https:\/\/vosgesinfo.fr\/gerardmerinfo\/#organization"},"alternateName":"Toute l'actualit\u00e9 de G\u00e9rardmer","potentialAction":[{"@type":"SearchAction","target":{"@type":"EntryPoint","urlTemplate":"https:\/\/vosgesinfo.fr\/gerardmerinfo\/?s={search_term_string}"},"query-input":"required name=search_term_string"}],"inLanguage":"fr-FR"},{"@type":"Organization","@id":"https:\/\/vosgesinfo.fr\/gerardmerinfo\/#organization","name":"Gerardmer Info","url":"https:\/\/vosgesinfo.fr\/gerardmerinfo\/","logo":{"@type":"ImageObject","inLanguage":"fr-FR","@id":"https:\/\/vosgesinfo.fr\/gerardmerinfo\/#\/schema\/logo\/image\/","url":"https:\/\/vosgesinfo.fr\/app\/uploads\/sites\/6\/2023\/08\/favicon-gerardmerinfo.png","contentUrl":"https:\/\/vosgesinfo.fr\/app\/uploads\/sites\/6\/2023\/08\/favicon-gerardmerinfo.png","width":512,"height":512,"caption":"Gerardmer Info"},"image":{"@id":"https:\/\/vosgesinfo.fr\/gerardmerinfo\/#\/schema\/logo\/image\/"},"sameAs":["https:\/\/www.facebook.com\/profile.php?id=100049475262660","https:\/\/x.com\/VosgesInfo88","https:\/\/www.youtube.com\/@vosgesinfo"]},{"@type":"Person","@id":"https:\/\/vosgesinfo.fr\/gerardmerinfo\/#\/schema\/person\/27a3695b06db98895b354c0765cdfc31","name":"La redaction","image":{"@type":"ImageObject","inLanguage":"fr-FR","@id":"https:\/\/vosgesinfo.fr\/gerardmerinfo\/#\/schema\/person\/image\/","url":"https:\/\/secure.gravatar.com\/avatar\/64c76a78e501cedee55736f43f332df901e1896ae9cd8fad269ae2236dd0e8b6?s=96&d=mm&r=g","contentUrl":"https:\/\/secure.gravatar.com\/avatar\/64c76a78e501cedee55736f43f332df901e1896ae9cd8fad269ae2236dd0e8b6?s=96&d=mm&r=g","caption":"La redaction"},"url":"https:\/\/vosgesinfo.fr\/gerardmerinfo\/author\/la-redaction\/"}]}},"_links":{"self":[{"href":"https:\/\/vosgesinfo.fr\/gerardmerinfo\/wp-json\/wp\/v2\/posts\/76696","targetHints":{"allow":["GET"]}}],"collection":[{"href":"https:\/\/vosgesinfo.fr\/gerardmerinfo\/wp-json\/wp\/v2\/posts"}],"about":[{"href":"https:\/\/vosgesinfo.fr\/gerardmerinfo\/wp-json\/wp\/v2\/types\/post"}],"author":[{"embeddable":true,"href":"https:\/\/vosgesinfo.fr\/gerardmerinfo\/wp-json\/wp\/v2\/users\/391"}],"replies":[{"embeddable":true,"href":"https:\/\/vosgesinfo.fr\/gerardmerinfo\/wp-json\/wp\/v2\/comments?post=76696"}],"version-history":[{"count":1,"href":"https:\/\/vosgesinfo.fr\/gerardmerinfo\/wp-json\/wp\/v2\/posts\/76696\/revisions"}],"predecessor-version":[{"id":76698,"href":"https:\/\/vosgesinfo.fr\/gerardmerinfo\/wp-json\/wp\/v2\/posts\/76696\/revisions\/76698"}],"wp:featuredmedia":[{"embeddable":true,"href":"https:\/\/vosgesinfo.fr\/gerardmerinfo\/wp-json\/wp\/v2\/media\/76697"}],"wp:attachment":[{"href":"https:\/\/vosgesinfo.fr\/gerardmerinfo\/wp-json\/wp\/v2\/media?parent=76696"}],"wp:term":[{"taxonomy":"category","embeddable":true,"href":"https:\/\/vosgesinfo.fr\/gerardmerinfo\/wp-json\/wp\/v2\/categories?post=76696"},{"taxonomy":"post_tag","embeddable":true,"href":"https:\/\/vosgesinfo.fr\/gerardmerinfo\/wp-json\/wp\/v2\/tags?post=76696"}],"curies":[{"name":"wp","href":"https:\/\/api.w.org\/{rel}","templated":true}]}}