{"id":76703,"date":"2025-04-11T05:55:25","date_gmt":"2025-04-11T03:55:25","guid":{"rendered":"https:\/\/vosgesinfo.fr\/gerardmerinfo\/?p=76703"},"modified":"2025-04-10T15:24:34","modified_gmt":"2025-04-10T13:24:34","slug":"rires-melodie-a-la-salle-des-fetes-de-granges-aumontzey","status":"publish","type":"post","link":"https:\/\/vosgesinfo.fr\/gerardmerinfo\/2025\/04\/rires-melodie-a-la-salle-des-fetes-de-granges-aumontzey\/","title":{"rendered":"Rires &#038; m\u00e9lodie \u00e0 la salle des f\u00eates de Granges-Aumontzey"},"content":{"rendered":"\n\t\t<style type=\"text\/css\">\n\t\t\t#gallery-1 {\n\t\t\t\tmargin: auto;\n\t\t\t}\n\t\t\t#gallery-1 .gallery-item {\n\t\t\t\tfloat: left;\n\t\t\t\tmargin-top: 10px;\n\t\t\t\ttext-align: center;\n\t\t\t\twidth: 50%;\n\t\t\t}\n\t\t\t#gallery-1 img {\n\t\t\t\tborder: 2px solid #cfcfcf;\n\t\t\t}\n\t\t\t#gallery-1 .gallery-caption {\n\t\t\t\tmargin-left: 0;\n\t\t\t}\n\t\t\t\/* see gallery_shortcode() in wp-includes\/media.php *\/\n\t\t<\/style>\n\t\t<div id='gallery-1' class='gallery galleryid-76703 gallery-columns-2 gallery-size-medium'><dl class='gallery-item'>\n\t\t\t<dt class='gallery-icon landscape'>\n\t\t\t\t<a href='https:\/\/vosgesinfo.fr\/app\/uploads\/sites\/6\/2025\/04\/gouter-ccas-granges-aumontzey-3.jpg'><img decoding=\"async\" width=\"300\" height=\"200\" src=\"https:\/\/vosgesinfo.fr\/app\/uploads\/sites\/6\/2025\/04\/gouter-ccas-granges-aumontzey-3-300x200.jpg\" class=\"attachment-medium size-medium\" alt=\"\" srcset=\"https:\/\/vosgesinfo.fr\/app\/uploads\/sites\/6\/2025\/04\/gouter-ccas-granges-aumontzey-3-300x200.jpg 300w, https:\/\/vosgesinfo.fr\/app\/uploads\/sites\/6\/2025\/04\/gouter-ccas-granges-aumontzey-3-1024x683.jpg 1024w, https:\/\/vosgesinfo.fr\/app\/uploads\/sites\/6\/2025\/04\/gouter-ccas-granges-aumontzey-3-768x512.jpg 768w, https:\/\/vosgesinfo.fr\/app\/uploads\/sites\/6\/2025\/04\/gouter-ccas-granges-aumontzey-3-1536x1024.jpg 1536w, https:\/\/vosgesinfo.fr\/app\/uploads\/sites\/6\/2025\/04\/gouter-ccas-granges-aumontzey-3-2048x1366.jpg 2048w\" sizes=\"(max-width: 300px) 100vw, 300px\" \/><\/a>\n\t\t\t<\/dt><\/dl><dl class='gallery-item'>\n\t\t\t<dt class='gallery-icon landscape'>\n\t\t\t\t<a href='https:\/\/vosgesinfo.fr\/app\/uploads\/sites\/6\/2025\/04\/gouter-ccas-granges-aumontzey-4.jpg'><img decoding=\"async\" width=\"300\" height=\"200\" src=\"https:\/\/vosgesinfo.fr\/app\/uploads\/sites\/6\/2025\/04\/gouter-ccas-granges-aumontzey-4-300x200.jpg\" class=\"attachment-medium size-medium\" alt=\"\" srcset=\"https:\/\/vosgesinfo.fr\/app\/uploads\/sites\/6\/2025\/04\/gouter-ccas-granges-aumontzey-4-300x200.jpg 300w, https:\/\/vosgesinfo.fr\/app\/uploads\/sites\/6\/2025\/04\/gouter-ccas-granges-aumontzey-4-1024x683.jpg 1024w, https:\/\/vosgesinfo.fr\/app\/uploads\/sites\/6\/2025\/04\/gouter-ccas-granges-aumontzey-4-768x512.jpg 768w, https:\/\/vosgesinfo.fr\/app\/uploads\/sites\/6\/2025\/04\/gouter-ccas-granges-aumontzey-4-1536x1024.jpg 1536w, https:\/\/vosgesinfo.fr\/app\/uploads\/sites\/6\/2025\/04\/gouter-ccas-granges-aumontzey-4-2048x1366.jpg 2048w\" sizes=\"(max-width: 300px) 100vw, 300px\" \/><\/a>\n\t\t\t<\/dt><\/dl><br style=\"clear: both\" \/><dl class='gallery-item'>\n\t\t\t<dt class='gallery-icon landscape'>\n\t\t\t\t<a href='https:\/\/vosgesinfo.fr\/app\/uploads\/sites\/6\/2025\/04\/gouter-ccas-granges-aumontzey-2.jpg'><img decoding=\"async\" width=\"300\" height=\"200\" src=\"https:\/\/vosgesinfo.fr\/app\/uploads\/sites\/6\/2025\/04\/gouter-ccas-granges-aumontzey-2-300x200.jpg\" class=\"attachment-medium size-medium\" alt=\"\" srcset=\"https:\/\/vosgesinfo.fr\/app\/uploads\/sites\/6\/2025\/04\/gouter-ccas-granges-aumontzey-2-300x200.jpg 300w, https:\/\/vosgesinfo.fr\/app\/uploads\/sites\/6\/2025\/04\/gouter-ccas-granges-aumontzey-2-1024x683.jpg 1024w, https:\/\/vosgesinfo.fr\/app\/uploads\/sites\/6\/2025\/04\/gouter-ccas-granges-aumontzey-2-768x512.jpg 768w, https:\/\/vosgesinfo.fr\/app\/uploads\/sites\/6\/2025\/04\/gouter-ccas-granges-aumontzey-2-1536x1024.jpg 1536w, https:\/\/vosgesinfo.fr\/app\/uploads\/sites\/6\/2025\/04\/gouter-ccas-granges-aumontzey-2-2048x1366.jpg 2048w\" sizes=\"(max-width: 300px) 100vw, 300px\" \/><\/a>\n\t\t\t<\/dt><\/dl><dl class='gallery-item'>\n\t\t\t<dt class='gallery-icon landscape'>\n\t\t\t\t<a href='https:\/\/vosgesinfo.fr\/app\/uploads\/sites\/6\/2025\/04\/gouter-ccas-granges-aumontzey-1.jpg'><img decoding=\"async\" width=\"300\" height=\"200\" src=\"https:\/\/vosgesinfo.fr\/app\/uploads\/sites\/6\/2025\/04\/gouter-ccas-granges-aumontzey-1-300x200.jpg\" class=\"attachment-medium size-medium\" alt=\"\" srcset=\"https:\/\/vosgesinfo.fr\/app\/uploads\/sites\/6\/2025\/04\/gouter-ccas-granges-aumontzey-1-300x200.jpg 300w, https:\/\/vosgesinfo.fr\/app\/uploads\/sites\/6\/2025\/04\/gouter-ccas-granges-aumontzey-1-1024x683.jpg 1024w, https:\/\/vosgesinfo.fr\/app\/uploads\/sites\/6\/2025\/04\/gouter-ccas-granges-aumontzey-1-768x512.jpg 768w, https:\/\/vosgesinfo.fr\/app\/uploads\/sites\/6\/2025\/04\/gouter-ccas-granges-aumontzey-1-1536x1024.jpg 1536w, https:\/\/vosgesinfo.fr\/app\/uploads\/sites\/6\/2025\/04\/gouter-ccas-granges-aumontzey-1-2048x1366.jpg 2048w\" sizes=\"(max-width: 300px) 100vw, 300px\" \/><\/a>\n\t\t\t<\/dt><\/dl><br style=\"clear: both\" \/>\n\t\t<\/div>\n\n<p>Le jeudi 27 mars 2025, la salle des f\u00eates de Granges-Aumontzey a r\u00e9sonn\u00e9 de m\u00e9lodies et de rires. Co-organis\u00e9 avec le CCAS, les r\u00e9sidentes et r\u00e9sidents de l\u2019Ehpad L\u2019Accueil de la Vologne se sont retrouv\u00e9s pour un apr\u00e8s-midi chaleureux plac\u00e9 sous le signe du printemps.<br \/>\nRassembl\u00e9s en cercle, une soixantaine de participants ont entonn\u00e9 \u00e0 l\u2019unisson des chants d\u2019\u00e9poque, \u00e9chang\u00e9 en petits groupes et \u00e9taient m\u00eame parfois un peu indisciplin\u00e9s&#8230; que voulez-vous, ils faisaient le printemps !<br \/>\nMarion, animatrice coordinatrice de l\u2019Ehpad, a trouv\u00e9 du renfort en la personne de Jean-Luc r\u00e9sident ambianceur \u00e0 toute heure, qui s\u2019est m\u00eame transform\u00e9 en cigogne le temps d\u2019une chanson.<br \/>\nL\u2019apr\u00e8s-midi s\u2019est poursuivi avec un go\u00fbter convivial. La vice-pr\u00e9sidente du CCAS, Corinne Mourot, accompagn\u00e9e d\u2019une dizaine de b\u00e9n\u00e9voles, ainsi qu\u2019Adeline, aide-soignante, et sa stagiaire, ont servi aux participants de d\u00e9licieux \u00ab\u00a0cur&rsquo;veuh\u00e9\u00a0\u00bb, pr\u00e9par\u00e9s par les cuisiniers de l\u2019Ehpad. Un mets savoureux\u2026 dont l\u2019orthographe a d\u2019ailleurs aliment\u00e9 les discussions ! Et vous, vous connaissiez\u00a0?<\/p>\n","protected":false},"excerpt":{"rendered":"<p>Le jeudi 27 mars 2025, la salle des f\u00eates de Granges-Aumontzey a r\u00e9sonn\u00e9 de m\u00e9lodies et de rires. Co-organis\u00e9 avec [&hellip;]<\/p>\n","protected":false},"author":391,"featured_media":76706,"comment_status":"open","ping_status":"open","sticky":false,"template":"","format":"standard","meta":{"footnotes":""},"categories":[20,4,5647,13,26],"tags":[166,94],"class_list":["post-76703","post","type-post","status-publish","format-standard","has-post-thumbnail","hentry","category-a-la-une","category-culture","category-gerardmer-autres-sites","category-societe","category-solidarite","tag-ccas","tag-granges-aumontzey"],"acf":[],"yoast_head":"<!-- This site is optimized with the Yoast SEO plugin v22.5 - https:\/\/yoast.com\/wordpress\/plugins\/seo\/ -->\n<title>Rires &amp; m\u00e9lodie \u00e0 la salle des f\u00eates de Granges-Aumontzey - Gerardmer Info<\/title>\n<meta name=\"robots\" content=\"index, follow, max-snippet:-1, max-image-preview:large, max-video-preview:-1\" \/>\n<link rel=\"canonical\" href=\"https:\/\/vosgesinfo.fr\/gerardmerinfo\/2025\/04\/rires-melodie-a-la-salle-des-fetes-de-granges-aumontzey\/\" \/>\n<meta name=\"twitter:card\" content=\"summary_large_image\" \/>\n<meta name=\"twitter:title\" content=\"Rires &amp; m\u00e9lodie \u00e0 la salle des f\u00eates de Granges-Aumontzey - Gerardmer Info\" \/>\n<meta name=\"twitter:description\" content=\"Le jeudi 27 mars 2025, la salle des f\u00eates de Granges-Aumontzey a r\u00e9sonn\u00e9 de m\u00e9lodies et de rires. Co-organis\u00e9 avec [&hellip;]\" \/>\n<meta name=\"twitter:image\" content=\"https:\/\/vosgesinfo.fr\/app\/uploads\/sites\/6\/2025\/04\/gouter-ccas-granges-aumontzey-3.jpg\" \/>\n<meta name=\"twitter:creator\" content=\"@VosgesInfo88\" \/>\n<meta name=\"twitter:site\" content=\"@VosgesInfo88\" \/>\n<meta name=\"twitter:label1\" content=\"\u00c9crit par\" \/>\n\t<meta name=\"twitter:data1\" content=\"La redaction\" \/>\n\t<meta name=\"twitter:label2\" content=\"Dur\u00e9e de lecture estim\u00e9e\" \/>\n\t<meta name=\"twitter:data2\" content=\"1 minute\" \/>\n<script type=\"application\/ld+json\" class=\"yoast-schema-graph\">{\"@context\":\"https:\/\/schema.org\",\"@graph\":[{\"@type\":\"Article\",\"@id\":\"https:\/\/vosgesinfo.fr\/gerardmerinfo\/2025\/04\/rires-melodie-a-la-salle-des-fetes-de-granges-aumontzey\/#article\",\"isPartOf\":{\"@id\":\"https:\/\/vosgesinfo.fr\/gerardmerinfo\/2025\/04\/rires-melodie-a-la-salle-des-fetes-de-granges-aumontzey\/\"},\"author\":{\"name\":\"La redaction\",\"@id\":\"https:\/\/vosgesinfo.fr\/gerardmerinfo\/#\/schema\/person\/27a3695b06db98895b354c0765cdfc31\"},\"headline\":\"Rires &#038; m\u00e9lodie \u00e0 la salle des f\u00eates de Granges-Aumontzey\",\"datePublished\":\"2025-04-11T03:55:25+00:00\",\"dateModified\":\"2025-04-10T13:24:34+00:00\",\"mainEntityOfPage\":{\"@id\":\"https:\/\/vosgesinfo.fr\/gerardmerinfo\/2025\/04\/rires-melodie-a-la-salle-des-fetes-de-granges-aumontzey\/\"},\"wordCount\":207,\"commentCount\":1,\"publisher\":{\"@id\":\"https:\/\/vosgesinfo.fr\/gerardmerinfo\/#organization\"},\"image\":{\"@id\":\"https:\/\/vosgesinfo.fr\/gerardmerinfo\/2025\/04\/rires-melodie-a-la-salle-des-fetes-de-granges-aumontzey\/#primaryimage\"},\"thumbnailUrl\":\"https:\/\/vosgesinfo.fr\/app\/uploads\/sites\/6\/2025\/04\/gouter-ccas-granges-aumontzey-3.jpg\",\"keywords\":[\"CCAS\",\"Granges-Aumontzey\"],\"articleSection\":[\"A la une\",\"Culture\",\"Gerardmer\",\"Soci\u00e9t\u00e9\",\"solidarit\u00e9\"],\"inLanguage\":\"fr-FR\",\"potentialAction\":[{\"@type\":\"CommentAction\",\"name\":\"Comment\",\"target\":[\"https:\/\/vosgesinfo.fr\/gerardmerinfo\/2025\/04\/rires-melodie-a-la-salle-des-fetes-de-granges-aumontzey\/#respond\"]}]},{\"@type\":\"WebPage\",\"@id\":\"https:\/\/vosgesinfo.fr\/gerardmerinfo\/2025\/04\/rires-melodie-a-la-salle-des-fetes-de-granges-aumontzey\/\",\"url\":\"https:\/\/vosgesinfo.fr\/gerardmerinfo\/2025\/04\/rires-melodie-a-la-salle-des-fetes-de-granges-aumontzey\/\",\"name\":\"Rires & m\u00e9lodie \u00e0 la salle des f\u00eates de Granges-Aumontzey - Gerardmer Info\",\"isPartOf\":{\"@id\":\"https:\/\/vosgesinfo.fr\/gerardmerinfo\/#website\"},\"primaryImageOfPage\":{\"@id\":\"https:\/\/vosgesinfo.fr\/gerardmerinfo\/2025\/04\/rires-melodie-a-la-salle-des-fetes-de-granges-aumontzey\/#primaryimage\"},\"image\":{\"@id\":\"https:\/\/vosgesinfo.fr\/gerardmerinfo\/2025\/04\/rires-melodie-a-la-salle-des-fetes-de-granges-aumontzey\/#primaryimage\"},\"thumbnailUrl\":\"https:\/\/vosgesinfo.fr\/app\/uploads\/sites\/6\/2025\/04\/gouter-ccas-granges-aumontzey-3.jpg\",\"datePublished\":\"2025-04-11T03:55:25+00:00\",\"dateModified\":\"2025-04-10T13:24:34+00:00\",\"breadcrumb\":{\"@id\":\"https:\/\/vosgesinfo.fr\/gerardmerinfo\/2025\/04\/rires-melodie-a-la-salle-des-fetes-de-granges-aumontzey\/#breadcrumb\"},\"inLanguage\":\"fr-FR\",\"potentialAction\":[{\"@type\":\"ReadAction\",\"target\":[\"https:\/\/vosgesinfo.fr\/gerardmerinfo\/2025\/04\/rires-melodie-a-la-salle-des-fetes-de-granges-aumontzey\/\"]}]},{\"@type\":\"ImageObject\",\"inLanguage\":\"fr-FR\",\"@id\":\"https:\/\/vosgesinfo.fr\/gerardmerinfo\/2025\/04\/rires-melodie-a-la-salle-des-fetes-de-granges-aumontzey\/#primaryimage\",\"url\":\"https:\/\/vosgesinfo.fr\/app\/uploads\/sites\/6\/2025\/04\/gouter-ccas-granges-aumontzey-3.jpg\",\"contentUrl\":\"https:\/\/vosgesinfo.fr\/app\/uploads\/sites\/6\/2025\/04\/gouter-ccas-granges-aumontzey-3.jpg\",\"width\":2500,\"height\":1667},{\"@type\":\"BreadcrumbList\",\"@id\":\"https:\/\/vosgesinfo.fr\/gerardmerinfo\/2025\/04\/rires-melodie-a-la-salle-des-fetes-de-granges-aumontzey\/#breadcrumb\",\"itemListElement\":[{\"@type\":\"ListItem\",\"position\":1,\"name\":\"Home\",\"item\":\"https:\/\/vosgesinfo.fr\/gerardmerinfo\/\"},{\"@type\":\"ListItem\",\"position\":2,\"name\":\"Rires &#038; m\u00e9lodie \u00e0 la salle des f\u00eates de Granges-Aumontzey\"}]},{\"@type\":\"WebSite\",\"@id\":\"https:\/\/vosgesinfo.fr\/gerardmerinfo\/#website\",\"url\":\"https:\/\/vosgesinfo.fr\/gerardmerinfo\/\",\"name\":\"Gerardmer Info\",\"description\":\"Toute l&#039;actualit\u00e9 de G\u00e9rardmer\",\"publisher\":{\"@id\":\"https:\/\/vosgesinfo.fr\/gerardmerinfo\/#organization\"},\"alternateName\":\"Toute l'actualit\u00e9 de G\u00e9rardmer\",\"potentialAction\":[{\"@type\":\"SearchAction\",\"target\":{\"@type\":\"EntryPoint\",\"urlTemplate\":\"https:\/\/vosgesinfo.fr\/gerardmerinfo\/?s={search_term_string}\"},\"query-input\":\"required name=search_term_string\"}],\"inLanguage\":\"fr-FR\"},{\"@type\":\"Organization\",\"@id\":\"https:\/\/vosgesinfo.fr\/gerardmerinfo\/#organization\",\"name\":\"Gerardmer Info\",\"url\":\"https:\/\/vosgesinfo.fr\/gerardmerinfo\/\",\"logo\":{\"@type\":\"ImageObject\",\"inLanguage\":\"fr-FR\",\"@id\":\"https:\/\/vosgesinfo.fr\/gerardmerinfo\/#\/schema\/logo\/image\/\",\"url\":\"https:\/\/vosgesinfo.fr\/app\/uploads\/sites\/6\/2023\/08\/favicon-gerardmerinfo.png\",\"contentUrl\":\"https:\/\/vosgesinfo.fr\/app\/uploads\/sites\/6\/2023\/08\/favicon-gerardmerinfo.png\",\"width\":512,\"height\":512,\"caption\":\"Gerardmer Info\"},\"image\":{\"@id\":\"https:\/\/vosgesinfo.fr\/gerardmerinfo\/#\/schema\/logo\/image\/\"},\"sameAs\":[\"https:\/\/www.facebook.com\/profile.php?id=100049475262660\",\"https:\/\/x.com\/VosgesInfo88\",\"https:\/\/www.youtube.com\/@vosgesinfo\"]},{\"@type\":\"Person\",\"@id\":\"https:\/\/vosgesinfo.fr\/gerardmerinfo\/#\/schema\/person\/27a3695b06db98895b354c0765cdfc31\",\"name\":\"La redaction\",\"image\":{\"@type\":\"ImageObject\",\"inLanguage\":\"fr-FR\",\"@id\":\"https:\/\/vosgesinfo.fr\/gerardmerinfo\/#\/schema\/person\/image\/\",\"url\":\"https:\/\/secure.gravatar.com\/avatar\/64c76a78e501cedee55736f43f332df901e1896ae9cd8fad269ae2236dd0e8b6?s=96&d=mm&r=g\",\"contentUrl\":\"https:\/\/secure.gravatar.com\/avatar\/64c76a78e501cedee55736f43f332df901e1896ae9cd8fad269ae2236dd0e8b6?s=96&d=mm&r=g\",\"caption\":\"La redaction\"},\"url\":\"https:\/\/vosgesinfo.fr\/gerardmerinfo\/author\/la-redaction\/\"}]}<\/script>\n<!-- \/ Yoast SEO plugin. -->","yoast_head_json":{"title":"Rires & m\u00e9lodie \u00e0 la salle des f\u00eates de Granges-Aumontzey - Gerardmer Info","robots":{"index":"index","follow":"follow","max-snippet":"max-snippet:-1","max-image-preview":"max-image-preview:large","max-video-preview":"max-video-preview:-1"},"canonical":"https:\/\/vosgesinfo.fr\/gerardmerinfo\/2025\/04\/rires-melodie-a-la-salle-des-fetes-de-granges-aumontzey\/","twitter_card":"summary_large_image","twitter_title":"Rires & m\u00e9lodie \u00e0 la salle des f\u00eates de Granges-Aumontzey - Gerardmer Info","twitter_description":"Le jeudi 27 mars 2025, la salle des f\u00eates de Granges-Aumontzey a r\u00e9sonn\u00e9 de m\u00e9lodies et de rires. Co-organis\u00e9 avec [&hellip;]","twitter_image":"https:\/\/vosgesinfo.fr\/app\/uploads\/sites\/6\/2025\/04\/gouter-ccas-granges-aumontzey-3.jpg","twitter_creator":"@VosgesInfo88","twitter_site":"@VosgesInfo88","twitter_misc":{"\u00c9crit par":"La redaction","Dur\u00e9e de lecture estim\u00e9e":"1 minute"},"schema":{"@context":"https:\/\/schema.org","@graph":[{"@type":"Article","@id":"https:\/\/vosgesinfo.fr\/gerardmerinfo\/2025\/04\/rires-melodie-a-la-salle-des-fetes-de-granges-aumontzey\/#article","isPartOf":{"@id":"https:\/\/vosgesinfo.fr\/gerardmerinfo\/2025\/04\/rires-melodie-a-la-salle-des-fetes-de-granges-aumontzey\/"},"author":{"name":"La redaction","@id":"https:\/\/vosgesinfo.fr\/gerardmerinfo\/#\/schema\/person\/27a3695b06db98895b354c0765cdfc31"},"headline":"Rires &#038; m\u00e9lodie \u00e0 la salle des f\u00eates de Granges-Aumontzey","datePublished":"2025-04-11T03:55:25+00:00","dateModified":"2025-04-10T13:24:34+00:00","mainEntityOfPage":{"@id":"https:\/\/vosgesinfo.fr\/gerardmerinfo\/2025\/04\/rires-melodie-a-la-salle-des-fetes-de-granges-aumontzey\/"},"wordCount":207,"commentCount":1,"publisher":{"@id":"https:\/\/vosgesinfo.fr\/gerardmerinfo\/#organization"},"image":{"@id":"https:\/\/vosgesinfo.fr\/gerardmerinfo\/2025\/04\/rires-melodie-a-la-salle-des-fetes-de-granges-aumontzey\/#primaryimage"},"thumbnailUrl":"https:\/\/vosgesinfo.fr\/app\/uploads\/sites\/6\/2025\/04\/gouter-ccas-granges-aumontzey-3.jpg","keywords":["CCAS","Granges-Aumontzey"],"articleSection":["A la une","Culture","Gerardmer","Soci\u00e9t\u00e9","solidarit\u00e9"],"inLanguage":"fr-FR","potentialAction":[{"@type":"CommentAction","name":"Comment","target":["https:\/\/vosgesinfo.fr\/gerardmerinfo\/2025\/04\/rires-melodie-a-la-salle-des-fetes-de-granges-aumontzey\/#respond"]}]},{"@type":"WebPage","@id":"https:\/\/vosgesinfo.fr\/gerardmerinfo\/2025\/04\/rires-melodie-a-la-salle-des-fetes-de-granges-aumontzey\/","url":"https:\/\/vosgesinfo.fr\/gerardmerinfo\/2025\/04\/rires-melodie-a-la-salle-des-fetes-de-granges-aumontzey\/","name":"Rires & m\u00e9lodie \u00e0 la salle des f\u00eates de Granges-Aumontzey - Gerardmer Info","isPartOf":{"@id":"https:\/\/vosgesinfo.fr\/gerardmerinfo\/#website"},"primaryImageOfPage":{"@id":"https:\/\/vosgesinfo.fr\/gerardmerinfo\/2025\/04\/rires-melodie-a-la-salle-des-fetes-de-granges-aumontzey\/#primaryimage"},"image":{"@id":"https:\/\/vosgesinfo.fr\/gerardmerinfo\/2025\/04\/rires-melodie-a-la-salle-des-fetes-de-granges-aumontzey\/#primaryimage"},"thumbnailUrl":"https:\/\/vosgesinfo.fr\/app\/uploads\/sites\/6\/2025\/04\/gouter-ccas-granges-aumontzey-3.jpg","datePublished":"2025-04-11T03:55:25+00:00","dateModified":"2025-04-10T13:24:34+00:00","breadcrumb":{"@id":"https:\/\/vosgesinfo.fr\/gerardmerinfo\/2025\/04\/rires-melodie-a-la-salle-des-fetes-de-granges-aumontzey\/#breadcrumb"},"inLanguage":"fr-FR","potentialAction":[{"@type":"ReadAction","target":["https:\/\/vosgesinfo.fr\/gerardmerinfo\/2025\/04\/rires-melodie-a-la-salle-des-fetes-de-granges-aumontzey\/"]}]},{"@type":"ImageObject","inLanguage":"fr-FR","@id":"https:\/\/vosgesinfo.fr\/gerardmerinfo\/2025\/04\/rires-melodie-a-la-salle-des-fetes-de-granges-aumontzey\/#primaryimage","url":"https:\/\/vosgesinfo.fr\/app\/uploads\/sites\/6\/2025\/04\/gouter-ccas-granges-aumontzey-3.jpg","contentUrl":"https:\/\/vosgesinfo.fr\/app\/uploads\/sites\/6\/2025\/04\/gouter-ccas-granges-aumontzey-3.jpg","width":2500,"height":1667},{"@type":"BreadcrumbList","@id":"https:\/\/vosgesinfo.fr\/gerardmerinfo\/2025\/04\/rires-melodie-a-la-salle-des-fetes-de-granges-aumontzey\/#breadcrumb","itemListElement":[{"@type":"ListItem","position":1,"name":"Home","item":"https:\/\/vosgesinfo.fr\/gerardmerinfo\/"},{"@type":"ListItem","position":2,"name":"Rires &#038; m\u00e9lodie \u00e0 la salle des f\u00eates de Granges-Aumontzey"}]},{"@type":"WebSite","@id":"https:\/\/vosgesinfo.fr\/gerardmerinfo\/#website","url":"https:\/\/vosgesinfo.fr\/gerardmerinfo\/","name":"Gerardmer Info","description":"Toute l&#039;actualit\u00e9 de G\u00e9rardmer","publisher":{"@id":"https:\/\/vosgesinfo.fr\/gerardmerinfo\/#organization"},"alternateName":"Toute l'actualit\u00e9 de G\u00e9rardmer","potentialAction":[{"@type":"SearchAction","target":{"@type":"EntryPoint","urlTemplate":"https:\/\/vosgesinfo.fr\/gerardmerinfo\/?s={search_term_string}"},"query-input":"required name=search_term_string"}],"inLanguage":"fr-FR"},{"@type":"Organization","@id":"https:\/\/vosgesinfo.fr\/gerardmerinfo\/#organization","name":"Gerardmer Info","url":"https:\/\/vosgesinfo.fr\/gerardmerinfo\/","logo":{"@type":"ImageObject","inLanguage":"fr-FR","@id":"https:\/\/vosgesinfo.fr\/gerardmerinfo\/#\/schema\/logo\/image\/","url":"https:\/\/vosgesinfo.fr\/app\/uploads\/sites\/6\/2023\/08\/favicon-gerardmerinfo.png","contentUrl":"https:\/\/vosgesinfo.fr\/app\/uploads\/sites\/6\/2023\/08\/favicon-gerardmerinfo.png","width":512,"height":512,"caption":"Gerardmer Info"},"image":{"@id":"https:\/\/vosgesinfo.fr\/gerardmerinfo\/#\/schema\/logo\/image\/"},"sameAs":["https:\/\/www.facebook.com\/profile.php?id=100049475262660","https:\/\/x.com\/VosgesInfo88","https:\/\/www.youtube.com\/@vosgesinfo"]},{"@type":"Person","@id":"https:\/\/vosgesinfo.fr\/gerardmerinfo\/#\/schema\/person\/27a3695b06db98895b354c0765cdfc31","name":"La redaction","image":{"@type":"ImageObject","inLanguage":"fr-FR","@id":"https:\/\/vosgesinfo.fr\/gerardmerinfo\/#\/schema\/person\/image\/","url":"https:\/\/secure.gravatar.com\/avatar\/64c76a78e501cedee55736f43f332df901e1896ae9cd8fad269ae2236dd0e8b6?s=96&d=mm&r=g","contentUrl":"https:\/\/secure.gravatar.com\/avatar\/64c76a78e501cedee55736f43f332df901e1896ae9cd8fad269ae2236dd0e8b6?s=96&d=mm&r=g","caption":"La redaction"},"url":"https:\/\/vosgesinfo.fr\/gerardmerinfo\/author\/la-redaction\/"}]}},"_links":{"self":[{"href":"https:\/\/vosgesinfo.fr\/gerardmerinfo\/wp-json\/wp\/v2\/posts\/76703","targetHints":{"allow":["GET"]}}],"collection":[{"href":"https:\/\/vosgesinfo.fr\/gerardmerinfo\/wp-json\/wp\/v2\/posts"}],"about":[{"href":"https:\/\/vosgesinfo.fr\/gerardmerinfo\/wp-json\/wp\/v2\/types\/post"}],"author":[{"embeddable":true,"href":"https:\/\/vosgesinfo.fr\/gerardmerinfo\/wp-json\/wp\/v2\/users\/391"}],"replies":[{"embeddable":true,"href":"https:\/\/vosgesinfo.fr\/gerardmerinfo\/wp-json\/wp\/v2\/comments?post=76703"}],"version-history":[{"count":1,"href":"https:\/\/vosgesinfo.fr\/gerardmerinfo\/wp-json\/wp\/v2\/posts\/76703\/revisions"}],"predecessor-version":[{"id":76708,"href":"https:\/\/vosgesinfo.fr\/gerardmerinfo\/wp-json\/wp\/v2\/posts\/76703\/revisions\/76708"}],"wp:featuredmedia":[{"embeddable":true,"href":"https:\/\/vosgesinfo.fr\/gerardmerinfo\/wp-json\/wp\/v2\/media\/76706"}],"wp:attachment":[{"href":"https:\/\/vosgesinfo.fr\/gerardmerinfo\/wp-json\/wp\/v2\/media?parent=76703"}],"wp:term":[{"taxonomy":"category","embeddable":true,"href":"https:\/\/vosgesinfo.fr\/gerardmerinfo\/wp-json\/wp\/v2\/categories?post=76703"},{"taxonomy":"post_tag","embeddable":true,"href":"https:\/\/vosgesinfo.fr\/gerardmerinfo\/wp-json\/wp\/v2\/tags?post=76703"}],"curies":[{"name":"wp","href":"https:\/\/api.w.org\/{rel}","templated":true}]}}