{"id":76719,"date":"2025-04-12T06:01:21","date_gmt":"2025-04-12T04:01:21","guid":{"rendered":"https:\/\/vosgesinfo.fr\/gerardmerinfo\/?p=76719"},"modified":"2025-04-10T16:26:17","modified_gmt":"2025-04-10T14:26:17","slug":"la-poste-collecte-les-anciennes-paires-de-lunettes-dans-le-cadre-dun-partenariat-avec-les-lunettes-de-zac","status":"publish","type":"post","link":"https:\/\/vosgesinfo.fr\/gerardmerinfo\/2025\/04\/la-poste-collecte-les-anciennes-paires-de-lunettes-dans-le-cadre-dun-partenariat-avec-les-lunettes-de-zac\/","title":{"rendered":"La Poste collecte les anciennes paires de lunettes dans le cadre d&rsquo;un partenariat avec les Lunettes de Zac"},"content":{"rendered":"<div id=\"attachment_76720\" style=\"width: 1034px\" class=\"wp-caption aligncenter\"><a href=\"https:\/\/vosgesinfo.fr\/app\/uploads\/sites\/6\/2025\/04\/photo-gerardmer-lunettes-de-zac-11-scaled.jpg\"><img decoding=\"async\" aria-describedby=\"caption-attachment-76720\" class=\"wp-image-76720 size-large\" src=\"https:\/\/vosgesinfo.fr\/app\/uploads\/sites\/6\/2025\/04\/photo-gerardmer-lunettes-de-zac-11-1024x768.jpg\" alt=\"\" width=\"1024\" height=\"768\" srcset=\"https:\/\/vosgesinfo.fr\/app\/uploads\/sites\/6\/2025\/04\/photo-gerardmer-lunettes-de-zac-11-1024x768.jpg 1024w, https:\/\/vosgesinfo.fr\/app\/uploads\/sites\/6\/2025\/04\/photo-gerardmer-lunettes-de-zac-11-300x225.jpg 300w, https:\/\/vosgesinfo.fr\/app\/uploads\/sites\/6\/2025\/04\/photo-gerardmer-lunettes-de-zac-11-768x576.jpg 768w, https:\/\/vosgesinfo.fr\/app\/uploads\/sites\/6\/2025\/04\/photo-gerardmer-lunettes-de-zac-11-1536x1152.jpg 1536w, https:\/\/vosgesinfo.fr\/app\/uploads\/sites\/6\/2025\/04\/photo-gerardmer-lunettes-de-zac-11-2048x1536.jpg 2048w\" sizes=\"(max-width: 1024px) 100vw, 1024px\" \/><\/a><p id=\"caption-attachment-76720\" class=\"wp-caption-text\">\u00c9CONOMIE CIRCULAIRE &#8211; La Poste s\u2019associe \u00e0 Lunettes de Zac pour encourager une consommation plus responsable. Vous avez un an pour d\u00e9poser vos anciennes lunettes dans les bureaux de poste de G\u00e9rardmer et La Bresse.<\/p><\/div>\n<p>&nbsp;<\/p>\n<p>La Poste s\u2019engage aux c\u00f4t\u00e9s de Lunettes de Zac, une entreprise lilloise sp\u00e9cialis\u00e9e dans le reconditionnement de lunettes inutilis\u00e9es, dans le cadre d\u2019une exp\u00e9rimentation d&rsquo;une dur\u00e9e de un an men\u00e9e dans une centaine de bureaux de poste, dont celui de G\u00e9rardmer et La Bresse. Ce partenariat a pour objectif de collecter d\u2019anciennes lunettes aupr\u00e8s des particuliers et de commercialiser au sein des bureaux de poste des mod\u00e8les de lunettes reconditionn\u00e9es. Cette initiative en faveur de l\u2019\u00e9conomie circulaire vise \u00e0 promouvoir une consommation plus durable dans l\u2019univers de l\u2019optique, en lien avec le statut d\u2019entreprise \u00e0 mission du groupe La Poste.<br \/>\n100 millions de paires de lunettes dorment au fonds des tiroirs des Fran\u00e7ais. Consciente des enjeux li\u00e9s \u00e0 l\u2019\u00e9rosion des ressources, La Poste m\u00e8ne une politique d\u2019\u00e9conomie circulaire visant la gestion raisonn\u00e9e des ressources, dans le cadre des limites plan\u00e9taires. Elle d\u00e9veloppe dans ce cadre, des offres et services pour accompagner les entreprises, les collectivit\u00e9s et les particuliers dans la transition d\u2019une \u00e9conomie lin\u00e9aire vers une \u00e9conomie circulaire, et notamment dans les domaines de l\u2019achat d\u2019occasion, du reconditionnement, du r\u00e9emploi et de la r\u00e9paration.<br \/>\nR\u00e9alis\u00e9e en partenariat avec Lunettes de Zac, opticien \u00e9co-responsable, cette exp\u00e9rimentation d\u2019une dur\u00e9e d\u2019un an valorise des lunettes reconditionn\u00e9es, permettant de prolonger leur dur\u00e9e de vie, r\u00e9duisant ainsi l\u2019utilisation de ressources et la pollution des sols et de l\u2019air li\u00e9e \u00e0 la fabrication de nouvelles montures. Elle a d\u00e9but\u00e9 le 10 f\u00e9vrier dans le bureau de poste de G\u00e9rardmer ainsi que dans une centaine de bureaux r\u00e9partis sur tout le territoire. Deux bureaux sont concern\u00e9s dans la r\u00e9gion Grand Est, G\u00e9rardmer et La Bresse.<\/p>\n<p><strong>Une exp\u00e9rimentation en bureaux de poste<\/strong><br \/>\nLa collecte des lunettes : Gr\u00e2ce \u00e0 une bo\u00eete de collecte en carton r\u00e9utilisable install\u00e9e dans le bureau de poste de G\u00e9rardmer, les clients auront la possibilit\u00e9 de d\u00e9poser leurs lunettes inutilis\u00e9es (tous types de lunettes : lunettes de vue ou lunettes de soleil, adulte ou enfant). Une fois collect\u00e9es, elles seront r\u00e9cup\u00e9r\u00e9es, tri\u00e9es, examin\u00e9es, d\u00e9mont\u00e9es, nettoy\u00e9es, polies et remont\u00e9es dans les ateliers de l\u2019entreprise Vitamine T, partenaire de Lunettes de Zac, par des personnes en r\u00e9insertion professionnelle.<br \/>\nLes lunettes reconditionn\u00e9es : Dans le m\u00eame espace, les clients pourront d\u00e9couvrir les mod\u00e8les de lunettes reconditionn\u00e9es. Les lunettes reconditionn\u00e9es sont \u00e9quip\u00e9es de verres neufs et de montures reconditionn\u00e9es. Ils pourront opter pour des lunettes loupes vendues au prix de 29 euros ou des lunettes de soleil disponibles \u00e0 45 euros. Un miroir sera mis \u00e0 leur disposition sur le pr\u00e9sentoir pour les aider \u00e0 se d\u00e9cider. Ces lunettes, sans correction, sont disponibles \u00e0 l\u2019achat librement. Les verres loupes sont de cat\u00e9gorie +1 et +2, et les verres solaires sont de cat\u00e9gorie 3.<\/p>\n<p><strong>Des valeurs communes entre Lunettes de Zac et le groupe La Poste<\/strong><br \/>\nEntreprise lilloise fond\u00e9e en 2019, Lunettes de Zac s&rsquo;est donn\u00e9e pour mission de reconditionner les lunettes inutilis\u00e9es, pour leur donner une seconde vie. En plus de favoriser l\u2019\u00e9conomie circulaire dans le secteur de l\u2019optique, en luttant contre le gaspillage et en favorisant le r\u00e9emploi, l\u2019entreprise valorise \u00e9galement l\u2019insertion sociale en collaborant avec une structure employant des personnes en r\u00e9insertion professionnelle, Vitamine T.<br \/>\nLes mod\u00e8les r\u00e9cup\u00e9r\u00e9s sont reconditionn\u00e9s dans les ateliers de l\u2019entreprise Vitamine T bas\u00e9e \u00e0 Lesquin, puis remis en vente dans les deux boutiques de Lunettes de Zac \u00e0 Lille et Amiens, chez 250 opticiens partenaires et d\u00e9sormais dans les 103 bureaux de poste concern\u00e9s par l\u2019exp\u00e9rimentation.<br \/>\nDe son c\u00f4t\u00e9, La Poste, en tant qu&rsquo;entreprise \u00e0 mission, s&rsquo;est fix\u00e9e des objectifs sociaux et environnementaux ambitieux, int\u00e9gr\u00e9s dans ses statuts et suivis par un comit\u00e9 de mission. L\u2019\u00e9conomie circulaire fait partie int\u00e9grante de ces objectifs, car elle vise \u00e0 r\u00e9duire l\u2019impact environnemental de l\u2019entreprise en optimisant l\u2019utilisation des ressources et en minimisant les d\u00e9chets.<br \/>\n<strong>Quelques chiffres\u00a0:<\/strong><br \/>\n\uf0b7 20 minutes : c\u2019est le temps de travail pour reconditionner une monture de lunettes.<br \/>\n\uf0b7 20 grammes\u00a0: c\u2019est le poids de d\u00e9chet \u00e9vit\u00e9 pour chaque lunette collect\u00e9e.<br \/>\n\uf0b7 En 2024, plus de 300 000 montures ont \u00e9t\u00e9 collect\u00e9es, et 6 tonnes de m\u00e9tal et de plastique ont \u00e9t\u00e9 revaloris\u00e9es au lieu de finir \u00e0 la poubelle.<\/p>\n","protected":false},"excerpt":{"rendered":"<p>&nbsp; La Poste s\u2019engage aux c\u00f4t\u00e9s de Lunettes de Zac, une entreprise lilloise sp\u00e9cialis\u00e9e dans le reconditionnement de lunettes inutilis\u00e9es, [&hellip;]<\/p>\n","protected":false},"author":391,"featured_media":76720,"comment_status":"open","ping_status":"open","sticky":false,"template":"","format":"standard","meta":{"footnotes":""},"categories":[20,5647,25,5676,868,26],"tags":[3473,7119],"class_list":["post-76719","post","type-post","status-publish","format-standard","has-post-thumbnail","hentry","category-a-la-une","category-gerardmer-autres-sites","category-gerardmer","category-la-bresse","category-remiremont","category-solidarite","tag-la-poste","tag-zac"],"acf":[],"yoast_head":"<!-- This site is optimized with the Yoast SEO plugin v22.5 - https:\/\/yoast.com\/wordpress\/plugins\/seo\/ -->\n<title>La Poste collecte les anciennes paires de lunettes dans le cadre d&#039;un partenariat avec les Lunettes de Zac - Gerardmer Info<\/title>\n<meta name=\"robots\" content=\"index, follow, max-snippet:-1, max-image-preview:large, max-video-preview:-1\" \/>\n<link rel=\"canonical\" href=\"https:\/\/vosgesinfo.fr\/gerardmerinfo\/2025\/04\/la-poste-collecte-les-anciennes-paires-de-lunettes-dans-le-cadre-dun-partenariat-avec-les-lunettes-de-zac\/\" \/>\n<meta name=\"twitter:card\" content=\"summary_large_image\" \/>\n<meta name=\"twitter:title\" content=\"La Poste collecte les anciennes paires de lunettes dans le cadre d&#039;un partenariat avec les Lunettes de Zac - Gerardmer Info\" \/>\n<meta name=\"twitter:description\" content=\"&nbsp; La Poste s\u2019engage aux c\u00f4t\u00e9s de Lunettes de Zac, une entreprise lilloise sp\u00e9cialis\u00e9e dans le reconditionnement de lunettes inutilis\u00e9es, [&hellip;]\" \/>\n<meta name=\"twitter:image\" content=\"https:\/\/vosgesinfo.fr\/app\/uploads\/sites\/6\/2025\/04\/photo-gerardmer-lunettes-de-zac-11-scaled.jpg\" \/>\n<meta name=\"twitter:creator\" content=\"@VosgesInfo88\" \/>\n<meta name=\"twitter:site\" content=\"@VosgesInfo88\" \/>\n<meta name=\"twitter:label1\" content=\"\u00c9crit par\" \/>\n\t<meta name=\"twitter:data1\" content=\"La redaction\" \/>\n\t<meta name=\"twitter:label2\" content=\"Dur\u00e9e de lecture estim\u00e9e\" \/>\n\t<meta name=\"twitter:data2\" content=\"5 minutes\" \/>\n<script type=\"application\/ld+json\" class=\"yoast-schema-graph\">{\"@context\":\"https:\/\/schema.org\",\"@graph\":[{\"@type\":\"Article\",\"@id\":\"https:\/\/vosgesinfo.fr\/gerardmerinfo\/2025\/04\/la-poste-collecte-les-anciennes-paires-de-lunettes-dans-le-cadre-dun-partenariat-avec-les-lunettes-de-zac\/#article\",\"isPartOf\":{\"@id\":\"https:\/\/vosgesinfo.fr\/gerardmerinfo\/2025\/04\/la-poste-collecte-les-anciennes-paires-de-lunettes-dans-le-cadre-dun-partenariat-avec-les-lunettes-de-zac\/\"},\"author\":{\"name\":\"La redaction\",\"@id\":\"https:\/\/vosgesinfo.fr\/gerardmerinfo\/#\/schema\/person\/27a3695b06db98895b354c0765cdfc31\"},\"headline\":\"La Poste collecte les anciennes paires de lunettes dans le cadre d&rsquo;un partenariat avec les Lunettes de Zac\",\"datePublished\":\"2025-04-12T04:01:21+00:00\",\"dateModified\":\"2025-04-10T14:26:17+00:00\",\"mainEntityOfPage\":{\"@id\":\"https:\/\/vosgesinfo.fr\/gerardmerinfo\/2025\/04\/la-poste-collecte-les-anciennes-paires-de-lunettes-dans-le-cadre-dun-partenariat-avec-les-lunettes-de-zac\/\"},\"wordCount\":835,\"commentCount\":0,\"publisher\":{\"@id\":\"https:\/\/vosgesinfo.fr\/gerardmerinfo\/#organization\"},\"image\":{\"@id\":\"https:\/\/vosgesinfo.fr\/gerardmerinfo\/2025\/04\/la-poste-collecte-les-anciennes-paires-de-lunettes-dans-le-cadre-dun-partenariat-avec-les-lunettes-de-zac\/#primaryimage\"},\"thumbnailUrl\":\"https:\/\/vosgesinfo.fr\/app\/uploads\/sites\/6\/2025\/04\/photo-gerardmer-lunettes-de-zac-11-scaled.jpg\",\"keywords\":[\"La poste\",\"Zac\"],\"articleSection\":[\"A la une\",\"Gerardmer\",\"G\u00e9rardmer\",\"La Bresse\",\"Remiremont\",\"solidarit\u00e9\"],\"inLanguage\":\"fr-FR\",\"potentialAction\":[{\"@type\":\"CommentAction\",\"name\":\"Comment\",\"target\":[\"https:\/\/vosgesinfo.fr\/gerardmerinfo\/2025\/04\/la-poste-collecte-les-anciennes-paires-de-lunettes-dans-le-cadre-dun-partenariat-avec-les-lunettes-de-zac\/#respond\"]}]},{\"@type\":\"WebPage\",\"@id\":\"https:\/\/vosgesinfo.fr\/gerardmerinfo\/2025\/04\/la-poste-collecte-les-anciennes-paires-de-lunettes-dans-le-cadre-dun-partenariat-avec-les-lunettes-de-zac\/\",\"url\":\"https:\/\/vosgesinfo.fr\/gerardmerinfo\/2025\/04\/la-poste-collecte-les-anciennes-paires-de-lunettes-dans-le-cadre-dun-partenariat-avec-les-lunettes-de-zac\/\",\"name\":\"La Poste collecte les anciennes paires de lunettes dans le cadre d'un partenariat avec les Lunettes de Zac - Gerardmer Info\",\"isPartOf\":{\"@id\":\"https:\/\/vosgesinfo.fr\/gerardmerinfo\/#website\"},\"primaryImageOfPage\":{\"@id\":\"https:\/\/vosgesinfo.fr\/gerardmerinfo\/2025\/04\/la-poste-collecte-les-anciennes-paires-de-lunettes-dans-le-cadre-dun-partenariat-avec-les-lunettes-de-zac\/#primaryimage\"},\"image\":{\"@id\":\"https:\/\/vosgesinfo.fr\/gerardmerinfo\/2025\/04\/la-poste-collecte-les-anciennes-paires-de-lunettes-dans-le-cadre-dun-partenariat-avec-les-lunettes-de-zac\/#primaryimage\"},\"thumbnailUrl\":\"https:\/\/vosgesinfo.fr\/app\/uploads\/sites\/6\/2025\/04\/photo-gerardmer-lunettes-de-zac-11-scaled.jpg\",\"datePublished\":\"2025-04-12T04:01:21+00:00\",\"dateModified\":\"2025-04-10T14:26:17+00:00\",\"breadcrumb\":{\"@id\":\"https:\/\/vosgesinfo.fr\/gerardmerinfo\/2025\/04\/la-poste-collecte-les-anciennes-paires-de-lunettes-dans-le-cadre-dun-partenariat-avec-les-lunettes-de-zac\/#breadcrumb\"},\"inLanguage\":\"fr-FR\",\"potentialAction\":[{\"@type\":\"ReadAction\",\"target\":[\"https:\/\/vosgesinfo.fr\/gerardmerinfo\/2025\/04\/la-poste-collecte-les-anciennes-paires-de-lunettes-dans-le-cadre-dun-partenariat-avec-les-lunettes-de-zac\/\"]}]},{\"@type\":\"ImageObject\",\"inLanguage\":\"fr-FR\",\"@id\":\"https:\/\/vosgesinfo.fr\/gerardmerinfo\/2025\/04\/la-poste-collecte-les-anciennes-paires-de-lunettes-dans-le-cadre-dun-partenariat-avec-les-lunettes-de-zac\/#primaryimage\",\"url\":\"https:\/\/vosgesinfo.fr\/app\/uploads\/sites\/6\/2025\/04\/photo-gerardmer-lunettes-de-zac-11-scaled.jpg\",\"contentUrl\":\"https:\/\/vosgesinfo.fr\/app\/uploads\/sites\/6\/2025\/04\/photo-gerardmer-lunettes-de-zac-11-scaled.jpg\",\"width\":2560,\"height\":1920},{\"@type\":\"BreadcrumbList\",\"@id\":\"https:\/\/vosgesinfo.fr\/gerardmerinfo\/2025\/04\/la-poste-collecte-les-anciennes-paires-de-lunettes-dans-le-cadre-dun-partenariat-avec-les-lunettes-de-zac\/#breadcrumb\",\"itemListElement\":[{\"@type\":\"ListItem\",\"position\":1,\"name\":\"Home\",\"item\":\"https:\/\/vosgesinfo.fr\/gerardmerinfo\/\"},{\"@type\":\"ListItem\",\"position\":2,\"name\":\"La Poste collecte les anciennes paires de lunettes dans le cadre d&rsquo;un partenariat avec les Lunettes de Zac\"}]},{\"@type\":\"WebSite\",\"@id\":\"https:\/\/vosgesinfo.fr\/gerardmerinfo\/#website\",\"url\":\"https:\/\/vosgesinfo.fr\/gerardmerinfo\/\",\"name\":\"Gerardmer Info\",\"description\":\"Toute l&#039;actualit\u00e9 de G\u00e9rardmer\",\"publisher\":{\"@id\":\"https:\/\/vosgesinfo.fr\/gerardmerinfo\/#organization\"},\"alternateName\":\"Toute l'actualit\u00e9 de G\u00e9rardmer\",\"potentialAction\":[{\"@type\":\"SearchAction\",\"target\":{\"@type\":\"EntryPoint\",\"urlTemplate\":\"https:\/\/vosgesinfo.fr\/gerardmerinfo\/?s={search_term_string}\"},\"query-input\":\"required name=search_term_string\"}],\"inLanguage\":\"fr-FR\"},{\"@type\":\"Organization\",\"@id\":\"https:\/\/vosgesinfo.fr\/gerardmerinfo\/#organization\",\"name\":\"Gerardmer Info\",\"url\":\"https:\/\/vosgesinfo.fr\/gerardmerinfo\/\",\"logo\":{\"@type\":\"ImageObject\",\"inLanguage\":\"fr-FR\",\"@id\":\"https:\/\/vosgesinfo.fr\/gerardmerinfo\/#\/schema\/logo\/image\/\",\"url\":\"https:\/\/vosgesinfo.fr\/app\/uploads\/sites\/6\/2023\/08\/favicon-gerardmerinfo.png\",\"contentUrl\":\"https:\/\/vosgesinfo.fr\/app\/uploads\/sites\/6\/2023\/08\/favicon-gerardmerinfo.png\",\"width\":512,\"height\":512,\"caption\":\"Gerardmer Info\"},\"image\":{\"@id\":\"https:\/\/vosgesinfo.fr\/gerardmerinfo\/#\/schema\/logo\/image\/\"},\"sameAs\":[\"https:\/\/www.facebook.com\/profile.php?id=100049475262660\",\"https:\/\/x.com\/VosgesInfo88\",\"https:\/\/www.youtube.com\/@vosgesinfo\"]},{\"@type\":\"Person\",\"@id\":\"https:\/\/vosgesinfo.fr\/gerardmerinfo\/#\/schema\/person\/27a3695b06db98895b354c0765cdfc31\",\"name\":\"La redaction\",\"image\":{\"@type\":\"ImageObject\",\"inLanguage\":\"fr-FR\",\"@id\":\"https:\/\/vosgesinfo.fr\/gerardmerinfo\/#\/schema\/person\/image\/\",\"url\":\"https:\/\/secure.gravatar.com\/avatar\/64c76a78e501cedee55736f43f332df901e1896ae9cd8fad269ae2236dd0e8b6?s=96&d=mm&r=g\",\"contentUrl\":\"https:\/\/secure.gravatar.com\/avatar\/64c76a78e501cedee55736f43f332df901e1896ae9cd8fad269ae2236dd0e8b6?s=96&d=mm&r=g\",\"caption\":\"La redaction\"},\"url\":\"https:\/\/vosgesinfo.fr\/gerardmerinfo\/author\/la-redaction\/\"}]}<\/script>\n<!-- \/ Yoast SEO plugin. -->","yoast_head_json":{"title":"La Poste collecte les anciennes paires de lunettes dans le cadre d'un partenariat avec les Lunettes de Zac - Gerardmer Info","robots":{"index":"index","follow":"follow","max-snippet":"max-snippet:-1","max-image-preview":"max-image-preview:large","max-video-preview":"max-video-preview:-1"},"canonical":"https:\/\/vosgesinfo.fr\/gerardmerinfo\/2025\/04\/la-poste-collecte-les-anciennes-paires-de-lunettes-dans-le-cadre-dun-partenariat-avec-les-lunettes-de-zac\/","twitter_card":"summary_large_image","twitter_title":"La Poste collecte les anciennes paires de lunettes dans le cadre d'un partenariat avec les Lunettes de Zac - Gerardmer Info","twitter_description":"&nbsp; La Poste s\u2019engage aux c\u00f4t\u00e9s de Lunettes de Zac, une entreprise lilloise sp\u00e9cialis\u00e9e dans le reconditionnement de lunettes inutilis\u00e9es, [&hellip;]","twitter_image":"https:\/\/vosgesinfo.fr\/app\/uploads\/sites\/6\/2025\/04\/photo-gerardmer-lunettes-de-zac-11-scaled.jpg","twitter_creator":"@VosgesInfo88","twitter_site":"@VosgesInfo88","twitter_misc":{"\u00c9crit par":"La redaction","Dur\u00e9e de lecture estim\u00e9e":"5 minutes"},"schema":{"@context":"https:\/\/schema.org","@graph":[{"@type":"Article","@id":"https:\/\/vosgesinfo.fr\/gerardmerinfo\/2025\/04\/la-poste-collecte-les-anciennes-paires-de-lunettes-dans-le-cadre-dun-partenariat-avec-les-lunettes-de-zac\/#article","isPartOf":{"@id":"https:\/\/vosgesinfo.fr\/gerardmerinfo\/2025\/04\/la-poste-collecte-les-anciennes-paires-de-lunettes-dans-le-cadre-dun-partenariat-avec-les-lunettes-de-zac\/"},"author":{"name":"La redaction","@id":"https:\/\/vosgesinfo.fr\/gerardmerinfo\/#\/schema\/person\/27a3695b06db98895b354c0765cdfc31"},"headline":"La Poste collecte les anciennes paires de lunettes dans le cadre d&rsquo;un partenariat avec les Lunettes de Zac","datePublished":"2025-04-12T04:01:21+00:00","dateModified":"2025-04-10T14:26:17+00:00","mainEntityOfPage":{"@id":"https:\/\/vosgesinfo.fr\/gerardmerinfo\/2025\/04\/la-poste-collecte-les-anciennes-paires-de-lunettes-dans-le-cadre-dun-partenariat-avec-les-lunettes-de-zac\/"},"wordCount":835,"commentCount":0,"publisher":{"@id":"https:\/\/vosgesinfo.fr\/gerardmerinfo\/#organization"},"image":{"@id":"https:\/\/vosgesinfo.fr\/gerardmerinfo\/2025\/04\/la-poste-collecte-les-anciennes-paires-de-lunettes-dans-le-cadre-dun-partenariat-avec-les-lunettes-de-zac\/#primaryimage"},"thumbnailUrl":"https:\/\/vosgesinfo.fr\/app\/uploads\/sites\/6\/2025\/04\/photo-gerardmer-lunettes-de-zac-11-scaled.jpg","keywords":["La poste","Zac"],"articleSection":["A la une","Gerardmer","G\u00e9rardmer","La Bresse","Remiremont","solidarit\u00e9"],"inLanguage":"fr-FR","potentialAction":[{"@type":"CommentAction","name":"Comment","target":["https:\/\/vosgesinfo.fr\/gerardmerinfo\/2025\/04\/la-poste-collecte-les-anciennes-paires-de-lunettes-dans-le-cadre-dun-partenariat-avec-les-lunettes-de-zac\/#respond"]}]},{"@type":"WebPage","@id":"https:\/\/vosgesinfo.fr\/gerardmerinfo\/2025\/04\/la-poste-collecte-les-anciennes-paires-de-lunettes-dans-le-cadre-dun-partenariat-avec-les-lunettes-de-zac\/","url":"https:\/\/vosgesinfo.fr\/gerardmerinfo\/2025\/04\/la-poste-collecte-les-anciennes-paires-de-lunettes-dans-le-cadre-dun-partenariat-avec-les-lunettes-de-zac\/","name":"La Poste collecte les anciennes paires de lunettes dans le cadre d'un partenariat avec les Lunettes de Zac - Gerardmer Info","isPartOf":{"@id":"https:\/\/vosgesinfo.fr\/gerardmerinfo\/#website"},"primaryImageOfPage":{"@id":"https:\/\/vosgesinfo.fr\/gerardmerinfo\/2025\/04\/la-poste-collecte-les-anciennes-paires-de-lunettes-dans-le-cadre-dun-partenariat-avec-les-lunettes-de-zac\/#primaryimage"},"image":{"@id":"https:\/\/vosgesinfo.fr\/gerardmerinfo\/2025\/04\/la-poste-collecte-les-anciennes-paires-de-lunettes-dans-le-cadre-dun-partenariat-avec-les-lunettes-de-zac\/#primaryimage"},"thumbnailUrl":"https:\/\/vosgesinfo.fr\/app\/uploads\/sites\/6\/2025\/04\/photo-gerardmer-lunettes-de-zac-11-scaled.jpg","datePublished":"2025-04-12T04:01:21+00:00","dateModified":"2025-04-10T14:26:17+00:00","breadcrumb":{"@id":"https:\/\/vosgesinfo.fr\/gerardmerinfo\/2025\/04\/la-poste-collecte-les-anciennes-paires-de-lunettes-dans-le-cadre-dun-partenariat-avec-les-lunettes-de-zac\/#breadcrumb"},"inLanguage":"fr-FR","potentialAction":[{"@type":"ReadAction","target":["https:\/\/vosgesinfo.fr\/gerardmerinfo\/2025\/04\/la-poste-collecte-les-anciennes-paires-de-lunettes-dans-le-cadre-dun-partenariat-avec-les-lunettes-de-zac\/"]}]},{"@type":"ImageObject","inLanguage":"fr-FR","@id":"https:\/\/vosgesinfo.fr\/gerardmerinfo\/2025\/04\/la-poste-collecte-les-anciennes-paires-de-lunettes-dans-le-cadre-dun-partenariat-avec-les-lunettes-de-zac\/#primaryimage","url":"https:\/\/vosgesinfo.fr\/app\/uploads\/sites\/6\/2025\/04\/photo-gerardmer-lunettes-de-zac-11-scaled.jpg","contentUrl":"https:\/\/vosgesinfo.fr\/app\/uploads\/sites\/6\/2025\/04\/photo-gerardmer-lunettes-de-zac-11-scaled.jpg","width":2560,"height":1920},{"@type":"BreadcrumbList","@id":"https:\/\/vosgesinfo.fr\/gerardmerinfo\/2025\/04\/la-poste-collecte-les-anciennes-paires-de-lunettes-dans-le-cadre-dun-partenariat-avec-les-lunettes-de-zac\/#breadcrumb","itemListElement":[{"@type":"ListItem","position":1,"name":"Home","item":"https:\/\/vosgesinfo.fr\/gerardmerinfo\/"},{"@type":"ListItem","position":2,"name":"La Poste collecte les anciennes paires de lunettes dans le cadre d&rsquo;un partenariat avec les Lunettes de Zac"}]},{"@type":"WebSite","@id":"https:\/\/vosgesinfo.fr\/gerardmerinfo\/#website","url":"https:\/\/vosgesinfo.fr\/gerardmerinfo\/","name":"Gerardmer Info","description":"Toute l&#039;actualit\u00e9 de G\u00e9rardmer","publisher":{"@id":"https:\/\/vosgesinfo.fr\/gerardmerinfo\/#organization"},"alternateName":"Toute l'actualit\u00e9 de G\u00e9rardmer","potentialAction":[{"@type":"SearchAction","target":{"@type":"EntryPoint","urlTemplate":"https:\/\/vosgesinfo.fr\/gerardmerinfo\/?s={search_term_string}"},"query-input":"required name=search_term_string"}],"inLanguage":"fr-FR"},{"@type":"Organization","@id":"https:\/\/vosgesinfo.fr\/gerardmerinfo\/#organization","name":"Gerardmer Info","url":"https:\/\/vosgesinfo.fr\/gerardmerinfo\/","logo":{"@type":"ImageObject","inLanguage":"fr-FR","@id":"https:\/\/vosgesinfo.fr\/gerardmerinfo\/#\/schema\/logo\/image\/","url":"https:\/\/vosgesinfo.fr\/app\/uploads\/sites\/6\/2023\/08\/favicon-gerardmerinfo.png","contentUrl":"https:\/\/vosgesinfo.fr\/app\/uploads\/sites\/6\/2023\/08\/favicon-gerardmerinfo.png","width":512,"height":512,"caption":"Gerardmer Info"},"image":{"@id":"https:\/\/vosgesinfo.fr\/gerardmerinfo\/#\/schema\/logo\/image\/"},"sameAs":["https:\/\/www.facebook.com\/profile.php?id=100049475262660","https:\/\/x.com\/VosgesInfo88","https:\/\/www.youtube.com\/@vosgesinfo"]},{"@type":"Person","@id":"https:\/\/vosgesinfo.fr\/gerardmerinfo\/#\/schema\/person\/27a3695b06db98895b354c0765cdfc31","name":"La redaction","image":{"@type":"ImageObject","inLanguage":"fr-FR","@id":"https:\/\/vosgesinfo.fr\/gerardmerinfo\/#\/schema\/person\/image\/","url":"https:\/\/secure.gravatar.com\/avatar\/64c76a78e501cedee55736f43f332df901e1896ae9cd8fad269ae2236dd0e8b6?s=96&d=mm&r=g","contentUrl":"https:\/\/secure.gravatar.com\/avatar\/64c76a78e501cedee55736f43f332df901e1896ae9cd8fad269ae2236dd0e8b6?s=96&d=mm&r=g","caption":"La redaction"},"url":"https:\/\/vosgesinfo.fr\/gerardmerinfo\/author\/la-redaction\/"}]}},"_links":{"self":[{"href":"https:\/\/vosgesinfo.fr\/gerardmerinfo\/wp-json\/wp\/v2\/posts\/76719","targetHints":{"allow":["GET"]}}],"collection":[{"href":"https:\/\/vosgesinfo.fr\/gerardmerinfo\/wp-json\/wp\/v2\/posts"}],"about":[{"href":"https:\/\/vosgesinfo.fr\/gerardmerinfo\/wp-json\/wp\/v2\/types\/post"}],"author":[{"embeddable":true,"href":"https:\/\/vosgesinfo.fr\/gerardmerinfo\/wp-json\/wp\/v2\/users\/391"}],"replies":[{"embeddable":true,"href":"https:\/\/vosgesinfo.fr\/gerardmerinfo\/wp-json\/wp\/v2\/comments?post=76719"}],"version-history":[{"count":3,"href":"https:\/\/vosgesinfo.fr\/gerardmerinfo\/wp-json\/wp\/v2\/posts\/76719\/revisions"}],"predecessor-version":[{"id":76723,"href":"https:\/\/vosgesinfo.fr\/gerardmerinfo\/wp-json\/wp\/v2\/posts\/76719\/revisions\/76723"}],"wp:featuredmedia":[{"embeddable":true,"href":"https:\/\/vosgesinfo.fr\/gerardmerinfo\/wp-json\/wp\/v2\/media\/76720"}],"wp:attachment":[{"href":"https:\/\/vosgesinfo.fr\/gerardmerinfo\/wp-json\/wp\/v2\/media?parent=76719"}],"wp:term":[{"taxonomy":"category","embeddable":true,"href":"https:\/\/vosgesinfo.fr\/gerardmerinfo\/wp-json\/wp\/v2\/categories?post=76719"},{"taxonomy":"post_tag","embeddable":true,"href":"https:\/\/vosgesinfo.fr\/gerardmerinfo\/wp-json\/wp\/v2\/tags?post=76719"}],"curies":[{"name":"wp","href":"https:\/\/api.w.org\/{rel}","templated":true}]}}