{"id":76751,"date":"2025-04-13T05:58:37","date_gmt":"2025-04-13T03:58:37","guid":{"rendered":"https:\/\/vosgesinfo.fr\/gerardmerinfo\/?p=76751"},"modified":"2025-04-11T14:56:54","modified_gmt":"2025-04-11T12:56:54","slug":"le-film-les-grandes-gueules-fetera-ses-60-ans-en-presence-de-jerome-enrico","status":"publish","type":"post","link":"https:\/\/vosgesinfo.fr\/gerardmerinfo\/2025\/04\/le-film-les-grandes-gueules-fetera-ses-60-ans-en-presence-de-jerome-enrico\/","title":{"rendered":"Le film\u00a0\u00ab Les Grandes Gueules\u00a0\u00bb f\u00eatera ses 60 ans\u00a0en pr\u00e9sence de J\u00e9r\u00f4me ENRICO"},"content":{"rendered":"<div style=\"text-align: center;\"><span style=\"color: #ff1f00; font-size: 14pt;\" data-olk-copy-source=\"MessageBody\">Le film\u00a0\u00ab Les Grandes Gueules\u00a0\u00bb f\u00eatera ses 60 ans\u00a0<\/span><\/div>\n<div style=\"text-align: center;\"><span style=\"color: #ff1f00; font-size: 14pt;\">SAMEDI 10 MAI 2025<\/span><\/div>\n<div style=\"text-align: center;\"><span style=\"color: #ff1f00; font-size: 14pt;\">dans la\u00a0Salle Andr\u00e9 Bourvil de la\u00a0MCL de G\u00e9rardmer.<\/span><\/div>\n<div style=\"text-align: center;\"><span style=\"font-size: 14pt;\">\u00a0<\/span><\/div>\n<div style=\"text-align: center;\"><span style=\"color: #ff1f00; font-size: 14pt;\">en pr\u00e9sence de J\u00e9r\u00f4me ENRICO<\/span><\/div>\n<div><\/div>\n<div><span style=\"font-size: large;\">\u00a0<\/span><\/div>\n<div><span style=\"font-size: large;\">\u00a0<\/span><\/div>\n<div><span style=\"font-size: large;\"><a href=\"https:\/\/vosgesinfo.fr\/app\/uploads\/sites\/6\/2025\/04\/1aee7c1a-2044-4897-a1be-05f114691df4.jpeg\"><img decoding=\"async\" class=\"alignright size-medium wp-image-76755\" src=\"https:\/\/vosgesinfo.fr\/app\/uploads\/sites\/6\/2025\/04\/1aee7c1a-2044-4897-a1be-05f114691df4-212x300.jpeg\" alt=\"\" width=\"212\" height=\"300\" srcset=\"https:\/\/vosgesinfo.fr\/app\/uploads\/sites\/6\/2025\/04\/1aee7c1a-2044-4897-a1be-05f114691df4-212x300.jpeg 212w, https:\/\/vosgesinfo.fr\/app\/uploads\/sites\/6\/2025\/04\/1aee7c1a-2044-4897-a1be-05f114691df4-724x1024.jpeg 724w, https:\/\/vosgesinfo.fr\/app\/uploads\/sites\/6\/2025\/04\/1aee7c1a-2044-4897-a1be-05f114691df4-768x1086.jpeg 768w, https:\/\/vosgesinfo.fr\/app\/uploads\/sites\/6\/2025\/04\/1aee7c1a-2044-4897-a1be-05f114691df4.jpeg 905w\" sizes=\"(max-width: 212px) 100vw, 212px\" \/><\/a>14h30 : projection du documentaire\u00a0\u00ab \u00a0Le fabuleux destin des Grandes Gueules\u00a0\u00bb \u00a0augment\u00e9 d\u2019un\u00a0film d\u2019archives in\u00e9dites.<\/span><\/div>\n<div><span style=\"font-size: large;\">R\u00e9al : Jean-Pascal Voirin<\/span><\/div>\n<div><span style=\"font-size: large;\">\u00a0<\/span><\/div>\n<div><span style=\"font-size: large;\">15h30 : d\u00e9bat et d\u00e9dicaces.<\/span><\/div>\n<div><span style=\"font-size: large;\">\u00a0<\/span><\/div>\n<div><span style=\"font-size: large;\">16h30 : projection du court-m\u00e9trage multi-prim\u00e9 :\u00a0\u00ab\u00a0La rivi\u00e8re du hibou\u00a0\u00bb r\u00e9alis\u00e9 par Robert ENRICO.<\/span><\/div>\n<div><span style=\"font-size: large;\">( Oscar \u00e0 Hollywood et palme d\u2019or au festival de Cannes ).<\/span><\/div>\n<div><span style=\"font-size: large;\">Ce court-m\u00e9trage fut d\u00e9terminant dans le choix du r\u00e9alisateur destin\u00e9 \u00e0 tourner\u00a0\u00ab\u00a0Les\u00a0Grandes Gueules\u00a0\u00bb.<\/span><\/div>\n<div><span style=\"font-size: large;\">\u00a0<\/span><\/div>\n<div><span style=\"font-size: large;\">17h : projection du film\u00a0\u00ab\u00a0Les Grandes Gueules\u00a0\u00bb r\u00e9alis\u00e9 par Robert\u00a0ENRICO en version restaur\u00e9e.<\/span><\/div>\n<div><span style=\"font-size: large;\">\u00a0<\/span><\/div>\n<div><span style=\"color: #ff1f00; font-size: large;\">J\u00e9r\u00f4me\u00a0ENRICO sera pr\u00e9sent toute\u00a0la journ\u00e9e du samedi 10 mai. <u>Merci de bien vouloir vous en faire l\u2019\u00e9cho&#8230;<\/u><\/span><\/div>\n<div><span style=\"font-size: large;\"><span style=\"color: #ff1f00;\">Pour toute information ou\/et pour confirmer votre pr\u00e9sence : <u>06.16.51.07.34.<\/u> ou par mail :<\/span> <a id=\"LPlnk342359\" title=\"mailto:jean-pascal.voirin@wanadoo.fr\" href=\"mailto:jean-pascal.voirin@wanadoo.fr\" rel=\"nofollow noopener noreferrer\" data-linkindex=\"0\">jean-pascal.voirin@wanadoo.fr<\/a>\u00a0<\/span><\/div>\n<div><\/div>\n<div>\n<h3><strong>J\u00e9r\u00f4me Enrico<\/strong><\/h3>\n<h3><strong>R\u00c9ALISATEUR &amp; SC\u00c9NARISTE<\/strong><\/h3>\n<p><a href=\"https:\/\/vosgesinfo.fr\/app\/uploads\/sites\/6\/2025\/04\/img-0467.jpeg\"><img decoding=\"async\" class=\"alignright size-medium wp-image-76758\" src=\"https:\/\/vosgesinfo.fr\/app\/uploads\/sites\/6\/2025\/04\/img-0467-300x169.jpeg\" alt=\"\" width=\"300\" height=\"169\" srcset=\"https:\/\/vosgesinfo.fr\/app\/uploads\/sites\/6\/2025\/04\/img-0467-300x169.jpeg 300w, https:\/\/vosgesinfo.fr\/app\/uploads\/sites\/6\/2025\/04\/img-0467-1024x576.jpeg 1024w, https:\/\/vosgesinfo.fr\/app\/uploads\/sites\/6\/2025\/04\/img-0467-768x432.jpeg 768w, https:\/\/vosgesinfo.fr\/app\/uploads\/sites\/6\/2025\/04\/img-0467.jpeg 1280w\" sizes=\"(max-width: 300px) 100vw, 300px\" \/><\/a>J\u00e9r\u00f4me d\u00e9bute dans le cin\u00e9ma comme assistant-r\u00e9alisateur de Jacques Monnet (Clara et les chics types) et travaille ensuite aupr\u00e8s de G\u00e9rard Oury, Robert Enrico (Au nom de tous les miens, Zone Rouge o\u00f9 il est pour la premi\u00e8re fois premier assistant-r\u00e9alisateur, Vent d\u2019est), Patrice Ch\u00e9reau (La Reine Margot sur lequel il assure \u00e9galement la direction de la seconde \u00e9quipe) et Robert Altman (Pr\u00eat-\u00e0-porter).<br \/>\nIl devient professeur, puis directeur de l\u2019ESEC (\u00c9cole Sup\u00e9rieure d\u2019\u00c9tudes Cin\u00e9matographiques), une \u00e9cole fran\u00e7aise de cin\u00e9ma et d\u2019audiovisuel internationalement reconnue.<br \/>\nEn tant que r\u00e9alisateur, il signe deux courts m\u00e9trages r\u00e9compens\u00e9s dans<br \/>\ndiff\u00e9rents festivals : Le Rat noir d\u2019Am\u00e9rique (1981) nomm\u00e9 au C\u00e9sar du<br \/>\nMeilleur Court M\u00e9trage en 1982 et La Derni\u00e8re image (1983). Il poursuit sa<br \/>\ncarri\u00e8re comme r\u00e9alisateur et sc\u00e9nariste de documentaires et de nombreux<br \/>\nprogrammes pour la t\u00e9l\u00e9vision, dont le t\u00e9l\u00e9film L\u2019\u00c9chapp\u00e9e belle (1996) avec<br \/>\nEmmanuelle Devos et Christian Charmetant.<br \/>\nEn 2000, J\u00e9r\u00f4me Enrico met en sc\u00e8ne son premier long m\u00e9trage pour le cin\u00e9ma :<br \/>\nL\u2019Origine du monde, polar qui r\u00e9unit Roschdy Zem, \u00c1ngela Molina et Alain<br \/>\nBashung.<br \/>\nCes derni\u00e8res ann\u00e9es, il \u00e9crit et dirige trois longs m\u00e9trages. Dans Paulette<br \/>\n(2013), il confie \u00e0 Bernadette Lafont le r\u00f4le d\u2019une vieille femme bourrue qui se<br \/>\nlance dans le trafic de drogue. Avec Cerise (2015), il signe une nouvelle<br \/>\ncom\u00e9die interpr\u00e9t\u00e9e par Zo\u00e9 Adjani et Jonathan Zaccai. Pr\u00e9sent\u00e9 au Festival<br \/>\nLumi\u00e8re de Lyon, le documentaire Bref passage sur la Terre (2018) est le<br \/>\nvibrant hommage d\u2019un fils \u00e0 son p\u00e8re cin\u00e9aste, \u00e0 partir de rush in\u00e9dits de Coup<br \/>\nde foudre et des tr\u00e9sors exhum\u00e9s des archives familiales.<\/p>\n<\/div>\n","protected":false},"excerpt":{"rendered":"<p>Le film\u00a0\u00ab Les Grandes Gueules\u00a0\u00bb f\u00eatera ses 60 ans\u00a0 SAMEDI 10 MAI 2025 dans la\u00a0Salle Andr\u00e9 Bourvil de la\u00a0MCL de [&hellip;]<\/p>\n","protected":false},"author":42,"featured_media":76755,"comment_status":"open","ping_status":"open","sticky":false,"template":"","format":"standard","meta":{"footnotes":""},"categories":[20,4,5647],"tags":[7131,264,103],"class_list":["post-76751","post","type-post","status-publish","format-standard","has-post-thumbnail","hentry","category-a-la-une","category-culture","category-gerardmer-autres-sites","tag-jerome-enrico","tag-les-grandes-gueules","tag-mcl-gerardmer"],"acf":[],"yoast_head":"<!-- This site is optimized with the Yoast SEO plugin v22.5 - https:\/\/yoast.com\/wordpress\/plugins\/seo\/ -->\n<title>Le film\u00a0\u00ab Les Grandes Gueules\u00a0\u00bb f\u00eatera ses 60 ans\u00a0en pr\u00e9sence de J\u00e9r\u00f4me ENRICO - Gerardmer Info<\/title>\n<meta name=\"robots\" content=\"index, follow, max-snippet:-1, max-image-preview:large, max-video-preview:-1\" \/>\n<link rel=\"canonical\" href=\"https:\/\/vosgesinfo.fr\/gerardmerinfo\/2025\/04\/le-film-les-grandes-gueules-fetera-ses-60-ans-en-presence-de-jerome-enrico\/\" \/>\n<meta name=\"twitter:card\" content=\"summary_large_image\" \/>\n<meta name=\"twitter:title\" content=\"Le film\u00a0\u00ab Les Grandes Gueules\u00a0\u00bb f\u00eatera ses 60 ans\u00a0en pr\u00e9sence de J\u00e9r\u00f4me ENRICO - Gerardmer Info\" \/>\n<meta name=\"twitter:description\" content=\"Le film\u00a0\u00ab Les Grandes Gueules\u00a0\u00bb f\u00eatera ses 60 ans\u00a0 SAMEDI 10 MAI 2025 dans la\u00a0Salle Andr\u00e9 Bourvil de la\u00a0MCL de [&hellip;]\" \/>\n<meta name=\"twitter:image\" content=\"https:\/\/vosgesinfo.fr\/app\/uploads\/sites\/6\/2025\/04\/1aee7c1a-2044-4897-a1be-05f114691df4.jpeg\" \/>\n<meta name=\"twitter:creator\" content=\"@VosgesInfo88\" \/>\n<meta name=\"twitter:site\" content=\"@VosgesInfo88\" \/>\n<meta name=\"twitter:label1\" content=\"\u00c9crit par\" \/>\n\t<meta name=\"twitter:data1\" content=\"QG\" \/>\n\t<meta name=\"twitter:label2\" content=\"Dur\u00e9e de lecture estim\u00e9e\" \/>\n\t<meta name=\"twitter:data2\" content=\"3 minutes\" \/>\n<script type=\"application\/ld+json\" class=\"yoast-schema-graph\">{\"@context\":\"https:\/\/schema.org\",\"@graph\":[{\"@type\":\"Article\",\"@id\":\"https:\/\/vosgesinfo.fr\/gerardmerinfo\/2025\/04\/le-film-les-grandes-gueules-fetera-ses-60-ans-en-presence-de-jerome-enrico\/#article\",\"isPartOf\":{\"@id\":\"https:\/\/vosgesinfo.fr\/gerardmerinfo\/2025\/04\/le-film-les-grandes-gueules-fetera-ses-60-ans-en-presence-de-jerome-enrico\/\"},\"author\":{\"name\":\"QG\",\"@id\":\"https:\/\/vosgesinfo.fr\/gerardmerinfo\/#\/schema\/person\/db5605779a843dad16b5368f3e7613a5\"},\"headline\":\"Le film\u00a0\u00ab Les Grandes Gueules\u00a0\u00bb f\u00eatera ses 60 ans\u00a0en pr\u00e9sence de J\u00e9r\u00f4me ENRICO\",\"datePublished\":\"2025-04-13T03:58:37+00:00\",\"dateModified\":\"2025-04-11T12:56:54+00:00\",\"mainEntityOfPage\":{\"@id\":\"https:\/\/vosgesinfo.fr\/gerardmerinfo\/2025\/04\/le-film-les-grandes-gueules-fetera-ses-60-ans-en-presence-de-jerome-enrico\/\"},\"wordCount\":492,\"commentCount\":0,\"publisher\":{\"@id\":\"https:\/\/vosgesinfo.fr\/gerardmerinfo\/#organization\"},\"image\":{\"@id\":\"https:\/\/vosgesinfo.fr\/gerardmerinfo\/2025\/04\/le-film-les-grandes-gueules-fetera-ses-60-ans-en-presence-de-jerome-enrico\/#primaryimage\"},\"thumbnailUrl\":\"https:\/\/vosgesinfo.fr\/app\/uploads\/sites\/6\/2025\/04\/1aee7c1a-2044-4897-a1be-05f114691df4.jpeg\",\"keywords\":[\"J\u00e9r\u00f4me enrico\",\"Les grandes gueules\",\"MCL G\u00e9rardmer\"],\"articleSection\":[\"A la une\",\"Culture\",\"Gerardmer\"],\"inLanguage\":\"fr-FR\",\"potentialAction\":[{\"@type\":\"CommentAction\",\"name\":\"Comment\",\"target\":[\"https:\/\/vosgesinfo.fr\/gerardmerinfo\/2025\/04\/le-film-les-grandes-gueules-fetera-ses-60-ans-en-presence-de-jerome-enrico\/#respond\"]}]},{\"@type\":\"WebPage\",\"@id\":\"https:\/\/vosgesinfo.fr\/gerardmerinfo\/2025\/04\/le-film-les-grandes-gueules-fetera-ses-60-ans-en-presence-de-jerome-enrico\/\",\"url\":\"https:\/\/vosgesinfo.fr\/gerardmerinfo\/2025\/04\/le-film-les-grandes-gueules-fetera-ses-60-ans-en-presence-de-jerome-enrico\/\",\"name\":\"Le film\u00a0\u00ab Les Grandes Gueules\u00a0\u00bb f\u00eatera ses 60 ans\u00a0en pr\u00e9sence de J\u00e9r\u00f4me ENRICO - Gerardmer Info\",\"isPartOf\":{\"@id\":\"https:\/\/vosgesinfo.fr\/gerardmerinfo\/#website\"},\"primaryImageOfPage\":{\"@id\":\"https:\/\/vosgesinfo.fr\/gerardmerinfo\/2025\/04\/le-film-les-grandes-gueules-fetera-ses-60-ans-en-presence-de-jerome-enrico\/#primaryimage\"},\"image\":{\"@id\":\"https:\/\/vosgesinfo.fr\/gerardmerinfo\/2025\/04\/le-film-les-grandes-gueules-fetera-ses-60-ans-en-presence-de-jerome-enrico\/#primaryimage\"},\"thumbnailUrl\":\"https:\/\/vosgesinfo.fr\/app\/uploads\/sites\/6\/2025\/04\/1aee7c1a-2044-4897-a1be-05f114691df4.jpeg\",\"datePublished\":\"2025-04-13T03:58:37+00:00\",\"dateModified\":\"2025-04-11T12:56:54+00:00\",\"breadcrumb\":{\"@id\":\"https:\/\/vosgesinfo.fr\/gerardmerinfo\/2025\/04\/le-film-les-grandes-gueules-fetera-ses-60-ans-en-presence-de-jerome-enrico\/#breadcrumb\"},\"inLanguage\":\"fr-FR\",\"potentialAction\":[{\"@type\":\"ReadAction\",\"target\":[\"https:\/\/vosgesinfo.fr\/gerardmerinfo\/2025\/04\/le-film-les-grandes-gueules-fetera-ses-60-ans-en-presence-de-jerome-enrico\/\"]}]},{\"@type\":\"ImageObject\",\"inLanguage\":\"fr-FR\",\"@id\":\"https:\/\/vosgesinfo.fr\/gerardmerinfo\/2025\/04\/le-film-les-grandes-gueules-fetera-ses-60-ans-en-presence-de-jerome-enrico\/#primaryimage\",\"url\":\"https:\/\/vosgesinfo.fr\/app\/uploads\/sites\/6\/2025\/04\/1aee7c1a-2044-4897-a1be-05f114691df4.jpeg\",\"contentUrl\":\"https:\/\/vosgesinfo.fr\/app\/uploads\/sites\/6\/2025\/04\/1aee7c1a-2044-4897-a1be-05f114691df4.jpeg\",\"width\":905,\"height\":1280},{\"@type\":\"BreadcrumbList\",\"@id\":\"https:\/\/vosgesinfo.fr\/gerardmerinfo\/2025\/04\/le-film-les-grandes-gueules-fetera-ses-60-ans-en-presence-de-jerome-enrico\/#breadcrumb\",\"itemListElement\":[{\"@type\":\"ListItem\",\"position\":1,\"name\":\"Home\",\"item\":\"https:\/\/vosgesinfo.fr\/gerardmerinfo\/\"},{\"@type\":\"ListItem\",\"position\":2,\"name\":\"Le film\u00a0\u00ab Les Grandes Gueules\u00a0\u00bb f\u00eatera ses 60 ans\u00a0en pr\u00e9sence de J\u00e9r\u00f4me ENRICO\"}]},{\"@type\":\"WebSite\",\"@id\":\"https:\/\/vosgesinfo.fr\/gerardmerinfo\/#website\",\"url\":\"https:\/\/vosgesinfo.fr\/gerardmerinfo\/\",\"name\":\"Gerardmer Info\",\"description\":\"Toute l&#039;actualit\u00e9 de G\u00e9rardmer\",\"publisher\":{\"@id\":\"https:\/\/vosgesinfo.fr\/gerardmerinfo\/#organization\"},\"alternateName\":\"Toute l'actualit\u00e9 de G\u00e9rardmer\",\"potentialAction\":[{\"@type\":\"SearchAction\",\"target\":{\"@type\":\"EntryPoint\",\"urlTemplate\":\"https:\/\/vosgesinfo.fr\/gerardmerinfo\/?s={search_term_string}\"},\"query-input\":\"required name=search_term_string\"}],\"inLanguage\":\"fr-FR\"},{\"@type\":\"Organization\",\"@id\":\"https:\/\/vosgesinfo.fr\/gerardmerinfo\/#organization\",\"name\":\"Gerardmer Info\",\"url\":\"https:\/\/vosgesinfo.fr\/gerardmerinfo\/\",\"logo\":{\"@type\":\"ImageObject\",\"inLanguage\":\"fr-FR\",\"@id\":\"https:\/\/vosgesinfo.fr\/gerardmerinfo\/#\/schema\/logo\/image\/\",\"url\":\"https:\/\/vosgesinfo.fr\/app\/uploads\/sites\/6\/2023\/08\/favicon-gerardmerinfo.png\",\"contentUrl\":\"https:\/\/vosgesinfo.fr\/app\/uploads\/sites\/6\/2023\/08\/favicon-gerardmerinfo.png\",\"width\":512,\"height\":512,\"caption\":\"Gerardmer Info\"},\"image\":{\"@id\":\"https:\/\/vosgesinfo.fr\/gerardmerinfo\/#\/schema\/logo\/image\/\"},\"sameAs\":[\"https:\/\/www.facebook.com\/profile.php?id=100049475262660\",\"https:\/\/x.com\/VosgesInfo88\",\"https:\/\/www.youtube.com\/@vosgesinfo\"]},{\"@type\":\"Person\",\"@id\":\"https:\/\/vosgesinfo.fr\/gerardmerinfo\/#\/schema\/person\/db5605779a843dad16b5368f3e7613a5\",\"name\":\"QG\",\"image\":{\"@type\":\"ImageObject\",\"inLanguage\":\"fr-FR\",\"@id\":\"https:\/\/vosgesinfo.fr\/gerardmerinfo\/#\/schema\/person\/image\/\",\"url\":\"https:\/\/secure.gravatar.com\/avatar\/ea80c42c204b534408512832fde52504ecabb9706bcb6151cf6175e5b64e6793?s=96&d=mm&r=g\",\"contentUrl\":\"https:\/\/secure.gravatar.com\/avatar\/ea80c42c204b534408512832fde52504ecabb9706bcb6151cf6175e5b64e6793?s=96&d=mm&r=g\",\"caption\":\"QG\"},\"url\":\"https:\/\/vosgesinfo.fr\/gerardmerinfo\/author\/quentin88\/\"}]}<\/script>\n<!-- \/ Yoast SEO plugin. -->","yoast_head_json":{"title":"Le film\u00a0\u00ab Les Grandes Gueules\u00a0\u00bb f\u00eatera ses 60 ans\u00a0en pr\u00e9sence de J\u00e9r\u00f4me ENRICO - Gerardmer Info","robots":{"index":"index","follow":"follow","max-snippet":"max-snippet:-1","max-image-preview":"max-image-preview:large","max-video-preview":"max-video-preview:-1"},"canonical":"https:\/\/vosgesinfo.fr\/gerardmerinfo\/2025\/04\/le-film-les-grandes-gueules-fetera-ses-60-ans-en-presence-de-jerome-enrico\/","twitter_card":"summary_large_image","twitter_title":"Le film\u00a0\u00ab Les Grandes Gueules\u00a0\u00bb f\u00eatera ses 60 ans\u00a0en pr\u00e9sence de J\u00e9r\u00f4me ENRICO - Gerardmer Info","twitter_description":"Le film\u00a0\u00ab Les Grandes Gueules\u00a0\u00bb f\u00eatera ses 60 ans\u00a0 SAMEDI 10 MAI 2025 dans la\u00a0Salle Andr\u00e9 Bourvil de la\u00a0MCL de [&hellip;]","twitter_image":"https:\/\/vosgesinfo.fr\/app\/uploads\/sites\/6\/2025\/04\/1aee7c1a-2044-4897-a1be-05f114691df4.jpeg","twitter_creator":"@VosgesInfo88","twitter_site":"@VosgesInfo88","twitter_misc":{"\u00c9crit par":"QG","Dur\u00e9e de lecture estim\u00e9e":"3 minutes"},"schema":{"@context":"https:\/\/schema.org","@graph":[{"@type":"Article","@id":"https:\/\/vosgesinfo.fr\/gerardmerinfo\/2025\/04\/le-film-les-grandes-gueules-fetera-ses-60-ans-en-presence-de-jerome-enrico\/#article","isPartOf":{"@id":"https:\/\/vosgesinfo.fr\/gerardmerinfo\/2025\/04\/le-film-les-grandes-gueules-fetera-ses-60-ans-en-presence-de-jerome-enrico\/"},"author":{"name":"QG","@id":"https:\/\/vosgesinfo.fr\/gerardmerinfo\/#\/schema\/person\/db5605779a843dad16b5368f3e7613a5"},"headline":"Le film\u00a0\u00ab Les Grandes Gueules\u00a0\u00bb f\u00eatera ses 60 ans\u00a0en pr\u00e9sence de J\u00e9r\u00f4me ENRICO","datePublished":"2025-04-13T03:58:37+00:00","dateModified":"2025-04-11T12:56:54+00:00","mainEntityOfPage":{"@id":"https:\/\/vosgesinfo.fr\/gerardmerinfo\/2025\/04\/le-film-les-grandes-gueules-fetera-ses-60-ans-en-presence-de-jerome-enrico\/"},"wordCount":492,"commentCount":0,"publisher":{"@id":"https:\/\/vosgesinfo.fr\/gerardmerinfo\/#organization"},"image":{"@id":"https:\/\/vosgesinfo.fr\/gerardmerinfo\/2025\/04\/le-film-les-grandes-gueules-fetera-ses-60-ans-en-presence-de-jerome-enrico\/#primaryimage"},"thumbnailUrl":"https:\/\/vosgesinfo.fr\/app\/uploads\/sites\/6\/2025\/04\/1aee7c1a-2044-4897-a1be-05f114691df4.jpeg","keywords":["J\u00e9r\u00f4me enrico","Les grandes gueules","MCL G\u00e9rardmer"],"articleSection":["A la une","Culture","Gerardmer"],"inLanguage":"fr-FR","potentialAction":[{"@type":"CommentAction","name":"Comment","target":["https:\/\/vosgesinfo.fr\/gerardmerinfo\/2025\/04\/le-film-les-grandes-gueules-fetera-ses-60-ans-en-presence-de-jerome-enrico\/#respond"]}]},{"@type":"WebPage","@id":"https:\/\/vosgesinfo.fr\/gerardmerinfo\/2025\/04\/le-film-les-grandes-gueules-fetera-ses-60-ans-en-presence-de-jerome-enrico\/","url":"https:\/\/vosgesinfo.fr\/gerardmerinfo\/2025\/04\/le-film-les-grandes-gueules-fetera-ses-60-ans-en-presence-de-jerome-enrico\/","name":"Le film\u00a0\u00ab Les Grandes Gueules\u00a0\u00bb f\u00eatera ses 60 ans\u00a0en pr\u00e9sence de J\u00e9r\u00f4me ENRICO - Gerardmer Info","isPartOf":{"@id":"https:\/\/vosgesinfo.fr\/gerardmerinfo\/#website"},"primaryImageOfPage":{"@id":"https:\/\/vosgesinfo.fr\/gerardmerinfo\/2025\/04\/le-film-les-grandes-gueules-fetera-ses-60-ans-en-presence-de-jerome-enrico\/#primaryimage"},"image":{"@id":"https:\/\/vosgesinfo.fr\/gerardmerinfo\/2025\/04\/le-film-les-grandes-gueules-fetera-ses-60-ans-en-presence-de-jerome-enrico\/#primaryimage"},"thumbnailUrl":"https:\/\/vosgesinfo.fr\/app\/uploads\/sites\/6\/2025\/04\/1aee7c1a-2044-4897-a1be-05f114691df4.jpeg","datePublished":"2025-04-13T03:58:37+00:00","dateModified":"2025-04-11T12:56:54+00:00","breadcrumb":{"@id":"https:\/\/vosgesinfo.fr\/gerardmerinfo\/2025\/04\/le-film-les-grandes-gueules-fetera-ses-60-ans-en-presence-de-jerome-enrico\/#breadcrumb"},"inLanguage":"fr-FR","potentialAction":[{"@type":"ReadAction","target":["https:\/\/vosgesinfo.fr\/gerardmerinfo\/2025\/04\/le-film-les-grandes-gueules-fetera-ses-60-ans-en-presence-de-jerome-enrico\/"]}]},{"@type":"ImageObject","inLanguage":"fr-FR","@id":"https:\/\/vosgesinfo.fr\/gerardmerinfo\/2025\/04\/le-film-les-grandes-gueules-fetera-ses-60-ans-en-presence-de-jerome-enrico\/#primaryimage","url":"https:\/\/vosgesinfo.fr\/app\/uploads\/sites\/6\/2025\/04\/1aee7c1a-2044-4897-a1be-05f114691df4.jpeg","contentUrl":"https:\/\/vosgesinfo.fr\/app\/uploads\/sites\/6\/2025\/04\/1aee7c1a-2044-4897-a1be-05f114691df4.jpeg","width":905,"height":1280},{"@type":"BreadcrumbList","@id":"https:\/\/vosgesinfo.fr\/gerardmerinfo\/2025\/04\/le-film-les-grandes-gueules-fetera-ses-60-ans-en-presence-de-jerome-enrico\/#breadcrumb","itemListElement":[{"@type":"ListItem","position":1,"name":"Home","item":"https:\/\/vosgesinfo.fr\/gerardmerinfo\/"},{"@type":"ListItem","position":2,"name":"Le film\u00a0\u00ab Les Grandes Gueules\u00a0\u00bb f\u00eatera ses 60 ans\u00a0en pr\u00e9sence de J\u00e9r\u00f4me ENRICO"}]},{"@type":"WebSite","@id":"https:\/\/vosgesinfo.fr\/gerardmerinfo\/#website","url":"https:\/\/vosgesinfo.fr\/gerardmerinfo\/","name":"Gerardmer Info","description":"Toute l&#039;actualit\u00e9 de G\u00e9rardmer","publisher":{"@id":"https:\/\/vosgesinfo.fr\/gerardmerinfo\/#organization"},"alternateName":"Toute l'actualit\u00e9 de G\u00e9rardmer","potentialAction":[{"@type":"SearchAction","target":{"@type":"EntryPoint","urlTemplate":"https:\/\/vosgesinfo.fr\/gerardmerinfo\/?s={search_term_string}"},"query-input":"required name=search_term_string"}],"inLanguage":"fr-FR"},{"@type":"Organization","@id":"https:\/\/vosgesinfo.fr\/gerardmerinfo\/#organization","name":"Gerardmer Info","url":"https:\/\/vosgesinfo.fr\/gerardmerinfo\/","logo":{"@type":"ImageObject","inLanguage":"fr-FR","@id":"https:\/\/vosgesinfo.fr\/gerardmerinfo\/#\/schema\/logo\/image\/","url":"https:\/\/vosgesinfo.fr\/app\/uploads\/sites\/6\/2023\/08\/favicon-gerardmerinfo.png","contentUrl":"https:\/\/vosgesinfo.fr\/app\/uploads\/sites\/6\/2023\/08\/favicon-gerardmerinfo.png","width":512,"height":512,"caption":"Gerardmer Info"},"image":{"@id":"https:\/\/vosgesinfo.fr\/gerardmerinfo\/#\/schema\/logo\/image\/"},"sameAs":["https:\/\/www.facebook.com\/profile.php?id=100049475262660","https:\/\/x.com\/VosgesInfo88","https:\/\/www.youtube.com\/@vosgesinfo"]},{"@type":"Person","@id":"https:\/\/vosgesinfo.fr\/gerardmerinfo\/#\/schema\/person\/db5605779a843dad16b5368f3e7613a5","name":"QG","image":{"@type":"ImageObject","inLanguage":"fr-FR","@id":"https:\/\/vosgesinfo.fr\/gerardmerinfo\/#\/schema\/person\/image\/","url":"https:\/\/secure.gravatar.com\/avatar\/ea80c42c204b534408512832fde52504ecabb9706bcb6151cf6175e5b64e6793?s=96&d=mm&r=g","contentUrl":"https:\/\/secure.gravatar.com\/avatar\/ea80c42c204b534408512832fde52504ecabb9706bcb6151cf6175e5b64e6793?s=96&d=mm&r=g","caption":"QG"},"url":"https:\/\/vosgesinfo.fr\/gerardmerinfo\/author\/quentin88\/"}]}},"_links":{"self":[{"href":"https:\/\/vosgesinfo.fr\/gerardmerinfo\/wp-json\/wp\/v2\/posts\/76751","targetHints":{"allow":["GET"]}}],"collection":[{"href":"https:\/\/vosgesinfo.fr\/gerardmerinfo\/wp-json\/wp\/v2\/posts"}],"about":[{"href":"https:\/\/vosgesinfo.fr\/gerardmerinfo\/wp-json\/wp\/v2\/types\/post"}],"author":[{"embeddable":true,"href":"https:\/\/vosgesinfo.fr\/gerardmerinfo\/wp-json\/wp\/v2\/users\/42"}],"replies":[{"embeddable":true,"href":"https:\/\/vosgesinfo.fr\/gerardmerinfo\/wp-json\/wp\/v2\/comments?post=76751"}],"version-history":[{"count":4,"href":"https:\/\/vosgesinfo.fr\/gerardmerinfo\/wp-json\/wp\/v2\/posts\/76751\/revisions"}],"predecessor-version":[{"id":76759,"href":"https:\/\/vosgesinfo.fr\/gerardmerinfo\/wp-json\/wp\/v2\/posts\/76751\/revisions\/76759"}],"wp:featuredmedia":[{"embeddable":true,"href":"https:\/\/vosgesinfo.fr\/gerardmerinfo\/wp-json\/wp\/v2\/media\/76755"}],"wp:attachment":[{"href":"https:\/\/vosgesinfo.fr\/gerardmerinfo\/wp-json\/wp\/v2\/media?parent=76751"}],"wp:term":[{"taxonomy":"category","embeddable":true,"href":"https:\/\/vosgesinfo.fr\/gerardmerinfo\/wp-json\/wp\/v2\/categories?post=76751"},{"taxonomy":"post_tag","embeddable":true,"href":"https:\/\/vosgesinfo.fr\/gerardmerinfo\/wp-json\/wp\/v2\/tags?post=76751"}],"curies":[{"name":"wp","href":"https:\/\/api.w.org\/{rel}","templated":true}]}}