{"id":76774,"date":"2025-04-11T18:35:58","date_gmt":"2025-04-11T16:35:58","guid":{"rendered":"https:\/\/vosgesinfo.fr\/gerardmerinfo\/?p=76774"},"modified":"2025-04-11T18:35:58","modified_gmt":"2025-04-11T16:35:58","slug":"verrerie-owens-illinois-26-emplois-menaces-a-gironcourt-sur-vraine","status":"publish","type":"post","link":"https:\/\/vosgesinfo.fr\/gerardmerinfo\/2025\/04\/verrerie-owens-illinois-26-emplois-menaces-a-gironcourt-sur-vraine\/","title":{"rendered":"Verrerie Owens-Illinois : 26 emplois menac\u00e9s \u00e0 Gironcourt-sur-Vraine"},"content":{"rendered":"<h2 data-start=\"434\" data-end=\"778\"><strong><a href=\"https:\/\/vosgesinfo.fr\/app\/uploads\/sites\/3\/2024\/08\/201601bouteille-verre-vert-recyclage-1-main-10563389.jpg\"><img decoding=\"async\" class=\"aligncenter size-full wp-image-56358\" src=\"https:\/\/vosgesinfo.fr\/app\/uploads\/sites\/3\/2024\/08\/201601bouteille-verre-vert-recyclage-1-main-10563389.jpg\" alt=\"\" width=\"499\" height=\"352\" \/><\/a>Gironcourt-sur-Vraine, commune vosgienne discr\u00e8te, se retrouve brutalement au c\u0153ur d\u2019un vaste plan social. L\u2019usine locale du groupe Owens-Illinois (O-I), acteur mondial de l\u2019emballage en verre, est directement touch\u00e9e par une vague de suppressions de postes dans le cadre de la strat\u00e9gie europ\u00e9enne \u00ab <em data-start=\"763\" data-end=\"775\">Fit to Win<\/em> \u00bb.<\/strong><\/h2>\n<p class=\"\" data-start=\"780\" data-end=\"985\">Dans un communiqu\u00e9 diffus\u00e9 mardi, la section locale de la CGT a tir\u00e9 la sonnette d\u2019alarme : 26 emplois sont menac\u00e9s \u00e0 Gironcourt-sur-Vraine, une annonce qui a provoqu\u00e9 une onde de choc parmi les salari\u00e9s.<\/p>\n<h3 class=\"\" data-start=\"992\" data-end=\"1036\">Une restructuration massive en France<\/h3>\n<p class=\"\" data-start=\"1038\" data-end=\"1475\">Le 10 avril, la direction d\u2019Owens-Illinois a confirm\u00e9 par voie de presse la suppression nette de 320 postes dans ses usines fran\u00e7aises.<\/p>\n<p class=\"\" data-start=\"1038\" data-end=\"1475\">Ce chiffre fait partie d\u2019un plan plus large qui pr\u00e9voit la disparition de 556 postes \u00e0 travers l&rsquo;Europe. Le groupe invoque plusieurs raisons pour justifier cette d\u00e9cision difficile : le d\u00e9clin du march\u00e9 du vin, une surcapacit\u00e9 industrielle et une intensification de la concurrence.<\/p>\n<p class=\"\" data-start=\"1477\" data-end=\"1524\">Parmi les sites fran\u00e7ais concern\u00e9s, on compte : <strong data-start=\"1528\" data-end=\"1548\">Vayres (Gironde)<\/strong> : 81 postes supprim\u00e9s, <strong data-start=\"1575\" data-end=\"1609\">Gironcourt-sur-Vraine (Vosges)<\/strong> : 26 postes, <strong data-start=\"1626\" data-end=\"1657\">Puy-Guillaume (Puy-de-D\u00f4me)<\/strong> : 22 postes, <strong data-start=\"1674\" data-end=\"1723\">Reims, Rh\u00f4ne et Vaulx-en-Velin (si\u00e8ge social)<\/strong> : \u00e9galement impact\u00e9s.<\/p>\n<h3 class=\"\" data-start=\"1753\" data-end=\"1797\">Une d\u00e9cision incomprise et contest\u00e9e<\/h3>\n<p class=\"\" data-start=\"1799\" data-end=\"2027\">Pour les employ\u00e9s vosgiens, c\u2019est \u00ab un coup de massue \u00bbl. L\u2019inqui\u00e9tude monte chez les familles concern\u00e9es et les \u00e9lus locaux, qui redoutent les effets en cascade sur l\u2019\u00e9conomie du territoire.<\/p>\n<h3 class=\"\" data-start=\"2625\" data-end=\"2647\">Et maintenant ?<\/h3>\n<p class=\"\" data-start=\"2649\" data-end=\"2984\">Un plan de sauvegarde de l\u2019emploi (PSE) a \u00e9t\u00e9 ouvert par l\u2019entreprise. Les prochaines semaines seront cruciales pour les salari\u00e9s concern\u00e9s, alors que les n\u00e9gociations avec les repr\u00e9sentants du personnel se poursuivent. La CGT promet de mobiliser les forces syndicales et politiques pour d\u00e9fendre l\u2019emploi dans les territoires.<\/p>\n<p class=\"\" data-start=\"2991\" data-end=\"3211\">Gironcourt-sur-Vraine, comme d&rsquo;autres communes fran\u00e7aises, est aujourd&rsquo;hui le th\u00e9\u00e2tre d\u2019un dilemme complexe : modernisation industrielle et r\u00e9duction des effectifs. Pour les salari\u00e9s, le combat ne fait que commencer.<\/p>\n","protected":false},"excerpt":{"rendered":"<p>Gironcourt-sur-Vraine, commune vosgienne discr\u00e8te, se retrouve brutalement au c\u0153ur d\u2019un vaste plan social. L\u2019usine locale du groupe Owens-Illinois (O-I), acteur [&hellip;]<\/p>\n","protected":false},"author":52,"featured_media":76775,"comment_status":"open","ping_status":"open","sticky":false,"template":"","format":"standard","meta":{"footnotes":""},"categories":[20,878,25,328,868,946],"tags":[4865,7133,7134],"class_list":["post-76774","post","type-post","status-publish","format-standard","has-post-thumbnail","hentry","category-a-la-une","category-epinal","category-gerardmer","category-la-plaine-des-vosges","category-remiremont","category-saint-die","tag-economie","tag-gironcourt-sur-vraine","tag-verrerie-owens-illinois"],"acf":[],"yoast_head":"<!-- This site is optimized with the Yoast SEO plugin v22.5 - https:\/\/yoast.com\/wordpress\/plugins\/seo\/ -->\n<title>Verrerie Owens-Illinois : 26 emplois menac\u00e9s \u00e0 Gironcourt-sur-Vraine - Gerardmer Info<\/title>\n<meta name=\"robots\" content=\"index, follow, max-snippet:-1, max-image-preview:large, max-video-preview:-1\" \/>\n<link rel=\"canonical\" href=\"https:\/\/vosgesinfo.fr\/gerardmerinfo\/2025\/04\/verrerie-owens-illinois-26-emplois-menaces-a-gironcourt-sur-vraine\/\" \/>\n<meta name=\"twitter:card\" content=\"summary_large_image\" \/>\n<meta name=\"twitter:title\" content=\"Verrerie Owens-Illinois : 26 emplois menac\u00e9s \u00e0 Gironcourt-sur-Vraine - Gerardmer Info\" \/>\n<meta name=\"twitter:description\" content=\"Gironcourt-sur-Vraine, commune vosgienne discr\u00e8te, se retrouve brutalement au c\u0153ur d\u2019un vaste plan social. L\u2019usine locale du groupe Owens-Illinois (O-I), acteur [&hellip;]\" \/>\n<meta name=\"twitter:image\" content=\"https:\/\/vosgesinfo.fr\/app\/uploads\/sites\/6\/2025\/04\/201601bouteille-verre-vert-recyclage-1-main-10563389.jpg\" \/>\n<meta name=\"twitter:creator\" content=\"@VosgesInfo88\" \/>\n<meta name=\"twitter:site\" content=\"@VosgesInfo88\" \/>\n<meta name=\"twitter:label1\" content=\"\u00c9crit par\" \/>\n\t<meta name=\"twitter:data1\" content=\"C.K.\" \/>\n\t<meta name=\"twitter:label2\" content=\"Dur\u00e9e de lecture estim\u00e9e\" \/>\n\t<meta name=\"twitter:data2\" content=\"2 minutes\" \/>\n<script type=\"application\/ld+json\" class=\"yoast-schema-graph\">{\"@context\":\"https:\/\/schema.org\",\"@graph\":[{\"@type\":\"Article\",\"@id\":\"https:\/\/vosgesinfo.fr\/gerardmerinfo\/2025\/04\/verrerie-owens-illinois-26-emplois-menaces-a-gironcourt-sur-vraine\/#article\",\"isPartOf\":{\"@id\":\"https:\/\/vosgesinfo.fr\/gerardmerinfo\/2025\/04\/verrerie-owens-illinois-26-emplois-menaces-a-gironcourt-sur-vraine\/\"},\"author\":{\"name\":\"C.K.\",\"@id\":\"https:\/\/vosgesinfo.fr\/gerardmerinfo\/#\/schema\/person\/6f9a650eeea99d969b6c4ab78fccbe81\"},\"headline\":\"Verrerie Owens-Illinois : 26 emplois menac\u00e9s \u00e0 Gironcourt-sur-Vraine\",\"datePublished\":\"2025-04-11T16:35:58+00:00\",\"dateModified\":\"2025-04-11T16:35:58+00:00\",\"mainEntityOfPage\":{\"@id\":\"https:\/\/vosgesinfo.fr\/gerardmerinfo\/2025\/04\/verrerie-owens-illinois-26-emplois-menaces-a-gironcourt-sur-vraine\/\"},\"wordCount\":334,\"commentCount\":0,\"publisher\":{\"@id\":\"https:\/\/vosgesinfo.fr\/gerardmerinfo\/#organization\"},\"image\":{\"@id\":\"https:\/\/vosgesinfo.fr\/gerardmerinfo\/2025\/04\/verrerie-owens-illinois-26-emplois-menaces-a-gironcourt-sur-vraine\/#primaryimage\"},\"thumbnailUrl\":\"https:\/\/vosgesinfo.fr\/app\/uploads\/sites\/6\/2025\/04\/201601bouteille-verre-vert-recyclage-1-main-10563389.jpg\",\"keywords\":[\"economie\",\"Gironcourt-sur-Vraine\",\"verrerie Owens Illinois\"],\"articleSection\":[\"A la une\",\"Epinal\",\"G\u00e9rardmer\",\"La plaine des vosges\",\"Remiremont\",\"Saint-di\u00e9\"],\"inLanguage\":\"fr-FR\",\"potentialAction\":[{\"@type\":\"CommentAction\",\"name\":\"Comment\",\"target\":[\"https:\/\/vosgesinfo.fr\/gerardmerinfo\/2025\/04\/verrerie-owens-illinois-26-emplois-menaces-a-gironcourt-sur-vraine\/#respond\"]}]},{\"@type\":\"WebPage\",\"@id\":\"https:\/\/vosgesinfo.fr\/gerardmerinfo\/2025\/04\/verrerie-owens-illinois-26-emplois-menaces-a-gironcourt-sur-vraine\/\",\"url\":\"https:\/\/vosgesinfo.fr\/gerardmerinfo\/2025\/04\/verrerie-owens-illinois-26-emplois-menaces-a-gironcourt-sur-vraine\/\",\"name\":\"Verrerie Owens-Illinois : 26 emplois menac\u00e9s \u00e0 Gironcourt-sur-Vraine - Gerardmer Info\",\"isPartOf\":{\"@id\":\"https:\/\/vosgesinfo.fr\/gerardmerinfo\/#website\"},\"primaryImageOfPage\":{\"@id\":\"https:\/\/vosgesinfo.fr\/gerardmerinfo\/2025\/04\/verrerie-owens-illinois-26-emplois-menaces-a-gironcourt-sur-vraine\/#primaryimage\"},\"image\":{\"@id\":\"https:\/\/vosgesinfo.fr\/gerardmerinfo\/2025\/04\/verrerie-owens-illinois-26-emplois-menaces-a-gironcourt-sur-vraine\/#primaryimage\"},\"thumbnailUrl\":\"https:\/\/vosgesinfo.fr\/app\/uploads\/sites\/6\/2025\/04\/201601bouteille-verre-vert-recyclage-1-main-10563389.jpg\",\"datePublished\":\"2025-04-11T16:35:58+00:00\",\"dateModified\":\"2025-04-11T16:35:58+00:00\",\"breadcrumb\":{\"@id\":\"https:\/\/vosgesinfo.fr\/gerardmerinfo\/2025\/04\/verrerie-owens-illinois-26-emplois-menaces-a-gironcourt-sur-vraine\/#breadcrumb\"},\"inLanguage\":\"fr-FR\",\"potentialAction\":[{\"@type\":\"ReadAction\",\"target\":[\"https:\/\/vosgesinfo.fr\/gerardmerinfo\/2025\/04\/verrerie-owens-illinois-26-emplois-menaces-a-gironcourt-sur-vraine\/\"]}]},{\"@type\":\"ImageObject\",\"inLanguage\":\"fr-FR\",\"@id\":\"https:\/\/vosgesinfo.fr\/gerardmerinfo\/2025\/04\/verrerie-owens-illinois-26-emplois-menaces-a-gironcourt-sur-vraine\/#primaryimage\",\"url\":\"https:\/\/vosgesinfo.fr\/app\/uploads\/sites\/6\/2025\/04\/201601bouteille-verre-vert-recyclage-1-main-10563389.jpg\",\"contentUrl\":\"https:\/\/vosgesinfo.fr\/app\/uploads\/sites\/6\/2025\/04\/201601bouteille-verre-vert-recyclage-1-main-10563389.jpg\",\"width\":499,\"height\":352},{\"@type\":\"BreadcrumbList\",\"@id\":\"https:\/\/vosgesinfo.fr\/gerardmerinfo\/2025\/04\/verrerie-owens-illinois-26-emplois-menaces-a-gironcourt-sur-vraine\/#breadcrumb\",\"itemListElement\":[{\"@type\":\"ListItem\",\"position\":1,\"name\":\"Home\",\"item\":\"https:\/\/vosgesinfo.fr\/gerardmerinfo\/\"},{\"@type\":\"ListItem\",\"position\":2,\"name\":\"Verrerie Owens-Illinois : 26 emplois menac\u00e9s \u00e0 Gironcourt-sur-Vraine\"}]},{\"@type\":\"WebSite\",\"@id\":\"https:\/\/vosgesinfo.fr\/gerardmerinfo\/#website\",\"url\":\"https:\/\/vosgesinfo.fr\/gerardmerinfo\/\",\"name\":\"Gerardmer Info\",\"description\":\"Toute l&#039;actualit\u00e9 de G\u00e9rardmer\",\"publisher\":{\"@id\":\"https:\/\/vosgesinfo.fr\/gerardmerinfo\/#organization\"},\"alternateName\":\"Toute l'actualit\u00e9 de G\u00e9rardmer\",\"potentialAction\":[{\"@type\":\"SearchAction\",\"target\":{\"@type\":\"EntryPoint\",\"urlTemplate\":\"https:\/\/vosgesinfo.fr\/gerardmerinfo\/?s={search_term_string}\"},\"query-input\":\"required name=search_term_string\"}],\"inLanguage\":\"fr-FR\"},{\"@type\":\"Organization\",\"@id\":\"https:\/\/vosgesinfo.fr\/gerardmerinfo\/#organization\",\"name\":\"Gerardmer Info\",\"url\":\"https:\/\/vosgesinfo.fr\/gerardmerinfo\/\",\"logo\":{\"@type\":\"ImageObject\",\"inLanguage\":\"fr-FR\",\"@id\":\"https:\/\/vosgesinfo.fr\/gerardmerinfo\/#\/schema\/logo\/image\/\",\"url\":\"https:\/\/vosgesinfo.fr\/app\/uploads\/sites\/6\/2023\/08\/favicon-gerardmerinfo.png\",\"contentUrl\":\"https:\/\/vosgesinfo.fr\/app\/uploads\/sites\/6\/2023\/08\/favicon-gerardmerinfo.png\",\"width\":512,\"height\":512,\"caption\":\"Gerardmer Info\"},\"image\":{\"@id\":\"https:\/\/vosgesinfo.fr\/gerardmerinfo\/#\/schema\/logo\/image\/\"},\"sameAs\":[\"https:\/\/www.facebook.com\/profile.php?id=100049475262660\",\"https:\/\/x.com\/VosgesInfo88\",\"https:\/\/www.youtube.com\/@vosgesinfo\"]},{\"@type\":\"Person\",\"@id\":\"https:\/\/vosgesinfo.fr\/gerardmerinfo\/#\/schema\/person\/6f9a650eeea99d969b6c4ab78fccbe81\",\"name\":\"C.K.\",\"image\":{\"@type\":\"ImageObject\",\"inLanguage\":\"fr-FR\",\"@id\":\"https:\/\/vosgesinfo.fr\/gerardmerinfo\/#\/schema\/person\/image\/\",\"url\":\"https:\/\/secure.gravatar.com\/avatar\/48e3fc7f8421ba8942be6b74a2b7f014ca39bc00dece156b7a8e098ae7dc87bf?s=96&d=mm&r=g\",\"contentUrl\":\"https:\/\/secure.gravatar.com\/avatar\/48e3fc7f8421ba8942be6b74a2b7f014ca39bc00dece156b7a8e098ae7dc87bf?s=96&d=mm&r=g\",\"caption\":\"C.K.\"},\"url\":\"https:\/\/vosgesinfo.fr\/gerardmerinfo\/author\/celia-k-n\/\"}]}<\/script>\n<!-- \/ Yoast SEO plugin. -->","yoast_head_json":{"title":"Verrerie Owens-Illinois : 26 emplois menac\u00e9s \u00e0 Gironcourt-sur-Vraine - Gerardmer Info","robots":{"index":"index","follow":"follow","max-snippet":"max-snippet:-1","max-image-preview":"max-image-preview:large","max-video-preview":"max-video-preview:-1"},"canonical":"https:\/\/vosgesinfo.fr\/gerardmerinfo\/2025\/04\/verrerie-owens-illinois-26-emplois-menaces-a-gironcourt-sur-vraine\/","twitter_card":"summary_large_image","twitter_title":"Verrerie Owens-Illinois : 26 emplois menac\u00e9s \u00e0 Gironcourt-sur-Vraine - Gerardmer Info","twitter_description":"Gironcourt-sur-Vraine, commune vosgienne discr\u00e8te, se retrouve brutalement au c\u0153ur d\u2019un vaste plan social. L\u2019usine locale du groupe Owens-Illinois (O-I), acteur [&hellip;]","twitter_image":"https:\/\/vosgesinfo.fr\/app\/uploads\/sites\/6\/2025\/04\/201601bouteille-verre-vert-recyclage-1-main-10563389.jpg","twitter_creator":"@VosgesInfo88","twitter_site":"@VosgesInfo88","twitter_misc":{"\u00c9crit par":"C.K.","Dur\u00e9e de lecture estim\u00e9e":"2 minutes"},"schema":{"@context":"https:\/\/schema.org","@graph":[{"@type":"Article","@id":"https:\/\/vosgesinfo.fr\/gerardmerinfo\/2025\/04\/verrerie-owens-illinois-26-emplois-menaces-a-gironcourt-sur-vraine\/#article","isPartOf":{"@id":"https:\/\/vosgesinfo.fr\/gerardmerinfo\/2025\/04\/verrerie-owens-illinois-26-emplois-menaces-a-gironcourt-sur-vraine\/"},"author":{"name":"C.K.","@id":"https:\/\/vosgesinfo.fr\/gerardmerinfo\/#\/schema\/person\/6f9a650eeea99d969b6c4ab78fccbe81"},"headline":"Verrerie Owens-Illinois : 26 emplois menac\u00e9s \u00e0 Gironcourt-sur-Vraine","datePublished":"2025-04-11T16:35:58+00:00","dateModified":"2025-04-11T16:35:58+00:00","mainEntityOfPage":{"@id":"https:\/\/vosgesinfo.fr\/gerardmerinfo\/2025\/04\/verrerie-owens-illinois-26-emplois-menaces-a-gironcourt-sur-vraine\/"},"wordCount":334,"commentCount":0,"publisher":{"@id":"https:\/\/vosgesinfo.fr\/gerardmerinfo\/#organization"},"image":{"@id":"https:\/\/vosgesinfo.fr\/gerardmerinfo\/2025\/04\/verrerie-owens-illinois-26-emplois-menaces-a-gironcourt-sur-vraine\/#primaryimage"},"thumbnailUrl":"https:\/\/vosgesinfo.fr\/app\/uploads\/sites\/6\/2025\/04\/201601bouteille-verre-vert-recyclage-1-main-10563389.jpg","keywords":["economie","Gironcourt-sur-Vraine","verrerie Owens Illinois"],"articleSection":["A la une","Epinal","G\u00e9rardmer","La plaine des vosges","Remiremont","Saint-di\u00e9"],"inLanguage":"fr-FR","potentialAction":[{"@type":"CommentAction","name":"Comment","target":["https:\/\/vosgesinfo.fr\/gerardmerinfo\/2025\/04\/verrerie-owens-illinois-26-emplois-menaces-a-gironcourt-sur-vraine\/#respond"]}]},{"@type":"WebPage","@id":"https:\/\/vosgesinfo.fr\/gerardmerinfo\/2025\/04\/verrerie-owens-illinois-26-emplois-menaces-a-gironcourt-sur-vraine\/","url":"https:\/\/vosgesinfo.fr\/gerardmerinfo\/2025\/04\/verrerie-owens-illinois-26-emplois-menaces-a-gironcourt-sur-vraine\/","name":"Verrerie Owens-Illinois : 26 emplois menac\u00e9s \u00e0 Gironcourt-sur-Vraine - Gerardmer Info","isPartOf":{"@id":"https:\/\/vosgesinfo.fr\/gerardmerinfo\/#website"},"primaryImageOfPage":{"@id":"https:\/\/vosgesinfo.fr\/gerardmerinfo\/2025\/04\/verrerie-owens-illinois-26-emplois-menaces-a-gironcourt-sur-vraine\/#primaryimage"},"image":{"@id":"https:\/\/vosgesinfo.fr\/gerardmerinfo\/2025\/04\/verrerie-owens-illinois-26-emplois-menaces-a-gironcourt-sur-vraine\/#primaryimage"},"thumbnailUrl":"https:\/\/vosgesinfo.fr\/app\/uploads\/sites\/6\/2025\/04\/201601bouteille-verre-vert-recyclage-1-main-10563389.jpg","datePublished":"2025-04-11T16:35:58+00:00","dateModified":"2025-04-11T16:35:58+00:00","breadcrumb":{"@id":"https:\/\/vosgesinfo.fr\/gerardmerinfo\/2025\/04\/verrerie-owens-illinois-26-emplois-menaces-a-gironcourt-sur-vraine\/#breadcrumb"},"inLanguage":"fr-FR","potentialAction":[{"@type":"ReadAction","target":["https:\/\/vosgesinfo.fr\/gerardmerinfo\/2025\/04\/verrerie-owens-illinois-26-emplois-menaces-a-gironcourt-sur-vraine\/"]}]},{"@type":"ImageObject","inLanguage":"fr-FR","@id":"https:\/\/vosgesinfo.fr\/gerardmerinfo\/2025\/04\/verrerie-owens-illinois-26-emplois-menaces-a-gironcourt-sur-vraine\/#primaryimage","url":"https:\/\/vosgesinfo.fr\/app\/uploads\/sites\/6\/2025\/04\/201601bouteille-verre-vert-recyclage-1-main-10563389.jpg","contentUrl":"https:\/\/vosgesinfo.fr\/app\/uploads\/sites\/6\/2025\/04\/201601bouteille-verre-vert-recyclage-1-main-10563389.jpg","width":499,"height":352},{"@type":"BreadcrumbList","@id":"https:\/\/vosgesinfo.fr\/gerardmerinfo\/2025\/04\/verrerie-owens-illinois-26-emplois-menaces-a-gironcourt-sur-vraine\/#breadcrumb","itemListElement":[{"@type":"ListItem","position":1,"name":"Home","item":"https:\/\/vosgesinfo.fr\/gerardmerinfo\/"},{"@type":"ListItem","position":2,"name":"Verrerie Owens-Illinois : 26 emplois menac\u00e9s \u00e0 Gironcourt-sur-Vraine"}]},{"@type":"WebSite","@id":"https:\/\/vosgesinfo.fr\/gerardmerinfo\/#website","url":"https:\/\/vosgesinfo.fr\/gerardmerinfo\/","name":"Gerardmer Info","description":"Toute l&#039;actualit\u00e9 de G\u00e9rardmer","publisher":{"@id":"https:\/\/vosgesinfo.fr\/gerardmerinfo\/#organization"},"alternateName":"Toute l'actualit\u00e9 de G\u00e9rardmer","potentialAction":[{"@type":"SearchAction","target":{"@type":"EntryPoint","urlTemplate":"https:\/\/vosgesinfo.fr\/gerardmerinfo\/?s={search_term_string}"},"query-input":"required name=search_term_string"}],"inLanguage":"fr-FR"},{"@type":"Organization","@id":"https:\/\/vosgesinfo.fr\/gerardmerinfo\/#organization","name":"Gerardmer Info","url":"https:\/\/vosgesinfo.fr\/gerardmerinfo\/","logo":{"@type":"ImageObject","inLanguage":"fr-FR","@id":"https:\/\/vosgesinfo.fr\/gerardmerinfo\/#\/schema\/logo\/image\/","url":"https:\/\/vosgesinfo.fr\/app\/uploads\/sites\/6\/2023\/08\/favicon-gerardmerinfo.png","contentUrl":"https:\/\/vosgesinfo.fr\/app\/uploads\/sites\/6\/2023\/08\/favicon-gerardmerinfo.png","width":512,"height":512,"caption":"Gerardmer Info"},"image":{"@id":"https:\/\/vosgesinfo.fr\/gerardmerinfo\/#\/schema\/logo\/image\/"},"sameAs":["https:\/\/www.facebook.com\/profile.php?id=100049475262660","https:\/\/x.com\/VosgesInfo88","https:\/\/www.youtube.com\/@vosgesinfo"]},{"@type":"Person","@id":"https:\/\/vosgesinfo.fr\/gerardmerinfo\/#\/schema\/person\/6f9a650eeea99d969b6c4ab78fccbe81","name":"C.K.","image":{"@type":"ImageObject","inLanguage":"fr-FR","@id":"https:\/\/vosgesinfo.fr\/gerardmerinfo\/#\/schema\/person\/image\/","url":"https:\/\/secure.gravatar.com\/avatar\/48e3fc7f8421ba8942be6b74a2b7f014ca39bc00dece156b7a8e098ae7dc87bf?s=96&d=mm&r=g","contentUrl":"https:\/\/secure.gravatar.com\/avatar\/48e3fc7f8421ba8942be6b74a2b7f014ca39bc00dece156b7a8e098ae7dc87bf?s=96&d=mm&r=g","caption":"C.K."},"url":"https:\/\/vosgesinfo.fr\/gerardmerinfo\/author\/celia-k-n\/"}]}},"_links":{"self":[{"href":"https:\/\/vosgesinfo.fr\/gerardmerinfo\/wp-json\/wp\/v2\/posts\/76774","targetHints":{"allow":["GET"]}}],"collection":[{"href":"https:\/\/vosgesinfo.fr\/gerardmerinfo\/wp-json\/wp\/v2\/posts"}],"about":[{"href":"https:\/\/vosgesinfo.fr\/gerardmerinfo\/wp-json\/wp\/v2\/types\/post"}],"author":[{"embeddable":true,"href":"https:\/\/vosgesinfo.fr\/gerardmerinfo\/wp-json\/wp\/v2\/users\/52"}],"replies":[{"embeddable":true,"href":"https:\/\/vosgesinfo.fr\/gerardmerinfo\/wp-json\/wp\/v2\/comments?post=76774"}],"version-history":[{"count":0,"href":"https:\/\/vosgesinfo.fr\/gerardmerinfo\/wp-json\/wp\/v2\/posts\/76774\/revisions"}],"wp:featuredmedia":[{"embeddable":true,"href":"https:\/\/vosgesinfo.fr\/gerardmerinfo\/wp-json\/wp\/v2\/media\/76775"}],"wp:attachment":[{"href":"https:\/\/vosgesinfo.fr\/gerardmerinfo\/wp-json\/wp\/v2\/media?parent=76774"}],"wp:term":[{"taxonomy":"category","embeddable":true,"href":"https:\/\/vosgesinfo.fr\/gerardmerinfo\/wp-json\/wp\/v2\/categories?post=76774"},{"taxonomy":"post_tag","embeddable":true,"href":"https:\/\/vosgesinfo.fr\/gerardmerinfo\/wp-json\/wp\/v2\/tags?post=76774"}],"curies":[{"name":"wp","href":"https:\/\/api.w.org\/{rel}","templated":true}]}}