{"id":76776,"date":"2025-04-11T21:48:23","date_gmt":"2025-04-11T19:48:23","guid":{"rendered":"https:\/\/vosgesinfo.fr\/gerardmerinfo\/?p=76776"},"modified":"2025-04-11T21:36:33","modified_gmt":"2025-04-11T19:36:33","slug":"conseil-municipal-un-budget-coherent-et-prudent","status":"publish","type":"post","link":"https:\/\/vosgesinfo.fr\/gerardmerinfo\/2025\/04\/conseil-municipal-un-budget-coherent-et-prudent\/","title":{"rendered":"Conseil Municipal : un budget \u00ab\u00a0coh\u00e9rent et prudent\u00a0\u00bb"},"content":{"rendered":"<p data-pm-slice=\"1 1 []\"><strong>Plusieurs points \u00e9taient \u00e0 l&rsquo;ordre du jour du conseil municipal ce vendredi en mairie de G\u00e9rardmer, mais le gros morceau concernait bien entendu le vote du budget 2025 pour faire suite au d\u00e9bat d&rsquo;orientations budg\u00e9taires. Budget qui, sans surprise, n&rsquo;a pas fait l&rsquo;unanimit\u00e9 au sein des deux groupes d&rsquo;opposition.<\/strong><\/p>\n<p>En guise de pr\u00e9ambule, le maire de G\u00e9rardmer a une nouvelle fois rappel\u00e9 le contexte national et local dans lequel ce budget a \u00e9t\u00e9 \u00e9tabli avant de laisser la parole \u00e0 son adjoint aux finances qui a pr\u00e9sent\u00e9 le budget g\u00e9n\u00e9ral et les 7 budgets annexes \u00e0 ses coll\u00e8gues de l&rsquo;h\u00e9micycle (budgets qui ne seront pas d\u00e9taill\u00e9s ici, car bient\u00f4t consultables sur le site de la Ville de G\u00e9rardmer). On retiendra que le budget g\u00e9n\u00e9ral total s&rsquo;\u00e9l\u00e8ve \u00e0 26 146 926 \u20ac, dont 4 150 930 \u20ac en investissement et 21 995 995 \u20ac en fonctionnement. Le budget annexe Gestion ski (r\u00e9gie) s&rsquo;\u00e9l\u00e8ve pour sa part \u00e0 373 000 en investissement \u00e0 2 862 395 en fonctionnement. Olivier Odille a bien s\u00fbr pr\u00e9cis\u00e9 que l&rsquo;aide \u00e0 la station serait reconduite cette ann\u00e9e \u00e0 hauteur de 2,3 millions d&rsquo;euros, contre 2,8 millions en 2024. Globalement, l&rsquo;adjoint a \u00e9voqu\u00e9 un budget <em>\u00ab\u00a0dans la continuit\u00e9, coh\u00e9rent et prudent, car il y a encore des incertitudes<\/em>\u00ab\u00a0.<br \/>\nPremier \u00e0 r\u00e9agir suite \u00e0 la pr\u00e9sentation du budget, Eric Defranould pour le groupe G\u00e9rardmer Solidaire a indiqu\u00e9 qu&rsquo;il voterait contre ce budget \u00ab\u00a0<em>Nous pensons \u00e0 G\u00e9rardmer Solidaire qu&rsquo;un budget doit \u00e9galement anticiper sur l&rsquo;ann\u00e9e \u00e0 venir et sur les ann\u00e9es suivantes.<\/em><\/p>\n<p><strong><em>\u00ab\u00a0La t\u00eate dans le sable\u00a0\u00bb<\/em><\/strong><\/p>\n<p><em>Les subventions aux associations restent stables, mais du fait de l&rsquo;inflation en fait, elles diminuent. De plus, depuis cette ann\u00e9e, les associations qui louent l&rsquo;Espace LAC n&rsquo;ont plus acc\u00e8s \u00e0 la vaisselle et la louer leur est interdit alors qu&rsquo;elle est pourtant l\u00e0, dans les placards ; cela devient plus que difficile d&rsquo;organiser une journ\u00e9e dans ce lieu, ce qui est totalement aberrant. (\u2026). Pour ce qui est du d\u00e9veloppement du v\u00e9lo, il y a 15 ans, une premi\u00e8re \u00e9tude pr\u00e9sentait une piste cyclable du Tholy \u00e0 Retournemer ; elle n&rsquo;a jamais \u00e9t\u00e9 v\u00e9ritablement \u00e9tudi\u00e9e. En 2021, une nouvelle \u00e9tude, pay\u00e9e par le contribuable g\u00e9r\u00f4mois et pr\u00e9sent\u00e9e en r\u00e9union publique, a totalement disparu&#8230;<\/em><br \/>\n<em>Aujourd&rsquo;hui on apprend par la presse qu&rsquo;une piste cyclable est \u00e0 l&rsquo;\u00e9tude entre Bruy\u00e8res et G\u00e9rardmer (co\u00fbt estim\u00e9 entre 5 et 8 millions d&rsquo;euros) premiers travaux en 2027 avec destruction des rails donc impossibilit\u00e9 d&rsquo;un retour du train \u00e0 G\u00e9rardmer. Pourtant, le v\u00e9lo rail ou d&rsquo;autres solutions sont possibles sans ob\u00e9rer l&rsquo;avenir.<\/em><br \/>\n<em>Pour ce qui est de la station de ski, M. le maire nous avait annonc\u00e9 au printemps 2023 que la r\u00e9gie de ski serait termin\u00e9e pour la fin de l&rsquo;ann\u00e9e. Apr\u00e8s une impossible d\u00e9l\u00e9gation de service public, puis un nouvel hiver et un nouveau d\u00e9ficit, on continue comme si le d\u00e9ficit end\u00e9mique plus qu&rsquo;important devenait une subvention annuelle&#8230; Ce n&rsquo;est pas en mettant la t\u00eate dans le sable que l&rsquo;on va pr\u00e9voir l&rsquo;avenir..<\/em>.\u00a0\u00bb<\/p>\n<p><strong><em>\u00ab\u00a0Chercher des voies de diversification\u00a0\u00bb<\/em><\/strong><\/p>\n<p>Plusieurs points de convergence avec cette prise de parole au sein du groupe G\u00e9rardmer Notre Perle (qui, globalement, s&rsquo;abstiendra sur les votes, \u00e0 l&rsquo;exception du budget annexe des pompes fun\u00e8bres qui recueillera 6 votes contre de la part de l&rsquo;opposition \u2013 NDLR), par l&rsquo;interm\u00e9diaire d&rsquo;Adeline Dietsch : \u00ab\u00a0<em>On note que cette ann\u00e9e encore, les budgets de la station gr\u00e8vent le budget g\u00e9n\u00e9ral (2,3 millions d&rsquo;euros, dont 1 100 000 \u00e0 la R\u00e9gie ski et 1 200 000 au Domaine ski). Des sommes qui, quasiment, correspondent \u00e0 l\u2019exc\u00e9dent de fonctionnement 2024 maintenu en recettes de fonctionnement au lieu que cette somme significative soit affect\u00e9e en recettes d\u2019investissement pour le mieux de notre ville. Ce qu\u2019on peut dire, c\u2019est que dans le dossier ski, on n\u2019avance gu\u00e8re. La station plombe nos finances et on a le sentiment qu\u2019on a inscrit cette tendance comme une fatalit\u00e9 sans chercher des voies de diversification \u00e0 l\u2019activit\u00e9 ski qui permettraient de sortir de cette impasse. Il nous semble pourtant qu\u2019il y a l\u00e0 un v\u00e9ritable enjeu \u00e0 relever.<\/em><br \/>\n<em>L\u2019exc\u00e9dent budg\u00e9taire des services ext\u00e9rieurs des pompes fun\u00e8bres est une fois de plus vers\u00e9 au budget g\u00e9n\u00e9ral, bien que, s\u2019agissant d\u2019un SPIC, cela ne puisse \u00eatre la norme. On regrette que cet exc\u00e9dent ne soit pas affect\u00e9 en recettes d\u2019investissement de ce budget annexe pour am\u00e9liorer le confort des c\u00e9r\u00e9monies fun\u00e9raires, ainsi qu\u2019on en avait fait la suggestion r\u00e9cemmen<\/em>t\u00a0\u00bb retiendra-t-on entre autres de son intervention.<\/p>\n<p><strong>\u00ab\u00a0Une volont\u00e9 de ne pas fermer cette station violemment\u00a0\u00bb<\/strong><\/p>\n<p>Stessy Speissmann Mozas a tenu \u00e0 r\u00e9pondre bri\u00e8vement aux deux groupes d&rsquo;opposition : \u00e0 Eric Defranould, le premier magistrat a rappel\u00e9 que certaines remarques ne concernent pas des points de la responsabilit\u00e9 de la commune, comme la vaisselle de &lsquo;l\u2019espace LAC qui est du ressort de l&rsquo;Office de tourisme, ainsi que les liaisons douces qui concernent la communaut\u00e9 de communes. \u00ab\u00a0<em>Et concernant les subventions, je vous invite \u00e0 aller voir ce qui se fait ailleurs<\/em>\u00ab\u00a0, \u00e9voquant la difficult\u00e9 des communes \u00e0 maintenir leur soutien aux associations. \u00ab\u00a0<em>Concernant les voies de diversification, il faut savoir qu&rsquo;aucune activit\u00e9 4 saisons de diversification ne pourrait compenser les pertes li\u00e9es au ski. Ce n&rsquo;est pas \u00e0 la commune d&rsquo;investir l\u00e0-dessus. Nous sommes ouverts aux projets port\u00e9s par des priv\u00e9s. Un projet va d&rsquo;ailleurs \u00eatre \u00e9tudi\u00e9 et nous le soutiendrons<\/em>\u00a0\u00bb a \u00e9galement pr\u00e9cis\u00e9 le maire g\u00e9r\u00f4mois qui a rappel\u00e9, \u00e0 la demande de l&rsquo;opposition, sa position et celle de la majorit\u00e9 dans ce dossier : \u00ab\u00a0<em>Une volont\u00e9 claire d\u00e8s le d\u00e9but : ne pas fermer cette station violemment. Et on y travaille\u00a0\u00bb<\/em>.<br \/>\nEnfin, G\u00e9rardmer Notre Perle avait indiqu\u00e9 ne pas soutenir la d\u00e9marche de vente de certains biens de la commune, \u00e9voquant le fait de \u00ab\u00a0<em>brader les bijoux de famille\u00a0\u00bb<\/em> notamment. \u00ab\u00a0<em>Nous avons une gestion fine et \u00e7a ne me pose pas de probl\u00e8me de vendre un b\u00e2timent qui ne sert plus et qui nous co\u00fbte cher, surtout vu le contexte\u00a0\u00bb<\/em> a r\u00e9torqu\u00e9 le maire. Finalement, il y aura presque eu plus de d\u00e9bats ce vendredi que lors du d\u00e9bat d&rsquo;orientations budg\u00e9taires&#8230;<\/p>\n<p>&nbsp;<\/p>\n","protected":false},"excerpt":{"rendered":"<p>Plusieurs points \u00e9taient \u00e0 l&rsquo;ordre du jour du conseil municipal ce vendredi en mairie de G\u00e9rardmer, mais le gros morceau [&hellip;]<\/p>\n","protected":false},"author":42,"featured_media":6971,"comment_status":"closed","ping_status":"open","sticky":false,"template":"","format":"standard","meta":{"footnotes":""},"categories":[20,5,25,5647],"tags":[],"class_list":["post-76776","post","type-post","status-publish","format-standard","has-post-thumbnail","hentry","category-a-la-une","category-economie","category-gerardmer","category-gerardmer-autres-sites"],"acf":[],"yoast_head":"<!-- This site is optimized with the Yoast SEO plugin v22.5 - https:\/\/yoast.com\/wordpress\/plugins\/seo\/ -->\n<title>Conseil Municipal : un budget &quot;coh\u00e9rent et prudent&quot; - Gerardmer Info<\/title>\n<meta name=\"robots\" content=\"index, follow, max-snippet:-1, max-image-preview:large, max-video-preview:-1\" \/>\n<link rel=\"canonical\" href=\"https:\/\/vosgesinfo.fr\/gerardmerinfo\/2025\/04\/conseil-municipal-un-budget-coherent-et-prudent\/\" \/>\n<meta name=\"twitter:card\" content=\"summary_large_image\" \/>\n<meta name=\"twitter:title\" content=\"Conseil Municipal : un budget &quot;coh\u00e9rent et prudent&quot; - Gerardmer Info\" \/>\n<meta name=\"twitter:description\" content=\"Plusieurs points \u00e9taient \u00e0 l&rsquo;ordre du jour du conseil municipal ce vendredi en mairie de G\u00e9rardmer, mais le gros morceau [&hellip;]\" \/>\n<meta name=\"twitter:image\" content=\"https:\/\/vosgesinfo.fr\/app\/uploads\/sites\/6\/2024\/03\/conseil-municipal.jpg\" \/>\n<meta name=\"twitter:creator\" content=\"@VosgesInfo88\" \/>\n<meta name=\"twitter:site\" content=\"@VosgesInfo88\" \/>\n<meta name=\"twitter:label1\" content=\"\u00c9crit par\" \/>\n\t<meta name=\"twitter:data1\" content=\"QG\" \/>\n\t<meta name=\"twitter:label2\" content=\"Dur\u00e9e de lecture estim\u00e9e\" \/>\n\t<meta name=\"twitter:data2\" content=\"1 minute\" \/>\n<script type=\"application\/ld+json\" class=\"yoast-schema-graph\">{\"@context\":\"https:\/\/schema.org\",\"@graph\":[{\"@type\":\"Article\",\"@id\":\"https:\/\/vosgesinfo.fr\/gerardmerinfo\/2025\/04\/conseil-municipal-un-budget-coherent-et-prudent\/#article\",\"isPartOf\":{\"@id\":\"https:\/\/vosgesinfo.fr\/gerardmerinfo\/2025\/04\/conseil-municipal-un-budget-coherent-et-prudent\/\"},\"author\":{\"name\":\"QG\",\"@id\":\"https:\/\/vosgesinfo.fr\/gerardmerinfo\/#\/schema\/person\/db5605779a843dad16b5368f3e7613a5\"},\"headline\":\"Conseil Municipal : un budget \u00ab\u00a0coh\u00e9rent et prudent\u00a0\u00bb\",\"datePublished\":\"2025-04-11T19:48:23+00:00\",\"dateModified\":\"2025-04-11T19:36:33+00:00\",\"mainEntityOfPage\":{\"@id\":\"https:\/\/vosgesinfo.fr\/gerardmerinfo\/2025\/04\/conseil-municipal-un-budget-coherent-et-prudent\/\"},\"wordCount\":1106,\"publisher\":{\"@id\":\"https:\/\/vosgesinfo.fr\/gerardmerinfo\/#organization\"},\"image\":{\"@id\":\"https:\/\/vosgesinfo.fr\/gerardmerinfo\/2025\/04\/conseil-municipal-un-budget-coherent-et-prudent\/#primaryimage\"},\"thumbnailUrl\":\"https:\/\/vosgesinfo.fr\/app\/uploads\/sites\/6\/2024\/03\/conseil-municipal.jpg\",\"articleSection\":[\"A la une\",\"\u00c9conomie\",\"G\u00e9rardmer\",\"Gerardmer\"],\"inLanguage\":\"fr-FR\"},{\"@type\":\"WebPage\",\"@id\":\"https:\/\/vosgesinfo.fr\/gerardmerinfo\/2025\/04\/conseil-municipal-un-budget-coherent-et-prudent\/\",\"url\":\"https:\/\/vosgesinfo.fr\/gerardmerinfo\/2025\/04\/conseil-municipal-un-budget-coherent-et-prudent\/\",\"name\":\"Conseil Municipal : un budget \\\"coh\u00e9rent et prudent\\\" - Gerardmer Info\",\"isPartOf\":{\"@id\":\"https:\/\/vosgesinfo.fr\/gerardmerinfo\/#website\"},\"primaryImageOfPage\":{\"@id\":\"https:\/\/vosgesinfo.fr\/gerardmerinfo\/2025\/04\/conseil-municipal-un-budget-coherent-et-prudent\/#primaryimage\"},\"image\":{\"@id\":\"https:\/\/vosgesinfo.fr\/gerardmerinfo\/2025\/04\/conseil-municipal-un-budget-coherent-et-prudent\/#primaryimage\"},\"thumbnailUrl\":\"https:\/\/vosgesinfo.fr\/app\/uploads\/sites\/6\/2024\/03\/conseil-municipal.jpg\",\"datePublished\":\"2025-04-11T19:48:23+00:00\",\"dateModified\":\"2025-04-11T19:36:33+00:00\",\"breadcrumb\":{\"@id\":\"https:\/\/vosgesinfo.fr\/gerardmerinfo\/2025\/04\/conseil-municipal-un-budget-coherent-et-prudent\/#breadcrumb\"},\"inLanguage\":\"fr-FR\",\"potentialAction\":[{\"@type\":\"ReadAction\",\"target\":[\"https:\/\/vosgesinfo.fr\/gerardmerinfo\/2025\/04\/conseil-municipal-un-budget-coherent-et-prudent\/\"]}]},{\"@type\":\"ImageObject\",\"inLanguage\":\"fr-FR\",\"@id\":\"https:\/\/vosgesinfo.fr\/gerardmerinfo\/2025\/04\/conseil-municipal-un-budget-coherent-et-prudent\/#primaryimage\",\"url\":\"https:\/\/vosgesinfo.fr\/app\/uploads\/sites\/6\/2024\/03\/conseil-municipal.jpg\",\"contentUrl\":\"https:\/\/vosgesinfo.fr\/app\/uploads\/sites\/6\/2024\/03\/conseil-municipal.jpg\",\"width\":715,\"height\":345},{\"@type\":\"BreadcrumbList\",\"@id\":\"https:\/\/vosgesinfo.fr\/gerardmerinfo\/2025\/04\/conseil-municipal-un-budget-coherent-et-prudent\/#breadcrumb\",\"itemListElement\":[{\"@type\":\"ListItem\",\"position\":1,\"name\":\"Home\",\"item\":\"https:\/\/vosgesinfo.fr\/gerardmerinfo\/\"},{\"@type\":\"ListItem\",\"position\":2,\"name\":\"Conseil Municipal : un budget \u00ab\u00a0coh\u00e9rent et prudent\u00a0\u00bb\"}]},{\"@type\":\"WebSite\",\"@id\":\"https:\/\/vosgesinfo.fr\/gerardmerinfo\/#website\",\"url\":\"https:\/\/vosgesinfo.fr\/gerardmerinfo\/\",\"name\":\"Gerardmer Info\",\"description\":\"Toute l&#039;actualit\u00e9 de G\u00e9rardmer\",\"publisher\":{\"@id\":\"https:\/\/vosgesinfo.fr\/gerardmerinfo\/#organization\"},\"alternateName\":\"Toute l'actualit\u00e9 de G\u00e9rardmer\",\"potentialAction\":[{\"@type\":\"SearchAction\",\"target\":{\"@type\":\"EntryPoint\",\"urlTemplate\":\"https:\/\/vosgesinfo.fr\/gerardmerinfo\/?s={search_term_string}\"},\"query-input\":\"required name=search_term_string\"}],\"inLanguage\":\"fr-FR\"},{\"@type\":\"Organization\",\"@id\":\"https:\/\/vosgesinfo.fr\/gerardmerinfo\/#organization\",\"name\":\"Gerardmer Info\",\"url\":\"https:\/\/vosgesinfo.fr\/gerardmerinfo\/\",\"logo\":{\"@type\":\"ImageObject\",\"inLanguage\":\"fr-FR\",\"@id\":\"https:\/\/vosgesinfo.fr\/gerardmerinfo\/#\/schema\/logo\/image\/\",\"url\":\"https:\/\/vosgesinfo.fr\/app\/uploads\/sites\/6\/2023\/08\/favicon-gerardmerinfo.png\",\"contentUrl\":\"https:\/\/vosgesinfo.fr\/app\/uploads\/sites\/6\/2023\/08\/favicon-gerardmerinfo.png\",\"width\":512,\"height\":512,\"caption\":\"Gerardmer Info\"},\"image\":{\"@id\":\"https:\/\/vosgesinfo.fr\/gerardmerinfo\/#\/schema\/logo\/image\/\"},\"sameAs\":[\"https:\/\/www.facebook.com\/profile.php?id=100049475262660\",\"https:\/\/x.com\/VosgesInfo88\",\"https:\/\/www.youtube.com\/@vosgesinfo\"]},{\"@type\":\"Person\",\"@id\":\"https:\/\/vosgesinfo.fr\/gerardmerinfo\/#\/schema\/person\/db5605779a843dad16b5368f3e7613a5\",\"name\":\"QG\",\"image\":{\"@type\":\"ImageObject\",\"inLanguage\":\"fr-FR\",\"@id\":\"https:\/\/vosgesinfo.fr\/gerardmerinfo\/#\/schema\/person\/image\/\",\"url\":\"https:\/\/secure.gravatar.com\/avatar\/ea80c42c204b534408512832fde52504ecabb9706bcb6151cf6175e5b64e6793?s=96&d=mm&r=g\",\"contentUrl\":\"https:\/\/secure.gravatar.com\/avatar\/ea80c42c204b534408512832fde52504ecabb9706bcb6151cf6175e5b64e6793?s=96&d=mm&r=g\",\"caption\":\"QG\"},\"url\":\"https:\/\/vosgesinfo.fr\/gerardmerinfo\/author\/quentin88\/\"}]}<\/script>\n<!-- \/ Yoast SEO plugin. -->","yoast_head_json":{"title":"Conseil Municipal : un budget \"coh\u00e9rent et prudent\" - Gerardmer Info","robots":{"index":"index","follow":"follow","max-snippet":"max-snippet:-1","max-image-preview":"max-image-preview:large","max-video-preview":"max-video-preview:-1"},"canonical":"https:\/\/vosgesinfo.fr\/gerardmerinfo\/2025\/04\/conseil-municipal-un-budget-coherent-et-prudent\/","twitter_card":"summary_large_image","twitter_title":"Conseil Municipal : un budget \"coh\u00e9rent et prudent\" - Gerardmer Info","twitter_description":"Plusieurs points \u00e9taient \u00e0 l&rsquo;ordre du jour du conseil municipal ce vendredi en mairie de G\u00e9rardmer, mais le gros morceau [&hellip;]","twitter_image":"https:\/\/vosgesinfo.fr\/app\/uploads\/sites\/6\/2024\/03\/conseil-municipal.jpg","twitter_creator":"@VosgesInfo88","twitter_site":"@VosgesInfo88","twitter_misc":{"\u00c9crit par":"QG","Dur\u00e9e de lecture estim\u00e9e":"1 minute"},"schema":{"@context":"https:\/\/schema.org","@graph":[{"@type":"Article","@id":"https:\/\/vosgesinfo.fr\/gerardmerinfo\/2025\/04\/conseil-municipal-un-budget-coherent-et-prudent\/#article","isPartOf":{"@id":"https:\/\/vosgesinfo.fr\/gerardmerinfo\/2025\/04\/conseil-municipal-un-budget-coherent-et-prudent\/"},"author":{"name":"QG","@id":"https:\/\/vosgesinfo.fr\/gerardmerinfo\/#\/schema\/person\/db5605779a843dad16b5368f3e7613a5"},"headline":"Conseil Municipal : un budget \u00ab\u00a0coh\u00e9rent et prudent\u00a0\u00bb","datePublished":"2025-04-11T19:48:23+00:00","dateModified":"2025-04-11T19:36:33+00:00","mainEntityOfPage":{"@id":"https:\/\/vosgesinfo.fr\/gerardmerinfo\/2025\/04\/conseil-municipal-un-budget-coherent-et-prudent\/"},"wordCount":1106,"publisher":{"@id":"https:\/\/vosgesinfo.fr\/gerardmerinfo\/#organization"},"image":{"@id":"https:\/\/vosgesinfo.fr\/gerardmerinfo\/2025\/04\/conseil-municipal-un-budget-coherent-et-prudent\/#primaryimage"},"thumbnailUrl":"https:\/\/vosgesinfo.fr\/app\/uploads\/sites\/6\/2024\/03\/conseil-municipal.jpg","articleSection":["A la une","\u00c9conomie","G\u00e9rardmer","Gerardmer"],"inLanguage":"fr-FR"},{"@type":"WebPage","@id":"https:\/\/vosgesinfo.fr\/gerardmerinfo\/2025\/04\/conseil-municipal-un-budget-coherent-et-prudent\/","url":"https:\/\/vosgesinfo.fr\/gerardmerinfo\/2025\/04\/conseil-municipal-un-budget-coherent-et-prudent\/","name":"Conseil Municipal : un budget \"coh\u00e9rent et prudent\" - Gerardmer Info","isPartOf":{"@id":"https:\/\/vosgesinfo.fr\/gerardmerinfo\/#website"},"primaryImageOfPage":{"@id":"https:\/\/vosgesinfo.fr\/gerardmerinfo\/2025\/04\/conseil-municipal-un-budget-coherent-et-prudent\/#primaryimage"},"image":{"@id":"https:\/\/vosgesinfo.fr\/gerardmerinfo\/2025\/04\/conseil-municipal-un-budget-coherent-et-prudent\/#primaryimage"},"thumbnailUrl":"https:\/\/vosgesinfo.fr\/app\/uploads\/sites\/6\/2024\/03\/conseil-municipal.jpg","datePublished":"2025-04-11T19:48:23+00:00","dateModified":"2025-04-11T19:36:33+00:00","breadcrumb":{"@id":"https:\/\/vosgesinfo.fr\/gerardmerinfo\/2025\/04\/conseil-municipal-un-budget-coherent-et-prudent\/#breadcrumb"},"inLanguage":"fr-FR","potentialAction":[{"@type":"ReadAction","target":["https:\/\/vosgesinfo.fr\/gerardmerinfo\/2025\/04\/conseil-municipal-un-budget-coherent-et-prudent\/"]}]},{"@type":"ImageObject","inLanguage":"fr-FR","@id":"https:\/\/vosgesinfo.fr\/gerardmerinfo\/2025\/04\/conseil-municipal-un-budget-coherent-et-prudent\/#primaryimage","url":"https:\/\/vosgesinfo.fr\/app\/uploads\/sites\/6\/2024\/03\/conseil-municipal.jpg","contentUrl":"https:\/\/vosgesinfo.fr\/app\/uploads\/sites\/6\/2024\/03\/conseil-municipal.jpg","width":715,"height":345},{"@type":"BreadcrumbList","@id":"https:\/\/vosgesinfo.fr\/gerardmerinfo\/2025\/04\/conseil-municipal-un-budget-coherent-et-prudent\/#breadcrumb","itemListElement":[{"@type":"ListItem","position":1,"name":"Home","item":"https:\/\/vosgesinfo.fr\/gerardmerinfo\/"},{"@type":"ListItem","position":2,"name":"Conseil Municipal : un budget \u00ab\u00a0coh\u00e9rent et prudent\u00a0\u00bb"}]},{"@type":"WebSite","@id":"https:\/\/vosgesinfo.fr\/gerardmerinfo\/#website","url":"https:\/\/vosgesinfo.fr\/gerardmerinfo\/","name":"Gerardmer Info","description":"Toute l&#039;actualit\u00e9 de G\u00e9rardmer","publisher":{"@id":"https:\/\/vosgesinfo.fr\/gerardmerinfo\/#organization"},"alternateName":"Toute l'actualit\u00e9 de G\u00e9rardmer","potentialAction":[{"@type":"SearchAction","target":{"@type":"EntryPoint","urlTemplate":"https:\/\/vosgesinfo.fr\/gerardmerinfo\/?s={search_term_string}"},"query-input":"required name=search_term_string"}],"inLanguage":"fr-FR"},{"@type":"Organization","@id":"https:\/\/vosgesinfo.fr\/gerardmerinfo\/#organization","name":"Gerardmer Info","url":"https:\/\/vosgesinfo.fr\/gerardmerinfo\/","logo":{"@type":"ImageObject","inLanguage":"fr-FR","@id":"https:\/\/vosgesinfo.fr\/gerardmerinfo\/#\/schema\/logo\/image\/","url":"https:\/\/vosgesinfo.fr\/app\/uploads\/sites\/6\/2023\/08\/favicon-gerardmerinfo.png","contentUrl":"https:\/\/vosgesinfo.fr\/app\/uploads\/sites\/6\/2023\/08\/favicon-gerardmerinfo.png","width":512,"height":512,"caption":"Gerardmer Info"},"image":{"@id":"https:\/\/vosgesinfo.fr\/gerardmerinfo\/#\/schema\/logo\/image\/"},"sameAs":["https:\/\/www.facebook.com\/profile.php?id=100049475262660","https:\/\/x.com\/VosgesInfo88","https:\/\/www.youtube.com\/@vosgesinfo"]},{"@type":"Person","@id":"https:\/\/vosgesinfo.fr\/gerardmerinfo\/#\/schema\/person\/db5605779a843dad16b5368f3e7613a5","name":"QG","image":{"@type":"ImageObject","inLanguage":"fr-FR","@id":"https:\/\/vosgesinfo.fr\/gerardmerinfo\/#\/schema\/person\/image\/","url":"https:\/\/secure.gravatar.com\/avatar\/ea80c42c204b534408512832fde52504ecabb9706bcb6151cf6175e5b64e6793?s=96&d=mm&r=g","contentUrl":"https:\/\/secure.gravatar.com\/avatar\/ea80c42c204b534408512832fde52504ecabb9706bcb6151cf6175e5b64e6793?s=96&d=mm&r=g","caption":"QG"},"url":"https:\/\/vosgesinfo.fr\/gerardmerinfo\/author\/quentin88\/"}]}},"_links":{"self":[{"href":"https:\/\/vosgesinfo.fr\/gerardmerinfo\/wp-json\/wp\/v2\/posts\/76776","targetHints":{"allow":["GET"]}}],"collection":[{"href":"https:\/\/vosgesinfo.fr\/gerardmerinfo\/wp-json\/wp\/v2\/posts"}],"about":[{"href":"https:\/\/vosgesinfo.fr\/gerardmerinfo\/wp-json\/wp\/v2\/types\/post"}],"author":[{"embeddable":true,"href":"https:\/\/vosgesinfo.fr\/gerardmerinfo\/wp-json\/wp\/v2\/users\/42"}],"replies":[{"embeddable":true,"href":"https:\/\/vosgesinfo.fr\/gerardmerinfo\/wp-json\/wp\/v2\/comments?post=76776"}],"version-history":[{"count":3,"href":"https:\/\/vosgesinfo.fr\/gerardmerinfo\/wp-json\/wp\/v2\/posts\/76776\/revisions"}],"predecessor-version":[{"id":76782,"href":"https:\/\/vosgesinfo.fr\/gerardmerinfo\/wp-json\/wp\/v2\/posts\/76776\/revisions\/76782"}],"wp:featuredmedia":[{"embeddable":true,"href":"https:\/\/vosgesinfo.fr\/gerardmerinfo\/wp-json\/wp\/v2\/media\/6971"}],"wp:attachment":[{"href":"https:\/\/vosgesinfo.fr\/gerardmerinfo\/wp-json\/wp\/v2\/media?parent=76776"}],"wp:term":[{"taxonomy":"category","embeddable":true,"href":"https:\/\/vosgesinfo.fr\/gerardmerinfo\/wp-json\/wp\/v2\/categories?post=76776"},{"taxonomy":"post_tag","embeddable":true,"href":"https:\/\/vosgesinfo.fr\/gerardmerinfo\/wp-json\/wp\/v2\/tags?post=76776"}],"curies":[{"name":"wp","href":"https:\/\/api.w.org\/{rel}","templated":true}]}}