{"id":76787,"date":"2025-04-12T11:51:26","date_gmt":"2025-04-12T09:51:26","guid":{"rendered":"https:\/\/vosgesinfo.fr\/gerardmerinfo\/?p=76787"},"modified":"2025-04-12T09:58:12","modified_gmt":"2025-04-12T07:58:12","slug":"reunion-dinformation-venez-decouvrir-le-projet-collaboratif-de-danse-extension","status":"publish","type":"post","link":"https:\/\/vosgesinfo.fr\/gerardmerinfo\/2025\/04\/reunion-dinformation-venez-decouvrir-le-projet-collaboratif-de-danse-extension\/","title":{"rendered":"R\u00e9union d\u2019information : Venez d\u00e9couvrir le projet collaboratif de danse \u00ab\u00a0Extension\u00a0\u00bb"},"content":{"rendered":"<h3><span style=\"font-family: Times New Roman, serif; font-size: 14pt;\"><strong>R\u00e9union d\u2019information sur le projet \u00ab\u00a0Extension\u00a0\u00bb port\u00e9 par le Conseil D\u00e9partemental et la Compagnie S\u2019Poart, associ\u00e9 avec la Danse Moderne Academy (DMA)<\/strong><\/span><\/h3>\n<p>&nbsp;<\/p>\n<p><strong><span style=\"font-family: Times New Roman, serif;\"><span style=\"font-size: medium;\">Remiremont, le 2 Avril 2025.<\/span><\/span><\/strong><\/p>\n<p align=\"justify\"><span style=\"font-family: Times New Roman, serif;\"><span style=\"font-size: medium;\"><a href=\"https:\/\/vosgesinfo.fr\/app\/uploads\/sites\/6\/2025\/04\/cd88-spoart-flyer-extension-v5-page-0001.jpg\"><img decoding=\"async\" class=\"alignright size-medium wp-image-76788\" src=\"https:\/\/vosgesinfo.fr\/app\/uploads\/sites\/6\/2025\/04\/cd88-spoart-flyer-extension-v5-page-0001-212x300.jpg\" alt=\"\" width=\"212\" height=\"300\" srcset=\"https:\/\/vosgesinfo.fr\/app\/uploads\/sites\/6\/2025\/04\/cd88-spoart-flyer-extension-v5-page-0001-212x300.jpg 212w, https:\/\/vosgesinfo.fr\/app\/uploads\/sites\/6\/2025\/04\/cd88-spoart-flyer-extension-v5-page-0001-724x1024.jpg 724w, https:\/\/vosgesinfo.fr\/app\/uploads\/sites\/6\/2025\/04\/cd88-spoart-flyer-extension-v5-page-0001-768x1087.jpg 768w, https:\/\/vosgesinfo.fr\/app\/uploads\/sites\/6\/2025\/04\/cd88-spoart-flyer-extension-v5-page-0001.jpg 877w\" sizes=\"(max-width: 212px) 100vw, 212px\" \/><\/a>Depuis 2023, le Conseil D\u00e9partemental des Vosges accueille la <strong>Compagnie S\u2019Poart<\/strong> en r\u00e9sidence d\u00e9partementale. Reconnue pour son expertise en danse contemporaine, hip-hop et breakdance, cette compagnie a marqu\u00e9 son passage par des initiatives artistiques fortes. <strong>2025<\/strong>, derni\u00e8re ann\u00e9e de cette r\u00e9sidence, sera l\u2019occasion de clore ce partenariat avec un projet d\u2019envergure : <strong>\u00ab\u00a0Extension\u00a0\u00bb<\/strong>.<\/span><\/span><\/p>\n<p align=\"justify\"><span style=\"font-family: Times New Roman, serif;\"><span style=\"font-size: medium;\">Ce projet ambitieux, d\u00e9ploy\u00e9 sur plusieurs territoires des Vosges, mettra un accent particulier sur la ville de <strong>Remiremont<\/strong>, notamment dans le quartier prioritaire du <strong>Rhumont<\/strong>. Identifi\u00e9 comme un p\u00f4le majeur de la politique de la ville, ce quartier b\u00e9n\u00e9ficiera ainsi d\u2019un \u00e9v\u00e9nement culturel f\u00e9d\u00e9rateur, visant \u00e0 renforcer le lien social et \u00e0 favoriser l\u2019acc\u00e8s aux arts vivants pour tous.<\/span><\/span><\/p>\n<p align=\"justify\"><span style=\"font-family: Times New Roman, serif;\"><span style=\"font-size: medium;\">La <strong>Danse Moderne Academy (DMA)<\/strong>, partenaire majeur du projet, s\u2019engage pleinement pour accompagner les habitants du quartier du Rhumont, entre autre, des danseurs novices ou exp\u00e9riment\u00e9s, adh\u00e9rents ou non de la DMA, et leur garantir un acc\u00e8s \u00e9quitable \u00e0 cette aventure artistique unique.<\/span><\/span><\/p>\n<p align=\"justify\"><span style=\"font-family: Times New Roman, serif;\"><span style=\"font-size: medium;\"><strong><span style=\"color: #2f5496;\"><span style=\"font-size: large;\">R\u00e9union d\u2019information : Venez d\u00e9couvrir le projet \u00ab\u00a0Extension\u00a0\u00bb<\/span><\/span><\/strong><\/span><\/span><\/p>\n<p align=\"justify\"><span style=\"font-family: Times New Roman, serif;\"><span style=\"font-size: medium;\">Afin de pr\u00e9senter ce projet et d\u2019\u00e9changer avec les habitants, partenaires et curieux, une <strong>r\u00e9union d\u2019information<\/strong> est organis\u00e9e le :<\/span><\/span><\/p>\n<p>\ud83d\udcc5 <span style=\"font-family: Times New Roman, serif;\"><span style=\"font-size: medium;\"><strong>Samedi 12 avril 2025 \u00e0 15h00<\/strong><br \/>\n<span style=\"font-family: Segoe UI Emoji, sans-serif;\">\ud83d\udccd<\/span> <strong>Espace Belv\u00e9d\u00e8re, 3 rue des \u00c9tangs Baguette, Remiremont<\/strong><br \/>\n<span style=\"font-family: Segoe UI Symbol, sans-serif;\">\ud83c\udf9f<\/span>\ufe0f <strong>Entr\u00e9e libre<\/strong><\/span><\/span><\/p>\n<p align=\"justify\"><span style=\"font-family: Times New Roman, serif;\"><span style=\"font-size: medium;\">Ce rendez-vous sera l\u2019occasion de d\u00e9tailler :<\/span><\/span><\/p>\n<ul>\n<li>\n<p align=\"justify\"><span style=\"font-family: Times New Roman, serif;\"><span style=\"font-size: medium;\"><strong>Les objectifs du projet \u00ab\u00a0Extension\u00a0\u00bb<\/strong> : promouvoir la danse urbaine comme outil d\u2019expression et de lien social ;<\/span><\/span><\/p>\n<\/li>\n<li>\n<p align=\"justify\"><span style=\"font-family: Times New Roman, serif;\"><span style=\"font-size: medium;\"><strong>Les temps forts<\/strong> : des ateliers, des r\u00e9p\u00e9titions avec des danseurs professionnels et des repr\u00e9sentations publiques ;<\/span><\/span><\/p>\n<\/li>\n<li>\n<p align=\"justify\"><span style=\"font-family: Times New Roman, serif;\"><span style=\"font-size: medium;\"><strong>Les modalit\u00e9s de participation<\/strong> : pour les danseurs confirm\u00e9s, les d\u00e9butants et les <span style=\"color: #000000;\"><span style=\"font-size: large;\">habitants souhaitant s\u2019impliquer ;<\/span><\/span><\/span><\/span><\/p>\n<\/li>\n<li>\n<p align=\"justify\"><span style=\"font-family: Times New Roman, serif;\"><span style=\"font-size: medium;\">L\u2019impact du projet : dynamiser le territoire, favoriser l\u2019inclusion sociale et valoriser les talents locaux.<\/span><\/span><\/p>\n<\/li>\n<\/ul>\n<p align=\"justify\"><span style=\"font-family: Times New Roman, serif;\"><span style=\"font-size: medium;\">Nous vous attendons nombreux pour d\u00e9couvrir comment \u00ab\u00a0Extension\u00a0\u00bb va faire vibrer Remiremont et ses habitants !<\/span><\/span><\/p>\n<p align=\"justify\">\n<p><span style=\"font-family: Times New Roman, serif;\"><span style=\"font-size: medium;\">Pour plus d&rsquo;informations ou pour toute question, veuillez contacter :<\/span><\/span><\/p>\n<p>\ud83d\udce7 <span style=\"font-family: Times New Roman, serif;\"><span style=\"font-size: medium;\"><a href=\"mailto:dma88200@gmail.com\">dma88200@gmail.com<\/a><\/span><\/span><\/p>\n<p><span style=\"font-family: Times New Roman, serif;\"><span style=\"font-size: medium;\">T\u00e9l\u00e9phone : 06 21 93 36 05<\/span><\/span><\/p>\n<p align=\"justify\"><span style=\"font-family: Times New Roman, serif;\"><span style=\"font-size: medium;\">Nous invitons tous les passionn\u00e9s de danse \u00e0 se joindre \u00e0 nous pour une saison prometteuse, remplie de cr\u00e9ativit\u00e9, de d\u00e9veloppement personnel et de plaisir.<\/span><\/span><\/p>\n<p><span style=\"font-family: Times New Roman, serif;\"><span style=\"font-size: medium;\"><b>\u00c0 propos de la Danse Moderne Academy :<\/b><\/span><\/span><\/p>\n<p align=\"justify\"><span style=\"font-family: Times New Roman, serif;\"><span style=\"font-size: medium;\">La Danse Moderne Academy est d\u00e9di\u00e9e \u00e0 l&rsquo;enseignement de la danse dans un environnement accueillant et inclusif. Nous nous effor\u00e7ons d&rsquo;inspirer et de d\u00e9velopper le talent des danseurs de tous \u00e2ges et niveaux \u00e0 travers une vari\u00e9t\u00e9 de styles et de disciplines.<\/span><\/span><\/p>\n<p><span style=\"font-family: Times New Roman, serif;\"><span style=\"font-size: medium;\"><\/p>\n<p><\/span><\/span><span style=\"font-family: Times New Roman, serif;\"><span style=\"font-size: medium;\"><b>Suivez nos actualit\u00e9s sur nos r\u00e9seaux sociaux :<\/b><\/span><\/span><\/p>\n<p align=\"center\"><span style=\"font-family: Times New Roman, serif;\"><span style=\"font-size: medium;\">&#8211; Facebook: Danse Moderne Academy<\/span><\/span><\/p>\n<p align=\"center\"><span style=\"font-family: Times New Roman, serif;\"><span style=\"font-size: medium;\">&#8211; Twitter: dmaofficiel<\/span><\/span><\/p>\n<p align=\"center\"><span style=\"font-family: Times New Roman, serif;\"><span style=\"font-size: medium;\">&#8211; Instagram: dmaofficiel<\/span><\/span><\/p>\n<p align=\"center\"><span style=\"font-family: Times New Roman, serif;\"><span style=\"font-size: medium;\">&#8211; Snapchat: officiel_dma<\/span><\/span><\/p>\n<p align=\"center\"><span style=\"font-family: Times New Roman, serif;\"><span style=\"font-size: medium;\">&#8211; TikTok: danse_moderne_academy<\/span><\/span><\/p>\n<p align=\"center\"><span style=\"font-family: Times New Roman, serif;\"><span style=\"font-size: medium;\">&#8211; YouTube: DMA YouTube<\/span><\/span><\/p>\n<p>&nbsp;<\/p>\n<p align=\"justify\">\n","protected":false},"excerpt":{"rendered":"<p>R\u00e9union d\u2019information sur le projet \u00ab\u00a0Extension\u00a0\u00bb port\u00e9 par le Conseil D\u00e9partemental et la Compagnie S\u2019Poart, associ\u00e9 avec la Danse Moderne [&hellip;]<\/p>\n","protected":false},"author":391,"featured_media":76788,"comment_status":"open","ping_status":"open","sticky":false,"template":"","format":"standard","meta":{"footnotes":""},"categories":[20,878,5647,868],"tags":[85,7136,7137],"class_list":["post-76787","post","type-post","status-publish","format-standard","has-post-thumbnail","hentry","category-a-la-une","category-epinal","category-gerardmer-autres-sites","category-remiremont","tag-danse-moderne-academy","tag-dma","tag-extension"],"acf":[],"yoast_head":"<!-- This site is optimized with the Yoast SEO plugin v22.5 - https:\/\/yoast.com\/wordpress\/plugins\/seo\/ -->\n<title>R\u00e9union d\u2019information : Venez d\u00e9couvrir le projet collaboratif de danse &quot;Extension&quot; - Gerardmer Info<\/title>\n<meta name=\"robots\" content=\"index, follow, max-snippet:-1, max-image-preview:large, max-video-preview:-1\" \/>\n<link rel=\"canonical\" href=\"https:\/\/vosgesinfo.fr\/gerardmerinfo\/2025\/04\/reunion-dinformation-venez-decouvrir-le-projet-collaboratif-de-danse-extension\/\" \/>\n<meta name=\"twitter:card\" content=\"summary_large_image\" \/>\n<meta name=\"twitter:title\" content=\"R\u00e9union d\u2019information : Venez d\u00e9couvrir le projet collaboratif de danse &quot;Extension&quot; - Gerardmer Info\" \/>\n<meta name=\"twitter:description\" content=\"R\u00e9union d\u2019information sur le projet \u00ab\u00a0Extension\u00a0\u00bb port\u00e9 par le Conseil D\u00e9partemental et la Compagnie S\u2019Poart, associ\u00e9 avec la Danse Moderne [&hellip;]\" \/>\n<meta name=\"twitter:image\" content=\"https:\/\/vosgesinfo.fr\/app\/uploads\/sites\/6\/2025\/04\/cd88-spoart-flyer-extension-v5-page-0001.jpg\" \/>\n<meta name=\"twitter:creator\" content=\"@VosgesInfo88\" \/>\n<meta name=\"twitter:site\" content=\"@VosgesInfo88\" \/>\n<meta name=\"twitter:label1\" content=\"\u00c9crit par\" \/>\n\t<meta name=\"twitter:data1\" content=\"La redaction\" \/>\n\t<meta name=\"twitter:label2\" content=\"Dur\u00e9e de lecture estim\u00e9e\" \/>\n\t<meta name=\"twitter:data2\" content=\"2 minutes\" \/>\n<script type=\"application\/ld+json\" class=\"yoast-schema-graph\">{\"@context\":\"https:\/\/schema.org\",\"@graph\":[{\"@type\":\"Article\",\"@id\":\"https:\/\/vosgesinfo.fr\/gerardmerinfo\/2025\/04\/reunion-dinformation-venez-decouvrir-le-projet-collaboratif-de-danse-extension\/#article\",\"isPartOf\":{\"@id\":\"https:\/\/vosgesinfo.fr\/gerardmerinfo\/2025\/04\/reunion-dinformation-venez-decouvrir-le-projet-collaboratif-de-danse-extension\/\"},\"author\":{\"name\":\"La redaction\",\"@id\":\"https:\/\/vosgesinfo.fr\/gerardmerinfo\/#\/schema\/person\/27a3695b06db98895b354c0765cdfc31\"},\"headline\":\"R\u00e9union d\u2019information : Venez d\u00e9couvrir le projet collaboratif de danse \u00ab\u00a0Extension\u00a0\u00bb\",\"datePublished\":\"2025-04-12T09:51:26+00:00\",\"dateModified\":\"2025-04-12T07:58:12+00:00\",\"mainEntityOfPage\":{\"@id\":\"https:\/\/vosgesinfo.fr\/gerardmerinfo\/2025\/04\/reunion-dinformation-venez-decouvrir-le-projet-collaboratif-de-danse-extension\/\"},\"wordCount\":488,\"commentCount\":0,\"publisher\":{\"@id\":\"https:\/\/vosgesinfo.fr\/gerardmerinfo\/#organization\"},\"image\":{\"@id\":\"https:\/\/vosgesinfo.fr\/gerardmerinfo\/2025\/04\/reunion-dinformation-venez-decouvrir-le-projet-collaboratif-de-danse-extension\/#primaryimage\"},\"thumbnailUrl\":\"https:\/\/vosgesinfo.fr\/app\/uploads\/sites\/6\/2025\/04\/cd88-spoart-flyer-extension-v5-page-0001.jpg\",\"keywords\":[\"danse moderne academy\",\"DMA\",\"Extension\"],\"articleSection\":[\"A la une\",\"Epinal\",\"Gerardmer\",\"Remiremont\"],\"inLanguage\":\"fr-FR\",\"potentialAction\":[{\"@type\":\"CommentAction\",\"name\":\"Comment\",\"target\":[\"https:\/\/vosgesinfo.fr\/gerardmerinfo\/2025\/04\/reunion-dinformation-venez-decouvrir-le-projet-collaboratif-de-danse-extension\/#respond\"]}]},{\"@type\":\"WebPage\",\"@id\":\"https:\/\/vosgesinfo.fr\/gerardmerinfo\/2025\/04\/reunion-dinformation-venez-decouvrir-le-projet-collaboratif-de-danse-extension\/\",\"url\":\"https:\/\/vosgesinfo.fr\/gerardmerinfo\/2025\/04\/reunion-dinformation-venez-decouvrir-le-projet-collaboratif-de-danse-extension\/\",\"name\":\"R\u00e9union d\u2019information : Venez d\u00e9couvrir le projet collaboratif de danse \\\"Extension\\\" - Gerardmer Info\",\"isPartOf\":{\"@id\":\"https:\/\/vosgesinfo.fr\/gerardmerinfo\/#website\"},\"primaryImageOfPage\":{\"@id\":\"https:\/\/vosgesinfo.fr\/gerardmerinfo\/2025\/04\/reunion-dinformation-venez-decouvrir-le-projet-collaboratif-de-danse-extension\/#primaryimage\"},\"image\":{\"@id\":\"https:\/\/vosgesinfo.fr\/gerardmerinfo\/2025\/04\/reunion-dinformation-venez-decouvrir-le-projet-collaboratif-de-danse-extension\/#primaryimage\"},\"thumbnailUrl\":\"https:\/\/vosgesinfo.fr\/app\/uploads\/sites\/6\/2025\/04\/cd88-spoart-flyer-extension-v5-page-0001.jpg\",\"datePublished\":\"2025-04-12T09:51:26+00:00\",\"dateModified\":\"2025-04-12T07:58:12+00:00\",\"breadcrumb\":{\"@id\":\"https:\/\/vosgesinfo.fr\/gerardmerinfo\/2025\/04\/reunion-dinformation-venez-decouvrir-le-projet-collaboratif-de-danse-extension\/#breadcrumb\"},\"inLanguage\":\"fr-FR\",\"potentialAction\":[{\"@type\":\"ReadAction\",\"target\":[\"https:\/\/vosgesinfo.fr\/gerardmerinfo\/2025\/04\/reunion-dinformation-venez-decouvrir-le-projet-collaboratif-de-danse-extension\/\"]}]},{\"@type\":\"ImageObject\",\"inLanguage\":\"fr-FR\",\"@id\":\"https:\/\/vosgesinfo.fr\/gerardmerinfo\/2025\/04\/reunion-dinformation-venez-decouvrir-le-projet-collaboratif-de-danse-extension\/#primaryimage\",\"url\":\"https:\/\/vosgesinfo.fr\/app\/uploads\/sites\/6\/2025\/04\/cd88-spoart-flyer-extension-v5-page-0001.jpg\",\"contentUrl\":\"https:\/\/vosgesinfo.fr\/app\/uploads\/sites\/6\/2025\/04\/cd88-spoart-flyer-extension-v5-page-0001.jpg\",\"width\":877,\"height\":1241},{\"@type\":\"BreadcrumbList\",\"@id\":\"https:\/\/vosgesinfo.fr\/gerardmerinfo\/2025\/04\/reunion-dinformation-venez-decouvrir-le-projet-collaboratif-de-danse-extension\/#breadcrumb\",\"itemListElement\":[{\"@type\":\"ListItem\",\"position\":1,\"name\":\"Home\",\"item\":\"https:\/\/vosgesinfo.fr\/gerardmerinfo\/\"},{\"@type\":\"ListItem\",\"position\":2,\"name\":\"R\u00e9union d\u2019information : Venez d\u00e9couvrir le projet collaboratif de danse \u00ab\u00a0Extension\u00a0\u00bb\"}]},{\"@type\":\"WebSite\",\"@id\":\"https:\/\/vosgesinfo.fr\/gerardmerinfo\/#website\",\"url\":\"https:\/\/vosgesinfo.fr\/gerardmerinfo\/\",\"name\":\"Gerardmer Info\",\"description\":\"Toute l&#039;actualit\u00e9 de G\u00e9rardmer\",\"publisher\":{\"@id\":\"https:\/\/vosgesinfo.fr\/gerardmerinfo\/#organization\"},\"alternateName\":\"Toute l'actualit\u00e9 de G\u00e9rardmer\",\"potentialAction\":[{\"@type\":\"SearchAction\",\"target\":{\"@type\":\"EntryPoint\",\"urlTemplate\":\"https:\/\/vosgesinfo.fr\/gerardmerinfo\/?s={search_term_string}\"},\"query-input\":\"required name=search_term_string\"}],\"inLanguage\":\"fr-FR\"},{\"@type\":\"Organization\",\"@id\":\"https:\/\/vosgesinfo.fr\/gerardmerinfo\/#organization\",\"name\":\"Gerardmer Info\",\"url\":\"https:\/\/vosgesinfo.fr\/gerardmerinfo\/\",\"logo\":{\"@type\":\"ImageObject\",\"inLanguage\":\"fr-FR\",\"@id\":\"https:\/\/vosgesinfo.fr\/gerardmerinfo\/#\/schema\/logo\/image\/\",\"url\":\"https:\/\/vosgesinfo.fr\/app\/uploads\/sites\/6\/2023\/08\/favicon-gerardmerinfo.png\",\"contentUrl\":\"https:\/\/vosgesinfo.fr\/app\/uploads\/sites\/6\/2023\/08\/favicon-gerardmerinfo.png\",\"width\":512,\"height\":512,\"caption\":\"Gerardmer Info\"},\"image\":{\"@id\":\"https:\/\/vosgesinfo.fr\/gerardmerinfo\/#\/schema\/logo\/image\/\"},\"sameAs\":[\"https:\/\/www.facebook.com\/profile.php?id=100049475262660\",\"https:\/\/x.com\/VosgesInfo88\",\"https:\/\/www.youtube.com\/@vosgesinfo\"]},{\"@type\":\"Person\",\"@id\":\"https:\/\/vosgesinfo.fr\/gerardmerinfo\/#\/schema\/person\/27a3695b06db98895b354c0765cdfc31\",\"name\":\"La redaction\",\"image\":{\"@type\":\"ImageObject\",\"inLanguage\":\"fr-FR\",\"@id\":\"https:\/\/vosgesinfo.fr\/gerardmerinfo\/#\/schema\/person\/image\/\",\"url\":\"https:\/\/secure.gravatar.com\/avatar\/64c76a78e501cedee55736f43f332df901e1896ae9cd8fad269ae2236dd0e8b6?s=96&d=mm&r=g\",\"contentUrl\":\"https:\/\/secure.gravatar.com\/avatar\/64c76a78e501cedee55736f43f332df901e1896ae9cd8fad269ae2236dd0e8b6?s=96&d=mm&r=g\",\"caption\":\"La redaction\"},\"url\":\"https:\/\/vosgesinfo.fr\/gerardmerinfo\/author\/la-redaction\/\"}]}<\/script>\n<!-- \/ Yoast SEO plugin. -->","yoast_head_json":{"title":"R\u00e9union d\u2019information : Venez d\u00e9couvrir le projet collaboratif de danse \"Extension\" - Gerardmer Info","robots":{"index":"index","follow":"follow","max-snippet":"max-snippet:-1","max-image-preview":"max-image-preview:large","max-video-preview":"max-video-preview:-1"},"canonical":"https:\/\/vosgesinfo.fr\/gerardmerinfo\/2025\/04\/reunion-dinformation-venez-decouvrir-le-projet-collaboratif-de-danse-extension\/","twitter_card":"summary_large_image","twitter_title":"R\u00e9union d\u2019information : Venez d\u00e9couvrir le projet collaboratif de danse \"Extension\" - Gerardmer Info","twitter_description":"R\u00e9union d\u2019information sur le projet \u00ab\u00a0Extension\u00a0\u00bb port\u00e9 par le Conseil D\u00e9partemental et la Compagnie S\u2019Poart, associ\u00e9 avec la Danse Moderne [&hellip;]","twitter_image":"https:\/\/vosgesinfo.fr\/app\/uploads\/sites\/6\/2025\/04\/cd88-spoart-flyer-extension-v5-page-0001.jpg","twitter_creator":"@VosgesInfo88","twitter_site":"@VosgesInfo88","twitter_misc":{"\u00c9crit par":"La redaction","Dur\u00e9e de lecture estim\u00e9e":"2 minutes"},"schema":{"@context":"https:\/\/schema.org","@graph":[{"@type":"Article","@id":"https:\/\/vosgesinfo.fr\/gerardmerinfo\/2025\/04\/reunion-dinformation-venez-decouvrir-le-projet-collaboratif-de-danse-extension\/#article","isPartOf":{"@id":"https:\/\/vosgesinfo.fr\/gerardmerinfo\/2025\/04\/reunion-dinformation-venez-decouvrir-le-projet-collaboratif-de-danse-extension\/"},"author":{"name":"La redaction","@id":"https:\/\/vosgesinfo.fr\/gerardmerinfo\/#\/schema\/person\/27a3695b06db98895b354c0765cdfc31"},"headline":"R\u00e9union d\u2019information : Venez d\u00e9couvrir le projet collaboratif de danse \u00ab\u00a0Extension\u00a0\u00bb","datePublished":"2025-04-12T09:51:26+00:00","dateModified":"2025-04-12T07:58:12+00:00","mainEntityOfPage":{"@id":"https:\/\/vosgesinfo.fr\/gerardmerinfo\/2025\/04\/reunion-dinformation-venez-decouvrir-le-projet-collaboratif-de-danse-extension\/"},"wordCount":488,"commentCount":0,"publisher":{"@id":"https:\/\/vosgesinfo.fr\/gerardmerinfo\/#organization"},"image":{"@id":"https:\/\/vosgesinfo.fr\/gerardmerinfo\/2025\/04\/reunion-dinformation-venez-decouvrir-le-projet-collaboratif-de-danse-extension\/#primaryimage"},"thumbnailUrl":"https:\/\/vosgesinfo.fr\/app\/uploads\/sites\/6\/2025\/04\/cd88-spoart-flyer-extension-v5-page-0001.jpg","keywords":["danse moderne academy","DMA","Extension"],"articleSection":["A la une","Epinal","Gerardmer","Remiremont"],"inLanguage":"fr-FR","potentialAction":[{"@type":"CommentAction","name":"Comment","target":["https:\/\/vosgesinfo.fr\/gerardmerinfo\/2025\/04\/reunion-dinformation-venez-decouvrir-le-projet-collaboratif-de-danse-extension\/#respond"]}]},{"@type":"WebPage","@id":"https:\/\/vosgesinfo.fr\/gerardmerinfo\/2025\/04\/reunion-dinformation-venez-decouvrir-le-projet-collaboratif-de-danse-extension\/","url":"https:\/\/vosgesinfo.fr\/gerardmerinfo\/2025\/04\/reunion-dinformation-venez-decouvrir-le-projet-collaboratif-de-danse-extension\/","name":"R\u00e9union d\u2019information : Venez d\u00e9couvrir le projet collaboratif de danse \"Extension\" - Gerardmer Info","isPartOf":{"@id":"https:\/\/vosgesinfo.fr\/gerardmerinfo\/#website"},"primaryImageOfPage":{"@id":"https:\/\/vosgesinfo.fr\/gerardmerinfo\/2025\/04\/reunion-dinformation-venez-decouvrir-le-projet-collaboratif-de-danse-extension\/#primaryimage"},"image":{"@id":"https:\/\/vosgesinfo.fr\/gerardmerinfo\/2025\/04\/reunion-dinformation-venez-decouvrir-le-projet-collaboratif-de-danse-extension\/#primaryimage"},"thumbnailUrl":"https:\/\/vosgesinfo.fr\/app\/uploads\/sites\/6\/2025\/04\/cd88-spoart-flyer-extension-v5-page-0001.jpg","datePublished":"2025-04-12T09:51:26+00:00","dateModified":"2025-04-12T07:58:12+00:00","breadcrumb":{"@id":"https:\/\/vosgesinfo.fr\/gerardmerinfo\/2025\/04\/reunion-dinformation-venez-decouvrir-le-projet-collaboratif-de-danse-extension\/#breadcrumb"},"inLanguage":"fr-FR","potentialAction":[{"@type":"ReadAction","target":["https:\/\/vosgesinfo.fr\/gerardmerinfo\/2025\/04\/reunion-dinformation-venez-decouvrir-le-projet-collaboratif-de-danse-extension\/"]}]},{"@type":"ImageObject","inLanguage":"fr-FR","@id":"https:\/\/vosgesinfo.fr\/gerardmerinfo\/2025\/04\/reunion-dinformation-venez-decouvrir-le-projet-collaboratif-de-danse-extension\/#primaryimage","url":"https:\/\/vosgesinfo.fr\/app\/uploads\/sites\/6\/2025\/04\/cd88-spoart-flyer-extension-v5-page-0001.jpg","contentUrl":"https:\/\/vosgesinfo.fr\/app\/uploads\/sites\/6\/2025\/04\/cd88-spoart-flyer-extension-v5-page-0001.jpg","width":877,"height":1241},{"@type":"BreadcrumbList","@id":"https:\/\/vosgesinfo.fr\/gerardmerinfo\/2025\/04\/reunion-dinformation-venez-decouvrir-le-projet-collaboratif-de-danse-extension\/#breadcrumb","itemListElement":[{"@type":"ListItem","position":1,"name":"Home","item":"https:\/\/vosgesinfo.fr\/gerardmerinfo\/"},{"@type":"ListItem","position":2,"name":"R\u00e9union d\u2019information : Venez d\u00e9couvrir le projet collaboratif de danse \u00ab\u00a0Extension\u00a0\u00bb"}]},{"@type":"WebSite","@id":"https:\/\/vosgesinfo.fr\/gerardmerinfo\/#website","url":"https:\/\/vosgesinfo.fr\/gerardmerinfo\/","name":"Gerardmer Info","description":"Toute l&#039;actualit\u00e9 de G\u00e9rardmer","publisher":{"@id":"https:\/\/vosgesinfo.fr\/gerardmerinfo\/#organization"},"alternateName":"Toute l'actualit\u00e9 de G\u00e9rardmer","potentialAction":[{"@type":"SearchAction","target":{"@type":"EntryPoint","urlTemplate":"https:\/\/vosgesinfo.fr\/gerardmerinfo\/?s={search_term_string}"},"query-input":"required name=search_term_string"}],"inLanguage":"fr-FR"},{"@type":"Organization","@id":"https:\/\/vosgesinfo.fr\/gerardmerinfo\/#organization","name":"Gerardmer Info","url":"https:\/\/vosgesinfo.fr\/gerardmerinfo\/","logo":{"@type":"ImageObject","inLanguage":"fr-FR","@id":"https:\/\/vosgesinfo.fr\/gerardmerinfo\/#\/schema\/logo\/image\/","url":"https:\/\/vosgesinfo.fr\/app\/uploads\/sites\/6\/2023\/08\/favicon-gerardmerinfo.png","contentUrl":"https:\/\/vosgesinfo.fr\/app\/uploads\/sites\/6\/2023\/08\/favicon-gerardmerinfo.png","width":512,"height":512,"caption":"Gerardmer Info"},"image":{"@id":"https:\/\/vosgesinfo.fr\/gerardmerinfo\/#\/schema\/logo\/image\/"},"sameAs":["https:\/\/www.facebook.com\/profile.php?id=100049475262660","https:\/\/x.com\/VosgesInfo88","https:\/\/www.youtube.com\/@vosgesinfo"]},{"@type":"Person","@id":"https:\/\/vosgesinfo.fr\/gerardmerinfo\/#\/schema\/person\/27a3695b06db98895b354c0765cdfc31","name":"La redaction","image":{"@type":"ImageObject","inLanguage":"fr-FR","@id":"https:\/\/vosgesinfo.fr\/gerardmerinfo\/#\/schema\/person\/image\/","url":"https:\/\/secure.gravatar.com\/avatar\/64c76a78e501cedee55736f43f332df901e1896ae9cd8fad269ae2236dd0e8b6?s=96&d=mm&r=g","contentUrl":"https:\/\/secure.gravatar.com\/avatar\/64c76a78e501cedee55736f43f332df901e1896ae9cd8fad269ae2236dd0e8b6?s=96&d=mm&r=g","caption":"La redaction"},"url":"https:\/\/vosgesinfo.fr\/gerardmerinfo\/author\/la-redaction\/"}]}},"_links":{"self":[{"href":"https:\/\/vosgesinfo.fr\/gerardmerinfo\/wp-json\/wp\/v2\/posts\/76787","targetHints":{"allow":["GET"]}}],"collection":[{"href":"https:\/\/vosgesinfo.fr\/gerardmerinfo\/wp-json\/wp\/v2\/posts"}],"about":[{"href":"https:\/\/vosgesinfo.fr\/gerardmerinfo\/wp-json\/wp\/v2\/types\/post"}],"author":[{"embeddable":true,"href":"https:\/\/vosgesinfo.fr\/gerardmerinfo\/wp-json\/wp\/v2\/users\/391"}],"replies":[{"embeddable":true,"href":"https:\/\/vosgesinfo.fr\/gerardmerinfo\/wp-json\/wp\/v2\/comments?post=76787"}],"version-history":[{"count":1,"href":"https:\/\/vosgesinfo.fr\/gerardmerinfo\/wp-json\/wp\/v2\/posts\/76787\/revisions"}],"predecessor-version":[{"id":76789,"href":"https:\/\/vosgesinfo.fr\/gerardmerinfo\/wp-json\/wp\/v2\/posts\/76787\/revisions\/76789"}],"wp:featuredmedia":[{"embeddable":true,"href":"https:\/\/vosgesinfo.fr\/gerardmerinfo\/wp-json\/wp\/v2\/media\/76788"}],"wp:attachment":[{"href":"https:\/\/vosgesinfo.fr\/gerardmerinfo\/wp-json\/wp\/v2\/media?parent=76787"}],"wp:term":[{"taxonomy":"category","embeddable":true,"href":"https:\/\/vosgesinfo.fr\/gerardmerinfo\/wp-json\/wp\/v2\/categories?post=76787"},{"taxonomy":"post_tag","embeddable":true,"href":"https:\/\/vosgesinfo.fr\/gerardmerinfo\/wp-json\/wp\/v2\/tags?post=76787"}],"curies":[{"name":"wp","href":"https:\/\/api.w.org\/{rel}","templated":true}]}}