{"id":76804,"date":"2025-04-13T05:58:53","date_gmt":"2025-04-13T03:58:53","guid":{"rendered":"https:\/\/vosgesinfo.fr\/gerardmerinfo\/?p=76804"},"modified":"2025-04-12T13:32:47","modified_gmt":"2025-04-12T11:32:47","slug":"fulguromatic-en-concert-au-grattoir-prog-rock-jazz-rock","status":"publish","type":"post","link":"https:\/\/vosgesinfo.fr\/gerardmerinfo\/2025\/04\/fulguromatic-en-concert-au-grattoir-prog-rock-jazz-rock\/","title":{"rendered":"FULGUROMATIC en concert au Grattoir (Prog-Rock\/Jazz-Rock)"},"content":{"rendered":"<div>\n<div id=\"attachment_76806\" style=\"width: 1034px\" class=\"wp-caption aligncenter\"><a href=\"https:\/\/vosgesinfo.fr\/app\/uploads\/sites\/6\/2025\/04\/fulguromatic-en-concert.jpg\"><img decoding=\"async\" aria-describedby=\"caption-attachment-76806\" class=\"wp-image-76806 size-large\" src=\"https:\/\/vosgesinfo.fr\/app\/uploads\/sites\/6\/2025\/04\/fulguromatic-en-concert-1024x577.jpg\" alt=\"\" width=\"1024\" height=\"577\" srcset=\"https:\/\/vosgesinfo.fr\/app\/uploads\/sites\/6\/2025\/04\/fulguromatic-en-concert-1024x577.jpg 1024w, https:\/\/vosgesinfo.fr\/app\/uploads\/sites\/6\/2025\/04\/fulguromatic-en-concert-300x169.jpg 300w, https:\/\/vosgesinfo.fr\/app\/uploads\/sites\/6\/2025\/04\/fulguromatic-en-concert-768x433.jpg 768w, https:\/\/vosgesinfo.fr\/app\/uploads\/sites\/6\/2025\/04\/fulguromatic-en-concert-1536x865.jpg 1536w, https:\/\/vosgesinfo.fr\/app\/uploads\/sites\/6\/2025\/04\/fulguromatic-en-concert.jpg 1640w\" sizes=\"(max-width: 1024px) 100vw, 1024px\" \/><\/a><p id=\"caption-attachment-76806\" class=\"wp-caption-text\">Communiqu\u00e9<\/p><\/div>\n<\/div>\n<div><\/div>\n<p><strong>\u00c9norme coup de c\u0153ur 2023 au Grattoir, Fulguromatic revient jouer au Grattoir, \u00e0 ne pas rater sous aucun pr\u00e9texte !<\/strong><\/p>\n<p>FULGUROMATiC, un bin\u00f4me atypique entre Rock Non-Programm\u00e9 et Jazz M\u00e9canique.<\/p>\n<p>Apr\u00e8s de nombreuses sessions de travail acharn\u00e9es. Enferm\u00e9s entre d\u2019obscures caves Bruxelloises et de froids souterrains Rennais. Lunettes sur le nez, pench\u00e9s sur leur ouvrage, FULGUROMATiC pr\u00e9pare en secret sa sortie publique avec un set live unique :<\/p>\n<p>D&rsquo;un c\u00f4t\u00e9, deux musiciens polyvalents. R\u00e9unis par l\u2019envie d\u2019exp\u00e9rimentations sonores, ils naviguent \u00e0 vue vers la transe, en traversant les eaux tumultueuses de l&rsquo;improvisation.<\/p>\n<p>Leur vaisseau ? Une batterie et un clavier qui tonnent et grincent aux polyrythmies enchanteresses de la houle du public.<br \/>\nDe l&rsquo;autre, deux machines monomaniaques. Une basse. Une fl\u00fbte.<br \/>\nBricol\u00e9es, imparfaites, redoutables n\u00e9anmoins, en ce qu&rsquo;elles s&rsquo;ajoutent au flot musical, donnant une dimension orchestrale au duo. La basse a besoin du batteur, la fl\u00fbte a besoin du clavi\u00e9riste. Ou peut-\u00eatre est-ce l\u2019inverse ?<\/p>\n<p>Et enfin, au centre, liant les deux mondes, les voix. Oscillant entre fragilit\u00e9 sinc\u00e8re et augmentation surhumaine, elles concluent l\u2019\u00e9trange alliage des deux musiciens avec les capricieuses machines. Les automates m\u00e9caniques percutent de plein fouet l\u2019humanit\u00e9 pleine de failles des deux musiciens qui ont relev\u00e9 le d\u00e9fi. Fusion ou collision ? Ce sera \u00e0 vous de le dire !<\/p>\n<p><a href=\"https:\/\/www.facebook.com\/fulguromatic\" target=\"_blank\" rel=\"noopener\" data-saferedirecturl=\"https:\/\/www.google.com\/url?q=https:\/\/www.facebook.com\/fulguromatic&amp;source=gmail&amp;ust=1744531758205000&amp;usg=AOvVaw0fTX9J4ms6Xi8JDkKOWOFW\">https:\/\/www.facebook.com\/<wbr \/>fulguromatic<\/a><br \/>\n<a href=\"https:\/\/instagram.com\/fulguromatic\" target=\"_blank\" rel=\"noopener\" data-saferedirecturl=\"https:\/\/www.google.com\/url?q=https:\/\/instagram.com\/fulguromatic&amp;source=gmail&amp;ust=1744531758205000&amp;usg=AOvVaw2g9L7aZbJN_6C-OucYD4mv\">https:\/\/instagram.com\/<wbr \/>fulguromatic<\/a><br \/>\n<a href=\"https:\/\/linktr.ee\/fulguromatic\" target=\"_blank\" rel=\"noopener\" data-saferedirecturl=\"https:\/\/www.google.com\/url?q=https:\/\/linktr.ee\/fulguromatic&amp;source=gmail&amp;ust=1744531758205000&amp;usg=AOvVaw2Gl5Evua2ZrYmMByLmYzJr\">https:\/\/linktr.ee\/fulguromatic<\/a><br \/>\n******************************<wbr \/>******************************<wbr \/>************************<br \/>\nEntr\u00e9e libre + majoration concert 0,50\u20ac\/consommation<\/p>\n<div class=\"gmail_signature\" dir=\"ltr\" data-smartmail=\"gmail_signature\">\n<div dir=\"ltr\">\n<div>Association Ensemble au Grattoir,<\/div>\n<div>11 boulevard Kelsch<\/div>\n<div>88400 G\u00c9RARDMER<\/div>\n<div><a href=\"https:\/\/www.instagram.com\/bar_le_grattoir\" target=\"_blank\" rel=\"noopener\" data-saferedirecturl=\"https:\/\/www.google.com\/url?q=https:\/\/www.instagram.com\/bar_le_grattoir&amp;source=gmail&amp;ust=1744531758205000&amp;usg=AOvVaw0puCiEu3TfSOguHzYlgDXK\">https:\/\/www.instagram.com\/bar_<wbr \/>le_grattoir<\/a><\/div>\n<div><a href=\"https:\/\/www.facebook.com\/legrattoir.bar\" target=\"_blank\" rel=\"noopener\" data-saferedirecturl=\"https:\/\/www.google.com\/url?q=https:\/\/www.facebook.com\/legrattoir.bar&amp;source=gmail&amp;ust=1744531758205000&amp;usg=AOvVaw1X_Ab_MvpZHKfLb9UcUipr\">https:\/\/www.facebook.com\/<wbr \/>legrattoir.bar<\/a><\/div>\n<\/div>\n<\/div>\n","protected":false},"excerpt":{"rendered":"<p>\u00c9norme coup de c\u0153ur 2023 au Grattoir, Fulguromatic revient jouer au Grattoir, \u00e0 ne pas rater sous aucun pr\u00e9texte ! [&hellip;]<\/p>\n","protected":false},"author":391,"featured_media":76805,"comment_status":"open","ping_status":"open","sticky":false,"template":"","format":"standard","meta":{"footnotes":""},"categories":[20,34,25,5647],"tags":[35,5515],"class_list":["post-76804","post","type-post","status-publish","format-standard","has-post-thumbnail","hentry","category-a-la-une","category-concert","category-gerardmer","category-gerardmer-autres-sites","tag-bar-le-grattoir","tag-fulguromatic"],"acf":[],"yoast_head":"<!-- This site is optimized with the Yoast SEO plugin v22.5 - https:\/\/yoast.com\/wordpress\/plugins\/seo\/ -->\n<title>FULGUROMATIC en concert au Grattoir (Prog-Rock\/Jazz-Rock) - Gerardmer Info<\/title>\n<meta name=\"robots\" content=\"index, follow, max-snippet:-1, max-image-preview:large, max-video-preview:-1\" \/>\n<link rel=\"canonical\" href=\"https:\/\/vosgesinfo.fr\/gerardmerinfo\/2025\/04\/fulguromatic-en-concert-au-grattoir-prog-rock-jazz-rock\/\" \/>\n<meta name=\"twitter:card\" content=\"summary_large_image\" \/>\n<meta name=\"twitter:title\" content=\"FULGUROMATIC en concert au Grattoir (Prog-Rock\/Jazz-Rock) - Gerardmer Info\" \/>\n<meta name=\"twitter:description\" content=\"\u00c9norme coup de c\u0153ur 2023 au Grattoir, Fulguromatic revient jouer au Grattoir, \u00e0 ne pas rater sous aucun pr\u00e9texte ! [&hellip;]\" \/>\n<meta name=\"twitter:image\" content=\"https:\/\/vosgesinfo.fr\/app\/uploads\/sites\/6\/2025\/04\/fulguromatic.jpg\" \/>\n<meta name=\"twitter:creator\" content=\"@VosgesInfo88\" \/>\n<meta name=\"twitter:site\" content=\"@VosgesInfo88\" \/>\n<meta name=\"twitter:label1\" content=\"\u00c9crit par\" \/>\n\t<meta name=\"twitter:data1\" content=\"La redaction\" \/>\n\t<meta name=\"twitter:label2\" content=\"Dur\u00e9e de lecture estim\u00e9e\" \/>\n\t<meta name=\"twitter:data2\" content=\"2 minutes\" \/>\n<script type=\"application\/ld+json\" class=\"yoast-schema-graph\">{\"@context\":\"https:\/\/schema.org\",\"@graph\":[{\"@type\":\"Article\",\"@id\":\"https:\/\/vosgesinfo.fr\/gerardmerinfo\/2025\/04\/fulguromatic-en-concert-au-grattoir-prog-rock-jazz-rock\/#article\",\"isPartOf\":{\"@id\":\"https:\/\/vosgesinfo.fr\/gerardmerinfo\/2025\/04\/fulguromatic-en-concert-au-grattoir-prog-rock-jazz-rock\/\"},\"author\":{\"name\":\"La redaction\",\"@id\":\"https:\/\/vosgesinfo.fr\/gerardmerinfo\/#\/schema\/person\/27a3695b06db98895b354c0765cdfc31\"},\"headline\":\"FULGUROMATIC en concert au Grattoir (Prog-Rock\/Jazz-Rock)\",\"datePublished\":\"2025-04-13T03:58:53+00:00\",\"dateModified\":\"2025-04-12T11:32:47+00:00\",\"mainEntityOfPage\":{\"@id\":\"https:\/\/vosgesinfo.fr\/gerardmerinfo\/2025\/04\/fulguromatic-en-concert-au-grattoir-prog-rock-jazz-rock\/\"},\"wordCount\":291,\"commentCount\":0,\"publisher\":{\"@id\":\"https:\/\/vosgesinfo.fr\/gerardmerinfo\/#organization\"},\"image\":{\"@id\":\"https:\/\/vosgesinfo.fr\/gerardmerinfo\/2025\/04\/fulguromatic-en-concert-au-grattoir-prog-rock-jazz-rock\/#primaryimage\"},\"thumbnailUrl\":\"https:\/\/vosgesinfo.fr\/app\/uploads\/sites\/6\/2025\/04\/fulguromatic.jpg\",\"keywords\":[\"bar le grattoir\",\"Fulguromatic\"],\"articleSection\":[\"A la une\",\"Concert\",\"G\u00e9rardmer\",\"Gerardmer\"],\"inLanguage\":\"fr-FR\",\"potentialAction\":[{\"@type\":\"CommentAction\",\"name\":\"Comment\",\"target\":[\"https:\/\/vosgesinfo.fr\/gerardmerinfo\/2025\/04\/fulguromatic-en-concert-au-grattoir-prog-rock-jazz-rock\/#respond\"]}]},{\"@type\":\"WebPage\",\"@id\":\"https:\/\/vosgesinfo.fr\/gerardmerinfo\/2025\/04\/fulguromatic-en-concert-au-grattoir-prog-rock-jazz-rock\/\",\"url\":\"https:\/\/vosgesinfo.fr\/gerardmerinfo\/2025\/04\/fulguromatic-en-concert-au-grattoir-prog-rock-jazz-rock\/\",\"name\":\"FULGUROMATIC en concert au Grattoir (Prog-Rock\/Jazz-Rock) - Gerardmer Info\",\"isPartOf\":{\"@id\":\"https:\/\/vosgesinfo.fr\/gerardmerinfo\/#website\"},\"primaryImageOfPage\":{\"@id\":\"https:\/\/vosgesinfo.fr\/gerardmerinfo\/2025\/04\/fulguromatic-en-concert-au-grattoir-prog-rock-jazz-rock\/#primaryimage\"},\"image\":{\"@id\":\"https:\/\/vosgesinfo.fr\/gerardmerinfo\/2025\/04\/fulguromatic-en-concert-au-grattoir-prog-rock-jazz-rock\/#primaryimage\"},\"thumbnailUrl\":\"https:\/\/vosgesinfo.fr\/app\/uploads\/sites\/6\/2025\/04\/fulguromatic.jpg\",\"datePublished\":\"2025-04-13T03:58:53+00:00\",\"dateModified\":\"2025-04-12T11:32:47+00:00\",\"breadcrumb\":{\"@id\":\"https:\/\/vosgesinfo.fr\/gerardmerinfo\/2025\/04\/fulguromatic-en-concert-au-grattoir-prog-rock-jazz-rock\/#breadcrumb\"},\"inLanguage\":\"fr-FR\",\"potentialAction\":[{\"@type\":\"ReadAction\",\"target\":[\"https:\/\/vosgesinfo.fr\/gerardmerinfo\/2025\/04\/fulguromatic-en-concert-au-grattoir-prog-rock-jazz-rock\/\"]}]},{\"@type\":\"ImageObject\",\"inLanguage\":\"fr-FR\",\"@id\":\"https:\/\/vosgesinfo.fr\/gerardmerinfo\/2025\/04\/fulguromatic-en-concert-au-grattoir-prog-rock-jazz-rock\/#primaryimage\",\"url\":\"https:\/\/vosgesinfo.fr\/app\/uploads\/sites\/6\/2025\/04\/fulguromatic.jpg\",\"contentUrl\":\"https:\/\/vosgesinfo.fr\/app\/uploads\/sites\/6\/2025\/04\/fulguromatic.jpg\",\"width\":1414,\"height\":2000},{\"@type\":\"BreadcrumbList\",\"@id\":\"https:\/\/vosgesinfo.fr\/gerardmerinfo\/2025\/04\/fulguromatic-en-concert-au-grattoir-prog-rock-jazz-rock\/#breadcrumb\",\"itemListElement\":[{\"@type\":\"ListItem\",\"position\":1,\"name\":\"Home\",\"item\":\"https:\/\/vosgesinfo.fr\/gerardmerinfo\/\"},{\"@type\":\"ListItem\",\"position\":2,\"name\":\"FULGUROMATIC en concert au Grattoir (Prog-Rock\/Jazz-Rock)\"}]},{\"@type\":\"WebSite\",\"@id\":\"https:\/\/vosgesinfo.fr\/gerardmerinfo\/#website\",\"url\":\"https:\/\/vosgesinfo.fr\/gerardmerinfo\/\",\"name\":\"Gerardmer Info\",\"description\":\"Toute l&#039;actualit\u00e9 de G\u00e9rardmer\",\"publisher\":{\"@id\":\"https:\/\/vosgesinfo.fr\/gerardmerinfo\/#organization\"},\"alternateName\":\"Toute l'actualit\u00e9 de G\u00e9rardmer\",\"potentialAction\":[{\"@type\":\"SearchAction\",\"target\":{\"@type\":\"EntryPoint\",\"urlTemplate\":\"https:\/\/vosgesinfo.fr\/gerardmerinfo\/?s={search_term_string}\"},\"query-input\":\"required name=search_term_string\"}],\"inLanguage\":\"fr-FR\"},{\"@type\":\"Organization\",\"@id\":\"https:\/\/vosgesinfo.fr\/gerardmerinfo\/#organization\",\"name\":\"Gerardmer Info\",\"url\":\"https:\/\/vosgesinfo.fr\/gerardmerinfo\/\",\"logo\":{\"@type\":\"ImageObject\",\"inLanguage\":\"fr-FR\",\"@id\":\"https:\/\/vosgesinfo.fr\/gerardmerinfo\/#\/schema\/logo\/image\/\",\"url\":\"https:\/\/vosgesinfo.fr\/app\/uploads\/sites\/6\/2023\/08\/favicon-gerardmerinfo.png\",\"contentUrl\":\"https:\/\/vosgesinfo.fr\/app\/uploads\/sites\/6\/2023\/08\/favicon-gerardmerinfo.png\",\"width\":512,\"height\":512,\"caption\":\"Gerardmer Info\"},\"image\":{\"@id\":\"https:\/\/vosgesinfo.fr\/gerardmerinfo\/#\/schema\/logo\/image\/\"},\"sameAs\":[\"https:\/\/www.facebook.com\/profile.php?id=100049475262660\",\"https:\/\/x.com\/VosgesInfo88\",\"https:\/\/www.youtube.com\/@vosgesinfo\"]},{\"@type\":\"Person\",\"@id\":\"https:\/\/vosgesinfo.fr\/gerardmerinfo\/#\/schema\/person\/27a3695b06db98895b354c0765cdfc31\",\"name\":\"La redaction\",\"image\":{\"@type\":\"ImageObject\",\"inLanguage\":\"fr-FR\",\"@id\":\"https:\/\/vosgesinfo.fr\/gerardmerinfo\/#\/schema\/person\/image\/\",\"url\":\"https:\/\/secure.gravatar.com\/avatar\/64c76a78e501cedee55736f43f332df901e1896ae9cd8fad269ae2236dd0e8b6?s=96&d=mm&r=g\",\"contentUrl\":\"https:\/\/secure.gravatar.com\/avatar\/64c76a78e501cedee55736f43f332df901e1896ae9cd8fad269ae2236dd0e8b6?s=96&d=mm&r=g\",\"caption\":\"La redaction\"},\"url\":\"https:\/\/vosgesinfo.fr\/gerardmerinfo\/author\/la-redaction\/\"}]}<\/script>\n<!-- \/ Yoast SEO plugin. -->","yoast_head_json":{"title":"FULGUROMATIC en concert au Grattoir (Prog-Rock\/Jazz-Rock) - Gerardmer Info","robots":{"index":"index","follow":"follow","max-snippet":"max-snippet:-1","max-image-preview":"max-image-preview:large","max-video-preview":"max-video-preview:-1"},"canonical":"https:\/\/vosgesinfo.fr\/gerardmerinfo\/2025\/04\/fulguromatic-en-concert-au-grattoir-prog-rock-jazz-rock\/","twitter_card":"summary_large_image","twitter_title":"FULGUROMATIC en concert au Grattoir (Prog-Rock\/Jazz-Rock) - Gerardmer Info","twitter_description":"\u00c9norme coup de c\u0153ur 2023 au Grattoir, Fulguromatic revient jouer au Grattoir, \u00e0 ne pas rater sous aucun pr\u00e9texte ! [&hellip;]","twitter_image":"https:\/\/vosgesinfo.fr\/app\/uploads\/sites\/6\/2025\/04\/fulguromatic.jpg","twitter_creator":"@VosgesInfo88","twitter_site":"@VosgesInfo88","twitter_misc":{"\u00c9crit par":"La redaction","Dur\u00e9e de lecture estim\u00e9e":"2 minutes"},"schema":{"@context":"https:\/\/schema.org","@graph":[{"@type":"Article","@id":"https:\/\/vosgesinfo.fr\/gerardmerinfo\/2025\/04\/fulguromatic-en-concert-au-grattoir-prog-rock-jazz-rock\/#article","isPartOf":{"@id":"https:\/\/vosgesinfo.fr\/gerardmerinfo\/2025\/04\/fulguromatic-en-concert-au-grattoir-prog-rock-jazz-rock\/"},"author":{"name":"La redaction","@id":"https:\/\/vosgesinfo.fr\/gerardmerinfo\/#\/schema\/person\/27a3695b06db98895b354c0765cdfc31"},"headline":"FULGUROMATIC en concert au Grattoir (Prog-Rock\/Jazz-Rock)","datePublished":"2025-04-13T03:58:53+00:00","dateModified":"2025-04-12T11:32:47+00:00","mainEntityOfPage":{"@id":"https:\/\/vosgesinfo.fr\/gerardmerinfo\/2025\/04\/fulguromatic-en-concert-au-grattoir-prog-rock-jazz-rock\/"},"wordCount":291,"commentCount":0,"publisher":{"@id":"https:\/\/vosgesinfo.fr\/gerardmerinfo\/#organization"},"image":{"@id":"https:\/\/vosgesinfo.fr\/gerardmerinfo\/2025\/04\/fulguromatic-en-concert-au-grattoir-prog-rock-jazz-rock\/#primaryimage"},"thumbnailUrl":"https:\/\/vosgesinfo.fr\/app\/uploads\/sites\/6\/2025\/04\/fulguromatic.jpg","keywords":["bar le grattoir","Fulguromatic"],"articleSection":["A la une","Concert","G\u00e9rardmer","Gerardmer"],"inLanguage":"fr-FR","potentialAction":[{"@type":"CommentAction","name":"Comment","target":["https:\/\/vosgesinfo.fr\/gerardmerinfo\/2025\/04\/fulguromatic-en-concert-au-grattoir-prog-rock-jazz-rock\/#respond"]}]},{"@type":"WebPage","@id":"https:\/\/vosgesinfo.fr\/gerardmerinfo\/2025\/04\/fulguromatic-en-concert-au-grattoir-prog-rock-jazz-rock\/","url":"https:\/\/vosgesinfo.fr\/gerardmerinfo\/2025\/04\/fulguromatic-en-concert-au-grattoir-prog-rock-jazz-rock\/","name":"FULGUROMATIC en concert au Grattoir (Prog-Rock\/Jazz-Rock) - Gerardmer Info","isPartOf":{"@id":"https:\/\/vosgesinfo.fr\/gerardmerinfo\/#website"},"primaryImageOfPage":{"@id":"https:\/\/vosgesinfo.fr\/gerardmerinfo\/2025\/04\/fulguromatic-en-concert-au-grattoir-prog-rock-jazz-rock\/#primaryimage"},"image":{"@id":"https:\/\/vosgesinfo.fr\/gerardmerinfo\/2025\/04\/fulguromatic-en-concert-au-grattoir-prog-rock-jazz-rock\/#primaryimage"},"thumbnailUrl":"https:\/\/vosgesinfo.fr\/app\/uploads\/sites\/6\/2025\/04\/fulguromatic.jpg","datePublished":"2025-04-13T03:58:53+00:00","dateModified":"2025-04-12T11:32:47+00:00","breadcrumb":{"@id":"https:\/\/vosgesinfo.fr\/gerardmerinfo\/2025\/04\/fulguromatic-en-concert-au-grattoir-prog-rock-jazz-rock\/#breadcrumb"},"inLanguage":"fr-FR","potentialAction":[{"@type":"ReadAction","target":["https:\/\/vosgesinfo.fr\/gerardmerinfo\/2025\/04\/fulguromatic-en-concert-au-grattoir-prog-rock-jazz-rock\/"]}]},{"@type":"ImageObject","inLanguage":"fr-FR","@id":"https:\/\/vosgesinfo.fr\/gerardmerinfo\/2025\/04\/fulguromatic-en-concert-au-grattoir-prog-rock-jazz-rock\/#primaryimage","url":"https:\/\/vosgesinfo.fr\/app\/uploads\/sites\/6\/2025\/04\/fulguromatic.jpg","contentUrl":"https:\/\/vosgesinfo.fr\/app\/uploads\/sites\/6\/2025\/04\/fulguromatic.jpg","width":1414,"height":2000},{"@type":"BreadcrumbList","@id":"https:\/\/vosgesinfo.fr\/gerardmerinfo\/2025\/04\/fulguromatic-en-concert-au-grattoir-prog-rock-jazz-rock\/#breadcrumb","itemListElement":[{"@type":"ListItem","position":1,"name":"Home","item":"https:\/\/vosgesinfo.fr\/gerardmerinfo\/"},{"@type":"ListItem","position":2,"name":"FULGUROMATIC en concert au Grattoir (Prog-Rock\/Jazz-Rock)"}]},{"@type":"WebSite","@id":"https:\/\/vosgesinfo.fr\/gerardmerinfo\/#website","url":"https:\/\/vosgesinfo.fr\/gerardmerinfo\/","name":"Gerardmer Info","description":"Toute l&#039;actualit\u00e9 de G\u00e9rardmer","publisher":{"@id":"https:\/\/vosgesinfo.fr\/gerardmerinfo\/#organization"},"alternateName":"Toute l'actualit\u00e9 de G\u00e9rardmer","potentialAction":[{"@type":"SearchAction","target":{"@type":"EntryPoint","urlTemplate":"https:\/\/vosgesinfo.fr\/gerardmerinfo\/?s={search_term_string}"},"query-input":"required name=search_term_string"}],"inLanguage":"fr-FR"},{"@type":"Organization","@id":"https:\/\/vosgesinfo.fr\/gerardmerinfo\/#organization","name":"Gerardmer Info","url":"https:\/\/vosgesinfo.fr\/gerardmerinfo\/","logo":{"@type":"ImageObject","inLanguage":"fr-FR","@id":"https:\/\/vosgesinfo.fr\/gerardmerinfo\/#\/schema\/logo\/image\/","url":"https:\/\/vosgesinfo.fr\/app\/uploads\/sites\/6\/2023\/08\/favicon-gerardmerinfo.png","contentUrl":"https:\/\/vosgesinfo.fr\/app\/uploads\/sites\/6\/2023\/08\/favicon-gerardmerinfo.png","width":512,"height":512,"caption":"Gerardmer Info"},"image":{"@id":"https:\/\/vosgesinfo.fr\/gerardmerinfo\/#\/schema\/logo\/image\/"},"sameAs":["https:\/\/www.facebook.com\/profile.php?id=100049475262660","https:\/\/x.com\/VosgesInfo88","https:\/\/www.youtube.com\/@vosgesinfo"]},{"@type":"Person","@id":"https:\/\/vosgesinfo.fr\/gerardmerinfo\/#\/schema\/person\/27a3695b06db98895b354c0765cdfc31","name":"La redaction","image":{"@type":"ImageObject","inLanguage":"fr-FR","@id":"https:\/\/vosgesinfo.fr\/gerardmerinfo\/#\/schema\/person\/image\/","url":"https:\/\/secure.gravatar.com\/avatar\/64c76a78e501cedee55736f43f332df901e1896ae9cd8fad269ae2236dd0e8b6?s=96&d=mm&r=g","contentUrl":"https:\/\/secure.gravatar.com\/avatar\/64c76a78e501cedee55736f43f332df901e1896ae9cd8fad269ae2236dd0e8b6?s=96&d=mm&r=g","caption":"La redaction"},"url":"https:\/\/vosgesinfo.fr\/gerardmerinfo\/author\/la-redaction\/"}]}},"_links":{"self":[{"href":"https:\/\/vosgesinfo.fr\/gerardmerinfo\/wp-json\/wp\/v2\/posts\/76804","targetHints":{"allow":["GET"]}}],"collection":[{"href":"https:\/\/vosgesinfo.fr\/gerardmerinfo\/wp-json\/wp\/v2\/posts"}],"about":[{"href":"https:\/\/vosgesinfo.fr\/gerardmerinfo\/wp-json\/wp\/v2\/types\/post"}],"author":[{"embeddable":true,"href":"https:\/\/vosgesinfo.fr\/gerardmerinfo\/wp-json\/wp\/v2\/users\/391"}],"replies":[{"embeddable":true,"href":"https:\/\/vosgesinfo.fr\/gerardmerinfo\/wp-json\/wp\/v2\/comments?post=76804"}],"version-history":[{"count":3,"href":"https:\/\/vosgesinfo.fr\/gerardmerinfo\/wp-json\/wp\/v2\/posts\/76804\/revisions"}],"predecessor-version":[{"id":76809,"href":"https:\/\/vosgesinfo.fr\/gerardmerinfo\/wp-json\/wp\/v2\/posts\/76804\/revisions\/76809"}],"wp:featuredmedia":[{"embeddable":true,"href":"https:\/\/vosgesinfo.fr\/gerardmerinfo\/wp-json\/wp\/v2\/media\/76805"}],"wp:attachment":[{"href":"https:\/\/vosgesinfo.fr\/gerardmerinfo\/wp-json\/wp\/v2\/media?parent=76804"}],"wp:term":[{"taxonomy":"category","embeddable":true,"href":"https:\/\/vosgesinfo.fr\/gerardmerinfo\/wp-json\/wp\/v2\/categories?post=76804"},{"taxonomy":"post_tag","embeddable":true,"href":"https:\/\/vosgesinfo.fr\/gerardmerinfo\/wp-json\/wp\/v2\/tags?post=76804"}],"curies":[{"name":"wp","href":"https:\/\/api.w.org\/{rel}","templated":true}]}}