{"id":76810,"date":"2025-04-12T17:23:03","date_gmt":"2025-04-12T15:23:03","guid":{"rendered":"https:\/\/vosgesinfo.fr\/gerardmerinfo\/?p=76810"},"modified":"2025-04-12T15:09:37","modified_gmt":"2025-04-12T13:09:37","slug":"covid-19-reflechir-prendre-du-recul-et-oser-en-parler","status":"publish","type":"post","link":"https:\/\/vosgesinfo.fr\/gerardmerinfo\/2025\/04\/covid-19-reflechir-prendre-du-recul-et-oser-en-parler\/","title":{"rendered":"COVID-19 : r\u00e9fl\u00e9chir, prendre du recul et oser en parler"},"content":{"rendered":"\n\t\t<style type=\"text\/css\">\n\t\t\t#gallery-1 {\n\t\t\t\tmargin: auto;\n\t\t\t}\n\t\t\t#gallery-1 .gallery-item {\n\t\t\t\tfloat: left;\n\t\t\t\tmargin-top: 10px;\n\t\t\t\ttext-align: center;\n\t\t\t\twidth: 50%;\n\t\t\t}\n\t\t\t#gallery-1 img {\n\t\t\t\tborder: 2px solid #cfcfcf;\n\t\t\t}\n\t\t\t#gallery-1 .gallery-caption {\n\t\t\t\tmargin-left: 0;\n\t\t\t}\n\t\t\t\/* see gallery_shortcode() in wp-includes\/media.php *\/\n\t\t<\/style>\n\t\t<div id='gallery-1' class='gallery galleryid-76810 gallery-columns-2 gallery-size-medium'><dl class='gallery-item'>\n\t\t\t<dt class='gallery-icon landscape'>\n\t\t\t\t<a href='https:\/\/vosgesinfo.fr\/app\/uploads\/sites\/6\/2025\/04\/journees-daction-en-hommage-aux-victimes-des-effets-indesirables-des-injections-anti-covid-5.jpg'><img decoding=\"async\" width=\"300\" height=\"225\" src=\"https:\/\/vosgesinfo.fr\/app\/uploads\/sites\/6\/2025\/04\/journees-daction-en-hommage-aux-victimes-des-effets-indesirables-des-injections-anti-covid-5-300x225.jpg\" class=\"attachment-medium size-medium\" alt=\"\" srcset=\"https:\/\/vosgesinfo.fr\/app\/uploads\/sites\/6\/2025\/04\/journees-daction-en-hommage-aux-victimes-des-effets-indesirables-des-injections-anti-covid-5-300x225.jpg 300w, https:\/\/vosgesinfo.fr\/app\/uploads\/sites\/6\/2025\/04\/journees-daction-en-hommage-aux-victimes-des-effets-indesirables-des-injections-anti-covid-5-1024x768.jpg 1024w, https:\/\/vosgesinfo.fr\/app\/uploads\/sites\/6\/2025\/04\/journees-daction-en-hommage-aux-victimes-des-effets-indesirables-des-injections-anti-covid-5-768x576.jpg 768w, https:\/\/vosgesinfo.fr\/app\/uploads\/sites\/6\/2025\/04\/journees-daction-en-hommage-aux-victimes-des-effets-indesirables-des-injections-anti-covid-5-1536x1152.jpg 1536w, https:\/\/vosgesinfo.fr\/app\/uploads\/sites\/6\/2025\/04\/journees-daction-en-hommage-aux-victimes-des-effets-indesirables-des-injections-anti-covid-5.jpg 2048w\" sizes=\"(max-width: 300px) 100vw, 300px\" \/><\/a>\n\t\t\t<\/dt><\/dl><dl class='gallery-item'>\n\t\t\t<dt class='gallery-icon landscape'>\n\t\t\t\t<a href='https:\/\/vosgesinfo.fr\/app\/uploads\/sites\/6\/2025\/04\/journees-daction-en-hommage-aux-victimes-des-effets-indesirables-des-injections-anti-covid-4.jpg'><img decoding=\"async\" width=\"300\" height=\"225\" src=\"https:\/\/vosgesinfo.fr\/app\/uploads\/sites\/6\/2025\/04\/journees-daction-en-hommage-aux-victimes-des-effets-indesirables-des-injections-anti-covid-4-300x225.jpg\" class=\"attachment-medium size-medium\" alt=\"\" srcset=\"https:\/\/vosgesinfo.fr\/app\/uploads\/sites\/6\/2025\/04\/journees-daction-en-hommage-aux-victimes-des-effets-indesirables-des-injections-anti-covid-4-300x225.jpg 300w, https:\/\/vosgesinfo.fr\/app\/uploads\/sites\/6\/2025\/04\/journees-daction-en-hommage-aux-victimes-des-effets-indesirables-des-injections-anti-covid-4-1024x768.jpg 1024w, https:\/\/vosgesinfo.fr\/app\/uploads\/sites\/6\/2025\/04\/journees-daction-en-hommage-aux-victimes-des-effets-indesirables-des-injections-anti-covid-4-768x576.jpg 768w, https:\/\/vosgesinfo.fr\/app\/uploads\/sites\/6\/2025\/04\/journees-daction-en-hommage-aux-victimes-des-effets-indesirables-des-injections-anti-covid-4-1536x1152.jpg 1536w, https:\/\/vosgesinfo.fr\/app\/uploads\/sites\/6\/2025\/04\/journees-daction-en-hommage-aux-victimes-des-effets-indesirables-des-injections-anti-covid-4.jpg 2048w\" sizes=\"(max-width: 300px) 100vw, 300px\" \/><\/a>\n\t\t\t<\/dt><\/dl><br style=\"clear: both\" \/><dl class='gallery-item'>\n\t\t\t<dt class='gallery-icon landscape'>\n\t\t\t\t<a href='https:\/\/vosgesinfo.fr\/app\/uploads\/sites\/6\/2025\/04\/journees-daction-en-hommage-aux-victimes-des-effets-indesirables-des-injections-anti-covid-3.jpg'><img decoding=\"async\" width=\"300\" height=\"225\" src=\"https:\/\/vosgesinfo.fr\/app\/uploads\/sites\/6\/2025\/04\/journees-daction-en-hommage-aux-victimes-des-effets-indesirables-des-injections-anti-covid-3-300x225.jpg\" class=\"attachment-medium size-medium\" alt=\"\" srcset=\"https:\/\/vosgesinfo.fr\/app\/uploads\/sites\/6\/2025\/04\/journees-daction-en-hommage-aux-victimes-des-effets-indesirables-des-injections-anti-covid-3-300x225.jpg 300w, https:\/\/vosgesinfo.fr\/app\/uploads\/sites\/6\/2025\/04\/journees-daction-en-hommage-aux-victimes-des-effets-indesirables-des-injections-anti-covid-3-1024x768.jpg 1024w, https:\/\/vosgesinfo.fr\/app\/uploads\/sites\/6\/2025\/04\/journees-daction-en-hommage-aux-victimes-des-effets-indesirables-des-injections-anti-covid-3-768x576.jpg 768w, https:\/\/vosgesinfo.fr\/app\/uploads\/sites\/6\/2025\/04\/journees-daction-en-hommage-aux-victimes-des-effets-indesirables-des-injections-anti-covid-3-1536x1152.jpg 1536w, https:\/\/vosgesinfo.fr\/app\/uploads\/sites\/6\/2025\/04\/journees-daction-en-hommage-aux-victimes-des-effets-indesirables-des-injections-anti-covid-3.jpg 2048w\" sizes=\"(max-width: 300px) 100vw, 300px\" \/><\/a>\n\t\t\t<\/dt><\/dl><dl class='gallery-item'>\n\t\t\t<dt class='gallery-icon landscape'>\n\t\t\t\t<a href='https:\/\/vosgesinfo.fr\/app\/uploads\/sites\/6\/2025\/04\/journees-daction-en-hommage-aux-victimes-des-effets-indesirables-des-injections-anti-covid-6.jpg'><img decoding=\"async\" width=\"300\" height=\"225\" src=\"https:\/\/vosgesinfo.fr\/app\/uploads\/sites\/6\/2025\/04\/journees-daction-en-hommage-aux-victimes-des-effets-indesirables-des-injections-anti-covid-6-300x225.jpg\" class=\"attachment-medium size-medium\" alt=\"\" srcset=\"https:\/\/vosgesinfo.fr\/app\/uploads\/sites\/6\/2025\/04\/journees-daction-en-hommage-aux-victimes-des-effets-indesirables-des-injections-anti-covid-6-300x225.jpg 300w, https:\/\/vosgesinfo.fr\/app\/uploads\/sites\/6\/2025\/04\/journees-daction-en-hommage-aux-victimes-des-effets-indesirables-des-injections-anti-covid-6-1024x768.jpg 1024w, https:\/\/vosgesinfo.fr\/app\/uploads\/sites\/6\/2025\/04\/journees-daction-en-hommage-aux-victimes-des-effets-indesirables-des-injections-anti-covid-6-768x576.jpg 768w, https:\/\/vosgesinfo.fr\/app\/uploads\/sites\/6\/2025\/04\/journees-daction-en-hommage-aux-victimes-des-effets-indesirables-des-injections-anti-covid-6-1536x1152.jpg 1536w, https:\/\/vosgesinfo.fr\/app\/uploads\/sites\/6\/2025\/04\/journees-daction-en-hommage-aux-victimes-des-effets-indesirables-des-injections-anti-covid-6.jpg 2048w\" sizes=\"(max-width: 300px) 100vw, 300px\" \/><\/a>\n\t\t\t<\/dt><\/dl><br style=\"clear: both\" \/>\n\t\t<\/div>\n\n<h3><\/h3>\n<h3>Les associations \u00ab L\u2019Union Fait la Force 88 \u00bb (UFLF88), \u00ab On a eu not\u2019 dose ! \u00bb, \u00ab AAVICTEAM \u00bb et le tiers lieu \u00ab Sainplement \u00bb ont d\u00e9cid\u00e9 d&rsquo;unir leur force dans le cadre des premi\u00e8res journ\u00e9es d\u2019action en hommage aux victimes des effets ind\u00e9sirables des injections anti-covid et conf\u00e9rence sur le COVID long.<\/h3>\n<h3><\/h3>\n<div id=\"attachment_76812\" style=\"width: 310px\" class=\"wp-caption alignright\"><a href=\"https:\/\/vosgesinfo.fr\/app\/uploads\/sites\/6\/2025\/04\/journees-daction-en-hommage-aux-victimes-des-effets-indesirables-des-injections-anti-covid-2.jpg\"><img decoding=\"async\" aria-describedby=\"caption-attachment-76812\" class=\"size-medium wp-image-76812\" src=\"https:\/\/vosgesinfo.fr\/app\/uploads\/sites\/6\/2025\/04\/journees-daction-en-hommage-aux-victimes-des-effets-indesirables-des-injections-anti-covid-2-300x225.jpg\" alt=\"\" width=\"300\" height=\"225\" srcset=\"https:\/\/vosgesinfo.fr\/app\/uploads\/sites\/6\/2025\/04\/journees-daction-en-hommage-aux-victimes-des-effets-indesirables-des-injections-anti-covid-2-300x225.jpg 300w, https:\/\/vosgesinfo.fr\/app\/uploads\/sites\/6\/2025\/04\/journees-daction-en-hommage-aux-victimes-des-effets-indesirables-des-injections-anti-covid-2-1024x768.jpg 1024w, https:\/\/vosgesinfo.fr\/app\/uploads\/sites\/6\/2025\/04\/journees-daction-en-hommage-aux-victimes-des-effets-indesirables-des-injections-anti-covid-2-768x576.jpg 768w, https:\/\/vosgesinfo.fr\/app\/uploads\/sites\/6\/2025\/04\/journees-daction-en-hommage-aux-victimes-des-effets-indesirables-des-injections-anti-covid-2-1536x1152.jpg 1536w, https:\/\/vosgesinfo.fr\/app\/uploads\/sites\/6\/2025\/04\/journees-daction-en-hommage-aux-victimes-des-effets-indesirables-des-injections-anti-covid-2.jpg 2048w\" sizes=\"(max-width: 300px) 100vw, 300px\" \/><\/a><p id=\"caption-attachment-76812\" class=\"wp-caption-text\">Gauthier Blein \u00e9tait \u00e0 G\u00e9rardmer samedi apr\u00e8s-midi pour la premi\u00e8re partie de ces journ\u00e9es.<\/p><\/div>\n<p>Un \u00e9v\u00e8nement en deux temps avec un premier \u00e9pisode \u00e0 G\u00e9rardmer ce samedi apr\u00e8s-midi par le biais d&rsquo;une manifestation statique sur la place des D\u00e9port\u00e9s en soutien aux victimes des effets ind\u00e9sirables des injections anti-covid. L&rsquo;occasion de rencontrer Gauthier BEIN, pr\u00e9sident de l\u2019UFLF88 et ancien m\u00e9decin, qui a pr\u00e9sent\u00e9 bri\u00e8vement les objectifs cette op\u00e9ration : \u00ab\u00a0<em>L&rsquo;id\u00e9e est de faire voir au grand public les effets secondaires potentiels d&rsquo;un vaccin qui avait \u00e9t\u00e9 annonc\u00e9 comme s\u00fbr et efficace et qui en fait ne l&rsquo;\u00e9tait pas. Les effets sont multiples et la plupart sont difficiles \u00e0 reconnaitre et \u00e0 d\u00e9celer. (&#8230;) On a d\u00fb prendre des d\u00e9cisions rapidement, sous pression et sans recul, y compris au sein du corps m\u00e9dical, mais il est temps de r\u00e9fl\u00e9chir, d&rsquo;analyser de se renseigner. Il n&rsquo;y a pas que des th\u00e9ories complotistes sur le sujet, il y a aussi des choses objectives et document\u00e9es, nous avons le temps d\u00e9sormais, et nous commen\u00e7ons \u00e0 avoir le recul<\/em>\u00a0\u00bb pr\u00e9cise Gauthier Bein.<\/p>\n<p><a href=\"https:\/\/vosgesinfo.fr\/app\/uploads\/sites\/6\/2025\/04\/journees-daction-en-hommage-aux-victimes-des-effets-indesirables-des-injections-anti-covid-1.jpg\"><img decoding=\"async\" class=\"alignright size-medium wp-image-76811\" src=\"https:\/\/vosgesinfo.fr\/app\/uploads\/sites\/6\/2025\/04\/journees-daction-en-hommage-aux-victimes-des-effets-indesirables-des-injections-anti-covid-1-300x225.jpg\" alt=\"\" width=\"300\" height=\"225\" srcset=\"https:\/\/vosgesinfo.fr\/app\/uploads\/sites\/6\/2025\/04\/journees-daction-en-hommage-aux-victimes-des-effets-indesirables-des-injections-anti-covid-1-300x225.jpg 300w, https:\/\/vosgesinfo.fr\/app\/uploads\/sites\/6\/2025\/04\/journees-daction-en-hommage-aux-victimes-des-effets-indesirables-des-injections-anti-covid-1-1024x768.jpg 1024w, https:\/\/vosgesinfo.fr\/app\/uploads\/sites\/6\/2025\/04\/journees-daction-en-hommage-aux-victimes-des-effets-indesirables-des-injections-anti-covid-1-768x576.jpg 768w, https:\/\/vosgesinfo.fr\/app\/uploads\/sites\/6\/2025\/04\/journees-daction-en-hommage-aux-victimes-des-effets-indesirables-des-injections-anti-covid-1-1536x1152.jpg 1536w, https:\/\/vosgesinfo.fr\/app\/uploads\/sites\/6\/2025\/04\/journees-daction-en-hommage-aux-victimes-des-effets-indesirables-des-injections-anti-covid-1.jpg 2048w\" sizes=\"(max-width: 300px) 100vw, 300px\" \/><\/a>Et d&rsquo;ajouter : <em>\u00ab\u00a0L&rsquo;objectif est \u00e9galement de recueillir les t\u00e9moignages de victimes, de personnes qui ont subi des effets secondaires lourds, d&rsquo;associations, d&rsquo;aider ces personnes qui ont eu des effets \u00e0 oser en parler, \u00e0 oser se manifester, mais aussi <\/em><em> &amp; surtout <\/em><em>de les accompagner moralement<\/em>\u00ab\u00a0. Le pr\u00e9sident de l&rsquo;UFLF88 qui consid\u00e8re en effet que la prise de parole est encore compliqu\u00e9e sur le sujet des effets secondaires du vaccin, ou encore pour les personnes qui ont subi ou qui subissent encore les effets d&rsquo;un COVID long. COVID long qui sera le sujet du deuxi\u00e8me volet de ces journ\u00e9es qui se poursuivront \u00e0 Remiremont ce dimanche.<\/p>\n<p>Retrouvez le programme ici : <a href=\"https:\/\/vosgesinfo.fr\/gerardmerinfo\/2025\/04\/journees-daction-en-hommage-aux-victimes-des-effets-indesirables-des-injections-anti-covid-et-conference-sur-le-covid-long\/\" target=\"_blank\" rel=\"noopener\">cliquez ici !<\/a><\/p>\n","protected":false},"excerpt":{"rendered":"<p>Les associations \u00ab L\u2019Union Fait la Force 88 \u00bb (UFLF88), \u00ab On a eu not\u2019 dose ! \u00bb, \u00ab AAVICTEAM [&hellip;]<\/p>\n","protected":false},"author":42,"featured_media":76815,"comment_status":"open","ping_status":"open","sticky":false,"template":"","format":"standard","meta":{"footnotes":""},"categories":[20,5647,868,12,17],"tags":[4337,7138,7099,7097],"class_list":["post-76810","post","type-post","status-publish","format-standard","has-post-thumbnail","hentry","category-a-la-une","category-gerardmer-autres-sites","category-remiremont","category-sante","category-vie-associative","tag-covid-19","tag-gauthier-bein","tag-lunion-fait-la-force-88","tag-sainplement"],"acf":[],"yoast_head":"<!-- This site is optimized with the Yoast SEO plugin v22.5 - https:\/\/yoast.com\/wordpress\/plugins\/seo\/ -->\n<title>COVID-19 : r\u00e9fl\u00e9chir, prendre du recul et oser en parler - Gerardmer Info<\/title>\n<meta name=\"robots\" content=\"index, follow, max-snippet:-1, max-image-preview:large, max-video-preview:-1\" \/>\n<link rel=\"canonical\" href=\"https:\/\/vosgesinfo.fr\/gerardmerinfo\/2025\/04\/covid-19-reflechir-prendre-du-recul-et-oser-en-parler\/\" \/>\n<meta name=\"twitter:card\" content=\"summary_large_image\" \/>\n<meta name=\"twitter:title\" content=\"COVID-19 : r\u00e9fl\u00e9chir, prendre du recul et oser en parler - Gerardmer Info\" \/>\n<meta name=\"twitter:description\" content=\"Les associations \u00ab L\u2019Union Fait la Force 88 \u00bb (UFLF88), \u00ab On a eu not\u2019 dose ! \u00bb, \u00ab AAVICTEAM [&hellip;]\" \/>\n<meta name=\"twitter:image\" content=\"https:\/\/vosgesinfo.fr\/app\/uploads\/sites\/6\/2025\/04\/journees-daction-en-hommage-aux-victimes-des-effets-indesirables-des-injections-anti-covid-5.jpg\" \/>\n<meta name=\"twitter:creator\" content=\"@VosgesInfo88\" \/>\n<meta name=\"twitter:site\" content=\"@VosgesInfo88\" \/>\n<meta name=\"twitter:label1\" content=\"\u00c9crit par\" \/>\n\t<meta name=\"twitter:data1\" content=\"QG\" \/>\n\t<meta name=\"twitter:label2\" content=\"Dur\u00e9e de lecture estim\u00e9e\" \/>\n\t<meta name=\"twitter:data2\" content=\"2 minutes\" \/>\n<script type=\"application\/ld+json\" class=\"yoast-schema-graph\">{\"@context\":\"https:\/\/schema.org\",\"@graph\":[{\"@type\":\"Article\",\"@id\":\"https:\/\/vosgesinfo.fr\/gerardmerinfo\/2025\/04\/covid-19-reflechir-prendre-du-recul-et-oser-en-parler\/#article\",\"isPartOf\":{\"@id\":\"https:\/\/vosgesinfo.fr\/gerardmerinfo\/2025\/04\/covid-19-reflechir-prendre-du-recul-et-oser-en-parler\/\"},\"author\":{\"name\":\"QG\",\"@id\":\"https:\/\/vosgesinfo.fr\/gerardmerinfo\/#\/schema\/person\/db5605779a843dad16b5368f3e7613a5\"},\"headline\":\"COVID-19 : r\u00e9fl\u00e9chir, prendre du recul et oser en parler\",\"datePublished\":\"2025-04-12T15:23:03+00:00\",\"dateModified\":\"2025-04-12T13:09:37+00:00\",\"mainEntityOfPage\":{\"@id\":\"https:\/\/vosgesinfo.fr\/gerardmerinfo\/2025\/04\/covid-19-reflechir-prendre-du-recul-et-oser-en-parler\/\"},\"wordCount\":404,\"commentCount\":7,\"publisher\":{\"@id\":\"https:\/\/vosgesinfo.fr\/gerardmerinfo\/#organization\"},\"image\":{\"@id\":\"https:\/\/vosgesinfo.fr\/gerardmerinfo\/2025\/04\/covid-19-reflechir-prendre-du-recul-et-oser-en-parler\/#primaryimage\"},\"thumbnailUrl\":\"https:\/\/vosgesinfo.fr\/app\/uploads\/sites\/6\/2025\/04\/journees-daction-en-hommage-aux-victimes-des-effets-indesirables-des-injections-anti-covid-5.jpg\",\"keywords\":[\"COVID 19\",\"Gauthier Bein\",\"L'union fait la force 88\",\"Sainplement\"],\"articleSection\":[\"A la une\",\"Gerardmer\",\"Remiremont\",\"Sant\u00e9\",\"Vie Associative\"],\"inLanguage\":\"fr-FR\",\"potentialAction\":[{\"@type\":\"CommentAction\",\"name\":\"Comment\",\"target\":[\"https:\/\/vosgesinfo.fr\/gerardmerinfo\/2025\/04\/covid-19-reflechir-prendre-du-recul-et-oser-en-parler\/#respond\"]}]},{\"@type\":\"WebPage\",\"@id\":\"https:\/\/vosgesinfo.fr\/gerardmerinfo\/2025\/04\/covid-19-reflechir-prendre-du-recul-et-oser-en-parler\/\",\"url\":\"https:\/\/vosgesinfo.fr\/gerardmerinfo\/2025\/04\/covid-19-reflechir-prendre-du-recul-et-oser-en-parler\/\",\"name\":\"COVID-19 : r\u00e9fl\u00e9chir, prendre du recul et oser en parler - Gerardmer Info\",\"isPartOf\":{\"@id\":\"https:\/\/vosgesinfo.fr\/gerardmerinfo\/#website\"},\"primaryImageOfPage\":{\"@id\":\"https:\/\/vosgesinfo.fr\/gerardmerinfo\/2025\/04\/covid-19-reflechir-prendre-du-recul-et-oser-en-parler\/#primaryimage\"},\"image\":{\"@id\":\"https:\/\/vosgesinfo.fr\/gerardmerinfo\/2025\/04\/covid-19-reflechir-prendre-du-recul-et-oser-en-parler\/#primaryimage\"},\"thumbnailUrl\":\"https:\/\/vosgesinfo.fr\/app\/uploads\/sites\/6\/2025\/04\/journees-daction-en-hommage-aux-victimes-des-effets-indesirables-des-injections-anti-covid-5.jpg\",\"datePublished\":\"2025-04-12T15:23:03+00:00\",\"dateModified\":\"2025-04-12T13:09:37+00:00\",\"breadcrumb\":{\"@id\":\"https:\/\/vosgesinfo.fr\/gerardmerinfo\/2025\/04\/covid-19-reflechir-prendre-du-recul-et-oser-en-parler\/#breadcrumb\"},\"inLanguage\":\"fr-FR\",\"potentialAction\":[{\"@type\":\"ReadAction\",\"target\":[\"https:\/\/vosgesinfo.fr\/gerardmerinfo\/2025\/04\/covid-19-reflechir-prendre-du-recul-et-oser-en-parler\/\"]}]},{\"@type\":\"ImageObject\",\"inLanguage\":\"fr-FR\",\"@id\":\"https:\/\/vosgesinfo.fr\/gerardmerinfo\/2025\/04\/covid-19-reflechir-prendre-du-recul-et-oser-en-parler\/#primaryimage\",\"url\":\"https:\/\/vosgesinfo.fr\/app\/uploads\/sites\/6\/2025\/04\/journees-daction-en-hommage-aux-victimes-des-effets-indesirables-des-injections-anti-covid-5.jpg\",\"contentUrl\":\"https:\/\/vosgesinfo.fr\/app\/uploads\/sites\/6\/2025\/04\/journees-daction-en-hommage-aux-victimes-des-effets-indesirables-des-injections-anti-covid-5.jpg\",\"width\":2048,\"height\":1536},{\"@type\":\"BreadcrumbList\",\"@id\":\"https:\/\/vosgesinfo.fr\/gerardmerinfo\/2025\/04\/covid-19-reflechir-prendre-du-recul-et-oser-en-parler\/#breadcrumb\",\"itemListElement\":[{\"@type\":\"ListItem\",\"position\":1,\"name\":\"Home\",\"item\":\"https:\/\/vosgesinfo.fr\/gerardmerinfo\/\"},{\"@type\":\"ListItem\",\"position\":2,\"name\":\"COVID-19 : r\u00e9fl\u00e9chir, prendre du recul et oser en parler\"}]},{\"@type\":\"WebSite\",\"@id\":\"https:\/\/vosgesinfo.fr\/gerardmerinfo\/#website\",\"url\":\"https:\/\/vosgesinfo.fr\/gerardmerinfo\/\",\"name\":\"Gerardmer Info\",\"description\":\"Toute l&#039;actualit\u00e9 de G\u00e9rardmer\",\"publisher\":{\"@id\":\"https:\/\/vosgesinfo.fr\/gerardmerinfo\/#organization\"},\"alternateName\":\"Toute l'actualit\u00e9 de G\u00e9rardmer\",\"potentialAction\":[{\"@type\":\"SearchAction\",\"target\":{\"@type\":\"EntryPoint\",\"urlTemplate\":\"https:\/\/vosgesinfo.fr\/gerardmerinfo\/?s={search_term_string}\"},\"query-input\":\"required name=search_term_string\"}],\"inLanguage\":\"fr-FR\"},{\"@type\":\"Organization\",\"@id\":\"https:\/\/vosgesinfo.fr\/gerardmerinfo\/#organization\",\"name\":\"Gerardmer Info\",\"url\":\"https:\/\/vosgesinfo.fr\/gerardmerinfo\/\",\"logo\":{\"@type\":\"ImageObject\",\"inLanguage\":\"fr-FR\",\"@id\":\"https:\/\/vosgesinfo.fr\/gerardmerinfo\/#\/schema\/logo\/image\/\",\"url\":\"https:\/\/vosgesinfo.fr\/app\/uploads\/sites\/6\/2023\/08\/favicon-gerardmerinfo.png\",\"contentUrl\":\"https:\/\/vosgesinfo.fr\/app\/uploads\/sites\/6\/2023\/08\/favicon-gerardmerinfo.png\",\"width\":512,\"height\":512,\"caption\":\"Gerardmer Info\"},\"image\":{\"@id\":\"https:\/\/vosgesinfo.fr\/gerardmerinfo\/#\/schema\/logo\/image\/\"},\"sameAs\":[\"https:\/\/www.facebook.com\/profile.php?id=100049475262660\",\"https:\/\/x.com\/VosgesInfo88\",\"https:\/\/www.youtube.com\/@vosgesinfo\"]},{\"@type\":\"Person\",\"@id\":\"https:\/\/vosgesinfo.fr\/gerardmerinfo\/#\/schema\/person\/db5605779a843dad16b5368f3e7613a5\",\"name\":\"QG\",\"image\":{\"@type\":\"ImageObject\",\"inLanguage\":\"fr-FR\",\"@id\":\"https:\/\/vosgesinfo.fr\/gerardmerinfo\/#\/schema\/person\/image\/\",\"url\":\"https:\/\/secure.gravatar.com\/avatar\/ea80c42c204b534408512832fde52504ecabb9706bcb6151cf6175e5b64e6793?s=96&d=mm&r=g\",\"contentUrl\":\"https:\/\/secure.gravatar.com\/avatar\/ea80c42c204b534408512832fde52504ecabb9706bcb6151cf6175e5b64e6793?s=96&d=mm&r=g\",\"caption\":\"QG\"},\"url\":\"https:\/\/vosgesinfo.fr\/gerardmerinfo\/author\/quentin88\/\"}]}<\/script>\n<!-- \/ Yoast SEO plugin. -->","yoast_head_json":{"title":"COVID-19 : r\u00e9fl\u00e9chir, prendre du recul et oser en parler - Gerardmer Info","robots":{"index":"index","follow":"follow","max-snippet":"max-snippet:-1","max-image-preview":"max-image-preview:large","max-video-preview":"max-video-preview:-1"},"canonical":"https:\/\/vosgesinfo.fr\/gerardmerinfo\/2025\/04\/covid-19-reflechir-prendre-du-recul-et-oser-en-parler\/","twitter_card":"summary_large_image","twitter_title":"COVID-19 : r\u00e9fl\u00e9chir, prendre du recul et oser en parler - Gerardmer Info","twitter_description":"Les associations \u00ab L\u2019Union Fait la Force 88 \u00bb (UFLF88), \u00ab On a eu not\u2019 dose ! \u00bb, \u00ab AAVICTEAM [&hellip;]","twitter_image":"https:\/\/vosgesinfo.fr\/app\/uploads\/sites\/6\/2025\/04\/journees-daction-en-hommage-aux-victimes-des-effets-indesirables-des-injections-anti-covid-5.jpg","twitter_creator":"@VosgesInfo88","twitter_site":"@VosgesInfo88","twitter_misc":{"\u00c9crit par":"QG","Dur\u00e9e de lecture estim\u00e9e":"2 minutes"},"schema":{"@context":"https:\/\/schema.org","@graph":[{"@type":"Article","@id":"https:\/\/vosgesinfo.fr\/gerardmerinfo\/2025\/04\/covid-19-reflechir-prendre-du-recul-et-oser-en-parler\/#article","isPartOf":{"@id":"https:\/\/vosgesinfo.fr\/gerardmerinfo\/2025\/04\/covid-19-reflechir-prendre-du-recul-et-oser-en-parler\/"},"author":{"name":"QG","@id":"https:\/\/vosgesinfo.fr\/gerardmerinfo\/#\/schema\/person\/db5605779a843dad16b5368f3e7613a5"},"headline":"COVID-19 : r\u00e9fl\u00e9chir, prendre du recul et oser en parler","datePublished":"2025-04-12T15:23:03+00:00","dateModified":"2025-04-12T13:09:37+00:00","mainEntityOfPage":{"@id":"https:\/\/vosgesinfo.fr\/gerardmerinfo\/2025\/04\/covid-19-reflechir-prendre-du-recul-et-oser-en-parler\/"},"wordCount":404,"commentCount":7,"publisher":{"@id":"https:\/\/vosgesinfo.fr\/gerardmerinfo\/#organization"},"image":{"@id":"https:\/\/vosgesinfo.fr\/gerardmerinfo\/2025\/04\/covid-19-reflechir-prendre-du-recul-et-oser-en-parler\/#primaryimage"},"thumbnailUrl":"https:\/\/vosgesinfo.fr\/app\/uploads\/sites\/6\/2025\/04\/journees-daction-en-hommage-aux-victimes-des-effets-indesirables-des-injections-anti-covid-5.jpg","keywords":["COVID 19","Gauthier Bein","L'union fait la force 88","Sainplement"],"articleSection":["A la une","Gerardmer","Remiremont","Sant\u00e9","Vie Associative"],"inLanguage":"fr-FR","potentialAction":[{"@type":"CommentAction","name":"Comment","target":["https:\/\/vosgesinfo.fr\/gerardmerinfo\/2025\/04\/covid-19-reflechir-prendre-du-recul-et-oser-en-parler\/#respond"]}]},{"@type":"WebPage","@id":"https:\/\/vosgesinfo.fr\/gerardmerinfo\/2025\/04\/covid-19-reflechir-prendre-du-recul-et-oser-en-parler\/","url":"https:\/\/vosgesinfo.fr\/gerardmerinfo\/2025\/04\/covid-19-reflechir-prendre-du-recul-et-oser-en-parler\/","name":"COVID-19 : r\u00e9fl\u00e9chir, prendre du recul et oser en parler - Gerardmer Info","isPartOf":{"@id":"https:\/\/vosgesinfo.fr\/gerardmerinfo\/#website"},"primaryImageOfPage":{"@id":"https:\/\/vosgesinfo.fr\/gerardmerinfo\/2025\/04\/covid-19-reflechir-prendre-du-recul-et-oser-en-parler\/#primaryimage"},"image":{"@id":"https:\/\/vosgesinfo.fr\/gerardmerinfo\/2025\/04\/covid-19-reflechir-prendre-du-recul-et-oser-en-parler\/#primaryimage"},"thumbnailUrl":"https:\/\/vosgesinfo.fr\/app\/uploads\/sites\/6\/2025\/04\/journees-daction-en-hommage-aux-victimes-des-effets-indesirables-des-injections-anti-covid-5.jpg","datePublished":"2025-04-12T15:23:03+00:00","dateModified":"2025-04-12T13:09:37+00:00","breadcrumb":{"@id":"https:\/\/vosgesinfo.fr\/gerardmerinfo\/2025\/04\/covid-19-reflechir-prendre-du-recul-et-oser-en-parler\/#breadcrumb"},"inLanguage":"fr-FR","potentialAction":[{"@type":"ReadAction","target":["https:\/\/vosgesinfo.fr\/gerardmerinfo\/2025\/04\/covid-19-reflechir-prendre-du-recul-et-oser-en-parler\/"]}]},{"@type":"ImageObject","inLanguage":"fr-FR","@id":"https:\/\/vosgesinfo.fr\/gerardmerinfo\/2025\/04\/covid-19-reflechir-prendre-du-recul-et-oser-en-parler\/#primaryimage","url":"https:\/\/vosgesinfo.fr\/app\/uploads\/sites\/6\/2025\/04\/journees-daction-en-hommage-aux-victimes-des-effets-indesirables-des-injections-anti-covid-5.jpg","contentUrl":"https:\/\/vosgesinfo.fr\/app\/uploads\/sites\/6\/2025\/04\/journees-daction-en-hommage-aux-victimes-des-effets-indesirables-des-injections-anti-covid-5.jpg","width":2048,"height":1536},{"@type":"BreadcrumbList","@id":"https:\/\/vosgesinfo.fr\/gerardmerinfo\/2025\/04\/covid-19-reflechir-prendre-du-recul-et-oser-en-parler\/#breadcrumb","itemListElement":[{"@type":"ListItem","position":1,"name":"Home","item":"https:\/\/vosgesinfo.fr\/gerardmerinfo\/"},{"@type":"ListItem","position":2,"name":"COVID-19 : r\u00e9fl\u00e9chir, prendre du recul et oser en parler"}]},{"@type":"WebSite","@id":"https:\/\/vosgesinfo.fr\/gerardmerinfo\/#website","url":"https:\/\/vosgesinfo.fr\/gerardmerinfo\/","name":"Gerardmer Info","description":"Toute l&#039;actualit\u00e9 de G\u00e9rardmer","publisher":{"@id":"https:\/\/vosgesinfo.fr\/gerardmerinfo\/#organization"},"alternateName":"Toute l'actualit\u00e9 de G\u00e9rardmer","potentialAction":[{"@type":"SearchAction","target":{"@type":"EntryPoint","urlTemplate":"https:\/\/vosgesinfo.fr\/gerardmerinfo\/?s={search_term_string}"},"query-input":"required name=search_term_string"}],"inLanguage":"fr-FR"},{"@type":"Organization","@id":"https:\/\/vosgesinfo.fr\/gerardmerinfo\/#organization","name":"Gerardmer Info","url":"https:\/\/vosgesinfo.fr\/gerardmerinfo\/","logo":{"@type":"ImageObject","inLanguage":"fr-FR","@id":"https:\/\/vosgesinfo.fr\/gerardmerinfo\/#\/schema\/logo\/image\/","url":"https:\/\/vosgesinfo.fr\/app\/uploads\/sites\/6\/2023\/08\/favicon-gerardmerinfo.png","contentUrl":"https:\/\/vosgesinfo.fr\/app\/uploads\/sites\/6\/2023\/08\/favicon-gerardmerinfo.png","width":512,"height":512,"caption":"Gerardmer Info"},"image":{"@id":"https:\/\/vosgesinfo.fr\/gerardmerinfo\/#\/schema\/logo\/image\/"},"sameAs":["https:\/\/www.facebook.com\/profile.php?id=100049475262660","https:\/\/x.com\/VosgesInfo88","https:\/\/www.youtube.com\/@vosgesinfo"]},{"@type":"Person","@id":"https:\/\/vosgesinfo.fr\/gerardmerinfo\/#\/schema\/person\/db5605779a843dad16b5368f3e7613a5","name":"QG","image":{"@type":"ImageObject","inLanguage":"fr-FR","@id":"https:\/\/vosgesinfo.fr\/gerardmerinfo\/#\/schema\/person\/image\/","url":"https:\/\/secure.gravatar.com\/avatar\/ea80c42c204b534408512832fde52504ecabb9706bcb6151cf6175e5b64e6793?s=96&d=mm&r=g","contentUrl":"https:\/\/secure.gravatar.com\/avatar\/ea80c42c204b534408512832fde52504ecabb9706bcb6151cf6175e5b64e6793?s=96&d=mm&r=g","caption":"QG"},"url":"https:\/\/vosgesinfo.fr\/gerardmerinfo\/author\/quentin88\/"}]}},"_links":{"self":[{"href":"https:\/\/vosgesinfo.fr\/gerardmerinfo\/wp-json\/wp\/v2\/posts\/76810","targetHints":{"allow":["GET"]}}],"collection":[{"href":"https:\/\/vosgesinfo.fr\/gerardmerinfo\/wp-json\/wp\/v2\/posts"}],"about":[{"href":"https:\/\/vosgesinfo.fr\/gerardmerinfo\/wp-json\/wp\/v2\/types\/post"}],"author":[{"embeddable":true,"href":"https:\/\/vosgesinfo.fr\/gerardmerinfo\/wp-json\/wp\/v2\/users\/42"}],"replies":[{"embeddable":true,"href":"https:\/\/vosgesinfo.fr\/gerardmerinfo\/wp-json\/wp\/v2\/comments?post=76810"}],"version-history":[{"count":1,"href":"https:\/\/vosgesinfo.fr\/gerardmerinfo\/wp-json\/wp\/v2\/posts\/76810\/revisions"}],"predecessor-version":[{"id":76817,"href":"https:\/\/vosgesinfo.fr\/gerardmerinfo\/wp-json\/wp\/v2\/posts\/76810\/revisions\/76817"}],"wp:featuredmedia":[{"embeddable":true,"href":"https:\/\/vosgesinfo.fr\/gerardmerinfo\/wp-json\/wp\/v2\/media\/76815"}],"wp:attachment":[{"href":"https:\/\/vosgesinfo.fr\/gerardmerinfo\/wp-json\/wp\/v2\/media?parent=76810"}],"wp:term":[{"taxonomy":"category","embeddable":true,"href":"https:\/\/vosgesinfo.fr\/gerardmerinfo\/wp-json\/wp\/v2\/categories?post=76810"},{"taxonomy":"post_tag","embeddable":true,"href":"https:\/\/vosgesinfo.fr\/gerardmerinfo\/wp-json\/wp\/v2\/tags?post=76810"}],"curies":[{"name":"wp","href":"https:\/\/api.w.org\/{rel}","templated":true}]}}