{"id":76825,"date":"2025-04-13T00:09:48","date_gmt":"2025-04-12T22:09:48","guid":{"rendered":"https:\/\/vosgesinfo.fr\/gerardmerinfo\/?p=76825"},"modified":"2025-04-13T00:09:48","modified_gmt":"2025-04-12T22:09:48","slug":"volley-ball-les-louves-de-saint-die-des-vosges-valident-leur-montee-en-ligue-pro","status":"publish","type":"post","link":"https:\/\/vosgesinfo.fr\/gerardmerinfo\/2025\/04\/volley-ball-les-louves-de-saint-die-des-vosges-valident-leur-montee-en-ligue-pro\/","title":{"rendered":"Volley-ball\u00a0: les Louves de Saint-Di\u00e9-des-Vosges valident leur mont\u00e9e en Ligue Pro\u00a0!"},"content":{"rendered":"<div id=\"attachment_76723\" style=\"width: 829px\" class=\"wp-caption alignnone\"><a href=\"https:\/\/vosgesinfo.fr\/app\/uploads\/sites\/4\/2025\/04\/louves-montee-ligue-af-2.jpg\"><img decoding=\"async\" aria-describedby=\"caption-attachment-76723\" class=\"size-large wp-image-76723\" src=\"https:\/\/vosgesinfo.fr\/app\/uploads\/sites\/4\/2025\/04\/louves-montee-ligue-af-2-819x1024.jpg\" alt=\"\" width=\"819\" height=\"1024\" \/><\/a><p id=\"caption-attachment-76723\" class=\"wp-caption-text\">(Images Saint-Di\u00e9 Volley-Ball)<\/p><\/div>\n<h2>C&rsquo;est un <strong>moment historique<\/strong> du sport d\u00e9odatien qui s&rsquo;est jou\u00e9 ce samedi soir au Palais Omnisports Joseph-Claudel. Port\u00e9es par leur public, les <strong>Louves<\/strong> n&rsquo;ont pas trembl\u00e9 et ont battu le <strong>Sens Volley 89 par 3 sets \u00e0 1<\/strong> (25-17 ; 25-19 ; 22-25 ; 25-22). Une <strong>victoire synonyme de mont\u00e9e en Ligue Saforelle Power 6&#8230; soit la Ligue Pro du volley-ball f\u00e9minin<\/strong>.<\/h2>\n<p><!--more--><\/p>\n<p>R\u00e9alisant jusqu&rsquo;\u00e0 pr\u00e9sent une <strong>saison parfaite<\/strong>, avec <strong>22 victoires en autant de matchs jou\u00e9s<\/strong> en championnat et en Coupe de France, les Louves ont concr\u00e9tis\u00e9 ce soir <strong>le r\u00eave de feu Pierre Mercier<\/strong>, fruit d&rsquo;un projet initi\u00e9 <strong>il y a maintenant dix ans.<\/strong><\/p>\n<p>L&rsquo;\u00e9quipe de volley f\u00e9minine d\u00e9odatienne acc\u00e8de ainsi au <strong>plus haut niveau national<\/strong>, tout en devenant <strong>la premi\u00e8re \u00e9quipe sportive de Saint-Di\u00e9-des-Vosges \u00e0 int\u00e9grer un championnat professionnel<\/strong>. \u00ab <strong>Ce soir, les Louves ont \u00e9crit l&rsquo;une des plus belles pages de leur histoire<\/strong>. Elles l&rsquo;ont fait. <strong>Devant un POJC en feu<\/strong>, port\u00e9 par <strong>un public incroyable<\/strong>. <strong>La mont\u00e9e est m\u00e9rit\u00e9e. Et l&rsquo;histoire continue de s&rsquo;\u00e9crire.<\/strong> Merci \u00e0 toutes celles et ceux qui ont <strong>vibr\u00e9, cri\u00e9, soutenu<\/strong>. Ce moment est pour vous. Ce moment est pour elles. <strong>Une saison parfaite, pour une \u00e9quipe exceptionnelle<\/strong> \u00bb a comment\u00e9 le Saint-Di\u00e9 Volley-Ball sur ses r\u00e9seaux.<\/p>\n<p>Il reste encore <strong>deux matchs \u00e0 jouer<\/strong> avant la conclusion de la saison. Et les Louves <strong>ne comptent pas se reposer sur leurs lauriers<\/strong>. M\u00eame si la mont\u00e9e est maintenant acquise, la capitaine <strong>Julie Mollinger<\/strong> et ses co\u00e9quipi\u00e8res sont bien d\u00e9termin\u00e9es \u00e0 <strong>rester invaincues de bout en bout<\/strong>, \u00e0 <strong>ne rien l\u00e2cher face \u00e0 \u00c9vreux et Valenciennes<\/strong>&#8230; pour que <strong>cette saison 2024-2025 soit d\u00e9finitivement parfaite<\/strong>.<\/p>\n<p>J.J.<\/p>\n<p><a href=\"https:\/\/vosgesinfo.fr\/app\/uploads\/sites\/4\/2025\/04\/louves-montee-ligue-af-1.jpg\"><img decoding=\"async\" class=\"alignnone size-large wp-image-76724\" src=\"https:\/\/vosgesinfo.fr\/app\/uploads\/sites\/4\/2025\/04\/louves-montee-ligue-af-1-819x1024.jpg\" alt=\"\" width=\"819\" height=\"1024\" \/><\/a><\/p>\n","protected":false},"excerpt":{"rendered":"<p>C&rsquo;est un moment historique du sport d\u00e9odatien qui s&rsquo;est jou\u00e9 ce samedi soir au Palais Omnisports Joseph-Claudel. Port\u00e9es par leur [&hellip;]<\/p>\n","protected":false},"author":46,"featured_media":76826,"comment_status":"open","ping_status":"open","sticky":false,"template":"","format":"standard","meta":{"footnotes":""},"categories":[20,878,25,328,868,908,14,18],"tags":[6269,7140,7141,5977,7142,6271],"class_list":["post-76825","post","type-post","status-publish","format-standard","has-post-thumbnail","hentry","category-a-la-une","category-epinal","category-gerardmer","category-la-plaine-des-vosges","category-remiremont","category-saint-die-des-vosges-et-son-agglomeration","category-sport","category-vosges","tag-les-louves","tag-les-louves-de-saint-die-des-vosges-valident-leur-montee-en-ligue-pro","tag-ligue-saforelle-power-6","tag-palais-omnisports-joseph-claudel","tag-pierre-mercier","tag-saint-die-volley-ball"],"acf":[],"yoast_head":"<!-- This site is optimized with the Yoast SEO plugin v22.5 - https:\/\/yoast.com\/wordpress\/plugins\/seo\/ -->\n<title>Volley-ball\u00a0: les Louves de Saint-Di\u00e9-des-Vosges valident leur mont\u00e9e en Ligue Pro\u00a0! - Gerardmer Info<\/title>\n<meta name=\"robots\" content=\"index, follow, max-snippet:-1, max-image-preview:large, max-video-preview:-1\" \/>\n<link rel=\"canonical\" href=\"https:\/\/vosgesinfo.fr\/gerardmerinfo\/2025\/04\/volley-ball-les-louves-de-saint-die-des-vosges-valident-leur-montee-en-ligue-pro\/\" \/>\n<meta name=\"twitter:card\" content=\"summary_large_image\" \/>\n<meta name=\"twitter:title\" content=\"Volley-ball\u00a0: les Louves de Saint-Di\u00e9-des-Vosges valident leur mont\u00e9e en Ligue Pro\u00a0! - Gerardmer Info\" \/>\n<meta name=\"twitter:description\" content=\"C&rsquo;est un moment historique du sport d\u00e9odatien qui s&rsquo;est jou\u00e9 ce samedi soir au Palais Omnisports Joseph-Claudel. Port\u00e9es par leur [&hellip;]\" \/>\n<meta name=\"twitter:image\" content=\"https:\/\/vosgesinfo.fr\/app\/uploads\/sites\/6\/2025\/04\/louves-montee-ligue-af-2.jpg\" \/>\n<meta name=\"twitter:creator\" content=\"@VosgesInfo88\" \/>\n<meta name=\"twitter:site\" content=\"@VosgesInfo88\" \/>\n<meta name=\"twitter:label1\" content=\"\u00c9crit par\" \/>\n\t<meta name=\"twitter:data1\" content=\"J.J.\" \/>\n\t<meta name=\"twitter:label2\" content=\"Dur\u00e9e de lecture estim\u00e9e\" \/>\n\t<meta name=\"twitter:data2\" content=\"1 minute\" \/>\n<script type=\"application\/ld+json\" class=\"yoast-schema-graph\">{\"@context\":\"https:\/\/schema.org\",\"@graph\":[{\"@type\":\"Article\",\"@id\":\"https:\/\/vosgesinfo.fr\/gerardmerinfo\/2025\/04\/volley-ball-les-louves-de-saint-die-des-vosges-valident-leur-montee-en-ligue-pro\/#article\",\"isPartOf\":{\"@id\":\"https:\/\/vosgesinfo.fr\/gerardmerinfo\/2025\/04\/volley-ball-les-louves-de-saint-die-des-vosges-valident-leur-montee-en-ligue-pro\/\"},\"author\":{\"name\":\"J.J.\",\"@id\":\"https:\/\/vosgesinfo.fr\/gerardmerinfo\/#\/schema\/person\/fa73e9f726d67bb88f46d5b7943cb572\"},\"headline\":\"Volley-ball\u00a0: les Louves de Saint-Di\u00e9-des-Vosges valident leur mont\u00e9e en Ligue Pro\u00a0!\",\"datePublished\":\"2025-04-12T22:09:48+00:00\",\"dateModified\":\"2025-04-12T22:09:48+00:00\",\"mainEntityOfPage\":{\"@id\":\"https:\/\/vosgesinfo.fr\/gerardmerinfo\/2025\/04\/volley-ball-les-louves-de-saint-die-des-vosges-valident-leur-montee-en-ligue-pro\/\"},\"wordCount\":314,\"commentCount\":0,\"publisher\":{\"@id\":\"https:\/\/vosgesinfo.fr\/gerardmerinfo\/#organization\"},\"image\":{\"@id\":\"https:\/\/vosgesinfo.fr\/gerardmerinfo\/2025\/04\/volley-ball-les-louves-de-saint-die-des-vosges-valident-leur-montee-en-ligue-pro\/#primaryimage\"},\"thumbnailUrl\":\"https:\/\/vosgesinfo.fr\/app\/uploads\/sites\/6\/2025\/04\/louves-montee-ligue-af-2.jpg\",\"keywords\":[\"Les Louves\",\"Les Louves de Saint-Di\u00e9-des-Vosges valident leur mont\u00e9e en Ligue Pro\",\"Ligue Saforelle Power 6\",\"Palais Omnisports Joseph-Claudel\",\"Pierre Mercier\",\"Saint-Di\u00e9 Volley-Ball\"],\"articleSection\":[\"A la une\",\"Epinal\",\"G\u00e9rardmer\",\"La plaine des vosges\",\"Remiremont\",\"Saint-Di\u00e9-des-Vosges et son Agglom\u00e9ration\",\"Sport\",\"Vosges\"],\"inLanguage\":\"fr-FR\",\"potentialAction\":[{\"@type\":\"CommentAction\",\"name\":\"Comment\",\"target\":[\"https:\/\/vosgesinfo.fr\/gerardmerinfo\/2025\/04\/volley-ball-les-louves-de-saint-die-des-vosges-valident-leur-montee-en-ligue-pro\/#respond\"]}]},{\"@type\":\"WebPage\",\"@id\":\"https:\/\/vosgesinfo.fr\/gerardmerinfo\/2025\/04\/volley-ball-les-louves-de-saint-die-des-vosges-valident-leur-montee-en-ligue-pro\/\",\"url\":\"https:\/\/vosgesinfo.fr\/gerardmerinfo\/2025\/04\/volley-ball-les-louves-de-saint-die-des-vosges-valident-leur-montee-en-ligue-pro\/\",\"name\":\"Volley-ball\u00a0: les Louves de Saint-Di\u00e9-des-Vosges valident leur mont\u00e9e en Ligue Pro\u00a0! - Gerardmer Info\",\"isPartOf\":{\"@id\":\"https:\/\/vosgesinfo.fr\/gerardmerinfo\/#website\"},\"primaryImageOfPage\":{\"@id\":\"https:\/\/vosgesinfo.fr\/gerardmerinfo\/2025\/04\/volley-ball-les-louves-de-saint-die-des-vosges-valident-leur-montee-en-ligue-pro\/#primaryimage\"},\"image\":{\"@id\":\"https:\/\/vosgesinfo.fr\/gerardmerinfo\/2025\/04\/volley-ball-les-louves-de-saint-die-des-vosges-valident-leur-montee-en-ligue-pro\/#primaryimage\"},\"thumbnailUrl\":\"https:\/\/vosgesinfo.fr\/app\/uploads\/sites\/6\/2025\/04\/louves-montee-ligue-af-2.jpg\",\"datePublished\":\"2025-04-12T22:09:48+00:00\",\"dateModified\":\"2025-04-12T22:09:48+00:00\",\"breadcrumb\":{\"@id\":\"https:\/\/vosgesinfo.fr\/gerardmerinfo\/2025\/04\/volley-ball-les-louves-de-saint-die-des-vosges-valident-leur-montee-en-ligue-pro\/#breadcrumb\"},\"inLanguage\":\"fr-FR\",\"potentialAction\":[{\"@type\":\"ReadAction\",\"target\":[\"https:\/\/vosgesinfo.fr\/gerardmerinfo\/2025\/04\/volley-ball-les-louves-de-saint-die-des-vosges-valident-leur-montee-en-ligue-pro\/\"]}]},{\"@type\":\"ImageObject\",\"inLanguage\":\"fr-FR\",\"@id\":\"https:\/\/vosgesinfo.fr\/gerardmerinfo\/2025\/04\/volley-ball-les-louves-de-saint-die-des-vosges-valident-leur-montee-en-ligue-pro\/#primaryimage\",\"url\":\"https:\/\/vosgesinfo.fr\/app\/uploads\/sites\/6\/2025\/04\/louves-montee-ligue-af-2.jpg\",\"contentUrl\":\"https:\/\/vosgesinfo.fr\/app\/uploads\/sites\/6\/2025\/04\/louves-montee-ligue-af-2.jpg\",\"width\":1638,\"height\":2048},{\"@type\":\"BreadcrumbList\",\"@id\":\"https:\/\/vosgesinfo.fr\/gerardmerinfo\/2025\/04\/volley-ball-les-louves-de-saint-die-des-vosges-valident-leur-montee-en-ligue-pro\/#breadcrumb\",\"itemListElement\":[{\"@type\":\"ListItem\",\"position\":1,\"name\":\"Home\",\"item\":\"https:\/\/vosgesinfo.fr\/gerardmerinfo\/\"},{\"@type\":\"ListItem\",\"position\":2,\"name\":\"Volley-ball\u00a0: les Louves de Saint-Di\u00e9-des-Vosges valident leur mont\u00e9e en Ligue Pro\u00a0!\"}]},{\"@type\":\"WebSite\",\"@id\":\"https:\/\/vosgesinfo.fr\/gerardmerinfo\/#website\",\"url\":\"https:\/\/vosgesinfo.fr\/gerardmerinfo\/\",\"name\":\"Gerardmer Info\",\"description\":\"Toute l&#039;actualit\u00e9 de G\u00e9rardmer\",\"publisher\":{\"@id\":\"https:\/\/vosgesinfo.fr\/gerardmerinfo\/#organization\"},\"alternateName\":\"Toute l'actualit\u00e9 de G\u00e9rardmer\",\"potentialAction\":[{\"@type\":\"SearchAction\",\"target\":{\"@type\":\"EntryPoint\",\"urlTemplate\":\"https:\/\/vosgesinfo.fr\/gerardmerinfo\/?s={search_term_string}\"},\"query-input\":\"required name=search_term_string\"}],\"inLanguage\":\"fr-FR\"},{\"@type\":\"Organization\",\"@id\":\"https:\/\/vosgesinfo.fr\/gerardmerinfo\/#organization\",\"name\":\"Gerardmer Info\",\"url\":\"https:\/\/vosgesinfo.fr\/gerardmerinfo\/\",\"logo\":{\"@type\":\"ImageObject\",\"inLanguage\":\"fr-FR\",\"@id\":\"https:\/\/vosgesinfo.fr\/gerardmerinfo\/#\/schema\/logo\/image\/\",\"url\":\"https:\/\/vosgesinfo.fr\/app\/uploads\/sites\/6\/2023\/08\/favicon-gerardmerinfo.png\",\"contentUrl\":\"https:\/\/vosgesinfo.fr\/app\/uploads\/sites\/6\/2023\/08\/favicon-gerardmerinfo.png\",\"width\":512,\"height\":512,\"caption\":\"Gerardmer Info\"},\"image\":{\"@id\":\"https:\/\/vosgesinfo.fr\/gerardmerinfo\/#\/schema\/logo\/image\/\"},\"sameAs\":[\"https:\/\/www.facebook.com\/profile.php?id=100049475262660\",\"https:\/\/x.com\/VosgesInfo88\",\"https:\/\/www.youtube.com\/@vosgesinfo\"]},{\"@type\":\"Person\",\"@id\":\"https:\/\/vosgesinfo.fr\/gerardmerinfo\/#\/schema\/person\/fa73e9f726d67bb88f46d5b7943cb572\",\"name\":\"J.J.\",\"image\":{\"@type\":\"ImageObject\",\"inLanguage\":\"fr-FR\",\"@id\":\"https:\/\/vosgesinfo.fr\/gerardmerinfo\/#\/schema\/person\/image\/\",\"url\":\"https:\/\/secure.gravatar.com\/avatar\/219e749e47ffbcca018a360ae4add7d4cdf1cdaaf8bc7676b27efade3fe65615?s=96&d=mm&r=g\",\"contentUrl\":\"https:\/\/secure.gravatar.com\/avatar\/219e749e47ffbcca018a360ae4add7d4cdf1cdaaf8bc7676b27efade3fe65615?s=96&d=mm&r=g\",\"caption\":\"J.J.\"},\"url\":\"https:\/\/vosgesinfo.fr\/gerardmerinfo\/author\/j-j\/\"}]}<\/script>\n<!-- \/ Yoast SEO plugin. -->","yoast_head_json":{"title":"Volley-ball\u00a0: les Louves de Saint-Di\u00e9-des-Vosges valident leur mont\u00e9e en Ligue Pro\u00a0! - Gerardmer Info","robots":{"index":"index","follow":"follow","max-snippet":"max-snippet:-1","max-image-preview":"max-image-preview:large","max-video-preview":"max-video-preview:-1"},"canonical":"https:\/\/vosgesinfo.fr\/gerardmerinfo\/2025\/04\/volley-ball-les-louves-de-saint-die-des-vosges-valident-leur-montee-en-ligue-pro\/","twitter_card":"summary_large_image","twitter_title":"Volley-ball\u00a0: les Louves de Saint-Di\u00e9-des-Vosges valident leur mont\u00e9e en Ligue Pro\u00a0! - Gerardmer Info","twitter_description":"C&rsquo;est un moment historique du sport d\u00e9odatien qui s&rsquo;est jou\u00e9 ce samedi soir au Palais Omnisports Joseph-Claudel. Port\u00e9es par leur [&hellip;]","twitter_image":"https:\/\/vosgesinfo.fr\/app\/uploads\/sites\/6\/2025\/04\/louves-montee-ligue-af-2.jpg","twitter_creator":"@VosgesInfo88","twitter_site":"@VosgesInfo88","twitter_misc":{"\u00c9crit par":"J.J.","Dur\u00e9e de lecture estim\u00e9e":"1 minute"},"schema":{"@context":"https:\/\/schema.org","@graph":[{"@type":"Article","@id":"https:\/\/vosgesinfo.fr\/gerardmerinfo\/2025\/04\/volley-ball-les-louves-de-saint-die-des-vosges-valident-leur-montee-en-ligue-pro\/#article","isPartOf":{"@id":"https:\/\/vosgesinfo.fr\/gerardmerinfo\/2025\/04\/volley-ball-les-louves-de-saint-die-des-vosges-valident-leur-montee-en-ligue-pro\/"},"author":{"name":"J.J.","@id":"https:\/\/vosgesinfo.fr\/gerardmerinfo\/#\/schema\/person\/fa73e9f726d67bb88f46d5b7943cb572"},"headline":"Volley-ball\u00a0: les Louves de Saint-Di\u00e9-des-Vosges valident leur mont\u00e9e en Ligue Pro\u00a0!","datePublished":"2025-04-12T22:09:48+00:00","dateModified":"2025-04-12T22:09:48+00:00","mainEntityOfPage":{"@id":"https:\/\/vosgesinfo.fr\/gerardmerinfo\/2025\/04\/volley-ball-les-louves-de-saint-die-des-vosges-valident-leur-montee-en-ligue-pro\/"},"wordCount":314,"commentCount":0,"publisher":{"@id":"https:\/\/vosgesinfo.fr\/gerardmerinfo\/#organization"},"image":{"@id":"https:\/\/vosgesinfo.fr\/gerardmerinfo\/2025\/04\/volley-ball-les-louves-de-saint-die-des-vosges-valident-leur-montee-en-ligue-pro\/#primaryimage"},"thumbnailUrl":"https:\/\/vosgesinfo.fr\/app\/uploads\/sites\/6\/2025\/04\/louves-montee-ligue-af-2.jpg","keywords":["Les Louves","Les Louves de Saint-Di\u00e9-des-Vosges valident leur mont\u00e9e en Ligue Pro","Ligue Saforelle Power 6","Palais Omnisports Joseph-Claudel","Pierre Mercier","Saint-Di\u00e9 Volley-Ball"],"articleSection":["A la une","Epinal","G\u00e9rardmer","La plaine des vosges","Remiremont","Saint-Di\u00e9-des-Vosges et son Agglom\u00e9ration","Sport","Vosges"],"inLanguage":"fr-FR","potentialAction":[{"@type":"CommentAction","name":"Comment","target":["https:\/\/vosgesinfo.fr\/gerardmerinfo\/2025\/04\/volley-ball-les-louves-de-saint-die-des-vosges-valident-leur-montee-en-ligue-pro\/#respond"]}]},{"@type":"WebPage","@id":"https:\/\/vosgesinfo.fr\/gerardmerinfo\/2025\/04\/volley-ball-les-louves-de-saint-die-des-vosges-valident-leur-montee-en-ligue-pro\/","url":"https:\/\/vosgesinfo.fr\/gerardmerinfo\/2025\/04\/volley-ball-les-louves-de-saint-die-des-vosges-valident-leur-montee-en-ligue-pro\/","name":"Volley-ball\u00a0: les Louves de Saint-Di\u00e9-des-Vosges valident leur mont\u00e9e en Ligue Pro\u00a0! - Gerardmer Info","isPartOf":{"@id":"https:\/\/vosgesinfo.fr\/gerardmerinfo\/#website"},"primaryImageOfPage":{"@id":"https:\/\/vosgesinfo.fr\/gerardmerinfo\/2025\/04\/volley-ball-les-louves-de-saint-die-des-vosges-valident-leur-montee-en-ligue-pro\/#primaryimage"},"image":{"@id":"https:\/\/vosgesinfo.fr\/gerardmerinfo\/2025\/04\/volley-ball-les-louves-de-saint-die-des-vosges-valident-leur-montee-en-ligue-pro\/#primaryimage"},"thumbnailUrl":"https:\/\/vosgesinfo.fr\/app\/uploads\/sites\/6\/2025\/04\/louves-montee-ligue-af-2.jpg","datePublished":"2025-04-12T22:09:48+00:00","dateModified":"2025-04-12T22:09:48+00:00","breadcrumb":{"@id":"https:\/\/vosgesinfo.fr\/gerardmerinfo\/2025\/04\/volley-ball-les-louves-de-saint-die-des-vosges-valident-leur-montee-en-ligue-pro\/#breadcrumb"},"inLanguage":"fr-FR","potentialAction":[{"@type":"ReadAction","target":["https:\/\/vosgesinfo.fr\/gerardmerinfo\/2025\/04\/volley-ball-les-louves-de-saint-die-des-vosges-valident-leur-montee-en-ligue-pro\/"]}]},{"@type":"ImageObject","inLanguage":"fr-FR","@id":"https:\/\/vosgesinfo.fr\/gerardmerinfo\/2025\/04\/volley-ball-les-louves-de-saint-die-des-vosges-valident-leur-montee-en-ligue-pro\/#primaryimage","url":"https:\/\/vosgesinfo.fr\/app\/uploads\/sites\/6\/2025\/04\/louves-montee-ligue-af-2.jpg","contentUrl":"https:\/\/vosgesinfo.fr\/app\/uploads\/sites\/6\/2025\/04\/louves-montee-ligue-af-2.jpg","width":1638,"height":2048},{"@type":"BreadcrumbList","@id":"https:\/\/vosgesinfo.fr\/gerardmerinfo\/2025\/04\/volley-ball-les-louves-de-saint-die-des-vosges-valident-leur-montee-en-ligue-pro\/#breadcrumb","itemListElement":[{"@type":"ListItem","position":1,"name":"Home","item":"https:\/\/vosgesinfo.fr\/gerardmerinfo\/"},{"@type":"ListItem","position":2,"name":"Volley-ball\u00a0: les Louves de Saint-Di\u00e9-des-Vosges valident leur mont\u00e9e en Ligue Pro\u00a0!"}]},{"@type":"WebSite","@id":"https:\/\/vosgesinfo.fr\/gerardmerinfo\/#website","url":"https:\/\/vosgesinfo.fr\/gerardmerinfo\/","name":"Gerardmer Info","description":"Toute l&#039;actualit\u00e9 de G\u00e9rardmer","publisher":{"@id":"https:\/\/vosgesinfo.fr\/gerardmerinfo\/#organization"},"alternateName":"Toute l'actualit\u00e9 de G\u00e9rardmer","potentialAction":[{"@type":"SearchAction","target":{"@type":"EntryPoint","urlTemplate":"https:\/\/vosgesinfo.fr\/gerardmerinfo\/?s={search_term_string}"},"query-input":"required name=search_term_string"}],"inLanguage":"fr-FR"},{"@type":"Organization","@id":"https:\/\/vosgesinfo.fr\/gerardmerinfo\/#organization","name":"Gerardmer Info","url":"https:\/\/vosgesinfo.fr\/gerardmerinfo\/","logo":{"@type":"ImageObject","inLanguage":"fr-FR","@id":"https:\/\/vosgesinfo.fr\/gerardmerinfo\/#\/schema\/logo\/image\/","url":"https:\/\/vosgesinfo.fr\/app\/uploads\/sites\/6\/2023\/08\/favicon-gerardmerinfo.png","contentUrl":"https:\/\/vosgesinfo.fr\/app\/uploads\/sites\/6\/2023\/08\/favicon-gerardmerinfo.png","width":512,"height":512,"caption":"Gerardmer Info"},"image":{"@id":"https:\/\/vosgesinfo.fr\/gerardmerinfo\/#\/schema\/logo\/image\/"},"sameAs":["https:\/\/www.facebook.com\/profile.php?id=100049475262660","https:\/\/x.com\/VosgesInfo88","https:\/\/www.youtube.com\/@vosgesinfo"]},{"@type":"Person","@id":"https:\/\/vosgesinfo.fr\/gerardmerinfo\/#\/schema\/person\/fa73e9f726d67bb88f46d5b7943cb572","name":"J.J.","image":{"@type":"ImageObject","inLanguage":"fr-FR","@id":"https:\/\/vosgesinfo.fr\/gerardmerinfo\/#\/schema\/person\/image\/","url":"https:\/\/secure.gravatar.com\/avatar\/219e749e47ffbcca018a360ae4add7d4cdf1cdaaf8bc7676b27efade3fe65615?s=96&d=mm&r=g","contentUrl":"https:\/\/secure.gravatar.com\/avatar\/219e749e47ffbcca018a360ae4add7d4cdf1cdaaf8bc7676b27efade3fe65615?s=96&d=mm&r=g","caption":"J.J."},"url":"https:\/\/vosgesinfo.fr\/gerardmerinfo\/author\/j-j\/"}]}},"_links":{"self":[{"href":"https:\/\/vosgesinfo.fr\/gerardmerinfo\/wp-json\/wp\/v2\/posts\/76825","targetHints":{"allow":["GET"]}}],"collection":[{"href":"https:\/\/vosgesinfo.fr\/gerardmerinfo\/wp-json\/wp\/v2\/posts"}],"about":[{"href":"https:\/\/vosgesinfo.fr\/gerardmerinfo\/wp-json\/wp\/v2\/types\/post"}],"author":[{"embeddable":true,"href":"https:\/\/vosgesinfo.fr\/gerardmerinfo\/wp-json\/wp\/v2\/users\/46"}],"replies":[{"embeddable":true,"href":"https:\/\/vosgesinfo.fr\/gerardmerinfo\/wp-json\/wp\/v2\/comments?post=76825"}],"version-history":[{"count":0,"href":"https:\/\/vosgesinfo.fr\/gerardmerinfo\/wp-json\/wp\/v2\/posts\/76825\/revisions"}],"wp:featuredmedia":[{"embeddable":true,"href":"https:\/\/vosgesinfo.fr\/gerardmerinfo\/wp-json\/wp\/v2\/media\/76826"}],"wp:attachment":[{"href":"https:\/\/vosgesinfo.fr\/gerardmerinfo\/wp-json\/wp\/v2\/media?parent=76825"}],"wp:term":[{"taxonomy":"category","embeddable":true,"href":"https:\/\/vosgesinfo.fr\/gerardmerinfo\/wp-json\/wp\/v2\/categories?post=76825"},{"taxonomy":"post_tag","embeddable":true,"href":"https:\/\/vosgesinfo.fr\/gerardmerinfo\/wp-json\/wp\/v2\/tags?post=76825"}],"curies":[{"name":"wp","href":"https:\/\/api.w.org\/{rel}","templated":true}]}}