{"id":77069,"date":"2025-04-21T06:00:42","date_gmt":"2025-04-21T04:00:42","guid":{"rendered":"https:\/\/vosgesinfo.fr\/gerardmerinfo\/?p=77069"},"modified":"2025-04-20T15:07:28","modified_gmt":"2025-04-20T13:07:28","slug":"le-repaire-de-la-licorne-un-bel-elan-solidaire-au-service-des-enfants","status":"publish","type":"post","link":"https:\/\/vosgesinfo.fr\/gerardmerinfo\/2025\/04\/le-repaire-de-la-licorne-un-bel-elan-solidaire-au-service-des-enfants\/","title":{"rendered":"\u201cLe Repaire de la Licorne\u201d : un bel \u00e9lan solidaire au service des enfants"},"content":{"rendered":"<div><a href=\"https:\/\/vosgesinfo.fr\/app\/uploads\/sites\/6\/2025\/04\/licorne-emca-marie-curie-1.jpg\"><img decoding=\"async\" class=\"aligncenter size-large wp-image-77073\" src=\"https:\/\/vosgesinfo.fr\/app\/uploads\/sites\/6\/2025\/04\/licorne-emca-marie-curie-1-1024x756.jpg\" alt=\"\" width=\"1024\" height=\"756\" srcset=\"https:\/\/vosgesinfo.fr\/app\/uploads\/sites\/6\/2025\/04\/licorne-emca-marie-curie-1-1024x756.jpg 1024w, https:\/\/vosgesinfo.fr\/app\/uploads\/sites\/6\/2025\/04\/licorne-emca-marie-curie-1-300x221.jpg 300w, https:\/\/vosgesinfo.fr\/app\/uploads\/sites\/6\/2025\/04\/licorne-emca-marie-curie-1-768x567.jpg 768w, https:\/\/vosgesinfo.fr\/app\/uploads\/sites\/6\/2025\/04\/licorne-emca-marie-curie-1.jpg 1179w\" sizes=\"(max-width: 1024px) 100vw, 1024px\" \/><\/a>\n\t\t<style type=\"text\/css\">\n\t\t\t#gallery-1 {\n\t\t\t\tmargin: auto;\n\t\t\t}\n\t\t\t#gallery-1 .gallery-item {\n\t\t\t\tfloat: left;\n\t\t\t\tmargin-top: 10px;\n\t\t\t\ttext-align: center;\n\t\t\t\twidth: 50%;\n\t\t\t}\n\t\t\t#gallery-1 img {\n\t\t\t\tborder: 2px solid #cfcfcf;\n\t\t\t}\n\t\t\t#gallery-1 .gallery-caption {\n\t\t\t\tmargin-left: 0;\n\t\t\t}\n\t\t\t\/* see gallery_shortcode() in wp-includes\/media.php *\/\n\t\t<\/style>\n\t\t<div id='gallery-1' class='gallery galleryid-77069 gallery-columns-2 gallery-size-medium'><dl class='gallery-item'>\n\t\t\t<dt class='gallery-icon landscape'>\n\t\t\t\t<a href='https:\/\/vosgesinfo.fr\/app\/uploads\/sites\/6\/2025\/04\/licorne-emca-marie-curie-4.jpg'><img decoding=\"async\" width=\"300\" height=\"225\" src=\"https:\/\/vosgesinfo.fr\/app\/uploads\/sites\/6\/2025\/04\/licorne-emca-marie-curie-4-300x225.jpg\" class=\"attachment-medium size-medium\" alt=\"\" srcset=\"https:\/\/vosgesinfo.fr\/app\/uploads\/sites\/6\/2025\/04\/licorne-emca-marie-curie-4-300x225.jpg 300w, https:\/\/vosgesinfo.fr\/app\/uploads\/sites\/6\/2025\/04\/licorne-emca-marie-curie-4-1024x768.jpg 1024w, https:\/\/vosgesinfo.fr\/app\/uploads\/sites\/6\/2025\/04\/licorne-emca-marie-curie-4-768x576.jpg 768w, https:\/\/vosgesinfo.fr\/app\/uploads\/sites\/6\/2025\/04\/licorne-emca-marie-curie-4-1536x1152.jpg 1536w, https:\/\/vosgesinfo.fr\/app\/uploads\/sites\/6\/2025\/04\/licorne-emca-marie-curie-4.jpg 1600w\" sizes=\"(max-width: 300px) 100vw, 300px\" \/><\/a>\n\t\t\t<\/dt><\/dl><dl class='gallery-item'>\n\t\t\t<dt class='gallery-icon landscape'>\n\t\t\t\t<a href='https:\/\/vosgesinfo.fr\/app\/uploads\/sites\/6\/2025\/04\/licorne-emca-marie-curie-2.jpg'><img decoding=\"async\" width=\"300\" height=\"225\" src=\"https:\/\/vosgesinfo.fr\/app\/uploads\/sites\/6\/2025\/04\/licorne-emca-marie-curie-2-300x225.jpg\" class=\"attachment-medium size-medium\" alt=\"\" srcset=\"https:\/\/vosgesinfo.fr\/app\/uploads\/sites\/6\/2025\/04\/licorne-emca-marie-curie-2-300x225.jpg 300w, https:\/\/vosgesinfo.fr\/app\/uploads\/sites\/6\/2025\/04\/licorne-emca-marie-curie-2-1024x768.jpg 1024w, https:\/\/vosgesinfo.fr\/app\/uploads\/sites\/6\/2025\/04\/licorne-emca-marie-curie-2-768x576.jpg 768w, https:\/\/vosgesinfo.fr\/app\/uploads\/sites\/6\/2025\/04\/licorne-emca-marie-curie-2-1536x1152.jpg 1536w, https:\/\/vosgesinfo.fr\/app\/uploads\/sites\/6\/2025\/04\/licorne-emca-marie-curie-2.jpg 2000w\" sizes=\"(max-width: 300px) 100vw, 300px\" \/><\/a>\n\t\t\t<\/dt><\/dl><br style=\"clear: both\" \/>\n\t\t<\/div>\n<\/p>\n<\/div>\n<div><\/div>\n<h3><strong>Lors du d\u00e9fil\u00e9 de la f\u00eate des Jonquilles \u00e0 G\u00e9rardmer, l\u2019EMCA \u2014 l\u2019association des parents d\u2019\u00e9l\u00e8ves de l\u2019\u00e9cole Marie Curie \u2014 a une nouvelle fois fait preuve d\u2019un bel \u00e9lan collectif en installant un stand de buvette et de petite restauration sur le parcours, joliment baptis\u00e9 <i>\u00ab\u00a0Le Repaire de la Licorne\u00a0\u00bb<\/i>. Ce stand faisait \u00e9cho au char f\u00e9erique r\u00e9alis\u00e9 par cette m\u00eame association pour l\u2019\u00e9v\u00e9nement, autour du th\u00e8me de la licorne.<\/strong><\/h3>\n<div><\/div>\n<div><a href=\"https:\/\/vosgesinfo.fr\/app\/uploads\/sites\/6\/2025\/04\/licorne-emca-marie-curie-3.jpg\"><img decoding=\"async\" class=\"alignright size-medium wp-image-77072\" src=\"https:\/\/vosgesinfo.fr\/app\/uploads\/sites\/6\/2025\/04\/licorne-emca-marie-curie-3-300x177.jpg\" alt=\"\" width=\"300\" height=\"177\" srcset=\"https:\/\/vosgesinfo.fr\/app\/uploads\/sites\/6\/2025\/04\/licorne-emca-marie-curie-3-300x177.jpg 300w, https:\/\/vosgesinfo.fr\/app\/uploads\/sites\/6\/2025\/04\/licorne-emca-marie-curie-3-1024x605.jpg 1024w, https:\/\/vosgesinfo.fr\/app\/uploads\/sites\/6\/2025\/04\/licorne-emca-marie-curie-3-768x454.jpg 768w, https:\/\/vosgesinfo.fr\/app\/uploads\/sites\/6\/2025\/04\/licorne-emca-marie-curie-3-1536x907.jpg 1536w, https:\/\/vosgesinfo.fr\/app\/uploads\/sites\/6\/2025\/04\/licorne-emca-marie-curie-3.jpg 1600w\" sizes=\"(max-width: 300px) 100vw, 300px\" \/><\/a>Tout au long de la journ\u00e9e, un public chaleureux est venu se restaurer dans une ambiance conviviale et joyeuse. \u00c0 la carte : des sandwichs pr\u00e9par\u00e9s avec soin, \u00e0 partir de pain d\u2019une boulangerie g\u00e9r\u00f4moise, de viande d\u2019une boucherie de Saint-Nabord, de frites fra\u00eeches, de cr\u00eapes maison r\u00e9alis\u00e9es par les parents d\u2019\u00e9l\u00e8ves, et m\u00eame de la bi\u00e8re artisanale venue de Sapois. Le tout servi dans un bar enti\u00e8rement construit en bois de r\u00e9cup\u00e9ration par l\u2019un des membres actifs de l\u2019association. Une v\u00e9ritable \u0153uvre collective.<\/div>\n<div>L\u2019\u00e9quipe, compos\u00e9e uniquement de b\u00e9n\u00e9voles, a assur\u00e9 le service avec bonne humeur, g\u00e9n\u00e9rosit\u00e9 et efficacit\u00e9. Pour couronner le tout, Daniel Colnat, artiste local et \u00e9galement parent d\u2019\u00e9l\u00e8ve, a offert un accompagnement musical tout au long de la journ\u00e9e, guitare \u00e0 la main, apportant une touche de po\u00e9sie et de chaleur \u00e0 l\u2019ambiance d\u00e9j\u00e0 festive.<\/div>\n<div>Le Directeur de l\u2019\u00e9cole, S\u00e9bastien Declercq, n\u2019a pas h\u00e9sit\u00e9 \u00e0 enfiler une tenue pour venir pr\u00eater main forte derri\u00e8re le comptoir. \u00ab\u00a0C\u2019est une \u00e9quipe incroyable et dynamique\u00a0\u00bb, a-t-il d\u00e9clar\u00e9 avec enthousiasme. Un membre de l\u2019association l\u2019a d\u2019ailleurs chaleureusement remerci\u00e9 en retour, soulignant la confiance totale qu\u2019il accorde \u00e0 l\u2019EMCA dans toutes les actions men\u00e9es au sein de l\u2019\u00e9cole : un v\u00e9ritable moteur pour les projets \u00e0 venir.<\/div>\n<div>Et au-del\u00e0 de cette belle journ\u00e9e de f\u00eate, l\u2019essentiel est l\u00e0 : 1 800 euros\u00a0de b\u00e9n\u00e9fices ont \u00e9t\u00e9 r\u00e9colt\u00e9s et enti\u00e8rement revers\u00e9s \u00e0 la coop\u00e9rative scolaire de l\u2019\u00e9cole Marie Curie. Cette somme contribuera \u00e0 soutenir les projets p\u00e9dagogiques des enseignants, toujours dans l\u2019int\u00e9r\u00eat des enfants.<\/div>\n<div>Une nouvelle preuve que quand engagement, solidarit\u00e9 et convivialit\u00e9 se rencontrent, les plus beaux projets prennent vie.<\/div>\n","protected":false},"excerpt":{"rendered":"<p>Lors du d\u00e9fil\u00e9 de la f\u00eate des Jonquilles \u00e0 G\u00e9rardmer, l\u2019EMCA \u2014 l\u2019association des parents d\u2019\u00e9l\u00e8ves de l\u2019\u00e9cole Marie Curie [&hellip;]<\/p>\n","protected":false},"author":391,"featured_media":77073,"comment_status":"open","ping_status":"open","sticky":false,"template":"","format":"standard","meta":{"footnotes":""},"categories":[20,6,5647,17],"tags":[306,691,7212],"class_list":["post-77069","post","type-post","status-publish","format-standard","has-post-thumbnail","hentry","category-a-la-une","category-education","category-gerardmer-autres-sites","category-vie-associative","tag-ecole-marie-curie","tag-emca","tag-le-repaire-de-la-licorne"],"acf":[],"yoast_head":"<!-- This site is optimized with the Yoast SEO plugin v22.5 - https:\/\/yoast.com\/wordpress\/plugins\/seo\/ -->\n<title>\u201cLe Repaire de la Licorne\u201d : un bel \u00e9lan solidaire au service des enfants - Gerardmer Info<\/title>\n<meta name=\"robots\" content=\"index, follow, max-snippet:-1, max-image-preview:large, max-video-preview:-1\" \/>\n<link rel=\"canonical\" href=\"https:\/\/vosgesinfo.fr\/gerardmerinfo\/2025\/04\/le-repaire-de-la-licorne-un-bel-elan-solidaire-au-service-des-enfants\/\" \/>\n<meta name=\"twitter:card\" content=\"summary_large_image\" \/>\n<meta name=\"twitter:title\" content=\"\u201cLe Repaire de la Licorne\u201d : un bel \u00e9lan solidaire au service des enfants - Gerardmer Info\" \/>\n<meta name=\"twitter:description\" content=\"Lors du d\u00e9fil\u00e9 de la f\u00eate des Jonquilles \u00e0 G\u00e9rardmer, l\u2019EMCA \u2014 l\u2019association des parents d\u2019\u00e9l\u00e8ves de l\u2019\u00e9cole Marie Curie [&hellip;]\" \/>\n<meta name=\"twitter:image\" content=\"https:\/\/vosgesinfo.fr\/app\/uploads\/sites\/6\/2025\/04\/licorne-emca-marie-curie-1.jpg\" \/>\n<meta name=\"twitter:creator\" content=\"@VosgesInfo88\" \/>\n<meta name=\"twitter:site\" content=\"@VosgesInfo88\" \/>\n<meta name=\"twitter:label1\" content=\"\u00c9crit par\" \/>\n\t<meta name=\"twitter:data1\" content=\"La redaction\" \/>\n\t<meta name=\"twitter:label2\" content=\"Dur\u00e9e de lecture estim\u00e9e\" \/>\n\t<meta name=\"twitter:data2\" content=\"2 minutes\" \/>\n<script type=\"application\/ld+json\" class=\"yoast-schema-graph\">{\"@context\":\"https:\/\/schema.org\",\"@graph\":[{\"@type\":\"Article\",\"@id\":\"https:\/\/vosgesinfo.fr\/gerardmerinfo\/2025\/04\/le-repaire-de-la-licorne-un-bel-elan-solidaire-au-service-des-enfants\/#article\",\"isPartOf\":{\"@id\":\"https:\/\/vosgesinfo.fr\/gerardmerinfo\/2025\/04\/le-repaire-de-la-licorne-un-bel-elan-solidaire-au-service-des-enfants\/\"},\"author\":{\"name\":\"La redaction\",\"@id\":\"https:\/\/vosgesinfo.fr\/gerardmerinfo\/#\/schema\/person\/27a3695b06db98895b354c0765cdfc31\"},\"headline\":\"\u201cLe Repaire de la Licorne\u201d : un bel \u00e9lan solidaire au service des enfants\",\"datePublished\":\"2025-04-21T04:00:42+00:00\",\"dateModified\":\"2025-04-20T13:07:28+00:00\",\"mainEntityOfPage\":{\"@id\":\"https:\/\/vosgesinfo.fr\/gerardmerinfo\/2025\/04\/le-repaire-de-la-licorne-un-bel-elan-solidaire-au-service-des-enfants\/\"},\"wordCount\":421,\"commentCount\":1,\"publisher\":{\"@id\":\"https:\/\/vosgesinfo.fr\/gerardmerinfo\/#organization\"},\"image\":{\"@id\":\"https:\/\/vosgesinfo.fr\/gerardmerinfo\/2025\/04\/le-repaire-de-la-licorne-un-bel-elan-solidaire-au-service-des-enfants\/#primaryimage\"},\"thumbnailUrl\":\"https:\/\/vosgesinfo.fr\/app\/uploads\/sites\/6\/2025\/04\/licorne-emca-marie-curie-1.jpg\",\"keywords\":[\"Ecole Marie Curie\",\"emca\",\"Le repaire de la Licorne\"],\"articleSection\":[\"A la une\",\"\u00c9ducation\",\"Gerardmer\",\"Vie Associative\"],\"inLanguage\":\"fr-FR\",\"potentialAction\":[{\"@type\":\"CommentAction\",\"name\":\"Comment\",\"target\":[\"https:\/\/vosgesinfo.fr\/gerardmerinfo\/2025\/04\/le-repaire-de-la-licorne-un-bel-elan-solidaire-au-service-des-enfants\/#respond\"]}]},{\"@type\":\"WebPage\",\"@id\":\"https:\/\/vosgesinfo.fr\/gerardmerinfo\/2025\/04\/le-repaire-de-la-licorne-un-bel-elan-solidaire-au-service-des-enfants\/\",\"url\":\"https:\/\/vosgesinfo.fr\/gerardmerinfo\/2025\/04\/le-repaire-de-la-licorne-un-bel-elan-solidaire-au-service-des-enfants\/\",\"name\":\"\u201cLe Repaire de la Licorne\u201d : un bel \u00e9lan solidaire au service des enfants - Gerardmer Info\",\"isPartOf\":{\"@id\":\"https:\/\/vosgesinfo.fr\/gerardmerinfo\/#website\"},\"primaryImageOfPage\":{\"@id\":\"https:\/\/vosgesinfo.fr\/gerardmerinfo\/2025\/04\/le-repaire-de-la-licorne-un-bel-elan-solidaire-au-service-des-enfants\/#primaryimage\"},\"image\":{\"@id\":\"https:\/\/vosgesinfo.fr\/gerardmerinfo\/2025\/04\/le-repaire-de-la-licorne-un-bel-elan-solidaire-au-service-des-enfants\/#primaryimage\"},\"thumbnailUrl\":\"https:\/\/vosgesinfo.fr\/app\/uploads\/sites\/6\/2025\/04\/licorne-emca-marie-curie-1.jpg\",\"datePublished\":\"2025-04-21T04:00:42+00:00\",\"dateModified\":\"2025-04-20T13:07:28+00:00\",\"breadcrumb\":{\"@id\":\"https:\/\/vosgesinfo.fr\/gerardmerinfo\/2025\/04\/le-repaire-de-la-licorne-un-bel-elan-solidaire-au-service-des-enfants\/#breadcrumb\"},\"inLanguage\":\"fr-FR\",\"potentialAction\":[{\"@type\":\"ReadAction\",\"target\":[\"https:\/\/vosgesinfo.fr\/gerardmerinfo\/2025\/04\/le-repaire-de-la-licorne-un-bel-elan-solidaire-au-service-des-enfants\/\"]}]},{\"@type\":\"ImageObject\",\"inLanguage\":\"fr-FR\",\"@id\":\"https:\/\/vosgesinfo.fr\/gerardmerinfo\/2025\/04\/le-repaire-de-la-licorne-un-bel-elan-solidaire-au-service-des-enfants\/#primaryimage\",\"url\":\"https:\/\/vosgesinfo.fr\/app\/uploads\/sites\/6\/2025\/04\/licorne-emca-marie-curie-1.jpg\",\"contentUrl\":\"https:\/\/vosgesinfo.fr\/app\/uploads\/sites\/6\/2025\/04\/licorne-emca-marie-curie-1.jpg\",\"width\":1179,\"height\":870},{\"@type\":\"BreadcrumbList\",\"@id\":\"https:\/\/vosgesinfo.fr\/gerardmerinfo\/2025\/04\/le-repaire-de-la-licorne-un-bel-elan-solidaire-au-service-des-enfants\/#breadcrumb\",\"itemListElement\":[{\"@type\":\"ListItem\",\"position\":1,\"name\":\"Home\",\"item\":\"https:\/\/vosgesinfo.fr\/gerardmerinfo\/\"},{\"@type\":\"ListItem\",\"position\":2,\"name\":\"\u201cLe Repaire de la Licorne\u201d : un bel \u00e9lan solidaire au service des enfants\"}]},{\"@type\":\"WebSite\",\"@id\":\"https:\/\/vosgesinfo.fr\/gerardmerinfo\/#website\",\"url\":\"https:\/\/vosgesinfo.fr\/gerardmerinfo\/\",\"name\":\"Gerardmer Info\",\"description\":\"Toute l&#039;actualit\u00e9 de G\u00e9rardmer\",\"publisher\":{\"@id\":\"https:\/\/vosgesinfo.fr\/gerardmerinfo\/#organization\"},\"alternateName\":\"Toute l'actualit\u00e9 de G\u00e9rardmer\",\"potentialAction\":[{\"@type\":\"SearchAction\",\"target\":{\"@type\":\"EntryPoint\",\"urlTemplate\":\"https:\/\/vosgesinfo.fr\/gerardmerinfo\/?s={search_term_string}\"},\"query-input\":\"required name=search_term_string\"}],\"inLanguage\":\"fr-FR\"},{\"@type\":\"Organization\",\"@id\":\"https:\/\/vosgesinfo.fr\/gerardmerinfo\/#organization\",\"name\":\"Gerardmer Info\",\"url\":\"https:\/\/vosgesinfo.fr\/gerardmerinfo\/\",\"logo\":{\"@type\":\"ImageObject\",\"inLanguage\":\"fr-FR\",\"@id\":\"https:\/\/vosgesinfo.fr\/gerardmerinfo\/#\/schema\/logo\/image\/\",\"url\":\"https:\/\/vosgesinfo.fr\/app\/uploads\/sites\/6\/2023\/08\/favicon-gerardmerinfo.png\",\"contentUrl\":\"https:\/\/vosgesinfo.fr\/app\/uploads\/sites\/6\/2023\/08\/favicon-gerardmerinfo.png\",\"width\":512,\"height\":512,\"caption\":\"Gerardmer Info\"},\"image\":{\"@id\":\"https:\/\/vosgesinfo.fr\/gerardmerinfo\/#\/schema\/logo\/image\/\"},\"sameAs\":[\"https:\/\/www.facebook.com\/profile.php?id=100049475262660\",\"https:\/\/x.com\/VosgesInfo88\",\"https:\/\/www.youtube.com\/@vosgesinfo\"]},{\"@type\":\"Person\",\"@id\":\"https:\/\/vosgesinfo.fr\/gerardmerinfo\/#\/schema\/person\/27a3695b06db98895b354c0765cdfc31\",\"name\":\"La redaction\",\"image\":{\"@type\":\"ImageObject\",\"inLanguage\":\"fr-FR\",\"@id\":\"https:\/\/vosgesinfo.fr\/gerardmerinfo\/#\/schema\/person\/image\/\",\"url\":\"https:\/\/secure.gravatar.com\/avatar\/64c76a78e501cedee55736f43f332df901e1896ae9cd8fad269ae2236dd0e8b6?s=96&d=mm&r=g\",\"contentUrl\":\"https:\/\/secure.gravatar.com\/avatar\/64c76a78e501cedee55736f43f332df901e1896ae9cd8fad269ae2236dd0e8b6?s=96&d=mm&r=g\",\"caption\":\"La redaction\"},\"url\":\"https:\/\/vosgesinfo.fr\/gerardmerinfo\/author\/la-redaction\/\"}]}<\/script>\n<!-- \/ Yoast SEO plugin. -->","yoast_head_json":{"title":"\u201cLe Repaire de la Licorne\u201d : un bel \u00e9lan solidaire au service des enfants - Gerardmer Info","robots":{"index":"index","follow":"follow","max-snippet":"max-snippet:-1","max-image-preview":"max-image-preview:large","max-video-preview":"max-video-preview:-1"},"canonical":"https:\/\/vosgesinfo.fr\/gerardmerinfo\/2025\/04\/le-repaire-de-la-licorne-un-bel-elan-solidaire-au-service-des-enfants\/","twitter_card":"summary_large_image","twitter_title":"\u201cLe Repaire de la Licorne\u201d : un bel \u00e9lan solidaire au service des enfants - Gerardmer Info","twitter_description":"Lors du d\u00e9fil\u00e9 de la f\u00eate des Jonquilles \u00e0 G\u00e9rardmer, l\u2019EMCA \u2014 l\u2019association des parents d\u2019\u00e9l\u00e8ves de l\u2019\u00e9cole Marie Curie [&hellip;]","twitter_image":"https:\/\/vosgesinfo.fr\/app\/uploads\/sites\/6\/2025\/04\/licorne-emca-marie-curie-1.jpg","twitter_creator":"@VosgesInfo88","twitter_site":"@VosgesInfo88","twitter_misc":{"\u00c9crit par":"La redaction","Dur\u00e9e de lecture estim\u00e9e":"2 minutes"},"schema":{"@context":"https:\/\/schema.org","@graph":[{"@type":"Article","@id":"https:\/\/vosgesinfo.fr\/gerardmerinfo\/2025\/04\/le-repaire-de-la-licorne-un-bel-elan-solidaire-au-service-des-enfants\/#article","isPartOf":{"@id":"https:\/\/vosgesinfo.fr\/gerardmerinfo\/2025\/04\/le-repaire-de-la-licorne-un-bel-elan-solidaire-au-service-des-enfants\/"},"author":{"name":"La redaction","@id":"https:\/\/vosgesinfo.fr\/gerardmerinfo\/#\/schema\/person\/27a3695b06db98895b354c0765cdfc31"},"headline":"\u201cLe Repaire de la Licorne\u201d : un bel \u00e9lan solidaire au service des enfants","datePublished":"2025-04-21T04:00:42+00:00","dateModified":"2025-04-20T13:07:28+00:00","mainEntityOfPage":{"@id":"https:\/\/vosgesinfo.fr\/gerardmerinfo\/2025\/04\/le-repaire-de-la-licorne-un-bel-elan-solidaire-au-service-des-enfants\/"},"wordCount":421,"commentCount":1,"publisher":{"@id":"https:\/\/vosgesinfo.fr\/gerardmerinfo\/#organization"},"image":{"@id":"https:\/\/vosgesinfo.fr\/gerardmerinfo\/2025\/04\/le-repaire-de-la-licorne-un-bel-elan-solidaire-au-service-des-enfants\/#primaryimage"},"thumbnailUrl":"https:\/\/vosgesinfo.fr\/app\/uploads\/sites\/6\/2025\/04\/licorne-emca-marie-curie-1.jpg","keywords":["Ecole Marie Curie","emca","Le repaire de la Licorne"],"articleSection":["A la une","\u00c9ducation","Gerardmer","Vie Associative"],"inLanguage":"fr-FR","potentialAction":[{"@type":"CommentAction","name":"Comment","target":["https:\/\/vosgesinfo.fr\/gerardmerinfo\/2025\/04\/le-repaire-de-la-licorne-un-bel-elan-solidaire-au-service-des-enfants\/#respond"]}]},{"@type":"WebPage","@id":"https:\/\/vosgesinfo.fr\/gerardmerinfo\/2025\/04\/le-repaire-de-la-licorne-un-bel-elan-solidaire-au-service-des-enfants\/","url":"https:\/\/vosgesinfo.fr\/gerardmerinfo\/2025\/04\/le-repaire-de-la-licorne-un-bel-elan-solidaire-au-service-des-enfants\/","name":"\u201cLe Repaire de la Licorne\u201d : un bel \u00e9lan solidaire au service des enfants - Gerardmer Info","isPartOf":{"@id":"https:\/\/vosgesinfo.fr\/gerardmerinfo\/#website"},"primaryImageOfPage":{"@id":"https:\/\/vosgesinfo.fr\/gerardmerinfo\/2025\/04\/le-repaire-de-la-licorne-un-bel-elan-solidaire-au-service-des-enfants\/#primaryimage"},"image":{"@id":"https:\/\/vosgesinfo.fr\/gerardmerinfo\/2025\/04\/le-repaire-de-la-licorne-un-bel-elan-solidaire-au-service-des-enfants\/#primaryimage"},"thumbnailUrl":"https:\/\/vosgesinfo.fr\/app\/uploads\/sites\/6\/2025\/04\/licorne-emca-marie-curie-1.jpg","datePublished":"2025-04-21T04:00:42+00:00","dateModified":"2025-04-20T13:07:28+00:00","breadcrumb":{"@id":"https:\/\/vosgesinfo.fr\/gerardmerinfo\/2025\/04\/le-repaire-de-la-licorne-un-bel-elan-solidaire-au-service-des-enfants\/#breadcrumb"},"inLanguage":"fr-FR","potentialAction":[{"@type":"ReadAction","target":["https:\/\/vosgesinfo.fr\/gerardmerinfo\/2025\/04\/le-repaire-de-la-licorne-un-bel-elan-solidaire-au-service-des-enfants\/"]}]},{"@type":"ImageObject","inLanguage":"fr-FR","@id":"https:\/\/vosgesinfo.fr\/gerardmerinfo\/2025\/04\/le-repaire-de-la-licorne-un-bel-elan-solidaire-au-service-des-enfants\/#primaryimage","url":"https:\/\/vosgesinfo.fr\/app\/uploads\/sites\/6\/2025\/04\/licorne-emca-marie-curie-1.jpg","contentUrl":"https:\/\/vosgesinfo.fr\/app\/uploads\/sites\/6\/2025\/04\/licorne-emca-marie-curie-1.jpg","width":1179,"height":870},{"@type":"BreadcrumbList","@id":"https:\/\/vosgesinfo.fr\/gerardmerinfo\/2025\/04\/le-repaire-de-la-licorne-un-bel-elan-solidaire-au-service-des-enfants\/#breadcrumb","itemListElement":[{"@type":"ListItem","position":1,"name":"Home","item":"https:\/\/vosgesinfo.fr\/gerardmerinfo\/"},{"@type":"ListItem","position":2,"name":"\u201cLe Repaire de la Licorne\u201d : un bel \u00e9lan solidaire au service des enfants"}]},{"@type":"WebSite","@id":"https:\/\/vosgesinfo.fr\/gerardmerinfo\/#website","url":"https:\/\/vosgesinfo.fr\/gerardmerinfo\/","name":"Gerardmer Info","description":"Toute l&#039;actualit\u00e9 de G\u00e9rardmer","publisher":{"@id":"https:\/\/vosgesinfo.fr\/gerardmerinfo\/#organization"},"alternateName":"Toute l'actualit\u00e9 de G\u00e9rardmer","potentialAction":[{"@type":"SearchAction","target":{"@type":"EntryPoint","urlTemplate":"https:\/\/vosgesinfo.fr\/gerardmerinfo\/?s={search_term_string}"},"query-input":"required name=search_term_string"}],"inLanguage":"fr-FR"},{"@type":"Organization","@id":"https:\/\/vosgesinfo.fr\/gerardmerinfo\/#organization","name":"Gerardmer Info","url":"https:\/\/vosgesinfo.fr\/gerardmerinfo\/","logo":{"@type":"ImageObject","inLanguage":"fr-FR","@id":"https:\/\/vosgesinfo.fr\/gerardmerinfo\/#\/schema\/logo\/image\/","url":"https:\/\/vosgesinfo.fr\/app\/uploads\/sites\/6\/2023\/08\/favicon-gerardmerinfo.png","contentUrl":"https:\/\/vosgesinfo.fr\/app\/uploads\/sites\/6\/2023\/08\/favicon-gerardmerinfo.png","width":512,"height":512,"caption":"Gerardmer Info"},"image":{"@id":"https:\/\/vosgesinfo.fr\/gerardmerinfo\/#\/schema\/logo\/image\/"},"sameAs":["https:\/\/www.facebook.com\/profile.php?id=100049475262660","https:\/\/x.com\/VosgesInfo88","https:\/\/www.youtube.com\/@vosgesinfo"]},{"@type":"Person","@id":"https:\/\/vosgesinfo.fr\/gerardmerinfo\/#\/schema\/person\/27a3695b06db98895b354c0765cdfc31","name":"La redaction","image":{"@type":"ImageObject","inLanguage":"fr-FR","@id":"https:\/\/vosgesinfo.fr\/gerardmerinfo\/#\/schema\/person\/image\/","url":"https:\/\/secure.gravatar.com\/avatar\/64c76a78e501cedee55736f43f332df901e1896ae9cd8fad269ae2236dd0e8b6?s=96&d=mm&r=g","contentUrl":"https:\/\/secure.gravatar.com\/avatar\/64c76a78e501cedee55736f43f332df901e1896ae9cd8fad269ae2236dd0e8b6?s=96&d=mm&r=g","caption":"La redaction"},"url":"https:\/\/vosgesinfo.fr\/gerardmerinfo\/author\/la-redaction\/"}]}},"_links":{"self":[{"href":"https:\/\/vosgesinfo.fr\/gerardmerinfo\/wp-json\/wp\/v2\/posts\/77069","targetHints":{"allow":["GET"]}}],"collection":[{"href":"https:\/\/vosgesinfo.fr\/gerardmerinfo\/wp-json\/wp\/v2\/posts"}],"about":[{"href":"https:\/\/vosgesinfo.fr\/gerardmerinfo\/wp-json\/wp\/v2\/types\/post"}],"author":[{"embeddable":true,"href":"https:\/\/vosgesinfo.fr\/gerardmerinfo\/wp-json\/wp\/v2\/users\/391"}],"replies":[{"embeddable":true,"href":"https:\/\/vosgesinfo.fr\/gerardmerinfo\/wp-json\/wp\/v2\/comments?post=77069"}],"version-history":[{"count":2,"href":"https:\/\/vosgesinfo.fr\/gerardmerinfo\/wp-json\/wp\/v2\/posts\/77069\/revisions"}],"predecessor-version":[{"id":77075,"href":"https:\/\/vosgesinfo.fr\/gerardmerinfo\/wp-json\/wp\/v2\/posts\/77069\/revisions\/77075"}],"wp:featuredmedia":[{"embeddable":true,"href":"https:\/\/vosgesinfo.fr\/gerardmerinfo\/wp-json\/wp\/v2\/media\/77073"}],"wp:attachment":[{"href":"https:\/\/vosgesinfo.fr\/gerardmerinfo\/wp-json\/wp\/v2\/media?parent=77069"}],"wp:term":[{"taxonomy":"category","embeddable":true,"href":"https:\/\/vosgesinfo.fr\/gerardmerinfo\/wp-json\/wp\/v2\/categories?post=77069"},{"taxonomy":"post_tag","embeddable":true,"href":"https:\/\/vosgesinfo.fr\/gerardmerinfo\/wp-json\/wp\/v2\/tags?post=77069"}],"curies":[{"name":"wp","href":"https:\/\/api.w.org\/{rel}","templated":true}]}}