{"id":77148,"date":"2025-04-22T14:33:04","date_gmt":"2025-04-22T12:33:04","guid":{"rendered":"https:\/\/vosgesinfo.fr\/gerardmerinfo\/?p=77148"},"modified":"2025-04-22T14:33:04","modified_gmt":"2025-04-22T12:33:04","slug":"corcieux-projection-du-film-de-jacques-cuny-paroles-de-resistants-rescapes-des-camps-de-la-mort","status":"publish","type":"post","link":"https:\/\/vosgesinfo.fr\/gerardmerinfo\/2025\/04\/corcieux-projection-du-film-de-jacques-cuny-paroles-de-resistants-rescapes-des-camps-de-la-mort\/","title":{"rendered":"Corcieux \u2013 Projection du film de Jacques Cuny \u00ab\u00a0Paroles de R\u00e9sistants&#8230; Rescap\u00e9s des camps de la mort\u00a0\u00bb"},"content":{"rendered":"<p><iframe loading=\"lazy\" title=\"Guerre 3\/3 &quot;Paroles de R\u00e9sistants, rescap\u00e9s des camps de la mort&quot;\" width=\"500\" height=\"281\" src=\"https:\/\/www.youtube.com\/embed\/zuxCVHrtmCQ?feature=oembed\" frameborder=\"0\" allow=\"accelerometer; autoplay; clipboard-write; encrypted-media; gyroscope; picture-in-picture; web-share\" referrerpolicy=\"strict-origin-when-cross-origin\" allowfullscreen><\/iframe><\/p>\n<h2>Dans le cadre du <strong>80e anniversaire de la Lib\u00e9ration des camps nazis<\/strong>, la <strong>Mairie de Corcieux<\/strong> organise une projection du film-documentaire de <strong>Jacques Cuny<\/strong>, <strong>\u00ab\u00a0Paroles de R\u00e9sistants&#8230; Rescap\u00e9s des camps de la mort\u00a0\u00bb<\/strong>, ce <strong>dimanche 27 avril \u00e0 14h<\/strong> au cin\u00e9ma de la commune. <strong>Entr\u00e9e libre<\/strong>, en sachant que le <strong>DVD pourra \u00eatre achet\u00e9<\/strong> le jour de la projection.<\/h2>\n<p><!--more--><\/p>\n<h3><strong>\u00ab\u00a0Paroles de R\u00e9sistants&#8230; Rescap\u00e9s des camps de la mort\u00a0\u00bb (1h17 \u2013 D\u00e9conseill\u00e9 aux moins de 12 ans).<\/strong><\/h3>\n<p>Jacques Cuny a recueilli le t\u00e9moignage de <strong>9 d\u00e9port\u00e9s survivants<\/strong> qui livrent ici une ultime parole contre l\u2019oubli, racontant avec pr\u00e9cision, duret\u00e9 souvent, mais avec justesse, la vie dans les <strong>camps de concentration<\/strong>, le quotidien terrible, le rapport \u00e0 la mort, mais aussi le retour au sein de familles qui ne s\u2019\u00e9taient pas pr\u00e9par\u00e9es \u00e0 imaginer l\u2019inimaginable.<\/p>\n<p>Il a fallu \u00e0 ces <strong>rescap\u00e9s des camps de la mort<\/strong>, des ann\u00e9es, des d\u00e9cennies parfois, avant de trouver les mots, de trouver la voix, la force de raconter leur v\u00e9ritable calvaire. S\u2019ils ont accept\u00e9 de se confier, de mettre en lumi\u00e8re pour certains d\u2019entre eux, leur spiritualit\u00e9, ce n\u2019est \u00e9videmment pas pour glorifier leur r\u00e9sistance hors du commun, mais pour <strong>transmettre un acte de m\u00e9moire<\/strong>, \u00e0 leurs enfants, leurs petits-enfants, aux g\u00e9n\u00e9rations futures.<\/p>\n<p><strong>Jacques Cuny ouvre ainsi une page relativement m\u00e9connue de l\u2019Histoire, celle<\/strong> des <strong>D\u00e9port\u00e9s-R\u00e9sistants<\/strong>, qui a particuli\u00e8rement touch\u00e9 la jeune population de la montagne vosgienne lors de la <strong>Seconde Guerre mondiale<\/strong>.<\/p>\n<p><a href=\"https:\/\/vosgesinfo.fr\/app\/uploads\/sites\/4\/2025\/04\/corcieux-projection-paroles-resistants-jacques-cuny.jpg\"><img decoding=\"async\" class=\"alignnone size-large wp-image-77125\" src=\"https:\/\/vosgesinfo.fr\/app\/uploads\/sites\/4\/2025\/04\/corcieux-projection-paroles-resistants-jacques-cuny-728x1024.jpg\" alt=\"\" width=\"728\" height=\"1024\" \/><\/a><\/p>\n","protected":false},"excerpt":{"rendered":"<p>Dans le cadre du 80e anniversaire de la Lib\u00e9ration des camps nazis, la Mairie de Corcieux organise une projection du [&hellip;]<\/p>\n","protected":false},"author":46,"featured_media":77149,"comment_status":"open","ping_status":"open","sticky":false,"template":"","format":"standard","meta":{"footnotes":""},"categories":[3,4,871,25,908],"tags":[7221,635,513],"class_list":["post-77148","post","type-post","status-publish","format-standard","has-post-thumbnail","hentry","category-breves","category-culture","category-deodatie","category-gerardmer","category-saint-die-des-vosges-et-son-agglomeration","tag-80e-anniversaire-de-la-liberation-des-camps-nazis","tag-corcieux","tag-jacques-cuny"],"acf":[],"yoast_head":"<!-- This site is optimized with the Yoast SEO plugin v22.5 - https:\/\/yoast.com\/wordpress\/plugins\/seo\/ -->\n<title>Corcieux \u2013 Projection du film de Jacques Cuny \u00ab\u00a0Paroles de R\u00e9sistants... Rescap\u00e9s des camps de la mort\u00a0\u00bb - Gerardmer Info<\/title>\n<meta name=\"robots\" content=\"index, follow, max-snippet:-1, max-image-preview:large, max-video-preview:-1\" \/>\n<link rel=\"canonical\" href=\"https:\/\/vosgesinfo.fr\/gerardmerinfo\/2025\/04\/corcieux-projection-du-film-de-jacques-cuny-paroles-de-resistants-rescapes-des-camps-de-la-mort\/\" \/>\n<meta name=\"twitter:card\" content=\"summary_large_image\" \/>\n<meta name=\"twitter:title\" content=\"Corcieux \u2013 Projection du film de Jacques Cuny \u00ab\u00a0Paroles de R\u00e9sistants... Rescap\u00e9s des camps de la mort\u00a0\u00bb - Gerardmer Info\" \/>\n<meta name=\"twitter:description\" content=\"Dans le cadre du 80e anniversaire de la Lib\u00e9ration des camps nazis, la Mairie de Corcieux organise une projection du [&hellip;]\" \/>\n<meta name=\"twitter:image\" content=\"https:\/\/vosgesinfo.fr\/app\/uploads\/sites\/6\/2025\/04\/corcieux-projection-paroles-resistants-jacques-cuny.png\" \/>\n<meta name=\"twitter:creator\" content=\"@VosgesInfo88\" \/>\n<meta name=\"twitter:site\" content=\"@VosgesInfo88\" \/>\n<meta name=\"twitter:label1\" content=\"\u00c9crit par\" \/>\n\t<meta name=\"twitter:data1\" content=\"J.J.\" \/>\n\t<meta name=\"twitter:label2\" content=\"Dur\u00e9e de lecture estim\u00e9e\" \/>\n\t<meta name=\"twitter:data2\" content=\"1 minute\" \/>\n<script type=\"application\/ld+json\" class=\"yoast-schema-graph\">{\"@context\":\"https:\/\/schema.org\",\"@graph\":[{\"@type\":\"Article\",\"@id\":\"https:\/\/vosgesinfo.fr\/gerardmerinfo\/2025\/04\/corcieux-projection-du-film-de-jacques-cuny-paroles-de-resistants-rescapes-des-camps-de-la-mort\/#article\",\"isPartOf\":{\"@id\":\"https:\/\/vosgesinfo.fr\/gerardmerinfo\/2025\/04\/corcieux-projection-du-film-de-jacques-cuny-paroles-de-resistants-rescapes-des-camps-de-la-mort\/\"},\"author\":{\"name\":\"J.J.\",\"@id\":\"https:\/\/vosgesinfo.fr\/gerardmerinfo\/#\/schema\/person\/fa73e9f726d67bb88f46d5b7943cb572\"},\"headline\":\"Corcieux \u2013 Projection du film de Jacques Cuny \u00ab\u00a0Paroles de R\u00e9sistants&#8230; Rescap\u00e9s des camps de la mort\u00a0\u00bb\",\"datePublished\":\"2025-04-22T12:33:04+00:00\",\"dateModified\":\"2025-04-22T12:33:04+00:00\",\"mainEntityOfPage\":{\"@id\":\"https:\/\/vosgesinfo.fr\/gerardmerinfo\/2025\/04\/corcieux-projection-du-film-de-jacques-cuny-paroles-de-resistants-rescapes-des-camps-de-la-mort\/\"},\"wordCount\":290,\"commentCount\":0,\"publisher\":{\"@id\":\"https:\/\/vosgesinfo.fr\/gerardmerinfo\/#organization\"},\"image\":{\"@id\":\"https:\/\/vosgesinfo.fr\/gerardmerinfo\/2025\/04\/corcieux-projection-du-film-de-jacques-cuny-paroles-de-resistants-rescapes-des-camps-de-la-mort\/#primaryimage\"},\"thumbnailUrl\":\"https:\/\/vosgesinfo.fr\/app\/uploads\/sites\/6\/2025\/04\/corcieux-projection-paroles-resistants-jacques-cuny.png\",\"keywords\":[\"80e anniversaire de la Lib\u00e9ration des camps nazis\",\"corcieux\",\"jacques cuny\"],\"articleSection\":[\"Br\u00e8ves\",\"Culture\",\"D\u00e9odatie\",\"G\u00e9rardmer\",\"Saint-Di\u00e9-des-Vosges et son Agglom\u00e9ration\"],\"inLanguage\":\"fr-FR\",\"potentialAction\":[{\"@type\":\"CommentAction\",\"name\":\"Comment\",\"target\":[\"https:\/\/vosgesinfo.fr\/gerardmerinfo\/2025\/04\/corcieux-projection-du-film-de-jacques-cuny-paroles-de-resistants-rescapes-des-camps-de-la-mort\/#respond\"]}]},{\"@type\":\"WebPage\",\"@id\":\"https:\/\/vosgesinfo.fr\/gerardmerinfo\/2025\/04\/corcieux-projection-du-film-de-jacques-cuny-paroles-de-resistants-rescapes-des-camps-de-la-mort\/\",\"url\":\"https:\/\/vosgesinfo.fr\/gerardmerinfo\/2025\/04\/corcieux-projection-du-film-de-jacques-cuny-paroles-de-resistants-rescapes-des-camps-de-la-mort\/\",\"name\":\"Corcieux \u2013 Projection du film de Jacques Cuny \u00ab\u00a0Paroles de R\u00e9sistants... Rescap\u00e9s des camps de la mort\u00a0\u00bb - Gerardmer Info\",\"isPartOf\":{\"@id\":\"https:\/\/vosgesinfo.fr\/gerardmerinfo\/#website\"},\"primaryImageOfPage\":{\"@id\":\"https:\/\/vosgesinfo.fr\/gerardmerinfo\/2025\/04\/corcieux-projection-du-film-de-jacques-cuny-paroles-de-resistants-rescapes-des-camps-de-la-mort\/#primaryimage\"},\"image\":{\"@id\":\"https:\/\/vosgesinfo.fr\/gerardmerinfo\/2025\/04\/corcieux-projection-du-film-de-jacques-cuny-paroles-de-resistants-rescapes-des-camps-de-la-mort\/#primaryimage\"},\"thumbnailUrl\":\"https:\/\/vosgesinfo.fr\/app\/uploads\/sites\/6\/2025\/04\/corcieux-projection-paroles-resistants-jacques-cuny.png\",\"datePublished\":\"2025-04-22T12:33:04+00:00\",\"dateModified\":\"2025-04-22T12:33:04+00:00\",\"breadcrumb\":{\"@id\":\"https:\/\/vosgesinfo.fr\/gerardmerinfo\/2025\/04\/corcieux-projection-du-film-de-jacques-cuny-paroles-de-resistants-rescapes-des-camps-de-la-mort\/#breadcrumb\"},\"inLanguage\":\"fr-FR\",\"potentialAction\":[{\"@type\":\"ReadAction\",\"target\":[\"https:\/\/vosgesinfo.fr\/gerardmerinfo\/2025\/04\/corcieux-projection-du-film-de-jacques-cuny-paroles-de-resistants-rescapes-des-camps-de-la-mort\/\"]}]},{\"@type\":\"ImageObject\",\"inLanguage\":\"fr-FR\",\"@id\":\"https:\/\/vosgesinfo.fr\/gerardmerinfo\/2025\/04\/corcieux-projection-du-film-de-jacques-cuny-paroles-de-resistants-rescapes-des-camps-de-la-mort\/#primaryimage\",\"url\":\"https:\/\/vosgesinfo.fr\/app\/uploads\/sites\/6\/2025\/04\/corcieux-projection-paroles-resistants-jacques-cuny.png\",\"contentUrl\":\"https:\/\/vosgesinfo.fr\/app\/uploads\/sites\/6\/2025\/04\/corcieux-projection-paroles-resistants-jacques-cuny.png\",\"width\":967,\"height\":1149},{\"@type\":\"BreadcrumbList\",\"@id\":\"https:\/\/vosgesinfo.fr\/gerardmerinfo\/2025\/04\/corcieux-projection-du-film-de-jacques-cuny-paroles-de-resistants-rescapes-des-camps-de-la-mort\/#breadcrumb\",\"itemListElement\":[{\"@type\":\"ListItem\",\"position\":1,\"name\":\"Home\",\"item\":\"https:\/\/vosgesinfo.fr\/gerardmerinfo\/\"},{\"@type\":\"ListItem\",\"position\":2,\"name\":\"Corcieux \u2013 Projection du film de Jacques Cuny \u00ab\u00a0Paroles de R\u00e9sistants&#8230; Rescap\u00e9s des camps de la mort\u00a0\u00bb\"}]},{\"@type\":\"WebSite\",\"@id\":\"https:\/\/vosgesinfo.fr\/gerardmerinfo\/#website\",\"url\":\"https:\/\/vosgesinfo.fr\/gerardmerinfo\/\",\"name\":\"Gerardmer Info\",\"description\":\"Toute l&#039;actualit\u00e9 de G\u00e9rardmer\",\"publisher\":{\"@id\":\"https:\/\/vosgesinfo.fr\/gerardmerinfo\/#organization\"},\"alternateName\":\"Toute l'actualit\u00e9 de G\u00e9rardmer\",\"potentialAction\":[{\"@type\":\"SearchAction\",\"target\":{\"@type\":\"EntryPoint\",\"urlTemplate\":\"https:\/\/vosgesinfo.fr\/gerardmerinfo\/?s={search_term_string}\"},\"query-input\":\"required name=search_term_string\"}],\"inLanguage\":\"fr-FR\"},{\"@type\":\"Organization\",\"@id\":\"https:\/\/vosgesinfo.fr\/gerardmerinfo\/#organization\",\"name\":\"Gerardmer Info\",\"url\":\"https:\/\/vosgesinfo.fr\/gerardmerinfo\/\",\"logo\":{\"@type\":\"ImageObject\",\"inLanguage\":\"fr-FR\",\"@id\":\"https:\/\/vosgesinfo.fr\/gerardmerinfo\/#\/schema\/logo\/image\/\",\"url\":\"https:\/\/vosgesinfo.fr\/app\/uploads\/sites\/6\/2023\/08\/favicon-gerardmerinfo.png\",\"contentUrl\":\"https:\/\/vosgesinfo.fr\/app\/uploads\/sites\/6\/2023\/08\/favicon-gerardmerinfo.png\",\"width\":512,\"height\":512,\"caption\":\"Gerardmer Info\"},\"image\":{\"@id\":\"https:\/\/vosgesinfo.fr\/gerardmerinfo\/#\/schema\/logo\/image\/\"},\"sameAs\":[\"https:\/\/www.facebook.com\/profile.php?id=100049475262660\",\"https:\/\/x.com\/VosgesInfo88\",\"https:\/\/www.youtube.com\/@vosgesinfo\"]},{\"@type\":\"Person\",\"@id\":\"https:\/\/vosgesinfo.fr\/gerardmerinfo\/#\/schema\/person\/fa73e9f726d67bb88f46d5b7943cb572\",\"name\":\"J.J.\",\"image\":{\"@type\":\"ImageObject\",\"inLanguage\":\"fr-FR\",\"@id\":\"https:\/\/vosgesinfo.fr\/gerardmerinfo\/#\/schema\/person\/image\/\",\"url\":\"https:\/\/secure.gravatar.com\/avatar\/219e749e47ffbcca018a360ae4add7d4cdf1cdaaf8bc7676b27efade3fe65615?s=96&d=mm&r=g\",\"contentUrl\":\"https:\/\/secure.gravatar.com\/avatar\/219e749e47ffbcca018a360ae4add7d4cdf1cdaaf8bc7676b27efade3fe65615?s=96&d=mm&r=g\",\"caption\":\"J.J.\"},\"url\":\"https:\/\/vosgesinfo.fr\/gerardmerinfo\/author\/j-j\/\"}]}<\/script>\n<!-- \/ Yoast SEO plugin. -->","yoast_head_json":{"title":"Corcieux \u2013 Projection du film de Jacques Cuny \u00ab\u00a0Paroles de R\u00e9sistants... Rescap\u00e9s des camps de la mort\u00a0\u00bb - Gerardmer Info","robots":{"index":"index","follow":"follow","max-snippet":"max-snippet:-1","max-image-preview":"max-image-preview:large","max-video-preview":"max-video-preview:-1"},"canonical":"https:\/\/vosgesinfo.fr\/gerardmerinfo\/2025\/04\/corcieux-projection-du-film-de-jacques-cuny-paroles-de-resistants-rescapes-des-camps-de-la-mort\/","twitter_card":"summary_large_image","twitter_title":"Corcieux \u2013 Projection du film de Jacques Cuny \u00ab\u00a0Paroles de R\u00e9sistants... Rescap\u00e9s des camps de la mort\u00a0\u00bb - Gerardmer Info","twitter_description":"Dans le cadre du 80e anniversaire de la Lib\u00e9ration des camps nazis, la Mairie de Corcieux organise une projection du [&hellip;]","twitter_image":"https:\/\/vosgesinfo.fr\/app\/uploads\/sites\/6\/2025\/04\/corcieux-projection-paroles-resistants-jacques-cuny.png","twitter_creator":"@VosgesInfo88","twitter_site":"@VosgesInfo88","twitter_misc":{"\u00c9crit par":"J.J.","Dur\u00e9e de lecture estim\u00e9e":"1 minute"},"schema":{"@context":"https:\/\/schema.org","@graph":[{"@type":"Article","@id":"https:\/\/vosgesinfo.fr\/gerardmerinfo\/2025\/04\/corcieux-projection-du-film-de-jacques-cuny-paroles-de-resistants-rescapes-des-camps-de-la-mort\/#article","isPartOf":{"@id":"https:\/\/vosgesinfo.fr\/gerardmerinfo\/2025\/04\/corcieux-projection-du-film-de-jacques-cuny-paroles-de-resistants-rescapes-des-camps-de-la-mort\/"},"author":{"name":"J.J.","@id":"https:\/\/vosgesinfo.fr\/gerardmerinfo\/#\/schema\/person\/fa73e9f726d67bb88f46d5b7943cb572"},"headline":"Corcieux \u2013 Projection du film de Jacques Cuny \u00ab\u00a0Paroles de R\u00e9sistants&#8230; Rescap\u00e9s des camps de la mort\u00a0\u00bb","datePublished":"2025-04-22T12:33:04+00:00","dateModified":"2025-04-22T12:33:04+00:00","mainEntityOfPage":{"@id":"https:\/\/vosgesinfo.fr\/gerardmerinfo\/2025\/04\/corcieux-projection-du-film-de-jacques-cuny-paroles-de-resistants-rescapes-des-camps-de-la-mort\/"},"wordCount":290,"commentCount":0,"publisher":{"@id":"https:\/\/vosgesinfo.fr\/gerardmerinfo\/#organization"},"image":{"@id":"https:\/\/vosgesinfo.fr\/gerardmerinfo\/2025\/04\/corcieux-projection-du-film-de-jacques-cuny-paroles-de-resistants-rescapes-des-camps-de-la-mort\/#primaryimage"},"thumbnailUrl":"https:\/\/vosgesinfo.fr\/app\/uploads\/sites\/6\/2025\/04\/corcieux-projection-paroles-resistants-jacques-cuny.png","keywords":["80e anniversaire de la Lib\u00e9ration des camps nazis","corcieux","jacques cuny"],"articleSection":["Br\u00e8ves","Culture","D\u00e9odatie","G\u00e9rardmer","Saint-Di\u00e9-des-Vosges et son Agglom\u00e9ration"],"inLanguage":"fr-FR","potentialAction":[{"@type":"CommentAction","name":"Comment","target":["https:\/\/vosgesinfo.fr\/gerardmerinfo\/2025\/04\/corcieux-projection-du-film-de-jacques-cuny-paroles-de-resistants-rescapes-des-camps-de-la-mort\/#respond"]}]},{"@type":"WebPage","@id":"https:\/\/vosgesinfo.fr\/gerardmerinfo\/2025\/04\/corcieux-projection-du-film-de-jacques-cuny-paroles-de-resistants-rescapes-des-camps-de-la-mort\/","url":"https:\/\/vosgesinfo.fr\/gerardmerinfo\/2025\/04\/corcieux-projection-du-film-de-jacques-cuny-paroles-de-resistants-rescapes-des-camps-de-la-mort\/","name":"Corcieux \u2013 Projection du film de Jacques Cuny \u00ab\u00a0Paroles de R\u00e9sistants... Rescap\u00e9s des camps de la mort\u00a0\u00bb - Gerardmer Info","isPartOf":{"@id":"https:\/\/vosgesinfo.fr\/gerardmerinfo\/#website"},"primaryImageOfPage":{"@id":"https:\/\/vosgesinfo.fr\/gerardmerinfo\/2025\/04\/corcieux-projection-du-film-de-jacques-cuny-paroles-de-resistants-rescapes-des-camps-de-la-mort\/#primaryimage"},"image":{"@id":"https:\/\/vosgesinfo.fr\/gerardmerinfo\/2025\/04\/corcieux-projection-du-film-de-jacques-cuny-paroles-de-resistants-rescapes-des-camps-de-la-mort\/#primaryimage"},"thumbnailUrl":"https:\/\/vosgesinfo.fr\/app\/uploads\/sites\/6\/2025\/04\/corcieux-projection-paroles-resistants-jacques-cuny.png","datePublished":"2025-04-22T12:33:04+00:00","dateModified":"2025-04-22T12:33:04+00:00","breadcrumb":{"@id":"https:\/\/vosgesinfo.fr\/gerardmerinfo\/2025\/04\/corcieux-projection-du-film-de-jacques-cuny-paroles-de-resistants-rescapes-des-camps-de-la-mort\/#breadcrumb"},"inLanguage":"fr-FR","potentialAction":[{"@type":"ReadAction","target":["https:\/\/vosgesinfo.fr\/gerardmerinfo\/2025\/04\/corcieux-projection-du-film-de-jacques-cuny-paroles-de-resistants-rescapes-des-camps-de-la-mort\/"]}]},{"@type":"ImageObject","inLanguage":"fr-FR","@id":"https:\/\/vosgesinfo.fr\/gerardmerinfo\/2025\/04\/corcieux-projection-du-film-de-jacques-cuny-paroles-de-resistants-rescapes-des-camps-de-la-mort\/#primaryimage","url":"https:\/\/vosgesinfo.fr\/app\/uploads\/sites\/6\/2025\/04\/corcieux-projection-paroles-resistants-jacques-cuny.png","contentUrl":"https:\/\/vosgesinfo.fr\/app\/uploads\/sites\/6\/2025\/04\/corcieux-projection-paroles-resistants-jacques-cuny.png","width":967,"height":1149},{"@type":"BreadcrumbList","@id":"https:\/\/vosgesinfo.fr\/gerardmerinfo\/2025\/04\/corcieux-projection-du-film-de-jacques-cuny-paroles-de-resistants-rescapes-des-camps-de-la-mort\/#breadcrumb","itemListElement":[{"@type":"ListItem","position":1,"name":"Home","item":"https:\/\/vosgesinfo.fr\/gerardmerinfo\/"},{"@type":"ListItem","position":2,"name":"Corcieux \u2013 Projection du film de Jacques Cuny \u00ab\u00a0Paroles de R\u00e9sistants&#8230; Rescap\u00e9s des camps de la mort\u00a0\u00bb"}]},{"@type":"WebSite","@id":"https:\/\/vosgesinfo.fr\/gerardmerinfo\/#website","url":"https:\/\/vosgesinfo.fr\/gerardmerinfo\/","name":"Gerardmer Info","description":"Toute l&#039;actualit\u00e9 de G\u00e9rardmer","publisher":{"@id":"https:\/\/vosgesinfo.fr\/gerardmerinfo\/#organization"},"alternateName":"Toute l'actualit\u00e9 de G\u00e9rardmer","potentialAction":[{"@type":"SearchAction","target":{"@type":"EntryPoint","urlTemplate":"https:\/\/vosgesinfo.fr\/gerardmerinfo\/?s={search_term_string}"},"query-input":"required name=search_term_string"}],"inLanguage":"fr-FR"},{"@type":"Organization","@id":"https:\/\/vosgesinfo.fr\/gerardmerinfo\/#organization","name":"Gerardmer Info","url":"https:\/\/vosgesinfo.fr\/gerardmerinfo\/","logo":{"@type":"ImageObject","inLanguage":"fr-FR","@id":"https:\/\/vosgesinfo.fr\/gerardmerinfo\/#\/schema\/logo\/image\/","url":"https:\/\/vosgesinfo.fr\/app\/uploads\/sites\/6\/2023\/08\/favicon-gerardmerinfo.png","contentUrl":"https:\/\/vosgesinfo.fr\/app\/uploads\/sites\/6\/2023\/08\/favicon-gerardmerinfo.png","width":512,"height":512,"caption":"Gerardmer Info"},"image":{"@id":"https:\/\/vosgesinfo.fr\/gerardmerinfo\/#\/schema\/logo\/image\/"},"sameAs":["https:\/\/www.facebook.com\/profile.php?id=100049475262660","https:\/\/x.com\/VosgesInfo88","https:\/\/www.youtube.com\/@vosgesinfo"]},{"@type":"Person","@id":"https:\/\/vosgesinfo.fr\/gerardmerinfo\/#\/schema\/person\/fa73e9f726d67bb88f46d5b7943cb572","name":"J.J.","image":{"@type":"ImageObject","inLanguage":"fr-FR","@id":"https:\/\/vosgesinfo.fr\/gerardmerinfo\/#\/schema\/person\/image\/","url":"https:\/\/secure.gravatar.com\/avatar\/219e749e47ffbcca018a360ae4add7d4cdf1cdaaf8bc7676b27efade3fe65615?s=96&d=mm&r=g","contentUrl":"https:\/\/secure.gravatar.com\/avatar\/219e749e47ffbcca018a360ae4add7d4cdf1cdaaf8bc7676b27efade3fe65615?s=96&d=mm&r=g","caption":"J.J."},"url":"https:\/\/vosgesinfo.fr\/gerardmerinfo\/author\/j-j\/"}]}},"_links":{"self":[{"href":"https:\/\/vosgesinfo.fr\/gerardmerinfo\/wp-json\/wp\/v2\/posts\/77148","targetHints":{"allow":["GET"]}}],"collection":[{"href":"https:\/\/vosgesinfo.fr\/gerardmerinfo\/wp-json\/wp\/v2\/posts"}],"about":[{"href":"https:\/\/vosgesinfo.fr\/gerardmerinfo\/wp-json\/wp\/v2\/types\/post"}],"author":[{"embeddable":true,"href":"https:\/\/vosgesinfo.fr\/gerardmerinfo\/wp-json\/wp\/v2\/users\/46"}],"replies":[{"embeddable":true,"href":"https:\/\/vosgesinfo.fr\/gerardmerinfo\/wp-json\/wp\/v2\/comments?post=77148"}],"version-history":[{"count":0,"href":"https:\/\/vosgesinfo.fr\/gerardmerinfo\/wp-json\/wp\/v2\/posts\/77148\/revisions"}],"wp:featuredmedia":[{"embeddable":true,"href":"https:\/\/vosgesinfo.fr\/gerardmerinfo\/wp-json\/wp\/v2\/media\/77149"}],"wp:attachment":[{"href":"https:\/\/vosgesinfo.fr\/gerardmerinfo\/wp-json\/wp\/v2\/media?parent=77148"}],"wp:term":[{"taxonomy":"category","embeddable":true,"href":"https:\/\/vosgesinfo.fr\/gerardmerinfo\/wp-json\/wp\/v2\/categories?post=77148"},{"taxonomy":"post_tag","embeddable":true,"href":"https:\/\/vosgesinfo.fr\/gerardmerinfo\/wp-json\/wp\/v2\/tags?post=77148"}],"curies":[{"name":"wp","href":"https:\/\/api.w.org\/{rel}","templated":true}]}}