{"id":77162,"date":"2025-04-22T18:20:11","date_gmt":"2025-04-22T16:20:11","guid":{"rendered":"https:\/\/vosgesinfo.fr\/gerardmerinfo\/?p=77162"},"modified":"2025-04-22T20:19:14","modified_gmt":"2025-04-22T18:19:14","slug":"une-brioche-pour-mon-ecole-mille-mercis","status":"publish","type":"post","link":"https:\/\/vosgesinfo.fr\/gerardmerinfo\/2025\/04\/une-brioche-pour-mon-ecole-mille-mercis\/","title":{"rendered":"Une brioche pour mon \u00e9cole\u2026 Mille mercis !"},"content":{"rendered":"\n\t\t<style type=\"text\/css\">\n\t\t\t#gallery-1 {\n\t\t\t\tmargin: auto;\n\t\t\t}\n\t\t\t#gallery-1 .gallery-item {\n\t\t\t\tfloat: left;\n\t\t\t\tmargin-top: 10px;\n\t\t\t\ttext-align: center;\n\t\t\t\twidth: 50%;\n\t\t\t}\n\t\t\t#gallery-1 img {\n\t\t\t\tborder: 2px solid #cfcfcf;\n\t\t\t}\n\t\t\t#gallery-1 .gallery-caption {\n\t\t\t\tmargin-left: 0;\n\t\t\t}\n\t\t\t\/* see gallery_shortcode() in wp-includes\/media.php *\/\n\t\t<\/style>\n\t\t<div id='gallery-1' class='gallery galleryid-77162 gallery-columns-2 gallery-size-large'><dl class='gallery-item'>\n\t\t\t<dt class='gallery-icon landscape'>\n\t\t\t\t<a href='https:\/\/vosgesinfo.fr\/app\/uploads\/sites\/6\/2025\/04\/br11.jpg'><img decoding=\"async\" width=\"320\" height=\"240\" src=\"https:\/\/vosgesinfo.fr\/app\/uploads\/sites\/6\/2025\/04\/br11.jpg\" class=\"attachment-large size-large\" alt=\"\" srcset=\"https:\/\/vosgesinfo.fr\/app\/uploads\/sites\/6\/2025\/04\/br11.jpg 320w, https:\/\/vosgesinfo.fr\/app\/uploads\/sites\/6\/2025\/04\/br11-300x225.jpg 300w\" sizes=\"(max-width: 320px) 100vw, 320px\" \/><\/a>\n\t\t\t<\/dt><\/dl><dl class='gallery-item'>\n\t\t\t<dt class='gallery-icon landscape'>\n\t\t\t\t<a href='https:\/\/vosgesinfo.fr\/app\/uploads\/sites\/6\/2025\/04\/br10.jpeg.jpg'><img decoding=\"async\" width=\"320\" height=\"240\" src=\"https:\/\/vosgesinfo.fr\/app\/uploads\/sites\/6\/2025\/04\/br10.jpeg.jpg\" class=\"attachment-large size-large\" alt=\"\" srcset=\"https:\/\/vosgesinfo.fr\/app\/uploads\/sites\/6\/2025\/04\/br10.jpeg.jpg 320w, https:\/\/vosgesinfo.fr\/app\/uploads\/sites\/6\/2025\/04\/br10.jpeg-300x225.jpg 300w\" sizes=\"(max-width: 320px) 100vw, 320px\" \/><\/a>\n\t\t\t<\/dt><\/dl><br style=\"clear: both\" \/>\n\t\t<\/div>\n\n<h3>Le samedi 12 avril 2025 s\u2019est tenue la grande vente de brioches \u201cUne brioche pour mon \u00e9cole\u201d, organis\u00e9e par l\u2019Amicale des Parents d\u2019\u00c9l\u00e8ves des \u00e9coles des Deux Lacs de Xonrupt-Longemer.<\/h3>\n<p>&nbsp;<\/p>\n<p><a href=\"https:\/\/vosgesinfo.fr\/app\/uploads\/sites\/6\/2025\/04\/br12.jpg\"><img decoding=\"async\" class=\"alignright size-full wp-image-77165\" src=\"https:\/\/vosgesinfo.fr\/app\/uploads\/sites\/6\/2025\/04\/br12.jpg\" alt=\"\" width=\"320\" height=\"240\" srcset=\"https:\/\/vosgesinfo.fr\/app\/uploads\/sites\/6\/2025\/04\/br12.jpg 320w, https:\/\/vosgesinfo.fr\/app\/uploads\/sites\/6\/2025\/04\/br12-300x225.jpg 300w\" sizes=\"(max-width: 320px) 100vw, 320px\" \/><\/a>Cette op\u00e9ration a pour but de financer le voyage de fin d\u2019ann\u00e9e scolaire. Pour cette premi\u00e8re \u00e9dition, l\u2019ensemble des \u00e9l\u00e8ves du CP au CM2 aura la chance de partir deux jours \u00e0 Strasbourg.<\/p>\n<p>Au total, 565 brioches ont \u00e9t\u00e9 vendues au cours de la journ\u00e9e ! Ces d\u00e9licieuses brioches maison ont \u00e9t\u00e9 confectionn\u00e9es sur place par l\u2019\u00e9quipe de boulangers du Super U de G\u00e9rardmer.<\/p>\n<p>Les enfants pr\u00e9sents ont pu vivre une exp\u00e9rience unique en se glissant dans la peau de boulangers, en travaillant aux c\u00f4t\u00e9s de v\u00e9ritables professionnels.<\/p>\n<p>L\u2019Amicale tient \u00e0 adresser ses plus sinc\u00e8res remerciements \u00e0 tous les partenaires qui ont rendu cette belle journ\u00e9e possible :<\/p>\n<ul>\n<li>G\u00e9rardmer Info, pour son soutien et ses publications r\u00e9guli\u00e8res tout au long de l\u2019ann\u00e9e,<\/li>\n<li>AZ Com, pour la magnifique banderole et les \u00e9tiquettes r\u00e9alis\u00e9es \u00e0 partir des dessins des enfants,<\/li>\n<li>Super U G\u00e9rardmer, pour l\u2019accueil, l\u2019aide logistique et la disponibilit\u00e9 de ses \u00e9quipes,<\/li>\n<li>La Ville de Xonrupt-Longemer, pour le pr\u00eat de mat\u00e9riel et son appui constant au quotidien.<\/li>\n<\/ul>\n<p>Un immense merci \u00e9galement \u00e0 toutes les personnes qui ont achet\u00e9 une brioche, aux g\u00e9n\u00e9reux donateurs, aux parents, aux enseignants, aux enfants\u2026 et \u00e0 toutes celles et ceux qui ont contribu\u00e9 \u00e0 faire de cette journ\u00e9e un v\u00e9ritable succ\u00e8s !<\/p>\n<p><strong>Stef<\/strong><\/p>\n","protected":false},"excerpt":{"rendered":"<p>Le samedi 12 avril 2025 s\u2019est tenue la grande vente de brioches \u201cUne brioche pour mon \u00e9cole\u201d, organis\u00e9e par l\u2019Amicale [&hellip;]<\/p>\n","protected":false},"author":391,"featured_media":77164,"comment_status":"open","ping_status":"open","sticky":false,"template":"","format":"standard","meta":{"footnotes":""},"categories":[20,6,5647,17,42],"tags":[],"class_list":["post-77162","post","type-post","status-publish","format-standard","has-post-thumbnail","hentry","category-a-la-une","category-education","category-gerardmer-autres-sites","category-vie-associative","category-xonrupt-longemer"],"acf":[],"yoast_head":"<!-- This site is optimized with the Yoast SEO plugin v22.5 - https:\/\/yoast.com\/wordpress\/plugins\/seo\/ -->\n<title>Une brioche pour mon \u00e9cole\u2026 Mille mercis ! - Gerardmer Info<\/title>\n<meta name=\"robots\" content=\"index, follow, max-snippet:-1, max-image-preview:large, max-video-preview:-1\" \/>\n<link rel=\"canonical\" href=\"https:\/\/vosgesinfo.fr\/gerardmerinfo\/2025\/04\/une-brioche-pour-mon-ecole-mille-mercis\/\" \/>\n<meta name=\"twitter:card\" content=\"summary_large_image\" \/>\n<meta name=\"twitter:title\" content=\"Une brioche pour mon \u00e9cole\u2026 Mille mercis ! - Gerardmer Info\" \/>\n<meta name=\"twitter:description\" content=\"Le samedi 12 avril 2025 s\u2019est tenue la grande vente de brioches \u201cUne brioche pour mon \u00e9cole\u201d, organis\u00e9e par l\u2019Amicale [&hellip;]\" \/>\n<meta name=\"twitter:image\" content=\"https:\/\/vosgesinfo.fr\/app\/uploads\/sites\/6\/2025\/04\/br11.jpg\" \/>\n<meta name=\"twitter:creator\" content=\"@VosgesInfo88\" \/>\n<meta name=\"twitter:site\" content=\"@VosgesInfo88\" \/>\n<meta name=\"twitter:label1\" content=\"\u00c9crit par\" \/>\n\t<meta name=\"twitter:data1\" content=\"La redaction\" \/>\n\t<meta name=\"twitter:label2\" content=\"Dur\u00e9e de lecture estim\u00e9e\" \/>\n\t<meta name=\"twitter:data2\" content=\"2 minutes\" \/>\n<script type=\"application\/ld+json\" class=\"yoast-schema-graph\">{\"@context\":\"https:\/\/schema.org\",\"@graph\":[{\"@type\":\"Article\",\"@id\":\"https:\/\/vosgesinfo.fr\/gerardmerinfo\/2025\/04\/une-brioche-pour-mon-ecole-mille-mercis\/#article\",\"isPartOf\":{\"@id\":\"https:\/\/vosgesinfo.fr\/gerardmerinfo\/2025\/04\/une-brioche-pour-mon-ecole-mille-mercis\/\"},\"author\":{\"name\":\"La redaction\",\"@id\":\"https:\/\/vosgesinfo.fr\/gerardmerinfo\/#\/schema\/person\/27a3695b06db98895b354c0765cdfc31\"},\"headline\":\"Une brioche pour mon \u00e9cole\u2026 Mille mercis !\",\"datePublished\":\"2025-04-22T16:20:11+00:00\",\"dateModified\":\"2025-04-22T18:19:14+00:00\",\"mainEntityOfPage\":{\"@id\":\"https:\/\/vosgesinfo.fr\/gerardmerinfo\/2025\/04\/une-brioche-pour-mon-ecole-mille-mercis\/\"},\"wordCount\":282,\"commentCount\":0,\"publisher\":{\"@id\":\"https:\/\/vosgesinfo.fr\/gerardmerinfo\/#organization\"},\"image\":{\"@id\":\"https:\/\/vosgesinfo.fr\/gerardmerinfo\/2025\/04\/une-brioche-pour-mon-ecole-mille-mercis\/#primaryimage\"},\"thumbnailUrl\":\"https:\/\/vosgesinfo.fr\/app\/uploads\/sites\/6\/2025\/04\/br11.jpg\",\"articleSection\":[\"A la une\",\"\u00c9ducation\",\"Gerardmer\",\"Vie Associative\",\"Xonrupt-Longemer\"],\"inLanguage\":\"fr-FR\",\"potentialAction\":[{\"@type\":\"CommentAction\",\"name\":\"Comment\",\"target\":[\"https:\/\/vosgesinfo.fr\/gerardmerinfo\/2025\/04\/une-brioche-pour-mon-ecole-mille-mercis\/#respond\"]}]},{\"@type\":\"WebPage\",\"@id\":\"https:\/\/vosgesinfo.fr\/gerardmerinfo\/2025\/04\/une-brioche-pour-mon-ecole-mille-mercis\/\",\"url\":\"https:\/\/vosgesinfo.fr\/gerardmerinfo\/2025\/04\/une-brioche-pour-mon-ecole-mille-mercis\/\",\"name\":\"Une brioche pour mon \u00e9cole\u2026 Mille mercis ! - Gerardmer Info\",\"isPartOf\":{\"@id\":\"https:\/\/vosgesinfo.fr\/gerardmerinfo\/#website\"},\"primaryImageOfPage\":{\"@id\":\"https:\/\/vosgesinfo.fr\/gerardmerinfo\/2025\/04\/une-brioche-pour-mon-ecole-mille-mercis\/#primaryimage\"},\"image\":{\"@id\":\"https:\/\/vosgesinfo.fr\/gerardmerinfo\/2025\/04\/une-brioche-pour-mon-ecole-mille-mercis\/#primaryimage\"},\"thumbnailUrl\":\"https:\/\/vosgesinfo.fr\/app\/uploads\/sites\/6\/2025\/04\/br11.jpg\",\"datePublished\":\"2025-04-22T16:20:11+00:00\",\"dateModified\":\"2025-04-22T18:19:14+00:00\",\"breadcrumb\":{\"@id\":\"https:\/\/vosgesinfo.fr\/gerardmerinfo\/2025\/04\/une-brioche-pour-mon-ecole-mille-mercis\/#breadcrumb\"},\"inLanguage\":\"fr-FR\",\"potentialAction\":[{\"@type\":\"ReadAction\",\"target\":[\"https:\/\/vosgesinfo.fr\/gerardmerinfo\/2025\/04\/une-brioche-pour-mon-ecole-mille-mercis\/\"]}]},{\"@type\":\"ImageObject\",\"inLanguage\":\"fr-FR\",\"@id\":\"https:\/\/vosgesinfo.fr\/gerardmerinfo\/2025\/04\/une-brioche-pour-mon-ecole-mille-mercis\/#primaryimage\",\"url\":\"https:\/\/vosgesinfo.fr\/app\/uploads\/sites\/6\/2025\/04\/br11.jpg\",\"contentUrl\":\"https:\/\/vosgesinfo.fr\/app\/uploads\/sites\/6\/2025\/04\/br11.jpg\",\"width\":320,\"height\":240},{\"@type\":\"BreadcrumbList\",\"@id\":\"https:\/\/vosgesinfo.fr\/gerardmerinfo\/2025\/04\/une-brioche-pour-mon-ecole-mille-mercis\/#breadcrumb\",\"itemListElement\":[{\"@type\":\"ListItem\",\"position\":1,\"name\":\"Home\",\"item\":\"https:\/\/vosgesinfo.fr\/gerardmerinfo\/\"},{\"@type\":\"ListItem\",\"position\":2,\"name\":\"Une brioche pour mon \u00e9cole\u2026 Mille mercis !\"}]},{\"@type\":\"WebSite\",\"@id\":\"https:\/\/vosgesinfo.fr\/gerardmerinfo\/#website\",\"url\":\"https:\/\/vosgesinfo.fr\/gerardmerinfo\/\",\"name\":\"Gerardmer Info\",\"description\":\"Toute l&#039;actualit\u00e9 de G\u00e9rardmer\",\"publisher\":{\"@id\":\"https:\/\/vosgesinfo.fr\/gerardmerinfo\/#organization\"},\"alternateName\":\"Toute l'actualit\u00e9 de G\u00e9rardmer\",\"potentialAction\":[{\"@type\":\"SearchAction\",\"target\":{\"@type\":\"EntryPoint\",\"urlTemplate\":\"https:\/\/vosgesinfo.fr\/gerardmerinfo\/?s={search_term_string}\"},\"query-input\":\"required name=search_term_string\"}],\"inLanguage\":\"fr-FR\"},{\"@type\":\"Organization\",\"@id\":\"https:\/\/vosgesinfo.fr\/gerardmerinfo\/#organization\",\"name\":\"Gerardmer Info\",\"url\":\"https:\/\/vosgesinfo.fr\/gerardmerinfo\/\",\"logo\":{\"@type\":\"ImageObject\",\"inLanguage\":\"fr-FR\",\"@id\":\"https:\/\/vosgesinfo.fr\/gerardmerinfo\/#\/schema\/logo\/image\/\",\"url\":\"https:\/\/vosgesinfo.fr\/app\/uploads\/sites\/6\/2023\/08\/favicon-gerardmerinfo.png\",\"contentUrl\":\"https:\/\/vosgesinfo.fr\/app\/uploads\/sites\/6\/2023\/08\/favicon-gerardmerinfo.png\",\"width\":512,\"height\":512,\"caption\":\"Gerardmer Info\"},\"image\":{\"@id\":\"https:\/\/vosgesinfo.fr\/gerardmerinfo\/#\/schema\/logo\/image\/\"},\"sameAs\":[\"https:\/\/www.facebook.com\/profile.php?id=100049475262660\",\"https:\/\/x.com\/VosgesInfo88\",\"https:\/\/www.youtube.com\/@vosgesinfo\"]},{\"@type\":\"Person\",\"@id\":\"https:\/\/vosgesinfo.fr\/gerardmerinfo\/#\/schema\/person\/27a3695b06db98895b354c0765cdfc31\",\"name\":\"La redaction\",\"image\":{\"@type\":\"ImageObject\",\"inLanguage\":\"fr-FR\",\"@id\":\"https:\/\/vosgesinfo.fr\/gerardmerinfo\/#\/schema\/person\/image\/\",\"url\":\"https:\/\/secure.gravatar.com\/avatar\/64c76a78e501cedee55736f43f332df901e1896ae9cd8fad269ae2236dd0e8b6?s=96&d=mm&r=g\",\"contentUrl\":\"https:\/\/secure.gravatar.com\/avatar\/64c76a78e501cedee55736f43f332df901e1896ae9cd8fad269ae2236dd0e8b6?s=96&d=mm&r=g\",\"caption\":\"La redaction\"},\"url\":\"https:\/\/vosgesinfo.fr\/gerardmerinfo\/author\/la-redaction\/\"}]}<\/script>\n<!-- \/ Yoast SEO plugin. -->","yoast_head_json":{"title":"Une brioche pour mon \u00e9cole\u2026 Mille mercis ! - Gerardmer Info","robots":{"index":"index","follow":"follow","max-snippet":"max-snippet:-1","max-image-preview":"max-image-preview:large","max-video-preview":"max-video-preview:-1"},"canonical":"https:\/\/vosgesinfo.fr\/gerardmerinfo\/2025\/04\/une-brioche-pour-mon-ecole-mille-mercis\/","twitter_card":"summary_large_image","twitter_title":"Une brioche pour mon \u00e9cole\u2026 Mille mercis ! - Gerardmer Info","twitter_description":"Le samedi 12 avril 2025 s\u2019est tenue la grande vente de brioches \u201cUne brioche pour mon \u00e9cole\u201d, organis\u00e9e par l\u2019Amicale [&hellip;]","twitter_image":"https:\/\/vosgesinfo.fr\/app\/uploads\/sites\/6\/2025\/04\/br11.jpg","twitter_creator":"@VosgesInfo88","twitter_site":"@VosgesInfo88","twitter_misc":{"\u00c9crit par":"La redaction","Dur\u00e9e de lecture estim\u00e9e":"2 minutes"},"schema":{"@context":"https:\/\/schema.org","@graph":[{"@type":"Article","@id":"https:\/\/vosgesinfo.fr\/gerardmerinfo\/2025\/04\/une-brioche-pour-mon-ecole-mille-mercis\/#article","isPartOf":{"@id":"https:\/\/vosgesinfo.fr\/gerardmerinfo\/2025\/04\/une-brioche-pour-mon-ecole-mille-mercis\/"},"author":{"name":"La redaction","@id":"https:\/\/vosgesinfo.fr\/gerardmerinfo\/#\/schema\/person\/27a3695b06db98895b354c0765cdfc31"},"headline":"Une brioche pour mon \u00e9cole\u2026 Mille mercis !","datePublished":"2025-04-22T16:20:11+00:00","dateModified":"2025-04-22T18:19:14+00:00","mainEntityOfPage":{"@id":"https:\/\/vosgesinfo.fr\/gerardmerinfo\/2025\/04\/une-brioche-pour-mon-ecole-mille-mercis\/"},"wordCount":282,"commentCount":0,"publisher":{"@id":"https:\/\/vosgesinfo.fr\/gerardmerinfo\/#organization"},"image":{"@id":"https:\/\/vosgesinfo.fr\/gerardmerinfo\/2025\/04\/une-brioche-pour-mon-ecole-mille-mercis\/#primaryimage"},"thumbnailUrl":"https:\/\/vosgesinfo.fr\/app\/uploads\/sites\/6\/2025\/04\/br11.jpg","articleSection":["A la une","\u00c9ducation","Gerardmer","Vie Associative","Xonrupt-Longemer"],"inLanguage":"fr-FR","potentialAction":[{"@type":"CommentAction","name":"Comment","target":["https:\/\/vosgesinfo.fr\/gerardmerinfo\/2025\/04\/une-brioche-pour-mon-ecole-mille-mercis\/#respond"]}]},{"@type":"WebPage","@id":"https:\/\/vosgesinfo.fr\/gerardmerinfo\/2025\/04\/une-brioche-pour-mon-ecole-mille-mercis\/","url":"https:\/\/vosgesinfo.fr\/gerardmerinfo\/2025\/04\/une-brioche-pour-mon-ecole-mille-mercis\/","name":"Une brioche pour mon \u00e9cole\u2026 Mille mercis ! - Gerardmer Info","isPartOf":{"@id":"https:\/\/vosgesinfo.fr\/gerardmerinfo\/#website"},"primaryImageOfPage":{"@id":"https:\/\/vosgesinfo.fr\/gerardmerinfo\/2025\/04\/une-brioche-pour-mon-ecole-mille-mercis\/#primaryimage"},"image":{"@id":"https:\/\/vosgesinfo.fr\/gerardmerinfo\/2025\/04\/une-brioche-pour-mon-ecole-mille-mercis\/#primaryimage"},"thumbnailUrl":"https:\/\/vosgesinfo.fr\/app\/uploads\/sites\/6\/2025\/04\/br11.jpg","datePublished":"2025-04-22T16:20:11+00:00","dateModified":"2025-04-22T18:19:14+00:00","breadcrumb":{"@id":"https:\/\/vosgesinfo.fr\/gerardmerinfo\/2025\/04\/une-brioche-pour-mon-ecole-mille-mercis\/#breadcrumb"},"inLanguage":"fr-FR","potentialAction":[{"@type":"ReadAction","target":["https:\/\/vosgesinfo.fr\/gerardmerinfo\/2025\/04\/une-brioche-pour-mon-ecole-mille-mercis\/"]}]},{"@type":"ImageObject","inLanguage":"fr-FR","@id":"https:\/\/vosgesinfo.fr\/gerardmerinfo\/2025\/04\/une-brioche-pour-mon-ecole-mille-mercis\/#primaryimage","url":"https:\/\/vosgesinfo.fr\/app\/uploads\/sites\/6\/2025\/04\/br11.jpg","contentUrl":"https:\/\/vosgesinfo.fr\/app\/uploads\/sites\/6\/2025\/04\/br11.jpg","width":320,"height":240},{"@type":"BreadcrumbList","@id":"https:\/\/vosgesinfo.fr\/gerardmerinfo\/2025\/04\/une-brioche-pour-mon-ecole-mille-mercis\/#breadcrumb","itemListElement":[{"@type":"ListItem","position":1,"name":"Home","item":"https:\/\/vosgesinfo.fr\/gerardmerinfo\/"},{"@type":"ListItem","position":2,"name":"Une brioche pour mon \u00e9cole\u2026 Mille mercis !"}]},{"@type":"WebSite","@id":"https:\/\/vosgesinfo.fr\/gerardmerinfo\/#website","url":"https:\/\/vosgesinfo.fr\/gerardmerinfo\/","name":"Gerardmer Info","description":"Toute l&#039;actualit\u00e9 de G\u00e9rardmer","publisher":{"@id":"https:\/\/vosgesinfo.fr\/gerardmerinfo\/#organization"},"alternateName":"Toute l'actualit\u00e9 de G\u00e9rardmer","potentialAction":[{"@type":"SearchAction","target":{"@type":"EntryPoint","urlTemplate":"https:\/\/vosgesinfo.fr\/gerardmerinfo\/?s={search_term_string}"},"query-input":"required name=search_term_string"}],"inLanguage":"fr-FR"},{"@type":"Organization","@id":"https:\/\/vosgesinfo.fr\/gerardmerinfo\/#organization","name":"Gerardmer Info","url":"https:\/\/vosgesinfo.fr\/gerardmerinfo\/","logo":{"@type":"ImageObject","inLanguage":"fr-FR","@id":"https:\/\/vosgesinfo.fr\/gerardmerinfo\/#\/schema\/logo\/image\/","url":"https:\/\/vosgesinfo.fr\/app\/uploads\/sites\/6\/2023\/08\/favicon-gerardmerinfo.png","contentUrl":"https:\/\/vosgesinfo.fr\/app\/uploads\/sites\/6\/2023\/08\/favicon-gerardmerinfo.png","width":512,"height":512,"caption":"Gerardmer Info"},"image":{"@id":"https:\/\/vosgesinfo.fr\/gerardmerinfo\/#\/schema\/logo\/image\/"},"sameAs":["https:\/\/www.facebook.com\/profile.php?id=100049475262660","https:\/\/x.com\/VosgesInfo88","https:\/\/www.youtube.com\/@vosgesinfo"]},{"@type":"Person","@id":"https:\/\/vosgesinfo.fr\/gerardmerinfo\/#\/schema\/person\/27a3695b06db98895b354c0765cdfc31","name":"La redaction","image":{"@type":"ImageObject","inLanguage":"fr-FR","@id":"https:\/\/vosgesinfo.fr\/gerardmerinfo\/#\/schema\/person\/image\/","url":"https:\/\/secure.gravatar.com\/avatar\/64c76a78e501cedee55736f43f332df901e1896ae9cd8fad269ae2236dd0e8b6?s=96&d=mm&r=g","contentUrl":"https:\/\/secure.gravatar.com\/avatar\/64c76a78e501cedee55736f43f332df901e1896ae9cd8fad269ae2236dd0e8b6?s=96&d=mm&r=g","caption":"La redaction"},"url":"https:\/\/vosgesinfo.fr\/gerardmerinfo\/author\/la-redaction\/"}]}},"_links":{"self":[{"href":"https:\/\/vosgesinfo.fr\/gerardmerinfo\/wp-json\/wp\/v2\/posts\/77162","targetHints":{"allow":["GET"]}}],"collection":[{"href":"https:\/\/vosgesinfo.fr\/gerardmerinfo\/wp-json\/wp\/v2\/posts"}],"about":[{"href":"https:\/\/vosgesinfo.fr\/gerardmerinfo\/wp-json\/wp\/v2\/types\/post"}],"author":[{"embeddable":true,"href":"https:\/\/vosgesinfo.fr\/gerardmerinfo\/wp-json\/wp\/v2\/users\/391"}],"replies":[{"embeddable":true,"href":"https:\/\/vosgesinfo.fr\/gerardmerinfo\/wp-json\/wp\/v2\/comments?post=77162"}],"version-history":[{"count":3,"href":"https:\/\/vosgesinfo.fr\/gerardmerinfo\/wp-json\/wp\/v2\/posts\/77162\/revisions"}],"predecessor-version":[{"id":77176,"href":"https:\/\/vosgesinfo.fr\/gerardmerinfo\/wp-json\/wp\/v2\/posts\/77162\/revisions\/77176"}],"wp:featuredmedia":[{"embeddable":true,"href":"https:\/\/vosgesinfo.fr\/gerardmerinfo\/wp-json\/wp\/v2\/media\/77164"}],"wp:attachment":[{"href":"https:\/\/vosgesinfo.fr\/gerardmerinfo\/wp-json\/wp\/v2\/media?parent=77162"}],"wp:term":[{"taxonomy":"category","embeddable":true,"href":"https:\/\/vosgesinfo.fr\/gerardmerinfo\/wp-json\/wp\/v2\/categories?post=77162"},{"taxonomy":"post_tag","embeddable":true,"href":"https:\/\/vosgesinfo.fr\/gerardmerinfo\/wp-json\/wp\/v2\/tags?post=77162"}],"curies":[{"name":"wp","href":"https:\/\/api.w.org\/{rel}","templated":true}]}}