{"id":77167,"date":"2025-04-23T05:55:22","date_gmt":"2025-04-23T03:55:22","guid":{"rendered":"https:\/\/vosgesinfo.fr\/gerardmerinfo\/?p=77167"},"modified":"2025-04-22T19:43:52","modified_gmt":"2025-04-22T17:43:52","slug":"inscriptions-au-%f0%9d%97%a9%f0%9d%97%bc%f0%9d%98%86%f0%9d%97%ae%f0%9d%97%b4%f0%9d%97%b2-%f0%9d%97%a6%f0%9d%97%b2%f0%9d%97%bb%f0%9d%97%b6%f0%9d%97%bc%f0%9d%97%bf%f0%9d%98%80","status":"publish","type":"post","link":"https:\/\/vosgesinfo.fr\/gerardmerinfo\/2025\/04\/inscriptions-au-%f0%9d%97%a9%f0%9d%97%bc%f0%9d%98%86%f0%9d%97%ae%f0%9d%97%b4%f0%9d%97%b2-%f0%9d%97%a6%f0%9d%97%b2%f0%9d%97%bb%f0%9d%97%b6%f0%9d%97%bc%f0%9d%97%bf%f0%9d%98%80\/","title":{"rendered":"Inscriptions au \ud835\udde9\ud835\uddfc\ud835\ude06\ud835\uddee\ud835\uddf4\ud835\uddf2 \ud835\udde6\ud835\uddf2\u0301\ud835\uddfb\ud835\uddf6\ud835\uddfc\ud835\uddff\ud835\ude00"},"content":{"rendered":"<p>Le prochain Voyage S\u00e9niors aura lieu \u00e0 Fournols en Auvergne du 14 au 21 septembre 2025.<\/p>\n<p>&nbsp;<\/p>\n<p>L\u2019ANCV et le CCAS de G\u00e9rardmer proposent aux personnes* : r\u00e9sidentes \u00e0 G\u00e9rardmer de 60 ans et plus \u00e0 la retraite ou sans activit\u00e9 professionnelle un s\u00e9jour de 8 jours et 7 nuits en pension compl\u00e8te.<\/p>\n<p>*personnes \u00e2g\u00e9es \u00e0 revenus modestes et \/ ou isol\u00e9es<\/p>\n<p>&nbsp;<\/p>\n<p>Programme en cours d\u2019\u00e9laboration : Clermont-Ferrand, Thiers, Issoire, St Nectaire, le Puy de D\u00f4me&#8230;. une belle semaine en perspective !!<\/p>\n<p>Renseignements et inscriptions CCAS &#8211; rue de la promenade 88400 G\u00e9rardmer 03 29 60 31 41<\/p>\n<p><a href=\"https:\/\/vosgesinfo.fr\/app\/uploads\/sites\/6\/2025\/03\/voyage-seniors-20251-scaled.jpg\"><img decoding=\"async\" class=\"aligncenter size-large wp-image-76225\" src=\"https:\/\/vosgesinfo.fr\/app\/uploads\/sites\/6\/2025\/03\/voyage-seniors-20251-724x1024.jpg\" alt=\"\" width=\"724\" height=\"1024\" srcset=\"https:\/\/vosgesinfo.fr\/app\/uploads\/sites\/6\/2025\/03\/voyage-seniors-20251-724x1024.jpg 724w, https:\/\/vosgesinfo.fr\/app\/uploads\/sites\/6\/2025\/03\/voyage-seniors-20251-212x300.jpg 212w, https:\/\/vosgesinfo.fr\/app\/uploads\/sites\/6\/2025\/03\/voyage-seniors-20251-768x1086.jpg 768w, https:\/\/vosgesinfo.fr\/app\/uploads\/sites\/6\/2025\/03\/voyage-seniors-20251-1086x1536.jpg 1086w, https:\/\/vosgesinfo.fr\/app\/uploads\/sites\/6\/2025\/03\/voyage-seniors-20251-1448x2048.jpg 1448w, https:\/\/vosgesinfo.fr\/app\/uploads\/sites\/6\/2025\/03\/voyage-seniors-20251-scaled.jpg 1810w\" sizes=\"(max-width: 724px) 100vw, 724px\" \/><\/a><\/p>\n","protected":false},"excerpt":{"rendered":"<p>Le prochain Voyage S\u00e9niors aura lieu \u00e0 Fournols en Auvergne du 14 au 21 septembre 2025. &nbsp; L\u2019ANCV et le [&hellip;]<\/p>\n","protected":false},"author":391,"featured_media":76225,"comment_status":"open","ping_status":"open","sticky":false,"template":"","format":"standard","meta":{"footnotes":""},"categories":[20,25,5647,15],"tags":[7222,956],"class_list":["post-77167","post","type-post","status-publish","format-standard","has-post-thumbnail","hentry","category-a-la-une","category-gerardmer","category-gerardmer-autres-sites","category-tourisme","tag-fournols","tag-voyage-seniors"],"acf":[],"yoast_head":"<!-- This site is optimized with the Yoast SEO plugin v22.5 - https:\/\/yoast.com\/wordpress\/plugins\/seo\/ -->\n<title>Inscriptions au \ud835\udde9\ud835\uddfc\ud835\ude06\ud835\uddee\ud835\uddf4\ud835\uddf2 \ud835\udde6\ud835\uddf2\u0301\ud835\uddfb\ud835\uddf6\ud835\uddfc\ud835\uddff\ud835\ude00 - Gerardmer Info<\/title>\n<meta name=\"robots\" content=\"index, follow, max-snippet:-1, max-image-preview:large, max-video-preview:-1\" \/>\n<link rel=\"canonical\" href=\"https:\/\/vosgesinfo.fr\/gerardmerinfo\/2025\/04\/inscriptions-au-\ud835\udde9\ud835\uddfc\ud835\ude06\ud835\uddee\ud835\uddf4\ud835\uddf2-\ud835\udde6\ud835\uddf2\ud835\uddfb\ud835\uddf6\ud835\uddfc\ud835\uddff\ud835\ude00\/\" \/>\n<meta name=\"twitter:card\" content=\"summary_large_image\" \/>\n<meta name=\"twitter:title\" content=\"Inscriptions au \ud835\udde9\ud835\uddfc\ud835\ude06\ud835\uddee\ud835\uddf4\ud835\uddf2 \ud835\udde6\ud835\uddf2\u0301\ud835\uddfb\ud835\uddf6\ud835\uddfc\ud835\uddff\ud835\ude00 - Gerardmer Info\" \/>\n<meta name=\"twitter:description\" content=\"Le prochain Voyage S\u00e9niors aura lieu \u00e0 Fournols en Auvergne du 14 au 21 septembre 2025. &nbsp; L\u2019ANCV et le [&hellip;]\" \/>\n<meta name=\"twitter:image\" content=\"https:\/\/vosgesinfo.fr\/app\/uploads\/sites\/6\/2025\/03\/voyage-seniors-20251-scaled.jpg\" \/>\n<meta name=\"twitter:creator\" content=\"@VosgesInfo88\" \/>\n<meta name=\"twitter:site\" content=\"@VosgesInfo88\" \/>\n<meta name=\"twitter:label1\" content=\"\u00c9crit par\" \/>\n\t<meta name=\"twitter:data1\" content=\"La redaction\" \/>\n<script type=\"application\/ld+json\" class=\"yoast-schema-graph\">{\"@context\":\"https:\/\/schema.org\",\"@graph\":[{\"@type\":\"Article\",\"@id\":\"https:\/\/vosgesinfo.fr\/gerardmerinfo\/2025\/04\/inscriptions-au-%f0%9d%97%a9%f0%9d%97%bc%f0%9d%98%86%f0%9d%97%ae%f0%9d%97%b4%f0%9d%97%b2-%f0%9d%97%a6%f0%9d%97%b2%f0%9d%97%bb%f0%9d%97%b6%f0%9d%97%bc%f0%9d%97%bf%f0%9d%98%80\/#article\",\"isPartOf\":{\"@id\":\"https:\/\/vosgesinfo.fr\/gerardmerinfo\/2025\/04\/inscriptions-au-%f0%9d%97%a9%f0%9d%97%bc%f0%9d%98%86%f0%9d%97%ae%f0%9d%97%b4%f0%9d%97%b2-%f0%9d%97%a6%f0%9d%97%b2%f0%9d%97%bb%f0%9d%97%b6%f0%9d%97%bc%f0%9d%97%bf%f0%9d%98%80\/\"},\"author\":{\"name\":\"La redaction\",\"@id\":\"https:\/\/vosgesinfo.fr\/gerardmerinfo\/#\/schema\/person\/27a3695b06db98895b354c0765cdfc31\"},\"headline\":\"Inscriptions au \ud835\udde9\ud835\uddfc\ud835\ude06\ud835\uddee\ud835\uddf4\ud835\uddf2 \ud835\udde6\ud835\uddf2\u0301\ud835\uddfb\ud835\uddf6\ud835\uddfc\ud835\uddff\ud835\ude00\",\"datePublished\":\"2025-04-23T03:55:22+00:00\",\"dateModified\":\"2025-04-22T17:43:52+00:00\",\"mainEntityOfPage\":{\"@id\":\"https:\/\/vosgesinfo.fr\/gerardmerinfo\/2025\/04\/inscriptions-au-%f0%9d%97%a9%f0%9d%97%bc%f0%9d%98%86%f0%9d%97%ae%f0%9d%97%b4%f0%9d%97%b2-%f0%9d%97%a6%f0%9d%97%b2%f0%9d%97%bb%f0%9d%97%b6%f0%9d%97%bc%f0%9d%97%bf%f0%9d%98%80\/\"},\"wordCount\":93,\"commentCount\":0,\"publisher\":{\"@id\":\"https:\/\/vosgesinfo.fr\/gerardmerinfo\/#organization\"},\"image\":{\"@id\":\"https:\/\/vosgesinfo.fr\/gerardmerinfo\/2025\/04\/inscriptions-au-%f0%9d%97%a9%f0%9d%97%bc%f0%9d%98%86%f0%9d%97%ae%f0%9d%97%b4%f0%9d%97%b2-%f0%9d%97%a6%f0%9d%97%b2%f0%9d%97%bb%f0%9d%97%b6%f0%9d%97%bc%f0%9d%97%bf%f0%9d%98%80\/#primaryimage\"},\"thumbnailUrl\":\"https:\/\/vosgesinfo.fr\/app\/uploads\/sites\/6\/2025\/03\/voyage-seniors-20251-scaled.jpg\",\"keywords\":[\"Fournols\",\"voyage seniors\"],\"articleSection\":[\"A la une\",\"G\u00e9rardmer\",\"Gerardmer\",\"Tourisme\"],\"inLanguage\":\"fr-FR\",\"potentialAction\":[{\"@type\":\"CommentAction\",\"name\":\"Comment\",\"target\":[\"https:\/\/vosgesinfo.fr\/gerardmerinfo\/2025\/04\/inscriptions-au-%f0%9d%97%a9%f0%9d%97%bc%f0%9d%98%86%f0%9d%97%ae%f0%9d%97%b4%f0%9d%97%b2-%f0%9d%97%a6%f0%9d%97%b2%f0%9d%97%bb%f0%9d%97%b6%f0%9d%97%bc%f0%9d%97%bf%f0%9d%98%80\/#respond\"]}]},{\"@type\":\"WebPage\",\"@id\":\"https:\/\/vosgesinfo.fr\/gerardmerinfo\/2025\/04\/inscriptions-au-%f0%9d%97%a9%f0%9d%97%bc%f0%9d%98%86%f0%9d%97%ae%f0%9d%97%b4%f0%9d%97%b2-%f0%9d%97%a6%f0%9d%97%b2%f0%9d%97%bb%f0%9d%97%b6%f0%9d%97%bc%f0%9d%97%bf%f0%9d%98%80\/\",\"url\":\"https:\/\/vosgesinfo.fr\/gerardmerinfo\/2025\/04\/inscriptions-au-%f0%9d%97%a9%f0%9d%97%bc%f0%9d%98%86%f0%9d%97%ae%f0%9d%97%b4%f0%9d%97%b2-%f0%9d%97%a6%f0%9d%97%b2%f0%9d%97%bb%f0%9d%97%b6%f0%9d%97%bc%f0%9d%97%bf%f0%9d%98%80\/\",\"name\":\"Inscriptions au \ud835\udde9\ud835\uddfc\ud835\ude06\ud835\uddee\ud835\uddf4\ud835\uddf2 \ud835\udde6\ud835\uddf2\u0301\ud835\uddfb\ud835\uddf6\ud835\uddfc\ud835\uddff\ud835\ude00 - Gerardmer Info\",\"isPartOf\":{\"@id\":\"https:\/\/vosgesinfo.fr\/gerardmerinfo\/#website\"},\"primaryImageOfPage\":{\"@id\":\"https:\/\/vosgesinfo.fr\/gerardmerinfo\/2025\/04\/inscriptions-au-%f0%9d%97%a9%f0%9d%97%bc%f0%9d%98%86%f0%9d%97%ae%f0%9d%97%b4%f0%9d%97%b2-%f0%9d%97%a6%f0%9d%97%b2%f0%9d%97%bb%f0%9d%97%b6%f0%9d%97%bc%f0%9d%97%bf%f0%9d%98%80\/#primaryimage\"},\"image\":{\"@id\":\"https:\/\/vosgesinfo.fr\/gerardmerinfo\/2025\/04\/inscriptions-au-%f0%9d%97%a9%f0%9d%97%bc%f0%9d%98%86%f0%9d%97%ae%f0%9d%97%b4%f0%9d%97%b2-%f0%9d%97%a6%f0%9d%97%b2%f0%9d%97%bb%f0%9d%97%b6%f0%9d%97%bc%f0%9d%97%bf%f0%9d%98%80\/#primaryimage\"},\"thumbnailUrl\":\"https:\/\/vosgesinfo.fr\/app\/uploads\/sites\/6\/2025\/03\/voyage-seniors-20251-scaled.jpg\",\"datePublished\":\"2025-04-23T03:55:22+00:00\",\"dateModified\":\"2025-04-22T17:43:52+00:00\",\"breadcrumb\":{\"@id\":\"https:\/\/vosgesinfo.fr\/gerardmerinfo\/2025\/04\/inscriptions-au-%f0%9d%97%a9%f0%9d%97%bc%f0%9d%98%86%f0%9d%97%ae%f0%9d%97%b4%f0%9d%97%b2-%f0%9d%97%a6%f0%9d%97%b2%f0%9d%97%bb%f0%9d%97%b6%f0%9d%97%bc%f0%9d%97%bf%f0%9d%98%80\/#breadcrumb\"},\"inLanguage\":\"fr-FR\",\"potentialAction\":[{\"@type\":\"ReadAction\",\"target\":[\"https:\/\/vosgesinfo.fr\/gerardmerinfo\/2025\/04\/inscriptions-au-%f0%9d%97%a9%f0%9d%97%bc%f0%9d%98%86%f0%9d%97%ae%f0%9d%97%b4%f0%9d%97%b2-%f0%9d%97%a6%f0%9d%97%b2%f0%9d%97%bb%f0%9d%97%b6%f0%9d%97%bc%f0%9d%97%bf%f0%9d%98%80\/\"]}]},{\"@type\":\"ImageObject\",\"inLanguage\":\"fr-FR\",\"@id\":\"https:\/\/vosgesinfo.fr\/gerardmerinfo\/2025\/04\/inscriptions-au-%f0%9d%97%a9%f0%9d%97%bc%f0%9d%98%86%f0%9d%97%ae%f0%9d%97%b4%f0%9d%97%b2-%f0%9d%97%a6%f0%9d%97%b2%f0%9d%97%bb%f0%9d%97%b6%f0%9d%97%bc%f0%9d%97%bf%f0%9d%98%80\/#primaryimage\",\"url\":\"https:\/\/vosgesinfo.fr\/app\/uploads\/sites\/6\/2025\/03\/voyage-seniors-20251-scaled.jpg\",\"contentUrl\":\"https:\/\/vosgesinfo.fr\/app\/uploads\/sites\/6\/2025\/03\/voyage-seniors-20251-scaled.jpg\",\"width\":1810,\"height\":2560},{\"@type\":\"BreadcrumbList\",\"@id\":\"https:\/\/vosgesinfo.fr\/gerardmerinfo\/2025\/04\/inscriptions-au-%f0%9d%97%a9%f0%9d%97%bc%f0%9d%98%86%f0%9d%97%ae%f0%9d%97%b4%f0%9d%97%b2-%f0%9d%97%a6%f0%9d%97%b2%f0%9d%97%bb%f0%9d%97%b6%f0%9d%97%bc%f0%9d%97%bf%f0%9d%98%80\/#breadcrumb\",\"itemListElement\":[{\"@type\":\"ListItem\",\"position\":1,\"name\":\"Home\",\"item\":\"https:\/\/vosgesinfo.fr\/gerardmerinfo\/\"},{\"@type\":\"ListItem\",\"position\":2,\"name\":\"Inscriptions au \ud835\udde9\ud835\uddfc\ud835\ude06\ud835\uddee\ud835\uddf4\ud835\uddf2 \ud835\udde6\ud835\uddf2\u0301\ud835\uddfb\ud835\uddf6\ud835\uddfc\ud835\uddff\ud835\ude00\"}]},{\"@type\":\"WebSite\",\"@id\":\"https:\/\/vosgesinfo.fr\/gerardmerinfo\/#website\",\"url\":\"https:\/\/vosgesinfo.fr\/gerardmerinfo\/\",\"name\":\"Gerardmer Info\",\"description\":\"Toute l&#039;actualit\u00e9 de G\u00e9rardmer\",\"publisher\":{\"@id\":\"https:\/\/vosgesinfo.fr\/gerardmerinfo\/#organization\"},\"alternateName\":\"Toute l'actualit\u00e9 de G\u00e9rardmer\",\"potentialAction\":[{\"@type\":\"SearchAction\",\"target\":{\"@type\":\"EntryPoint\",\"urlTemplate\":\"https:\/\/vosgesinfo.fr\/gerardmerinfo\/?s={search_term_string}\"},\"query-input\":\"required name=search_term_string\"}],\"inLanguage\":\"fr-FR\"},{\"@type\":\"Organization\",\"@id\":\"https:\/\/vosgesinfo.fr\/gerardmerinfo\/#organization\",\"name\":\"Gerardmer Info\",\"url\":\"https:\/\/vosgesinfo.fr\/gerardmerinfo\/\",\"logo\":{\"@type\":\"ImageObject\",\"inLanguage\":\"fr-FR\",\"@id\":\"https:\/\/vosgesinfo.fr\/gerardmerinfo\/#\/schema\/logo\/image\/\",\"url\":\"https:\/\/vosgesinfo.fr\/app\/uploads\/sites\/6\/2023\/08\/favicon-gerardmerinfo.png\",\"contentUrl\":\"https:\/\/vosgesinfo.fr\/app\/uploads\/sites\/6\/2023\/08\/favicon-gerardmerinfo.png\",\"width\":512,\"height\":512,\"caption\":\"Gerardmer Info\"},\"image\":{\"@id\":\"https:\/\/vosgesinfo.fr\/gerardmerinfo\/#\/schema\/logo\/image\/\"},\"sameAs\":[\"https:\/\/www.facebook.com\/profile.php?id=100049475262660\",\"https:\/\/x.com\/VosgesInfo88\",\"https:\/\/www.youtube.com\/@vosgesinfo\"]},{\"@type\":\"Person\",\"@id\":\"https:\/\/vosgesinfo.fr\/gerardmerinfo\/#\/schema\/person\/27a3695b06db98895b354c0765cdfc31\",\"name\":\"La redaction\",\"image\":{\"@type\":\"ImageObject\",\"inLanguage\":\"fr-FR\",\"@id\":\"https:\/\/vosgesinfo.fr\/gerardmerinfo\/#\/schema\/person\/image\/\",\"url\":\"https:\/\/secure.gravatar.com\/avatar\/64c76a78e501cedee55736f43f332df901e1896ae9cd8fad269ae2236dd0e8b6?s=96&d=mm&r=g\",\"contentUrl\":\"https:\/\/secure.gravatar.com\/avatar\/64c76a78e501cedee55736f43f332df901e1896ae9cd8fad269ae2236dd0e8b6?s=96&d=mm&r=g\",\"caption\":\"La redaction\"},\"url\":\"https:\/\/vosgesinfo.fr\/gerardmerinfo\/author\/la-redaction\/\"}]}<\/script>\n<!-- \/ Yoast SEO plugin. -->","yoast_head_json":{"title":"Inscriptions au \ud835\udde9\ud835\uddfc\ud835\ude06\ud835\uddee\ud835\uddf4\ud835\uddf2 \ud835\udde6\ud835\uddf2\u0301\ud835\uddfb\ud835\uddf6\ud835\uddfc\ud835\uddff\ud835\ude00 - Gerardmer Info","robots":{"index":"index","follow":"follow","max-snippet":"max-snippet:-1","max-image-preview":"max-image-preview:large","max-video-preview":"max-video-preview:-1"},"canonical":"https:\/\/vosgesinfo.fr\/gerardmerinfo\/2025\/04\/inscriptions-au-\ud835\udde9\ud835\uddfc\ud835\ude06\ud835\uddee\ud835\uddf4\ud835\uddf2-\ud835\udde6\ud835\uddf2\ud835\uddfb\ud835\uddf6\ud835\uddfc\ud835\uddff\ud835\ude00\/","twitter_card":"summary_large_image","twitter_title":"Inscriptions au \ud835\udde9\ud835\uddfc\ud835\ude06\ud835\uddee\ud835\uddf4\ud835\uddf2 \ud835\udde6\ud835\uddf2\u0301\ud835\uddfb\ud835\uddf6\ud835\uddfc\ud835\uddff\ud835\ude00 - Gerardmer Info","twitter_description":"Le prochain Voyage S\u00e9niors aura lieu \u00e0 Fournols en Auvergne du 14 au 21 septembre 2025. &nbsp; L\u2019ANCV et le [&hellip;]","twitter_image":"https:\/\/vosgesinfo.fr\/app\/uploads\/sites\/6\/2025\/03\/voyage-seniors-20251-scaled.jpg","twitter_creator":"@VosgesInfo88","twitter_site":"@VosgesInfo88","twitter_misc":{"\u00c9crit par":"La redaction"},"schema":{"@context":"https:\/\/schema.org","@graph":[{"@type":"Article","@id":"https:\/\/vosgesinfo.fr\/gerardmerinfo\/2025\/04\/inscriptions-au-%f0%9d%97%a9%f0%9d%97%bc%f0%9d%98%86%f0%9d%97%ae%f0%9d%97%b4%f0%9d%97%b2-%f0%9d%97%a6%f0%9d%97%b2%f0%9d%97%bb%f0%9d%97%b6%f0%9d%97%bc%f0%9d%97%bf%f0%9d%98%80\/#article","isPartOf":{"@id":"https:\/\/vosgesinfo.fr\/gerardmerinfo\/2025\/04\/inscriptions-au-%f0%9d%97%a9%f0%9d%97%bc%f0%9d%98%86%f0%9d%97%ae%f0%9d%97%b4%f0%9d%97%b2-%f0%9d%97%a6%f0%9d%97%b2%f0%9d%97%bb%f0%9d%97%b6%f0%9d%97%bc%f0%9d%97%bf%f0%9d%98%80\/"},"author":{"name":"La redaction","@id":"https:\/\/vosgesinfo.fr\/gerardmerinfo\/#\/schema\/person\/27a3695b06db98895b354c0765cdfc31"},"headline":"Inscriptions au \ud835\udde9\ud835\uddfc\ud835\ude06\ud835\uddee\ud835\uddf4\ud835\uddf2 \ud835\udde6\ud835\uddf2\u0301\ud835\uddfb\ud835\uddf6\ud835\uddfc\ud835\uddff\ud835\ude00","datePublished":"2025-04-23T03:55:22+00:00","dateModified":"2025-04-22T17:43:52+00:00","mainEntityOfPage":{"@id":"https:\/\/vosgesinfo.fr\/gerardmerinfo\/2025\/04\/inscriptions-au-%f0%9d%97%a9%f0%9d%97%bc%f0%9d%98%86%f0%9d%97%ae%f0%9d%97%b4%f0%9d%97%b2-%f0%9d%97%a6%f0%9d%97%b2%f0%9d%97%bb%f0%9d%97%b6%f0%9d%97%bc%f0%9d%97%bf%f0%9d%98%80\/"},"wordCount":93,"commentCount":0,"publisher":{"@id":"https:\/\/vosgesinfo.fr\/gerardmerinfo\/#organization"},"image":{"@id":"https:\/\/vosgesinfo.fr\/gerardmerinfo\/2025\/04\/inscriptions-au-%f0%9d%97%a9%f0%9d%97%bc%f0%9d%98%86%f0%9d%97%ae%f0%9d%97%b4%f0%9d%97%b2-%f0%9d%97%a6%f0%9d%97%b2%f0%9d%97%bb%f0%9d%97%b6%f0%9d%97%bc%f0%9d%97%bf%f0%9d%98%80\/#primaryimage"},"thumbnailUrl":"https:\/\/vosgesinfo.fr\/app\/uploads\/sites\/6\/2025\/03\/voyage-seniors-20251-scaled.jpg","keywords":["Fournols","voyage seniors"],"articleSection":["A la une","G\u00e9rardmer","Gerardmer","Tourisme"],"inLanguage":"fr-FR","potentialAction":[{"@type":"CommentAction","name":"Comment","target":["https:\/\/vosgesinfo.fr\/gerardmerinfo\/2025\/04\/inscriptions-au-%f0%9d%97%a9%f0%9d%97%bc%f0%9d%98%86%f0%9d%97%ae%f0%9d%97%b4%f0%9d%97%b2-%f0%9d%97%a6%f0%9d%97%b2%f0%9d%97%bb%f0%9d%97%b6%f0%9d%97%bc%f0%9d%97%bf%f0%9d%98%80\/#respond"]}]},{"@type":"WebPage","@id":"https:\/\/vosgesinfo.fr\/gerardmerinfo\/2025\/04\/inscriptions-au-%f0%9d%97%a9%f0%9d%97%bc%f0%9d%98%86%f0%9d%97%ae%f0%9d%97%b4%f0%9d%97%b2-%f0%9d%97%a6%f0%9d%97%b2%f0%9d%97%bb%f0%9d%97%b6%f0%9d%97%bc%f0%9d%97%bf%f0%9d%98%80\/","url":"https:\/\/vosgesinfo.fr\/gerardmerinfo\/2025\/04\/inscriptions-au-%f0%9d%97%a9%f0%9d%97%bc%f0%9d%98%86%f0%9d%97%ae%f0%9d%97%b4%f0%9d%97%b2-%f0%9d%97%a6%f0%9d%97%b2%f0%9d%97%bb%f0%9d%97%b6%f0%9d%97%bc%f0%9d%97%bf%f0%9d%98%80\/","name":"Inscriptions au \ud835\udde9\ud835\uddfc\ud835\ude06\ud835\uddee\ud835\uddf4\ud835\uddf2 \ud835\udde6\ud835\uddf2\u0301\ud835\uddfb\ud835\uddf6\ud835\uddfc\ud835\uddff\ud835\ude00 - Gerardmer Info","isPartOf":{"@id":"https:\/\/vosgesinfo.fr\/gerardmerinfo\/#website"},"primaryImageOfPage":{"@id":"https:\/\/vosgesinfo.fr\/gerardmerinfo\/2025\/04\/inscriptions-au-%f0%9d%97%a9%f0%9d%97%bc%f0%9d%98%86%f0%9d%97%ae%f0%9d%97%b4%f0%9d%97%b2-%f0%9d%97%a6%f0%9d%97%b2%f0%9d%97%bb%f0%9d%97%b6%f0%9d%97%bc%f0%9d%97%bf%f0%9d%98%80\/#primaryimage"},"image":{"@id":"https:\/\/vosgesinfo.fr\/gerardmerinfo\/2025\/04\/inscriptions-au-%f0%9d%97%a9%f0%9d%97%bc%f0%9d%98%86%f0%9d%97%ae%f0%9d%97%b4%f0%9d%97%b2-%f0%9d%97%a6%f0%9d%97%b2%f0%9d%97%bb%f0%9d%97%b6%f0%9d%97%bc%f0%9d%97%bf%f0%9d%98%80\/#primaryimage"},"thumbnailUrl":"https:\/\/vosgesinfo.fr\/app\/uploads\/sites\/6\/2025\/03\/voyage-seniors-20251-scaled.jpg","datePublished":"2025-04-23T03:55:22+00:00","dateModified":"2025-04-22T17:43:52+00:00","breadcrumb":{"@id":"https:\/\/vosgesinfo.fr\/gerardmerinfo\/2025\/04\/inscriptions-au-%f0%9d%97%a9%f0%9d%97%bc%f0%9d%98%86%f0%9d%97%ae%f0%9d%97%b4%f0%9d%97%b2-%f0%9d%97%a6%f0%9d%97%b2%f0%9d%97%bb%f0%9d%97%b6%f0%9d%97%bc%f0%9d%97%bf%f0%9d%98%80\/#breadcrumb"},"inLanguage":"fr-FR","potentialAction":[{"@type":"ReadAction","target":["https:\/\/vosgesinfo.fr\/gerardmerinfo\/2025\/04\/inscriptions-au-%f0%9d%97%a9%f0%9d%97%bc%f0%9d%98%86%f0%9d%97%ae%f0%9d%97%b4%f0%9d%97%b2-%f0%9d%97%a6%f0%9d%97%b2%f0%9d%97%bb%f0%9d%97%b6%f0%9d%97%bc%f0%9d%97%bf%f0%9d%98%80\/"]}]},{"@type":"ImageObject","inLanguage":"fr-FR","@id":"https:\/\/vosgesinfo.fr\/gerardmerinfo\/2025\/04\/inscriptions-au-%f0%9d%97%a9%f0%9d%97%bc%f0%9d%98%86%f0%9d%97%ae%f0%9d%97%b4%f0%9d%97%b2-%f0%9d%97%a6%f0%9d%97%b2%f0%9d%97%bb%f0%9d%97%b6%f0%9d%97%bc%f0%9d%97%bf%f0%9d%98%80\/#primaryimage","url":"https:\/\/vosgesinfo.fr\/app\/uploads\/sites\/6\/2025\/03\/voyage-seniors-20251-scaled.jpg","contentUrl":"https:\/\/vosgesinfo.fr\/app\/uploads\/sites\/6\/2025\/03\/voyage-seniors-20251-scaled.jpg","width":1810,"height":2560},{"@type":"BreadcrumbList","@id":"https:\/\/vosgesinfo.fr\/gerardmerinfo\/2025\/04\/inscriptions-au-%f0%9d%97%a9%f0%9d%97%bc%f0%9d%98%86%f0%9d%97%ae%f0%9d%97%b4%f0%9d%97%b2-%f0%9d%97%a6%f0%9d%97%b2%f0%9d%97%bb%f0%9d%97%b6%f0%9d%97%bc%f0%9d%97%bf%f0%9d%98%80\/#breadcrumb","itemListElement":[{"@type":"ListItem","position":1,"name":"Home","item":"https:\/\/vosgesinfo.fr\/gerardmerinfo\/"},{"@type":"ListItem","position":2,"name":"Inscriptions au \ud835\udde9\ud835\uddfc\ud835\ude06\ud835\uddee\ud835\uddf4\ud835\uddf2 \ud835\udde6\ud835\uddf2\u0301\ud835\uddfb\ud835\uddf6\ud835\uddfc\ud835\uddff\ud835\ude00"}]},{"@type":"WebSite","@id":"https:\/\/vosgesinfo.fr\/gerardmerinfo\/#website","url":"https:\/\/vosgesinfo.fr\/gerardmerinfo\/","name":"Gerardmer Info","description":"Toute l&#039;actualit\u00e9 de G\u00e9rardmer","publisher":{"@id":"https:\/\/vosgesinfo.fr\/gerardmerinfo\/#organization"},"alternateName":"Toute l'actualit\u00e9 de G\u00e9rardmer","potentialAction":[{"@type":"SearchAction","target":{"@type":"EntryPoint","urlTemplate":"https:\/\/vosgesinfo.fr\/gerardmerinfo\/?s={search_term_string}"},"query-input":"required name=search_term_string"}],"inLanguage":"fr-FR"},{"@type":"Organization","@id":"https:\/\/vosgesinfo.fr\/gerardmerinfo\/#organization","name":"Gerardmer Info","url":"https:\/\/vosgesinfo.fr\/gerardmerinfo\/","logo":{"@type":"ImageObject","inLanguage":"fr-FR","@id":"https:\/\/vosgesinfo.fr\/gerardmerinfo\/#\/schema\/logo\/image\/","url":"https:\/\/vosgesinfo.fr\/app\/uploads\/sites\/6\/2023\/08\/favicon-gerardmerinfo.png","contentUrl":"https:\/\/vosgesinfo.fr\/app\/uploads\/sites\/6\/2023\/08\/favicon-gerardmerinfo.png","width":512,"height":512,"caption":"Gerardmer Info"},"image":{"@id":"https:\/\/vosgesinfo.fr\/gerardmerinfo\/#\/schema\/logo\/image\/"},"sameAs":["https:\/\/www.facebook.com\/profile.php?id=100049475262660","https:\/\/x.com\/VosgesInfo88","https:\/\/www.youtube.com\/@vosgesinfo"]},{"@type":"Person","@id":"https:\/\/vosgesinfo.fr\/gerardmerinfo\/#\/schema\/person\/27a3695b06db98895b354c0765cdfc31","name":"La redaction","image":{"@type":"ImageObject","inLanguage":"fr-FR","@id":"https:\/\/vosgesinfo.fr\/gerardmerinfo\/#\/schema\/person\/image\/","url":"https:\/\/secure.gravatar.com\/avatar\/64c76a78e501cedee55736f43f332df901e1896ae9cd8fad269ae2236dd0e8b6?s=96&d=mm&r=g","contentUrl":"https:\/\/secure.gravatar.com\/avatar\/64c76a78e501cedee55736f43f332df901e1896ae9cd8fad269ae2236dd0e8b6?s=96&d=mm&r=g","caption":"La redaction"},"url":"https:\/\/vosgesinfo.fr\/gerardmerinfo\/author\/la-redaction\/"}]}},"_links":{"self":[{"href":"https:\/\/vosgesinfo.fr\/gerardmerinfo\/wp-json\/wp\/v2\/posts\/77167","targetHints":{"allow":["GET"]}}],"collection":[{"href":"https:\/\/vosgesinfo.fr\/gerardmerinfo\/wp-json\/wp\/v2\/posts"}],"about":[{"href":"https:\/\/vosgesinfo.fr\/gerardmerinfo\/wp-json\/wp\/v2\/types\/post"}],"author":[{"embeddable":true,"href":"https:\/\/vosgesinfo.fr\/gerardmerinfo\/wp-json\/wp\/v2\/users\/391"}],"replies":[{"embeddable":true,"href":"https:\/\/vosgesinfo.fr\/gerardmerinfo\/wp-json\/wp\/v2\/comments?post=77167"}],"version-history":[{"count":1,"href":"https:\/\/vosgesinfo.fr\/gerardmerinfo\/wp-json\/wp\/v2\/posts\/77167\/revisions"}],"predecessor-version":[{"id":77168,"href":"https:\/\/vosgesinfo.fr\/gerardmerinfo\/wp-json\/wp\/v2\/posts\/77167\/revisions\/77168"}],"wp:featuredmedia":[{"embeddable":true,"href":"https:\/\/vosgesinfo.fr\/gerardmerinfo\/wp-json\/wp\/v2\/media\/76225"}],"wp:attachment":[{"href":"https:\/\/vosgesinfo.fr\/gerardmerinfo\/wp-json\/wp\/v2\/media?parent=77167"}],"wp:term":[{"taxonomy":"category","embeddable":true,"href":"https:\/\/vosgesinfo.fr\/gerardmerinfo\/wp-json\/wp\/v2\/categories?post=77167"},{"taxonomy":"post_tag","embeddable":true,"href":"https:\/\/vosgesinfo.fr\/gerardmerinfo\/wp-json\/wp\/v2\/tags?post=77167"}],"curies":[{"name":"wp","href":"https:\/\/api.w.org\/{rel}","templated":true}]}}