{"id":77270,"date":"2025-04-27T05:58:41","date_gmt":"2025-04-27T03:58:41","guid":{"rendered":"https:\/\/vosgesinfo.fr\/gerardmerinfo\/?p=77270"},"modified":"2025-04-26T08:43:02","modified_gmt":"2025-04-26T06:43:02","slug":"les-donneurs-de-sang-benevoles-a-lheure-du-bilan","status":"publish","type":"post","link":"https:\/\/vosgesinfo.fr\/gerardmerinfo\/2025\/04\/les-donneurs-de-sang-benevoles-a-lheure-du-bilan\/","title":{"rendered":"Les Donneurs de Sang B\u00e9n\u00e9voles \u00e0 l&rsquo;heure du bilan"},"content":{"rendered":"<div data-olk-copy-source=\"MessageBody\"><a href=\"https:\/\/vosgesinfo.fr\/app\/uploads\/sites\/6\/2025\/04\/ag-donneurs-de-sang-2.jpg\"><img decoding=\"async\" class=\"aligncenter size-large wp-image-77272\" src=\"https:\/\/vosgesinfo.fr\/app\/uploads\/sites\/6\/2025\/04\/ag-donneurs-de-sang-2-1024x768.jpg\" alt=\"\" width=\"1024\" height=\"768\" srcset=\"https:\/\/vosgesinfo.fr\/app\/uploads\/sites\/6\/2025\/04\/ag-donneurs-de-sang-2-1024x768.jpg 1024w, https:\/\/vosgesinfo.fr\/app\/uploads\/sites\/6\/2025\/04\/ag-donneurs-de-sang-2-300x225.jpg 300w, https:\/\/vosgesinfo.fr\/app\/uploads\/sites\/6\/2025\/04\/ag-donneurs-de-sang-2-768x576.jpg 768w, https:\/\/vosgesinfo.fr\/app\/uploads\/sites\/6\/2025\/04\/ag-donneurs-de-sang-2-1536x1152.jpg 1536w, https:\/\/vosgesinfo.fr\/app\/uploads\/sites\/6\/2025\/04\/ag-donneurs-de-sang-2.jpg 2048w\" sizes=\"(max-width: 1024px) 100vw, 1024px\" \/><\/a><\/div>\n<div data-olk-copy-source=\"MessageBody\"><\/div>\n<div data-olk-copy-source=\"MessageBody\"><strong>Vendredi soir avait lieu l&rsquo;assembl\u00e9e g\u00e9n\u00e9rale de l&rsquo;amicale des donneurs de sang b\u00e9n\u00e9voles de G\u00e9rardmer\/Xonrupt-Longemer. Une r\u00e9union qui s&rsquo;est d\u00e9roul\u00e9e \u00e0 la salle des Armes en pr\u00e9sence du maire de G\u00e9rardmer et de la conseill\u00e8re d\u00e9partementale \u00c9lisabeth Klipfel.\u00a0<\/strong><\/div>\n<div dir=\"auto\"><\/div>\n<div dir=\"auto\"><a href=\"https:\/\/vosgesinfo.fr\/app\/uploads\/sites\/6\/2025\/04\/ag-donneurs-de-sang-1.jpg\"><img decoding=\"async\" class=\"alignright size-medium wp-image-77271\" src=\"https:\/\/vosgesinfo.fr\/app\/uploads\/sites\/6\/2025\/04\/ag-donneurs-de-sang-1-300x225.jpg\" alt=\"\" width=\"300\" height=\"225\" srcset=\"https:\/\/vosgesinfo.fr\/app\/uploads\/sites\/6\/2025\/04\/ag-donneurs-de-sang-1-300x225.jpg 300w, https:\/\/vosgesinfo.fr\/app\/uploads\/sites\/6\/2025\/04\/ag-donneurs-de-sang-1-1024x768.jpg 1024w, https:\/\/vosgesinfo.fr\/app\/uploads\/sites\/6\/2025\/04\/ag-donneurs-de-sang-1-768x576.jpg 768w, https:\/\/vosgesinfo.fr\/app\/uploads\/sites\/6\/2025\/04\/ag-donneurs-de-sang-1-1536x1152.jpg 1536w, https:\/\/vosgesinfo.fr\/app\/uploads\/sites\/6\/2025\/04\/ag-donneurs-de-sang-1.jpg 2048w\" sizes=\"(max-width: 300px) 100vw, 300px\" \/><\/a>Comme l&rsquo;a d\u00e9clar\u00e9 l&rsquo;actuelle pr\u00e9sidente de l&rsquo;amicale Lise Rolin, 2024 aura vu une l\u00e9g\u00e8re baisse des dons, suivant ainsi la tendance nationale. Pour autant, les donneurs de sang b\u00e9n\u00e9voles du secteur entendent bien continuer \u00e0 se faire conna\u00eetre et \u00e0 promouvoir la n\u00e9cessit\u00e9 du don de sang. En toute logique, l&rsquo;organisation de collectes restera une priorit\u00e9 cette ann\u00e9e, tout comme le recrutement de nouveaux b\u00e9n\u00e9voles. Ainsi, l&rsquo;amicale continuera \u00e0 \u00eatre pr\u00e9sente sur diverses manifestations locales, comme le Trail de la Vall\u00e9e des Lacs prochainement, ou encore la f\u00eate des associations ger\u00f4moises.<\/div>\n<div dir=\"auto\">Une collecte sp\u00e9ciale est d\u00e9j\u00e0 programm\u00e9e le 15 juin prochain \u00e0 l&rsquo;espace Tilleul dans le cadre de la Journ\u00e9e Mondiale du Sang et l&rsquo;habituelle collecte en collaboration avec le Rotary sera quant \u00e0 elle programm\u00e9e en 2026. Pour les autres rendez-vous, suivez l&rsquo;actualit\u00e9 de l&rsquo;amicale.<\/div>\n<div><\/div>\n","protected":false},"excerpt":{"rendered":"<p>Vendredi soir avait lieu l&rsquo;assembl\u00e9e g\u00e9n\u00e9rale de l&rsquo;amicale des donneurs de sang b\u00e9n\u00e9voles de G\u00e9rardmer\/Xonrupt-Longemer. Une r\u00e9union qui s&rsquo;est d\u00e9roul\u00e9e [&hellip;]<\/p>\n","protected":false},"author":42,"featured_media":77272,"comment_status":"open","ping_status":"open","sticky":false,"template":"","format":"standard","meta":{"footnotes":""},"categories":[20,5647,12,17],"tags":[77],"class_list":["post-77270","post","type-post","status-publish","format-standard","has-post-thumbnail","hentry","category-a-la-une","category-gerardmer-autres-sites","category-sante","category-vie-associative","tag-amicale-des-donneurs-de-sang-benevoles"],"acf":[],"yoast_head":"<!-- This site is optimized with the Yoast SEO plugin v22.5 - https:\/\/yoast.com\/wordpress\/plugins\/seo\/ -->\n<title>Les Donneurs de Sang B\u00e9n\u00e9voles \u00e0 l&#039;heure du bilan - Gerardmer Info<\/title>\n<meta name=\"robots\" content=\"index, follow, max-snippet:-1, max-image-preview:large, max-video-preview:-1\" \/>\n<link rel=\"canonical\" href=\"https:\/\/vosgesinfo.fr\/gerardmerinfo\/2025\/04\/les-donneurs-de-sang-benevoles-a-lheure-du-bilan\/\" \/>\n<meta name=\"twitter:card\" content=\"summary_large_image\" \/>\n<meta name=\"twitter:title\" content=\"Les Donneurs de Sang B\u00e9n\u00e9voles \u00e0 l&#039;heure du bilan - Gerardmer Info\" \/>\n<meta name=\"twitter:description\" content=\"Vendredi soir avait lieu l&rsquo;assembl\u00e9e g\u00e9n\u00e9rale de l&rsquo;amicale des donneurs de sang b\u00e9n\u00e9voles de G\u00e9rardmer\/Xonrupt-Longemer. Une r\u00e9union qui s&rsquo;est d\u00e9roul\u00e9e [&hellip;]\" \/>\n<meta name=\"twitter:image\" content=\"https:\/\/vosgesinfo.fr\/app\/uploads\/sites\/6\/2025\/04\/ag-donneurs-de-sang-2.jpg\" \/>\n<meta name=\"twitter:creator\" content=\"@VosgesInfo88\" \/>\n<meta name=\"twitter:site\" content=\"@VosgesInfo88\" \/>\n<meta name=\"twitter:label1\" content=\"\u00c9crit par\" \/>\n\t<meta name=\"twitter:data1\" content=\"QG\" \/>\n\t<meta name=\"twitter:label2\" content=\"Dur\u00e9e de lecture estim\u00e9e\" \/>\n\t<meta name=\"twitter:data2\" content=\"1 minute\" \/>\n<script type=\"application\/ld+json\" class=\"yoast-schema-graph\">{\"@context\":\"https:\/\/schema.org\",\"@graph\":[{\"@type\":\"Article\",\"@id\":\"https:\/\/vosgesinfo.fr\/gerardmerinfo\/2025\/04\/les-donneurs-de-sang-benevoles-a-lheure-du-bilan\/#article\",\"isPartOf\":{\"@id\":\"https:\/\/vosgesinfo.fr\/gerardmerinfo\/2025\/04\/les-donneurs-de-sang-benevoles-a-lheure-du-bilan\/\"},\"author\":{\"name\":\"QG\",\"@id\":\"https:\/\/vosgesinfo.fr\/gerardmerinfo\/#\/schema\/person\/db5605779a843dad16b5368f3e7613a5\"},\"headline\":\"Les Donneurs de Sang B\u00e9n\u00e9voles \u00e0 l&rsquo;heure du bilan\",\"datePublished\":\"2025-04-27T03:58:41+00:00\",\"dateModified\":\"2025-04-26T06:43:02+00:00\",\"mainEntityOfPage\":{\"@id\":\"https:\/\/vosgesinfo.fr\/gerardmerinfo\/2025\/04\/les-donneurs-de-sang-benevoles-a-lheure-du-bilan\/\"},\"wordCount\":222,\"commentCount\":0,\"publisher\":{\"@id\":\"https:\/\/vosgesinfo.fr\/gerardmerinfo\/#organization\"},\"image\":{\"@id\":\"https:\/\/vosgesinfo.fr\/gerardmerinfo\/2025\/04\/les-donneurs-de-sang-benevoles-a-lheure-du-bilan\/#primaryimage\"},\"thumbnailUrl\":\"https:\/\/vosgesinfo.fr\/app\/uploads\/sites\/6\/2025\/04\/ag-donneurs-de-sang-2.jpg\",\"keywords\":[\"amicale des donneurs de sang b\u00e9n\u00e9voles\"],\"articleSection\":[\"A la une\",\"Gerardmer\",\"Sant\u00e9\",\"Vie Associative\"],\"inLanguage\":\"fr-FR\",\"potentialAction\":[{\"@type\":\"CommentAction\",\"name\":\"Comment\",\"target\":[\"https:\/\/vosgesinfo.fr\/gerardmerinfo\/2025\/04\/les-donneurs-de-sang-benevoles-a-lheure-du-bilan\/#respond\"]}]},{\"@type\":\"WebPage\",\"@id\":\"https:\/\/vosgesinfo.fr\/gerardmerinfo\/2025\/04\/les-donneurs-de-sang-benevoles-a-lheure-du-bilan\/\",\"url\":\"https:\/\/vosgesinfo.fr\/gerardmerinfo\/2025\/04\/les-donneurs-de-sang-benevoles-a-lheure-du-bilan\/\",\"name\":\"Les Donneurs de Sang B\u00e9n\u00e9voles \u00e0 l'heure du bilan - Gerardmer Info\",\"isPartOf\":{\"@id\":\"https:\/\/vosgesinfo.fr\/gerardmerinfo\/#website\"},\"primaryImageOfPage\":{\"@id\":\"https:\/\/vosgesinfo.fr\/gerardmerinfo\/2025\/04\/les-donneurs-de-sang-benevoles-a-lheure-du-bilan\/#primaryimage\"},\"image\":{\"@id\":\"https:\/\/vosgesinfo.fr\/gerardmerinfo\/2025\/04\/les-donneurs-de-sang-benevoles-a-lheure-du-bilan\/#primaryimage\"},\"thumbnailUrl\":\"https:\/\/vosgesinfo.fr\/app\/uploads\/sites\/6\/2025\/04\/ag-donneurs-de-sang-2.jpg\",\"datePublished\":\"2025-04-27T03:58:41+00:00\",\"dateModified\":\"2025-04-26T06:43:02+00:00\",\"breadcrumb\":{\"@id\":\"https:\/\/vosgesinfo.fr\/gerardmerinfo\/2025\/04\/les-donneurs-de-sang-benevoles-a-lheure-du-bilan\/#breadcrumb\"},\"inLanguage\":\"fr-FR\",\"potentialAction\":[{\"@type\":\"ReadAction\",\"target\":[\"https:\/\/vosgesinfo.fr\/gerardmerinfo\/2025\/04\/les-donneurs-de-sang-benevoles-a-lheure-du-bilan\/\"]}]},{\"@type\":\"ImageObject\",\"inLanguage\":\"fr-FR\",\"@id\":\"https:\/\/vosgesinfo.fr\/gerardmerinfo\/2025\/04\/les-donneurs-de-sang-benevoles-a-lheure-du-bilan\/#primaryimage\",\"url\":\"https:\/\/vosgesinfo.fr\/app\/uploads\/sites\/6\/2025\/04\/ag-donneurs-de-sang-2.jpg\",\"contentUrl\":\"https:\/\/vosgesinfo.fr\/app\/uploads\/sites\/6\/2025\/04\/ag-donneurs-de-sang-2.jpg\",\"width\":2048,\"height\":1536},{\"@type\":\"BreadcrumbList\",\"@id\":\"https:\/\/vosgesinfo.fr\/gerardmerinfo\/2025\/04\/les-donneurs-de-sang-benevoles-a-lheure-du-bilan\/#breadcrumb\",\"itemListElement\":[{\"@type\":\"ListItem\",\"position\":1,\"name\":\"Home\",\"item\":\"https:\/\/vosgesinfo.fr\/gerardmerinfo\/\"},{\"@type\":\"ListItem\",\"position\":2,\"name\":\"Les Donneurs de Sang B\u00e9n\u00e9voles \u00e0 l&rsquo;heure du bilan\"}]},{\"@type\":\"WebSite\",\"@id\":\"https:\/\/vosgesinfo.fr\/gerardmerinfo\/#website\",\"url\":\"https:\/\/vosgesinfo.fr\/gerardmerinfo\/\",\"name\":\"Gerardmer Info\",\"description\":\"Toute l&#039;actualit\u00e9 de G\u00e9rardmer\",\"publisher\":{\"@id\":\"https:\/\/vosgesinfo.fr\/gerardmerinfo\/#organization\"},\"alternateName\":\"Toute l'actualit\u00e9 de G\u00e9rardmer\",\"potentialAction\":[{\"@type\":\"SearchAction\",\"target\":{\"@type\":\"EntryPoint\",\"urlTemplate\":\"https:\/\/vosgesinfo.fr\/gerardmerinfo\/?s={search_term_string}\"},\"query-input\":\"required name=search_term_string\"}],\"inLanguage\":\"fr-FR\"},{\"@type\":\"Organization\",\"@id\":\"https:\/\/vosgesinfo.fr\/gerardmerinfo\/#organization\",\"name\":\"Gerardmer Info\",\"url\":\"https:\/\/vosgesinfo.fr\/gerardmerinfo\/\",\"logo\":{\"@type\":\"ImageObject\",\"inLanguage\":\"fr-FR\",\"@id\":\"https:\/\/vosgesinfo.fr\/gerardmerinfo\/#\/schema\/logo\/image\/\",\"url\":\"https:\/\/vosgesinfo.fr\/app\/uploads\/sites\/6\/2023\/08\/favicon-gerardmerinfo.png\",\"contentUrl\":\"https:\/\/vosgesinfo.fr\/app\/uploads\/sites\/6\/2023\/08\/favicon-gerardmerinfo.png\",\"width\":512,\"height\":512,\"caption\":\"Gerardmer Info\"},\"image\":{\"@id\":\"https:\/\/vosgesinfo.fr\/gerardmerinfo\/#\/schema\/logo\/image\/\"},\"sameAs\":[\"https:\/\/www.facebook.com\/profile.php?id=100049475262660\",\"https:\/\/x.com\/VosgesInfo88\",\"https:\/\/www.youtube.com\/@vosgesinfo\"]},{\"@type\":\"Person\",\"@id\":\"https:\/\/vosgesinfo.fr\/gerardmerinfo\/#\/schema\/person\/db5605779a843dad16b5368f3e7613a5\",\"name\":\"QG\",\"image\":{\"@type\":\"ImageObject\",\"inLanguage\":\"fr-FR\",\"@id\":\"https:\/\/vosgesinfo.fr\/gerardmerinfo\/#\/schema\/person\/image\/\",\"url\":\"https:\/\/secure.gravatar.com\/avatar\/ea80c42c204b534408512832fde52504ecabb9706bcb6151cf6175e5b64e6793?s=96&d=mm&r=g\",\"contentUrl\":\"https:\/\/secure.gravatar.com\/avatar\/ea80c42c204b534408512832fde52504ecabb9706bcb6151cf6175e5b64e6793?s=96&d=mm&r=g\",\"caption\":\"QG\"},\"url\":\"https:\/\/vosgesinfo.fr\/gerardmerinfo\/author\/quentin88\/\"}]}<\/script>\n<!-- \/ Yoast SEO plugin. -->","yoast_head_json":{"title":"Les Donneurs de Sang B\u00e9n\u00e9voles \u00e0 l'heure du bilan - Gerardmer Info","robots":{"index":"index","follow":"follow","max-snippet":"max-snippet:-1","max-image-preview":"max-image-preview:large","max-video-preview":"max-video-preview:-1"},"canonical":"https:\/\/vosgesinfo.fr\/gerardmerinfo\/2025\/04\/les-donneurs-de-sang-benevoles-a-lheure-du-bilan\/","twitter_card":"summary_large_image","twitter_title":"Les Donneurs de Sang B\u00e9n\u00e9voles \u00e0 l'heure du bilan - Gerardmer Info","twitter_description":"Vendredi soir avait lieu l&rsquo;assembl\u00e9e g\u00e9n\u00e9rale de l&rsquo;amicale des donneurs de sang b\u00e9n\u00e9voles de G\u00e9rardmer\/Xonrupt-Longemer. Une r\u00e9union qui s&rsquo;est d\u00e9roul\u00e9e [&hellip;]","twitter_image":"https:\/\/vosgesinfo.fr\/app\/uploads\/sites\/6\/2025\/04\/ag-donneurs-de-sang-2.jpg","twitter_creator":"@VosgesInfo88","twitter_site":"@VosgesInfo88","twitter_misc":{"\u00c9crit par":"QG","Dur\u00e9e de lecture estim\u00e9e":"1 minute"},"schema":{"@context":"https:\/\/schema.org","@graph":[{"@type":"Article","@id":"https:\/\/vosgesinfo.fr\/gerardmerinfo\/2025\/04\/les-donneurs-de-sang-benevoles-a-lheure-du-bilan\/#article","isPartOf":{"@id":"https:\/\/vosgesinfo.fr\/gerardmerinfo\/2025\/04\/les-donneurs-de-sang-benevoles-a-lheure-du-bilan\/"},"author":{"name":"QG","@id":"https:\/\/vosgesinfo.fr\/gerardmerinfo\/#\/schema\/person\/db5605779a843dad16b5368f3e7613a5"},"headline":"Les Donneurs de Sang B\u00e9n\u00e9voles \u00e0 l&rsquo;heure du bilan","datePublished":"2025-04-27T03:58:41+00:00","dateModified":"2025-04-26T06:43:02+00:00","mainEntityOfPage":{"@id":"https:\/\/vosgesinfo.fr\/gerardmerinfo\/2025\/04\/les-donneurs-de-sang-benevoles-a-lheure-du-bilan\/"},"wordCount":222,"commentCount":0,"publisher":{"@id":"https:\/\/vosgesinfo.fr\/gerardmerinfo\/#organization"},"image":{"@id":"https:\/\/vosgesinfo.fr\/gerardmerinfo\/2025\/04\/les-donneurs-de-sang-benevoles-a-lheure-du-bilan\/#primaryimage"},"thumbnailUrl":"https:\/\/vosgesinfo.fr\/app\/uploads\/sites\/6\/2025\/04\/ag-donneurs-de-sang-2.jpg","keywords":["amicale des donneurs de sang b\u00e9n\u00e9voles"],"articleSection":["A la une","Gerardmer","Sant\u00e9","Vie Associative"],"inLanguage":"fr-FR","potentialAction":[{"@type":"CommentAction","name":"Comment","target":["https:\/\/vosgesinfo.fr\/gerardmerinfo\/2025\/04\/les-donneurs-de-sang-benevoles-a-lheure-du-bilan\/#respond"]}]},{"@type":"WebPage","@id":"https:\/\/vosgesinfo.fr\/gerardmerinfo\/2025\/04\/les-donneurs-de-sang-benevoles-a-lheure-du-bilan\/","url":"https:\/\/vosgesinfo.fr\/gerardmerinfo\/2025\/04\/les-donneurs-de-sang-benevoles-a-lheure-du-bilan\/","name":"Les Donneurs de Sang B\u00e9n\u00e9voles \u00e0 l'heure du bilan - Gerardmer Info","isPartOf":{"@id":"https:\/\/vosgesinfo.fr\/gerardmerinfo\/#website"},"primaryImageOfPage":{"@id":"https:\/\/vosgesinfo.fr\/gerardmerinfo\/2025\/04\/les-donneurs-de-sang-benevoles-a-lheure-du-bilan\/#primaryimage"},"image":{"@id":"https:\/\/vosgesinfo.fr\/gerardmerinfo\/2025\/04\/les-donneurs-de-sang-benevoles-a-lheure-du-bilan\/#primaryimage"},"thumbnailUrl":"https:\/\/vosgesinfo.fr\/app\/uploads\/sites\/6\/2025\/04\/ag-donneurs-de-sang-2.jpg","datePublished":"2025-04-27T03:58:41+00:00","dateModified":"2025-04-26T06:43:02+00:00","breadcrumb":{"@id":"https:\/\/vosgesinfo.fr\/gerardmerinfo\/2025\/04\/les-donneurs-de-sang-benevoles-a-lheure-du-bilan\/#breadcrumb"},"inLanguage":"fr-FR","potentialAction":[{"@type":"ReadAction","target":["https:\/\/vosgesinfo.fr\/gerardmerinfo\/2025\/04\/les-donneurs-de-sang-benevoles-a-lheure-du-bilan\/"]}]},{"@type":"ImageObject","inLanguage":"fr-FR","@id":"https:\/\/vosgesinfo.fr\/gerardmerinfo\/2025\/04\/les-donneurs-de-sang-benevoles-a-lheure-du-bilan\/#primaryimage","url":"https:\/\/vosgesinfo.fr\/app\/uploads\/sites\/6\/2025\/04\/ag-donneurs-de-sang-2.jpg","contentUrl":"https:\/\/vosgesinfo.fr\/app\/uploads\/sites\/6\/2025\/04\/ag-donneurs-de-sang-2.jpg","width":2048,"height":1536},{"@type":"BreadcrumbList","@id":"https:\/\/vosgesinfo.fr\/gerardmerinfo\/2025\/04\/les-donneurs-de-sang-benevoles-a-lheure-du-bilan\/#breadcrumb","itemListElement":[{"@type":"ListItem","position":1,"name":"Home","item":"https:\/\/vosgesinfo.fr\/gerardmerinfo\/"},{"@type":"ListItem","position":2,"name":"Les Donneurs de Sang B\u00e9n\u00e9voles \u00e0 l&rsquo;heure du bilan"}]},{"@type":"WebSite","@id":"https:\/\/vosgesinfo.fr\/gerardmerinfo\/#website","url":"https:\/\/vosgesinfo.fr\/gerardmerinfo\/","name":"Gerardmer Info","description":"Toute l&#039;actualit\u00e9 de G\u00e9rardmer","publisher":{"@id":"https:\/\/vosgesinfo.fr\/gerardmerinfo\/#organization"},"alternateName":"Toute l'actualit\u00e9 de G\u00e9rardmer","potentialAction":[{"@type":"SearchAction","target":{"@type":"EntryPoint","urlTemplate":"https:\/\/vosgesinfo.fr\/gerardmerinfo\/?s={search_term_string}"},"query-input":"required name=search_term_string"}],"inLanguage":"fr-FR"},{"@type":"Organization","@id":"https:\/\/vosgesinfo.fr\/gerardmerinfo\/#organization","name":"Gerardmer Info","url":"https:\/\/vosgesinfo.fr\/gerardmerinfo\/","logo":{"@type":"ImageObject","inLanguage":"fr-FR","@id":"https:\/\/vosgesinfo.fr\/gerardmerinfo\/#\/schema\/logo\/image\/","url":"https:\/\/vosgesinfo.fr\/app\/uploads\/sites\/6\/2023\/08\/favicon-gerardmerinfo.png","contentUrl":"https:\/\/vosgesinfo.fr\/app\/uploads\/sites\/6\/2023\/08\/favicon-gerardmerinfo.png","width":512,"height":512,"caption":"Gerardmer Info"},"image":{"@id":"https:\/\/vosgesinfo.fr\/gerardmerinfo\/#\/schema\/logo\/image\/"},"sameAs":["https:\/\/www.facebook.com\/profile.php?id=100049475262660","https:\/\/x.com\/VosgesInfo88","https:\/\/www.youtube.com\/@vosgesinfo"]},{"@type":"Person","@id":"https:\/\/vosgesinfo.fr\/gerardmerinfo\/#\/schema\/person\/db5605779a843dad16b5368f3e7613a5","name":"QG","image":{"@type":"ImageObject","inLanguage":"fr-FR","@id":"https:\/\/vosgesinfo.fr\/gerardmerinfo\/#\/schema\/person\/image\/","url":"https:\/\/secure.gravatar.com\/avatar\/ea80c42c204b534408512832fde52504ecabb9706bcb6151cf6175e5b64e6793?s=96&d=mm&r=g","contentUrl":"https:\/\/secure.gravatar.com\/avatar\/ea80c42c204b534408512832fde52504ecabb9706bcb6151cf6175e5b64e6793?s=96&d=mm&r=g","caption":"QG"},"url":"https:\/\/vosgesinfo.fr\/gerardmerinfo\/author\/quentin88\/"}]}},"_links":{"self":[{"href":"https:\/\/vosgesinfo.fr\/gerardmerinfo\/wp-json\/wp\/v2\/posts\/77270","targetHints":{"allow":["GET"]}}],"collection":[{"href":"https:\/\/vosgesinfo.fr\/gerardmerinfo\/wp-json\/wp\/v2\/posts"}],"about":[{"href":"https:\/\/vosgesinfo.fr\/gerardmerinfo\/wp-json\/wp\/v2\/types\/post"}],"author":[{"embeddable":true,"href":"https:\/\/vosgesinfo.fr\/gerardmerinfo\/wp-json\/wp\/v2\/users\/42"}],"replies":[{"embeddable":true,"href":"https:\/\/vosgesinfo.fr\/gerardmerinfo\/wp-json\/wp\/v2\/comments?post=77270"}],"version-history":[{"count":2,"href":"https:\/\/vosgesinfo.fr\/gerardmerinfo\/wp-json\/wp\/v2\/posts\/77270\/revisions"}],"predecessor-version":[{"id":77274,"href":"https:\/\/vosgesinfo.fr\/gerardmerinfo\/wp-json\/wp\/v2\/posts\/77270\/revisions\/77274"}],"wp:featuredmedia":[{"embeddable":true,"href":"https:\/\/vosgesinfo.fr\/gerardmerinfo\/wp-json\/wp\/v2\/media\/77272"}],"wp:attachment":[{"href":"https:\/\/vosgesinfo.fr\/gerardmerinfo\/wp-json\/wp\/v2\/media?parent=77270"}],"wp:term":[{"taxonomy":"category","embeddable":true,"href":"https:\/\/vosgesinfo.fr\/gerardmerinfo\/wp-json\/wp\/v2\/categories?post=77270"},{"taxonomy":"post_tag","embeddable":true,"href":"https:\/\/vosgesinfo.fr\/gerardmerinfo\/wp-json\/wp\/v2\/tags?post=77270"}],"curies":[{"name":"wp","href":"https:\/\/api.w.org\/{rel}","templated":true}]}}