{"id":77279,"date":"2025-04-27T05:58:34","date_gmt":"2025-04-27T03:58:34","guid":{"rendered":"https:\/\/vosgesinfo.fr\/gerardmerinfo\/?p=77279"},"modified":"2025-04-26T10:58:19","modified_gmt":"2025-04-26T08:58:19","slug":"avenir-de-la-montagne-vosgienne-grand-remue-meninges-a-gerardmer","status":"publish","type":"post","link":"https:\/\/vosgesinfo.fr\/gerardmerinfo\/2025\/04\/avenir-de-la-montagne-vosgienne-grand-remue-meninges-a-gerardmer\/","title":{"rendered":"Avenir de la montagne vosgienne : grand remue-m\u00e9ninges \u00e0 G\u00e9rardmer"},"content":{"rendered":"<div id=\"attachment_77281\" style=\"width: 1034px\" class=\"wp-caption aligncenter\"><a href=\"https:\/\/vosgesinfo.fr\/app\/uploads\/sites\/6\/2025\/04\/accompagnateurs-montagnes-2.jpg\"><img decoding=\"async\" aria-describedby=\"caption-attachment-77281\" class=\"size-large wp-image-77281\" src=\"https:\/\/vosgesinfo.fr\/app\/uploads\/sites\/6\/2025\/04\/accompagnateurs-montagnes-2-1024x768.jpg\" alt=\"\" width=\"1024\" height=\"768\" srcset=\"https:\/\/vosgesinfo.fr\/app\/uploads\/sites\/6\/2025\/04\/accompagnateurs-montagnes-2-1024x768.jpg 1024w, https:\/\/vosgesinfo.fr\/app\/uploads\/sites\/6\/2025\/04\/accompagnateurs-montagnes-2-300x225.jpg 300w, https:\/\/vosgesinfo.fr\/app\/uploads\/sites\/6\/2025\/04\/accompagnateurs-montagnes-2-768x576.jpg 768w, https:\/\/vosgesinfo.fr\/app\/uploads\/sites\/6\/2025\/04\/accompagnateurs-montagnes-2-1536x1152.jpg 1536w, https:\/\/vosgesinfo.fr\/app\/uploads\/sites\/6\/2025\/04\/accompagnateurs-montagnes-2.jpg 2040w\" sizes=\"(max-width: 1024px) 100vw, 1024px\" \/><\/a><p id=\"caption-attachment-77281\" class=\"wp-caption-text\">Pierre Mengin, pr\u00e9sident du syndicat des accompagnateurs des Vosges entour\u00e9 des com\u00e9diens de la troupe <em>Le Chant des Pistes<\/em> .<\/p><\/div>\n<p>&nbsp;<\/p>\n<h3>Vendredi soir, le Syndicat National des Accompagnateurs en Montagne (section Massif des Vosges) organisait une grande soir\u00e9e ouverte \u00e0 tous \u00e0 l\u2019Espace LAC de G\u00e9rardmer. L&rsquo;occasion d&rsquo;entamer une r\u00e9flexion que l&rsquo;avenir de la montagne vosgienne en r\u00e9unissant les nombreux partenaires priv\u00e9s et institutionnels des accompagnateurs et en les invitant \u00e0 \u00e9changer sur le sujet et ses enjeux.<\/h3>\n<p data-pm-slice=\"1 1 []\">\n<div id=\"attachment_77282\" style=\"width: 235px\" class=\"wp-caption alignright\"><a href=\"https:\/\/vosgesinfo.fr\/app\/uploads\/sites\/6\/2025\/04\/accompagnateurs-montagnes-3.jpg\"><img decoding=\"async\" aria-describedby=\"caption-attachment-77282\" class=\"size-medium wp-image-77282\" src=\"https:\/\/vosgesinfo.fr\/app\/uploads\/sites\/6\/2025\/04\/accompagnateurs-montagnes-3-225x300.jpg\" alt=\"\" width=\"225\" height=\"300\" srcset=\"https:\/\/vosgesinfo.fr\/app\/uploads\/sites\/6\/2025\/04\/accompagnateurs-montagnes-3-225x300.jpg 225w, https:\/\/vosgesinfo.fr\/app\/uploads\/sites\/6\/2025\/04\/accompagnateurs-montagnes-3-768x1024.jpg 768w, https:\/\/vosgesinfo.fr\/app\/uploads\/sites\/6\/2025\/04\/accompagnateurs-montagnes-3-1152x1536.jpg 1152w, https:\/\/vosgesinfo.fr\/app\/uploads\/sites\/6\/2025\/04\/accompagnateurs-montagnes-3.jpg 1530w\" sizes=\"(max-width: 225px) 100vw, 225px\" \/><\/a><p id=\"caption-attachment-77282\" class=\"wp-caption-text\">La soir\u00e9e a d\u00e9but\u00e9 par une pi\u00e8ce de th\u00e9\u00e2tre.<\/p><\/div>\n<p data-pm-slice=\"1 1 []\">Une grande soir\u00e9e qui a d\u00e9but\u00e9 par la pi\u00e8ce de th\u00e9\u00e2tre <em>Mort d\u2019une montagne<\/em>, jou\u00e9e par la compagnie <em>Le Chant des Pistes<\/em> qui propose une r\u00e9flexion sensible et percutante sur l\u2019avenir de nos montagnes et des territoires de vall\u00e9es. Une pi\u00e8ce \u00e9crite en 2020-2021 dans les Alpes et pr\u00e9sent\u00e9e \u00e0 G\u00e9rardmer dans sa version \u00e9pur\u00e9e au niveau technique. Un point d&rsquo;amorce id\u00e9al pour lancer le temps d\u2019\u00e9change avec le public et ancrer les enjeux soulev\u00e9s par la pi\u00e8ce dans la r\u00e9alit\u00e9 vosgienne, mais aussi et surtout autour de la transition dans la montagne vosgienne. \u00ab\u00a0Il y a une centaine d&rsquo;accompagnateurs dans le massif, nous avons des id\u00e9es, des arguments, nous sommes r\u00e9silients et nous cherchons en permanence des solutions pour accompagner, voire impulser, ce changement dans le tourisme avec nos partenaires \u00e0 tous les niveaux. Le tourisme dans les Vosges doit \u00e9voluer, c&rsquo;est l&rsquo;un des grands d\u00e9fis\u00a0 : il faut basculer vers un tourisme qui prend en compte le manque de neige, mais avec quelles activit\u00e9s\u00a0 ? Il faut r\u00e9ussir \u00e0 toujours faire venir les vacanciers l&rsquo;hiver, et l&rsquo;\u00e9t\u00e9 \u00e0 promouvoir un tourisme plus responsable, \u00e0 attirer des vacanciers qui ont r\u00e9ellement envie de se d\u00e9placer dans la montagne. Il faut donner du sens \u00e0 tout cela, faire de l&rsquo;\u00e9ducation \u00e0 l&rsquo;\u00e9vasion et travailler avec le tourisme local \u00e9galement, autour des scolaires, du sport-sant\u00e9 et donner encore plus envie aux gens de se d\u00e9placer sur une montagne qui est l\u00e0 et qui est exceptionnelle\u00a0\u00bb, r\u00e9sume Pierre Mengin, pr\u00e9sident du syndicat des accompagnateurs en montagne des Vosges. Il y a donc du pain sur la planche et le salut passera sans doute par une mobilisation collective, car seul on va plus vite, mais ensemble on va plus loin, surtout en montagne\u00a0 !<\/p>\n<p data-pm-slice=\"1 1 []\"><a href=\"https:\/\/vosgesinfo.fr\/app\/uploads\/sites\/6\/2025\/04\/accompagnateurs-montagnes-1.jpg\"><img decoding=\"async\" class=\"aligncenter size-large wp-image-77280\" src=\"https:\/\/vosgesinfo.fr\/app\/uploads\/sites\/6\/2025\/04\/accompagnateurs-montagnes-1-1024x768.jpg\" alt=\"\" width=\"1024\" height=\"768\" srcset=\"https:\/\/vosgesinfo.fr\/app\/uploads\/sites\/6\/2025\/04\/accompagnateurs-montagnes-1-1024x768.jpg 1024w, https:\/\/vosgesinfo.fr\/app\/uploads\/sites\/6\/2025\/04\/accompagnateurs-montagnes-1-300x225.jpg 300w, https:\/\/vosgesinfo.fr\/app\/uploads\/sites\/6\/2025\/04\/accompagnateurs-montagnes-1-768x576.jpg 768w, https:\/\/vosgesinfo.fr\/app\/uploads\/sites\/6\/2025\/04\/accompagnateurs-montagnes-1-1536x1152.jpg 1536w, https:\/\/vosgesinfo.fr\/app\/uploads\/sites\/6\/2025\/04\/accompagnateurs-montagnes-1.jpg 2048w\" sizes=\"(max-width: 1024px) 100vw, 1024px\" \/><\/a><\/p>\n","protected":false},"excerpt":{"rendered":"<p>&nbsp; Vendredi soir, le Syndicat National des Accompagnateurs en Montagne (section Massif des Vosges) organisait une grande soir\u00e9e ouverte \u00e0 [&hellip;]<\/p>\n","protected":false},"author":42,"featured_media":77281,"comment_status":"open","ping_status":"open","sticky":false,"template":"","format":"standard","meta":{"footnotes":""},"categories":[20,878,5647,25,868,946,15],"tags":[7150,736],"class_list":["post-77279","post","type-post","status-publish","format-standard","has-post-thumbnail","hentry","category-a-la-une","category-epinal","category-gerardmer-autres-sites","category-gerardmer","category-remiremont","category-saint-die","category-tourisme","tag-accompagnateurs-en-montagne","tag-espace-lac"],"acf":[],"yoast_head":"<!-- This site is optimized with the Yoast SEO plugin v22.5 - https:\/\/yoast.com\/wordpress\/plugins\/seo\/ -->\n<title>Avenir de la montagne vosgienne : grand remue-m\u00e9ninges \u00e0 G\u00e9rardmer - Gerardmer Info<\/title>\n<meta name=\"robots\" content=\"index, follow, max-snippet:-1, max-image-preview:large, max-video-preview:-1\" \/>\n<link rel=\"canonical\" href=\"https:\/\/vosgesinfo.fr\/gerardmerinfo\/2025\/04\/avenir-de-la-montagne-vosgienne-grand-remue-meninges-a-gerardmer\/\" \/>\n<meta name=\"twitter:card\" content=\"summary_large_image\" \/>\n<meta name=\"twitter:title\" content=\"Avenir de la montagne vosgienne : grand remue-m\u00e9ninges \u00e0 G\u00e9rardmer - Gerardmer Info\" \/>\n<meta name=\"twitter:description\" content=\"&nbsp; Vendredi soir, le Syndicat National des Accompagnateurs en Montagne (section Massif des Vosges) organisait une grande soir\u00e9e ouverte \u00e0 [&hellip;]\" \/>\n<meta name=\"twitter:image\" content=\"https:\/\/vosgesinfo.fr\/app\/uploads\/sites\/6\/2025\/04\/accompagnateurs-montagnes-2.jpg\" \/>\n<meta name=\"twitter:creator\" content=\"@VosgesInfo88\" \/>\n<meta name=\"twitter:site\" content=\"@VosgesInfo88\" \/>\n<meta name=\"twitter:label1\" content=\"\u00c9crit par\" \/>\n\t<meta name=\"twitter:data1\" content=\"QG\" \/>\n\t<meta name=\"twitter:label2\" content=\"Dur\u00e9e de lecture estim\u00e9e\" \/>\n\t<meta name=\"twitter:data2\" content=\"2 minutes\" \/>\n<script type=\"application\/ld+json\" class=\"yoast-schema-graph\">{\"@context\":\"https:\/\/schema.org\",\"@graph\":[{\"@type\":\"Article\",\"@id\":\"https:\/\/vosgesinfo.fr\/gerardmerinfo\/2025\/04\/avenir-de-la-montagne-vosgienne-grand-remue-meninges-a-gerardmer\/#article\",\"isPartOf\":{\"@id\":\"https:\/\/vosgesinfo.fr\/gerardmerinfo\/2025\/04\/avenir-de-la-montagne-vosgienne-grand-remue-meninges-a-gerardmer\/\"},\"author\":{\"name\":\"QG\",\"@id\":\"https:\/\/vosgesinfo.fr\/gerardmerinfo\/#\/schema\/person\/db5605779a843dad16b5368f3e7613a5\"},\"headline\":\"Avenir de la montagne vosgienne : grand remue-m\u00e9ninges \u00e0 G\u00e9rardmer\",\"datePublished\":\"2025-04-27T03:58:34+00:00\",\"dateModified\":\"2025-04-26T08:58:19+00:00\",\"mainEntityOfPage\":{\"@id\":\"https:\/\/vosgesinfo.fr\/gerardmerinfo\/2025\/04\/avenir-de-la-montagne-vosgienne-grand-remue-meninges-a-gerardmer\/\"},\"wordCount\":440,\"commentCount\":0,\"publisher\":{\"@id\":\"https:\/\/vosgesinfo.fr\/gerardmerinfo\/#organization\"},\"image\":{\"@id\":\"https:\/\/vosgesinfo.fr\/gerardmerinfo\/2025\/04\/avenir-de-la-montagne-vosgienne-grand-remue-meninges-a-gerardmer\/#primaryimage\"},\"thumbnailUrl\":\"https:\/\/vosgesinfo.fr\/app\/uploads\/sites\/6\/2025\/04\/accompagnateurs-montagnes-2.jpg\",\"keywords\":[\"Accompagnateurs en Montagne\",\"espace lac\"],\"articleSection\":[\"A la une\",\"Epinal\",\"Gerardmer\",\"G\u00e9rardmer\",\"Remiremont\",\"Saint-di\u00e9\",\"Tourisme\"],\"inLanguage\":\"fr-FR\",\"potentialAction\":[{\"@type\":\"CommentAction\",\"name\":\"Comment\",\"target\":[\"https:\/\/vosgesinfo.fr\/gerardmerinfo\/2025\/04\/avenir-de-la-montagne-vosgienne-grand-remue-meninges-a-gerardmer\/#respond\"]}]},{\"@type\":\"WebPage\",\"@id\":\"https:\/\/vosgesinfo.fr\/gerardmerinfo\/2025\/04\/avenir-de-la-montagne-vosgienne-grand-remue-meninges-a-gerardmer\/\",\"url\":\"https:\/\/vosgesinfo.fr\/gerardmerinfo\/2025\/04\/avenir-de-la-montagne-vosgienne-grand-remue-meninges-a-gerardmer\/\",\"name\":\"Avenir de la montagne vosgienne : grand remue-m\u00e9ninges \u00e0 G\u00e9rardmer - Gerardmer Info\",\"isPartOf\":{\"@id\":\"https:\/\/vosgesinfo.fr\/gerardmerinfo\/#website\"},\"primaryImageOfPage\":{\"@id\":\"https:\/\/vosgesinfo.fr\/gerardmerinfo\/2025\/04\/avenir-de-la-montagne-vosgienne-grand-remue-meninges-a-gerardmer\/#primaryimage\"},\"image\":{\"@id\":\"https:\/\/vosgesinfo.fr\/gerardmerinfo\/2025\/04\/avenir-de-la-montagne-vosgienne-grand-remue-meninges-a-gerardmer\/#primaryimage\"},\"thumbnailUrl\":\"https:\/\/vosgesinfo.fr\/app\/uploads\/sites\/6\/2025\/04\/accompagnateurs-montagnes-2.jpg\",\"datePublished\":\"2025-04-27T03:58:34+00:00\",\"dateModified\":\"2025-04-26T08:58:19+00:00\",\"breadcrumb\":{\"@id\":\"https:\/\/vosgesinfo.fr\/gerardmerinfo\/2025\/04\/avenir-de-la-montagne-vosgienne-grand-remue-meninges-a-gerardmer\/#breadcrumb\"},\"inLanguage\":\"fr-FR\",\"potentialAction\":[{\"@type\":\"ReadAction\",\"target\":[\"https:\/\/vosgesinfo.fr\/gerardmerinfo\/2025\/04\/avenir-de-la-montagne-vosgienne-grand-remue-meninges-a-gerardmer\/\"]}]},{\"@type\":\"ImageObject\",\"inLanguage\":\"fr-FR\",\"@id\":\"https:\/\/vosgesinfo.fr\/gerardmerinfo\/2025\/04\/avenir-de-la-montagne-vosgienne-grand-remue-meninges-a-gerardmer\/#primaryimage\",\"url\":\"https:\/\/vosgesinfo.fr\/app\/uploads\/sites\/6\/2025\/04\/accompagnateurs-montagnes-2.jpg\",\"contentUrl\":\"https:\/\/vosgesinfo.fr\/app\/uploads\/sites\/6\/2025\/04\/accompagnateurs-montagnes-2.jpg\",\"width\":2040,\"height\":1530,\"caption\":\"Pierre Mengin, pr\u00e9sident du syndicat des accompagnateurs des Vosges.\"},{\"@type\":\"BreadcrumbList\",\"@id\":\"https:\/\/vosgesinfo.fr\/gerardmerinfo\/2025\/04\/avenir-de-la-montagne-vosgienne-grand-remue-meninges-a-gerardmer\/#breadcrumb\",\"itemListElement\":[{\"@type\":\"ListItem\",\"position\":1,\"name\":\"Home\",\"item\":\"https:\/\/vosgesinfo.fr\/gerardmerinfo\/\"},{\"@type\":\"ListItem\",\"position\":2,\"name\":\"Avenir de la montagne vosgienne : grand remue-m\u00e9ninges \u00e0 G\u00e9rardmer\"}]},{\"@type\":\"WebSite\",\"@id\":\"https:\/\/vosgesinfo.fr\/gerardmerinfo\/#website\",\"url\":\"https:\/\/vosgesinfo.fr\/gerardmerinfo\/\",\"name\":\"Gerardmer Info\",\"description\":\"Toute l&#039;actualit\u00e9 de G\u00e9rardmer\",\"publisher\":{\"@id\":\"https:\/\/vosgesinfo.fr\/gerardmerinfo\/#organization\"},\"alternateName\":\"Toute l'actualit\u00e9 de G\u00e9rardmer\",\"potentialAction\":[{\"@type\":\"SearchAction\",\"target\":{\"@type\":\"EntryPoint\",\"urlTemplate\":\"https:\/\/vosgesinfo.fr\/gerardmerinfo\/?s={search_term_string}\"},\"query-input\":\"required name=search_term_string\"}],\"inLanguage\":\"fr-FR\"},{\"@type\":\"Organization\",\"@id\":\"https:\/\/vosgesinfo.fr\/gerardmerinfo\/#organization\",\"name\":\"Gerardmer Info\",\"url\":\"https:\/\/vosgesinfo.fr\/gerardmerinfo\/\",\"logo\":{\"@type\":\"ImageObject\",\"inLanguage\":\"fr-FR\",\"@id\":\"https:\/\/vosgesinfo.fr\/gerardmerinfo\/#\/schema\/logo\/image\/\",\"url\":\"https:\/\/vosgesinfo.fr\/app\/uploads\/sites\/6\/2023\/08\/favicon-gerardmerinfo.png\",\"contentUrl\":\"https:\/\/vosgesinfo.fr\/app\/uploads\/sites\/6\/2023\/08\/favicon-gerardmerinfo.png\",\"width\":512,\"height\":512,\"caption\":\"Gerardmer Info\"},\"image\":{\"@id\":\"https:\/\/vosgesinfo.fr\/gerardmerinfo\/#\/schema\/logo\/image\/\"},\"sameAs\":[\"https:\/\/www.facebook.com\/profile.php?id=100049475262660\",\"https:\/\/x.com\/VosgesInfo88\",\"https:\/\/www.youtube.com\/@vosgesinfo\"]},{\"@type\":\"Person\",\"@id\":\"https:\/\/vosgesinfo.fr\/gerardmerinfo\/#\/schema\/person\/db5605779a843dad16b5368f3e7613a5\",\"name\":\"QG\",\"image\":{\"@type\":\"ImageObject\",\"inLanguage\":\"fr-FR\",\"@id\":\"https:\/\/vosgesinfo.fr\/gerardmerinfo\/#\/schema\/person\/image\/\",\"url\":\"https:\/\/secure.gravatar.com\/avatar\/ea80c42c204b534408512832fde52504ecabb9706bcb6151cf6175e5b64e6793?s=96&d=mm&r=g\",\"contentUrl\":\"https:\/\/secure.gravatar.com\/avatar\/ea80c42c204b534408512832fde52504ecabb9706bcb6151cf6175e5b64e6793?s=96&d=mm&r=g\",\"caption\":\"QG\"},\"url\":\"https:\/\/vosgesinfo.fr\/gerardmerinfo\/author\/quentin88\/\"}]}<\/script>\n<!-- \/ Yoast SEO plugin. -->","yoast_head_json":{"title":"Avenir de la montagne vosgienne : grand remue-m\u00e9ninges \u00e0 G\u00e9rardmer - Gerardmer Info","robots":{"index":"index","follow":"follow","max-snippet":"max-snippet:-1","max-image-preview":"max-image-preview:large","max-video-preview":"max-video-preview:-1"},"canonical":"https:\/\/vosgesinfo.fr\/gerardmerinfo\/2025\/04\/avenir-de-la-montagne-vosgienne-grand-remue-meninges-a-gerardmer\/","twitter_card":"summary_large_image","twitter_title":"Avenir de la montagne vosgienne : grand remue-m\u00e9ninges \u00e0 G\u00e9rardmer - Gerardmer Info","twitter_description":"&nbsp; Vendredi soir, le Syndicat National des Accompagnateurs en Montagne (section Massif des Vosges) organisait une grande soir\u00e9e ouverte \u00e0 [&hellip;]","twitter_image":"https:\/\/vosgesinfo.fr\/app\/uploads\/sites\/6\/2025\/04\/accompagnateurs-montagnes-2.jpg","twitter_creator":"@VosgesInfo88","twitter_site":"@VosgesInfo88","twitter_misc":{"\u00c9crit par":"QG","Dur\u00e9e de lecture estim\u00e9e":"2 minutes"},"schema":{"@context":"https:\/\/schema.org","@graph":[{"@type":"Article","@id":"https:\/\/vosgesinfo.fr\/gerardmerinfo\/2025\/04\/avenir-de-la-montagne-vosgienne-grand-remue-meninges-a-gerardmer\/#article","isPartOf":{"@id":"https:\/\/vosgesinfo.fr\/gerardmerinfo\/2025\/04\/avenir-de-la-montagne-vosgienne-grand-remue-meninges-a-gerardmer\/"},"author":{"name":"QG","@id":"https:\/\/vosgesinfo.fr\/gerardmerinfo\/#\/schema\/person\/db5605779a843dad16b5368f3e7613a5"},"headline":"Avenir de la montagne vosgienne : grand remue-m\u00e9ninges \u00e0 G\u00e9rardmer","datePublished":"2025-04-27T03:58:34+00:00","dateModified":"2025-04-26T08:58:19+00:00","mainEntityOfPage":{"@id":"https:\/\/vosgesinfo.fr\/gerardmerinfo\/2025\/04\/avenir-de-la-montagne-vosgienne-grand-remue-meninges-a-gerardmer\/"},"wordCount":440,"commentCount":0,"publisher":{"@id":"https:\/\/vosgesinfo.fr\/gerardmerinfo\/#organization"},"image":{"@id":"https:\/\/vosgesinfo.fr\/gerardmerinfo\/2025\/04\/avenir-de-la-montagne-vosgienne-grand-remue-meninges-a-gerardmer\/#primaryimage"},"thumbnailUrl":"https:\/\/vosgesinfo.fr\/app\/uploads\/sites\/6\/2025\/04\/accompagnateurs-montagnes-2.jpg","keywords":["Accompagnateurs en Montagne","espace lac"],"articleSection":["A la une","Epinal","Gerardmer","G\u00e9rardmer","Remiremont","Saint-di\u00e9","Tourisme"],"inLanguage":"fr-FR","potentialAction":[{"@type":"CommentAction","name":"Comment","target":["https:\/\/vosgesinfo.fr\/gerardmerinfo\/2025\/04\/avenir-de-la-montagne-vosgienne-grand-remue-meninges-a-gerardmer\/#respond"]}]},{"@type":"WebPage","@id":"https:\/\/vosgesinfo.fr\/gerardmerinfo\/2025\/04\/avenir-de-la-montagne-vosgienne-grand-remue-meninges-a-gerardmer\/","url":"https:\/\/vosgesinfo.fr\/gerardmerinfo\/2025\/04\/avenir-de-la-montagne-vosgienne-grand-remue-meninges-a-gerardmer\/","name":"Avenir de la montagne vosgienne : grand remue-m\u00e9ninges \u00e0 G\u00e9rardmer - Gerardmer Info","isPartOf":{"@id":"https:\/\/vosgesinfo.fr\/gerardmerinfo\/#website"},"primaryImageOfPage":{"@id":"https:\/\/vosgesinfo.fr\/gerardmerinfo\/2025\/04\/avenir-de-la-montagne-vosgienne-grand-remue-meninges-a-gerardmer\/#primaryimage"},"image":{"@id":"https:\/\/vosgesinfo.fr\/gerardmerinfo\/2025\/04\/avenir-de-la-montagne-vosgienne-grand-remue-meninges-a-gerardmer\/#primaryimage"},"thumbnailUrl":"https:\/\/vosgesinfo.fr\/app\/uploads\/sites\/6\/2025\/04\/accompagnateurs-montagnes-2.jpg","datePublished":"2025-04-27T03:58:34+00:00","dateModified":"2025-04-26T08:58:19+00:00","breadcrumb":{"@id":"https:\/\/vosgesinfo.fr\/gerardmerinfo\/2025\/04\/avenir-de-la-montagne-vosgienne-grand-remue-meninges-a-gerardmer\/#breadcrumb"},"inLanguage":"fr-FR","potentialAction":[{"@type":"ReadAction","target":["https:\/\/vosgesinfo.fr\/gerardmerinfo\/2025\/04\/avenir-de-la-montagne-vosgienne-grand-remue-meninges-a-gerardmer\/"]}]},{"@type":"ImageObject","inLanguage":"fr-FR","@id":"https:\/\/vosgesinfo.fr\/gerardmerinfo\/2025\/04\/avenir-de-la-montagne-vosgienne-grand-remue-meninges-a-gerardmer\/#primaryimage","url":"https:\/\/vosgesinfo.fr\/app\/uploads\/sites\/6\/2025\/04\/accompagnateurs-montagnes-2.jpg","contentUrl":"https:\/\/vosgesinfo.fr\/app\/uploads\/sites\/6\/2025\/04\/accompagnateurs-montagnes-2.jpg","width":2040,"height":1530,"caption":"Pierre Mengin, pr\u00e9sident du syndicat des accompagnateurs des Vosges."},{"@type":"BreadcrumbList","@id":"https:\/\/vosgesinfo.fr\/gerardmerinfo\/2025\/04\/avenir-de-la-montagne-vosgienne-grand-remue-meninges-a-gerardmer\/#breadcrumb","itemListElement":[{"@type":"ListItem","position":1,"name":"Home","item":"https:\/\/vosgesinfo.fr\/gerardmerinfo\/"},{"@type":"ListItem","position":2,"name":"Avenir de la montagne vosgienne : grand remue-m\u00e9ninges \u00e0 G\u00e9rardmer"}]},{"@type":"WebSite","@id":"https:\/\/vosgesinfo.fr\/gerardmerinfo\/#website","url":"https:\/\/vosgesinfo.fr\/gerardmerinfo\/","name":"Gerardmer Info","description":"Toute l&#039;actualit\u00e9 de G\u00e9rardmer","publisher":{"@id":"https:\/\/vosgesinfo.fr\/gerardmerinfo\/#organization"},"alternateName":"Toute l'actualit\u00e9 de G\u00e9rardmer","potentialAction":[{"@type":"SearchAction","target":{"@type":"EntryPoint","urlTemplate":"https:\/\/vosgesinfo.fr\/gerardmerinfo\/?s={search_term_string}"},"query-input":"required name=search_term_string"}],"inLanguage":"fr-FR"},{"@type":"Organization","@id":"https:\/\/vosgesinfo.fr\/gerardmerinfo\/#organization","name":"Gerardmer Info","url":"https:\/\/vosgesinfo.fr\/gerardmerinfo\/","logo":{"@type":"ImageObject","inLanguage":"fr-FR","@id":"https:\/\/vosgesinfo.fr\/gerardmerinfo\/#\/schema\/logo\/image\/","url":"https:\/\/vosgesinfo.fr\/app\/uploads\/sites\/6\/2023\/08\/favicon-gerardmerinfo.png","contentUrl":"https:\/\/vosgesinfo.fr\/app\/uploads\/sites\/6\/2023\/08\/favicon-gerardmerinfo.png","width":512,"height":512,"caption":"Gerardmer Info"},"image":{"@id":"https:\/\/vosgesinfo.fr\/gerardmerinfo\/#\/schema\/logo\/image\/"},"sameAs":["https:\/\/www.facebook.com\/profile.php?id=100049475262660","https:\/\/x.com\/VosgesInfo88","https:\/\/www.youtube.com\/@vosgesinfo"]},{"@type":"Person","@id":"https:\/\/vosgesinfo.fr\/gerardmerinfo\/#\/schema\/person\/db5605779a843dad16b5368f3e7613a5","name":"QG","image":{"@type":"ImageObject","inLanguage":"fr-FR","@id":"https:\/\/vosgesinfo.fr\/gerardmerinfo\/#\/schema\/person\/image\/","url":"https:\/\/secure.gravatar.com\/avatar\/ea80c42c204b534408512832fde52504ecabb9706bcb6151cf6175e5b64e6793?s=96&d=mm&r=g","contentUrl":"https:\/\/secure.gravatar.com\/avatar\/ea80c42c204b534408512832fde52504ecabb9706bcb6151cf6175e5b64e6793?s=96&d=mm&r=g","caption":"QG"},"url":"https:\/\/vosgesinfo.fr\/gerardmerinfo\/author\/quentin88\/"}]}},"_links":{"self":[{"href":"https:\/\/vosgesinfo.fr\/gerardmerinfo\/wp-json\/wp\/v2\/posts\/77279","targetHints":{"allow":["GET"]}}],"collection":[{"href":"https:\/\/vosgesinfo.fr\/gerardmerinfo\/wp-json\/wp\/v2\/posts"}],"about":[{"href":"https:\/\/vosgesinfo.fr\/gerardmerinfo\/wp-json\/wp\/v2\/types\/post"}],"author":[{"embeddable":true,"href":"https:\/\/vosgesinfo.fr\/gerardmerinfo\/wp-json\/wp\/v2\/users\/42"}],"replies":[{"embeddable":true,"href":"https:\/\/vosgesinfo.fr\/gerardmerinfo\/wp-json\/wp\/v2\/comments?post=77279"}],"version-history":[{"count":2,"href":"https:\/\/vosgesinfo.fr\/gerardmerinfo\/wp-json\/wp\/v2\/posts\/77279\/revisions"}],"predecessor-version":[{"id":77284,"href":"https:\/\/vosgesinfo.fr\/gerardmerinfo\/wp-json\/wp\/v2\/posts\/77279\/revisions\/77284"}],"wp:featuredmedia":[{"embeddable":true,"href":"https:\/\/vosgesinfo.fr\/gerardmerinfo\/wp-json\/wp\/v2\/media\/77281"}],"wp:attachment":[{"href":"https:\/\/vosgesinfo.fr\/gerardmerinfo\/wp-json\/wp\/v2\/media?parent=77279"}],"wp:term":[{"taxonomy":"category","embeddable":true,"href":"https:\/\/vosgesinfo.fr\/gerardmerinfo\/wp-json\/wp\/v2\/categories?post=77279"},{"taxonomy":"post_tag","embeddable":true,"href":"https:\/\/vosgesinfo.fr\/gerardmerinfo\/wp-json\/wp\/v2\/tags?post=77279"}],"curies":[{"name":"wp","href":"https:\/\/api.w.org\/{rel}","templated":true}]}}