{"id":77287,"date":"2025-04-27T05:59:11","date_gmt":"2025-04-27T03:59:11","guid":{"rendered":"https:\/\/vosgesinfo.fr\/gerardmerinfo\/?p=77287"},"modified":"2025-04-27T13:38:20","modified_gmt":"2025-04-27T11:38:20","slug":"le-printemps-de-la-palestine-vient-de-debuter-a-la-mcl-de-gerardmer","status":"publish","type":"post","link":"https:\/\/vosgesinfo.fr\/gerardmerinfo\/2025\/04\/le-printemps-de-la-palestine-vient-de-debuter-a-la-mcl-de-gerardmer\/","title":{"rendered":"Le Printemps de la Palestine vient de d\u00e9buter \u00e0 la MCL de G\u00e9rardmer"},"content":{"rendered":"<p><a href=\"https:\/\/vosgesinfo.fr\/app\/uploads\/sites\/6\/2025\/04\/printemps-de-la-palestine-gerardmer-ldh-1.jpg\"><img decoding=\"async\" class=\"aligncenter size-large wp-image-77288\" src=\"https:\/\/vosgesinfo.fr\/app\/uploads\/sites\/6\/2025\/04\/printemps-de-la-palestine-gerardmer-ldh-1-1024x768.jpg\" alt=\"\" width=\"1024\" height=\"768\" srcset=\"https:\/\/vosgesinfo.fr\/app\/uploads\/sites\/6\/2025\/04\/printemps-de-la-palestine-gerardmer-ldh-1-1024x768.jpg 1024w, https:\/\/vosgesinfo.fr\/app\/uploads\/sites\/6\/2025\/04\/printemps-de-la-palestine-gerardmer-ldh-1-300x225.jpg 300w, https:\/\/vosgesinfo.fr\/app\/uploads\/sites\/6\/2025\/04\/printemps-de-la-palestine-gerardmer-ldh-1-768x576.jpg 768w, https:\/\/vosgesinfo.fr\/app\/uploads\/sites\/6\/2025\/04\/printemps-de-la-palestine-gerardmer-ldh-1-1536x1152.jpg 1536w, https:\/\/vosgesinfo.fr\/app\/uploads\/sites\/6\/2025\/04\/printemps-de-la-palestine-gerardmer-ldh-1.jpg 2048w\" sizes=\"(max-width: 1024px) 100vw, 1024px\" \/><\/a><\/p>\n<p>&nbsp;<\/p>\n<p data-pm-slice=\"1 1 []\"><strong>La 3\u1d49 \u00e9dition du Printemps de la Palestine \u00e0 G\u00e9rardmer a d\u00e9but\u00e9 ce samedi apr\u00e8s-midi par le vernissage de l&rsquo;exposition de photographie \u00ab Gaza l\u2019enfance bless\u00e9e \u00bb de Mohammed Zaanoun.<br \/>\n<\/strong><\/p>\n<p><a href=\"https:\/\/vosgesinfo.fr\/app\/uploads\/sites\/6\/2025\/04\/printemps-de-la-palestine-gerardmer-ldh-3.jpg\"><img decoding=\"async\" class=\"alignright wp-image-77290 size-medium\" src=\"https:\/\/vosgesinfo.fr\/app\/uploads\/sites\/6\/2025\/04\/printemps-de-la-palestine-gerardmer-ldh-3-300x225.jpg\" alt=\"\" width=\"300\" height=\"225\" srcset=\"https:\/\/vosgesinfo.fr\/app\/uploads\/sites\/6\/2025\/04\/printemps-de-la-palestine-gerardmer-ldh-3-300x225.jpg 300w, https:\/\/vosgesinfo.fr\/app\/uploads\/sites\/6\/2025\/04\/printemps-de-la-palestine-gerardmer-ldh-3-1024x768.jpg 1024w, https:\/\/vosgesinfo.fr\/app\/uploads\/sites\/6\/2025\/04\/printemps-de-la-palestine-gerardmer-ldh-3-768x576.jpg 768w, https:\/\/vosgesinfo.fr\/app\/uploads\/sites\/6\/2025\/04\/printemps-de-la-palestine-gerardmer-ldh-3-1536x1152.jpg 1536w, https:\/\/vosgesinfo.fr\/app\/uploads\/sites\/6\/2025\/04\/printemps-de-la-palestine-gerardmer-ldh-3.jpg 2048w\" sizes=\"(max-width: 300px) 100vw, 300px\" \/><\/a>Quatorzi\u00e8me \u00e9dition en France et troisi\u00e8me \u00e0 G\u00e9rardmer pour ce Printemps de la Palestine organis\u00e9 conjointement par la section g\u00e9r\u00f4moise de la Ligue des droits de l\u2019Homme et l\u2019association France Palestine Solidarit\u00e9 Lorraine, structures qui \u00e9taient repr\u00e9sent\u00e9es samedi lors de ce vernissage \u00e0 la galerie de la MCL. Pour lancer ce nouvel opus et cette exposition, c&rsquo;est la pr\u00e9sidente de la LDH locale, Laurence Goujard qui a pris la parole, pr\u00e9cisant tout d&rsquo;abord que la premi\u00e8re partie des photographies expos\u00e9es datait d&rsquo;avant le 7 octobre 2023, preuve que la situation \u00e9tait d\u00e9j\u00e0 tr\u00e8s compliqu\u00e9e pour les Palestiniens avant cet \u00e9l\u00e9ment d\u00e9clencheur\u00a0 : \u00ab\u00a0C&rsquo;\u00e9tait d\u00e9j\u00e0 difficile, mais il y avait tout de m\u00eame une vie sociale et familiale qui subsistait dans les d\u00e9combres. Depuis (le 7 octobre\u00a0\u2013 NDLR), la vie est devenue de plus en plus difficile, la faim a laiss\u00e9 place \u00e0 la famine, les Palestiniens, notamment \u00e0 Gaza, manquent de tout. Pendant les deux mois de tr\u00eave, l&rsquo;aide alimentaire et m\u00e9dicale est un peu revenue. Mais depuis le 2 mars, tout s&rsquo;est arr\u00eat\u00e9. Sur place, Isra\u00ebl a tout d\u00e9truit\u00a0 : il n&rsquo;y a plus d&rsquo;eau, il n&rsquo;y a que du riz et des p\u00e2tes, mais quand il y a de l&rsquo;eau, il n&rsquo;y a pas de quoi chauffer la nourriture. (&#8230;) En d\u00e9cembre 2023, 5 500 femmes palestiniennes \u00e9taient pr\u00eates \u00e0 accoucher. On ampute des enfants sans anesth\u00e9sie pour de simples \u00e9clats d&rsquo;obus afin qu&rsquo;ils n&rsquo;attrapent pas la gangr\u00e8ne, c&rsquo;est horrible, une souffrance inimaginable\u00a0\u00bb.<\/p>\n<p><a href=\"https:\/\/vosgesinfo.fr\/app\/uploads\/sites\/6\/2025\/04\/printemps-de-la-palestine-gerardmer-ldh-2.jpg\"><img decoding=\"async\" class=\"alignright size-large wp-image-77289\" src=\"https:\/\/vosgesinfo.fr\/app\/uploads\/sites\/6\/2025\/04\/printemps-de-la-palestine-gerardmer-ldh-2-1024x768.jpg\" alt=\"\" width=\"1024\" height=\"768\" srcset=\"https:\/\/vosgesinfo.fr\/app\/uploads\/sites\/6\/2025\/04\/printemps-de-la-palestine-gerardmer-ldh-2-1024x768.jpg 1024w, https:\/\/vosgesinfo.fr\/app\/uploads\/sites\/6\/2025\/04\/printemps-de-la-palestine-gerardmer-ldh-2-300x225.jpg 300w, https:\/\/vosgesinfo.fr\/app\/uploads\/sites\/6\/2025\/04\/printemps-de-la-palestine-gerardmer-ldh-2-768x576.jpg 768w, https:\/\/vosgesinfo.fr\/app\/uploads\/sites\/6\/2025\/04\/printemps-de-la-palestine-gerardmer-ldh-2-1536x1152.jpg 1536w, https:\/\/vosgesinfo.fr\/app\/uploads\/sites\/6\/2025\/04\/printemps-de-la-palestine-gerardmer-ldh-2.jpg 2048w\" sizes=\"(max-width: 1024px) 100vw, 1024px\" \/><\/a>Laurence Goujard a \u00e9galement rappel\u00e9 que cette exposition, qui met principalement en images des enfants, existe notamment pour qu&rsquo;on \u00ab\u00a0continue \u00e0 penser \u00e0 eux, \u00e0 entretenir la flamme\u00a0\u00bb. La pr\u00e9sidente de la MCL a prolong\u00e9 ces propos en insistant \u00e9galement sur le patrimoine qui est en train d&rsquo;\u00eatre an\u00e9anti \u00e0 Gaza et en Palestine, citant quelques-uns des monuments qui ont d\u00e9j\u00e0 \u00e9t\u00e9 ras\u00e9s en partie ou int\u00e9gralement lors des bombardements de l&rsquo;arm\u00e9e isra\u00e9lienne : \u00ab\u00a0c&rsquo;est une culture palestinienne multimill\u00e9naire qui est en danger\u00a0\u00bb ajoute-t-elle.<\/p>\n<p>Pour conclure, sachez que l&rsquo;exposition sera visible jusqu&rsquo;au 4 mai et que le Printemps de la Palestine se prolongera le m\u00eame jour avec une visite de l\u2019expo photo, un repas palestinien propos\u00e9 le midi au foyer bar, suivi \u00e0 15 heures par la projection du film \u00ab No other land \u00bb qui a re\u00e7u l\u2019Oscar du meilleur documentaire en 2025. Il d\u00e9nonce l\u2019occupation de l\u2019\u00c9tat h\u00e9breu en Cisjordanie, vue par deux journalistes, un Isra\u00e9lien et un Palestinien. \u00c0 l\u2019issue de la s\u00e9ance, Brigitte Jeannot animera un d\u00e9bat, elle est avocate et membre de l\u2019AFPS. Un go\u00fbter oriental cl\u00f4turera la journ\u00e9e.<\/p>\n<p>Retrouvez plus d&rsquo;informations <a href=\"https:\/\/vosgesinfo.fr\/gerardmerinfo\/2025\/04\/la-3e-edition-geromoise-du-printemps-de-la-palestine-se-prepare\/\" target=\"_blank\" rel=\"noopener\">ICI !<\/a><\/p>\n","protected":false},"excerpt":{"rendered":"<p>&nbsp; La 3\u1d49 \u00e9dition du Printemps de la Palestine \u00e0 G\u00e9rardmer a d\u00e9but\u00e9 ce samedi apr\u00e8s-midi par le vernissage de [&hellip;]<\/p>\n","protected":false},"author":42,"featured_media":77288,"comment_status":"open","ping_status":"open","sticky":false,"template":"","format":"standard","meta":{"footnotes":""},"categories":[20,4,5647,25],"tags":[2018,103,1030],"class_list":["post-77287","post","type-post","status-publish","format-standard","has-post-thumbnail","hentry","category-a-la-une","category-culture","category-gerardmer-autres-sites","category-gerardmer","tag-ldh","tag-mcl-gerardmer","tag-printemps-de-la-palestine"],"acf":[],"yoast_head":"<!-- This site is optimized with the Yoast SEO plugin v22.5 - https:\/\/yoast.com\/wordpress\/plugins\/seo\/ -->\n<title>Le Printemps de la Palestine vient de d\u00e9buter \u00e0 la MCL de G\u00e9rardmer - Gerardmer Info<\/title>\n<meta name=\"robots\" content=\"index, follow, max-snippet:-1, max-image-preview:large, max-video-preview:-1\" \/>\n<link rel=\"canonical\" href=\"https:\/\/vosgesinfo.fr\/gerardmerinfo\/2025\/04\/le-printemps-de-la-palestine-vient-de-debuter-a-la-mcl-de-gerardmer\/\" \/>\n<meta name=\"twitter:card\" content=\"summary_large_image\" \/>\n<meta name=\"twitter:title\" content=\"Le Printemps de la Palestine vient de d\u00e9buter \u00e0 la MCL de G\u00e9rardmer - Gerardmer Info\" \/>\n<meta name=\"twitter:description\" content=\"&nbsp; La 3\u1d49 \u00e9dition du Printemps de la Palestine \u00e0 G\u00e9rardmer a d\u00e9but\u00e9 ce samedi apr\u00e8s-midi par le vernissage de [&hellip;]\" \/>\n<meta name=\"twitter:image\" content=\"https:\/\/vosgesinfo.fr\/app\/uploads\/sites\/6\/2025\/04\/printemps-de-la-palestine-gerardmer-ldh-1.jpg\" \/>\n<meta name=\"twitter:creator\" content=\"@VosgesInfo88\" \/>\n<meta name=\"twitter:site\" content=\"@VosgesInfo88\" \/>\n<meta name=\"twitter:label1\" content=\"\u00c9crit par\" \/>\n\t<meta name=\"twitter:data1\" content=\"QG\" \/>\n\t<meta name=\"twitter:label2\" content=\"Dur\u00e9e de lecture estim\u00e9e\" \/>\n\t<meta name=\"twitter:data2\" content=\"2 minutes\" \/>\n<script type=\"application\/ld+json\" class=\"yoast-schema-graph\">{\"@context\":\"https:\/\/schema.org\",\"@graph\":[{\"@type\":\"Article\",\"@id\":\"https:\/\/vosgesinfo.fr\/gerardmerinfo\/2025\/04\/le-printemps-de-la-palestine-vient-de-debuter-a-la-mcl-de-gerardmer\/#article\",\"isPartOf\":{\"@id\":\"https:\/\/vosgesinfo.fr\/gerardmerinfo\/2025\/04\/le-printemps-de-la-palestine-vient-de-debuter-a-la-mcl-de-gerardmer\/\"},\"author\":{\"name\":\"QG\",\"@id\":\"https:\/\/vosgesinfo.fr\/gerardmerinfo\/#\/schema\/person\/db5605779a843dad16b5368f3e7613a5\"},\"headline\":\"Le Printemps de la Palestine vient de d\u00e9buter \u00e0 la MCL de G\u00e9rardmer\",\"datePublished\":\"2025-04-27T03:59:11+00:00\",\"dateModified\":\"2025-04-27T11:38:20+00:00\",\"mainEntityOfPage\":{\"@id\":\"https:\/\/vosgesinfo.fr\/gerardmerinfo\/2025\/04\/le-printemps-de-la-palestine-vient-de-debuter-a-la-mcl-de-gerardmer\/\"},\"wordCount\":530,\"commentCount\":12,\"publisher\":{\"@id\":\"https:\/\/vosgesinfo.fr\/gerardmerinfo\/#organization\"},\"image\":{\"@id\":\"https:\/\/vosgesinfo.fr\/gerardmerinfo\/2025\/04\/le-printemps-de-la-palestine-vient-de-debuter-a-la-mcl-de-gerardmer\/#primaryimage\"},\"thumbnailUrl\":\"https:\/\/vosgesinfo.fr\/app\/uploads\/sites\/6\/2025\/04\/printemps-de-la-palestine-gerardmer-ldh-1.jpg\",\"keywords\":[\"LDH\",\"MCL G\u00e9rardmer\",\"Printemps de la Palestine\"],\"articleSection\":[\"A la une\",\"Culture\",\"Gerardmer\",\"G\u00e9rardmer\"],\"inLanguage\":\"fr-FR\",\"potentialAction\":[{\"@type\":\"CommentAction\",\"name\":\"Comment\",\"target\":[\"https:\/\/vosgesinfo.fr\/gerardmerinfo\/2025\/04\/le-printemps-de-la-palestine-vient-de-debuter-a-la-mcl-de-gerardmer\/#respond\"]}]},{\"@type\":\"WebPage\",\"@id\":\"https:\/\/vosgesinfo.fr\/gerardmerinfo\/2025\/04\/le-printemps-de-la-palestine-vient-de-debuter-a-la-mcl-de-gerardmer\/\",\"url\":\"https:\/\/vosgesinfo.fr\/gerardmerinfo\/2025\/04\/le-printemps-de-la-palestine-vient-de-debuter-a-la-mcl-de-gerardmer\/\",\"name\":\"Le Printemps de la Palestine vient de d\u00e9buter \u00e0 la MCL de G\u00e9rardmer - Gerardmer Info\",\"isPartOf\":{\"@id\":\"https:\/\/vosgesinfo.fr\/gerardmerinfo\/#website\"},\"primaryImageOfPage\":{\"@id\":\"https:\/\/vosgesinfo.fr\/gerardmerinfo\/2025\/04\/le-printemps-de-la-palestine-vient-de-debuter-a-la-mcl-de-gerardmer\/#primaryimage\"},\"image\":{\"@id\":\"https:\/\/vosgesinfo.fr\/gerardmerinfo\/2025\/04\/le-printemps-de-la-palestine-vient-de-debuter-a-la-mcl-de-gerardmer\/#primaryimage\"},\"thumbnailUrl\":\"https:\/\/vosgesinfo.fr\/app\/uploads\/sites\/6\/2025\/04\/printemps-de-la-palestine-gerardmer-ldh-1.jpg\",\"datePublished\":\"2025-04-27T03:59:11+00:00\",\"dateModified\":\"2025-04-27T11:38:20+00:00\",\"breadcrumb\":{\"@id\":\"https:\/\/vosgesinfo.fr\/gerardmerinfo\/2025\/04\/le-printemps-de-la-palestine-vient-de-debuter-a-la-mcl-de-gerardmer\/#breadcrumb\"},\"inLanguage\":\"fr-FR\",\"potentialAction\":[{\"@type\":\"ReadAction\",\"target\":[\"https:\/\/vosgesinfo.fr\/gerardmerinfo\/2025\/04\/le-printemps-de-la-palestine-vient-de-debuter-a-la-mcl-de-gerardmer\/\"]}]},{\"@type\":\"ImageObject\",\"inLanguage\":\"fr-FR\",\"@id\":\"https:\/\/vosgesinfo.fr\/gerardmerinfo\/2025\/04\/le-printemps-de-la-palestine-vient-de-debuter-a-la-mcl-de-gerardmer\/#primaryimage\",\"url\":\"https:\/\/vosgesinfo.fr\/app\/uploads\/sites\/6\/2025\/04\/printemps-de-la-palestine-gerardmer-ldh-1.jpg\",\"contentUrl\":\"https:\/\/vosgesinfo.fr\/app\/uploads\/sites\/6\/2025\/04\/printemps-de-la-palestine-gerardmer-ldh-1.jpg\",\"width\":2048,\"height\":1536},{\"@type\":\"BreadcrumbList\",\"@id\":\"https:\/\/vosgesinfo.fr\/gerardmerinfo\/2025\/04\/le-printemps-de-la-palestine-vient-de-debuter-a-la-mcl-de-gerardmer\/#breadcrumb\",\"itemListElement\":[{\"@type\":\"ListItem\",\"position\":1,\"name\":\"Home\",\"item\":\"https:\/\/vosgesinfo.fr\/gerardmerinfo\/\"},{\"@type\":\"ListItem\",\"position\":2,\"name\":\"Le Printemps de la Palestine vient de d\u00e9buter \u00e0 la MCL de G\u00e9rardmer\"}]},{\"@type\":\"WebSite\",\"@id\":\"https:\/\/vosgesinfo.fr\/gerardmerinfo\/#website\",\"url\":\"https:\/\/vosgesinfo.fr\/gerardmerinfo\/\",\"name\":\"Gerardmer Info\",\"description\":\"Toute l&#039;actualit\u00e9 de G\u00e9rardmer\",\"publisher\":{\"@id\":\"https:\/\/vosgesinfo.fr\/gerardmerinfo\/#organization\"},\"alternateName\":\"Toute l'actualit\u00e9 de G\u00e9rardmer\",\"potentialAction\":[{\"@type\":\"SearchAction\",\"target\":{\"@type\":\"EntryPoint\",\"urlTemplate\":\"https:\/\/vosgesinfo.fr\/gerardmerinfo\/?s={search_term_string}\"},\"query-input\":\"required name=search_term_string\"}],\"inLanguage\":\"fr-FR\"},{\"@type\":\"Organization\",\"@id\":\"https:\/\/vosgesinfo.fr\/gerardmerinfo\/#organization\",\"name\":\"Gerardmer Info\",\"url\":\"https:\/\/vosgesinfo.fr\/gerardmerinfo\/\",\"logo\":{\"@type\":\"ImageObject\",\"inLanguage\":\"fr-FR\",\"@id\":\"https:\/\/vosgesinfo.fr\/gerardmerinfo\/#\/schema\/logo\/image\/\",\"url\":\"https:\/\/vosgesinfo.fr\/app\/uploads\/sites\/6\/2023\/08\/favicon-gerardmerinfo.png\",\"contentUrl\":\"https:\/\/vosgesinfo.fr\/app\/uploads\/sites\/6\/2023\/08\/favicon-gerardmerinfo.png\",\"width\":512,\"height\":512,\"caption\":\"Gerardmer Info\"},\"image\":{\"@id\":\"https:\/\/vosgesinfo.fr\/gerardmerinfo\/#\/schema\/logo\/image\/\"},\"sameAs\":[\"https:\/\/www.facebook.com\/profile.php?id=100049475262660\",\"https:\/\/x.com\/VosgesInfo88\",\"https:\/\/www.youtube.com\/@vosgesinfo\"]},{\"@type\":\"Person\",\"@id\":\"https:\/\/vosgesinfo.fr\/gerardmerinfo\/#\/schema\/person\/db5605779a843dad16b5368f3e7613a5\",\"name\":\"QG\",\"image\":{\"@type\":\"ImageObject\",\"inLanguage\":\"fr-FR\",\"@id\":\"https:\/\/vosgesinfo.fr\/gerardmerinfo\/#\/schema\/person\/image\/\",\"url\":\"https:\/\/secure.gravatar.com\/avatar\/ea80c42c204b534408512832fde52504ecabb9706bcb6151cf6175e5b64e6793?s=96&d=mm&r=g\",\"contentUrl\":\"https:\/\/secure.gravatar.com\/avatar\/ea80c42c204b534408512832fde52504ecabb9706bcb6151cf6175e5b64e6793?s=96&d=mm&r=g\",\"caption\":\"QG\"},\"url\":\"https:\/\/vosgesinfo.fr\/gerardmerinfo\/author\/quentin88\/\"}]}<\/script>\n<!-- \/ Yoast SEO plugin. -->","yoast_head_json":{"title":"Le Printemps de la Palestine vient de d\u00e9buter \u00e0 la MCL de G\u00e9rardmer - Gerardmer Info","robots":{"index":"index","follow":"follow","max-snippet":"max-snippet:-1","max-image-preview":"max-image-preview:large","max-video-preview":"max-video-preview:-1"},"canonical":"https:\/\/vosgesinfo.fr\/gerardmerinfo\/2025\/04\/le-printemps-de-la-palestine-vient-de-debuter-a-la-mcl-de-gerardmer\/","twitter_card":"summary_large_image","twitter_title":"Le Printemps de la Palestine vient de d\u00e9buter \u00e0 la MCL de G\u00e9rardmer - Gerardmer Info","twitter_description":"&nbsp; La 3\u1d49 \u00e9dition du Printemps de la Palestine \u00e0 G\u00e9rardmer a d\u00e9but\u00e9 ce samedi apr\u00e8s-midi par le vernissage de [&hellip;]","twitter_image":"https:\/\/vosgesinfo.fr\/app\/uploads\/sites\/6\/2025\/04\/printemps-de-la-palestine-gerardmer-ldh-1.jpg","twitter_creator":"@VosgesInfo88","twitter_site":"@VosgesInfo88","twitter_misc":{"\u00c9crit par":"QG","Dur\u00e9e de lecture estim\u00e9e":"2 minutes"},"schema":{"@context":"https:\/\/schema.org","@graph":[{"@type":"Article","@id":"https:\/\/vosgesinfo.fr\/gerardmerinfo\/2025\/04\/le-printemps-de-la-palestine-vient-de-debuter-a-la-mcl-de-gerardmer\/#article","isPartOf":{"@id":"https:\/\/vosgesinfo.fr\/gerardmerinfo\/2025\/04\/le-printemps-de-la-palestine-vient-de-debuter-a-la-mcl-de-gerardmer\/"},"author":{"name":"QG","@id":"https:\/\/vosgesinfo.fr\/gerardmerinfo\/#\/schema\/person\/db5605779a843dad16b5368f3e7613a5"},"headline":"Le Printemps de la Palestine vient de d\u00e9buter \u00e0 la MCL de G\u00e9rardmer","datePublished":"2025-04-27T03:59:11+00:00","dateModified":"2025-04-27T11:38:20+00:00","mainEntityOfPage":{"@id":"https:\/\/vosgesinfo.fr\/gerardmerinfo\/2025\/04\/le-printemps-de-la-palestine-vient-de-debuter-a-la-mcl-de-gerardmer\/"},"wordCount":530,"commentCount":12,"publisher":{"@id":"https:\/\/vosgesinfo.fr\/gerardmerinfo\/#organization"},"image":{"@id":"https:\/\/vosgesinfo.fr\/gerardmerinfo\/2025\/04\/le-printemps-de-la-palestine-vient-de-debuter-a-la-mcl-de-gerardmer\/#primaryimage"},"thumbnailUrl":"https:\/\/vosgesinfo.fr\/app\/uploads\/sites\/6\/2025\/04\/printemps-de-la-palestine-gerardmer-ldh-1.jpg","keywords":["LDH","MCL G\u00e9rardmer","Printemps de la Palestine"],"articleSection":["A la une","Culture","Gerardmer","G\u00e9rardmer"],"inLanguage":"fr-FR","potentialAction":[{"@type":"CommentAction","name":"Comment","target":["https:\/\/vosgesinfo.fr\/gerardmerinfo\/2025\/04\/le-printemps-de-la-palestine-vient-de-debuter-a-la-mcl-de-gerardmer\/#respond"]}]},{"@type":"WebPage","@id":"https:\/\/vosgesinfo.fr\/gerardmerinfo\/2025\/04\/le-printemps-de-la-palestine-vient-de-debuter-a-la-mcl-de-gerardmer\/","url":"https:\/\/vosgesinfo.fr\/gerardmerinfo\/2025\/04\/le-printemps-de-la-palestine-vient-de-debuter-a-la-mcl-de-gerardmer\/","name":"Le Printemps de la Palestine vient de d\u00e9buter \u00e0 la MCL de G\u00e9rardmer - Gerardmer Info","isPartOf":{"@id":"https:\/\/vosgesinfo.fr\/gerardmerinfo\/#website"},"primaryImageOfPage":{"@id":"https:\/\/vosgesinfo.fr\/gerardmerinfo\/2025\/04\/le-printemps-de-la-palestine-vient-de-debuter-a-la-mcl-de-gerardmer\/#primaryimage"},"image":{"@id":"https:\/\/vosgesinfo.fr\/gerardmerinfo\/2025\/04\/le-printemps-de-la-palestine-vient-de-debuter-a-la-mcl-de-gerardmer\/#primaryimage"},"thumbnailUrl":"https:\/\/vosgesinfo.fr\/app\/uploads\/sites\/6\/2025\/04\/printemps-de-la-palestine-gerardmer-ldh-1.jpg","datePublished":"2025-04-27T03:59:11+00:00","dateModified":"2025-04-27T11:38:20+00:00","breadcrumb":{"@id":"https:\/\/vosgesinfo.fr\/gerardmerinfo\/2025\/04\/le-printemps-de-la-palestine-vient-de-debuter-a-la-mcl-de-gerardmer\/#breadcrumb"},"inLanguage":"fr-FR","potentialAction":[{"@type":"ReadAction","target":["https:\/\/vosgesinfo.fr\/gerardmerinfo\/2025\/04\/le-printemps-de-la-palestine-vient-de-debuter-a-la-mcl-de-gerardmer\/"]}]},{"@type":"ImageObject","inLanguage":"fr-FR","@id":"https:\/\/vosgesinfo.fr\/gerardmerinfo\/2025\/04\/le-printemps-de-la-palestine-vient-de-debuter-a-la-mcl-de-gerardmer\/#primaryimage","url":"https:\/\/vosgesinfo.fr\/app\/uploads\/sites\/6\/2025\/04\/printemps-de-la-palestine-gerardmer-ldh-1.jpg","contentUrl":"https:\/\/vosgesinfo.fr\/app\/uploads\/sites\/6\/2025\/04\/printemps-de-la-palestine-gerardmer-ldh-1.jpg","width":2048,"height":1536},{"@type":"BreadcrumbList","@id":"https:\/\/vosgesinfo.fr\/gerardmerinfo\/2025\/04\/le-printemps-de-la-palestine-vient-de-debuter-a-la-mcl-de-gerardmer\/#breadcrumb","itemListElement":[{"@type":"ListItem","position":1,"name":"Home","item":"https:\/\/vosgesinfo.fr\/gerardmerinfo\/"},{"@type":"ListItem","position":2,"name":"Le Printemps de la Palestine vient de d\u00e9buter \u00e0 la MCL de G\u00e9rardmer"}]},{"@type":"WebSite","@id":"https:\/\/vosgesinfo.fr\/gerardmerinfo\/#website","url":"https:\/\/vosgesinfo.fr\/gerardmerinfo\/","name":"Gerardmer Info","description":"Toute l&#039;actualit\u00e9 de G\u00e9rardmer","publisher":{"@id":"https:\/\/vosgesinfo.fr\/gerardmerinfo\/#organization"},"alternateName":"Toute l'actualit\u00e9 de G\u00e9rardmer","potentialAction":[{"@type":"SearchAction","target":{"@type":"EntryPoint","urlTemplate":"https:\/\/vosgesinfo.fr\/gerardmerinfo\/?s={search_term_string}"},"query-input":"required name=search_term_string"}],"inLanguage":"fr-FR"},{"@type":"Organization","@id":"https:\/\/vosgesinfo.fr\/gerardmerinfo\/#organization","name":"Gerardmer Info","url":"https:\/\/vosgesinfo.fr\/gerardmerinfo\/","logo":{"@type":"ImageObject","inLanguage":"fr-FR","@id":"https:\/\/vosgesinfo.fr\/gerardmerinfo\/#\/schema\/logo\/image\/","url":"https:\/\/vosgesinfo.fr\/app\/uploads\/sites\/6\/2023\/08\/favicon-gerardmerinfo.png","contentUrl":"https:\/\/vosgesinfo.fr\/app\/uploads\/sites\/6\/2023\/08\/favicon-gerardmerinfo.png","width":512,"height":512,"caption":"Gerardmer Info"},"image":{"@id":"https:\/\/vosgesinfo.fr\/gerardmerinfo\/#\/schema\/logo\/image\/"},"sameAs":["https:\/\/www.facebook.com\/profile.php?id=100049475262660","https:\/\/x.com\/VosgesInfo88","https:\/\/www.youtube.com\/@vosgesinfo"]},{"@type":"Person","@id":"https:\/\/vosgesinfo.fr\/gerardmerinfo\/#\/schema\/person\/db5605779a843dad16b5368f3e7613a5","name":"QG","image":{"@type":"ImageObject","inLanguage":"fr-FR","@id":"https:\/\/vosgesinfo.fr\/gerardmerinfo\/#\/schema\/person\/image\/","url":"https:\/\/secure.gravatar.com\/avatar\/ea80c42c204b534408512832fde52504ecabb9706bcb6151cf6175e5b64e6793?s=96&d=mm&r=g","contentUrl":"https:\/\/secure.gravatar.com\/avatar\/ea80c42c204b534408512832fde52504ecabb9706bcb6151cf6175e5b64e6793?s=96&d=mm&r=g","caption":"QG"},"url":"https:\/\/vosgesinfo.fr\/gerardmerinfo\/author\/quentin88\/"}]}},"_links":{"self":[{"href":"https:\/\/vosgesinfo.fr\/gerardmerinfo\/wp-json\/wp\/v2\/posts\/77287","targetHints":{"allow":["GET"]}}],"collection":[{"href":"https:\/\/vosgesinfo.fr\/gerardmerinfo\/wp-json\/wp\/v2\/posts"}],"about":[{"href":"https:\/\/vosgesinfo.fr\/gerardmerinfo\/wp-json\/wp\/v2\/types\/post"}],"author":[{"embeddable":true,"href":"https:\/\/vosgesinfo.fr\/gerardmerinfo\/wp-json\/wp\/v2\/users\/42"}],"replies":[{"embeddable":true,"href":"https:\/\/vosgesinfo.fr\/gerardmerinfo\/wp-json\/wp\/v2\/comments?post=77287"}],"version-history":[{"count":2,"href":"https:\/\/vosgesinfo.fr\/gerardmerinfo\/wp-json\/wp\/v2\/posts\/77287\/revisions"}],"predecessor-version":[{"id":77294,"href":"https:\/\/vosgesinfo.fr\/gerardmerinfo\/wp-json\/wp\/v2\/posts\/77287\/revisions\/77294"}],"wp:featuredmedia":[{"embeddable":true,"href":"https:\/\/vosgesinfo.fr\/gerardmerinfo\/wp-json\/wp\/v2\/media\/77288"}],"wp:attachment":[{"href":"https:\/\/vosgesinfo.fr\/gerardmerinfo\/wp-json\/wp\/v2\/media?parent=77287"}],"wp:term":[{"taxonomy":"category","embeddable":true,"href":"https:\/\/vosgesinfo.fr\/gerardmerinfo\/wp-json\/wp\/v2\/categories?post=77287"},{"taxonomy":"post_tag","embeddable":true,"href":"https:\/\/vosgesinfo.fr\/gerardmerinfo\/wp-json\/wp\/v2\/tags?post=77287"}],"curies":[{"name":"wp","href":"https:\/\/api.w.org\/{rel}","templated":true}]}}