{"id":77292,"date":"2025-04-27T00:40:34","date_gmt":"2025-04-26T22:40:34","guid":{"rendered":"https:\/\/vosgesinfo.fr\/gerardmerinfo\/?p=77292"},"modified":"2025-04-27T00:40:34","modified_gmt":"2025-04-26T22:40:34","slug":"ambre-dewerdt-sacree-miss-vosges-2025","status":"publish","type":"post","link":"https:\/\/vosgesinfo.fr\/gerardmerinfo\/2025\/04\/ambre-dewerdt-sacree-miss-vosges-2025\/","title":{"rendered":"Ambre Dewerdt sacr\u00e9e Miss Vosges 2025"},"content":{"rendered":"<div id=\"attachment_77308\" style=\"width: 829px\" class=\"wp-caption alignnone\"><a href=\"https:\/\/vosgesinfo.fr\/app\/uploads\/sites\/4\/2025\/04\/ambre-dewerdt-01.jpg\"><img decoding=\"async\" aria-describedby=\"caption-attachment-77308\" class=\"size-large wp-image-77308\" src=\"https:\/\/vosgesinfo.fr\/app\/uploads\/sites\/4\/2025\/04\/ambre-dewerdt-01-819x1024.jpg\" alt=\"\" width=\"819\" height=\"1024\" \/><\/a><p id=\"caption-attachment-77308\" class=\"wp-caption-text\">Ambre Dewerdt a \u00e9t\u00e9 \u00e9lue ce samedi soir Miss Vosges 2025.<\/p><\/div>\n<h2><strong>L&rsquo;\u00e9lection de Miss Vosges 2025<\/strong> s&rsquo;est tenue ce <strong>samedi soir au casino de Plombi\u00e8res-les-Bains<\/strong>. <strong>Huit candidates<\/strong> \u00e9taient en lice pour succ\u00e9der \u00e0 <strong>Sarah Lhuillier<\/strong>. En fin de soir\u00e9e, c&rsquo;est <a href=\"https:\/\/vosgesinfo.fr\/saintdieinfo\/2025\/04\/ambre-dewerdt-tentera-de-decrocher-lecharpe-de-miss-vosges-le-26-avril-prochain\/\" target=\"_blank\" rel=\"noopener\"><strong>Ambre Dewerdt<\/strong><\/a> qui a \u00e9t\u00e9 sacr\u00e9e <strong>Miss Vosges<\/strong>. \u00c2g\u00e9e de <strong>26 ans<\/strong>, la jeune femme originaire de <strong>Ramonchamp<\/strong> participera \u00e0 l&rsquo;\u00e9lection de <strong>Miss Lorraine 2025<\/strong>, qui se tiendra le <strong>samedi 11 octobre prochain<\/strong>.<\/h2>\n<p><!--more--><\/p>\n<p>La D\u00e9odatienne <a href=\"https:\/\/vosgesinfo.fr\/saintdieinfo\/2025\/04\/la-deodatienne-lola-fertig-est-de-nouveau-candidate-a-lelection-de-miss-vosges\/\" target=\"_blank\" rel=\"noopener\"><strong>Lola Fertig<\/strong><\/a> et la L\u00e9onardienne <a href=\"https:\/\/vosgesinfo.fr\/saintdieinfo\/2025\/04\/saint-leonard-lalie-noel-est-en-lice-pour-lelection-de-miss-vosges-2025\/\" target=\"_blank\" rel=\"noopener\"><strong>Lalie No\u00ebl<\/strong><\/a>, respectivement \u00e9lues ce soir <strong>Premi\u00e8re et Deuxi\u00e8me Dauphines<\/strong>, participeront \u00e9galement \u00e0 l&rsquo;\u00e9lection r\u00e9gionale. Avec \u00e0 la cl\u00e9, pour toutes les trois, <strong>l&rsquo;opportunit\u00e9 de repr\u00e9senter la Lorraine lors de la prochaine \u00e9lection de Miss France<\/strong>.<\/p>\n<p>J.J.<\/p>\n<div id=\"attachment_76810\" style=\"width: 562px\" class=\"wp-caption alignnone\"><a href=\"https:\/\/vosgesinfo.fr\/app\/uploads\/sites\/4\/2025\/04\/lola-fertig-deuxieme-candidature-miss-vosges-2025.jpg\"><img decoding=\"async\" aria-describedby=\"caption-attachment-76810\" class=\"size-large wp-image-76810\" src=\"https:\/\/vosgesinfo.fr\/app\/uploads\/sites\/4\/2025\/04\/lola-fertig-deuxieme-candidature-miss-vosges-2025-552x1024.jpg\" alt=\"\" width=\"552\" height=\"1024\" \/><\/a><p id=\"caption-attachment-76810\" class=\"wp-caption-text\">Lola Fertig, de Saint-Di\u00e9-des-Vosges, est Premi\u00e8re Dauphine.<\/p><\/div>\n<div id=\"attachment_76705\" style=\"width: 693px\" class=\"wp-caption alignnone\"><a href=\"https:\/\/vosgesinfo.fr\/app\/uploads\/sites\/4\/2025\/04\/saint-leonard-lalie-noel-miss-vosges-2025-1-scaled.jpg\"><img decoding=\"async\" aria-describedby=\"caption-attachment-76705\" class=\"size-large wp-image-76705\" src=\"https:\/\/vosgesinfo.fr\/app\/uploads\/sites\/4\/2025\/04\/saint-leonard-lalie-noel-miss-vosges-2025-1-683x1024.jpg\" alt=\"\" width=\"683\" height=\"1024\" \/><\/a><p id=\"caption-attachment-76705\" class=\"wp-caption-text\">Lalie No\u00ebl, de Saint-L\u00e9onard, est Deuxi\u00e8me Dauphine.<\/p><\/div>\n","protected":false},"excerpt":{"rendered":"<p>L&rsquo;\u00e9lection de Miss Vosges 2025 s&rsquo;est tenue ce samedi soir au casino de Plombi\u00e8res-les-Bains. Huit candidates \u00e9taient en lice pour [&hellip;]<\/p>\n","protected":false},"author":46,"featured_media":77293,"comment_status":"open","ping_status":"open","sticky":false,"template":"","format":"standard","meta":{"footnotes":""},"categories":[20,871,878,25,328,44,868,875,908,18],"tags":[7132,7090,7135,7161,6989],"class_list":["post-77292","post","type-post","status-publish","format-standard","has-post-thumbnail","hentry","category-a-la-une","category-deodatie","category-epinal","category-gerardmer","category-la-plaine-des-vosges","category-loisirs","category-remiremont","category-saint-die-des-vosges","category-saint-die-des-vosges-et-son-agglomeration","category-vosges","tag-ambre-dewerdt","tag-casino-de-plombieres-les-bains","tag-lalie-noel","tag-lola-fertig","tag-miss-vosges-2025"],"acf":[],"yoast_head":"<!-- This site is optimized with the Yoast SEO plugin v22.5 - https:\/\/yoast.com\/wordpress\/plugins\/seo\/ -->\n<title>Ambre Dewerdt sacr\u00e9e Miss Vosges 2025 - Gerardmer Info<\/title>\n<meta name=\"robots\" content=\"index, follow, max-snippet:-1, max-image-preview:large, max-video-preview:-1\" \/>\n<link rel=\"canonical\" href=\"https:\/\/vosgesinfo.fr\/gerardmerinfo\/2025\/04\/ambre-dewerdt-sacree-miss-vosges-2025\/\" \/>\n<meta name=\"twitter:card\" content=\"summary_large_image\" \/>\n<meta name=\"twitter:title\" content=\"Ambre Dewerdt sacr\u00e9e Miss Vosges 2025 - Gerardmer Info\" \/>\n<meta name=\"twitter:description\" content=\"L&rsquo;\u00e9lection de Miss Vosges 2025 s&rsquo;est tenue ce samedi soir au casino de Plombi\u00e8res-les-Bains. Huit candidates \u00e9taient en lice pour [&hellip;]\" \/>\n<meta name=\"twitter:image\" content=\"https:\/\/vosgesinfo.fr\/app\/uploads\/sites\/6\/2025\/04\/ambre-dewerdt.jpg\" \/>\n<meta name=\"twitter:creator\" content=\"@VosgesInfo88\" \/>\n<meta name=\"twitter:site\" content=\"@VosgesInfo88\" \/>\n<meta name=\"twitter:label1\" content=\"\u00c9crit par\" \/>\n\t<meta name=\"twitter:data1\" content=\"J.J.\" \/>\n\t<meta name=\"twitter:label2\" content=\"Dur\u00e9e de lecture estim\u00e9e\" \/>\n\t<meta name=\"twitter:data2\" content=\"1 minute\" \/>\n<script type=\"application\/ld+json\" class=\"yoast-schema-graph\">{\"@context\":\"https:\/\/schema.org\",\"@graph\":[{\"@type\":\"Article\",\"@id\":\"https:\/\/vosgesinfo.fr\/gerardmerinfo\/2025\/04\/ambre-dewerdt-sacree-miss-vosges-2025\/#article\",\"isPartOf\":{\"@id\":\"https:\/\/vosgesinfo.fr\/gerardmerinfo\/2025\/04\/ambre-dewerdt-sacree-miss-vosges-2025\/\"},\"author\":{\"name\":\"J.J.\",\"@id\":\"https:\/\/vosgesinfo.fr\/gerardmerinfo\/#\/schema\/person\/fa73e9f726d67bb88f46d5b7943cb572\"},\"headline\":\"Ambre Dewerdt sacr\u00e9e Miss Vosges 2025\",\"datePublished\":\"2025-04-26T22:40:34+00:00\",\"dateModified\":\"2025-04-26T22:40:34+00:00\",\"mainEntityOfPage\":{\"@id\":\"https:\/\/vosgesinfo.fr\/gerardmerinfo\/2025\/04\/ambre-dewerdt-sacree-miss-vosges-2025\/\"},\"wordCount\":173,\"commentCount\":0,\"publisher\":{\"@id\":\"https:\/\/vosgesinfo.fr\/gerardmerinfo\/#organization\"},\"image\":{\"@id\":\"https:\/\/vosgesinfo.fr\/gerardmerinfo\/2025\/04\/ambre-dewerdt-sacree-miss-vosges-2025\/#primaryimage\"},\"thumbnailUrl\":\"https:\/\/vosgesinfo.fr\/app\/uploads\/sites\/6\/2025\/04\/ambre-dewerdt.jpg\",\"keywords\":[\"Ambre Dewerdt\",\"Casino de Plombi\u00e8res-les-Bains\",\"Lalie No\u00ebl\",\"Lola Fertig\",\"Miss Vosges 2025\"],\"articleSection\":[\"A la une\",\"D\u00e9odatie\",\"Epinal\",\"G\u00e9rardmer\",\"La plaine des vosges\",\"Loisirs\",\"Remiremont\",\"Saint-Di\u00e9-des-Vosges\",\"Saint-Di\u00e9-des-Vosges et son Agglom\u00e9ration\",\"Vosges\"],\"inLanguage\":\"fr-FR\",\"potentialAction\":[{\"@type\":\"CommentAction\",\"name\":\"Comment\",\"target\":[\"https:\/\/vosgesinfo.fr\/gerardmerinfo\/2025\/04\/ambre-dewerdt-sacree-miss-vosges-2025\/#respond\"]}]},{\"@type\":\"WebPage\",\"@id\":\"https:\/\/vosgesinfo.fr\/gerardmerinfo\/2025\/04\/ambre-dewerdt-sacree-miss-vosges-2025\/\",\"url\":\"https:\/\/vosgesinfo.fr\/gerardmerinfo\/2025\/04\/ambre-dewerdt-sacree-miss-vosges-2025\/\",\"name\":\"Ambre Dewerdt sacr\u00e9e Miss Vosges 2025 - Gerardmer Info\",\"isPartOf\":{\"@id\":\"https:\/\/vosgesinfo.fr\/gerardmerinfo\/#website\"},\"primaryImageOfPage\":{\"@id\":\"https:\/\/vosgesinfo.fr\/gerardmerinfo\/2025\/04\/ambre-dewerdt-sacree-miss-vosges-2025\/#primaryimage\"},\"image\":{\"@id\":\"https:\/\/vosgesinfo.fr\/gerardmerinfo\/2025\/04\/ambre-dewerdt-sacree-miss-vosges-2025\/#primaryimage\"},\"thumbnailUrl\":\"https:\/\/vosgesinfo.fr\/app\/uploads\/sites\/6\/2025\/04\/ambre-dewerdt.jpg\",\"datePublished\":\"2025-04-26T22:40:34+00:00\",\"dateModified\":\"2025-04-26T22:40:34+00:00\",\"breadcrumb\":{\"@id\":\"https:\/\/vosgesinfo.fr\/gerardmerinfo\/2025\/04\/ambre-dewerdt-sacree-miss-vosges-2025\/#breadcrumb\"},\"inLanguage\":\"fr-FR\",\"potentialAction\":[{\"@type\":\"ReadAction\",\"target\":[\"https:\/\/vosgesinfo.fr\/gerardmerinfo\/2025\/04\/ambre-dewerdt-sacree-miss-vosges-2025\/\"]}]},{\"@type\":\"ImageObject\",\"inLanguage\":\"fr-FR\",\"@id\":\"https:\/\/vosgesinfo.fr\/gerardmerinfo\/2025\/04\/ambre-dewerdt-sacree-miss-vosges-2025\/#primaryimage\",\"url\":\"https:\/\/vosgesinfo.fr\/app\/uploads\/sites\/6\/2025\/04\/ambre-dewerdt.jpg\",\"contentUrl\":\"https:\/\/vosgesinfo.fr\/app\/uploads\/sites\/6\/2025\/04\/ambre-dewerdt.jpg\",\"width\":628,\"height\":487},{\"@type\":\"BreadcrumbList\",\"@id\":\"https:\/\/vosgesinfo.fr\/gerardmerinfo\/2025\/04\/ambre-dewerdt-sacree-miss-vosges-2025\/#breadcrumb\",\"itemListElement\":[{\"@type\":\"ListItem\",\"position\":1,\"name\":\"Home\",\"item\":\"https:\/\/vosgesinfo.fr\/gerardmerinfo\/\"},{\"@type\":\"ListItem\",\"position\":2,\"name\":\"Ambre Dewerdt sacr\u00e9e Miss Vosges 2025\"}]},{\"@type\":\"WebSite\",\"@id\":\"https:\/\/vosgesinfo.fr\/gerardmerinfo\/#website\",\"url\":\"https:\/\/vosgesinfo.fr\/gerardmerinfo\/\",\"name\":\"Gerardmer Info\",\"description\":\"Toute l&#039;actualit\u00e9 de G\u00e9rardmer\",\"publisher\":{\"@id\":\"https:\/\/vosgesinfo.fr\/gerardmerinfo\/#organization\"},\"alternateName\":\"Toute l'actualit\u00e9 de G\u00e9rardmer\",\"potentialAction\":[{\"@type\":\"SearchAction\",\"target\":{\"@type\":\"EntryPoint\",\"urlTemplate\":\"https:\/\/vosgesinfo.fr\/gerardmerinfo\/?s={search_term_string}\"},\"query-input\":\"required name=search_term_string\"}],\"inLanguage\":\"fr-FR\"},{\"@type\":\"Organization\",\"@id\":\"https:\/\/vosgesinfo.fr\/gerardmerinfo\/#organization\",\"name\":\"Gerardmer Info\",\"url\":\"https:\/\/vosgesinfo.fr\/gerardmerinfo\/\",\"logo\":{\"@type\":\"ImageObject\",\"inLanguage\":\"fr-FR\",\"@id\":\"https:\/\/vosgesinfo.fr\/gerardmerinfo\/#\/schema\/logo\/image\/\",\"url\":\"https:\/\/vosgesinfo.fr\/app\/uploads\/sites\/6\/2023\/08\/favicon-gerardmerinfo.png\",\"contentUrl\":\"https:\/\/vosgesinfo.fr\/app\/uploads\/sites\/6\/2023\/08\/favicon-gerardmerinfo.png\",\"width\":512,\"height\":512,\"caption\":\"Gerardmer Info\"},\"image\":{\"@id\":\"https:\/\/vosgesinfo.fr\/gerardmerinfo\/#\/schema\/logo\/image\/\"},\"sameAs\":[\"https:\/\/www.facebook.com\/profile.php?id=100049475262660\",\"https:\/\/x.com\/VosgesInfo88\",\"https:\/\/www.youtube.com\/@vosgesinfo\"]},{\"@type\":\"Person\",\"@id\":\"https:\/\/vosgesinfo.fr\/gerardmerinfo\/#\/schema\/person\/fa73e9f726d67bb88f46d5b7943cb572\",\"name\":\"J.J.\",\"image\":{\"@type\":\"ImageObject\",\"inLanguage\":\"fr-FR\",\"@id\":\"https:\/\/vosgesinfo.fr\/gerardmerinfo\/#\/schema\/person\/image\/\",\"url\":\"https:\/\/secure.gravatar.com\/avatar\/219e749e47ffbcca018a360ae4add7d4cdf1cdaaf8bc7676b27efade3fe65615?s=96&d=mm&r=g\",\"contentUrl\":\"https:\/\/secure.gravatar.com\/avatar\/219e749e47ffbcca018a360ae4add7d4cdf1cdaaf8bc7676b27efade3fe65615?s=96&d=mm&r=g\",\"caption\":\"J.J.\"},\"url\":\"https:\/\/vosgesinfo.fr\/gerardmerinfo\/author\/j-j\/\"}]}<\/script>\n<!-- \/ Yoast SEO plugin. -->","yoast_head_json":{"title":"Ambre Dewerdt sacr\u00e9e Miss Vosges 2025 - Gerardmer Info","robots":{"index":"index","follow":"follow","max-snippet":"max-snippet:-1","max-image-preview":"max-image-preview:large","max-video-preview":"max-video-preview:-1"},"canonical":"https:\/\/vosgesinfo.fr\/gerardmerinfo\/2025\/04\/ambre-dewerdt-sacree-miss-vosges-2025\/","twitter_card":"summary_large_image","twitter_title":"Ambre Dewerdt sacr\u00e9e Miss Vosges 2025 - Gerardmer Info","twitter_description":"L&rsquo;\u00e9lection de Miss Vosges 2025 s&rsquo;est tenue ce samedi soir au casino de Plombi\u00e8res-les-Bains. Huit candidates \u00e9taient en lice pour [&hellip;]","twitter_image":"https:\/\/vosgesinfo.fr\/app\/uploads\/sites\/6\/2025\/04\/ambre-dewerdt.jpg","twitter_creator":"@VosgesInfo88","twitter_site":"@VosgesInfo88","twitter_misc":{"\u00c9crit par":"J.J.","Dur\u00e9e de lecture estim\u00e9e":"1 minute"},"schema":{"@context":"https:\/\/schema.org","@graph":[{"@type":"Article","@id":"https:\/\/vosgesinfo.fr\/gerardmerinfo\/2025\/04\/ambre-dewerdt-sacree-miss-vosges-2025\/#article","isPartOf":{"@id":"https:\/\/vosgesinfo.fr\/gerardmerinfo\/2025\/04\/ambre-dewerdt-sacree-miss-vosges-2025\/"},"author":{"name":"J.J.","@id":"https:\/\/vosgesinfo.fr\/gerardmerinfo\/#\/schema\/person\/fa73e9f726d67bb88f46d5b7943cb572"},"headline":"Ambre Dewerdt sacr\u00e9e Miss Vosges 2025","datePublished":"2025-04-26T22:40:34+00:00","dateModified":"2025-04-26T22:40:34+00:00","mainEntityOfPage":{"@id":"https:\/\/vosgesinfo.fr\/gerardmerinfo\/2025\/04\/ambre-dewerdt-sacree-miss-vosges-2025\/"},"wordCount":173,"commentCount":0,"publisher":{"@id":"https:\/\/vosgesinfo.fr\/gerardmerinfo\/#organization"},"image":{"@id":"https:\/\/vosgesinfo.fr\/gerardmerinfo\/2025\/04\/ambre-dewerdt-sacree-miss-vosges-2025\/#primaryimage"},"thumbnailUrl":"https:\/\/vosgesinfo.fr\/app\/uploads\/sites\/6\/2025\/04\/ambre-dewerdt.jpg","keywords":["Ambre Dewerdt","Casino de Plombi\u00e8res-les-Bains","Lalie No\u00ebl","Lola Fertig","Miss Vosges 2025"],"articleSection":["A la une","D\u00e9odatie","Epinal","G\u00e9rardmer","La plaine des vosges","Loisirs","Remiremont","Saint-Di\u00e9-des-Vosges","Saint-Di\u00e9-des-Vosges et son Agglom\u00e9ration","Vosges"],"inLanguage":"fr-FR","potentialAction":[{"@type":"CommentAction","name":"Comment","target":["https:\/\/vosgesinfo.fr\/gerardmerinfo\/2025\/04\/ambre-dewerdt-sacree-miss-vosges-2025\/#respond"]}]},{"@type":"WebPage","@id":"https:\/\/vosgesinfo.fr\/gerardmerinfo\/2025\/04\/ambre-dewerdt-sacree-miss-vosges-2025\/","url":"https:\/\/vosgesinfo.fr\/gerardmerinfo\/2025\/04\/ambre-dewerdt-sacree-miss-vosges-2025\/","name":"Ambre Dewerdt sacr\u00e9e Miss Vosges 2025 - Gerardmer Info","isPartOf":{"@id":"https:\/\/vosgesinfo.fr\/gerardmerinfo\/#website"},"primaryImageOfPage":{"@id":"https:\/\/vosgesinfo.fr\/gerardmerinfo\/2025\/04\/ambre-dewerdt-sacree-miss-vosges-2025\/#primaryimage"},"image":{"@id":"https:\/\/vosgesinfo.fr\/gerardmerinfo\/2025\/04\/ambre-dewerdt-sacree-miss-vosges-2025\/#primaryimage"},"thumbnailUrl":"https:\/\/vosgesinfo.fr\/app\/uploads\/sites\/6\/2025\/04\/ambre-dewerdt.jpg","datePublished":"2025-04-26T22:40:34+00:00","dateModified":"2025-04-26T22:40:34+00:00","breadcrumb":{"@id":"https:\/\/vosgesinfo.fr\/gerardmerinfo\/2025\/04\/ambre-dewerdt-sacree-miss-vosges-2025\/#breadcrumb"},"inLanguage":"fr-FR","potentialAction":[{"@type":"ReadAction","target":["https:\/\/vosgesinfo.fr\/gerardmerinfo\/2025\/04\/ambre-dewerdt-sacree-miss-vosges-2025\/"]}]},{"@type":"ImageObject","inLanguage":"fr-FR","@id":"https:\/\/vosgesinfo.fr\/gerardmerinfo\/2025\/04\/ambre-dewerdt-sacree-miss-vosges-2025\/#primaryimage","url":"https:\/\/vosgesinfo.fr\/app\/uploads\/sites\/6\/2025\/04\/ambre-dewerdt.jpg","contentUrl":"https:\/\/vosgesinfo.fr\/app\/uploads\/sites\/6\/2025\/04\/ambre-dewerdt.jpg","width":628,"height":487},{"@type":"BreadcrumbList","@id":"https:\/\/vosgesinfo.fr\/gerardmerinfo\/2025\/04\/ambre-dewerdt-sacree-miss-vosges-2025\/#breadcrumb","itemListElement":[{"@type":"ListItem","position":1,"name":"Home","item":"https:\/\/vosgesinfo.fr\/gerardmerinfo\/"},{"@type":"ListItem","position":2,"name":"Ambre Dewerdt sacr\u00e9e Miss Vosges 2025"}]},{"@type":"WebSite","@id":"https:\/\/vosgesinfo.fr\/gerardmerinfo\/#website","url":"https:\/\/vosgesinfo.fr\/gerardmerinfo\/","name":"Gerardmer Info","description":"Toute l&#039;actualit\u00e9 de G\u00e9rardmer","publisher":{"@id":"https:\/\/vosgesinfo.fr\/gerardmerinfo\/#organization"},"alternateName":"Toute l'actualit\u00e9 de G\u00e9rardmer","potentialAction":[{"@type":"SearchAction","target":{"@type":"EntryPoint","urlTemplate":"https:\/\/vosgesinfo.fr\/gerardmerinfo\/?s={search_term_string}"},"query-input":"required name=search_term_string"}],"inLanguage":"fr-FR"},{"@type":"Organization","@id":"https:\/\/vosgesinfo.fr\/gerardmerinfo\/#organization","name":"Gerardmer Info","url":"https:\/\/vosgesinfo.fr\/gerardmerinfo\/","logo":{"@type":"ImageObject","inLanguage":"fr-FR","@id":"https:\/\/vosgesinfo.fr\/gerardmerinfo\/#\/schema\/logo\/image\/","url":"https:\/\/vosgesinfo.fr\/app\/uploads\/sites\/6\/2023\/08\/favicon-gerardmerinfo.png","contentUrl":"https:\/\/vosgesinfo.fr\/app\/uploads\/sites\/6\/2023\/08\/favicon-gerardmerinfo.png","width":512,"height":512,"caption":"Gerardmer Info"},"image":{"@id":"https:\/\/vosgesinfo.fr\/gerardmerinfo\/#\/schema\/logo\/image\/"},"sameAs":["https:\/\/www.facebook.com\/profile.php?id=100049475262660","https:\/\/x.com\/VosgesInfo88","https:\/\/www.youtube.com\/@vosgesinfo"]},{"@type":"Person","@id":"https:\/\/vosgesinfo.fr\/gerardmerinfo\/#\/schema\/person\/fa73e9f726d67bb88f46d5b7943cb572","name":"J.J.","image":{"@type":"ImageObject","inLanguage":"fr-FR","@id":"https:\/\/vosgesinfo.fr\/gerardmerinfo\/#\/schema\/person\/image\/","url":"https:\/\/secure.gravatar.com\/avatar\/219e749e47ffbcca018a360ae4add7d4cdf1cdaaf8bc7676b27efade3fe65615?s=96&d=mm&r=g","contentUrl":"https:\/\/secure.gravatar.com\/avatar\/219e749e47ffbcca018a360ae4add7d4cdf1cdaaf8bc7676b27efade3fe65615?s=96&d=mm&r=g","caption":"J.J."},"url":"https:\/\/vosgesinfo.fr\/gerardmerinfo\/author\/j-j\/"}]}},"_links":{"self":[{"href":"https:\/\/vosgesinfo.fr\/gerardmerinfo\/wp-json\/wp\/v2\/posts\/77292","targetHints":{"allow":["GET"]}}],"collection":[{"href":"https:\/\/vosgesinfo.fr\/gerardmerinfo\/wp-json\/wp\/v2\/posts"}],"about":[{"href":"https:\/\/vosgesinfo.fr\/gerardmerinfo\/wp-json\/wp\/v2\/types\/post"}],"author":[{"embeddable":true,"href":"https:\/\/vosgesinfo.fr\/gerardmerinfo\/wp-json\/wp\/v2\/users\/46"}],"replies":[{"embeddable":true,"href":"https:\/\/vosgesinfo.fr\/gerardmerinfo\/wp-json\/wp\/v2\/comments?post=77292"}],"version-history":[{"count":0,"href":"https:\/\/vosgesinfo.fr\/gerardmerinfo\/wp-json\/wp\/v2\/posts\/77292\/revisions"}],"wp:featuredmedia":[{"embeddable":true,"href":"https:\/\/vosgesinfo.fr\/gerardmerinfo\/wp-json\/wp\/v2\/media\/77293"}],"wp:attachment":[{"href":"https:\/\/vosgesinfo.fr\/gerardmerinfo\/wp-json\/wp\/v2\/media?parent=77292"}],"wp:term":[{"taxonomy":"category","embeddable":true,"href":"https:\/\/vosgesinfo.fr\/gerardmerinfo\/wp-json\/wp\/v2\/categories?post=77292"},{"taxonomy":"post_tag","embeddable":true,"href":"https:\/\/vosgesinfo.fr\/gerardmerinfo\/wp-json\/wp\/v2\/tags?post=77292"}],"curies":[{"name":"wp","href":"https:\/\/api.w.org\/{rel}","templated":true}]}}