{"id":77322,"date":"2025-04-27T17:50:58","date_gmt":"2025-04-27T15:50:58","guid":{"rendered":"https:\/\/vosgesinfo.fr\/gerardmerinfo\/?p=77322"},"modified":"2025-04-27T17:50:58","modified_gmt":"2025-04-27T15:50:58","slug":"vittel-la-foire-aux-grenouilles-une-tradition-gourmande-qui-rassemble-video","status":"publish","type":"post","link":"https:\/\/vosgesinfo.fr\/gerardmerinfo\/2025\/04\/vittel-la-foire-aux-grenouilles-une-tradition-gourmande-qui-rassemble-video\/","title":{"rendered":"Vittel : La Foire aux Grenouilles, une tradition gourmande qui rassemble [video]"},"content":{"rendered":"<p><iframe loading=\"lazy\" src=\"\/\/www.youtube.com\/embed\/9xkHLKLFPQM\" width=\"560\" height=\"314\" allowfullscreen=\"allowfullscreen\"><\/iframe><\/p>\n<p>Ce week-end, la cit\u00e9 thermale de Vittel a renou\u00e9 avec l&rsquo;effervescence de sa c\u00e9l\u00e8bre Foire aux Grenouilles. Pour cette 51\u1d49 \u00e9dition, habitants et visiteurs se sont retrouv\u00e9s dans une ambiance festive, entre concerts, f\u00eate foraine et d\u00e9gustation de cuisses de grenouilles, embl\u00e8me gourmand de l&rsquo;\u00e9v\u00e9nement. Retour en Vid\u00e9o sur l&rsquo;\u00e9v\u00e8nement.<\/p>\n","protected":false},"excerpt":{"rendered":"<p>Ce week-end, la cit\u00e9 thermale de Vittel a renou\u00e9 avec l&rsquo;effervescence de sa c\u00e9l\u00e8bre Foire aux Grenouilles. Pour cette 51\u1d49 [&hellip;]<\/p>\n","protected":false},"author":52,"featured_media":77323,"comment_status":"open","ping_status":"open","sticky":false,"template":"","format":"standard","meta":{"footnotes":""},"categories":[20,878,25,328,868,946],"tags":[7068,2284,1392],"class_list":["post-77322","post","type-post","status-publish","format-standard","has-post-thumbnail","hentry","category-a-la-une","category-epinal","category-gerardmer","category-la-plaine-des-vosges","category-remiremont","category-saint-die","tag-foire-aux-grenouilles","tag-vittel","tag-vosges"],"acf":[],"yoast_head":"<!-- This site is optimized with the Yoast SEO plugin v22.5 - https:\/\/yoast.com\/wordpress\/plugins\/seo\/ -->\n<title>Vittel : La Foire aux Grenouilles, une tradition gourmande qui rassemble [video] - Gerardmer Info<\/title>\n<meta name=\"robots\" content=\"index, follow, max-snippet:-1, max-image-preview:large, max-video-preview:-1\" \/>\n<link rel=\"canonical\" href=\"https:\/\/vosgesinfo.fr\/gerardmerinfo\/2025\/04\/vittel-la-foire-aux-grenouilles-une-tradition-gourmande-qui-rassemble-video\/\" \/>\n<meta name=\"twitter:card\" content=\"summary_large_image\" \/>\n<meta name=\"twitter:title\" content=\"Vittel : La Foire aux Grenouilles, une tradition gourmande qui rassemble [video] - Gerardmer Info\" \/>\n<meta name=\"twitter:description\" content=\"Ce week-end, la cit\u00e9 thermale de Vittel a renou\u00e9 avec l&rsquo;effervescence de sa c\u00e9l\u00e8bre Foire aux Grenouilles. Pour cette 51\u1d49 [&hellip;]\" \/>\n<meta name=\"twitter:image\" content=\"https:\/\/vosgesinfo.fr\/app\/uploads\/sites\/6\/2025\/04\/foire-aux-grenouilles-vittel.2jpg-1.jpg\" \/>\n<meta name=\"twitter:creator\" content=\"@VosgesInfo88\" \/>\n<meta name=\"twitter:site\" content=\"@VosgesInfo88\" \/>\n<meta name=\"twitter:label1\" content=\"\u00c9crit par\" \/>\n\t<meta name=\"twitter:data1\" content=\"C.K.\" \/>\n<script type=\"application\/ld+json\" class=\"yoast-schema-graph\">{\"@context\":\"https:\/\/schema.org\",\"@graph\":[{\"@type\":\"Article\",\"@id\":\"https:\/\/vosgesinfo.fr\/gerardmerinfo\/2025\/04\/vittel-la-foire-aux-grenouilles-une-tradition-gourmande-qui-rassemble-video\/#article\",\"isPartOf\":{\"@id\":\"https:\/\/vosgesinfo.fr\/gerardmerinfo\/2025\/04\/vittel-la-foire-aux-grenouilles-une-tradition-gourmande-qui-rassemble-video\/\"},\"author\":{\"name\":\"C.K.\",\"@id\":\"https:\/\/vosgesinfo.fr\/gerardmerinfo\/#\/schema\/person\/6f9a650eeea99d969b6c4ab78fccbe81\"},\"headline\":\"Vittel : La Foire aux Grenouilles, une tradition gourmande qui rassemble [video]\",\"datePublished\":\"2025-04-27T15:50:58+00:00\",\"dateModified\":\"2025-04-27T15:50:58+00:00\",\"mainEntityOfPage\":{\"@id\":\"https:\/\/vosgesinfo.fr\/gerardmerinfo\/2025\/04\/vittel-la-foire-aux-grenouilles-une-tradition-gourmande-qui-rassemble-video\/\"},\"wordCount\":72,\"commentCount\":0,\"publisher\":{\"@id\":\"https:\/\/vosgesinfo.fr\/gerardmerinfo\/#organization\"},\"image\":{\"@id\":\"https:\/\/vosgesinfo.fr\/gerardmerinfo\/2025\/04\/vittel-la-foire-aux-grenouilles-une-tradition-gourmande-qui-rassemble-video\/#primaryimage\"},\"thumbnailUrl\":\"https:\/\/vosgesinfo.fr\/app\/uploads\/sites\/6\/2025\/04\/foire-aux-grenouilles-vittel.2jpg-1.jpg\",\"keywords\":[\"foire aux grenouilles\",\"vittel\",\"vosges\"],\"articleSection\":[\"A la une\",\"Epinal\",\"G\u00e9rardmer\",\"La plaine des vosges\",\"Remiremont\",\"Saint-di\u00e9\"],\"inLanguage\":\"fr-FR\",\"potentialAction\":[{\"@type\":\"CommentAction\",\"name\":\"Comment\",\"target\":[\"https:\/\/vosgesinfo.fr\/gerardmerinfo\/2025\/04\/vittel-la-foire-aux-grenouilles-une-tradition-gourmande-qui-rassemble-video\/#respond\"]}]},{\"@type\":\"WebPage\",\"@id\":\"https:\/\/vosgesinfo.fr\/gerardmerinfo\/2025\/04\/vittel-la-foire-aux-grenouilles-une-tradition-gourmande-qui-rassemble-video\/\",\"url\":\"https:\/\/vosgesinfo.fr\/gerardmerinfo\/2025\/04\/vittel-la-foire-aux-grenouilles-une-tradition-gourmande-qui-rassemble-video\/\",\"name\":\"Vittel : La Foire aux Grenouilles, une tradition gourmande qui rassemble [video] - Gerardmer Info\",\"isPartOf\":{\"@id\":\"https:\/\/vosgesinfo.fr\/gerardmerinfo\/#website\"},\"primaryImageOfPage\":{\"@id\":\"https:\/\/vosgesinfo.fr\/gerardmerinfo\/2025\/04\/vittel-la-foire-aux-grenouilles-une-tradition-gourmande-qui-rassemble-video\/#primaryimage\"},\"image\":{\"@id\":\"https:\/\/vosgesinfo.fr\/gerardmerinfo\/2025\/04\/vittel-la-foire-aux-grenouilles-une-tradition-gourmande-qui-rassemble-video\/#primaryimage\"},\"thumbnailUrl\":\"https:\/\/vosgesinfo.fr\/app\/uploads\/sites\/6\/2025\/04\/foire-aux-grenouilles-vittel.2jpg-1.jpg\",\"datePublished\":\"2025-04-27T15:50:58+00:00\",\"dateModified\":\"2025-04-27T15:50:58+00:00\",\"breadcrumb\":{\"@id\":\"https:\/\/vosgesinfo.fr\/gerardmerinfo\/2025\/04\/vittel-la-foire-aux-grenouilles-une-tradition-gourmande-qui-rassemble-video\/#breadcrumb\"},\"inLanguage\":\"fr-FR\",\"potentialAction\":[{\"@type\":\"ReadAction\",\"target\":[\"https:\/\/vosgesinfo.fr\/gerardmerinfo\/2025\/04\/vittel-la-foire-aux-grenouilles-une-tradition-gourmande-qui-rassemble-video\/\"]}]},{\"@type\":\"ImageObject\",\"inLanguage\":\"fr-FR\",\"@id\":\"https:\/\/vosgesinfo.fr\/gerardmerinfo\/2025\/04\/vittel-la-foire-aux-grenouilles-une-tradition-gourmande-qui-rassemble-video\/#primaryimage\",\"url\":\"https:\/\/vosgesinfo.fr\/app\/uploads\/sites\/6\/2025\/04\/foire-aux-grenouilles-vittel.2jpg-1.jpg\",\"contentUrl\":\"https:\/\/vosgesinfo.fr\/app\/uploads\/sites\/6\/2025\/04\/foire-aux-grenouilles-vittel.2jpg-1.jpg\",\"width\":1599,\"height\":900},{\"@type\":\"BreadcrumbList\",\"@id\":\"https:\/\/vosgesinfo.fr\/gerardmerinfo\/2025\/04\/vittel-la-foire-aux-grenouilles-une-tradition-gourmande-qui-rassemble-video\/#breadcrumb\",\"itemListElement\":[{\"@type\":\"ListItem\",\"position\":1,\"name\":\"Home\",\"item\":\"https:\/\/vosgesinfo.fr\/gerardmerinfo\/\"},{\"@type\":\"ListItem\",\"position\":2,\"name\":\"Vittel : La Foire aux Grenouilles, une tradition gourmande qui rassemble [video]\"}]},{\"@type\":\"WebSite\",\"@id\":\"https:\/\/vosgesinfo.fr\/gerardmerinfo\/#website\",\"url\":\"https:\/\/vosgesinfo.fr\/gerardmerinfo\/\",\"name\":\"Gerardmer Info\",\"description\":\"Toute l&#039;actualit\u00e9 de G\u00e9rardmer\",\"publisher\":{\"@id\":\"https:\/\/vosgesinfo.fr\/gerardmerinfo\/#organization\"},\"alternateName\":\"Toute l'actualit\u00e9 de G\u00e9rardmer\",\"potentialAction\":[{\"@type\":\"SearchAction\",\"target\":{\"@type\":\"EntryPoint\",\"urlTemplate\":\"https:\/\/vosgesinfo.fr\/gerardmerinfo\/?s={search_term_string}\"},\"query-input\":\"required name=search_term_string\"}],\"inLanguage\":\"fr-FR\"},{\"@type\":\"Organization\",\"@id\":\"https:\/\/vosgesinfo.fr\/gerardmerinfo\/#organization\",\"name\":\"Gerardmer Info\",\"url\":\"https:\/\/vosgesinfo.fr\/gerardmerinfo\/\",\"logo\":{\"@type\":\"ImageObject\",\"inLanguage\":\"fr-FR\",\"@id\":\"https:\/\/vosgesinfo.fr\/gerardmerinfo\/#\/schema\/logo\/image\/\",\"url\":\"https:\/\/vosgesinfo.fr\/app\/uploads\/sites\/6\/2023\/08\/favicon-gerardmerinfo.png\",\"contentUrl\":\"https:\/\/vosgesinfo.fr\/app\/uploads\/sites\/6\/2023\/08\/favicon-gerardmerinfo.png\",\"width\":512,\"height\":512,\"caption\":\"Gerardmer Info\"},\"image\":{\"@id\":\"https:\/\/vosgesinfo.fr\/gerardmerinfo\/#\/schema\/logo\/image\/\"},\"sameAs\":[\"https:\/\/www.facebook.com\/profile.php?id=100049475262660\",\"https:\/\/x.com\/VosgesInfo88\",\"https:\/\/www.youtube.com\/@vosgesinfo\"]},{\"@type\":\"Person\",\"@id\":\"https:\/\/vosgesinfo.fr\/gerardmerinfo\/#\/schema\/person\/6f9a650eeea99d969b6c4ab78fccbe81\",\"name\":\"C.K.\",\"image\":{\"@type\":\"ImageObject\",\"inLanguage\":\"fr-FR\",\"@id\":\"https:\/\/vosgesinfo.fr\/gerardmerinfo\/#\/schema\/person\/image\/\",\"url\":\"https:\/\/secure.gravatar.com\/avatar\/48e3fc7f8421ba8942be6b74a2b7f014ca39bc00dece156b7a8e098ae7dc87bf?s=96&d=mm&r=g\",\"contentUrl\":\"https:\/\/secure.gravatar.com\/avatar\/48e3fc7f8421ba8942be6b74a2b7f014ca39bc00dece156b7a8e098ae7dc87bf?s=96&d=mm&r=g\",\"caption\":\"C.K.\"},\"url\":\"https:\/\/vosgesinfo.fr\/gerardmerinfo\/author\/celia-k-n\/\"}]}<\/script>\n<!-- \/ Yoast SEO plugin. -->","yoast_head_json":{"title":"Vittel : La Foire aux Grenouilles, une tradition gourmande qui rassemble [video] - Gerardmer Info","robots":{"index":"index","follow":"follow","max-snippet":"max-snippet:-1","max-image-preview":"max-image-preview:large","max-video-preview":"max-video-preview:-1"},"canonical":"https:\/\/vosgesinfo.fr\/gerardmerinfo\/2025\/04\/vittel-la-foire-aux-grenouilles-une-tradition-gourmande-qui-rassemble-video\/","twitter_card":"summary_large_image","twitter_title":"Vittel : La Foire aux Grenouilles, une tradition gourmande qui rassemble [video] - Gerardmer Info","twitter_description":"Ce week-end, la cit\u00e9 thermale de Vittel a renou\u00e9 avec l&rsquo;effervescence de sa c\u00e9l\u00e8bre Foire aux Grenouilles. Pour cette 51\u1d49 [&hellip;]","twitter_image":"https:\/\/vosgesinfo.fr\/app\/uploads\/sites\/6\/2025\/04\/foire-aux-grenouilles-vittel.2jpg-1.jpg","twitter_creator":"@VosgesInfo88","twitter_site":"@VosgesInfo88","twitter_misc":{"\u00c9crit par":"C.K."},"schema":{"@context":"https:\/\/schema.org","@graph":[{"@type":"Article","@id":"https:\/\/vosgesinfo.fr\/gerardmerinfo\/2025\/04\/vittel-la-foire-aux-grenouilles-une-tradition-gourmande-qui-rassemble-video\/#article","isPartOf":{"@id":"https:\/\/vosgesinfo.fr\/gerardmerinfo\/2025\/04\/vittel-la-foire-aux-grenouilles-une-tradition-gourmande-qui-rassemble-video\/"},"author":{"name":"C.K.","@id":"https:\/\/vosgesinfo.fr\/gerardmerinfo\/#\/schema\/person\/6f9a650eeea99d969b6c4ab78fccbe81"},"headline":"Vittel : La Foire aux Grenouilles, une tradition gourmande qui rassemble [video]","datePublished":"2025-04-27T15:50:58+00:00","dateModified":"2025-04-27T15:50:58+00:00","mainEntityOfPage":{"@id":"https:\/\/vosgesinfo.fr\/gerardmerinfo\/2025\/04\/vittel-la-foire-aux-grenouilles-une-tradition-gourmande-qui-rassemble-video\/"},"wordCount":72,"commentCount":0,"publisher":{"@id":"https:\/\/vosgesinfo.fr\/gerardmerinfo\/#organization"},"image":{"@id":"https:\/\/vosgesinfo.fr\/gerardmerinfo\/2025\/04\/vittel-la-foire-aux-grenouilles-une-tradition-gourmande-qui-rassemble-video\/#primaryimage"},"thumbnailUrl":"https:\/\/vosgesinfo.fr\/app\/uploads\/sites\/6\/2025\/04\/foire-aux-grenouilles-vittel.2jpg-1.jpg","keywords":["foire aux grenouilles","vittel","vosges"],"articleSection":["A la une","Epinal","G\u00e9rardmer","La plaine des vosges","Remiremont","Saint-di\u00e9"],"inLanguage":"fr-FR","potentialAction":[{"@type":"CommentAction","name":"Comment","target":["https:\/\/vosgesinfo.fr\/gerardmerinfo\/2025\/04\/vittel-la-foire-aux-grenouilles-une-tradition-gourmande-qui-rassemble-video\/#respond"]}]},{"@type":"WebPage","@id":"https:\/\/vosgesinfo.fr\/gerardmerinfo\/2025\/04\/vittel-la-foire-aux-grenouilles-une-tradition-gourmande-qui-rassemble-video\/","url":"https:\/\/vosgesinfo.fr\/gerardmerinfo\/2025\/04\/vittel-la-foire-aux-grenouilles-une-tradition-gourmande-qui-rassemble-video\/","name":"Vittel : La Foire aux Grenouilles, une tradition gourmande qui rassemble [video] - Gerardmer Info","isPartOf":{"@id":"https:\/\/vosgesinfo.fr\/gerardmerinfo\/#website"},"primaryImageOfPage":{"@id":"https:\/\/vosgesinfo.fr\/gerardmerinfo\/2025\/04\/vittel-la-foire-aux-grenouilles-une-tradition-gourmande-qui-rassemble-video\/#primaryimage"},"image":{"@id":"https:\/\/vosgesinfo.fr\/gerardmerinfo\/2025\/04\/vittel-la-foire-aux-grenouilles-une-tradition-gourmande-qui-rassemble-video\/#primaryimage"},"thumbnailUrl":"https:\/\/vosgesinfo.fr\/app\/uploads\/sites\/6\/2025\/04\/foire-aux-grenouilles-vittel.2jpg-1.jpg","datePublished":"2025-04-27T15:50:58+00:00","dateModified":"2025-04-27T15:50:58+00:00","breadcrumb":{"@id":"https:\/\/vosgesinfo.fr\/gerardmerinfo\/2025\/04\/vittel-la-foire-aux-grenouilles-une-tradition-gourmande-qui-rassemble-video\/#breadcrumb"},"inLanguage":"fr-FR","potentialAction":[{"@type":"ReadAction","target":["https:\/\/vosgesinfo.fr\/gerardmerinfo\/2025\/04\/vittel-la-foire-aux-grenouilles-une-tradition-gourmande-qui-rassemble-video\/"]}]},{"@type":"ImageObject","inLanguage":"fr-FR","@id":"https:\/\/vosgesinfo.fr\/gerardmerinfo\/2025\/04\/vittel-la-foire-aux-grenouilles-une-tradition-gourmande-qui-rassemble-video\/#primaryimage","url":"https:\/\/vosgesinfo.fr\/app\/uploads\/sites\/6\/2025\/04\/foire-aux-grenouilles-vittel.2jpg-1.jpg","contentUrl":"https:\/\/vosgesinfo.fr\/app\/uploads\/sites\/6\/2025\/04\/foire-aux-grenouilles-vittel.2jpg-1.jpg","width":1599,"height":900},{"@type":"BreadcrumbList","@id":"https:\/\/vosgesinfo.fr\/gerardmerinfo\/2025\/04\/vittel-la-foire-aux-grenouilles-une-tradition-gourmande-qui-rassemble-video\/#breadcrumb","itemListElement":[{"@type":"ListItem","position":1,"name":"Home","item":"https:\/\/vosgesinfo.fr\/gerardmerinfo\/"},{"@type":"ListItem","position":2,"name":"Vittel : La Foire aux Grenouilles, une tradition gourmande qui rassemble [video]"}]},{"@type":"WebSite","@id":"https:\/\/vosgesinfo.fr\/gerardmerinfo\/#website","url":"https:\/\/vosgesinfo.fr\/gerardmerinfo\/","name":"Gerardmer Info","description":"Toute l&#039;actualit\u00e9 de G\u00e9rardmer","publisher":{"@id":"https:\/\/vosgesinfo.fr\/gerardmerinfo\/#organization"},"alternateName":"Toute l'actualit\u00e9 de G\u00e9rardmer","potentialAction":[{"@type":"SearchAction","target":{"@type":"EntryPoint","urlTemplate":"https:\/\/vosgesinfo.fr\/gerardmerinfo\/?s={search_term_string}"},"query-input":"required name=search_term_string"}],"inLanguage":"fr-FR"},{"@type":"Organization","@id":"https:\/\/vosgesinfo.fr\/gerardmerinfo\/#organization","name":"Gerardmer Info","url":"https:\/\/vosgesinfo.fr\/gerardmerinfo\/","logo":{"@type":"ImageObject","inLanguage":"fr-FR","@id":"https:\/\/vosgesinfo.fr\/gerardmerinfo\/#\/schema\/logo\/image\/","url":"https:\/\/vosgesinfo.fr\/app\/uploads\/sites\/6\/2023\/08\/favicon-gerardmerinfo.png","contentUrl":"https:\/\/vosgesinfo.fr\/app\/uploads\/sites\/6\/2023\/08\/favicon-gerardmerinfo.png","width":512,"height":512,"caption":"Gerardmer Info"},"image":{"@id":"https:\/\/vosgesinfo.fr\/gerardmerinfo\/#\/schema\/logo\/image\/"},"sameAs":["https:\/\/www.facebook.com\/profile.php?id=100049475262660","https:\/\/x.com\/VosgesInfo88","https:\/\/www.youtube.com\/@vosgesinfo"]},{"@type":"Person","@id":"https:\/\/vosgesinfo.fr\/gerardmerinfo\/#\/schema\/person\/6f9a650eeea99d969b6c4ab78fccbe81","name":"C.K.","image":{"@type":"ImageObject","inLanguage":"fr-FR","@id":"https:\/\/vosgesinfo.fr\/gerardmerinfo\/#\/schema\/person\/image\/","url":"https:\/\/secure.gravatar.com\/avatar\/48e3fc7f8421ba8942be6b74a2b7f014ca39bc00dece156b7a8e098ae7dc87bf?s=96&d=mm&r=g","contentUrl":"https:\/\/secure.gravatar.com\/avatar\/48e3fc7f8421ba8942be6b74a2b7f014ca39bc00dece156b7a8e098ae7dc87bf?s=96&d=mm&r=g","caption":"C.K."},"url":"https:\/\/vosgesinfo.fr\/gerardmerinfo\/author\/celia-k-n\/"}]}},"_links":{"self":[{"href":"https:\/\/vosgesinfo.fr\/gerardmerinfo\/wp-json\/wp\/v2\/posts\/77322","targetHints":{"allow":["GET"]}}],"collection":[{"href":"https:\/\/vosgesinfo.fr\/gerardmerinfo\/wp-json\/wp\/v2\/posts"}],"about":[{"href":"https:\/\/vosgesinfo.fr\/gerardmerinfo\/wp-json\/wp\/v2\/types\/post"}],"author":[{"embeddable":true,"href":"https:\/\/vosgesinfo.fr\/gerardmerinfo\/wp-json\/wp\/v2\/users\/52"}],"replies":[{"embeddable":true,"href":"https:\/\/vosgesinfo.fr\/gerardmerinfo\/wp-json\/wp\/v2\/comments?post=77322"}],"version-history":[{"count":0,"href":"https:\/\/vosgesinfo.fr\/gerardmerinfo\/wp-json\/wp\/v2\/posts\/77322\/revisions"}],"wp:featuredmedia":[{"embeddable":true,"href":"https:\/\/vosgesinfo.fr\/gerardmerinfo\/wp-json\/wp\/v2\/media\/77323"}],"wp:attachment":[{"href":"https:\/\/vosgesinfo.fr\/gerardmerinfo\/wp-json\/wp\/v2\/media?parent=77322"}],"wp:term":[{"taxonomy":"category","embeddable":true,"href":"https:\/\/vosgesinfo.fr\/gerardmerinfo\/wp-json\/wp\/v2\/categories?post=77322"},{"taxonomy":"post_tag","embeddable":true,"href":"https:\/\/vosgesinfo.fr\/gerardmerinfo\/wp-json\/wp\/v2\/tags?post=77322"}],"curies":[{"name":"wp","href":"https:\/\/api.w.org\/{rel}","templated":true}]}}