{"id":77381,"date":"2025-04-30T05:58:00","date_gmt":"2025-04-30T03:58:00","guid":{"rendered":"https:\/\/vosgesinfo.fr\/gerardmerinfo\/?p=77381"},"modified":"2025-04-28T14:56:26","modified_gmt":"2025-04-28T12:56:26","slug":"une-exposition-itinerante-retrace-les-150-ans-de-loffice-de-tourisme","status":"publish","type":"post","link":"https:\/\/vosgesinfo.fr\/gerardmerinfo\/2025\/04\/une-exposition-itinerante-retrace-les-150-ans-de-loffice-de-tourisme\/","title":{"rendered":"Une exposition itin\u00e9rante retrace les 150 ans de l\u2019Office de Tourisme"},"content":{"rendered":"<p>\u00c0 l\u2019occasion de ses 150 ans, l\u2019Office de Tourisme de G\u00e9rardmer Hautes Vosges, premi\u00e8re structure touristique cr\u00e9\u00e9e en France, c\u00e9l\u00e8bre son histoire \u00e0 travers une exposition itin\u00e9rante. Compos\u00e9e de 21 panneaux, cette r\u00e9trospective sign\u00e9e Baptiste Morel vous invite \u00e0 d\u00e9couvrir les grandes \u00e9tapes qui ont fa\u00e7onn\u00e9 le territoire : de l\u2019\u00e9pop\u00e9e du textile vosgien \u00e0 l\u2019arriv\u00e9e du train, en passant par le percement du tunnel de la Roche du Diable.<\/p>\n<p aria-hidden=\"true\">\n<p><a href=\"https:\/\/vosgesinfo.fr\/app\/uploads\/sites\/6\/2025\/04\/utf-8affiches-globale1-scaled.jpg\"><img decoding=\"async\" class=\"alignright size-medium wp-image-77382\" src=\"https:\/\/vosgesinfo.fr\/app\/uploads\/sites\/6\/2025\/04\/utf-8affiches-globale1-212x300.jpg\" alt=\"\" width=\"212\" height=\"300\" srcset=\"https:\/\/vosgesinfo.fr\/app\/uploads\/sites\/6\/2025\/04\/utf-8affiches-globale1-212x300.jpg 212w, https:\/\/vosgesinfo.fr\/app\/uploads\/sites\/6\/2025\/04\/utf-8affiches-globale1-724x1024.jpg 724w, https:\/\/vosgesinfo.fr\/app\/uploads\/sites\/6\/2025\/04\/utf-8affiches-globale1-768x1085.jpg 768w, https:\/\/vosgesinfo.fr\/app\/uploads\/sites\/6\/2025\/04\/utf-8affiches-globale1-1087x1536.jpg 1087w, https:\/\/vosgesinfo.fr\/app\/uploads\/sites\/6\/2025\/04\/utf-8affiches-globale1-1449x2048.jpg 1449w, https:\/\/vosgesinfo.fr\/app\/uploads\/sites\/6\/2025\/04\/utf-8affiches-globale1-scaled.jpg 1811w\" sizes=\"(max-width: 212px) 100vw, 212px\" \/><\/a>Richement illustr\u00e9e, cette exposition met \u00e9galement \u00e0 l\u2019honneur les activit\u00e9s qui font aujourd\u2019hui la renomm\u00e9e de G\u00e9rardmer : plaisirs nautiques sur le lac, randonn\u00e9es au c\u0153ur d\u2019une nature pr\u00e9serv\u00e9e, patrimoine et traditions vivantes.<\/p>\n<p aria-hidden=\"true\">\n<p>Des clins d\u2019\u0153il sont faits aux M\u00e9nestrels, \u00e0 la tour g\u00e9od\u00e9sique de Champdray ou encore au Festival International du Film Fantastique, entre autres exemples.<\/p>\n<p aria-hidden=\"true\">\n<p>\u00c0 la fois hommage au pass\u00e9 et regard tourn\u00e9 vers l\u2019avenir, cette exposition propose un voyage \u00e9mouvant au c\u0153ur d\u2019un territoire authentique et dynamique. Un rendez-vous \u00e0 ne pas manquer pour les amoureux de l\u2019histoire, les curieux, et tous ceux qui portent G\u00e9rardmer dans leur c\u0153ur.<\/p>\n<p aria-hidden=\"true\">\n<p><strong>L\u2019exposition sera visible dans diff\u00e9rentes communes du territoire jusqu\u2019en d\u00e9cembre.<\/strong><\/p>\n<p aria-hidden=\"true\">\n<ul>\n<li>Du 6 mai au 1<sup>er<\/sup> juin au Relais des B\u00fbcherons \u00e0 Li\u00e9zey<\/li>\n<li>Du 3 au 25 juin \u00e0 la salle du Foyer \u00e0 Xonrupt-Longemer<\/li>\n<li>Du 1<sup>er<\/sup> au 31 juillet \u00e0 la maison de retraite de Granges-Aumontzey<\/li>\n<li>Du 2 au 31 ao\u00fbt dans le hall de la mairie de G\u00e9rardmer<\/li>\n<li>Du 7 au 28 septembre \u00e0 la chapelle Notre-Dame au col de la Schlucht<\/li>\n<li>Du 2 au 30 d\u00e9cembre \u00e0 la salle des Arches au Tholy<\/li>\n<\/ul>\n<p aria-hidden=\"true\">\n<p>Entr\u00e9e gratuite<\/p>\n","protected":false},"excerpt":{"rendered":"<p>\u00c0 l\u2019occasion de ses 150 ans, l\u2019Office de Tourisme de G\u00e9rardmer Hautes Vosges, premi\u00e8re structure touristique cr\u00e9\u00e9e en France, c\u00e9l\u00e8bre [&hellip;]<\/p>\n","protected":false},"author":391,"featured_media":77382,"comment_status":"open","ping_status":"open","sticky":false,"template":"","format":"standard","meta":{"footnotes":""},"categories":[20,4,5647],"tags":[],"class_list":["post-77381","post","type-post","status-publish","format-standard","has-post-thumbnail","hentry","category-a-la-une","category-culture","category-gerardmer-autres-sites"],"acf":[],"yoast_head":"<!-- This site is optimized with the Yoast SEO plugin v22.5 - https:\/\/yoast.com\/wordpress\/plugins\/seo\/ -->\n<title>Une exposition itin\u00e9rante retrace les 150 ans de l\u2019Office de Tourisme - Gerardmer Info<\/title>\n<meta name=\"robots\" content=\"index, follow, max-snippet:-1, max-image-preview:large, max-video-preview:-1\" \/>\n<link rel=\"canonical\" href=\"https:\/\/vosgesinfo.fr\/gerardmerinfo\/2025\/04\/une-exposition-itinerante-retrace-les-150-ans-de-loffice-de-tourisme\/\" \/>\n<meta name=\"twitter:card\" content=\"summary_large_image\" \/>\n<meta name=\"twitter:title\" content=\"Une exposition itin\u00e9rante retrace les 150 ans de l\u2019Office de Tourisme - Gerardmer Info\" \/>\n<meta name=\"twitter:description\" content=\"\u00c0 l\u2019occasion de ses 150 ans, l\u2019Office de Tourisme de G\u00e9rardmer Hautes Vosges, premi\u00e8re structure touristique cr\u00e9\u00e9e en France, c\u00e9l\u00e8bre [&hellip;]\" \/>\n<meta name=\"twitter:image\" content=\"https:\/\/vosgesinfo.fr\/app\/uploads\/sites\/6\/2025\/04\/utf-8affiches-globale1-scaled.jpg\" \/>\n<meta name=\"twitter:creator\" content=\"@VosgesInfo88\" \/>\n<meta name=\"twitter:site\" content=\"@VosgesInfo88\" \/>\n<meta name=\"twitter:label1\" content=\"\u00c9crit par\" \/>\n\t<meta name=\"twitter:data1\" content=\"La redaction\" \/>\n\t<meta name=\"twitter:label2\" content=\"Dur\u00e9e de lecture estim\u00e9e\" \/>\n\t<meta name=\"twitter:data2\" content=\"1 minute\" \/>\n<script type=\"application\/ld+json\" class=\"yoast-schema-graph\">{\"@context\":\"https:\/\/schema.org\",\"@graph\":[{\"@type\":\"Article\",\"@id\":\"https:\/\/vosgesinfo.fr\/gerardmerinfo\/2025\/04\/une-exposition-itinerante-retrace-les-150-ans-de-loffice-de-tourisme\/#article\",\"isPartOf\":{\"@id\":\"https:\/\/vosgesinfo.fr\/gerardmerinfo\/2025\/04\/une-exposition-itinerante-retrace-les-150-ans-de-loffice-de-tourisme\/\"},\"author\":{\"name\":\"La redaction\",\"@id\":\"https:\/\/vosgesinfo.fr\/gerardmerinfo\/#\/schema\/person\/27a3695b06db98895b354c0765cdfc31\"},\"headline\":\"Une exposition itin\u00e9rante retrace les 150 ans de l\u2019Office de Tourisme\",\"datePublished\":\"2025-04-30T03:58:00+00:00\",\"dateModified\":\"2025-04-28T12:56:26+00:00\",\"mainEntityOfPage\":{\"@id\":\"https:\/\/vosgesinfo.fr\/gerardmerinfo\/2025\/04\/une-exposition-itinerante-retrace-les-150-ans-de-loffice-de-tourisme\/\"},\"wordCount\":292,\"commentCount\":0,\"publisher\":{\"@id\":\"https:\/\/vosgesinfo.fr\/gerardmerinfo\/#organization\"},\"image\":{\"@id\":\"https:\/\/vosgesinfo.fr\/gerardmerinfo\/2025\/04\/une-exposition-itinerante-retrace-les-150-ans-de-loffice-de-tourisme\/#primaryimage\"},\"thumbnailUrl\":\"https:\/\/vosgesinfo.fr\/app\/uploads\/sites\/6\/2025\/04\/utf-8affiches-globale1-scaled.jpg\",\"articleSection\":[\"A la une\",\"Culture\",\"Gerardmer\"],\"inLanguage\":\"fr-FR\",\"potentialAction\":[{\"@type\":\"CommentAction\",\"name\":\"Comment\",\"target\":[\"https:\/\/vosgesinfo.fr\/gerardmerinfo\/2025\/04\/une-exposition-itinerante-retrace-les-150-ans-de-loffice-de-tourisme\/#respond\"]}]},{\"@type\":\"WebPage\",\"@id\":\"https:\/\/vosgesinfo.fr\/gerardmerinfo\/2025\/04\/une-exposition-itinerante-retrace-les-150-ans-de-loffice-de-tourisme\/\",\"url\":\"https:\/\/vosgesinfo.fr\/gerardmerinfo\/2025\/04\/une-exposition-itinerante-retrace-les-150-ans-de-loffice-de-tourisme\/\",\"name\":\"Une exposition itin\u00e9rante retrace les 150 ans de l\u2019Office de Tourisme - Gerardmer Info\",\"isPartOf\":{\"@id\":\"https:\/\/vosgesinfo.fr\/gerardmerinfo\/#website\"},\"primaryImageOfPage\":{\"@id\":\"https:\/\/vosgesinfo.fr\/gerardmerinfo\/2025\/04\/une-exposition-itinerante-retrace-les-150-ans-de-loffice-de-tourisme\/#primaryimage\"},\"image\":{\"@id\":\"https:\/\/vosgesinfo.fr\/gerardmerinfo\/2025\/04\/une-exposition-itinerante-retrace-les-150-ans-de-loffice-de-tourisme\/#primaryimage\"},\"thumbnailUrl\":\"https:\/\/vosgesinfo.fr\/app\/uploads\/sites\/6\/2025\/04\/utf-8affiches-globale1-scaled.jpg\",\"datePublished\":\"2025-04-30T03:58:00+00:00\",\"dateModified\":\"2025-04-28T12:56:26+00:00\",\"breadcrumb\":{\"@id\":\"https:\/\/vosgesinfo.fr\/gerardmerinfo\/2025\/04\/une-exposition-itinerante-retrace-les-150-ans-de-loffice-de-tourisme\/#breadcrumb\"},\"inLanguage\":\"fr-FR\",\"potentialAction\":[{\"@type\":\"ReadAction\",\"target\":[\"https:\/\/vosgesinfo.fr\/gerardmerinfo\/2025\/04\/une-exposition-itinerante-retrace-les-150-ans-de-loffice-de-tourisme\/\"]}]},{\"@type\":\"ImageObject\",\"inLanguage\":\"fr-FR\",\"@id\":\"https:\/\/vosgesinfo.fr\/gerardmerinfo\/2025\/04\/une-exposition-itinerante-retrace-les-150-ans-de-loffice-de-tourisme\/#primaryimage\",\"url\":\"https:\/\/vosgesinfo.fr\/app\/uploads\/sites\/6\/2025\/04\/utf-8affiches-globale1-scaled.jpg\",\"contentUrl\":\"https:\/\/vosgesinfo.fr\/app\/uploads\/sites\/6\/2025\/04\/utf-8affiches-globale1-scaled.jpg\",\"width\":1811,\"height\":2560},{\"@type\":\"BreadcrumbList\",\"@id\":\"https:\/\/vosgesinfo.fr\/gerardmerinfo\/2025\/04\/une-exposition-itinerante-retrace-les-150-ans-de-loffice-de-tourisme\/#breadcrumb\",\"itemListElement\":[{\"@type\":\"ListItem\",\"position\":1,\"name\":\"Home\",\"item\":\"https:\/\/vosgesinfo.fr\/gerardmerinfo\/\"},{\"@type\":\"ListItem\",\"position\":2,\"name\":\"Une exposition itin\u00e9rante retrace les 150 ans de l\u2019Office de Tourisme\"}]},{\"@type\":\"WebSite\",\"@id\":\"https:\/\/vosgesinfo.fr\/gerardmerinfo\/#website\",\"url\":\"https:\/\/vosgesinfo.fr\/gerardmerinfo\/\",\"name\":\"Gerardmer Info\",\"description\":\"Toute l&#039;actualit\u00e9 de G\u00e9rardmer\",\"publisher\":{\"@id\":\"https:\/\/vosgesinfo.fr\/gerardmerinfo\/#organization\"},\"alternateName\":\"Toute l'actualit\u00e9 de G\u00e9rardmer\",\"potentialAction\":[{\"@type\":\"SearchAction\",\"target\":{\"@type\":\"EntryPoint\",\"urlTemplate\":\"https:\/\/vosgesinfo.fr\/gerardmerinfo\/?s={search_term_string}\"},\"query-input\":\"required name=search_term_string\"}],\"inLanguage\":\"fr-FR\"},{\"@type\":\"Organization\",\"@id\":\"https:\/\/vosgesinfo.fr\/gerardmerinfo\/#organization\",\"name\":\"Gerardmer Info\",\"url\":\"https:\/\/vosgesinfo.fr\/gerardmerinfo\/\",\"logo\":{\"@type\":\"ImageObject\",\"inLanguage\":\"fr-FR\",\"@id\":\"https:\/\/vosgesinfo.fr\/gerardmerinfo\/#\/schema\/logo\/image\/\",\"url\":\"https:\/\/vosgesinfo.fr\/app\/uploads\/sites\/6\/2023\/08\/favicon-gerardmerinfo.png\",\"contentUrl\":\"https:\/\/vosgesinfo.fr\/app\/uploads\/sites\/6\/2023\/08\/favicon-gerardmerinfo.png\",\"width\":512,\"height\":512,\"caption\":\"Gerardmer Info\"},\"image\":{\"@id\":\"https:\/\/vosgesinfo.fr\/gerardmerinfo\/#\/schema\/logo\/image\/\"},\"sameAs\":[\"https:\/\/www.facebook.com\/profile.php?id=100049475262660\",\"https:\/\/x.com\/VosgesInfo88\",\"https:\/\/www.youtube.com\/@vosgesinfo\"]},{\"@type\":\"Person\",\"@id\":\"https:\/\/vosgesinfo.fr\/gerardmerinfo\/#\/schema\/person\/27a3695b06db98895b354c0765cdfc31\",\"name\":\"La redaction\",\"image\":{\"@type\":\"ImageObject\",\"inLanguage\":\"fr-FR\",\"@id\":\"https:\/\/vosgesinfo.fr\/gerardmerinfo\/#\/schema\/person\/image\/\",\"url\":\"https:\/\/secure.gravatar.com\/avatar\/64c76a78e501cedee55736f43f332df901e1896ae9cd8fad269ae2236dd0e8b6?s=96&d=mm&r=g\",\"contentUrl\":\"https:\/\/secure.gravatar.com\/avatar\/64c76a78e501cedee55736f43f332df901e1896ae9cd8fad269ae2236dd0e8b6?s=96&d=mm&r=g\",\"caption\":\"La redaction\"},\"url\":\"https:\/\/vosgesinfo.fr\/gerardmerinfo\/author\/la-redaction\/\"}]}<\/script>\n<!-- \/ Yoast SEO plugin. -->","yoast_head_json":{"title":"Une exposition itin\u00e9rante retrace les 150 ans de l\u2019Office de Tourisme - Gerardmer Info","robots":{"index":"index","follow":"follow","max-snippet":"max-snippet:-1","max-image-preview":"max-image-preview:large","max-video-preview":"max-video-preview:-1"},"canonical":"https:\/\/vosgesinfo.fr\/gerardmerinfo\/2025\/04\/une-exposition-itinerante-retrace-les-150-ans-de-loffice-de-tourisme\/","twitter_card":"summary_large_image","twitter_title":"Une exposition itin\u00e9rante retrace les 150 ans de l\u2019Office de Tourisme - Gerardmer Info","twitter_description":"\u00c0 l\u2019occasion de ses 150 ans, l\u2019Office de Tourisme de G\u00e9rardmer Hautes Vosges, premi\u00e8re structure touristique cr\u00e9\u00e9e en France, c\u00e9l\u00e8bre [&hellip;]","twitter_image":"https:\/\/vosgesinfo.fr\/app\/uploads\/sites\/6\/2025\/04\/utf-8affiches-globale1-scaled.jpg","twitter_creator":"@VosgesInfo88","twitter_site":"@VosgesInfo88","twitter_misc":{"\u00c9crit par":"La redaction","Dur\u00e9e de lecture estim\u00e9e":"1 minute"},"schema":{"@context":"https:\/\/schema.org","@graph":[{"@type":"Article","@id":"https:\/\/vosgesinfo.fr\/gerardmerinfo\/2025\/04\/une-exposition-itinerante-retrace-les-150-ans-de-loffice-de-tourisme\/#article","isPartOf":{"@id":"https:\/\/vosgesinfo.fr\/gerardmerinfo\/2025\/04\/une-exposition-itinerante-retrace-les-150-ans-de-loffice-de-tourisme\/"},"author":{"name":"La redaction","@id":"https:\/\/vosgesinfo.fr\/gerardmerinfo\/#\/schema\/person\/27a3695b06db98895b354c0765cdfc31"},"headline":"Une exposition itin\u00e9rante retrace les 150 ans de l\u2019Office de Tourisme","datePublished":"2025-04-30T03:58:00+00:00","dateModified":"2025-04-28T12:56:26+00:00","mainEntityOfPage":{"@id":"https:\/\/vosgesinfo.fr\/gerardmerinfo\/2025\/04\/une-exposition-itinerante-retrace-les-150-ans-de-loffice-de-tourisme\/"},"wordCount":292,"commentCount":0,"publisher":{"@id":"https:\/\/vosgesinfo.fr\/gerardmerinfo\/#organization"},"image":{"@id":"https:\/\/vosgesinfo.fr\/gerardmerinfo\/2025\/04\/une-exposition-itinerante-retrace-les-150-ans-de-loffice-de-tourisme\/#primaryimage"},"thumbnailUrl":"https:\/\/vosgesinfo.fr\/app\/uploads\/sites\/6\/2025\/04\/utf-8affiches-globale1-scaled.jpg","articleSection":["A la une","Culture","Gerardmer"],"inLanguage":"fr-FR","potentialAction":[{"@type":"CommentAction","name":"Comment","target":["https:\/\/vosgesinfo.fr\/gerardmerinfo\/2025\/04\/une-exposition-itinerante-retrace-les-150-ans-de-loffice-de-tourisme\/#respond"]}]},{"@type":"WebPage","@id":"https:\/\/vosgesinfo.fr\/gerardmerinfo\/2025\/04\/une-exposition-itinerante-retrace-les-150-ans-de-loffice-de-tourisme\/","url":"https:\/\/vosgesinfo.fr\/gerardmerinfo\/2025\/04\/une-exposition-itinerante-retrace-les-150-ans-de-loffice-de-tourisme\/","name":"Une exposition itin\u00e9rante retrace les 150 ans de l\u2019Office de Tourisme - Gerardmer Info","isPartOf":{"@id":"https:\/\/vosgesinfo.fr\/gerardmerinfo\/#website"},"primaryImageOfPage":{"@id":"https:\/\/vosgesinfo.fr\/gerardmerinfo\/2025\/04\/une-exposition-itinerante-retrace-les-150-ans-de-loffice-de-tourisme\/#primaryimage"},"image":{"@id":"https:\/\/vosgesinfo.fr\/gerardmerinfo\/2025\/04\/une-exposition-itinerante-retrace-les-150-ans-de-loffice-de-tourisme\/#primaryimage"},"thumbnailUrl":"https:\/\/vosgesinfo.fr\/app\/uploads\/sites\/6\/2025\/04\/utf-8affiches-globale1-scaled.jpg","datePublished":"2025-04-30T03:58:00+00:00","dateModified":"2025-04-28T12:56:26+00:00","breadcrumb":{"@id":"https:\/\/vosgesinfo.fr\/gerardmerinfo\/2025\/04\/une-exposition-itinerante-retrace-les-150-ans-de-loffice-de-tourisme\/#breadcrumb"},"inLanguage":"fr-FR","potentialAction":[{"@type":"ReadAction","target":["https:\/\/vosgesinfo.fr\/gerardmerinfo\/2025\/04\/une-exposition-itinerante-retrace-les-150-ans-de-loffice-de-tourisme\/"]}]},{"@type":"ImageObject","inLanguage":"fr-FR","@id":"https:\/\/vosgesinfo.fr\/gerardmerinfo\/2025\/04\/une-exposition-itinerante-retrace-les-150-ans-de-loffice-de-tourisme\/#primaryimage","url":"https:\/\/vosgesinfo.fr\/app\/uploads\/sites\/6\/2025\/04\/utf-8affiches-globale1-scaled.jpg","contentUrl":"https:\/\/vosgesinfo.fr\/app\/uploads\/sites\/6\/2025\/04\/utf-8affiches-globale1-scaled.jpg","width":1811,"height":2560},{"@type":"BreadcrumbList","@id":"https:\/\/vosgesinfo.fr\/gerardmerinfo\/2025\/04\/une-exposition-itinerante-retrace-les-150-ans-de-loffice-de-tourisme\/#breadcrumb","itemListElement":[{"@type":"ListItem","position":1,"name":"Home","item":"https:\/\/vosgesinfo.fr\/gerardmerinfo\/"},{"@type":"ListItem","position":2,"name":"Une exposition itin\u00e9rante retrace les 150 ans de l\u2019Office de Tourisme"}]},{"@type":"WebSite","@id":"https:\/\/vosgesinfo.fr\/gerardmerinfo\/#website","url":"https:\/\/vosgesinfo.fr\/gerardmerinfo\/","name":"Gerardmer Info","description":"Toute l&#039;actualit\u00e9 de G\u00e9rardmer","publisher":{"@id":"https:\/\/vosgesinfo.fr\/gerardmerinfo\/#organization"},"alternateName":"Toute l'actualit\u00e9 de G\u00e9rardmer","potentialAction":[{"@type":"SearchAction","target":{"@type":"EntryPoint","urlTemplate":"https:\/\/vosgesinfo.fr\/gerardmerinfo\/?s={search_term_string}"},"query-input":"required name=search_term_string"}],"inLanguage":"fr-FR"},{"@type":"Organization","@id":"https:\/\/vosgesinfo.fr\/gerardmerinfo\/#organization","name":"Gerardmer Info","url":"https:\/\/vosgesinfo.fr\/gerardmerinfo\/","logo":{"@type":"ImageObject","inLanguage":"fr-FR","@id":"https:\/\/vosgesinfo.fr\/gerardmerinfo\/#\/schema\/logo\/image\/","url":"https:\/\/vosgesinfo.fr\/app\/uploads\/sites\/6\/2023\/08\/favicon-gerardmerinfo.png","contentUrl":"https:\/\/vosgesinfo.fr\/app\/uploads\/sites\/6\/2023\/08\/favicon-gerardmerinfo.png","width":512,"height":512,"caption":"Gerardmer Info"},"image":{"@id":"https:\/\/vosgesinfo.fr\/gerardmerinfo\/#\/schema\/logo\/image\/"},"sameAs":["https:\/\/www.facebook.com\/profile.php?id=100049475262660","https:\/\/x.com\/VosgesInfo88","https:\/\/www.youtube.com\/@vosgesinfo"]},{"@type":"Person","@id":"https:\/\/vosgesinfo.fr\/gerardmerinfo\/#\/schema\/person\/27a3695b06db98895b354c0765cdfc31","name":"La redaction","image":{"@type":"ImageObject","inLanguage":"fr-FR","@id":"https:\/\/vosgesinfo.fr\/gerardmerinfo\/#\/schema\/person\/image\/","url":"https:\/\/secure.gravatar.com\/avatar\/64c76a78e501cedee55736f43f332df901e1896ae9cd8fad269ae2236dd0e8b6?s=96&d=mm&r=g","contentUrl":"https:\/\/secure.gravatar.com\/avatar\/64c76a78e501cedee55736f43f332df901e1896ae9cd8fad269ae2236dd0e8b6?s=96&d=mm&r=g","caption":"La redaction"},"url":"https:\/\/vosgesinfo.fr\/gerardmerinfo\/author\/la-redaction\/"}]}},"_links":{"self":[{"href":"https:\/\/vosgesinfo.fr\/gerardmerinfo\/wp-json\/wp\/v2\/posts\/77381","targetHints":{"allow":["GET"]}}],"collection":[{"href":"https:\/\/vosgesinfo.fr\/gerardmerinfo\/wp-json\/wp\/v2\/posts"}],"about":[{"href":"https:\/\/vosgesinfo.fr\/gerardmerinfo\/wp-json\/wp\/v2\/types\/post"}],"author":[{"embeddable":true,"href":"https:\/\/vosgesinfo.fr\/gerardmerinfo\/wp-json\/wp\/v2\/users\/391"}],"replies":[{"embeddable":true,"href":"https:\/\/vosgesinfo.fr\/gerardmerinfo\/wp-json\/wp\/v2\/comments?post=77381"}],"version-history":[{"count":1,"href":"https:\/\/vosgesinfo.fr\/gerardmerinfo\/wp-json\/wp\/v2\/posts\/77381\/revisions"}],"predecessor-version":[{"id":77383,"href":"https:\/\/vosgesinfo.fr\/gerardmerinfo\/wp-json\/wp\/v2\/posts\/77381\/revisions\/77383"}],"wp:featuredmedia":[{"embeddable":true,"href":"https:\/\/vosgesinfo.fr\/gerardmerinfo\/wp-json\/wp\/v2\/media\/77382"}],"wp:attachment":[{"href":"https:\/\/vosgesinfo.fr\/gerardmerinfo\/wp-json\/wp\/v2\/media?parent=77381"}],"wp:term":[{"taxonomy":"category","embeddable":true,"href":"https:\/\/vosgesinfo.fr\/gerardmerinfo\/wp-json\/wp\/v2\/categories?post=77381"},{"taxonomy":"post_tag","embeddable":true,"href":"https:\/\/vosgesinfo.fr\/gerardmerinfo\/wp-json\/wp\/v2\/tags?post=77381"}],"curies":[{"name":"wp","href":"https:\/\/api.w.org\/{rel}","templated":true}]}}