{"id":77418,"date":"2025-04-30T05:58:46","date_gmt":"2025-04-30T03:58:46","guid":{"rendered":"https:\/\/vosgesinfo.fr\/gerardmerinfo\/?p=77418"},"modified":"2025-04-29T14:28:14","modified_gmt":"2025-04-29T12:28:14","slug":"reseau-initiative-hautes-vosges-a-lheure-du-bilan-une-annee-surprenante","status":"publish","type":"post","link":"https:\/\/vosgesinfo.fr\/gerardmerinfo\/2025\/04\/reseau-initiative-hautes-vosges-a-lheure-du-bilan-une-annee-surprenante\/","title":{"rendered":"R\u00e9seau Initiative Hautes Vosges \u00e0 l\u2019heure du bilan\u00a0: une ann\u00e9e \u00ab\u00a0surprenante\u00a0\u00bb"},"content":{"rendered":"<p><strong><a href=\"https:\/\/vosgesinfo.fr\/app\/uploads\/sites\/6\/2025\/04\/ag-ihv-2025-4-scaled.jpeg\"><img decoding=\"async\" class=\"aligncenter size-large wp-image-77422\" src=\"https:\/\/vosgesinfo.fr\/app\/uploads\/sites\/6\/2025\/04\/ag-ihv-2025-4-1024x768.jpeg\" alt=\"\" width=\"1024\" height=\"768\" srcset=\"https:\/\/vosgesinfo.fr\/app\/uploads\/sites\/6\/2025\/04\/ag-ihv-2025-4-1024x768.jpeg 1024w, https:\/\/vosgesinfo.fr\/app\/uploads\/sites\/6\/2025\/04\/ag-ihv-2025-4-300x225.jpeg 300w, https:\/\/vosgesinfo.fr\/app\/uploads\/sites\/6\/2025\/04\/ag-ihv-2025-4-768x576.jpeg 768w, https:\/\/vosgesinfo.fr\/app\/uploads\/sites\/6\/2025\/04\/ag-ihv-2025-4-1536x1152.jpeg 1536w, https:\/\/vosgesinfo.fr\/app\/uploads\/sites\/6\/2025\/04\/ag-ihv-2025-4-2048x1536.jpeg 2048w\" sizes=\"(max-width: 1024px) 100vw, 1024px\" \/><\/a><\/strong><\/p>\n<p>&nbsp;<\/p>\n<p><strong>L\u2019Assembl\u00e9e G\u00e9n\u00e9rale d\u2019Initiative Hautes Vosges (IHV) s\u2019est d\u00e9roul\u00e9e le 28 avril dernier en salle des armes. Deux jeunes entrepreneurs y \u00e9taient \u00e0 l\u2019honneur.<\/strong><\/p>\n<p>Le pr\u00e9sident Daniel Grandemange, aux c\u00f4t\u00e9s des membres de son conseil d\u2019administration, du commissaire aux comptes et des repr\u00e9sentants des institutions locales a ouvert la s\u00e9ance sur le rapport d\u2019activit\u00e9 : 2024 a \u00e9t\u00e9 une ann\u00e9e \u00ab surprenante \u00bb, \u00ab coup\u00e9e en 2 \u00bb avec un premier semestre tr\u00e8s calme et un second tr\u00e8s fort en demandes de pr\u00eats d\u2019honneur. Ainsi 57 pr\u00eats ont \u00e9t\u00e9 accord\u00e9s pour une moyenne de 6912 \u20ac et 96 emplois directs cr\u00e9\u00e9s ou maintenus. \u00ab Ce fut une ann\u00e9e de cr\u00e9ation et de belles reprises \u00bb. L\u2019association renouvelait \u00e9galement un membre du conseil d\u2019administration et reconduisait le commissaire aux comptes Jean Voinier dans ses fonctions pour un nouveau mandat de 6 ans. Le pr\u00e9sident a ensuite annonc\u00e9 qu\u2019il passait le flambeau, apr\u00e8s 20 ans \u00e0 la pr\u00e9sidence d\u2019Initiative Hautes Vosges.<\/p>\n<p><a href=\"https:\/\/vosgesinfo.fr\/app\/uploads\/sites\/6\/2025\/04\/ag-ihv-2025-1-scaled.jpeg\"><img decoding=\"async\" class=\"alignright size-medium wp-image-77423\" src=\"https:\/\/vosgesinfo.fr\/app\/uploads\/sites\/6\/2025\/04\/ag-ihv-2025-1-300x224.jpeg\" alt=\"\" width=\"300\" height=\"224\" srcset=\"https:\/\/vosgesinfo.fr\/app\/uploads\/sites\/6\/2025\/04\/ag-ihv-2025-1-300x224.jpeg 300w, https:\/\/vosgesinfo.fr\/app\/uploads\/sites\/6\/2025\/04\/ag-ihv-2025-1-1024x766.jpeg 1024w, https:\/\/vosgesinfo.fr\/app\/uploads\/sites\/6\/2025\/04\/ag-ihv-2025-1-768x575.jpeg 768w, https:\/\/vosgesinfo.fr\/app\/uploads\/sites\/6\/2025\/04\/ag-ihv-2025-1-1536x1149.jpeg 1536w, https:\/\/vosgesinfo.fr\/app\/uploads\/sites\/6\/2025\/04\/ag-ihv-2025-1-2048x1532.jpeg 2048w\" sizes=\"(max-width: 300px) 100vw, 300px\" \/><\/a>Cette r\u00e9union a \u00e9t\u00e9 l\u2019occasion de recueillir le t\u00e9moignage de Victorien Duvaux, Le Vosgien Givr\u00e9, qui a re\u00e7u un pr\u00eat d\u2019honneur en 2023 pour la cr\u00e9ation de son entreprise et d\u2019accueillir Vanessa Thonnelier \u00e0 qui l\u2019association a remis un ch\u00e8que de pr\u00eat d\u2019honneur pour sa reprise de l\u2019agence Abeille Assurances \u00e0 Anould. Le glacier ambulant du Tholy a cr\u00e9\u00e9 son entreprise il y a un an et rencontre un \u00e9norme succ\u00e8s gr\u00e2ce \u00e0 ses cornets et glaces maison. Il travaille avec des producteurs locaux : lait bio du Tholy et farine de R\u00e9haupal. Il vient d\u2019acqu\u00e9rir son propre laboratoire et quitt\u00e9 la colocation. Seul jusqu\u2019\u00e0 pr\u00e9sent, il est rejoint par son conjoint dans l\u2019aventure, ouvre un magasin au Rain Brice en juin et va embaucher des CDD sur les diff\u00e9rents sites. \u00ab Le pr\u00eat d\u2019honneur \u00e0 taux z\u00e9ro et la subvention des leaders ont \u00e9t\u00e9 \u00ab\u00a0un s\u00e9rieux coup de pouce pour tous les petits impr\u00e9vus \u00bb.<\/p>\n<div id=\"attachment_77444\" style=\"width: 310px\" class=\"wp-caption alignright\"><a href=\"https:\/\/vosgesinfo.fr\/app\/uploads\/sites\/6\/2025\/04\/img-59461.jpg\"><img decoding=\"async\" aria-describedby=\"caption-attachment-77444\" class=\"size-medium wp-image-77444\" src=\"https:\/\/vosgesinfo.fr\/app\/uploads\/sites\/6\/2025\/04\/img-59461-300x225.jpg\" alt=\"\" width=\"300\" height=\"225\" srcset=\"https:\/\/vosgesinfo.fr\/app\/uploads\/sites\/6\/2025\/04\/img-59461-300x225.jpg 300w, https:\/\/vosgesinfo.fr\/app\/uploads\/sites\/6\/2025\/04\/img-59461-1024x768.jpg 1024w, https:\/\/vosgesinfo.fr\/app\/uploads\/sites\/6\/2025\/04\/img-59461-768x576.jpg 768w, https:\/\/vosgesinfo.fr\/app\/uploads\/sites\/6\/2025\/04\/img-59461-1536x1152.jpg 1536w, https:\/\/vosgesinfo.fr\/app\/uploads\/sites\/6\/2025\/04\/img-59461.jpg 2016w\" sizes=\"(max-width: 300px) 100vw, 300px\" \/><\/a><p id=\"caption-attachment-77444\" class=\"wp-caption-text\">La construction de l&rsquo;agence a d\u00e9but\u00e9.<\/p><\/div>\n<p>Quant \u00e0 Vanessa Thonnelier, apr\u00e8s avoir travaill\u00e9 pendant 16 ans en tant que collaboratrice, elle d\u00e9cide de suivre en novembre dernier une formation d\u2019Agent g\u00e9n\u00e9ral \u00e0 Bois-Colombes dans les Hauts-de-Seine. Avec son dipl\u00f4me en poche, elle reprend l\u2019agence Abeille d\u2019Anould le 1<sup>er<\/sup> avril. Pour l\u2019instant en location, elle est en cours de construction \u00ab d\u2019une belle agence Abeille\u00bb situ\u00e9e rue de la Rapi\u00e8re \u00e0 Anould. L\u2019aide re\u00e7ue ce jour de la part d&rsquo;IHV servira \u00e0 am\u00e9nager les bureaux. Ce pr\u00eat suppl\u00e9mentaire et le taux z\u00e9ro constituent un vrai plus pour la r\u00e9alisation de son projet.<\/p>\n\n\t\t<style type=\"text\/css\">\n\t\t\t#gallery-1 {\n\t\t\t\tmargin: auto;\n\t\t\t}\n\t\t\t#gallery-1 .gallery-item {\n\t\t\t\tfloat: left;\n\t\t\t\tmargin-top: 10px;\n\t\t\t\ttext-align: center;\n\t\t\t\twidth: 50%;\n\t\t\t}\n\t\t\t#gallery-1 img {\n\t\t\t\tborder: 2px solid #cfcfcf;\n\t\t\t}\n\t\t\t#gallery-1 .gallery-caption {\n\t\t\t\tmargin-left: 0;\n\t\t\t}\n\t\t\t\/* see gallery_shortcode() in wp-includes\/media.php *\/\n\t\t<\/style>\n\t\t<div id='gallery-1' class='gallery galleryid-77418 gallery-columns-2 gallery-size-medium'><dl class='gallery-item'>\n\t\t\t<dt class='gallery-icon landscape'>\n\t\t\t\t<a href='https:\/\/vosgesinfo.fr\/app\/uploads\/sites\/6\/2025\/04\/ag-ihv-2025-3-scaled.jpeg'><img decoding=\"async\" width=\"300\" height=\"200\" src=\"https:\/\/vosgesinfo.fr\/app\/uploads\/sites\/6\/2025\/04\/ag-ihv-2025-3-300x200.jpeg\" class=\"attachment-medium size-medium\" alt=\"\" srcset=\"https:\/\/vosgesinfo.fr\/app\/uploads\/sites\/6\/2025\/04\/ag-ihv-2025-3-300x200.jpeg 300w, https:\/\/vosgesinfo.fr\/app\/uploads\/sites\/6\/2025\/04\/ag-ihv-2025-3-1024x683.jpeg 1024w, https:\/\/vosgesinfo.fr\/app\/uploads\/sites\/6\/2025\/04\/ag-ihv-2025-3-768x512.jpeg 768w, https:\/\/vosgesinfo.fr\/app\/uploads\/sites\/6\/2025\/04\/ag-ihv-2025-3-1536x1025.jpeg 1536w, https:\/\/vosgesinfo.fr\/app\/uploads\/sites\/6\/2025\/04\/ag-ihv-2025-3-2048x1366.jpeg 2048w\" sizes=\"(max-width: 300px) 100vw, 300px\" \/><\/a>\n\t\t\t<\/dt><\/dl><dl class='gallery-item'>\n\t\t\t<dt class='gallery-icon landscape'>\n\t\t\t\t<a href='https:\/\/vosgesinfo.fr\/app\/uploads\/sites\/6\/2025\/04\/ag-ihv-2025-2-scaled.jpeg'><img decoding=\"async\" width=\"300\" height=\"225\" src=\"https:\/\/vosgesinfo.fr\/app\/uploads\/sites\/6\/2025\/04\/ag-ihv-2025-2-300x225.jpeg\" class=\"attachment-medium size-medium\" alt=\"\" srcset=\"https:\/\/vosgesinfo.fr\/app\/uploads\/sites\/6\/2025\/04\/ag-ihv-2025-2-300x225.jpeg 300w, https:\/\/vosgesinfo.fr\/app\/uploads\/sites\/6\/2025\/04\/ag-ihv-2025-2-1024x768.jpeg 1024w, https:\/\/vosgesinfo.fr\/app\/uploads\/sites\/6\/2025\/04\/ag-ihv-2025-2-768x576.jpeg 768w, https:\/\/vosgesinfo.fr\/app\/uploads\/sites\/6\/2025\/04\/ag-ihv-2025-2-1536x1152.jpeg 1536w, https:\/\/vosgesinfo.fr\/app\/uploads\/sites\/6\/2025\/04\/ag-ihv-2025-2-2048x1536.jpeg 2048w\" sizes=\"(max-width: 300px) 100vw, 300px\" \/><\/a>\n\t\t\t<\/dt><\/dl><br style=\"clear: both\" \/>\n\t\t<\/div>\n\n","protected":false},"excerpt":{"rendered":"<p>&nbsp; L\u2019Assembl\u00e9e G\u00e9n\u00e9rale d\u2019Initiative Hautes Vosges (IHV) s\u2019est d\u00e9roul\u00e9e le 28 avril dernier en salle des armes. Deux jeunes entrepreneurs [&hellip;]<\/p>\n","protected":false},"author":258,"featured_media":77422,"comment_status":"open","ping_status":"open","sticky":false,"template":"","format":"standard","meta":{"footnotes":""},"categories":[20,5647,17,18],"tags":[7257,1021,7256],"class_list":["post-77418","post","type-post","status-publish","format-standard","has-post-thumbnail","hentry","category-a-la-une","category-gerardmer-autres-sites","category-vie-associative","category-vosges","tag-agence-abeille-anould","tag-initiative-hautes-vosges","tag-le-vosgien-givre"],"acf":[],"yoast_head":"<!-- This site is optimized with the Yoast SEO plugin v22.5 - https:\/\/yoast.com\/wordpress\/plugins\/seo\/ -->\n<title>R\u00e9seau Initiative Hautes Vosges \u00e0 l\u2019heure du bilan\u00a0: une ann\u00e9e \u00ab\u00a0surprenante\u00a0\u00bb - Gerardmer Info<\/title>\n<meta name=\"robots\" content=\"index, follow, max-snippet:-1, max-image-preview:large, max-video-preview:-1\" \/>\n<link rel=\"canonical\" href=\"https:\/\/vosgesinfo.fr\/gerardmerinfo\/2025\/04\/reseau-initiative-hautes-vosges-a-lheure-du-bilan-une-annee-surprenante\/\" \/>\n<meta name=\"twitter:card\" content=\"summary_large_image\" \/>\n<meta name=\"twitter:title\" content=\"R\u00e9seau Initiative Hautes Vosges \u00e0 l\u2019heure du bilan\u00a0: une ann\u00e9e \u00ab\u00a0surprenante\u00a0\u00bb - Gerardmer Info\" \/>\n<meta name=\"twitter:description\" content=\"&nbsp; L\u2019Assembl\u00e9e G\u00e9n\u00e9rale d\u2019Initiative Hautes Vosges (IHV) s\u2019est d\u00e9roul\u00e9e le 28 avril dernier en salle des armes. Deux jeunes entrepreneurs [&hellip;]\" \/>\n<meta name=\"twitter:image\" content=\"https:\/\/vosgesinfo.fr\/app\/uploads\/sites\/6\/2025\/04\/ag-ihv-2025-4-scaled.jpeg\" \/>\n<meta name=\"twitter:creator\" content=\"@VosgesInfo88\" \/>\n<meta name=\"twitter:site\" content=\"@VosgesInfo88\" \/>\n<meta name=\"twitter:label1\" content=\"\u00c9crit par\" \/>\n\t<meta name=\"twitter:data1\" content=\"I.N\" \/>\n\t<meta name=\"twitter:label2\" content=\"Dur\u00e9e de lecture estim\u00e9e\" \/>\n\t<meta name=\"twitter:data2\" content=\"3 minutes\" \/>\n<script type=\"application\/ld+json\" class=\"yoast-schema-graph\">{\"@context\":\"https:\/\/schema.org\",\"@graph\":[{\"@type\":\"Article\",\"@id\":\"https:\/\/vosgesinfo.fr\/gerardmerinfo\/2025\/04\/reseau-initiative-hautes-vosges-a-lheure-du-bilan-une-annee-surprenante\/#article\",\"isPartOf\":{\"@id\":\"https:\/\/vosgesinfo.fr\/gerardmerinfo\/2025\/04\/reseau-initiative-hautes-vosges-a-lheure-du-bilan-une-annee-surprenante\/\"},\"author\":{\"name\":\"I.N\",\"@id\":\"https:\/\/vosgesinfo.fr\/gerardmerinfo\/#\/schema\/person\/bb210d3430e59ff5cd247deaccb63615\"},\"headline\":\"R\u00e9seau Initiative Hautes Vosges \u00e0 l\u2019heure du bilan\u00a0: une ann\u00e9e \u00ab\u00a0surprenante\u00a0\u00bb\",\"datePublished\":\"2025-04-30T03:58:46+00:00\",\"dateModified\":\"2025-04-29T12:28:14+00:00\",\"mainEntityOfPage\":{\"@id\":\"https:\/\/vosgesinfo.fr\/gerardmerinfo\/2025\/04\/reseau-initiative-hautes-vosges-a-lheure-du-bilan-une-annee-surprenante\/\"},\"wordCount\":493,\"commentCount\":0,\"publisher\":{\"@id\":\"https:\/\/vosgesinfo.fr\/gerardmerinfo\/#organization\"},\"image\":{\"@id\":\"https:\/\/vosgesinfo.fr\/gerardmerinfo\/2025\/04\/reseau-initiative-hautes-vosges-a-lheure-du-bilan-une-annee-surprenante\/#primaryimage\"},\"thumbnailUrl\":\"https:\/\/vosgesinfo.fr\/app\/uploads\/sites\/6\/2025\/04\/ag-ihv-2025-4-scaled.jpeg\",\"keywords\":[\"Agence Abeille Anould\",\"Initiative Hautes Vosges\",\"Le Vosgien Givr\u00e9\"],\"articleSection\":[\"A la une\",\"Gerardmer\",\"Vie Associative\",\"Vosges\"],\"inLanguage\":\"fr-FR\",\"potentialAction\":[{\"@type\":\"CommentAction\",\"name\":\"Comment\",\"target\":[\"https:\/\/vosgesinfo.fr\/gerardmerinfo\/2025\/04\/reseau-initiative-hautes-vosges-a-lheure-du-bilan-une-annee-surprenante\/#respond\"]}]},{\"@type\":\"WebPage\",\"@id\":\"https:\/\/vosgesinfo.fr\/gerardmerinfo\/2025\/04\/reseau-initiative-hautes-vosges-a-lheure-du-bilan-une-annee-surprenante\/\",\"url\":\"https:\/\/vosgesinfo.fr\/gerardmerinfo\/2025\/04\/reseau-initiative-hautes-vosges-a-lheure-du-bilan-une-annee-surprenante\/\",\"name\":\"R\u00e9seau Initiative Hautes Vosges \u00e0 l\u2019heure du bilan\u00a0: une ann\u00e9e \u00ab\u00a0surprenante\u00a0\u00bb - Gerardmer Info\",\"isPartOf\":{\"@id\":\"https:\/\/vosgesinfo.fr\/gerardmerinfo\/#website\"},\"primaryImageOfPage\":{\"@id\":\"https:\/\/vosgesinfo.fr\/gerardmerinfo\/2025\/04\/reseau-initiative-hautes-vosges-a-lheure-du-bilan-une-annee-surprenante\/#primaryimage\"},\"image\":{\"@id\":\"https:\/\/vosgesinfo.fr\/gerardmerinfo\/2025\/04\/reseau-initiative-hautes-vosges-a-lheure-du-bilan-une-annee-surprenante\/#primaryimage\"},\"thumbnailUrl\":\"https:\/\/vosgesinfo.fr\/app\/uploads\/sites\/6\/2025\/04\/ag-ihv-2025-4-scaled.jpeg\",\"datePublished\":\"2025-04-30T03:58:46+00:00\",\"dateModified\":\"2025-04-29T12:28:14+00:00\",\"breadcrumb\":{\"@id\":\"https:\/\/vosgesinfo.fr\/gerardmerinfo\/2025\/04\/reseau-initiative-hautes-vosges-a-lheure-du-bilan-une-annee-surprenante\/#breadcrumb\"},\"inLanguage\":\"fr-FR\",\"potentialAction\":[{\"@type\":\"ReadAction\",\"target\":[\"https:\/\/vosgesinfo.fr\/gerardmerinfo\/2025\/04\/reseau-initiative-hautes-vosges-a-lheure-du-bilan-une-annee-surprenante\/\"]}]},{\"@type\":\"ImageObject\",\"inLanguage\":\"fr-FR\",\"@id\":\"https:\/\/vosgesinfo.fr\/gerardmerinfo\/2025\/04\/reseau-initiative-hautes-vosges-a-lheure-du-bilan-une-annee-surprenante\/#primaryimage\",\"url\":\"https:\/\/vosgesinfo.fr\/app\/uploads\/sites\/6\/2025\/04\/ag-ihv-2025-4-scaled.jpeg\",\"contentUrl\":\"https:\/\/vosgesinfo.fr\/app\/uploads\/sites\/6\/2025\/04\/ag-ihv-2025-4-scaled.jpeg\",\"width\":2560,\"height\":1920},{\"@type\":\"BreadcrumbList\",\"@id\":\"https:\/\/vosgesinfo.fr\/gerardmerinfo\/2025\/04\/reseau-initiative-hautes-vosges-a-lheure-du-bilan-une-annee-surprenante\/#breadcrumb\",\"itemListElement\":[{\"@type\":\"ListItem\",\"position\":1,\"name\":\"Home\",\"item\":\"https:\/\/vosgesinfo.fr\/gerardmerinfo\/\"},{\"@type\":\"ListItem\",\"position\":2,\"name\":\"R\u00e9seau Initiative Hautes Vosges \u00e0 l\u2019heure du bilan\u00a0: une ann\u00e9e \u00ab\u00a0surprenante\u00a0\u00bb\"}]},{\"@type\":\"WebSite\",\"@id\":\"https:\/\/vosgesinfo.fr\/gerardmerinfo\/#website\",\"url\":\"https:\/\/vosgesinfo.fr\/gerardmerinfo\/\",\"name\":\"Gerardmer Info\",\"description\":\"Toute l&#039;actualit\u00e9 de G\u00e9rardmer\",\"publisher\":{\"@id\":\"https:\/\/vosgesinfo.fr\/gerardmerinfo\/#organization\"},\"alternateName\":\"Toute l'actualit\u00e9 de G\u00e9rardmer\",\"potentialAction\":[{\"@type\":\"SearchAction\",\"target\":{\"@type\":\"EntryPoint\",\"urlTemplate\":\"https:\/\/vosgesinfo.fr\/gerardmerinfo\/?s={search_term_string}\"},\"query-input\":\"required name=search_term_string\"}],\"inLanguage\":\"fr-FR\"},{\"@type\":\"Organization\",\"@id\":\"https:\/\/vosgesinfo.fr\/gerardmerinfo\/#organization\",\"name\":\"Gerardmer Info\",\"url\":\"https:\/\/vosgesinfo.fr\/gerardmerinfo\/\",\"logo\":{\"@type\":\"ImageObject\",\"inLanguage\":\"fr-FR\",\"@id\":\"https:\/\/vosgesinfo.fr\/gerardmerinfo\/#\/schema\/logo\/image\/\",\"url\":\"https:\/\/vosgesinfo.fr\/app\/uploads\/sites\/6\/2023\/08\/favicon-gerardmerinfo.png\",\"contentUrl\":\"https:\/\/vosgesinfo.fr\/app\/uploads\/sites\/6\/2023\/08\/favicon-gerardmerinfo.png\",\"width\":512,\"height\":512,\"caption\":\"Gerardmer Info\"},\"image\":{\"@id\":\"https:\/\/vosgesinfo.fr\/gerardmerinfo\/#\/schema\/logo\/image\/\"},\"sameAs\":[\"https:\/\/www.facebook.com\/profile.php?id=100049475262660\",\"https:\/\/x.com\/VosgesInfo88\",\"https:\/\/www.youtube.com\/@vosgesinfo\"]},{\"@type\":\"Person\",\"@id\":\"https:\/\/vosgesinfo.fr\/gerardmerinfo\/#\/schema\/person\/bb210d3430e59ff5cd247deaccb63615\",\"name\":\"I.N\",\"image\":{\"@type\":\"ImageObject\",\"inLanguage\":\"fr-FR\",\"@id\":\"https:\/\/vosgesinfo.fr\/gerardmerinfo\/#\/schema\/person\/image\/\",\"url\":\"https:\/\/secure.gravatar.com\/avatar\/612d5c20a39b1c8bc5675cc8e3d99e120730e7d080423fdafec485619845af71?s=96&d=mm&r=g\",\"contentUrl\":\"https:\/\/secure.gravatar.com\/avatar\/612d5c20a39b1c8bc5675cc8e3d99e120730e7d080423fdafec485619845af71?s=96&d=mm&r=g\",\"caption\":\"I.N\"},\"url\":\"https:\/\/vosgesinfo.fr\/gerardmerinfo\/author\/i-ngerardmer\/\"}]}<\/script>\n<!-- \/ Yoast SEO plugin. -->","yoast_head_json":{"title":"R\u00e9seau Initiative Hautes Vosges \u00e0 l\u2019heure du bilan\u00a0: une ann\u00e9e \u00ab\u00a0surprenante\u00a0\u00bb - Gerardmer Info","robots":{"index":"index","follow":"follow","max-snippet":"max-snippet:-1","max-image-preview":"max-image-preview:large","max-video-preview":"max-video-preview:-1"},"canonical":"https:\/\/vosgesinfo.fr\/gerardmerinfo\/2025\/04\/reseau-initiative-hautes-vosges-a-lheure-du-bilan-une-annee-surprenante\/","twitter_card":"summary_large_image","twitter_title":"R\u00e9seau Initiative Hautes Vosges \u00e0 l\u2019heure du bilan\u00a0: une ann\u00e9e \u00ab\u00a0surprenante\u00a0\u00bb - Gerardmer Info","twitter_description":"&nbsp; L\u2019Assembl\u00e9e G\u00e9n\u00e9rale d\u2019Initiative Hautes Vosges (IHV) s\u2019est d\u00e9roul\u00e9e le 28 avril dernier en salle des armes. Deux jeunes entrepreneurs [&hellip;]","twitter_image":"https:\/\/vosgesinfo.fr\/app\/uploads\/sites\/6\/2025\/04\/ag-ihv-2025-4-scaled.jpeg","twitter_creator":"@VosgesInfo88","twitter_site":"@VosgesInfo88","twitter_misc":{"\u00c9crit par":"I.N","Dur\u00e9e de lecture estim\u00e9e":"3 minutes"},"schema":{"@context":"https:\/\/schema.org","@graph":[{"@type":"Article","@id":"https:\/\/vosgesinfo.fr\/gerardmerinfo\/2025\/04\/reseau-initiative-hautes-vosges-a-lheure-du-bilan-une-annee-surprenante\/#article","isPartOf":{"@id":"https:\/\/vosgesinfo.fr\/gerardmerinfo\/2025\/04\/reseau-initiative-hautes-vosges-a-lheure-du-bilan-une-annee-surprenante\/"},"author":{"name":"I.N","@id":"https:\/\/vosgesinfo.fr\/gerardmerinfo\/#\/schema\/person\/bb210d3430e59ff5cd247deaccb63615"},"headline":"R\u00e9seau Initiative Hautes Vosges \u00e0 l\u2019heure du bilan\u00a0: une ann\u00e9e \u00ab\u00a0surprenante\u00a0\u00bb","datePublished":"2025-04-30T03:58:46+00:00","dateModified":"2025-04-29T12:28:14+00:00","mainEntityOfPage":{"@id":"https:\/\/vosgesinfo.fr\/gerardmerinfo\/2025\/04\/reseau-initiative-hautes-vosges-a-lheure-du-bilan-une-annee-surprenante\/"},"wordCount":493,"commentCount":0,"publisher":{"@id":"https:\/\/vosgesinfo.fr\/gerardmerinfo\/#organization"},"image":{"@id":"https:\/\/vosgesinfo.fr\/gerardmerinfo\/2025\/04\/reseau-initiative-hautes-vosges-a-lheure-du-bilan-une-annee-surprenante\/#primaryimage"},"thumbnailUrl":"https:\/\/vosgesinfo.fr\/app\/uploads\/sites\/6\/2025\/04\/ag-ihv-2025-4-scaled.jpeg","keywords":["Agence Abeille Anould","Initiative Hautes Vosges","Le Vosgien Givr\u00e9"],"articleSection":["A la une","Gerardmer","Vie Associative","Vosges"],"inLanguage":"fr-FR","potentialAction":[{"@type":"CommentAction","name":"Comment","target":["https:\/\/vosgesinfo.fr\/gerardmerinfo\/2025\/04\/reseau-initiative-hautes-vosges-a-lheure-du-bilan-une-annee-surprenante\/#respond"]}]},{"@type":"WebPage","@id":"https:\/\/vosgesinfo.fr\/gerardmerinfo\/2025\/04\/reseau-initiative-hautes-vosges-a-lheure-du-bilan-une-annee-surprenante\/","url":"https:\/\/vosgesinfo.fr\/gerardmerinfo\/2025\/04\/reseau-initiative-hautes-vosges-a-lheure-du-bilan-une-annee-surprenante\/","name":"R\u00e9seau Initiative Hautes Vosges \u00e0 l\u2019heure du bilan\u00a0: une ann\u00e9e \u00ab\u00a0surprenante\u00a0\u00bb - Gerardmer Info","isPartOf":{"@id":"https:\/\/vosgesinfo.fr\/gerardmerinfo\/#website"},"primaryImageOfPage":{"@id":"https:\/\/vosgesinfo.fr\/gerardmerinfo\/2025\/04\/reseau-initiative-hautes-vosges-a-lheure-du-bilan-une-annee-surprenante\/#primaryimage"},"image":{"@id":"https:\/\/vosgesinfo.fr\/gerardmerinfo\/2025\/04\/reseau-initiative-hautes-vosges-a-lheure-du-bilan-une-annee-surprenante\/#primaryimage"},"thumbnailUrl":"https:\/\/vosgesinfo.fr\/app\/uploads\/sites\/6\/2025\/04\/ag-ihv-2025-4-scaled.jpeg","datePublished":"2025-04-30T03:58:46+00:00","dateModified":"2025-04-29T12:28:14+00:00","breadcrumb":{"@id":"https:\/\/vosgesinfo.fr\/gerardmerinfo\/2025\/04\/reseau-initiative-hautes-vosges-a-lheure-du-bilan-une-annee-surprenante\/#breadcrumb"},"inLanguage":"fr-FR","potentialAction":[{"@type":"ReadAction","target":["https:\/\/vosgesinfo.fr\/gerardmerinfo\/2025\/04\/reseau-initiative-hautes-vosges-a-lheure-du-bilan-une-annee-surprenante\/"]}]},{"@type":"ImageObject","inLanguage":"fr-FR","@id":"https:\/\/vosgesinfo.fr\/gerardmerinfo\/2025\/04\/reseau-initiative-hautes-vosges-a-lheure-du-bilan-une-annee-surprenante\/#primaryimage","url":"https:\/\/vosgesinfo.fr\/app\/uploads\/sites\/6\/2025\/04\/ag-ihv-2025-4-scaled.jpeg","contentUrl":"https:\/\/vosgesinfo.fr\/app\/uploads\/sites\/6\/2025\/04\/ag-ihv-2025-4-scaled.jpeg","width":2560,"height":1920},{"@type":"BreadcrumbList","@id":"https:\/\/vosgesinfo.fr\/gerardmerinfo\/2025\/04\/reseau-initiative-hautes-vosges-a-lheure-du-bilan-une-annee-surprenante\/#breadcrumb","itemListElement":[{"@type":"ListItem","position":1,"name":"Home","item":"https:\/\/vosgesinfo.fr\/gerardmerinfo\/"},{"@type":"ListItem","position":2,"name":"R\u00e9seau Initiative Hautes Vosges \u00e0 l\u2019heure du bilan\u00a0: une ann\u00e9e \u00ab\u00a0surprenante\u00a0\u00bb"}]},{"@type":"WebSite","@id":"https:\/\/vosgesinfo.fr\/gerardmerinfo\/#website","url":"https:\/\/vosgesinfo.fr\/gerardmerinfo\/","name":"Gerardmer Info","description":"Toute l&#039;actualit\u00e9 de G\u00e9rardmer","publisher":{"@id":"https:\/\/vosgesinfo.fr\/gerardmerinfo\/#organization"},"alternateName":"Toute l'actualit\u00e9 de G\u00e9rardmer","potentialAction":[{"@type":"SearchAction","target":{"@type":"EntryPoint","urlTemplate":"https:\/\/vosgesinfo.fr\/gerardmerinfo\/?s={search_term_string}"},"query-input":"required name=search_term_string"}],"inLanguage":"fr-FR"},{"@type":"Organization","@id":"https:\/\/vosgesinfo.fr\/gerardmerinfo\/#organization","name":"Gerardmer Info","url":"https:\/\/vosgesinfo.fr\/gerardmerinfo\/","logo":{"@type":"ImageObject","inLanguage":"fr-FR","@id":"https:\/\/vosgesinfo.fr\/gerardmerinfo\/#\/schema\/logo\/image\/","url":"https:\/\/vosgesinfo.fr\/app\/uploads\/sites\/6\/2023\/08\/favicon-gerardmerinfo.png","contentUrl":"https:\/\/vosgesinfo.fr\/app\/uploads\/sites\/6\/2023\/08\/favicon-gerardmerinfo.png","width":512,"height":512,"caption":"Gerardmer Info"},"image":{"@id":"https:\/\/vosgesinfo.fr\/gerardmerinfo\/#\/schema\/logo\/image\/"},"sameAs":["https:\/\/www.facebook.com\/profile.php?id=100049475262660","https:\/\/x.com\/VosgesInfo88","https:\/\/www.youtube.com\/@vosgesinfo"]},{"@type":"Person","@id":"https:\/\/vosgesinfo.fr\/gerardmerinfo\/#\/schema\/person\/bb210d3430e59ff5cd247deaccb63615","name":"I.N","image":{"@type":"ImageObject","inLanguage":"fr-FR","@id":"https:\/\/vosgesinfo.fr\/gerardmerinfo\/#\/schema\/person\/image\/","url":"https:\/\/secure.gravatar.com\/avatar\/612d5c20a39b1c8bc5675cc8e3d99e120730e7d080423fdafec485619845af71?s=96&d=mm&r=g","contentUrl":"https:\/\/secure.gravatar.com\/avatar\/612d5c20a39b1c8bc5675cc8e3d99e120730e7d080423fdafec485619845af71?s=96&d=mm&r=g","caption":"I.N"},"url":"https:\/\/vosgesinfo.fr\/gerardmerinfo\/author\/i-ngerardmer\/"}]}},"_links":{"self":[{"href":"https:\/\/vosgesinfo.fr\/gerardmerinfo\/wp-json\/wp\/v2\/posts\/77418","targetHints":{"allow":["GET"]}}],"collection":[{"href":"https:\/\/vosgesinfo.fr\/gerardmerinfo\/wp-json\/wp\/v2\/posts"}],"about":[{"href":"https:\/\/vosgesinfo.fr\/gerardmerinfo\/wp-json\/wp\/v2\/types\/post"}],"author":[{"embeddable":true,"href":"https:\/\/vosgesinfo.fr\/gerardmerinfo\/wp-json\/wp\/v2\/users\/258"}],"replies":[{"embeddable":true,"href":"https:\/\/vosgesinfo.fr\/gerardmerinfo\/wp-json\/wp\/v2\/comments?post=77418"}],"version-history":[{"count":8,"href":"https:\/\/vosgesinfo.fr\/gerardmerinfo\/wp-json\/wp\/v2\/posts\/77418\/revisions"}],"predecessor-version":[{"id":77445,"href":"https:\/\/vosgesinfo.fr\/gerardmerinfo\/wp-json\/wp\/v2\/posts\/77418\/revisions\/77445"}],"wp:featuredmedia":[{"embeddable":true,"href":"https:\/\/vosgesinfo.fr\/gerardmerinfo\/wp-json\/wp\/v2\/media\/77422"}],"wp:attachment":[{"href":"https:\/\/vosgesinfo.fr\/gerardmerinfo\/wp-json\/wp\/v2\/media?parent=77418"}],"wp:term":[{"taxonomy":"category","embeddable":true,"href":"https:\/\/vosgesinfo.fr\/gerardmerinfo\/wp-json\/wp\/v2\/categories?post=77418"},{"taxonomy":"post_tag","embeddable":true,"href":"https:\/\/vosgesinfo.fr\/gerardmerinfo\/wp-json\/wp\/v2\/tags?post=77418"}],"curies":[{"name":"wp","href":"https:\/\/api.w.org\/{rel}","templated":true}]}}