{"id":77710,"date":"2025-05-09T05:57:09","date_gmt":"2025-05-09T03:57:09","guid":{"rendered":"https:\/\/vosgesinfo.fr\/gerardmerinfo\/?p=77710"},"modified":"2025-05-09T10:58:35","modified_gmt":"2025-05-09T08:58:35","slug":"lete-arrive-et-lasg-canoe-kayak-reprend-des-couleurs-apres-la-saison-hivernale-plus-creuse","status":"publish","type":"post","link":"https:\/\/vosgesinfo.fr\/gerardmerinfo\/2025\/05\/lete-arrive-et-lasg-canoe-kayak-reprend-des-couleurs-apres-la-saison-hivernale-plus-creuse\/","title":{"rendered":"L&rsquo;\u00e9t\u00e9 arrive et l&rsquo;ASG Cano\u00eb Kayak reprend des couleurs apr\u00e8s la saison hivernale plus creuse !"},"content":{"rendered":"<p><a href=\"https:\/\/vosgesinfo.fr\/app\/uploads\/sites\/6\/2025\/05\/asg-aviron-1.jpg\"><img decoding=\"async\" class=\"aligncenter size-large wp-image-77713\" src=\"https:\/\/vosgesinfo.fr\/app\/uploads\/sites\/6\/2025\/05\/asg-aviron-1-1024x768.jpg\" alt=\"\" width=\"1024\" height=\"768\" srcset=\"https:\/\/vosgesinfo.fr\/app\/uploads\/sites\/6\/2025\/05\/asg-aviron-1-1024x768.jpg 1024w, https:\/\/vosgesinfo.fr\/app\/uploads\/sites\/6\/2025\/05\/asg-aviron-1-300x225.jpg 300w, https:\/\/vosgesinfo.fr\/app\/uploads\/sites\/6\/2025\/05\/asg-aviron-1-768x576.jpg 768w, https:\/\/vosgesinfo.fr\/app\/uploads\/sites\/6\/2025\/05\/asg-aviron-1-1536x1152.jpg 1536w, https:\/\/vosgesinfo.fr\/app\/uploads\/sites\/6\/2025\/05\/asg-aviron-1.jpg 2048w\" sizes=\"(max-width: 1024px) 100vw, 1024px\" \/><\/a><\/p>\n<h3><\/h3>\n<h3>Le club de l&rsquo;ASG CK\u00a0c&rsquo;est l&rsquo;encadrement de la section sportive de la Haie Griselle\u00a0(Coll\u00e8ge et Lyc\u00e9e), des\u00a0\u00e9coles primaires locales, des classes vertes, des groupes particuliers par les salari\u00e9s du club d&rsquo;avril \u00e0 juin, et de septembre \u00e0 octobre. C&rsquo;est aussi l&rsquo;accueil de groupes : colonies, s\u00e9jour sportifs, EVG et EVJF, familles et amis.<\/h3>\n<p>&nbsp;<\/p>\n<p><a href=\"https:\/\/vosgesinfo.fr\/app\/uploads\/sites\/6\/2025\/05\/livret-presentation-club-adultes-en-enfants1.png\"><img decoding=\"async\" class=\"alignright size-medium wp-image-77711\" src=\"https:\/\/vosgesinfo.fr\/app\/uploads\/sites\/6\/2025\/05\/livret-presentation-club-adultes-en-enfants1-212x300.png\" alt=\"\" width=\"212\" height=\"300\" srcset=\"https:\/\/vosgesinfo.fr\/app\/uploads\/sites\/6\/2025\/05\/livret-presentation-club-adultes-en-enfants1-212x300.png 212w, https:\/\/vosgesinfo.fr\/app\/uploads\/sites\/6\/2025\/05\/livret-presentation-club-adultes-en-enfants1-724x1024.png 724w, https:\/\/vosgesinfo.fr\/app\/uploads\/sites\/6\/2025\/05\/livret-presentation-club-adultes-en-enfants1-768x1086.png 768w, https:\/\/vosgesinfo.fr\/app\/uploads\/sites\/6\/2025\/05\/livret-presentation-club-adultes-en-enfants1-1086x1536.png 1086w, https:\/\/vosgesinfo.fr\/app\/uploads\/sites\/6\/2025\/05\/livret-presentation-club-adultes-en-enfants1-1448x2048.png 1448w, https:\/\/vosgesinfo.fr\/app\/uploads\/sites\/6\/2025\/05\/livret-presentation-club-adultes-en-enfants1.png 1587w\" sizes=\"(max-width: 212px) 100vw, 212px\" \/><\/a>Mais le club vit pleinement\u00a0pour ses licenci\u00e9s, et ce,\u00a0<strong>les 12 mois de l&rsquo;ann\u00e9e\u00a0<\/strong>! C&rsquo;est un ensemble de 7 activit\u00e9s, seul ou en \u00e9quipage, qui peuvent \u00eatre r\u00e9alis\u00e9es : kayak et cano\u00eb de descente, de course en ligne, de slalom, dragon boat, kayak polo, Va&rsquo;a et m\u00eame PADDLE !<\/p>\n<p>Il y en pour tous les go\u00fbts, que vous soyez Loisirs ou Comp\u00e9titeurs !!<\/p>\n<p>&nbsp;<\/p>\n<p><u>Pour les jeunes :\u00a0<\/u><\/p>\n<p>Les activit\u00e9s ont lieu toute l&rsquo;ann\u00e9e de Janvier \u00e0 D\u00e9cembre pour les enfants : sur l&rsquo;eau ou en salle, 2 \u00e0 3 fois par semaine (en fonction du niveau et de l&rsquo;\u00e2ge de\u00a0l&rsquo;enfant).<\/p>\n<p>Des stages\u00a0ont lieu \u00e0 chaque vacances scolaires\u00a0: de navigation (partout en France) ou en salle (regroupant diff\u00e9rentes associations sportives locales).<\/p>\n<p>&nbsp;<\/p>\n<p><strong>Les s\u00e9ances sont les suivantes :\u00a0<\/strong><\/p>\n<p><a href=\"https:\/\/vosgesinfo.fr\/app\/uploads\/sites\/6\/2025\/05\/asg-aviron-2.jpg\"><img decoding=\"async\" class=\"alignright size-medium wp-image-77712\" src=\"https:\/\/vosgesinfo.fr\/app\/uploads\/sites\/6\/2025\/05\/asg-aviron-2-225x300.jpg\" alt=\"\" width=\"225\" height=\"300\" srcset=\"https:\/\/vosgesinfo.fr\/app\/uploads\/sites\/6\/2025\/05\/asg-aviron-2-225x300.jpg 225w, https:\/\/vosgesinfo.fr\/app\/uploads\/sites\/6\/2025\/05\/asg-aviron-2-768x1024.jpg 768w, https:\/\/vosgesinfo.fr\/app\/uploads\/sites\/6\/2025\/05\/asg-aviron-2-1152x1536.jpg 1152w, https:\/\/vosgesinfo.fr\/app\/uploads\/sites\/6\/2025\/05\/asg-aviron-2.jpg 1536w\" sizes=\"(max-width: 225px) 100vw, 225px\" \/><\/a>&#8211; mercredi et samedi apr\u00e8s-midi (13h30 \u00e0 16h &#8211; sauf l&rsquo;\u00e9t\u00e9, de 16h \u00e0 18h).<\/p>\n<p>&#8211; vendredi apr\u00e8s-midi : pour les jeunes du club,\u00a0de 13 \u00e0 18 ans.<\/p>\n<p>&#8211; mardi soir : esquimautage en piscine pour tous (entre novembre et mars).<\/p>\n<p>&nbsp;<\/p>\n<p>Licence enfant :<\/p>\n<p>&#8211; poussins \u00e0 benjamins\u00a0(de 8 \u00e0 12 ans)\u00a0: 63\u20ac pour l&rsquo;ann\u00e9e<\/p>\n<p>&#8211; minimes \u00e0 juniors\u00a0(de 13 \u00e0 18 ans)\u00a0: 84\u20ac pour l&rsquo;ann\u00e9e<\/p>\n<p>&nbsp;<\/p>\n<p><strong>Pour les adultes :<\/strong><\/p>\n<p>La navigation libre est possible toute l&rsquo;ann\u00e9e de Janvier \u00e0 D\u00e9cembre : sur la p\u00e9riode hivernale, s\u00e9ances en salle (renforcement musculaire et musculation) trois fois par semaine et navigation pour ceux qui le souhaitent.<\/p>\n<p>&nbsp;<\/p>\n<p><strong>Les s\u00e9ances sont les suivantes (au choix) :\u00a0<\/strong><\/p>\n<p>&#8211; possibilit\u00e9 de naviguer toute l&rsquo;ann\u00e9e en kayak, cano\u00eb et paddle\u00a0(\u00e0 partir d&rsquo;Avril)<\/p>\n<p>&#8211; s\u00e9ance comp\u00e9titeurs : samedi matin<\/p>\n<p>&#8211; s\u00e9ance parents et s\u00e9ances loisir : samedi apr\u00e8s-midi (en m\u00eame temps que les cr\u00e9neaux jeunes)<\/p>\n<p>&#8211; s\u00e9ance dragon boat : mercredi et samedi soirs<\/p>\n<p>&#8211; s\u00e9ances renfo\/muscu : mardi, jeudi, samedi soirs<\/p>\n<p>&#8211; en fonction du niveau et des s\u00e9ances, les adultes peuvent aussi venir sur les entra\u00eenements de nos jeunes athl\u00e8tes comp\u00e9titeurs<\/p>\n<p>&nbsp;<\/p>\n<p>Licence adultes : 128\u20ac \u00e0 l&rsquo;ann\u00e9e<\/p>\n<p>&nbsp;<\/p>\n<p>Les 2 premi\u00e8res s\u00e9ances sont offertes, n&rsquo;attendez plus !<\/p>\n","protected":false},"excerpt":{"rendered":"<p>Le club de l&rsquo;ASG CK\u00a0c&rsquo;est l&rsquo;encadrement de la section sportive de la Haie Griselle\u00a0(Coll\u00e8ge et Lyc\u00e9e), des\u00a0\u00e9coles primaires locales, des [&hellip;]<\/p>\n","protected":false},"author":391,"featured_media":77713,"comment_status":"open","ping_status":"open","sticky":false,"template":"","format":"standard","meta":{"footnotes":""},"categories":[20,25,5647,14],"tags":[174],"class_list":["post-77710","post","type-post","status-publish","format-standard","has-post-thumbnail","hentry","category-a-la-une","category-gerardmer","category-gerardmer-autres-sites","category-sport","tag-asg-aviron"],"acf":[],"yoast_head":"<!-- This site is optimized with the Yoast SEO plugin v22.5 - https:\/\/yoast.com\/wordpress\/plugins\/seo\/ -->\n<title>L&#039;\u00e9t\u00e9 arrive et l&#039;ASG Cano\u00eb Kayak reprend des couleurs apr\u00e8s la saison hivernale plus creuse ! - Gerardmer Info<\/title>\n<meta name=\"robots\" content=\"index, follow, max-snippet:-1, max-image-preview:large, max-video-preview:-1\" \/>\n<link rel=\"canonical\" href=\"https:\/\/vosgesinfo.fr\/gerardmerinfo\/2025\/05\/lete-arrive-et-lasg-canoe-kayak-reprend-des-couleurs-apres-la-saison-hivernale-plus-creuse\/\" \/>\n<meta name=\"twitter:card\" content=\"summary_large_image\" \/>\n<meta name=\"twitter:title\" content=\"L&#039;\u00e9t\u00e9 arrive et l&#039;ASG Cano\u00eb Kayak reprend des couleurs apr\u00e8s la saison hivernale plus creuse ! - Gerardmer Info\" \/>\n<meta name=\"twitter:description\" content=\"Le club de l&rsquo;ASG CK\u00a0c&rsquo;est l&rsquo;encadrement de la section sportive de la Haie Griselle\u00a0(Coll\u00e8ge et Lyc\u00e9e), des\u00a0\u00e9coles primaires locales, des [&hellip;]\" \/>\n<meta name=\"twitter:image\" content=\"https:\/\/vosgesinfo.fr\/app\/uploads\/sites\/6\/2025\/05\/asg-aviron-1.jpg\" \/>\n<meta name=\"twitter:creator\" content=\"@VosgesInfo88\" \/>\n<meta name=\"twitter:site\" content=\"@VosgesInfo88\" \/>\n<meta name=\"twitter:label1\" content=\"\u00c9crit par\" \/>\n\t<meta name=\"twitter:data1\" content=\"La redaction\" \/>\n\t<meta name=\"twitter:label2\" content=\"Dur\u00e9e de lecture estim\u00e9e\" \/>\n\t<meta name=\"twitter:data2\" content=\"3 minutes\" \/>\n<script type=\"application\/ld+json\" class=\"yoast-schema-graph\">{\"@context\":\"https:\/\/schema.org\",\"@graph\":[{\"@type\":\"Article\",\"@id\":\"https:\/\/vosgesinfo.fr\/gerardmerinfo\/2025\/05\/lete-arrive-et-lasg-canoe-kayak-reprend-des-couleurs-apres-la-saison-hivernale-plus-creuse\/#article\",\"isPartOf\":{\"@id\":\"https:\/\/vosgesinfo.fr\/gerardmerinfo\/2025\/05\/lete-arrive-et-lasg-canoe-kayak-reprend-des-couleurs-apres-la-saison-hivernale-plus-creuse\/\"},\"author\":{\"name\":\"La redaction\",\"@id\":\"https:\/\/vosgesinfo.fr\/gerardmerinfo\/#\/schema\/person\/27a3695b06db98895b354c0765cdfc31\"},\"headline\":\"L&rsquo;\u00e9t\u00e9 arrive et l&rsquo;ASG Cano\u00eb Kayak reprend des couleurs apr\u00e8s la saison hivernale plus creuse !\",\"datePublished\":\"2025-05-09T03:57:09+00:00\",\"dateModified\":\"2025-05-09T08:58:35+00:00\",\"mainEntityOfPage\":{\"@id\":\"https:\/\/vosgesinfo.fr\/gerardmerinfo\/2025\/05\/lete-arrive-et-lasg-canoe-kayak-reprend-des-couleurs-apres-la-saison-hivernale-plus-creuse\/\"},\"wordCount\":432,\"commentCount\":0,\"publisher\":{\"@id\":\"https:\/\/vosgesinfo.fr\/gerardmerinfo\/#organization\"},\"image\":{\"@id\":\"https:\/\/vosgesinfo.fr\/gerardmerinfo\/2025\/05\/lete-arrive-et-lasg-canoe-kayak-reprend-des-couleurs-apres-la-saison-hivernale-plus-creuse\/#primaryimage\"},\"thumbnailUrl\":\"https:\/\/vosgesinfo.fr\/app\/uploads\/sites\/6\/2025\/05\/asg-aviron-1.jpg\",\"keywords\":[\"asg aviron\"],\"articleSection\":[\"A la une\",\"G\u00e9rardmer\",\"Gerardmer\",\"Sport\"],\"inLanguage\":\"fr-FR\",\"potentialAction\":[{\"@type\":\"CommentAction\",\"name\":\"Comment\",\"target\":[\"https:\/\/vosgesinfo.fr\/gerardmerinfo\/2025\/05\/lete-arrive-et-lasg-canoe-kayak-reprend-des-couleurs-apres-la-saison-hivernale-plus-creuse\/#respond\"]}]},{\"@type\":\"WebPage\",\"@id\":\"https:\/\/vosgesinfo.fr\/gerardmerinfo\/2025\/05\/lete-arrive-et-lasg-canoe-kayak-reprend-des-couleurs-apres-la-saison-hivernale-plus-creuse\/\",\"url\":\"https:\/\/vosgesinfo.fr\/gerardmerinfo\/2025\/05\/lete-arrive-et-lasg-canoe-kayak-reprend-des-couleurs-apres-la-saison-hivernale-plus-creuse\/\",\"name\":\"L'\u00e9t\u00e9 arrive et l'ASG Cano\u00eb Kayak reprend des couleurs apr\u00e8s la saison hivernale plus creuse ! - Gerardmer Info\",\"isPartOf\":{\"@id\":\"https:\/\/vosgesinfo.fr\/gerardmerinfo\/#website\"},\"primaryImageOfPage\":{\"@id\":\"https:\/\/vosgesinfo.fr\/gerardmerinfo\/2025\/05\/lete-arrive-et-lasg-canoe-kayak-reprend-des-couleurs-apres-la-saison-hivernale-plus-creuse\/#primaryimage\"},\"image\":{\"@id\":\"https:\/\/vosgesinfo.fr\/gerardmerinfo\/2025\/05\/lete-arrive-et-lasg-canoe-kayak-reprend-des-couleurs-apres-la-saison-hivernale-plus-creuse\/#primaryimage\"},\"thumbnailUrl\":\"https:\/\/vosgesinfo.fr\/app\/uploads\/sites\/6\/2025\/05\/asg-aviron-1.jpg\",\"datePublished\":\"2025-05-09T03:57:09+00:00\",\"dateModified\":\"2025-05-09T08:58:35+00:00\",\"breadcrumb\":{\"@id\":\"https:\/\/vosgesinfo.fr\/gerardmerinfo\/2025\/05\/lete-arrive-et-lasg-canoe-kayak-reprend-des-couleurs-apres-la-saison-hivernale-plus-creuse\/#breadcrumb\"},\"inLanguage\":\"fr-FR\",\"potentialAction\":[{\"@type\":\"ReadAction\",\"target\":[\"https:\/\/vosgesinfo.fr\/gerardmerinfo\/2025\/05\/lete-arrive-et-lasg-canoe-kayak-reprend-des-couleurs-apres-la-saison-hivernale-plus-creuse\/\"]}]},{\"@type\":\"ImageObject\",\"inLanguage\":\"fr-FR\",\"@id\":\"https:\/\/vosgesinfo.fr\/gerardmerinfo\/2025\/05\/lete-arrive-et-lasg-canoe-kayak-reprend-des-couleurs-apres-la-saison-hivernale-plus-creuse\/#primaryimage\",\"url\":\"https:\/\/vosgesinfo.fr\/app\/uploads\/sites\/6\/2025\/05\/asg-aviron-1.jpg\",\"contentUrl\":\"https:\/\/vosgesinfo.fr\/app\/uploads\/sites\/6\/2025\/05\/asg-aviron-1.jpg\",\"width\":2048,\"height\":1536},{\"@type\":\"BreadcrumbList\",\"@id\":\"https:\/\/vosgesinfo.fr\/gerardmerinfo\/2025\/05\/lete-arrive-et-lasg-canoe-kayak-reprend-des-couleurs-apres-la-saison-hivernale-plus-creuse\/#breadcrumb\",\"itemListElement\":[{\"@type\":\"ListItem\",\"position\":1,\"name\":\"Home\",\"item\":\"https:\/\/vosgesinfo.fr\/gerardmerinfo\/\"},{\"@type\":\"ListItem\",\"position\":2,\"name\":\"L&#8217;\u00e9t\u00e9 arrive et l&#8217;ASG Cano\u00eb Kayak reprend des couleurs apr\u00e8s la saison hivernale plus creuse !\"}]},{\"@type\":\"WebSite\",\"@id\":\"https:\/\/vosgesinfo.fr\/gerardmerinfo\/#website\",\"url\":\"https:\/\/vosgesinfo.fr\/gerardmerinfo\/\",\"name\":\"Gerardmer Info\",\"description\":\"Toute l&#039;actualit\u00e9 de G\u00e9rardmer\",\"publisher\":{\"@id\":\"https:\/\/vosgesinfo.fr\/gerardmerinfo\/#organization\"},\"alternateName\":\"Toute l'actualit\u00e9 de G\u00e9rardmer\",\"potentialAction\":[{\"@type\":\"SearchAction\",\"target\":{\"@type\":\"EntryPoint\",\"urlTemplate\":\"https:\/\/vosgesinfo.fr\/gerardmerinfo\/?s={search_term_string}\"},\"query-input\":\"required name=search_term_string\"}],\"inLanguage\":\"fr-FR\"},{\"@type\":\"Organization\",\"@id\":\"https:\/\/vosgesinfo.fr\/gerardmerinfo\/#organization\",\"name\":\"Gerardmer Info\",\"url\":\"https:\/\/vosgesinfo.fr\/gerardmerinfo\/\",\"logo\":{\"@type\":\"ImageObject\",\"inLanguage\":\"fr-FR\",\"@id\":\"https:\/\/vosgesinfo.fr\/gerardmerinfo\/#\/schema\/logo\/image\/\",\"url\":\"https:\/\/vosgesinfo.fr\/app\/uploads\/sites\/6\/2023\/08\/favicon-gerardmerinfo.png\",\"contentUrl\":\"https:\/\/vosgesinfo.fr\/app\/uploads\/sites\/6\/2023\/08\/favicon-gerardmerinfo.png\",\"width\":512,\"height\":512,\"caption\":\"Gerardmer Info\"},\"image\":{\"@id\":\"https:\/\/vosgesinfo.fr\/gerardmerinfo\/#\/schema\/logo\/image\/\"},\"sameAs\":[\"https:\/\/www.facebook.com\/profile.php?id=100049475262660\",\"https:\/\/x.com\/VosgesInfo88\",\"https:\/\/www.youtube.com\/@vosgesinfo\"]},{\"@type\":\"Person\",\"@id\":\"https:\/\/vosgesinfo.fr\/gerardmerinfo\/#\/schema\/person\/27a3695b06db98895b354c0765cdfc31\",\"name\":\"La redaction\",\"image\":{\"@type\":\"ImageObject\",\"inLanguage\":\"fr-FR\",\"@id\":\"https:\/\/vosgesinfo.fr\/gerardmerinfo\/#\/schema\/person\/image\/\",\"url\":\"https:\/\/secure.gravatar.com\/avatar\/64c76a78e501cedee55736f43f332df901e1896ae9cd8fad269ae2236dd0e8b6?s=96&d=mm&r=g\",\"contentUrl\":\"https:\/\/secure.gravatar.com\/avatar\/64c76a78e501cedee55736f43f332df901e1896ae9cd8fad269ae2236dd0e8b6?s=96&d=mm&r=g\",\"caption\":\"La redaction\"},\"url\":\"https:\/\/vosgesinfo.fr\/gerardmerinfo\/author\/la-redaction\/\"}]}<\/script>\n<!-- \/ Yoast SEO plugin. -->","yoast_head_json":{"title":"L'\u00e9t\u00e9 arrive et l'ASG Cano\u00eb Kayak reprend des couleurs apr\u00e8s la saison hivernale plus creuse ! - Gerardmer Info","robots":{"index":"index","follow":"follow","max-snippet":"max-snippet:-1","max-image-preview":"max-image-preview:large","max-video-preview":"max-video-preview:-1"},"canonical":"https:\/\/vosgesinfo.fr\/gerardmerinfo\/2025\/05\/lete-arrive-et-lasg-canoe-kayak-reprend-des-couleurs-apres-la-saison-hivernale-plus-creuse\/","twitter_card":"summary_large_image","twitter_title":"L'\u00e9t\u00e9 arrive et l'ASG Cano\u00eb Kayak reprend des couleurs apr\u00e8s la saison hivernale plus creuse ! - Gerardmer Info","twitter_description":"Le club de l&rsquo;ASG CK\u00a0c&rsquo;est l&rsquo;encadrement de la section sportive de la Haie Griselle\u00a0(Coll\u00e8ge et Lyc\u00e9e), des\u00a0\u00e9coles primaires locales, des [&hellip;]","twitter_image":"https:\/\/vosgesinfo.fr\/app\/uploads\/sites\/6\/2025\/05\/asg-aviron-1.jpg","twitter_creator":"@VosgesInfo88","twitter_site":"@VosgesInfo88","twitter_misc":{"\u00c9crit par":"La redaction","Dur\u00e9e de lecture estim\u00e9e":"3 minutes"},"schema":{"@context":"https:\/\/schema.org","@graph":[{"@type":"Article","@id":"https:\/\/vosgesinfo.fr\/gerardmerinfo\/2025\/05\/lete-arrive-et-lasg-canoe-kayak-reprend-des-couleurs-apres-la-saison-hivernale-plus-creuse\/#article","isPartOf":{"@id":"https:\/\/vosgesinfo.fr\/gerardmerinfo\/2025\/05\/lete-arrive-et-lasg-canoe-kayak-reprend-des-couleurs-apres-la-saison-hivernale-plus-creuse\/"},"author":{"name":"La redaction","@id":"https:\/\/vosgesinfo.fr\/gerardmerinfo\/#\/schema\/person\/27a3695b06db98895b354c0765cdfc31"},"headline":"L&rsquo;\u00e9t\u00e9 arrive et l&rsquo;ASG Cano\u00eb Kayak reprend des couleurs apr\u00e8s la saison hivernale plus creuse !","datePublished":"2025-05-09T03:57:09+00:00","dateModified":"2025-05-09T08:58:35+00:00","mainEntityOfPage":{"@id":"https:\/\/vosgesinfo.fr\/gerardmerinfo\/2025\/05\/lete-arrive-et-lasg-canoe-kayak-reprend-des-couleurs-apres-la-saison-hivernale-plus-creuse\/"},"wordCount":432,"commentCount":0,"publisher":{"@id":"https:\/\/vosgesinfo.fr\/gerardmerinfo\/#organization"},"image":{"@id":"https:\/\/vosgesinfo.fr\/gerardmerinfo\/2025\/05\/lete-arrive-et-lasg-canoe-kayak-reprend-des-couleurs-apres-la-saison-hivernale-plus-creuse\/#primaryimage"},"thumbnailUrl":"https:\/\/vosgesinfo.fr\/app\/uploads\/sites\/6\/2025\/05\/asg-aviron-1.jpg","keywords":["asg aviron"],"articleSection":["A la une","G\u00e9rardmer","Gerardmer","Sport"],"inLanguage":"fr-FR","potentialAction":[{"@type":"CommentAction","name":"Comment","target":["https:\/\/vosgesinfo.fr\/gerardmerinfo\/2025\/05\/lete-arrive-et-lasg-canoe-kayak-reprend-des-couleurs-apres-la-saison-hivernale-plus-creuse\/#respond"]}]},{"@type":"WebPage","@id":"https:\/\/vosgesinfo.fr\/gerardmerinfo\/2025\/05\/lete-arrive-et-lasg-canoe-kayak-reprend-des-couleurs-apres-la-saison-hivernale-plus-creuse\/","url":"https:\/\/vosgesinfo.fr\/gerardmerinfo\/2025\/05\/lete-arrive-et-lasg-canoe-kayak-reprend-des-couleurs-apres-la-saison-hivernale-plus-creuse\/","name":"L'\u00e9t\u00e9 arrive et l'ASG Cano\u00eb Kayak reprend des couleurs apr\u00e8s la saison hivernale plus creuse ! - Gerardmer Info","isPartOf":{"@id":"https:\/\/vosgesinfo.fr\/gerardmerinfo\/#website"},"primaryImageOfPage":{"@id":"https:\/\/vosgesinfo.fr\/gerardmerinfo\/2025\/05\/lete-arrive-et-lasg-canoe-kayak-reprend-des-couleurs-apres-la-saison-hivernale-plus-creuse\/#primaryimage"},"image":{"@id":"https:\/\/vosgesinfo.fr\/gerardmerinfo\/2025\/05\/lete-arrive-et-lasg-canoe-kayak-reprend-des-couleurs-apres-la-saison-hivernale-plus-creuse\/#primaryimage"},"thumbnailUrl":"https:\/\/vosgesinfo.fr\/app\/uploads\/sites\/6\/2025\/05\/asg-aviron-1.jpg","datePublished":"2025-05-09T03:57:09+00:00","dateModified":"2025-05-09T08:58:35+00:00","breadcrumb":{"@id":"https:\/\/vosgesinfo.fr\/gerardmerinfo\/2025\/05\/lete-arrive-et-lasg-canoe-kayak-reprend-des-couleurs-apres-la-saison-hivernale-plus-creuse\/#breadcrumb"},"inLanguage":"fr-FR","potentialAction":[{"@type":"ReadAction","target":["https:\/\/vosgesinfo.fr\/gerardmerinfo\/2025\/05\/lete-arrive-et-lasg-canoe-kayak-reprend-des-couleurs-apres-la-saison-hivernale-plus-creuse\/"]}]},{"@type":"ImageObject","inLanguage":"fr-FR","@id":"https:\/\/vosgesinfo.fr\/gerardmerinfo\/2025\/05\/lete-arrive-et-lasg-canoe-kayak-reprend-des-couleurs-apres-la-saison-hivernale-plus-creuse\/#primaryimage","url":"https:\/\/vosgesinfo.fr\/app\/uploads\/sites\/6\/2025\/05\/asg-aviron-1.jpg","contentUrl":"https:\/\/vosgesinfo.fr\/app\/uploads\/sites\/6\/2025\/05\/asg-aviron-1.jpg","width":2048,"height":1536},{"@type":"BreadcrumbList","@id":"https:\/\/vosgesinfo.fr\/gerardmerinfo\/2025\/05\/lete-arrive-et-lasg-canoe-kayak-reprend-des-couleurs-apres-la-saison-hivernale-plus-creuse\/#breadcrumb","itemListElement":[{"@type":"ListItem","position":1,"name":"Home","item":"https:\/\/vosgesinfo.fr\/gerardmerinfo\/"},{"@type":"ListItem","position":2,"name":"L&#8217;\u00e9t\u00e9 arrive et l&#8217;ASG Cano\u00eb Kayak reprend des couleurs apr\u00e8s la saison hivernale plus creuse !"}]},{"@type":"WebSite","@id":"https:\/\/vosgesinfo.fr\/gerardmerinfo\/#website","url":"https:\/\/vosgesinfo.fr\/gerardmerinfo\/","name":"Gerardmer Info","description":"Toute l&#039;actualit\u00e9 de G\u00e9rardmer","publisher":{"@id":"https:\/\/vosgesinfo.fr\/gerardmerinfo\/#organization"},"alternateName":"Toute l'actualit\u00e9 de G\u00e9rardmer","potentialAction":[{"@type":"SearchAction","target":{"@type":"EntryPoint","urlTemplate":"https:\/\/vosgesinfo.fr\/gerardmerinfo\/?s={search_term_string}"},"query-input":"required name=search_term_string"}],"inLanguage":"fr-FR"},{"@type":"Organization","@id":"https:\/\/vosgesinfo.fr\/gerardmerinfo\/#organization","name":"Gerardmer Info","url":"https:\/\/vosgesinfo.fr\/gerardmerinfo\/","logo":{"@type":"ImageObject","inLanguage":"fr-FR","@id":"https:\/\/vosgesinfo.fr\/gerardmerinfo\/#\/schema\/logo\/image\/","url":"https:\/\/vosgesinfo.fr\/app\/uploads\/sites\/6\/2023\/08\/favicon-gerardmerinfo.png","contentUrl":"https:\/\/vosgesinfo.fr\/app\/uploads\/sites\/6\/2023\/08\/favicon-gerardmerinfo.png","width":512,"height":512,"caption":"Gerardmer Info"},"image":{"@id":"https:\/\/vosgesinfo.fr\/gerardmerinfo\/#\/schema\/logo\/image\/"},"sameAs":["https:\/\/www.facebook.com\/profile.php?id=100049475262660","https:\/\/x.com\/VosgesInfo88","https:\/\/www.youtube.com\/@vosgesinfo"]},{"@type":"Person","@id":"https:\/\/vosgesinfo.fr\/gerardmerinfo\/#\/schema\/person\/27a3695b06db98895b354c0765cdfc31","name":"La redaction","image":{"@type":"ImageObject","inLanguage":"fr-FR","@id":"https:\/\/vosgesinfo.fr\/gerardmerinfo\/#\/schema\/person\/image\/","url":"https:\/\/secure.gravatar.com\/avatar\/64c76a78e501cedee55736f43f332df901e1896ae9cd8fad269ae2236dd0e8b6?s=96&d=mm&r=g","contentUrl":"https:\/\/secure.gravatar.com\/avatar\/64c76a78e501cedee55736f43f332df901e1896ae9cd8fad269ae2236dd0e8b6?s=96&d=mm&r=g","caption":"La redaction"},"url":"https:\/\/vosgesinfo.fr\/gerardmerinfo\/author\/la-redaction\/"}]}},"_links":{"self":[{"href":"https:\/\/vosgesinfo.fr\/gerardmerinfo\/wp-json\/wp\/v2\/posts\/77710","targetHints":{"allow":["GET"]}}],"collection":[{"href":"https:\/\/vosgesinfo.fr\/gerardmerinfo\/wp-json\/wp\/v2\/posts"}],"about":[{"href":"https:\/\/vosgesinfo.fr\/gerardmerinfo\/wp-json\/wp\/v2\/types\/post"}],"author":[{"embeddable":true,"href":"https:\/\/vosgesinfo.fr\/gerardmerinfo\/wp-json\/wp\/v2\/users\/391"}],"replies":[{"embeddable":true,"href":"https:\/\/vosgesinfo.fr\/gerardmerinfo\/wp-json\/wp\/v2\/comments?post=77710"}],"version-history":[{"count":2,"href":"https:\/\/vosgesinfo.fr\/gerardmerinfo\/wp-json\/wp\/v2\/posts\/77710\/revisions"}],"predecessor-version":[{"id":77776,"href":"https:\/\/vosgesinfo.fr\/gerardmerinfo\/wp-json\/wp\/v2\/posts\/77710\/revisions\/77776"}],"wp:featuredmedia":[{"embeddable":true,"href":"https:\/\/vosgesinfo.fr\/gerardmerinfo\/wp-json\/wp\/v2\/media\/77713"}],"wp:attachment":[{"href":"https:\/\/vosgesinfo.fr\/gerardmerinfo\/wp-json\/wp\/v2\/media?parent=77710"}],"wp:term":[{"taxonomy":"category","embeddable":true,"href":"https:\/\/vosgesinfo.fr\/gerardmerinfo\/wp-json\/wp\/v2\/categories?post=77710"},{"taxonomy":"post_tag","embeddable":true,"href":"https:\/\/vosgesinfo.fr\/gerardmerinfo\/wp-json\/wp\/v2\/tags?post=77710"}],"curies":[{"name":"wp","href":"https:\/\/api.w.org\/{rel}","templated":true}]}}