{"id":77735,"date":"2025-05-08T14:30:32","date_gmt":"2025-05-08T12:30:32","guid":{"rendered":"https:\/\/vosgesinfo.fr\/gerardmerinfo\/?p=77735"},"modified":"2025-05-08T14:30:32","modified_gmt":"2025-05-08T12:30:32","slug":"contournement-de-saint-ame-fermeture-temporaire-de-la-d417-ce-vendredi-pour-la-reparation-de-la-ligne-haute-tension","status":"publish","type":"post","link":"https:\/\/vosgesinfo.fr\/gerardmerinfo\/2025\/05\/contournement-de-saint-ame-fermeture-temporaire-de-la-d417-ce-vendredi-pour-la-reparation-de-la-ligne-haute-tension\/","title":{"rendered":"Contournement de Saint-Am\u00e9 : fermeture temporaire de la D417 ce vendredi pour la r\u00e9paration de la ligne haute tension"},"content":{"rendered":"<div id=\"attachment_81521\" style=\"width: 870px\" class=\"wp-caption aligncenter\"><a href=\"https:\/\/vosgesinfo.fr\/app\/uploads\/sites\/5\/2025\/05\/contournement-saint-ame.jpg\"><img decoding=\"async\" aria-describedby=\"caption-attachment-81521\" class=\"wp-image-81521 size-full\" src=\"https:\/\/vosgesinfo.fr\/app\/uploads\/sites\/5\/2025\/05\/contournement-saint-ame.jpg\" alt=\"\" width=\"860\" height=\"586\" \/><\/a><p id=\"caption-attachment-81521\" class=\"wp-caption-text\">@Google Maps.<\/p><\/div>\n<p class=\"\" data-start=\"105\" data-end=\"313\"><strong>\u00c0 la suite de<a href=\"https:\/\/vosgesinfo.fr\/remiremontinfo\/2025\/05\/un-cable-haute-tension-chute-sur-un-poids-lourd-circulation-perturbee-sur-la-d417-entre-saint-ame-et-saint-etienne\/\" target=\"_blank\" rel=\"noopener\"> la chute d\u2019un c\u00e2ble haute tension de 20 000 volts sur un poids lourd<\/a>, survenue mardi 6 mai sur la voie de contournement de Saint-Am\u00e9, une op\u00e9ration de r\u00e9paration est programm\u00e9e ce vendredi 9 mai.<\/strong><\/p>\n<p class=\"\" data-start=\"315\" data-end=\"638\">Les \u00e9quipes interviendront dans l\u2019apr\u00e8s-midi afin de remettre en \u00e9tat le r\u00e9seau \u00e9lectrique endommag\u00e9. Cette intervention n\u00e9cessitera la fermeture compl\u00e8te de la route D417 \u00e0 partir de 13h30. La dur\u00e9e des travaux est estim\u00e9e entre 30 minutes et une heure, selon les conditions rencontr\u00e9es sur place.<\/p>\n<p class=\"\" data-start=\"640\" data-end=\"903\">Les usagers de la route sont invit\u00e9s \u00e0 anticiper ce blocage temporaire et \u00e0 emprunter des itin\u00e9raires de d\u00e9viation. Les autorit\u00e9s rappellent l\u2019importance de respecter la signalisation mise en place pour garantir la s\u00e9curit\u00e9 des intervenants et des automobilistes.<\/p>\n","protected":false},"excerpt":{"rendered":"<p>\u00c0 la suite de la chute d\u2019un c\u00e2ble haute tension de 20 000 volts sur un poids lourd, survenue mardi [&hellip;]<\/p>\n","protected":false},"author":418,"featured_media":77736,"comment_status":"open","ping_status":"open","sticky":false,"template":"","format":"standard","meta":{"footnotes":""},"categories":[20,5668,25,868,7273,5797],"tags":[7270,7282,7283,3152],"class_list":["post-77735","post","type-post","status-publish","format-standard","has-post-thumbnail","hentry","category-a-la-une","category-agenda","category-gerardmer","category-remiremont","category-saint-ame","category-travaux","tag-chute-ligne-haute-tension","tag-d417","tag-reparation","tag-travaux"],"acf":[],"yoast_head":"<!-- This site is optimized with the Yoast SEO plugin v22.5 - https:\/\/yoast.com\/wordpress\/plugins\/seo\/ -->\n<title>Contournement de Saint-Am\u00e9 : fermeture temporaire de la D417 ce vendredi pour la r\u00e9paration de la ligne haute tension - Gerardmer Info<\/title>\n<meta name=\"robots\" content=\"index, follow, max-snippet:-1, max-image-preview:large, max-video-preview:-1\" \/>\n<link rel=\"canonical\" href=\"https:\/\/vosgesinfo.fr\/gerardmerinfo\/2025\/05\/contournement-de-saint-ame-fermeture-temporaire-de-la-d417-ce-vendredi-pour-la-reparation-de-la-ligne-haute-tension\/\" \/>\n<meta name=\"twitter:card\" content=\"summary_large_image\" \/>\n<meta name=\"twitter:title\" content=\"Contournement de Saint-Am\u00e9 : fermeture temporaire de la D417 ce vendredi pour la r\u00e9paration de la ligne haute tension - Gerardmer Info\" \/>\n<meta name=\"twitter:description\" content=\"\u00c0 la suite de la chute d\u2019un c\u00e2ble haute tension de 20 000 volts sur un poids lourd, survenue mardi [&hellip;]\" \/>\n<meta name=\"twitter:image\" content=\"https:\/\/vosgesinfo.fr\/app\/uploads\/sites\/6\/2025\/05\/contournement-saint-ame.jpg\" \/>\n<meta name=\"twitter:creator\" content=\"@VosgesInfo88\" \/>\n<meta name=\"twitter:site\" content=\"@VosgesInfo88\" \/>\n<meta name=\"twitter:label1\" content=\"\u00c9crit par\" \/>\n\t<meta name=\"twitter:data1\" content=\"C.M\" \/>\n\t<meta name=\"twitter:label2\" content=\"Dur\u00e9e de lecture estim\u00e9e\" \/>\n\t<meta name=\"twitter:data2\" content=\"1 minute\" \/>\n<script type=\"application\/ld+json\" class=\"yoast-schema-graph\">{\"@context\":\"https:\/\/schema.org\",\"@graph\":[{\"@type\":\"Article\",\"@id\":\"https:\/\/vosgesinfo.fr\/gerardmerinfo\/2025\/05\/contournement-de-saint-ame-fermeture-temporaire-de-la-d417-ce-vendredi-pour-la-reparation-de-la-ligne-haute-tension\/#article\",\"isPartOf\":{\"@id\":\"https:\/\/vosgesinfo.fr\/gerardmerinfo\/2025\/05\/contournement-de-saint-ame-fermeture-temporaire-de-la-d417-ce-vendredi-pour-la-reparation-de-la-ligne-haute-tension\/\"},\"author\":{\"name\":\"C.M\",\"@id\":\"https:\/\/vosgesinfo.fr\/gerardmerinfo\/#\/schema\/person\/4f38cd3068e342935b7304695c797d08\"},\"headline\":\"Contournement de Saint-Am\u00e9 : fermeture temporaire de la D417 ce vendredi pour la r\u00e9paration de la ligne haute tension\",\"datePublished\":\"2025-05-08T12:30:32+00:00\",\"dateModified\":\"2025-05-08T12:30:32+00:00\",\"mainEntityOfPage\":{\"@id\":\"https:\/\/vosgesinfo.fr\/gerardmerinfo\/2025\/05\/contournement-de-saint-ame-fermeture-temporaire-de-la-d417-ce-vendredi-pour-la-reparation-de-la-ligne-haute-tension\/\"},\"wordCount\":162,\"commentCount\":0,\"publisher\":{\"@id\":\"https:\/\/vosgesinfo.fr\/gerardmerinfo\/#organization\"},\"image\":{\"@id\":\"https:\/\/vosgesinfo.fr\/gerardmerinfo\/2025\/05\/contournement-de-saint-ame-fermeture-temporaire-de-la-d417-ce-vendredi-pour-la-reparation-de-la-ligne-haute-tension\/#primaryimage\"},\"thumbnailUrl\":\"https:\/\/vosgesinfo.fr\/app\/uploads\/sites\/6\/2025\/05\/contournement-saint-ame.jpg\",\"keywords\":[\"Chute ligne haute tension\",\"D417\",\"r\u00e9paration\",\"travaux\"],\"articleSection\":[\"A la une\",\"Agenda\",\"G\u00e9rardmer\",\"Remiremont\",\"Saint-Am\u00e9\",\"Travaux\"],\"inLanguage\":\"fr-FR\",\"potentialAction\":[{\"@type\":\"CommentAction\",\"name\":\"Comment\",\"target\":[\"https:\/\/vosgesinfo.fr\/gerardmerinfo\/2025\/05\/contournement-de-saint-ame-fermeture-temporaire-de-la-d417-ce-vendredi-pour-la-reparation-de-la-ligne-haute-tension\/#respond\"]}]},{\"@type\":\"WebPage\",\"@id\":\"https:\/\/vosgesinfo.fr\/gerardmerinfo\/2025\/05\/contournement-de-saint-ame-fermeture-temporaire-de-la-d417-ce-vendredi-pour-la-reparation-de-la-ligne-haute-tension\/\",\"url\":\"https:\/\/vosgesinfo.fr\/gerardmerinfo\/2025\/05\/contournement-de-saint-ame-fermeture-temporaire-de-la-d417-ce-vendredi-pour-la-reparation-de-la-ligne-haute-tension\/\",\"name\":\"Contournement de Saint-Am\u00e9 : fermeture temporaire de la D417 ce vendredi pour la r\u00e9paration de la ligne haute tension - Gerardmer Info\",\"isPartOf\":{\"@id\":\"https:\/\/vosgesinfo.fr\/gerardmerinfo\/#website\"},\"primaryImageOfPage\":{\"@id\":\"https:\/\/vosgesinfo.fr\/gerardmerinfo\/2025\/05\/contournement-de-saint-ame-fermeture-temporaire-de-la-d417-ce-vendredi-pour-la-reparation-de-la-ligne-haute-tension\/#primaryimage\"},\"image\":{\"@id\":\"https:\/\/vosgesinfo.fr\/gerardmerinfo\/2025\/05\/contournement-de-saint-ame-fermeture-temporaire-de-la-d417-ce-vendredi-pour-la-reparation-de-la-ligne-haute-tension\/#primaryimage\"},\"thumbnailUrl\":\"https:\/\/vosgesinfo.fr\/app\/uploads\/sites\/6\/2025\/05\/contournement-saint-ame.jpg\",\"datePublished\":\"2025-05-08T12:30:32+00:00\",\"dateModified\":\"2025-05-08T12:30:32+00:00\",\"breadcrumb\":{\"@id\":\"https:\/\/vosgesinfo.fr\/gerardmerinfo\/2025\/05\/contournement-de-saint-ame-fermeture-temporaire-de-la-d417-ce-vendredi-pour-la-reparation-de-la-ligne-haute-tension\/#breadcrumb\"},\"inLanguage\":\"fr-FR\",\"potentialAction\":[{\"@type\":\"ReadAction\",\"target\":[\"https:\/\/vosgesinfo.fr\/gerardmerinfo\/2025\/05\/contournement-de-saint-ame-fermeture-temporaire-de-la-d417-ce-vendredi-pour-la-reparation-de-la-ligne-haute-tension\/\"]}]},{\"@type\":\"ImageObject\",\"inLanguage\":\"fr-FR\",\"@id\":\"https:\/\/vosgesinfo.fr\/gerardmerinfo\/2025\/05\/contournement-de-saint-ame-fermeture-temporaire-de-la-d417-ce-vendredi-pour-la-reparation-de-la-ligne-haute-tension\/#primaryimage\",\"url\":\"https:\/\/vosgesinfo.fr\/app\/uploads\/sites\/6\/2025\/05\/contournement-saint-ame.jpg\",\"contentUrl\":\"https:\/\/vosgesinfo.fr\/app\/uploads\/sites\/6\/2025\/05\/contournement-saint-ame.jpg\",\"width\":860,\"height\":586},{\"@type\":\"BreadcrumbList\",\"@id\":\"https:\/\/vosgesinfo.fr\/gerardmerinfo\/2025\/05\/contournement-de-saint-ame-fermeture-temporaire-de-la-d417-ce-vendredi-pour-la-reparation-de-la-ligne-haute-tension\/#breadcrumb\",\"itemListElement\":[{\"@type\":\"ListItem\",\"position\":1,\"name\":\"Home\",\"item\":\"https:\/\/vosgesinfo.fr\/gerardmerinfo\/\"},{\"@type\":\"ListItem\",\"position\":2,\"name\":\"Contournement de Saint-Am\u00e9 : fermeture temporaire de la D417 ce vendredi pour la r\u00e9paration de la ligne haute tension\"}]},{\"@type\":\"WebSite\",\"@id\":\"https:\/\/vosgesinfo.fr\/gerardmerinfo\/#website\",\"url\":\"https:\/\/vosgesinfo.fr\/gerardmerinfo\/\",\"name\":\"Gerardmer Info\",\"description\":\"Toute l&#039;actualit\u00e9 de G\u00e9rardmer\",\"publisher\":{\"@id\":\"https:\/\/vosgesinfo.fr\/gerardmerinfo\/#organization\"},\"alternateName\":\"Toute l'actualit\u00e9 de G\u00e9rardmer\",\"potentialAction\":[{\"@type\":\"SearchAction\",\"target\":{\"@type\":\"EntryPoint\",\"urlTemplate\":\"https:\/\/vosgesinfo.fr\/gerardmerinfo\/?s={search_term_string}\"},\"query-input\":\"required name=search_term_string\"}],\"inLanguage\":\"fr-FR\"},{\"@type\":\"Organization\",\"@id\":\"https:\/\/vosgesinfo.fr\/gerardmerinfo\/#organization\",\"name\":\"Gerardmer Info\",\"url\":\"https:\/\/vosgesinfo.fr\/gerardmerinfo\/\",\"logo\":{\"@type\":\"ImageObject\",\"inLanguage\":\"fr-FR\",\"@id\":\"https:\/\/vosgesinfo.fr\/gerardmerinfo\/#\/schema\/logo\/image\/\",\"url\":\"https:\/\/vosgesinfo.fr\/app\/uploads\/sites\/6\/2023\/08\/favicon-gerardmerinfo.png\",\"contentUrl\":\"https:\/\/vosgesinfo.fr\/app\/uploads\/sites\/6\/2023\/08\/favicon-gerardmerinfo.png\",\"width\":512,\"height\":512,\"caption\":\"Gerardmer Info\"},\"image\":{\"@id\":\"https:\/\/vosgesinfo.fr\/gerardmerinfo\/#\/schema\/logo\/image\/\"},\"sameAs\":[\"https:\/\/www.facebook.com\/profile.php?id=100049475262660\",\"https:\/\/x.com\/VosgesInfo88\",\"https:\/\/www.youtube.com\/@vosgesinfo\"]},{\"@type\":\"Person\",\"@id\":\"https:\/\/vosgesinfo.fr\/gerardmerinfo\/#\/schema\/person\/4f38cd3068e342935b7304695c797d08\",\"name\":\"C.M\",\"image\":{\"@type\":\"ImageObject\",\"inLanguage\":\"fr-FR\",\"@id\":\"https:\/\/vosgesinfo.fr\/gerardmerinfo\/#\/schema\/person\/image\/\",\"url\":\"https:\/\/secure.gravatar.com\/avatar\/fe9daaef0164d920717484172682f3c5c9bcf7d42aa8c7048c76c34f0eb6c8da?s=96&d=mm&r=g\",\"contentUrl\":\"https:\/\/secure.gravatar.com\/avatar\/fe9daaef0164d920717484172682f3c5c9bcf7d42aa8c7048c76c34f0eb6c8da?s=96&d=mm&r=g\",\"caption\":\"C.M\"},\"url\":\"https:\/\/vosgesinfo.fr\/gerardmerinfo\/author\/cm88200\/\"}]}<\/script>\n<!-- \/ Yoast SEO plugin. -->","yoast_head_json":{"title":"Contournement de Saint-Am\u00e9 : fermeture temporaire de la D417 ce vendredi pour la r\u00e9paration de la ligne haute tension - Gerardmer Info","robots":{"index":"index","follow":"follow","max-snippet":"max-snippet:-1","max-image-preview":"max-image-preview:large","max-video-preview":"max-video-preview:-1"},"canonical":"https:\/\/vosgesinfo.fr\/gerardmerinfo\/2025\/05\/contournement-de-saint-ame-fermeture-temporaire-de-la-d417-ce-vendredi-pour-la-reparation-de-la-ligne-haute-tension\/","twitter_card":"summary_large_image","twitter_title":"Contournement de Saint-Am\u00e9 : fermeture temporaire de la D417 ce vendredi pour la r\u00e9paration de la ligne haute tension - Gerardmer Info","twitter_description":"\u00c0 la suite de la chute d\u2019un c\u00e2ble haute tension de 20 000 volts sur un poids lourd, survenue mardi [&hellip;]","twitter_image":"https:\/\/vosgesinfo.fr\/app\/uploads\/sites\/6\/2025\/05\/contournement-saint-ame.jpg","twitter_creator":"@VosgesInfo88","twitter_site":"@VosgesInfo88","twitter_misc":{"\u00c9crit par":"C.M","Dur\u00e9e de lecture estim\u00e9e":"1 minute"},"schema":{"@context":"https:\/\/schema.org","@graph":[{"@type":"Article","@id":"https:\/\/vosgesinfo.fr\/gerardmerinfo\/2025\/05\/contournement-de-saint-ame-fermeture-temporaire-de-la-d417-ce-vendredi-pour-la-reparation-de-la-ligne-haute-tension\/#article","isPartOf":{"@id":"https:\/\/vosgesinfo.fr\/gerardmerinfo\/2025\/05\/contournement-de-saint-ame-fermeture-temporaire-de-la-d417-ce-vendredi-pour-la-reparation-de-la-ligne-haute-tension\/"},"author":{"name":"C.M","@id":"https:\/\/vosgesinfo.fr\/gerardmerinfo\/#\/schema\/person\/4f38cd3068e342935b7304695c797d08"},"headline":"Contournement de Saint-Am\u00e9 : fermeture temporaire de la D417 ce vendredi pour la r\u00e9paration de la ligne haute tension","datePublished":"2025-05-08T12:30:32+00:00","dateModified":"2025-05-08T12:30:32+00:00","mainEntityOfPage":{"@id":"https:\/\/vosgesinfo.fr\/gerardmerinfo\/2025\/05\/contournement-de-saint-ame-fermeture-temporaire-de-la-d417-ce-vendredi-pour-la-reparation-de-la-ligne-haute-tension\/"},"wordCount":162,"commentCount":0,"publisher":{"@id":"https:\/\/vosgesinfo.fr\/gerardmerinfo\/#organization"},"image":{"@id":"https:\/\/vosgesinfo.fr\/gerardmerinfo\/2025\/05\/contournement-de-saint-ame-fermeture-temporaire-de-la-d417-ce-vendredi-pour-la-reparation-de-la-ligne-haute-tension\/#primaryimage"},"thumbnailUrl":"https:\/\/vosgesinfo.fr\/app\/uploads\/sites\/6\/2025\/05\/contournement-saint-ame.jpg","keywords":["Chute ligne haute tension","D417","r\u00e9paration","travaux"],"articleSection":["A la une","Agenda","G\u00e9rardmer","Remiremont","Saint-Am\u00e9","Travaux"],"inLanguage":"fr-FR","potentialAction":[{"@type":"CommentAction","name":"Comment","target":["https:\/\/vosgesinfo.fr\/gerardmerinfo\/2025\/05\/contournement-de-saint-ame-fermeture-temporaire-de-la-d417-ce-vendredi-pour-la-reparation-de-la-ligne-haute-tension\/#respond"]}]},{"@type":"WebPage","@id":"https:\/\/vosgesinfo.fr\/gerardmerinfo\/2025\/05\/contournement-de-saint-ame-fermeture-temporaire-de-la-d417-ce-vendredi-pour-la-reparation-de-la-ligne-haute-tension\/","url":"https:\/\/vosgesinfo.fr\/gerardmerinfo\/2025\/05\/contournement-de-saint-ame-fermeture-temporaire-de-la-d417-ce-vendredi-pour-la-reparation-de-la-ligne-haute-tension\/","name":"Contournement de Saint-Am\u00e9 : fermeture temporaire de la D417 ce vendredi pour la r\u00e9paration de la ligne haute tension - Gerardmer Info","isPartOf":{"@id":"https:\/\/vosgesinfo.fr\/gerardmerinfo\/#website"},"primaryImageOfPage":{"@id":"https:\/\/vosgesinfo.fr\/gerardmerinfo\/2025\/05\/contournement-de-saint-ame-fermeture-temporaire-de-la-d417-ce-vendredi-pour-la-reparation-de-la-ligne-haute-tension\/#primaryimage"},"image":{"@id":"https:\/\/vosgesinfo.fr\/gerardmerinfo\/2025\/05\/contournement-de-saint-ame-fermeture-temporaire-de-la-d417-ce-vendredi-pour-la-reparation-de-la-ligne-haute-tension\/#primaryimage"},"thumbnailUrl":"https:\/\/vosgesinfo.fr\/app\/uploads\/sites\/6\/2025\/05\/contournement-saint-ame.jpg","datePublished":"2025-05-08T12:30:32+00:00","dateModified":"2025-05-08T12:30:32+00:00","breadcrumb":{"@id":"https:\/\/vosgesinfo.fr\/gerardmerinfo\/2025\/05\/contournement-de-saint-ame-fermeture-temporaire-de-la-d417-ce-vendredi-pour-la-reparation-de-la-ligne-haute-tension\/#breadcrumb"},"inLanguage":"fr-FR","potentialAction":[{"@type":"ReadAction","target":["https:\/\/vosgesinfo.fr\/gerardmerinfo\/2025\/05\/contournement-de-saint-ame-fermeture-temporaire-de-la-d417-ce-vendredi-pour-la-reparation-de-la-ligne-haute-tension\/"]}]},{"@type":"ImageObject","inLanguage":"fr-FR","@id":"https:\/\/vosgesinfo.fr\/gerardmerinfo\/2025\/05\/contournement-de-saint-ame-fermeture-temporaire-de-la-d417-ce-vendredi-pour-la-reparation-de-la-ligne-haute-tension\/#primaryimage","url":"https:\/\/vosgesinfo.fr\/app\/uploads\/sites\/6\/2025\/05\/contournement-saint-ame.jpg","contentUrl":"https:\/\/vosgesinfo.fr\/app\/uploads\/sites\/6\/2025\/05\/contournement-saint-ame.jpg","width":860,"height":586},{"@type":"BreadcrumbList","@id":"https:\/\/vosgesinfo.fr\/gerardmerinfo\/2025\/05\/contournement-de-saint-ame-fermeture-temporaire-de-la-d417-ce-vendredi-pour-la-reparation-de-la-ligne-haute-tension\/#breadcrumb","itemListElement":[{"@type":"ListItem","position":1,"name":"Home","item":"https:\/\/vosgesinfo.fr\/gerardmerinfo\/"},{"@type":"ListItem","position":2,"name":"Contournement de Saint-Am\u00e9 : fermeture temporaire de la D417 ce vendredi pour la r\u00e9paration de la ligne haute tension"}]},{"@type":"WebSite","@id":"https:\/\/vosgesinfo.fr\/gerardmerinfo\/#website","url":"https:\/\/vosgesinfo.fr\/gerardmerinfo\/","name":"Gerardmer Info","description":"Toute l&#039;actualit\u00e9 de G\u00e9rardmer","publisher":{"@id":"https:\/\/vosgesinfo.fr\/gerardmerinfo\/#organization"},"alternateName":"Toute l'actualit\u00e9 de G\u00e9rardmer","potentialAction":[{"@type":"SearchAction","target":{"@type":"EntryPoint","urlTemplate":"https:\/\/vosgesinfo.fr\/gerardmerinfo\/?s={search_term_string}"},"query-input":"required name=search_term_string"}],"inLanguage":"fr-FR"},{"@type":"Organization","@id":"https:\/\/vosgesinfo.fr\/gerardmerinfo\/#organization","name":"Gerardmer Info","url":"https:\/\/vosgesinfo.fr\/gerardmerinfo\/","logo":{"@type":"ImageObject","inLanguage":"fr-FR","@id":"https:\/\/vosgesinfo.fr\/gerardmerinfo\/#\/schema\/logo\/image\/","url":"https:\/\/vosgesinfo.fr\/app\/uploads\/sites\/6\/2023\/08\/favicon-gerardmerinfo.png","contentUrl":"https:\/\/vosgesinfo.fr\/app\/uploads\/sites\/6\/2023\/08\/favicon-gerardmerinfo.png","width":512,"height":512,"caption":"Gerardmer Info"},"image":{"@id":"https:\/\/vosgesinfo.fr\/gerardmerinfo\/#\/schema\/logo\/image\/"},"sameAs":["https:\/\/www.facebook.com\/profile.php?id=100049475262660","https:\/\/x.com\/VosgesInfo88","https:\/\/www.youtube.com\/@vosgesinfo"]},{"@type":"Person","@id":"https:\/\/vosgesinfo.fr\/gerardmerinfo\/#\/schema\/person\/4f38cd3068e342935b7304695c797d08","name":"C.M","image":{"@type":"ImageObject","inLanguage":"fr-FR","@id":"https:\/\/vosgesinfo.fr\/gerardmerinfo\/#\/schema\/person\/image\/","url":"https:\/\/secure.gravatar.com\/avatar\/fe9daaef0164d920717484172682f3c5c9bcf7d42aa8c7048c76c34f0eb6c8da?s=96&d=mm&r=g","contentUrl":"https:\/\/secure.gravatar.com\/avatar\/fe9daaef0164d920717484172682f3c5c9bcf7d42aa8c7048c76c34f0eb6c8da?s=96&d=mm&r=g","caption":"C.M"},"url":"https:\/\/vosgesinfo.fr\/gerardmerinfo\/author\/cm88200\/"}]}},"_links":{"self":[{"href":"https:\/\/vosgesinfo.fr\/gerardmerinfo\/wp-json\/wp\/v2\/posts\/77735","targetHints":{"allow":["GET"]}}],"collection":[{"href":"https:\/\/vosgesinfo.fr\/gerardmerinfo\/wp-json\/wp\/v2\/posts"}],"about":[{"href":"https:\/\/vosgesinfo.fr\/gerardmerinfo\/wp-json\/wp\/v2\/types\/post"}],"author":[{"embeddable":true,"href":"https:\/\/vosgesinfo.fr\/gerardmerinfo\/wp-json\/wp\/v2\/users\/418"}],"replies":[{"embeddable":true,"href":"https:\/\/vosgesinfo.fr\/gerardmerinfo\/wp-json\/wp\/v2\/comments?post=77735"}],"version-history":[{"count":0,"href":"https:\/\/vosgesinfo.fr\/gerardmerinfo\/wp-json\/wp\/v2\/posts\/77735\/revisions"}],"wp:featuredmedia":[{"embeddable":true,"href":"https:\/\/vosgesinfo.fr\/gerardmerinfo\/wp-json\/wp\/v2\/media\/77736"}],"wp:attachment":[{"href":"https:\/\/vosgesinfo.fr\/gerardmerinfo\/wp-json\/wp\/v2\/media?parent=77735"}],"wp:term":[{"taxonomy":"category","embeddable":true,"href":"https:\/\/vosgesinfo.fr\/gerardmerinfo\/wp-json\/wp\/v2\/categories?post=77735"},{"taxonomy":"post_tag","embeddable":true,"href":"https:\/\/vosgesinfo.fr\/gerardmerinfo\/wp-json\/wp\/v2\/tags?post=77735"}],"curies":[{"name":"wp","href":"https:\/\/api.w.org\/{rel}","templated":true}]}}