{"id":78174,"date":"2025-05-19T17:36:51","date_gmt":"2025-05-19T15:36:51","guid":{"rendered":"https:\/\/vosgesinfo.fr\/gerardmerinfo\/?p=78174"},"modified":"2025-05-18T20:40:36","modified_gmt":"2025-05-18T18:40:36","slug":"le-grattoir-vous-invite-a-son-ag-ce-samedi-24-mai-de-10h-a-12h","status":"publish","type":"post","link":"https:\/\/vosgesinfo.fr\/gerardmerinfo\/2025\/05\/le-grattoir-vous-invite-a-son-ag-ce-samedi-24-mai-de-10h-a-12h\/","title":{"rendered":"Le Grattoir vous invite \u00e0 son AG ce samedi 24 Mai de 10h \u00e0 12h  !"},"content":{"rendered":"<p data-pm-slice=\"1 1 []\">Port\u00e9 par une \u00e9quipe de b\u00e9n\u00e9voles de tous \u00e2ges et de tous horizons, Le Grattoir est avant tout un espace de rencontres humaines, un antidote \u00e0 la solitude pour ceux qui poussent la porte.<br \/>\nCe qui le rend unique ? On donne ce qu\u2019on peut, ce qu\u2019on veut ; chaque geste, chaque engagement contribue \u00e0 faire vivre l\u2019association. Loin du tumulte commercial, l\u2019association mise sur la confiance et la solidarit\u00e9.<br \/>\nLe Grattoir est un \u00e9tat d\u2019esprit : celui d\u2019un monde plus humain. Celui qui permet la d\u00e9couverte et l\u2019\u00e9change, C\u2019est la possibilit\u00e9 de prendre en charge une activit\u00e9 ou un cr\u00e9neau horaire.<br \/>\nLe Grattoir, c\u2019est une somme d\u2019activit\u00e9s ou de repas partag\u00e9s qui sentent bon la soupe maison et l\u2019\u00e9change de recettes de tous horizons. On y vient pour une boisson, on y reste pour les rencontres.<br \/>\nL\u2019AG est l\u2019occasion de pr\u00e9senter les r\u00e9alisations, les projets, de d\u00e9couvrir les actions et de faire connaissance. Le Grattoir n\u2019est pas un \u00e9tablissement comme les autres, venez\u00a0!<\/p>\n<p>&nbsp;<\/p>\n<p>&nbsp;<\/p>\n","protected":false},"excerpt":{"rendered":"<p>Port\u00e9 par une \u00e9quipe de b\u00e9n\u00e9voles de tous \u00e2ges et de tous horizons, Le Grattoir est avant tout un espace [&hellip;]<\/p>\n","protected":false},"author":391,"featured_media":66379,"comment_status":"open","ping_status":"open","sticky":false,"template":"","format":"standard","meta":{"footnotes":""},"categories":[20,5647,17],"tags":[],"class_list":["post-78174","post","type-post","status-publish","format-standard","has-post-thumbnail","hentry","category-a-la-une","category-gerardmer-autres-sites","category-vie-associative"],"acf":[],"yoast_head":"<!-- This site is optimized with the Yoast SEO plugin v22.5 - https:\/\/yoast.com\/wordpress\/plugins\/seo\/ -->\n<title>Le Grattoir vous invite \u00e0 son AG ce samedi 24 Mai de 10h \u00e0 12h ! - Gerardmer Info<\/title>\n<meta name=\"robots\" content=\"index, follow, max-snippet:-1, max-image-preview:large, max-video-preview:-1\" \/>\n<link rel=\"canonical\" href=\"https:\/\/vosgesinfo.fr\/gerardmerinfo\/2025\/05\/le-grattoir-vous-invite-a-son-ag-ce-samedi-24-mai-de-10h-a-12h\/\" \/>\n<meta name=\"twitter:card\" content=\"summary_large_image\" \/>\n<meta name=\"twitter:title\" content=\"Le Grattoir vous invite \u00e0 son AG ce samedi 24 Mai de 10h \u00e0 12h ! - Gerardmer Info\" \/>\n<meta name=\"twitter:description\" content=\"Port\u00e9 par une \u00e9quipe de b\u00e9n\u00e9voles de tous \u00e2ges et de tous horizons, Le Grattoir est avant tout un espace [&hellip;]\" \/>\n<meta name=\"twitter:image\" content=\"https:\/\/vosgesinfo.fr\/app\/uploads\/sites\/6\/2024\/07\/202305ag-grattoir-mai-2023-2.jpg\" \/>\n<meta name=\"twitter:creator\" content=\"@VosgesInfo88\" \/>\n<meta name=\"twitter:site\" content=\"@VosgesInfo88\" \/>\n<meta name=\"twitter:label1\" content=\"\u00c9crit par\" \/>\n\t<meta name=\"twitter:data1\" content=\"La redaction\" \/>\n\t<meta name=\"twitter:label2\" content=\"Dur\u00e9e de lecture estim\u00e9e\" \/>\n\t<meta name=\"twitter:data2\" content=\"1 minute\" \/>\n<script type=\"application\/ld+json\" class=\"yoast-schema-graph\">{\"@context\":\"https:\/\/schema.org\",\"@graph\":[{\"@type\":\"Article\",\"@id\":\"https:\/\/vosgesinfo.fr\/gerardmerinfo\/2025\/05\/le-grattoir-vous-invite-a-son-ag-ce-samedi-24-mai-de-10h-a-12h\/#article\",\"isPartOf\":{\"@id\":\"https:\/\/vosgesinfo.fr\/gerardmerinfo\/2025\/05\/le-grattoir-vous-invite-a-son-ag-ce-samedi-24-mai-de-10h-a-12h\/\"},\"author\":{\"name\":\"La redaction\",\"@id\":\"https:\/\/vosgesinfo.fr\/gerardmerinfo\/#\/schema\/person\/27a3695b06db98895b354c0765cdfc31\"},\"headline\":\"Le Grattoir vous invite \u00e0 son AG ce samedi 24 Mai de 10h \u00e0 12h !\",\"datePublished\":\"2025-05-19T15:36:51+00:00\",\"dateModified\":\"2025-05-18T18:40:36+00:00\",\"mainEntityOfPage\":{\"@id\":\"https:\/\/vosgesinfo.fr\/gerardmerinfo\/2025\/05\/le-grattoir-vous-invite-a-son-ag-ce-samedi-24-mai-de-10h-a-12h\/\"},\"wordCount\":196,\"commentCount\":0,\"publisher\":{\"@id\":\"https:\/\/vosgesinfo.fr\/gerardmerinfo\/#organization\"},\"image\":{\"@id\":\"https:\/\/vosgesinfo.fr\/gerardmerinfo\/2025\/05\/le-grattoir-vous-invite-a-son-ag-ce-samedi-24-mai-de-10h-a-12h\/#primaryimage\"},\"thumbnailUrl\":\"https:\/\/vosgesinfo.fr\/app\/uploads\/sites\/6\/2024\/07\/202305ag-grattoir-mai-2023-2.jpg\",\"articleSection\":[\"A la une\",\"Gerardmer\",\"Vie Associative\"],\"inLanguage\":\"fr-FR\",\"potentialAction\":[{\"@type\":\"CommentAction\",\"name\":\"Comment\",\"target\":[\"https:\/\/vosgesinfo.fr\/gerardmerinfo\/2025\/05\/le-grattoir-vous-invite-a-son-ag-ce-samedi-24-mai-de-10h-a-12h\/#respond\"]}]},{\"@type\":\"WebPage\",\"@id\":\"https:\/\/vosgesinfo.fr\/gerardmerinfo\/2025\/05\/le-grattoir-vous-invite-a-son-ag-ce-samedi-24-mai-de-10h-a-12h\/\",\"url\":\"https:\/\/vosgesinfo.fr\/gerardmerinfo\/2025\/05\/le-grattoir-vous-invite-a-son-ag-ce-samedi-24-mai-de-10h-a-12h\/\",\"name\":\"Le Grattoir vous invite \u00e0 son AG ce samedi 24 Mai de 10h \u00e0 12h ! - Gerardmer Info\",\"isPartOf\":{\"@id\":\"https:\/\/vosgesinfo.fr\/gerardmerinfo\/#website\"},\"primaryImageOfPage\":{\"@id\":\"https:\/\/vosgesinfo.fr\/gerardmerinfo\/2025\/05\/le-grattoir-vous-invite-a-son-ag-ce-samedi-24-mai-de-10h-a-12h\/#primaryimage\"},\"image\":{\"@id\":\"https:\/\/vosgesinfo.fr\/gerardmerinfo\/2025\/05\/le-grattoir-vous-invite-a-son-ag-ce-samedi-24-mai-de-10h-a-12h\/#primaryimage\"},\"thumbnailUrl\":\"https:\/\/vosgesinfo.fr\/app\/uploads\/sites\/6\/2024\/07\/202305ag-grattoir-mai-2023-2.jpg\",\"datePublished\":\"2025-05-19T15:36:51+00:00\",\"dateModified\":\"2025-05-18T18:40:36+00:00\",\"breadcrumb\":{\"@id\":\"https:\/\/vosgesinfo.fr\/gerardmerinfo\/2025\/05\/le-grattoir-vous-invite-a-son-ag-ce-samedi-24-mai-de-10h-a-12h\/#breadcrumb\"},\"inLanguage\":\"fr-FR\",\"potentialAction\":[{\"@type\":\"ReadAction\",\"target\":[\"https:\/\/vosgesinfo.fr\/gerardmerinfo\/2025\/05\/le-grattoir-vous-invite-a-son-ag-ce-samedi-24-mai-de-10h-a-12h\/\"]}]},{\"@type\":\"ImageObject\",\"inLanguage\":\"fr-FR\",\"@id\":\"https:\/\/vosgesinfo.fr\/gerardmerinfo\/2025\/05\/le-grattoir-vous-invite-a-son-ag-ce-samedi-24-mai-de-10h-a-12h\/#primaryimage\",\"url\":\"https:\/\/vosgesinfo.fr\/app\/uploads\/sites\/6\/2024\/07\/202305ag-grattoir-mai-2023-2.jpg\",\"contentUrl\":\"https:\/\/vosgesinfo.fr\/app\/uploads\/sites\/6\/2024\/07\/202305ag-grattoir-mai-2023-2.jpg\",\"width\":1600,\"height\":1205},{\"@type\":\"BreadcrumbList\",\"@id\":\"https:\/\/vosgesinfo.fr\/gerardmerinfo\/2025\/05\/le-grattoir-vous-invite-a-son-ag-ce-samedi-24-mai-de-10h-a-12h\/#breadcrumb\",\"itemListElement\":[{\"@type\":\"ListItem\",\"position\":1,\"name\":\"Home\",\"item\":\"https:\/\/vosgesinfo.fr\/gerardmerinfo\/\"},{\"@type\":\"ListItem\",\"position\":2,\"name\":\"Le Grattoir vous invite \u00e0 son AG ce samedi 24 Mai de 10h \u00e0 12h !\"}]},{\"@type\":\"WebSite\",\"@id\":\"https:\/\/vosgesinfo.fr\/gerardmerinfo\/#website\",\"url\":\"https:\/\/vosgesinfo.fr\/gerardmerinfo\/\",\"name\":\"Gerardmer Info\",\"description\":\"Toute l&#039;actualit\u00e9 de G\u00e9rardmer\",\"publisher\":{\"@id\":\"https:\/\/vosgesinfo.fr\/gerardmerinfo\/#organization\"},\"alternateName\":\"Toute l'actualit\u00e9 de G\u00e9rardmer\",\"potentialAction\":[{\"@type\":\"SearchAction\",\"target\":{\"@type\":\"EntryPoint\",\"urlTemplate\":\"https:\/\/vosgesinfo.fr\/gerardmerinfo\/?s={search_term_string}\"},\"query-input\":\"required name=search_term_string\"}],\"inLanguage\":\"fr-FR\"},{\"@type\":\"Organization\",\"@id\":\"https:\/\/vosgesinfo.fr\/gerardmerinfo\/#organization\",\"name\":\"Gerardmer Info\",\"url\":\"https:\/\/vosgesinfo.fr\/gerardmerinfo\/\",\"logo\":{\"@type\":\"ImageObject\",\"inLanguage\":\"fr-FR\",\"@id\":\"https:\/\/vosgesinfo.fr\/gerardmerinfo\/#\/schema\/logo\/image\/\",\"url\":\"https:\/\/vosgesinfo.fr\/app\/uploads\/sites\/6\/2023\/08\/favicon-gerardmerinfo.png\",\"contentUrl\":\"https:\/\/vosgesinfo.fr\/app\/uploads\/sites\/6\/2023\/08\/favicon-gerardmerinfo.png\",\"width\":512,\"height\":512,\"caption\":\"Gerardmer Info\"},\"image\":{\"@id\":\"https:\/\/vosgesinfo.fr\/gerardmerinfo\/#\/schema\/logo\/image\/\"},\"sameAs\":[\"https:\/\/www.facebook.com\/profile.php?id=100049475262660\",\"https:\/\/x.com\/VosgesInfo88\",\"https:\/\/www.youtube.com\/@vosgesinfo\"]},{\"@type\":\"Person\",\"@id\":\"https:\/\/vosgesinfo.fr\/gerardmerinfo\/#\/schema\/person\/27a3695b06db98895b354c0765cdfc31\",\"name\":\"La redaction\",\"image\":{\"@type\":\"ImageObject\",\"inLanguage\":\"fr-FR\",\"@id\":\"https:\/\/vosgesinfo.fr\/gerardmerinfo\/#\/schema\/person\/image\/\",\"url\":\"https:\/\/secure.gravatar.com\/avatar\/64c76a78e501cedee55736f43f332df901e1896ae9cd8fad269ae2236dd0e8b6?s=96&d=mm&r=g\",\"contentUrl\":\"https:\/\/secure.gravatar.com\/avatar\/64c76a78e501cedee55736f43f332df901e1896ae9cd8fad269ae2236dd0e8b6?s=96&d=mm&r=g\",\"caption\":\"La redaction\"},\"url\":\"https:\/\/vosgesinfo.fr\/gerardmerinfo\/author\/la-redaction\/\"}]}<\/script>\n<!-- \/ Yoast SEO plugin. -->","yoast_head_json":{"title":"Le Grattoir vous invite \u00e0 son AG ce samedi 24 Mai de 10h \u00e0 12h ! - Gerardmer Info","robots":{"index":"index","follow":"follow","max-snippet":"max-snippet:-1","max-image-preview":"max-image-preview:large","max-video-preview":"max-video-preview:-1"},"canonical":"https:\/\/vosgesinfo.fr\/gerardmerinfo\/2025\/05\/le-grattoir-vous-invite-a-son-ag-ce-samedi-24-mai-de-10h-a-12h\/","twitter_card":"summary_large_image","twitter_title":"Le Grattoir vous invite \u00e0 son AG ce samedi 24 Mai de 10h \u00e0 12h ! - Gerardmer Info","twitter_description":"Port\u00e9 par une \u00e9quipe de b\u00e9n\u00e9voles de tous \u00e2ges et de tous horizons, Le Grattoir est avant tout un espace [&hellip;]","twitter_image":"https:\/\/vosgesinfo.fr\/app\/uploads\/sites\/6\/2024\/07\/202305ag-grattoir-mai-2023-2.jpg","twitter_creator":"@VosgesInfo88","twitter_site":"@VosgesInfo88","twitter_misc":{"\u00c9crit par":"La redaction","Dur\u00e9e de lecture estim\u00e9e":"1 minute"},"schema":{"@context":"https:\/\/schema.org","@graph":[{"@type":"Article","@id":"https:\/\/vosgesinfo.fr\/gerardmerinfo\/2025\/05\/le-grattoir-vous-invite-a-son-ag-ce-samedi-24-mai-de-10h-a-12h\/#article","isPartOf":{"@id":"https:\/\/vosgesinfo.fr\/gerardmerinfo\/2025\/05\/le-grattoir-vous-invite-a-son-ag-ce-samedi-24-mai-de-10h-a-12h\/"},"author":{"name":"La redaction","@id":"https:\/\/vosgesinfo.fr\/gerardmerinfo\/#\/schema\/person\/27a3695b06db98895b354c0765cdfc31"},"headline":"Le Grattoir vous invite \u00e0 son AG ce samedi 24 Mai de 10h \u00e0 12h !","datePublished":"2025-05-19T15:36:51+00:00","dateModified":"2025-05-18T18:40:36+00:00","mainEntityOfPage":{"@id":"https:\/\/vosgesinfo.fr\/gerardmerinfo\/2025\/05\/le-grattoir-vous-invite-a-son-ag-ce-samedi-24-mai-de-10h-a-12h\/"},"wordCount":196,"commentCount":0,"publisher":{"@id":"https:\/\/vosgesinfo.fr\/gerardmerinfo\/#organization"},"image":{"@id":"https:\/\/vosgesinfo.fr\/gerardmerinfo\/2025\/05\/le-grattoir-vous-invite-a-son-ag-ce-samedi-24-mai-de-10h-a-12h\/#primaryimage"},"thumbnailUrl":"https:\/\/vosgesinfo.fr\/app\/uploads\/sites\/6\/2024\/07\/202305ag-grattoir-mai-2023-2.jpg","articleSection":["A la une","Gerardmer","Vie Associative"],"inLanguage":"fr-FR","potentialAction":[{"@type":"CommentAction","name":"Comment","target":["https:\/\/vosgesinfo.fr\/gerardmerinfo\/2025\/05\/le-grattoir-vous-invite-a-son-ag-ce-samedi-24-mai-de-10h-a-12h\/#respond"]}]},{"@type":"WebPage","@id":"https:\/\/vosgesinfo.fr\/gerardmerinfo\/2025\/05\/le-grattoir-vous-invite-a-son-ag-ce-samedi-24-mai-de-10h-a-12h\/","url":"https:\/\/vosgesinfo.fr\/gerardmerinfo\/2025\/05\/le-grattoir-vous-invite-a-son-ag-ce-samedi-24-mai-de-10h-a-12h\/","name":"Le Grattoir vous invite \u00e0 son AG ce samedi 24 Mai de 10h \u00e0 12h ! - Gerardmer Info","isPartOf":{"@id":"https:\/\/vosgesinfo.fr\/gerardmerinfo\/#website"},"primaryImageOfPage":{"@id":"https:\/\/vosgesinfo.fr\/gerardmerinfo\/2025\/05\/le-grattoir-vous-invite-a-son-ag-ce-samedi-24-mai-de-10h-a-12h\/#primaryimage"},"image":{"@id":"https:\/\/vosgesinfo.fr\/gerardmerinfo\/2025\/05\/le-grattoir-vous-invite-a-son-ag-ce-samedi-24-mai-de-10h-a-12h\/#primaryimage"},"thumbnailUrl":"https:\/\/vosgesinfo.fr\/app\/uploads\/sites\/6\/2024\/07\/202305ag-grattoir-mai-2023-2.jpg","datePublished":"2025-05-19T15:36:51+00:00","dateModified":"2025-05-18T18:40:36+00:00","breadcrumb":{"@id":"https:\/\/vosgesinfo.fr\/gerardmerinfo\/2025\/05\/le-grattoir-vous-invite-a-son-ag-ce-samedi-24-mai-de-10h-a-12h\/#breadcrumb"},"inLanguage":"fr-FR","potentialAction":[{"@type":"ReadAction","target":["https:\/\/vosgesinfo.fr\/gerardmerinfo\/2025\/05\/le-grattoir-vous-invite-a-son-ag-ce-samedi-24-mai-de-10h-a-12h\/"]}]},{"@type":"ImageObject","inLanguage":"fr-FR","@id":"https:\/\/vosgesinfo.fr\/gerardmerinfo\/2025\/05\/le-grattoir-vous-invite-a-son-ag-ce-samedi-24-mai-de-10h-a-12h\/#primaryimage","url":"https:\/\/vosgesinfo.fr\/app\/uploads\/sites\/6\/2024\/07\/202305ag-grattoir-mai-2023-2.jpg","contentUrl":"https:\/\/vosgesinfo.fr\/app\/uploads\/sites\/6\/2024\/07\/202305ag-grattoir-mai-2023-2.jpg","width":1600,"height":1205},{"@type":"BreadcrumbList","@id":"https:\/\/vosgesinfo.fr\/gerardmerinfo\/2025\/05\/le-grattoir-vous-invite-a-son-ag-ce-samedi-24-mai-de-10h-a-12h\/#breadcrumb","itemListElement":[{"@type":"ListItem","position":1,"name":"Home","item":"https:\/\/vosgesinfo.fr\/gerardmerinfo\/"},{"@type":"ListItem","position":2,"name":"Le Grattoir vous invite \u00e0 son AG ce samedi 24 Mai de 10h \u00e0 12h !"}]},{"@type":"WebSite","@id":"https:\/\/vosgesinfo.fr\/gerardmerinfo\/#website","url":"https:\/\/vosgesinfo.fr\/gerardmerinfo\/","name":"Gerardmer Info","description":"Toute l&#039;actualit\u00e9 de G\u00e9rardmer","publisher":{"@id":"https:\/\/vosgesinfo.fr\/gerardmerinfo\/#organization"},"alternateName":"Toute l'actualit\u00e9 de G\u00e9rardmer","potentialAction":[{"@type":"SearchAction","target":{"@type":"EntryPoint","urlTemplate":"https:\/\/vosgesinfo.fr\/gerardmerinfo\/?s={search_term_string}"},"query-input":"required name=search_term_string"}],"inLanguage":"fr-FR"},{"@type":"Organization","@id":"https:\/\/vosgesinfo.fr\/gerardmerinfo\/#organization","name":"Gerardmer Info","url":"https:\/\/vosgesinfo.fr\/gerardmerinfo\/","logo":{"@type":"ImageObject","inLanguage":"fr-FR","@id":"https:\/\/vosgesinfo.fr\/gerardmerinfo\/#\/schema\/logo\/image\/","url":"https:\/\/vosgesinfo.fr\/app\/uploads\/sites\/6\/2023\/08\/favicon-gerardmerinfo.png","contentUrl":"https:\/\/vosgesinfo.fr\/app\/uploads\/sites\/6\/2023\/08\/favicon-gerardmerinfo.png","width":512,"height":512,"caption":"Gerardmer Info"},"image":{"@id":"https:\/\/vosgesinfo.fr\/gerardmerinfo\/#\/schema\/logo\/image\/"},"sameAs":["https:\/\/www.facebook.com\/profile.php?id=100049475262660","https:\/\/x.com\/VosgesInfo88","https:\/\/www.youtube.com\/@vosgesinfo"]},{"@type":"Person","@id":"https:\/\/vosgesinfo.fr\/gerardmerinfo\/#\/schema\/person\/27a3695b06db98895b354c0765cdfc31","name":"La redaction","image":{"@type":"ImageObject","inLanguage":"fr-FR","@id":"https:\/\/vosgesinfo.fr\/gerardmerinfo\/#\/schema\/person\/image\/","url":"https:\/\/secure.gravatar.com\/avatar\/64c76a78e501cedee55736f43f332df901e1896ae9cd8fad269ae2236dd0e8b6?s=96&d=mm&r=g","contentUrl":"https:\/\/secure.gravatar.com\/avatar\/64c76a78e501cedee55736f43f332df901e1896ae9cd8fad269ae2236dd0e8b6?s=96&d=mm&r=g","caption":"La redaction"},"url":"https:\/\/vosgesinfo.fr\/gerardmerinfo\/author\/la-redaction\/"}]}},"_links":{"self":[{"href":"https:\/\/vosgesinfo.fr\/gerardmerinfo\/wp-json\/wp\/v2\/posts\/78174","targetHints":{"allow":["GET"]}}],"collection":[{"href":"https:\/\/vosgesinfo.fr\/gerardmerinfo\/wp-json\/wp\/v2\/posts"}],"about":[{"href":"https:\/\/vosgesinfo.fr\/gerardmerinfo\/wp-json\/wp\/v2\/types\/post"}],"author":[{"embeddable":true,"href":"https:\/\/vosgesinfo.fr\/gerardmerinfo\/wp-json\/wp\/v2\/users\/391"}],"replies":[{"embeddable":true,"href":"https:\/\/vosgesinfo.fr\/gerardmerinfo\/wp-json\/wp\/v2\/comments?post=78174"}],"version-history":[{"count":1,"href":"https:\/\/vosgesinfo.fr\/gerardmerinfo\/wp-json\/wp\/v2\/posts\/78174\/revisions"}],"predecessor-version":[{"id":78175,"href":"https:\/\/vosgesinfo.fr\/gerardmerinfo\/wp-json\/wp\/v2\/posts\/78174\/revisions\/78175"}],"wp:featuredmedia":[{"embeddable":true,"href":"https:\/\/vosgesinfo.fr\/gerardmerinfo\/wp-json\/wp\/v2\/media\/66379"}],"wp:attachment":[{"href":"https:\/\/vosgesinfo.fr\/gerardmerinfo\/wp-json\/wp\/v2\/media?parent=78174"}],"wp:term":[{"taxonomy":"category","embeddable":true,"href":"https:\/\/vosgesinfo.fr\/gerardmerinfo\/wp-json\/wp\/v2\/categories?post=78174"},{"taxonomy":"post_tag","embeddable":true,"href":"https:\/\/vosgesinfo.fr\/gerardmerinfo\/wp-json\/wp\/v2\/tags?post=78174"}],"curies":[{"name":"wp","href":"https:\/\/api.w.org\/{rel}","templated":true}]}}