{"id":78209,"date":"2025-05-20T06:00:12","date_gmt":"2025-05-20T04:00:12","guid":{"rendered":"https:\/\/vosgesinfo.fr\/gerardmerinfo\/?p=78209"},"modified":"2025-05-19T18:28:07","modified_gmt":"2025-05-19T16:28:07","slug":"gerardmer-accueille-le-directeur-de-fairafric-pionnier-du-chocolat-equitable-au-ghana","status":"publish","type":"post","link":"https:\/\/vosgesinfo.fr\/gerardmerinfo\/2025\/05\/gerardmer-accueille-le-directeur-de-fairafric-pionnier-du-chocolat-equitable-au-ghana\/","title":{"rendered":"G\u00e9rardmer accueille le directeur de Fairafric, pionnier du chocolat \u00e9quitable au Ghana"},"content":{"rendered":"<h3 data-pm-slice=\"1 1 []\"><a href=\"https:\/\/vosgesinfo.fr\/app\/uploads\/sites\/6\/2025\/05\/artisans-du-monde-gerardmer-accueille-fairafric-michael-11.jpg\"><img decoding=\"async\" class=\"aligncenter size-full wp-image-78222\" src=\"https:\/\/vosgesinfo.fr\/app\/uploads\/sites\/6\/2025\/05\/artisans-du-monde-gerardmer-accueille-fairafric-michael-11.jpg\" alt=\"\" width=\"2520\" height=\"1680\" srcset=\"https:\/\/vosgesinfo.fr\/app\/uploads\/sites\/6\/2025\/05\/artisans-du-monde-gerardmer-accueille-fairafric-michael-11.jpg 2520w, https:\/\/vosgesinfo.fr\/app\/uploads\/sites\/6\/2025\/05\/artisans-du-monde-gerardmer-accueille-fairafric-michael-11-300x200.jpg 300w, https:\/\/vosgesinfo.fr\/app\/uploads\/sites\/6\/2025\/05\/artisans-du-monde-gerardmer-accueille-fairafric-michael-11-1024x683.jpg 1024w, https:\/\/vosgesinfo.fr\/app\/uploads\/sites\/6\/2025\/05\/artisans-du-monde-gerardmer-accueille-fairafric-michael-11-768x512.jpg 768w, https:\/\/vosgesinfo.fr\/app\/uploads\/sites\/6\/2025\/05\/artisans-du-monde-gerardmer-accueille-fairafric-michael-11-1536x1024.jpg 1536w, https:\/\/vosgesinfo.fr\/app\/uploads\/sites\/6\/2025\/05\/artisans-du-monde-gerardmer-accueille-fairafric-michael-11-2048x1365.jpg 2048w\" sizes=\"(max-width: 2520px) 100vw, 2520px\" \/><\/a><\/h3>\n<h3><\/h3>\n<h3><strong><em>\u00c0 l\u2019occasion de la Quinzaine du Commerce \u00c9quitable qui se d\u00e9roule du 10 au 25 mai 2025, l\u2019antenne locale d&rsquo;Artisans du Monde et la ville de G\u00e9rardmer accueillaient ce lundi Michael Marmon-Halm, producteur de cacao et directeur<\/em> g\u00e9n\u00e9ral<em> de Fairafric, chocolaterie bio et \u00e9quitable install\u00e9e au Ghana.\u00a0<\/em><\/strong><\/h3>\n<div id=\"attachment_78217\" style=\"width: 210px\" class=\"wp-caption alignright\"><a href=\"https:\/\/vosgesinfo.fr\/app\/uploads\/sites\/6\/2025\/05\/artisans-du-monde-gerardmer-accueille-fairafric-michael-6.jpg\"><img decoding=\"async\" aria-describedby=\"caption-attachment-78217\" class=\"size-medium wp-image-78217\" src=\"https:\/\/vosgesinfo.fr\/app\/uploads\/sites\/6\/2025\/05\/artisans-du-monde-gerardmer-accueille-fairafric-michael-6-200x300.jpg\" alt=\"\" width=\"200\" height=\"300\" srcset=\"https:\/\/vosgesinfo.fr\/app\/uploads\/sites\/6\/2025\/05\/artisans-du-monde-gerardmer-accueille-fairafric-michael-6-200x300.jpg 200w, https:\/\/vosgesinfo.fr\/app\/uploads\/sites\/6\/2025\/05\/artisans-du-monde-gerardmer-accueille-fairafric-michael-6-683x1024.jpg 683w, https:\/\/vosgesinfo.fr\/app\/uploads\/sites\/6\/2025\/05\/artisans-du-monde-gerardmer-accueille-fairafric-michael-6-768x1152.jpg 768w, https:\/\/vosgesinfo.fr\/app\/uploads\/sites\/6\/2025\/05\/artisans-du-monde-gerardmer-accueille-fairafric-michael-6-1024x1536.jpg 1024w, https:\/\/vosgesinfo.fr\/app\/uploads\/sites\/6\/2025\/05\/artisans-du-monde-gerardmer-accueille-fairafric-michael-6-1365x2048.jpg 1365w, https:\/\/vosgesinfo.fr\/app\/uploads\/sites\/6\/2025\/05\/artisans-du-monde-gerardmer-accueille-fairafric-michael-6.jpg 1680w\" sizes=\"(max-width: 200px) 100vw, 200px\" \/><\/a><p id=\"caption-attachment-78217\" class=\"wp-caption-text\">Michael rencontrait pour la premi\u00e8re fois les b\u00e9n\u00e9voles d&rsquo;Artisans du Monde G\u00e9rardmer.<\/p><\/div>\n<p>C&rsquo;est la premi\u00e8re fois que l&rsquo;antenne locale d&rsquo;Artisans du Monde (ADM) pr\u00e9sid\u00e9e par Sylvette Panouill\u00e9 avait le plaisir et l&rsquo;honneur d&rsquo;accueillir Michael Marmon-Halm qui, pour sa part, voyage actuellement pour la deuxi\u00e8me fois en France afin de faire la promotion du commerce \u00e9quitable, notamment \u00e0 travers la fili\u00e8re du cacao. Une fili\u00e8re cl\u00e9, car bon nombre de producteurs et de travailleurs \u00e9voluent dans des conditions particuli\u00e8rement difficiles, avec en toile de fond le travail des enfants et la d\u00e9forestation. Mais, comme le rappelait Dominique Buchoud, administratrice \u00e0 la F\u00e9d\u00e9ration d&rsquo;Artisans du Monde, il y a cinquante ans, des utopistes ont voulu montrer qu&rsquo;il y avait d&rsquo;autres fa\u00e7ons de faire du commerce et qu&rsquo;une solidarit\u00e9 entre le Nord et le Sud \u00e9tait vertueuse et n\u00e9cessaire.<\/p>\n<div id=\"attachment_78224\" style=\"width: 210px\" class=\"wp-caption alignright\"><a href=\"https:\/\/vosgesinfo.fr\/app\/uploads\/sites\/6\/2025\/05\/k33a4675-scaled.jpg\"><img decoding=\"async\" aria-describedby=\"caption-attachment-78224\" class=\"size-medium wp-image-78224\" src=\"https:\/\/vosgesinfo.fr\/app\/uploads\/sites\/6\/2025\/05\/k33a4675-200x300.jpg\" alt=\"\" width=\"200\" height=\"300\" srcset=\"https:\/\/vosgesinfo.fr\/app\/uploads\/sites\/6\/2025\/05\/k33a4675-200x300.jpg 200w, https:\/\/vosgesinfo.fr\/app\/uploads\/sites\/6\/2025\/05\/k33a4675-683x1024.jpg 683w, https:\/\/vosgesinfo.fr\/app\/uploads\/sites\/6\/2025\/05\/k33a4675-768x1152.jpg 768w, https:\/\/vosgesinfo.fr\/app\/uploads\/sites\/6\/2025\/05\/k33a4675-1024x1536.jpg 1024w, https:\/\/vosgesinfo.fr\/app\/uploads\/sites\/6\/2025\/05\/k33a4675-1365x2048.jpg 1365w, https:\/\/vosgesinfo.fr\/app\/uploads\/sites\/6\/2025\/05\/k33a4675-scaled.jpg 1707w\" sizes=\"(max-width: 200px) 100vw, 200px\" \/><\/a><p id=\"caption-attachment-78224\" class=\"wp-caption-text\">D. Buchoud<\/p><\/div>\n<p>C&rsquo;est ainsi qu&rsquo;Artisans du Monde est n\u00e9 et que des initiatives comme Fairafric ont vu le jour plus r\u00e9cemment, il y a cinq ans, r\u00e9ussissant au passage \u00e0 traverser la p\u00e9riode difficile impos\u00e9e par le COVID-19. Alors m\u00eame si ces initiatives sont encore souvent des gouttes d&rsquo;eau dans l&rsquo;oc\u00e9an, elles ont un impact important, elles montrent la voie et font progressivement des \u00e9mules. \u00ab Et quand on voit les associations comme ADM, ou les municipalit\u00e9s qui nous soutiennent, on sait que nous ne sommes pas seuls dans cette lutte et on ne renoncera pas, on se battra toujours pour un commerce plus \u00e9quitable et de meilleures conditions de travail. Nous savons que ce ne sera pas facile de faire changer les pratiques actuelles, mais \u00e0 travers ce type de commerce et ces valeurs que nous d\u00e9fendons, nous pouvons faire \u00e9voluer beaucoup de choses\u00a0\u00bb, pr\u00e9cisait Michael Marmon-Halm. Fairafric propose un mod\u00e8le dont le concept est de produire du chocolat de A \u00e0 Z directement au Ghana, rompant ainsi avec les logiques h\u00e9rit\u00e9es de la colonisation, o\u00f9 le cacao africain est traditionnellement export\u00e9 brut pour \u00eatre transform\u00e9 dans les pays du Nord. Ce mod\u00e8le permet de cr\u00e9er de la valeur sur place et d&rsquo;assurer une r\u00e9mun\u00e9ration digne aux producteurs.<\/p>\n<p>Pr\u00e9cisons enfin que cette rencontre s\u2019inscrit dans le cadre de la Tourn\u00e9e des Partenaires, organis\u00e9e par la F\u00e9d\u00e9ration Artisans du Monde, et fait \u00e9galement \u00e9cho \u00e0 la campagne nationale \u00ab <em>Pour un chocolat \u00e9quitable dans nos communes<\/em> \u00bb, lanc\u00e9e en octobre 2024, qui vise \u00e0 promouvoir un approvisionnement plus \u00e9thique dans la restauration collective. \u00c0 ce titre, l&rsquo;adjointe \u00e0 la culture Anne Chwaliszewski a rappel\u00e9 que la ville de G\u00e9rardmer avait sign\u00e9 en 2023 une charte avec ADM, s&rsquo;engageant \u00e0 soutenir le commerce \u00e9quitable en faisant la promotion des actions de l&rsquo;antenne locale et des valeurs qui lui sont ch\u00e8res, mais aussi en se fournissant r\u00e9guli\u00e8rement directement chez elles \u00e0 diverses occasions.<\/p>\n<p>Enfin, apr\u00e8s l&rsquo;accueil officiel \u00e0 la mairie de G\u00e9rardmer avec une intervention de Michael Marmon-Halm, ce dernier a coanim\u00e9 une animation p\u00e9dagogique \u00e0 l\u2019\u00e9cole de Xonrupt, destin\u00e9e aux \u00e9l\u00e8ves de CP, pour d\u00e9couvrir les \u00e9tapes de transformation du cacao, de la cabosse \u00e0 la tablette. Une belle occasion de d\u00e9couvrir l\u2019envers du chocolat et de s\u2019interroger sur nos choix de consommation.<\/p>\n\n\t\t<style type=\"text\/css\">\n\t\t\t#gallery-1 {\n\t\t\t\tmargin: auto;\n\t\t\t}\n\t\t\t#gallery-1 .gallery-item {\n\t\t\t\tfloat: left;\n\t\t\t\tmargin-top: 10px;\n\t\t\t\ttext-align: center;\n\t\t\t\twidth: 50%;\n\t\t\t}\n\t\t\t#gallery-1 img {\n\t\t\t\tborder: 2px solid #cfcfcf;\n\t\t\t}\n\t\t\t#gallery-1 .gallery-caption {\n\t\t\t\tmargin-left: 0;\n\t\t\t}\n\t\t\t\/* see gallery_shortcode() in wp-includes\/media.php *\/\n\t\t<\/style>\n\t\t<div id='gallery-1' class='gallery galleryid-78209 gallery-columns-2 gallery-size-medium'><dl class='gallery-item'>\n\t\t\t<dt class='gallery-icon landscape'>\n\t\t\t\t<a href='https:\/\/vosgesinfo.fr\/app\/uploads\/sites\/6\/2025\/05\/artisans-du-monde-gerardmer-accueille-fairafric-michael-7.jpg'><img decoding=\"async\" width=\"300\" height=\"225\" src=\"https:\/\/vosgesinfo.fr\/app\/uploads\/sites\/6\/2025\/05\/artisans-du-monde-gerardmer-accueille-fairafric-michael-7-300x225.jpg\" class=\"attachment-medium size-medium\" alt=\"\" srcset=\"https:\/\/vosgesinfo.fr\/app\/uploads\/sites\/6\/2025\/05\/artisans-du-monde-gerardmer-accueille-fairafric-michael-7-300x225.jpg 300w, https:\/\/vosgesinfo.fr\/app\/uploads\/sites\/6\/2025\/05\/artisans-du-monde-gerardmer-accueille-fairafric-michael-7-1024x768.jpg 1024w, https:\/\/vosgesinfo.fr\/app\/uploads\/sites\/6\/2025\/05\/artisans-du-monde-gerardmer-accueille-fairafric-michael-7-768x576.jpg 768w, https:\/\/vosgesinfo.fr\/app\/uploads\/sites\/6\/2025\/05\/artisans-du-monde-gerardmer-accueille-fairafric-michael-7-1536x1152.jpg 1536w, https:\/\/vosgesinfo.fr\/app\/uploads\/sites\/6\/2025\/05\/artisans-du-monde-gerardmer-accueille-fairafric-michael-7-2048x1536.jpg 2048w\" sizes=\"(max-width: 300px) 100vw, 300px\" \/><\/a>\n\t\t\t<\/dt><\/dl><dl class='gallery-item'>\n\t\t\t<dt class='gallery-icon landscape'>\n\t\t\t\t<a href='https:\/\/vosgesinfo.fr\/app\/uploads\/sites\/6\/2025\/05\/artisans-du-monde-gerardmer-accueille-fairafric-michael-8.jpg'><img decoding=\"async\" width=\"300\" height=\"225\" src=\"https:\/\/vosgesinfo.fr\/app\/uploads\/sites\/6\/2025\/05\/artisans-du-monde-gerardmer-accueille-fairafric-michael-8-300x225.jpg\" class=\"attachment-medium size-medium\" alt=\"\" srcset=\"https:\/\/vosgesinfo.fr\/app\/uploads\/sites\/6\/2025\/05\/artisans-du-monde-gerardmer-accueille-fairafric-michael-8-300x225.jpg 300w, https:\/\/vosgesinfo.fr\/app\/uploads\/sites\/6\/2025\/05\/artisans-du-monde-gerardmer-accueille-fairafric-michael-8-1024x768.jpg 1024w, https:\/\/vosgesinfo.fr\/app\/uploads\/sites\/6\/2025\/05\/artisans-du-monde-gerardmer-accueille-fairafric-michael-8-768x576.jpg 768w, https:\/\/vosgesinfo.fr\/app\/uploads\/sites\/6\/2025\/05\/artisans-du-monde-gerardmer-accueille-fairafric-michael-8-1536x1152.jpg 1536w, https:\/\/vosgesinfo.fr\/app\/uploads\/sites\/6\/2025\/05\/artisans-du-monde-gerardmer-accueille-fairafric-michael-8.jpg 1728w\" sizes=\"(max-width: 300px) 100vw, 300px\" \/><\/a>\n\t\t\t<\/dt><\/dl><br style=\"clear: both\" \/><dl class='gallery-item'>\n\t\t\t<dt class='gallery-icon landscape'>\n\t\t\t\t<a href='https:\/\/vosgesinfo.fr\/app\/uploads\/sites\/6\/2025\/05\/artisans-du-monde-gerardmer-accueille-fairafric-michael-10.jpg'><img decoding=\"async\" width=\"300\" height=\"225\" src=\"https:\/\/vosgesinfo.fr\/app\/uploads\/sites\/6\/2025\/05\/artisans-du-monde-gerardmer-accueille-fairafric-michael-10-300x225.jpg\" class=\"attachment-medium size-medium\" alt=\"\" srcset=\"https:\/\/vosgesinfo.fr\/app\/uploads\/sites\/6\/2025\/05\/artisans-du-monde-gerardmer-accueille-fairafric-michael-10-300x225.jpg 300w, https:\/\/vosgesinfo.fr\/app\/uploads\/sites\/6\/2025\/05\/artisans-du-monde-gerardmer-accueille-fairafric-michael-10-1024x768.jpg 1024w, https:\/\/vosgesinfo.fr\/app\/uploads\/sites\/6\/2025\/05\/artisans-du-monde-gerardmer-accueille-fairafric-michael-10-768x576.jpg 768w, https:\/\/vosgesinfo.fr\/app\/uploads\/sites\/6\/2025\/05\/artisans-du-monde-gerardmer-accueille-fairafric-michael-10-1536x1152.jpg 1536w, https:\/\/vosgesinfo.fr\/app\/uploads\/sites\/6\/2025\/05\/artisans-du-monde-gerardmer-accueille-fairafric-michael-10.jpg 1728w\" sizes=\"(max-width: 300px) 100vw, 300px\" \/><\/a>\n\t\t\t<\/dt><\/dl><dl class='gallery-item'>\n\t\t\t<dt class='gallery-icon landscape'>\n\t\t\t\t<a href='https:\/\/vosgesinfo.fr\/app\/uploads\/sites\/6\/2025\/05\/k33a4687-scaled.jpg'><img decoding=\"async\" width=\"300\" height=\"200\" src=\"https:\/\/vosgesinfo.fr\/app\/uploads\/sites\/6\/2025\/05\/k33a4687-300x200.jpg\" class=\"attachment-medium size-medium\" alt=\"\" srcset=\"https:\/\/vosgesinfo.fr\/app\/uploads\/sites\/6\/2025\/05\/k33a4687-300x200.jpg 300w, https:\/\/vosgesinfo.fr\/app\/uploads\/sites\/6\/2025\/05\/k33a4687-1024x683.jpg 1024w, https:\/\/vosgesinfo.fr\/app\/uploads\/sites\/6\/2025\/05\/k33a4687-768x512.jpg 768w, https:\/\/vosgesinfo.fr\/app\/uploads\/sites\/6\/2025\/05\/k33a4687-1536x1024.jpg 1536w, https:\/\/vosgesinfo.fr\/app\/uploads\/sites\/6\/2025\/05\/k33a4687-2048x1365.jpg 2048w\" sizes=\"(max-width: 300px) 100vw, 300px\" \/><\/a>\n\t\t\t<\/dt><\/dl><br style=\"clear: both\" \/>\n\t\t<\/div>\n\n","protected":false},"excerpt":{"rendered":"<p>\u00c0 l\u2019occasion de la Quinzaine du Commerce \u00c9quitable qui se d\u00e9roule du 10 au 25 mai 2025, l\u2019antenne locale d&rsquo;Artisans [&hellip;]<\/p>\n","protected":false},"author":42,"featured_media":78218,"comment_status":"open","ping_status":"open","sticky":false,"template":"","format":"standard","meta":{"footnotes":""},"categories":[20,5,6,5647],"tags":[1157,7332],"class_list":["post-78209","post","type-post","status-publish","format-standard","has-post-thumbnail","hentry","category-a-la-une","category-economie","category-education","category-gerardmer-autres-sites","tag-artisans-du-monde","tag-fairafric"],"acf":[],"yoast_head":"<!-- This site is optimized with the Yoast SEO plugin v22.5 - https:\/\/yoast.com\/wordpress\/plugins\/seo\/ -->\n<title>G\u00e9rardmer accueille le directeur de Fairafric, pionnier du chocolat \u00e9quitable au Ghana - Gerardmer Info<\/title>\n<meta name=\"robots\" content=\"index, follow, max-snippet:-1, max-image-preview:large, max-video-preview:-1\" \/>\n<link rel=\"canonical\" href=\"https:\/\/vosgesinfo.fr\/gerardmerinfo\/2025\/05\/gerardmer-accueille-le-directeur-de-fairafric-pionnier-du-chocolat-equitable-au-ghana\/\" \/>\n<meta name=\"twitter:card\" content=\"summary_large_image\" \/>\n<meta name=\"twitter:title\" content=\"G\u00e9rardmer accueille le directeur de Fairafric, pionnier du chocolat \u00e9quitable au Ghana - Gerardmer Info\" \/>\n<meta name=\"twitter:description\" content=\"\u00c0 l\u2019occasion de la Quinzaine du Commerce \u00c9quitable qui se d\u00e9roule du 10 au 25 mai 2025, l\u2019antenne locale d&rsquo;Artisans [&hellip;]\" \/>\n<meta name=\"twitter:image\" content=\"https:\/\/vosgesinfo.fr\/app\/uploads\/sites\/6\/2025\/05\/artisans-du-monde-gerardmer-accueille-fairafric-michael-7.jpg\" \/>\n<meta name=\"twitter:creator\" content=\"@VosgesInfo88\" \/>\n<meta name=\"twitter:site\" content=\"@VosgesInfo88\" \/>\n<meta name=\"twitter:label1\" content=\"\u00c9crit par\" \/>\n\t<meta name=\"twitter:data1\" content=\"QG\" \/>\n\t<meta name=\"twitter:label2\" content=\"Dur\u00e9e de lecture estim\u00e9e\" \/>\n\t<meta name=\"twitter:data2\" content=\"4 minutes\" \/>\n<script type=\"application\/ld+json\" class=\"yoast-schema-graph\">{\"@context\":\"https:\/\/schema.org\",\"@graph\":[{\"@type\":\"Article\",\"@id\":\"https:\/\/vosgesinfo.fr\/gerardmerinfo\/2025\/05\/gerardmer-accueille-le-directeur-de-fairafric-pionnier-du-chocolat-equitable-au-ghana\/#article\",\"isPartOf\":{\"@id\":\"https:\/\/vosgesinfo.fr\/gerardmerinfo\/2025\/05\/gerardmer-accueille-le-directeur-de-fairafric-pionnier-du-chocolat-equitable-au-ghana\/\"},\"author\":{\"name\":\"QG\",\"@id\":\"https:\/\/vosgesinfo.fr\/gerardmerinfo\/#\/schema\/person\/db5605779a843dad16b5368f3e7613a5\"},\"headline\":\"G\u00e9rardmer accueille le directeur de Fairafric, pionnier du chocolat \u00e9quitable au Ghana\",\"datePublished\":\"2025-05-20T04:00:12+00:00\",\"dateModified\":\"2025-05-19T16:28:07+00:00\",\"mainEntityOfPage\":{\"@id\":\"https:\/\/vosgesinfo.fr\/gerardmerinfo\/2025\/05\/gerardmer-accueille-le-directeur-de-fairafric-pionnier-du-chocolat-equitable-au-ghana\/\"},\"wordCount\":656,\"commentCount\":0,\"publisher\":{\"@id\":\"https:\/\/vosgesinfo.fr\/gerardmerinfo\/#organization\"},\"image\":{\"@id\":\"https:\/\/vosgesinfo.fr\/gerardmerinfo\/2025\/05\/gerardmer-accueille-le-directeur-de-fairafric-pionnier-du-chocolat-equitable-au-ghana\/#primaryimage\"},\"thumbnailUrl\":\"https:\/\/vosgesinfo.fr\/app\/uploads\/sites\/6\/2025\/05\/artisans-du-monde-gerardmer-accueille-fairafric-michael-7.jpg\",\"keywords\":[\"artisans du monde\",\"Fairafric\"],\"articleSection\":[\"A la une\",\"\u00c9conomie\",\"\u00c9ducation\",\"Gerardmer\"],\"inLanguage\":\"fr-FR\",\"potentialAction\":[{\"@type\":\"CommentAction\",\"name\":\"Comment\",\"target\":[\"https:\/\/vosgesinfo.fr\/gerardmerinfo\/2025\/05\/gerardmer-accueille-le-directeur-de-fairafric-pionnier-du-chocolat-equitable-au-ghana\/#respond\"]}]},{\"@type\":\"WebPage\",\"@id\":\"https:\/\/vosgesinfo.fr\/gerardmerinfo\/2025\/05\/gerardmer-accueille-le-directeur-de-fairafric-pionnier-du-chocolat-equitable-au-ghana\/\",\"url\":\"https:\/\/vosgesinfo.fr\/gerardmerinfo\/2025\/05\/gerardmer-accueille-le-directeur-de-fairafric-pionnier-du-chocolat-equitable-au-ghana\/\",\"name\":\"G\u00e9rardmer accueille le directeur de Fairafric, pionnier du chocolat \u00e9quitable au Ghana - Gerardmer Info\",\"isPartOf\":{\"@id\":\"https:\/\/vosgesinfo.fr\/gerardmerinfo\/#website\"},\"primaryImageOfPage\":{\"@id\":\"https:\/\/vosgesinfo.fr\/gerardmerinfo\/2025\/05\/gerardmer-accueille-le-directeur-de-fairafric-pionnier-du-chocolat-equitable-au-ghana\/#primaryimage\"},\"image\":{\"@id\":\"https:\/\/vosgesinfo.fr\/gerardmerinfo\/2025\/05\/gerardmer-accueille-le-directeur-de-fairafric-pionnier-du-chocolat-equitable-au-ghana\/#primaryimage\"},\"thumbnailUrl\":\"https:\/\/vosgesinfo.fr\/app\/uploads\/sites\/6\/2025\/05\/artisans-du-monde-gerardmer-accueille-fairafric-michael-7.jpg\",\"datePublished\":\"2025-05-20T04:00:12+00:00\",\"dateModified\":\"2025-05-19T16:28:07+00:00\",\"breadcrumb\":{\"@id\":\"https:\/\/vosgesinfo.fr\/gerardmerinfo\/2025\/05\/gerardmer-accueille-le-directeur-de-fairafric-pionnier-du-chocolat-equitable-au-ghana\/#breadcrumb\"},\"inLanguage\":\"fr-FR\",\"potentialAction\":[{\"@type\":\"ReadAction\",\"target\":[\"https:\/\/vosgesinfo.fr\/gerardmerinfo\/2025\/05\/gerardmer-accueille-le-directeur-de-fairafric-pionnier-du-chocolat-equitable-au-ghana\/\"]}]},{\"@type\":\"ImageObject\",\"inLanguage\":\"fr-FR\",\"@id\":\"https:\/\/vosgesinfo.fr\/gerardmerinfo\/2025\/05\/gerardmer-accueille-le-directeur-de-fairafric-pionnier-du-chocolat-equitable-au-ghana\/#primaryimage\",\"url\":\"https:\/\/vosgesinfo.fr\/app\/uploads\/sites\/6\/2025\/05\/artisans-du-monde-gerardmer-accueille-fairafric-michael-7.jpg\",\"contentUrl\":\"https:\/\/vosgesinfo.fr\/app\/uploads\/sites\/6\/2025\/05\/artisans-du-monde-gerardmer-accueille-fairafric-michael-7.jpg\",\"width\":2304,\"height\":1728},{\"@type\":\"BreadcrumbList\",\"@id\":\"https:\/\/vosgesinfo.fr\/gerardmerinfo\/2025\/05\/gerardmer-accueille-le-directeur-de-fairafric-pionnier-du-chocolat-equitable-au-ghana\/#breadcrumb\",\"itemListElement\":[{\"@type\":\"ListItem\",\"position\":1,\"name\":\"Home\",\"item\":\"https:\/\/vosgesinfo.fr\/gerardmerinfo\/\"},{\"@type\":\"ListItem\",\"position\":2,\"name\":\"G\u00e9rardmer accueille le directeur de Fairafric, pionnier du chocolat \u00e9quitable au Ghana\"}]},{\"@type\":\"WebSite\",\"@id\":\"https:\/\/vosgesinfo.fr\/gerardmerinfo\/#website\",\"url\":\"https:\/\/vosgesinfo.fr\/gerardmerinfo\/\",\"name\":\"Gerardmer Info\",\"description\":\"Toute l&#039;actualit\u00e9 de G\u00e9rardmer\",\"publisher\":{\"@id\":\"https:\/\/vosgesinfo.fr\/gerardmerinfo\/#organization\"},\"alternateName\":\"Toute l'actualit\u00e9 de G\u00e9rardmer\",\"potentialAction\":[{\"@type\":\"SearchAction\",\"target\":{\"@type\":\"EntryPoint\",\"urlTemplate\":\"https:\/\/vosgesinfo.fr\/gerardmerinfo\/?s={search_term_string}\"},\"query-input\":\"required name=search_term_string\"}],\"inLanguage\":\"fr-FR\"},{\"@type\":\"Organization\",\"@id\":\"https:\/\/vosgesinfo.fr\/gerardmerinfo\/#organization\",\"name\":\"Gerardmer Info\",\"url\":\"https:\/\/vosgesinfo.fr\/gerardmerinfo\/\",\"logo\":{\"@type\":\"ImageObject\",\"inLanguage\":\"fr-FR\",\"@id\":\"https:\/\/vosgesinfo.fr\/gerardmerinfo\/#\/schema\/logo\/image\/\",\"url\":\"https:\/\/vosgesinfo.fr\/app\/uploads\/sites\/6\/2023\/08\/favicon-gerardmerinfo.png\",\"contentUrl\":\"https:\/\/vosgesinfo.fr\/app\/uploads\/sites\/6\/2023\/08\/favicon-gerardmerinfo.png\",\"width\":512,\"height\":512,\"caption\":\"Gerardmer Info\"},\"image\":{\"@id\":\"https:\/\/vosgesinfo.fr\/gerardmerinfo\/#\/schema\/logo\/image\/\"},\"sameAs\":[\"https:\/\/www.facebook.com\/profile.php?id=100049475262660\",\"https:\/\/x.com\/VosgesInfo88\",\"https:\/\/www.youtube.com\/@vosgesinfo\"]},{\"@type\":\"Person\",\"@id\":\"https:\/\/vosgesinfo.fr\/gerardmerinfo\/#\/schema\/person\/db5605779a843dad16b5368f3e7613a5\",\"name\":\"QG\",\"image\":{\"@type\":\"ImageObject\",\"inLanguage\":\"fr-FR\",\"@id\":\"https:\/\/vosgesinfo.fr\/gerardmerinfo\/#\/schema\/person\/image\/\",\"url\":\"https:\/\/secure.gravatar.com\/avatar\/ea80c42c204b534408512832fde52504ecabb9706bcb6151cf6175e5b64e6793?s=96&d=mm&r=g\",\"contentUrl\":\"https:\/\/secure.gravatar.com\/avatar\/ea80c42c204b534408512832fde52504ecabb9706bcb6151cf6175e5b64e6793?s=96&d=mm&r=g\",\"caption\":\"QG\"},\"url\":\"https:\/\/vosgesinfo.fr\/gerardmerinfo\/author\/quentin88\/\"}]}<\/script>\n<!-- \/ Yoast SEO plugin. -->","yoast_head_json":{"title":"G\u00e9rardmer accueille le directeur de Fairafric, pionnier du chocolat \u00e9quitable au Ghana - Gerardmer Info","robots":{"index":"index","follow":"follow","max-snippet":"max-snippet:-1","max-image-preview":"max-image-preview:large","max-video-preview":"max-video-preview:-1"},"canonical":"https:\/\/vosgesinfo.fr\/gerardmerinfo\/2025\/05\/gerardmer-accueille-le-directeur-de-fairafric-pionnier-du-chocolat-equitable-au-ghana\/","twitter_card":"summary_large_image","twitter_title":"G\u00e9rardmer accueille le directeur de Fairafric, pionnier du chocolat \u00e9quitable au Ghana - Gerardmer Info","twitter_description":"\u00c0 l\u2019occasion de la Quinzaine du Commerce \u00c9quitable qui se d\u00e9roule du 10 au 25 mai 2025, l\u2019antenne locale d&rsquo;Artisans [&hellip;]","twitter_image":"https:\/\/vosgesinfo.fr\/app\/uploads\/sites\/6\/2025\/05\/artisans-du-monde-gerardmer-accueille-fairafric-michael-7.jpg","twitter_creator":"@VosgesInfo88","twitter_site":"@VosgesInfo88","twitter_misc":{"\u00c9crit par":"QG","Dur\u00e9e de lecture estim\u00e9e":"4 minutes"},"schema":{"@context":"https:\/\/schema.org","@graph":[{"@type":"Article","@id":"https:\/\/vosgesinfo.fr\/gerardmerinfo\/2025\/05\/gerardmer-accueille-le-directeur-de-fairafric-pionnier-du-chocolat-equitable-au-ghana\/#article","isPartOf":{"@id":"https:\/\/vosgesinfo.fr\/gerardmerinfo\/2025\/05\/gerardmer-accueille-le-directeur-de-fairafric-pionnier-du-chocolat-equitable-au-ghana\/"},"author":{"name":"QG","@id":"https:\/\/vosgesinfo.fr\/gerardmerinfo\/#\/schema\/person\/db5605779a843dad16b5368f3e7613a5"},"headline":"G\u00e9rardmer accueille le directeur de Fairafric, pionnier du chocolat \u00e9quitable au Ghana","datePublished":"2025-05-20T04:00:12+00:00","dateModified":"2025-05-19T16:28:07+00:00","mainEntityOfPage":{"@id":"https:\/\/vosgesinfo.fr\/gerardmerinfo\/2025\/05\/gerardmer-accueille-le-directeur-de-fairafric-pionnier-du-chocolat-equitable-au-ghana\/"},"wordCount":656,"commentCount":0,"publisher":{"@id":"https:\/\/vosgesinfo.fr\/gerardmerinfo\/#organization"},"image":{"@id":"https:\/\/vosgesinfo.fr\/gerardmerinfo\/2025\/05\/gerardmer-accueille-le-directeur-de-fairafric-pionnier-du-chocolat-equitable-au-ghana\/#primaryimage"},"thumbnailUrl":"https:\/\/vosgesinfo.fr\/app\/uploads\/sites\/6\/2025\/05\/artisans-du-monde-gerardmer-accueille-fairafric-michael-7.jpg","keywords":["artisans du monde","Fairafric"],"articleSection":["A la une","\u00c9conomie","\u00c9ducation","Gerardmer"],"inLanguage":"fr-FR","potentialAction":[{"@type":"CommentAction","name":"Comment","target":["https:\/\/vosgesinfo.fr\/gerardmerinfo\/2025\/05\/gerardmer-accueille-le-directeur-de-fairafric-pionnier-du-chocolat-equitable-au-ghana\/#respond"]}]},{"@type":"WebPage","@id":"https:\/\/vosgesinfo.fr\/gerardmerinfo\/2025\/05\/gerardmer-accueille-le-directeur-de-fairafric-pionnier-du-chocolat-equitable-au-ghana\/","url":"https:\/\/vosgesinfo.fr\/gerardmerinfo\/2025\/05\/gerardmer-accueille-le-directeur-de-fairafric-pionnier-du-chocolat-equitable-au-ghana\/","name":"G\u00e9rardmer accueille le directeur de Fairafric, pionnier du chocolat \u00e9quitable au Ghana - Gerardmer Info","isPartOf":{"@id":"https:\/\/vosgesinfo.fr\/gerardmerinfo\/#website"},"primaryImageOfPage":{"@id":"https:\/\/vosgesinfo.fr\/gerardmerinfo\/2025\/05\/gerardmer-accueille-le-directeur-de-fairafric-pionnier-du-chocolat-equitable-au-ghana\/#primaryimage"},"image":{"@id":"https:\/\/vosgesinfo.fr\/gerardmerinfo\/2025\/05\/gerardmer-accueille-le-directeur-de-fairafric-pionnier-du-chocolat-equitable-au-ghana\/#primaryimage"},"thumbnailUrl":"https:\/\/vosgesinfo.fr\/app\/uploads\/sites\/6\/2025\/05\/artisans-du-monde-gerardmer-accueille-fairafric-michael-7.jpg","datePublished":"2025-05-20T04:00:12+00:00","dateModified":"2025-05-19T16:28:07+00:00","breadcrumb":{"@id":"https:\/\/vosgesinfo.fr\/gerardmerinfo\/2025\/05\/gerardmer-accueille-le-directeur-de-fairafric-pionnier-du-chocolat-equitable-au-ghana\/#breadcrumb"},"inLanguage":"fr-FR","potentialAction":[{"@type":"ReadAction","target":["https:\/\/vosgesinfo.fr\/gerardmerinfo\/2025\/05\/gerardmer-accueille-le-directeur-de-fairafric-pionnier-du-chocolat-equitable-au-ghana\/"]}]},{"@type":"ImageObject","inLanguage":"fr-FR","@id":"https:\/\/vosgesinfo.fr\/gerardmerinfo\/2025\/05\/gerardmer-accueille-le-directeur-de-fairafric-pionnier-du-chocolat-equitable-au-ghana\/#primaryimage","url":"https:\/\/vosgesinfo.fr\/app\/uploads\/sites\/6\/2025\/05\/artisans-du-monde-gerardmer-accueille-fairafric-michael-7.jpg","contentUrl":"https:\/\/vosgesinfo.fr\/app\/uploads\/sites\/6\/2025\/05\/artisans-du-monde-gerardmer-accueille-fairafric-michael-7.jpg","width":2304,"height":1728},{"@type":"BreadcrumbList","@id":"https:\/\/vosgesinfo.fr\/gerardmerinfo\/2025\/05\/gerardmer-accueille-le-directeur-de-fairafric-pionnier-du-chocolat-equitable-au-ghana\/#breadcrumb","itemListElement":[{"@type":"ListItem","position":1,"name":"Home","item":"https:\/\/vosgesinfo.fr\/gerardmerinfo\/"},{"@type":"ListItem","position":2,"name":"G\u00e9rardmer accueille le directeur de Fairafric, pionnier du chocolat \u00e9quitable au Ghana"}]},{"@type":"WebSite","@id":"https:\/\/vosgesinfo.fr\/gerardmerinfo\/#website","url":"https:\/\/vosgesinfo.fr\/gerardmerinfo\/","name":"Gerardmer Info","description":"Toute l&#039;actualit\u00e9 de G\u00e9rardmer","publisher":{"@id":"https:\/\/vosgesinfo.fr\/gerardmerinfo\/#organization"},"alternateName":"Toute l'actualit\u00e9 de G\u00e9rardmer","potentialAction":[{"@type":"SearchAction","target":{"@type":"EntryPoint","urlTemplate":"https:\/\/vosgesinfo.fr\/gerardmerinfo\/?s={search_term_string}"},"query-input":"required name=search_term_string"}],"inLanguage":"fr-FR"},{"@type":"Organization","@id":"https:\/\/vosgesinfo.fr\/gerardmerinfo\/#organization","name":"Gerardmer Info","url":"https:\/\/vosgesinfo.fr\/gerardmerinfo\/","logo":{"@type":"ImageObject","inLanguage":"fr-FR","@id":"https:\/\/vosgesinfo.fr\/gerardmerinfo\/#\/schema\/logo\/image\/","url":"https:\/\/vosgesinfo.fr\/app\/uploads\/sites\/6\/2023\/08\/favicon-gerardmerinfo.png","contentUrl":"https:\/\/vosgesinfo.fr\/app\/uploads\/sites\/6\/2023\/08\/favicon-gerardmerinfo.png","width":512,"height":512,"caption":"Gerardmer Info"},"image":{"@id":"https:\/\/vosgesinfo.fr\/gerardmerinfo\/#\/schema\/logo\/image\/"},"sameAs":["https:\/\/www.facebook.com\/profile.php?id=100049475262660","https:\/\/x.com\/VosgesInfo88","https:\/\/www.youtube.com\/@vosgesinfo"]},{"@type":"Person","@id":"https:\/\/vosgesinfo.fr\/gerardmerinfo\/#\/schema\/person\/db5605779a843dad16b5368f3e7613a5","name":"QG","image":{"@type":"ImageObject","inLanguage":"fr-FR","@id":"https:\/\/vosgesinfo.fr\/gerardmerinfo\/#\/schema\/person\/image\/","url":"https:\/\/secure.gravatar.com\/avatar\/ea80c42c204b534408512832fde52504ecabb9706bcb6151cf6175e5b64e6793?s=96&d=mm&r=g","contentUrl":"https:\/\/secure.gravatar.com\/avatar\/ea80c42c204b534408512832fde52504ecabb9706bcb6151cf6175e5b64e6793?s=96&d=mm&r=g","caption":"QG"},"url":"https:\/\/vosgesinfo.fr\/gerardmerinfo\/author\/quentin88\/"}]}},"_links":{"self":[{"href":"https:\/\/vosgesinfo.fr\/gerardmerinfo\/wp-json\/wp\/v2\/posts\/78209","targetHints":{"allow":["GET"]}}],"collection":[{"href":"https:\/\/vosgesinfo.fr\/gerardmerinfo\/wp-json\/wp\/v2\/posts"}],"about":[{"href":"https:\/\/vosgesinfo.fr\/gerardmerinfo\/wp-json\/wp\/v2\/types\/post"}],"author":[{"embeddable":true,"href":"https:\/\/vosgesinfo.fr\/gerardmerinfo\/wp-json\/wp\/v2\/users\/42"}],"replies":[{"embeddable":true,"href":"https:\/\/vosgesinfo.fr\/gerardmerinfo\/wp-json\/wp\/v2\/comments?post=78209"}],"version-history":[{"count":4,"href":"https:\/\/vosgesinfo.fr\/gerardmerinfo\/wp-json\/wp\/v2\/posts\/78209\/revisions"}],"predecessor-version":[{"id":78227,"href":"https:\/\/vosgesinfo.fr\/gerardmerinfo\/wp-json\/wp\/v2\/posts\/78209\/revisions\/78227"}],"wp:featuredmedia":[{"embeddable":true,"href":"https:\/\/vosgesinfo.fr\/gerardmerinfo\/wp-json\/wp\/v2\/media\/78218"}],"wp:attachment":[{"href":"https:\/\/vosgesinfo.fr\/gerardmerinfo\/wp-json\/wp\/v2\/media?parent=78209"}],"wp:term":[{"taxonomy":"category","embeddable":true,"href":"https:\/\/vosgesinfo.fr\/gerardmerinfo\/wp-json\/wp\/v2\/categories?post=78209"},{"taxonomy":"post_tag","embeddable":true,"href":"https:\/\/vosgesinfo.fr\/gerardmerinfo\/wp-json\/wp\/v2\/tags?post=78209"}],"curies":[{"name":"wp","href":"https:\/\/api.w.org\/{rel}","templated":true}]}}