{"id":78377,"date":"2025-05-25T05:58:03","date_gmt":"2025-05-25T03:58:03","guid":{"rendered":"https:\/\/vosgesinfo.fr\/gerardmerinfo\/?p=78377"},"modified":"2025-05-23T16:40:34","modified_gmt":"2025-05-23T14:40:34","slug":"lart-detre-soi-a-la-recyclerie-de-gerardmer-une-exposition-qui-revele-les-talents-caches","status":"publish","type":"post","link":"https:\/\/vosgesinfo.fr\/gerardmerinfo\/2025\/05\/lart-detre-soi-a-la-recyclerie-de-gerardmer-une-exposition-qui-revele-les-talents-caches\/","title":{"rendered":"L\u2019ART D\u2019\u00caTRE SOI \u00e0 la Recyclerie de G\u00e9rardmer : une exposition qui r\u00e9v\u00e8le les talents cach\u00e9s"},"content":{"rendered":"<p style=\"text-align: center;\"><strong>Communiqu\u00e9<\/strong><\/p>\n<p><span style=\"font-size: 12pt;\">L\u2019association L\u2019Abri a le plaisir d\u2019accueillir du vendredi 6 au samedi 28 juin 2025 \u00e0 la recyclerie de G\u00e9rardmer, l\u2019exposition \u00ab L\u2019Art d\u2019\u00eatre soi \u00bb, un \u00e9v\u00e9nement gratuit, accessible \u00e0<\/span><br \/>\n<span style=\"font-size: 12pt;\">toutes et tous, aux horaires habituels d\u2019ouverture au 17 Chemin des Granges Bas. Un projet collectif qui permet \u00e0 la fois de valoriser des talents personnels et de renforcer les liens humains au sein de l\u2019association, dans un cadre bienveillant et ouvert au public.<\/span><\/p>\n<h3><span style=\"font-size: 12pt;\"><strong>Une exposition sensible et inattendue<\/strong><\/span><\/h3>\n<p>&nbsp;<\/p>\n<p><span style=\"font-size: 12pt;\">Cette exposition collective invite les membres de l\u2019association \u2013 b\u00e9n\u00e9voles, salari\u00e9\u00b7es en transition professionnelle, r\u00e9sidents du Centre d\u2019H\u00e9bergement et salari\u00e9\u00b7es permanent\u00b7es \u2013 \u00e0<\/span><br \/>\n<span style=\"font-size: 12pt;\">d\u00e9voiler leur cr\u00e9ativit\u00e9 \u00e0 travers une oeuvre personnelle.<\/span><br \/>\n<span style=\"font-size: 12pt;\">Loin des fonctions ou statuts habituels, cette initiative met en lumi\u00e8re des savoir-faire artistiques, cr\u00e9atifs ou artisanaux, souvent discrets, parfois insoup\u00e7onn\u00e9s.<\/span><\/p>\n<p>&nbsp;<\/p>\n<h3><span style=\"font-size: 12pt;\"><strong>Une d\u00e9marche collective, inclusive et humaine<\/strong><\/span><\/h3>\n<p><span style=\"font-size: 12pt;\">Loin du cadre ordinaire des ateliers ou du quotidien professionnel, \u00ab L\u2019Art d\u2019\u00eatre soi \u00bb offre \u00e0 chacun\u00b7e l\u2019opportunit\u00e9 de partager une facette de soi, de se raconter autrement.<\/span><br \/>\n<span style=\"font-size: 12pt;\">Peintures, objets d\u00e9tourn\u00e9s, arts textiles, dessins, cake design ou cr\u00e9ations plus intimes : chaque oeuvre exprime un regard, une \u00e9motion, une identit\u00e9 singuli\u00e8re, dans un projet qui rassemble sans hi\u00e9rarchie ni \u00e9tiquette.<\/span><br \/>\n<span style=\"font-size: 12pt;\">Les oeuvres seront dispos\u00e9es dans diff\u00e9rents espaces de la recyclerie, comme int\u00e9gr\u00e9es au milieu des objets du quotidien. Le public sera ainsi invit\u00e9 \u00e0 les d\u00e9couvrir au fil de sa visite, dans une ambiance simple et accessible, fid\u00e8le \u00e0 l\u2019esprit du lieu.<\/span><\/p>\n<p>&nbsp;<\/p>\n<p><span style=\"font-size: 12pt;\"><strong>Une ann\u00e9e de festivit\u00e9s pour les 10 ans de la Recyclerie<\/strong><\/span><\/p>\n<p><span style=\"font-size: 12pt;\">2025 marque les 10 ans de la Recyclerie de G\u00e9rardmer. \u00c0 cette occasion, plusieurs \u00e9v\u00e9nements festifs, solidaires et culturels jalonneront l\u2019ann\u00e9e, avec en point d\u2019orgue un grand march\u00e9 de No\u00ebl en d\u00e9cembre.<\/span><br \/>\n<span style=\"font-size: 12pt;\">L\u2019exposition \u00ab L\u2019Art d\u2019\u00eatre soi \u00bb s\u2019inscrit pleinement dans cette dynamique et illustre la richesse humaine et cr\u00e9ative qui anime la Recyclerie depuis sa cr\u00e9ation.<\/span><\/p>\n<p>&nbsp;<\/p>\n<p><a href=\"https:\/\/vosgesinfo.fr\/app\/uploads\/sites\/6\/2025\/05\/affiche-expo-lart-detre-soi-gerardmer-page-00011.jpg\"><img decoding=\"async\" class=\"aligncenter size-full wp-image-78378\" src=\"https:\/\/vosgesinfo.fr\/app\/uploads\/sites\/6\/2025\/05\/affiche-expo-lart-detre-soi-gerardmer-page-00011.jpg\" alt=\"\" width=\"1755\" height=\"2480\" srcset=\"https:\/\/vosgesinfo.fr\/app\/uploads\/sites\/6\/2025\/05\/affiche-expo-lart-detre-soi-gerardmer-page-00011.jpg 1755w, https:\/\/vosgesinfo.fr\/app\/uploads\/sites\/6\/2025\/05\/affiche-expo-lart-detre-soi-gerardmer-page-00011-212x300.jpg 212w, https:\/\/vosgesinfo.fr\/app\/uploads\/sites\/6\/2025\/05\/affiche-expo-lart-detre-soi-gerardmer-page-00011-725x1024.jpg 725w, https:\/\/vosgesinfo.fr\/app\/uploads\/sites\/6\/2025\/05\/affiche-expo-lart-detre-soi-gerardmer-page-00011-768x1085.jpg 768w, https:\/\/vosgesinfo.fr\/app\/uploads\/sites\/6\/2025\/05\/affiche-expo-lart-detre-soi-gerardmer-page-00011-1087x1536.jpg 1087w, https:\/\/vosgesinfo.fr\/app\/uploads\/sites\/6\/2025\/05\/affiche-expo-lart-detre-soi-gerardmer-page-00011-1449x2048.jpg 1449w\" sizes=\"(max-width: 1755px) 100vw, 1755px\" \/><\/a><\/p>\n","protected":false},"excerpt":{"rendered":"<p>Communiqu\u00e9 L\u2019association L\u2019Abri a le plaisir d\u2019accueillir du vendredi 6 au samedi 28 juin 2025 \u00e0 la recyclerie de G\u00e9rardmer, [&hellip;]<\/p>\n","protected":false},"author":391,"featured_media":78378,"comment_status":"open","ping_status":"open","sticky":false,"template":"","format":"standard","meta":{"footnotes":""},"categories":[20,4,5647,17],"tags":[4126],"class_list":["post-78377","post","type-post","status-publish","format-standard","has-post-thumbnail","hentry","category-a-la-une","category-culture","category-gerardmer-autres-sites","category-vie-associative","tag-labri"],"acf":[],"yoast_head":"<!-- This site is optimized with the Yoast SEO plugin v22.5 - https:\/\/yoast.com\/wordpress\/plugins\/seo\/ -->\n<title>L\u2019ART D\u2019\u00caTRE SOI \u00e0 la Recyclerie de G\u00e9rardmer : une exposition qui r\u00e9v\u00e8le les talents cach\u00e9s - Gerardmer Info<\/title>\n<meta name=\"robots\" content=\"index, follow, max-snippet:-1, max-image-preview:large, max-video-preview:-1\" \/>\n<link rel=\"canonical\" href=\"https:\/\/vosgesinfo.fr\/gerardmerinfo\/2025\/05\/lart-detre-soi-a-la-recyclerie-de-gerardmer-une-exposition-qui-revele-les-talents-caches\/\" \/>\n<meta name=\"twitter:card\" content=\"summary_large_image\" \/>\n<meta name=\"twitter:title\" content=\"L\u2019ART D\u2019\u00caTRE SOI \u00e0 la Recyclerie de G\u00e9rardmer : une exposition qui r\u00e9v\u00e8le les talents cach\u00e9s - Gerardmer Info\" \/>\n<meta name=\"twitter:description\" content=\"Communiqu\u00e9 L\u2019association L\u2019Abri a le plaisir d\u2019accueillir du vendredi 6 au samedi 28 juin 2025 \u00e0 la recyclerie de G\u00e9rardmer, [&hellip;]\" \/>\n<meta name=\"twitter:image\" content=\"https:\/\/vosgesinfo.fr\/app\/uploads\/sites\/6\/2025\/05\/affiche-expo-lart-detre-soi-gerardmer-page-00011.jpg\" \/>\n<meta name=\"twitter:creator\" content=\"@VosgesInfo88\" \/>\n<meta name=\"twitter:site\" content=\"@VosgesInfo88\" \/>\n<meta name=\"twitter:label1\" content=\"\u00c9crit par\" \/>\n\t<meta name=\"twitter:data1\" content=\"La redaction\" \/>\n\t<meta name=\"twitter:label2\" content=\"Dur\u00e9e de lecture estim\u00e9e\" \/>\n\t<meta name=\"twitter:data2\" content=\"2 minutes\" \/>\n<script type=\"application\/ld+json\" class=\"yoast-schema-graph\">{\"@context\":\"https:\/\/schema.org\",\"@graph\":[{\"@type\":\"Article\",\"@id\":\"https:\/\/vosgesinfo.fr\/gerardmerinfo\/2025\/05\/lart-detre-soi-a-la-recyclerie-de-gerardmer-une-exposition-qui-revele-les-talents-caches\/#article\",\"isPartOf\":{\"@id\":\"https:\/\/vosgesinfo.fr\/gerardmerinfo\/2025\/05\/lart-detre-soi-a-la-recyclerie-de-gerardmer-une-exposition-qui-revele-les-talents-caches\/\"},\"author\":{\"name\":\"La redaction\",\"@id\":\"https:\/\/vosgesinfo.fr\/gerardmerinfo\/#\/schema\/person\/27a3695b06db98895b354c0765cdfc31\"},\"headline\":\"L\u2019ART D\u2019\u00caTRE SOI \u00e0 la Recyclerie de G\u00e9rardmer : une exposition qui r\u00e9v\u00e8le les talents cach\u00e9s\",\"datePublished\":\"2025-05-25T03:58:03+00:00\",\"dateModified\":\"2025-05-23T14:40:34+00:00\",\"mainEntityOfPage\":{\"@id\":\"https:\/\/vosgesinfo.fr\/gerardmerinfo\/2025\/05\/lart-detre-soi-a-la-recyclerie-de-gerardmer-une-exposition-qui-revele-les-talents-caches\/\"},\"wordCount\":365,\"commentCount\":0,\"publisher\":{\"@id\":\"https:\/\/vosgesinfo.fr\/gerardmerinfo\/#organization\"},\"image\":{\"@id\":\"https:\/\/vosgesinfo.fr\/gerardmerinfo\/2025\/05\/lart-detre-soi-a-la-recyclerie-de-gerardmer-une-exposition-qui-revele-les-talents-caches\/#primaryimage\"},\"thumbnailUrl\":\"https:\/\/vosgesinfo.fr\/app\/uploads\/sites\/6\/2025\/05\/affiche-expo-lart-detre-soi-gerardmer-page-00011.jpg\",\"keywords\":[\"l'abri\"],\"articleSection\":[\"A la une\",\"Culture\",\"Gerardmer\",\"Vie Associative\"],\"inLanguage\":\"fr-FR\",\"potentialAction\":[{\"@type\":\"CommentAction\",\"name\":\"Comment\",\"target\":[\"https:\/\/vosgesinfo.fr\/gerardmerinfo\/2025\/05\/lart-detre-soi-a-la-recyclerie-de-gerardmer-une-exposition-qui-revele-les-talents-caches\/#respond\"]}]},{\"@type\":\"WebPage\",\"@id\":\"https:\/\/vosgesinfo.fr\/gerardmerinfo\/2025\/05\/lart-detre-soi-a-la-recyclerie-de-gerardmer-une-exposition-qui-revele-les-talents-caches\/\",\"url\":\"https:\/\/vosgesinfo.fr\/gerardmerinfo\/2025\/05\/lart-detre-soi-a-la-recyclerie-de-gerardmer-une-exposition-qui-revele-les-talents-caches\/\",\"name\":\"L\u2019ART D\u2019\u00caTRE SOI \u00e0 la Recyclerie de G\u00e9rardmer : une exposition qui r\u00e9v\u00e8le les talents cach\u00e9s - Gerardmer Info\",\"isPartOf\":{\"@id\":\"https:\/\/vosgesinfo.fr\/gerardmerinfo\/#website\"},\"primaryImageOfPage\":{\"@id\":\"https:\/\/vosgesinfo.fr\/gerardmerinfo\/2025\/05\/lart-detre-soi-a-la-recyclerie-de-gerardmer-une-exposition-qui-revele-les-talents-caches\/#primaryimage\"},\"image\":{\"@id\":\"https:\/\/vosgesinfo.fr\/gerardmerinfo\/2025\/05\/lart-detre-soi-a-la-recyclerie-de-gerardmer-une-exposition-qui-revele-les-talents-caches\/#primaryimage\"},\"thumbnailUrl\":\"https:\/\/vosgesinfo.fr\/app\/uploads\/sites\/6\/2025\/05\/affiche-expo-lart-detre-soi-gerardmer-page-00011.jpg\",\"datePublished\":\"2025-05-25T03:58:03+00:00\",\"dateModified\":\"2025-05-23T14:40:34+00:00\",\"breadcrumb\":{\"@id\":\"https:\/\/vosgesinfo.fr\/gerardmerinfo\/2025\/05\/lart-detre-soi-a-la-recyclerie-de-gerardmer-une-exposition-qui-revele-les-talents-caches\/#breadcrumb\"},\"inLanguage\":\"fr-FR\",\"potentialAction\":[{\"@type\":\"ReadAction\",\"target\":[\"https:\/\/vosgesinfo.fr\/gerardmerinfo\/2025\/05\/lart-detre-soi-a-la-recyclerie-de-gerardmer-une-exposition-qui-revele-les-talents-caches\/\"]}]},{\"@type\":\"ImageObject\",\"inLanguage\":\"fr-FR\",\"@id\":\"https:\/\/vosgesinfo.fr\/gerardmerinfo\/2025\/05\/lart-detre-soi-a-la-recyclerie-de-gerardmer-une-exposition-qui-revele-les-talents-caches\/#primaryimage\",\"url\":\"https:\/\/vosgesinfo.fr\/app\/uploads\/sites\/6\/2025\/05\/affiche-expo-lart-detre-soi-gerardmer-page-00011.jpg\",\"contentUrl\":\"https:\/\/vosgesinfo.fr\/app\/uploads\/sites\/6\/2025\/05\/affiche-expo-lart-detre-soi-gerardmer-page-00011.jpg\",\"width\":1755,\"height\":2480},{\"@type\":\"BreadcrumbList\",\"@id\":\"https:\/\/vosgesinfo.fr\/gerardmerinfo\/2025\/05\/lart-detre-soi-a-la-recyclerie-de-gerardmer-une-exposition-qui-revele-les-talents-caches\/#breadcrumb\",\"itemListElement\":[{\"@type\":\"ListItem\",\"position\":1,\"name\":\"Home\",\"item\":\"https:\/\/vosgesinfo.fr\/gerardmerinfo\/\"},{\"@type\":\"ListItem\",\"position\":2,\"name\":\"L\u2019ART D\u2019\u00caTRE SOI \u00e0 la Recyclerie de G\u00e9rardmer : une exposition qui r\u00e9v\u00e8le les talents cach\u00e9s\"}]},{\"@type\":\"WebSite\",\"@id\":\"https:\/\/vosgesinfo.fr\/gerardmerinfo\/#website\",\"url\":\"https:\/\/vosgesinfo.fr\/gerardmerinfo\/\",\"name\":\"Gerardmer Info\",\"description\":\"Toute l&#039;actualit\u00e9 de G\u00e9rardmer\",\"publisher\":{\"@id\":\"https:\/\/vosgesinfo.fr\/gerardmerinfo\/#organization\"},\"alternateName\":\"Toute l'actualit\u00e9 de G\u00e9rardmer\",\"potentialAction\":[{\"@type\":\"SearchAction\",\"target\":{\"@type\":\"EntryPoint\",\"urlTemplate\":\"https:\/\/vosgesinfo.fr\/gerardmerinfo\/?s={search_term_string}\"},\"query-input\":\"required name=search_term_string\"}],\"inLanguage\":\"fr-FR\"},{\"@type\":\"Organization\",\"@id\":\"https:\/\/vosgesinfo.fr\/gerardmerinfo\/#organization\",\"name\":\"Gerardmer Info\",\"url\":\"https:\/\/vosgesinfo.fr\/gerardmerinfo\/\",\"logo\":{\"@type\":\"ImageObject\",\"inLanguage\":\"fr-FR\",\"@id\":\"https:\/\/vosgesinfo.fr\/gerardmerinfo\/#\/schema\/logo\/image\/\",\"url\":\"https:\/\/vosgesinfo.fr\/app\/uploads\/sites\/6\/2023\/08\/favicon-gerardmerinfo.png\",\"contentUrl\":\"https:\/\/vosgesinfo.fr\/app\/uploads\/sites\/6\/2023\/08\/favicon-gerardmerinfo.png\",\"width\":512,\"height\":512,\"caption\":\"Gerardmer Info\"},\"image\":{\"@id\":\"https:\/\/vosgesinfo.fr\/gerardmerinfo\/#\/schema\/logo\/image\/\"},\"sameAs\":[\"https:\/\/www.facebook.com\/profile.php?id=100049475262660\",\"https:\/\/x.com\/VosgesInfo88\",\"https:\/\/www.youtube.com\/@vosgesinfo\"]},{\"@type\":\"Person\",\"@id\":\"https:\/\/vosgesinfo.fr\/gerardmerinfo\/#\/schema\/person\/27a3695b06db98895b354c0765cdfc31\",\"name\":\"La redaction\",\"image\":{\"@type\":\"ImageObject\",\"inLanguage\":\"fr-FR\",\"@id\":\"https:\/\/vosgesinfo.fr\/gerardmerinfo\/#\/schema\/person\/image\/\",\"url\":\"https:\/\/secure.gravatar.com\/avatar\/64c76a78e501cedee55736f43f332df901e1896ae9cd8fad269ae2236dd0e8b6?s=96&d=mm&r=g\",\"contentUrl\":\"https:\/\/secure.gravatar.com\/avatar\/64c76a78e501cedee55736f43f332df901e1896ae9cd8fad269ae2236dd0e8b6?s=96&d=mm&r=g\",\"caption\":\"La redaction\"},\"url\":\"https:\/\/vosgesinfo.fr\/gerardmerinfo\/author\/la-redaction\/\"}]}<\/script>\n<!-- \/ Yoast SEO plugin. -->","yoast_head_json":{"title":"L\u2019ART D\u2019\u00caTRE SOI \u00e0 la Recyclerie de G\u00e9rardmer : une exposition qui r\u00e9v\u00e8le les talents cach\u00e9s - Gerardmer Info","robots":{"index":"index","follow":"follow","max-snippet":"max-snippet:-1","max-image-preview":"max-image-preview:large","max-video-preview":"max-video-preview:-1"},"canonical":"https:\/\/vosgesinfo.fr\/gerardmerinfo\/2025\/05\/lart-detre-soi-a-la-recyclerie-de-gerardmer-une-exposition-qui-revele-les-talents-caches\/","twitter_card":"summary_large_image","twitter_title":"L\u2019ART D\u2019\u00caTRE SOI \u00e0 la Recyclerie de G\u00e9rardmer : une exposition qui r\u00e9v\u00e8le les talents cach\u00e9s - Gerardmer Info","twitter_description":"Communiqu\u00e9 L\u2019association L\u2019Abri a le plaisir d\u2019accueillir du vendredi 6 au samedi 28 juin 2025 \u00e0 la recyclerie de G\u00e9rardmer, [&hellip;]","twitter_image":"https:\/\/vosgesinfo.fr\/app\/uploads\/sites\/6\/2025\/05\/affiche-expo-lart-detre-soi-gerardmer-page-00011.jpg","twitter_creator":"@VosgesInfo88","twitter_site":"@VosgesInfo88","twitter_misc":{"\u00c9crit par":"La redaction","Dur\u00e9e de lecture estim\u00e9e":"2 minutes"},"schema":{"@context":"https:\/\/schema.org","@graph":[{"@type":"Article","@id":"https:\/\/vosgesinfo.fr\/gerardmerinfo\/2025\/05\/lart-detre-soi-a-la-recyclerie-de-gerardmer-une-exposition-qui-revele-les-talents-caches\/#article","isPartOf":{"@id":"https:\/\/vosgesinfo.fr\/gerardmerinfo\/2025\/05\/lart-detre-soi-a-la-recyclerie-de-gerardmer-une-exposition-qui-revele-les-talents-caches\/"},"author":{"name":"La redaction","@id":"https:\/\/vosgesinfo.fr\/gerardmerinfo\/#\/schema\/person\/27a3695b06db98895b354c0765cdfc31"},"headline":"L\u2019ART D\u2019\u00caTRE SOI \u00e0 la Recyclerie de G\u00e9rardmer : une exposition qui r\u00e9v\u00e8le les talents cach\u00e9s","datePublished":"2025-05-25T03:58:03+00:00","dateModified":"2025-05-23T14:40:34+00:00","mainEntityOfPage":{"@id":"https:\/\/vosgesinfo.fr\/gerardmerinfo\/2025\/05\/lart-detre-soi-a-la-recyclerie-de-gerardmer-une-exposition-qui-revele-les-talents-caches\/"},"wordCount":365,"commentCount":0,"publisher":{"@id":"https:\/\/vosgesinfo.fr\/gerardmerinfo\/#organization"},"image":{"@id":"https:\/\/vosgesinfo.fr\/gerardmerinfo\/2025\/05\/lart-detre-soi-a-la-recyclerie-de-gerardmer-une-exposition-qui-revele-les-talents-caches\/#primaryimage"},"thumbnailUrl":"https:\/\/vosgesinfo.fr\/app\/uploads\/sites\/6\/2025\/05\/affiche-expo-lart-detre-soi-gerardmer-page-00011.jpg","keywords":["l'abri"],"articleSection":["A la une","Culture","Gerardmer","Vie Associative"],"inLanguage":"fr-FR","potentialAction":[{"@type":"CommentAction","name":"Comment","target":["https:\/\/vosgesinfo.fr\/gerardmerinfo\/2025\/05\/lart-detre-soi-a-la-recyclerie-de-gerardmer-une-exposition-qui-revele-les-talents-caches\/#respond"]}]},{"@type":"WebPage","@id":"https:\/\/vosgesinfo.fr\/gerardmerinfo\/2025\/05\/lart-detre-soi-a-la-recyclerie-de-gerardmer-une-exposition-qui-revele-les-talents-caches\/","url":"https:\/\/vosgesinfo.fr\/gerardmerinfo\/2025\/05\/lart-detre-soi-a-la-recyclerie-de-gerardmer-une-exposition-qui-revele-les-talents-caches\/","name":"L\u2019ART D\u2019\u00caTRE SOI \u00e0 la Recyclerie de G\u00e9rardmer : une exposition qui r\u00e9v\u00e8le les talents cach\u00e9s - Gerardmer Info","isPartOf":{"@id":"https:\/\/vosgesinfo.fr\/gerardmerinfo\/#website"},"primaryImageOfPage":{"@id":"https:\/\/vosgesinfo.fr\/gerardmerinfo\/2025\/05\/lart-detre-soi-a-la-recyclerie-de-gerardmer-une-exposition-qui-revele-les-talents-caches\/#primaryimage"},"image":{"@id":"https:\/\/vosgesinfo.fr\/gerardmerinfo\/2025\/05\/lart-detre-soi-a-la-recyclerie-de-gerardmer-une-exposition-qui-revele-les-talents-caches\/#primaryimage"},"thumbnailUrl":"https:\/\/vosgesinfo.fr\/app\/uploads\/sites\/6\/2025\/05\/affiche-expo-lart-detre-soi-gerardmer-page-00011.jpg","datePublished":"2025-05-25T03:58:03+00:00","dateModified":"2025-05-23T14:40:34+00:00","breadcrumb":{"@id":"https:\/\/vosgesinfo.fr\/gerardmerinfo\/2025\/05\/lart-detre-soi-a-la-recyclerie-de-gerardmer-une-exposition-qui-revele-les-talents-caches\/#breadcrumb"},"inLanguage":"fr-FR","potentialAction":[{"@type":"ReadAction","target":["https:\/\/vosgesinfo.fr\/gerardmerinfo\/2025\/05\/lart-detre-soi-a-la-recyclerie-de-gerardmer-une-exposition-qui-revele-les-talents-caches\/"]}]},{"@type":"ImageObject","inLanguage":"fr-FR","@id":"https:\/\/vosgesinfo.fr\/gerardmerinfo\/2025\/05\/lart-detre-soi-a-la-recyclerie-de-gerardmer-une-exposition-qui-revele-les-talents-caches\/#primaryimage","url":"https:\/\/vosgesinfo.fr\/app\/uploads\/sites\/6\/2025\/05\/affiche-expo-lart-detre-soi-gerardmer-page-00011.jpg","contentUrl":"https:\/\/vosgesinfo.fr\/app\/uploads\/sites\/6\/2025\/05\/affiche-expo-lart-detre-soi-gerardmer-page-00011.jpg","width":1755,"height":2480},{"@type":"BreadcrumbList","@id":"https:\/\/vosgesinfo.fr\/gerardmerinfo\/2025\/05\/lart-detre-soi-a-la-recyclerie-de-gerardmer-une-exposition-qui-revele-les-talents-caches\/#breadcrumb","itemListElement":[{"@type":"ListItem","position":1,"name":"Home","item":"https:\/\/vosgesinfo.fr\/gerardmerinfo\/"},{"@type":"ListItem","position":2,"name":"L\u2019ART D\u2019\u00caTRE SOI \u00e0 la Recyclerie de G\u00e9rardmer : une exposition qui r\u00e9v\u00e8le les talents cach\u00e9s"}]},{"@type":"WebSite","@id":"https:\/\/vosgesinfo.fr\/gerardmerinfo\/#website","url":"https:\/\/vosgesinfo.fr\/gerardmerinfo\/","name":"Gerardmer Info","description":"Toute l&#039;actualit\u00e9 de G\u00e9rardmer","publisher":{"@id":"https:\/\/vosgesinfo.fr\/gerardmerinfo\/#organization"},"alternateName":"Toute l'actualit\u00e9 de G\u00e9rardmer","potentialAction":[{"@type":"SearchAction","target":{"@type":"EntryPoint","urlTemplate":"https:\/\/vosgesinfo.fr\/gerardmerinfo\/?s={search_term_string}"},"query-input":"required name=search_term_string"}],"inLanguage":"fr-FR"},{"@type":"Organization","@id":"https:\/\/vosgesinfo.fr\/gerardmerinfo\/#organization","name":"Gerardmer Info","url":"https:\/\/vosgesinfo.fr\/gerardmerinfo\/","logo":{"@type":"ImageObject","inLanguage":"fr-FR","@id":"https:\/\/vosgesinfo.fr\/gerardmerinfo\/#\/schema\/logo\/image\/","url":"https:\/\/vosgesinfo.fr\/app\/uploads\/sites\/6\/2023\/08\/favicon-gerardmerinfo.png","contentUrl":"https:\/\/vosgesinfo.fr\/app\/uploads\/sites\/6\/2023\/08\/favicon-gerardmerinfo.png","width":512,"height":512,"caption":"Gerardmer Info"},"image":{"@id":"https:\/\/vosgesinfo.fr\/gerardmerinfo\/#\/schema\/logo\/image\/"},"sameAs":["https:\/\/www.facebook.com\/profile.php?id=100049475262660","https:\/\/x.com\/VosgesInfo88","https:\/\/www.youtube.com\/@vosgesinfo"]},{"@type":"Person","@id":"https:\/\/vosgesinfo.fr\/gerardmerinfo\/#\/schema\/person\/27a3695b06db98895b354c0765cdfc31","name":"La redaction","image":{"@type":"ImageObject","inLanguage":"fr-FR","@id":"https:\/\/vosgesinfo.fr\/gerardmerinfo\/#\/schema\/person\/image\/","url":"https:\/\/secure.gravatar.com\/avatar\/64c76a78e501cedee55736f43f332df901e1896ae9cd8fad269ae2236dd0e8b6?s=96&d=mm&r=g","contentUrl":"https:\/\/secure.gravatar.com\/avatar\/64c76a78e501cedee55736f43f332df901e1896ae9cd8fad269ae2236dd0e8b6?s=96&d=mm&r=g","caption":"La redaction"},"url":"https:\/\/vosgesinfo.fr\/gerardmerinfo\/author\/la-redaction\/"}]}},"_links":{"self":[{"href":"https:\/\/vosgesinfo.fr\/gerardmerinfo\/wp-json\/wp\/v2\/posts\/78377","targetHints":{"allow":["GET"]}}],"collection":[{"href":"https:\/\/vosgesinfo.fr\/gerardmerinfo\/wp-json\/wp\/v2\/posts"}],"about":[{"href":"https:\/\/vosgesinfo.fr\/gerardmerinfo\/wp-json\/wp\/v2\/types\/post"}],"author":[{"embeddable":true,"href":"https:\/\/vosgesinfo.fr\/gerardmerinfo\/wp-json\/wp\/v2\/users\/391"}],"replies":[{"embeddable":true,"href":"https:\/\/vosgesinfo.fr\/gerardmerinfo\/wp-json\/wp\/v2\/comments?post=78377"}],"version-history":[{"count":1,"href":"https:\/\/vosgesinfo.fr\/gerardmerinfo\/wp-json\/wp\/v2\/posts\/78377\/revisions"}],"predecessor-version":[{"id":78379,"href":"https:\/\/vosgesinfo.fr\/gerardmerinfo\/wp-json\/wp\/v2\/posts\/78377\/revisions\/78379"}],"wp:featuredmedia":[{"embeddable":true,"href":"https:\/\/vosgesinfo.fr\/gerardmerinfo\/wp-json\/wp\/v2\/media\/78378"}],"wp:attachment":[{"href":"https:\/\/vosgesinfo.fr\/gerardmerinfo\/wp-json\/wp\/v2\/media?parent=78377"}],"wp:term":[{"taxonomy":"category","embeddable":true,"href":"https:\/\/vosgesinfo.fr\/gerardmerinfo\/wp-json\/wp\/v2\/categories?post=78377"},{"taxonomy":"post_tag","embeddable":true,"href":"https:\/\/vosgesinfo.fr\/gerardmerinfo\/wp-json\/wp\/v2\/tags?post=78377"}],"curies":[{"name":"wp","href":"https:\/\/api.w.org\/{rel}","templated":true}]}}