{"id":78383,"date":"2025-05-26T05:58:54","date_gmt":"2025-05-26T03:58:54","guid":{"rendered":"https:\/\/vosgesinfo.fr\/gerardmerinfo\/?p=78383"},"modified":"2025-05-23T17:06:00","modified_gmt":"2025-05-23T15:06:00","slug":"nouvel-activite-a-la-mcl-repair-cafe","status":"publish","type":"post","link":"https:\/\/vosgesinfo.fr\/gerardmerinfo\/2025\/05\/nouvel-activite-a-la-mcl-repair-cafe\/","title":{"rendered":"Nouvel activit\u00e9 \u00e0 la MCL &#8211; Repair caf\u00e9"},"content":{"rendered":"<p><a href=\"https:\/\/vosgesinfo.fr\/app\/uploads\/sites\/6\/2025\/05\/dreamstime-xxl-18557807511.jpg\"><img decoding=\"async\" class=\"aligncenter size-medium wp-image-78384\" src=\"https:\/\/vosgesinfo.fr\/app\/uploads\/sites\/6\/2025\/05\/dreamstime-xxl-18557807511-300x178.jpg\" alt=\"\" width=\"300\" height=\"178\" srcset=\"https:\/\/vosgesinfo.fr\/app\/uploads\/sites\/6\/2025\/05\/dreamstime-xxl-18557807511-300x178.jpg 300w, https:\/\/vosgesinfo.fr\/app\/uploads\/sites\/6\/2025\/05\/dreamstime-xxl-18557807511-1024x606.jpg 1024w, https:\/\/vosgesinfo.fr\/app\/uploads\/sites\/6\/2025\/05\/dreamstime-xxl-18557807511-768x454.jpg 768w, https:\/\/vosgesinfo.fr\/app\/uploads\/sites\/6\/2025\/05\/dreamstime-xxl-18557807511-1536x909.jpg 1536w, https:\/\/vosgesinfo.fr\/app\/uploads\/sites\/6\/2025\/05\/dreamstime-xxl-18557807511-2048x1212.jpg 2048w\" sizes=\"(max-width: 300px) 100vw, 300px\" \/><\/a><\/p>\n<h3 class=\"x_gmail-p1\" style=\"text-align: center;\"><b data-olk-copy-source=\"MessageBody\">NOUVEAU : REPAIR CAF\u00c9 \u00c0 LA MCL<\/b><\/h3>\n<p class=\"x_gmail-p1\" style=\"text-align: center;\"><b>Mardi 3 juin de 17h00 \u00e0 20h00<span class=\"x_gmail-Apple-converted-space\">\u00a0 <\/span><\/b><b>au foyer bar de la MCL\u00a0<\/b><\/p>\n<p class=\"x_gmail-p1\" style=\"text-align: center;\"><b>Inscription obligatoire \u00e0 l\u2019accueil au<\/b><\/p>\n<p class=\"x_gmail-p1\" style=\"text-align: center;\"><b>03 29 63 11 96\/<a id=\"LPlnk954082\" title=\"mailto:contact@mclgerardmer.fr\" href=\"mailto:contact@mclgerardmer.fr\" data-linkindex=\"0\">contact@mclgerardmer.fr<\/a><\/b><\/p>\n<p>&nbsp;<\/p>\n<p class=\"x_gmail-p1\"><b>C\u2019EST QUOI UN REPAIR CAF\u00c9 ?<\/b><\/p>\n<p class=\"x_gmail-p2\">R\u00e9parer ensemble, c\u2019est l\u2019id\u00e9e des Repair Caf\u00e9s dont l\u2019entr\u00e9e est ouverte \u00e0 tous. Outils et mat\u00e9riel sont disponibles \u00e0 l\u2019endroit o\u00f9 est organis\u00e9 le Repair Caf\u00e9, pour faire toutes les r\u00e9parations possibles et imaginables. <span class=\"x_gmail-s1\"><b>V\u00eatements, meubles, appareils \u00e9lectriques, bicyclettes, vaisselle, objets utiles, jouets, et autres&#8230;<\/b><\/span> D\u2019autre part sont pr\u00e9sents dans le Repair Caf\u00e9 <span class=\"x_gmail-s1\"><b>des experts b\u00e9n\u00e9voles<\/b><\/span>, qui ont une connaissance et une comp\u00e9tence de la r\u00e9paration dans toutes sortes de domaines. On y apporte des objets en mauvais \u00e9tat qu\u2019on a chez soi et on se met \u00e0 l\u2019ouvrage avec les gens du m\u00e9tier.<\/p>\n<p class=\"x_gmail-p1\"><b>TRANSMISSIONS DE SAVOIR, D\u2019ECHANGE<span class=\"x_gmail-Apple-converted-space\">\u00a0<\/span><\/b><\/p>\n<p class=\"x_gmail-p2\">Il y a toujours quelque chose \u00e0 apprendre au Repair Caf\u00e9. Ceux qui n\u2019ont rien \u00e0 r\u00e9parer prennent un caf\u00e9 ou un th\u00e9, ou aident \u00e0 r\u00e9parer un objet appartenant \u00e0 un autre. On peut aussi toujours y trouver des id\u00e9es \u00e0 la table de lecture qui propose des ouvrages sur la r\u00e9paration et le bricolage. Il y a des centaines de Repair Caf\u00e9s partout en Belgique, en France et en Suisse. Vous pouvez visiter un Repair Caf\u00e9 pr\u00e8s de chez vous, ou pourquoi pas, en organiser un vous-m\u00eame! Lisez aussi les r\u00e8gles internes du Repair Caf\u00e9..<\/p>\n","protected":false},"excerpt":{"rendered":"<p>NOUVEAU : REPAIR CAF\u00c9 \u00c0 LA MCL Mardi 3 juin de 17h00 \u00e0 20h00\u00a0 au foyer bar de la MCL\u00a0 [&hellip;]<\/p>\n","protected":false},"author":391,"featured_media":78384,"comment_status":"open","ping_status":"open","sticky":false,"template":"","format":"standard","meta":{"footnotes":""},"categories":[20,5647,17],"tags":[5086],"class_list":["post-78383","post","type-post","status-publish","format-standard","has-post-thumbnail","hentry","category-a-la-une","category-gerardmer-autres-sites","category-vie-associative","tag-repair-cafe"],"acf":[],"yoast_head":"<!-- This site is optimized with the Yoast SEO plugin v22.5 - https:\/\/yoast.com\/wordpress\/plugins\/seo\/ -->\n<title>Nouvel activit\u00e9 \u00e0 la MCL - Repair caf\u00e9 - Gerardmer Info<\/title>\n<meta name=\"robots\" content=\"index, follow, max-snippet:-1, max-image-preview:large, max-video-preview:-1\" \/>\n<link rel=\"canonical\" href=\"https:\/\/vosgesinfo.fr\/gerardmerinfo\/2025\/05\/nouvel-activite-a-la-mcl-repair-cafe\/\" \/>\n<meta name=\"twitter:card\" content=\"summary_large_image\" \/>\n<meta name=\"twitter:title\" content=\"Nouvel activit\u00e9 \u00e0 la MCL - Repair caf\u00e9 - Gerardmer Info\" \/>\n<meta name=\"twitter:description\" content=\"NOUVEAU : REPAIR CAF\u00c9 \u00c0 LA MCL Mardi 3 juin de 17h00 \u00e0 20h00\u00a0 au foyer bar de la MCL\u00a0 [&hellip;]\" \/>\n<meta name=\"twitter:image\" content=\"https:\/\/vosgesinfo.fr\/app\/uploads\/sites\/6\/2025\/05\/dreamstime-xxl-18557807511.jpg\" \/>\n<meta name=\"twitter:creator\" content=\"@VosgesInfo88\" \/>\n<meta name=\"twitter:site\" content=\"@VosgesInfo88\" \/>\n<meta name=\"twitter:label1\" content=\"\u00c9crit par\" \/>\n\t<meta name=\"twitter:data1\" content=\"La redaction\" \/>\n\t<meta name=\"twitter:label2\" content=\"Dur\u00e9e de lecture estim\u00e9e\" \/>\n\t<meta name=\"twitter:data2\" content=\"1 minute\" \/>\n<script type=\"application\/ld+json\" class=\"yoast-schema-graph\">{\"@context\":\"https:\/\/schema.org\",\"@graph\":[{\"@type\":\"Article\",\"@id\":\"https:\/\/vosgesinfo.fr\/gerardmerinfo\/2025\/05\/nouvel-activite-a-la-mcl-repair-cafe\/#article\",\"isPartOf\":{\"@id\":\"https:\/\/vosgesinfo.fr\/gerardmerinfo\/2025\/05\/nouvel-activite-a-la-mcl-repair-cafe\/\"},\"author\":{\"name\":\"La redaction\",\"@id\":\"https:\/\/vosgesinfo.fr\/gerardmerinfo\/#\/schema\/person\/27a3695b06db98895b354c0765cdfc31\"},\"headline\":\"Nouvel activit\u00e9 \u00e0 la MCL &#8211; Repair caf\u00e9\",\"datePublished\":\"2025-05-26T03:58:54+00:00\",\"dateModified\":\"2025-05-23T15:06:00+00:00\",\"mainEntityOfPage\":{\"@id\":\"https:\/\/vosgesinfo.fr\/gerardmerinfo\/2025\/05\/nouvel-activite-a-la-mcl-repair-cafe\/\"},\"wordCount\":255,\"commentCount\":0,\"publisher\":{\"@id\":\"https:\/\/vosgesinfo.fr\/gerardmerinfo\/#organization\"},\"image\":{\"@id\":\"https:\/\/vosgesinfo.fr\/gerardmerinfo\/2025\/05\/nouvel-activite-a-la-mcl-repair-cafe\/#primaryimage\"},\"thumbnailUrl\":\"https:\/\/vosgesinfo.fr\/app\/uploads\/sites\/6\/2025\/05\/dreamstime-xxl-18557807511.jpg\",\"keywords\":[\"Repair Caf\u00e9\"],\"articleSection\":[\"A la une\",\"Gerardmer\",\"Vie Associative\"],\"inLanguage\":\"fr-FR\",\"potentialAction\":[{\"@type\":\"CommentAction\",\"name\":\"Comment\",\"target\":[\"https:\/\/vosgesinfo.fr\/gerardmerinfo\/2025\/05\/nouvel-activite-a-la-mcl-repair-cafe\/#respond\"]}]},{\"@type\":\"WebPage\",\"@id\":\"https:\/\/vosgesinfo.fr\/gerardmerinfo\/2025\/05\/nouvel-activite-a-la-mcl-repair-cafe\/\",\"url\":\"https:\/\/vosgesinfo.fr\/gerardmerinfo\/2025\/05\/nouvel-activite-a-la-mcl-repair-cafe\/\",\"name\":\"Nouvel activit\u00e9 \u00e0 la MCL - Repair caf\u00e9 - Gerardmer Info\",\"isPartOf\":{\"@id\":\"https:\/\/vosgesinfo.fr\/gerardmerinfo\/#website\"},\"primaryImageOfPage\":{\"@id\":\"https:\/\/vosgesinfo.fr\/gerardmerinfo\/2025\/05\/nouvel-activite-a-la-mcl-repair-cafe\/#primaryimage\"},\"image\":{\"@id\":\"https:\/\/vosgesinfo.fr\/gerardmerinfo\/2025\/05\/nouvel-activite-a-la-mcl-repair-cafe\/#primaryimage\"},\"thumbnailUrl\":\"https:\/\/vosgesinfo.fr\/app\/uploads\/sites\/6\/2025\/05\/dreamstime-xxl-18557807511.jpg\",\"datePublished\":\"2025-05-26T03:58:54+00:00\",\"dateModified\":\"2025-05-23T15:06:00+00:00\",\"breadcrumb\":{\"@id\":\"https:\/\/vosgesinfo.fr\/gerardmerinfo\/2025\/05\/nouvel-activite-a-la-mcl-repair-cafe\/#breadcrumb\"},\"inLanguage\":\"fr-FR\",\"potentialAction\":[{\"@type\":\"ReadAction\",\"target\":[\"https:\/\/vosgesinfo.fr\/gerardmerinfo\/2025\/05\/nouvel-activite-a-la-mcl-repair-cafe\/\"]}]},{\"@type\":\"ImageObject\",\"inLanguage\":\"fr-FR\",\"@id\":\"https:\/\/vosgesinfo.fr\/gerardmerinfo\/2025\/05\/nouvel-activite-a-la-mcl-repair-cafe\/#primaryimage\",\"url\":\"https:\/\/vosgesinfo.fr\/app\/uploads\/sites\/6\/2025\/05\/dreamstime-xxl-18557807511.jpg\",\"contentUrl\":\"https:\/\/vosgesinfo.fr\/app\/uploads\/sites\/6\/2025\/05\/dreamstime-xxl-18557807511.jpg\",\"width\":2317,\"height\":1371},{\"@type\":\"BreadcrumbList\",\"@id\":\"https:\/\/vosgesinfo.fr\/gerardmerinfo\/2025\/05\/nouvel-activite-a-la-mcl-repair-cafe\/#breadcrumb\",\"itemListElement\":[{\"@type\":\"ListItem\",\"position\":1,\"name\":\"Home\",\"item\":\"https:\/\/vosgesinfo.fr\/gerardmerinfo\/\"},{\"@type\":\"ListItem\",\"position\":2,\"name\":\"Nouvel activit\u00e9 \u00e0 la MCL &#8211; Repair caf\u00e9\"}]},{\"@type\":\"WebSite\",\"@id\":\"https:\/\/vosgesinfo.fr\/gerardmerinfo\/#website\",\"url\":\"https:\/\/vosgesinfo.fr\/gerardmerinfo\/\",\"name\":\"Gerardmer Info\",\"description\":\"Toute l&#039;actualit\u00e9 de G\u00e9rardmer\",\"publisher\":{\"@id\":\"https:\/\/vosgesinfo.fr\/gerardmerinfo\/#organization\"},\"alternateName\":\"Toute l'actualit\u00e9 de G\u00e9rardmer\",\"potentialAction\":[{\"@type\":\"SearchAction\",\"target\":{\"@type\":\"EntryPoint\",\"urlTemplate\":\"https:\/\/vosgesinfo.fr\/gerardmerinfo\/?s={search_term_string}\"},\"query-input\":\"required name=search_term_string\"}],\"inLanguage\":\"fr-FR\"},{\"@type\":\"Organization\",\"@id\":\"https:\/\/vosgesinfo.fr\/gerardmerinfo\/#organization\",\"name\":\"Gerardmer Info\",\"url\":\"https:\/\/vosgesinfo.fr\/gerardmerinfo\/\",\"logo\":{\"@type\":\"ImageObject\",\"inLanguage\":\"fr-FR\",\"@id\":\"https:\/\/vosgesinfo.fr\/gerardmerinfo\/#\/schema\/logo\/image\/\",\"url\":\"https:\/\/vosgesinfo.fr\/app\/uploads\/sites\/6\/2023\/08\/favicon-gerardmerinfo.png\",\"contentUrl\":\"https:\/\/vosgesinfo.fr\/app\/uploads\/sites\/6\/2023\/08\/favicon-gerardmerinfo.png\",\"width\":512,\"height\":512,\"caption\":\"Gerardmer Info\"},\"image\":{\"@id\":\"https:\/\/vosgesinfo.fr\/gerardmerinfo\/#\/schema\/logo\/image\/\"},\"sameAs\":[\"https:\/\/www.facebook.com\/profile.php?id=100049475262660\",\"https:\/\/x.com\/VosgesInfo88\",\"https:\/\/www.youtube.com\/@vosgesinfo\"]},{\"@type\":\"Person\",\"@id\":\"https:\/\/vosgesinfo.fr\/gerardmerinfo\/#\/schema\/person\/27a3695b06db98895b354c0765cdfc31\",\"name\":\"La redaction\",\"image\":{\"@type\":\"ImageObject\",\"inLanguage\":\"fr-FR\",\"@id\":\"https:\/\/vosgesinfo.fr\/gerardmerinfo\/#\/schema\/person\/image\/\",\"url\":\"https:\/\/secure.gravatar.com\/avatar\/64c76a78e501cedee55736f43f332df901e1896ae9cd8fad269ae2236dd0e8b6?s=96&d=mm&r=g\",\"contentUrl\":\"https:\/\/secure.gravatar.com\/avatar\/64c76a78e501cedee55736f43f332df901e1896ae9cd8fad269ae2236dd0e8b6?s=96&d=mm&r=g\",\"caption\":\"La redaction\"},\"url\":\"https:\/\/vosgesinfo.fr\/gerardmerinfo\/author\/la-redaction\/\"}]}<\/script>\n<!-- \/ Yoast SEO plugin. -->","yoast_head_json":{"title":"Nouvel activit\u00e9 \u00e0 la MCL - Repair caf\u00e9 - Gerardmer Info","robots":{"index":"index","follow":"follow","max-snippet":"max-snippet:-1","max-image-preview":"max-image-preview:large","max-video-preview":"max-video-preview:-1"},"canonical":"https:\/\/vosgesinfo.fr\/gerardmerinfo\/2025\/05\/nouvel-activite-a-la-mcl-repair-cafe\/","twitter_card":"summary_large_image","twitter_title":"Nouvel activit\u00e9 \u00e0 la MCL - Repair caf\u00e9 - Gerardmer Info","twitter_description":"NOUVEAU : REPAIR CAF\u00c9 \u00c0 LA MCL Mardi 3 juin de 17h00 \u00e0 20h00\u00a0 au foyer bar de la MCL\u00a0 [&hellip;]","twitter_image":"https:\/\/vosgesinfo.fr\/app\/uploads\/sites\/6\/2025\/05\/dreamstime-xxl-18557807511.jpg","twitter_creator":"@VosgesInfo88","twitter_site":"@VosgesInfo88","twitter_misc":{"\u00c9crit par":"La redaction","Dur\u00e9e de lecture estim\u00e9e":"1 minute"},"schema":{"@context":"https:\/\/schema.org","@graph":[{"@type":"Article","@id":"https:\/\/vosgesinfo.fr\/gerardmerinfo\/2025\/05\/nouvel-activite-a-la-mcl-repair-cafe\/#article","isPartOf":{"@id":"https:\/\/vosgesinfo.fr\/gerardmerinfo\/2025\/05\/nouvel-activite-a-la-mcl-repair-cafe\/"},"author":{"name":"La redaction","@id":"https:\/\/vosgesinfo.fr\/gerardmerinfo\/#\/schema\/person\/27a3695b06db98895b354c0765cdfc31"},"headline":"Nouvel activit\u00e9 \u00e0 la MCL &#8211; Repair caf\u00e9","datePublished":"2025-05-26T03:58:54+00:00","dateModified":"2025-05-23T15:06:00+00:00","mainEntityOfPage":{"@id":"https:\/\/vosgesinfo.fr\/gerardmerinfo\/2025\/05\/nouvel-activite-a-la-mcl-repair-cafe\/"},"wordCount":255,"commentCount":0,"publisher":{"@id":"https:\/\/vosgesinfo.fr\/gerardmerinfo\/#organization"},"image":{"@id":"https:\/\/vosgesinfo.fr\/gerardmerinfo\/2025\/05\/nouvel-activite-a-la-mcl-repair-cafe\/#primaryimage"},"thumbnailUrl":"https:\/\/vosgesinfo.fr\/app\/uploads\/sites\/6\/2025\/05\/dreamstime-xxl-18557807511.jpg","keywords":["Repair Caf\u00e9"],"articleSection":["A la une","Gerardmer","Vie Associative"],"inLanguage":"fr-FR","potentialAction":[{"@type":"CommentAction","name":"Comment","target":["https:\/\/vosgesinfo.fr\/gerardmerinfo\/2025\/05\/nouvel-activite-a-la-mcl-repair-cafe\/#respond"]}]},{"@type":"WebPage","@id":"https:\/\/vosgesinfo.fr\/gerardmerinfo\/2025\/05\/nouvel-activite-a-la-mcl-repair-cafe\/","url":"https:\/\/vosgesinfo.fr\/gerardmerinfo\/2025\/05\/nouvel-activite-a-la-mcl-repair-cafe\/","name":"Nouvel activit\u00e9 \u00e0 la MCL - Repair caf\u00e9 - Gerardmer Info","isPartOf":{"@id":"https:\/\/vosgesinfo.fr\/gerardmerinfo\/#website"},"primaryImageOfPage":{"@id":"https:\/\/vosgesinfo.fr\/gerardmerinfo\/2025\/05\/nouvel-activite-a-la-mcl-repair-cafe\/#primaryimage"},"image":{"@id":"https:\/\/vosgesinfo.fr\/gerardmerinfo\/2025\/05\/nouvel-activite-a-la-mcl-repair-cafe\/#primaryimage"},"thumbnailUrl":"https:\/\/vosgesinfo.fr\/app\/uploads\/sites\/6\/2025\/05\/dreamstime-xxl-18557807511.jpg","datePublished":"2025-05-26T03:58:54+00:00","dateModified":"2025-05-23T15:06:00+00:00","breadcrumb":{"@id":"https:\/\/vosgesinfo.fr\/gerardmerinfo\/2025\/05\/nouvel-activite-a-la-mcl-repair-cafe\/#breadcrumb"},"inLanguage":"fr-FR","potentialAction":[{"@type":"ReadAction","target":["https:\/\/vosgesinfo.fr\/gerardmerinfo\/2025\/05\/nouvel-activite-a-la-mcl-repair-cafe\/"]}]},{"@type":"ImageObject","inLanguage":"fr-FR","@id":"https:\/\/vosgesinfo.fr\/gerardmerinfo\/2025\/05\/nouvel-activite-a-la-mcl-repair-cafe\/#primaryimage","url":"https:\/\/vosgesinfo.fr\/app\/uploads\/sites\/6\/2025\/05\/dreamstime-xxl-18557807511.jpg","contentUrl":"https:\/\/vosgesinfo.fr\/app\/uploads\/sites\/6\/2025\/05\/dreamstime-xxl-18557807511.jpg","width":2317,"height":1371},{"@type":"BreadcrumbList","@id":"https:\/\/vosgesinfo.fr\/gerardmerinfo\/2025\/05\/nouvel-activite-a-la-mcl-repair-cafe\/#breadcrumb","itemListElement":[{"@type":"ListItem","position":1,"name":"Home","item":"https:\/\/vosgesinfo.fr\/gerardmerinfo\/"},{"@type":"ListItem","position":2,"name":"Nouvel activit\u00e9 \u00e0 la MCL &#8211; Repair caf\u00e9"}]},{"@type":"WebSite","@id":"https:\/\/vosgesinfo.fr\/gerardmerinfo\/#website","url":"https:\/\/vosgesinfo.fr\/gerardmerinfo\/","name":"Gerardmer Info","description":"Toute l&#039;actualit\u00e9 de G\u00e9rardmer","publisher":{"@id":"https:\/\/vosgesinfo.fr\/gerardmerinfo\/#organization"},"alternateName":"Toute l'actualit\u00e9 de G\u00e9rardmer","potentialAction":[{"@type":"SearchAction","target":{"@type":"EntryPoint","urlTemplate":"https:\/\/vosgesinfo.fr\/gerardmerinfo\/?s={search_term_string}"},"query-input":"required name=search_term_string"}],"inLanguage":"fr-FR"},{"@type":"Organization","@id":"https:\/\/vosgesinfo.fr\/gerardmerinfo\/#organization","name":"Gerardmer Info","url":"https:\/\/vosgesinfo.fr\/gerardmerinfo\/","logo":{"@type":"ImageObject","inLanguage":"fr-FR","@id":"https:\/\/vosgesinfo.fr\/gerardmerinfo\/#\/schema\/logo\/image\/","url":"https:\/\/vosgesinfo.fr\/app\/uploads\/sites\/6\/2023\/08\/favicon-gerardmerinfo.png","contentUrl":"https:\/\/vosgesinfo.fr\/app\/uploads\/sites\/6\/2023\/08\/favicon-gerardmerinfo.png","width":512,"height":512,"caption":"Gerardmer Info"},"image":{"@id":"https:\/\/vosgesinfo.fr\/gerardmerinfo\/#\/schema\/logo\/image\/"},"sameAs":["https:\/\/www.facebook.com\/profile.php?id=100049475262660","https:\/\/x.com\/VosgesInfo88","https:\/\/www.youtube.com\/@vosgesinfo"]},{"@type":"Person","@id":"https:\/\/vosgesinfo.fr\/gerardmerinfo\/#\/schema\/person\/27a3695b06db98895b354c0765cdfc31","name":"La redaction","image":{"@type":"ImageObject","inLanguage":"fr-FR","@id":"https:\/\/vosgesinfo.fr\/gerardmerinfo\/#\/schema\/person\/image\/","url":"https:\/\/secure.gravatar.com\/avatar\/64c76a78e501cedee55736f43f332df901e1896ae9cd8fad269ae2236dd0e8b6?s=96&d=mm&r=g","contentUrl":"https:\/\/secure.gravatar.com\/avatar\/64c76a78e501cedee55736f43f332df901e1896ae9cd8fad269ae2236dd0e8b6?s=96&d=mm&r=g","caption":"La redaction"},"url":"https:\/\/vosgesinfo.fr\/gerardmerinfo\/author\/la-redaction\/"}]}},"_links":{"self":[{"href":"https:\/\/vosgesinfo.fr\/gerardmerinfo\/wp-json\/wp\/v2\/posts\/78383","targetHints":{"allow":["GET"]}}],"collection":[{"href":"https:\/\/vosgesinfo.fr\/gerardmerinfo\/wp-json\/wp\/v2\/posts"}],"about":[{"href":"https:\/\/vosgesinfo.fr\/gerardmerinfo\/wp-json\/wp\/v2\/types\/post"}],"author":[{"embeddable":true,"href":"https:\/\/vosgesinfo.fr\/gerardmerinfo\/wp-json\/wp\/v2\/users\/391"}],"replies":[{"embeddable":true,"href":"https:\/\/vosgesinfo.fr\/gerardmerinfo\/wp-json\/wp\/v2\/comments?post=78383"}],"version-history":[{"count":1,"href":"https:\/\/vosgesinfo.fr\/gerardmerinfo\/wp-json\/wp\/v2\/posts\/78383\/revisions"}],"predecessor-version":[{"id":78385,"href":"https:\/\/vosgesinfo.fr\/gerardmerinfo\/wp-json\/wp\/v2\/posts\/78383\/revisions\/78385"}],"wp:featuredmedia":[{"embeddable":true,"href":"https:\/\/vosgesinfo.fr\/gerardmerinfo\/wp-json\/wp\/v2\/media\/78384"}],"wp:attachment":[{"href":"https:\/\/vosgesinfo.fr\/gerardmerinfo\/wp-json\/wp\/v2\/media?parent=78383"}],"wp:term":[{"taxonomy":"category","embeddable":true,"href":"https:\/\/vosgesinfo.fr\/gerardmerinfo\/wp-json\/wp\/v2\/categories?post=78383"},{"taxonomy":"post_tag","embeddable":true,"href":"https:\/\/vosgesinfo.fr\/gerardmerinfo\/wp-json\/wp\/v2\/tags?post=78383"}],"curies":[{"name":"wp","href":"https:\/\/api.w.org\/{rel}","templated":true}]}}