{"id":78404,"date":"2025-05-26T05:58:18","date_gmt":"2025-05-26T03:58:18","guid":{"rendered":"https:\/\/vosgesinfo.fr\/gerardmerinfo\/?p=78404"},"modified":"2025-05-25T11:03:26","modified_gmt":"2025-05-25T09:03:26","slug":"clementine-laurent-presente-loeil-du-voyageur","status":"publish","type":"post","link":"https:\/\/vosgesinfo.fr\/gerardmerinfo\/2025\/05\/clementine-laurent-presente-loeil-du-voyageur\/","title":{"rendered":"Cl\u00e9mentine Laurent pr\u00e9sente l\u2019\u0153il du voyageur"},"content":{"rendered":"<blockquote><p><strong><a href=\"https:\/\/vosgesinfo.fr\/app\/uploads\/sites\/6\/2025\/05\/expo-clementine-laurent-mcl-1-scaled.jpeg\"><img decoding=\"async\" class=\"aligncenter size-large wp-image-78407\" src=\"https:\/\/vosgesinfo.fr\/app\/uploads\/sites\/6\/2025\/05\/expo-clementine-laurent-mcl-1-1024x768.jpeg\" alt=\"\" width=\"1024\" height=\"768\" srcset=\"https:\/\/vosgesinfo.fr\/app\/uploads\/sites\/6\/2025\/05\/expo-clementine-laurent-mcl-1-1024x768.jpeg 1024w, https:\/\/vosgesinfo.fr\/app\/uploads\/sites\/6\/2025\/05\/expo-clementine-laurent-mcl-1-300x225.jpeg 300w, https:\/\/vosgesinfo.fr\/app\/uploads\/sites\/6\/2025\/05\/expo-clementine-laurent-mcl-1-768x576.jpeg 768w, https:\/\/vosgesinfo.fr\/app\/uploads\/sites\/6\/2025\/05\/expo-clementine-laurent-mcl-1-1536x1152.jpeg 1536w, https:\/\/vosgesinfo.fr\/app\/uploads\/sites\/6\/2025\/05\/expo-clementine-laurent-mcl-1-2048x1536.jpeg 2048w\" sizes=\"(max-width: 1024px) 100vw, 1024px\" \/><\/a><a href=\"https:\/\/vosgesinfo.fr\/app\/uploads\/sites\/6\/2025\/05\/expo-clementine-laurent-mcl.jpg\"><img decoding=\"async\" class=\"alignright size-medium wp-image-78408\" src=\"https:\/\/vosgesinfo.fr\/app\/uploads\/sites\/6\/2025\/05\/expo-clementine-laurent-mcl-300x227.jpg\" alt=\"\" width=\"300\" height=\"227\" srcset=\"https:\/\/vosgesinfo.fr\/app\/uploads\/sites\/6\/2025\/05\/expo-clementine-laurent-mcl-300x227.jpg 300w, https:\/\/vosgesinfo.fr\/app\/uploads\/sites\/6\/2025\/05\/expo-clementine-laurent-mcl-1024x775.jpg 1024w, https:\/\/vosgesinfo.fr\/app\/uploads\/sites\/6\/2025\/05\/expo-clementine-laurent-mcl-768x581.jpg 768w, https:\/\/vosgesinfo.fr\/app\/uploads\/sites\/6\/2025\/05\/expo-clementine-laurent-mcl-1536x1162.jpg 1536w, https:\/\/vosgesinfo.fr\/app\/uploads\/sites\/6\/2025\/05\/expo-clementine-laurent-mcl.jpg 1895w\" sizes=\"(max-width: 300px) 100vw, 300px\" \/><\/a><\/strong><\/p>\n<p><strong>Ce vendredi 23 mai a eu lieu le vernissage de l\u2019exposition photographique de Cl\u00e9mentine Laurent \u00abl\u2019\u0153il du voyageur\u00a0\u00bb \u00e0 la galerie de la MCL.<\/strong><\/p>\n<p>Etudiante en tourisme, la jeune artiste originaire de G\u00e9rardmer a \u00e9t\u00e9 amen\u00e9e \u00e0 voyager durant ses ann\u00e9es de licence, des stages en Corse, en Bretagne mais aussi une longue p\u00e9riode en Su\u00e8de et ses pays limitrophes et pour elle la photo est compl\u00e9mentaire au voyage. Photographier lui permet \u00ab d\u2019appr\u00e9cier le paysage, de trouver le bon angle, d\u2019\u00e9veiller une certaine curiosit\u00e9, d\u2019immortaliser un moment pour l\u2019\u00e9ternit\u00e9 \u00bb. Ses photos sont lumineuses, color\u00e9es, elle recherche le ciel bleu et elle est \u00ab fan de couchers de soleil \u00bb. Sa grand-m\u00e8re, admirative de son talent et de son originalit\u00e9, dit d\u2019elle qu\u2019elle \u00ab est solaire \u00bb.<\/p>\n<p><a href=\"https:\/\/vosgesinfo.fr\/app\/uploads\/sites\/6\/2025\/05\/k33a4933.jpg\"><img decoding=\"async\" class=\"alignright wp-image-78444 size-medium\" src=\"https:\/\/vosgesinfo.fr\/app\/uploads\/sites\/6\/2025\/05\/k33a4933-200x300.jpg\" alt=\"\" width=\"200\" height=\"300\" srcset=\"https:\/\/vosgesinfo.fr\/app\/uploads\/sites\/6\/2025\/05\/k33a4933-200x300.jpg 200w, https:\/\/vosgesinfo.fr\/app\/uploads\/sites\/6\/2025\/05\/k33a4933-683x1024.jpg 683w, https:\/\/vosgesinfo.fr\/app\/uploads\/sites\/6\/2025\/05\/k33a4933-768x1152.jpg 768w, https:\/\/vosgesinfo.fr\/app\/uploads\/sites\/6\/2025\/05\/k33a4933-1024x1536.jpg 1024w, https:\/\/vosgesinfo.fr\/app\/uploads\/sites\/6\/2025\/05\/k33a4933-1366x2048.jpg 1366w, https:\/\/vosgesinfo.fr\/app\/uploads\/sites\/6\/2025\/05\/k33a4933.jpg 1623w\" sizes=\"(max-width: 200px) 100vw, 200px\" \/><\/a>Au travers de cette exposition Cl\u00e9mentine a voulu partager 3 ans de voyage en Europe et a s\u00e9lectionn\u00e9 49 clich\u00e9s sur les 120 du d\u00e9part qu\u2019elle pr\u00e9sente en 3 espaces\u00a0: la ville, la montagne et la mer. Chaque photo est un souvenir\u00a0: d\u2019une rencontre, d\u2019une musique, elle les accompagne d\u2019une phrase, d\u2019un titre de chanson, elle \u00ab\u00a0esp\u00e8re donner au spectateur l\u2019impression d\u2019\u00eatre dans le paysage\u00a0\u00bb. Le choix de son affiche est une passerelle entre sa passion pour la photo et sa sp\u00e9cialit\u00e9 dans le tourisme industriel. Elle a h\u00e9rit\u00e9 du talent familial et notamment de l\u2019appareil photo de son arri\u00e8re grand p\u00e8re qui l\u2019a \u00ab\u00a0inspir\u00e9e dans sa pratique\u00a0\u00bb m\u00eame si elle utilise, pour sa part, un smartphone. Heureuse de revenir \u00e0 la MCL o\u00f9 elle a notamment suivi des cours de danse classique, elle a r\u00e9serv\u00e9 une surprise au public du jour en leur offrant une chor\u00e9graphie avec son ancienne professeure de danse \u00e0 l\u2019issue de l\u2019inauguration.<\/p>\n<p>Une invitation au voyage <strong>du 23 mai au 1<sup>er<\/sup> juin.<\/strong><\/p>\n<p><a href=\"https:\/\/vosgesinfo.fr\/app\/uploads\/sites\/6\/2025\/05\/expo-clementine-laurent-mcl-3-rotated.jpeg\"><img decoding=\"async\" class=\"aligncenter size-large wp-image-78410\" src=\"https:\/\/vosgesinfo.fr\/app\/uploads\/sites\/6\/2025\/05\/expo-clementine-laurent-mcl-3-1024x768.jpeg\" alt=\"\" width=\"1024\" height=\"768\" srcset=\"https:\/\/vosgesinfo.fr\/app\/uploads\/sites\/6\/2025\/05\/expo-clementine-laurent-mcl-3-1024x768.jpeg 1024w, https:\/\/vosgesinfo.fr\/app\/uploads\/sites\/6\/2025\/05\/expo-clementine-laurent-mcl-3-300x225.jpeg 300w, https:\/\/vosgesinfo.fr\/app\/uploads\/sites\/6\/2025\/05\/expo-clementine-laurent-mcl-3-768x576.jpeg 768w, https:\/\/vosgesinfo.fr\/app\/uploads\/sites\/6\/2025\/05\/expo-clementine-laurent-mcl-3-1536x1152.jpeg 1536w, https:\/\/vosgesinfo.fr\/app\/uploads\/sites\/6\/2025\/05\/expo-clementine-laurent-mcl-3-rotated.jpeg 2016w\" sizes=\"(max-width: 1024px) 100vw, 1024px\" \/><\/a><\/p>\n<p>&nbsp;<\/p><\/blockquote>\n","protected":false},"excerpt":{"rendered":"<p>Ce vendredi 23 mai a eu lieu le vernissage de l\u2019exposition photographique de Cl\u00e9mentine Laurent \u00abl\u2019\u0153il du voyageur\u00a0\u00bb \u00e0 la [&hellip;]<\/p>\n","protected":false},"author":258,"featured_media":78407,"comment_status":"open","ping_status":"open","sticky":false,"template":"","format":"standard","meta":{"footnotes":""},"categories":[20,49,5647],"tags":[7364,382,233],"class_list":["post-78404","post","type-post","status-publish","format-standard","has-post-thumbnail","hentry","category-a-la-une","category-exposition","category-gerardmer-autres-sites","tag-clementine-laurent","tag-exposition-photographies","tag-galerie-de-la-mcl"],"acf":[],"yoast_head":"<!-- This site is optimized with the Yoast SEO plugin v22.5 - https:\/\/yoast.com\/wordpress\/plugins\/seo\/ -->\n<title>Cl\u00e9mentine Laurent pr\u00e9sente l\u2019\u0153il du voyageur - Gerardmer Info<\/title>\n<meta name=\"robots\" content=\"index, follow, max-snippet:-1, max-image-preview:large, max-video-preview:-1\" \/>\n<link rel=\"canonical\" href=\"https:\/\/vosgesinfo.fr\/gerardmerinfo\/2025\/05\/clementine-laurent-presente-loeil-du-voyageur\/\" \/>\n<meta name=\"twitter:card\" content=\"summary_large_image\" \/>\n<meta name=\"twitter:title\" content=\"Cl\u00e9mentine Laurent pr\u00e9sente l\u2019\u0153il du voyageur - Gerardmer Info\" \/>\n<meta name=\"twitter:description\" content=\"Ce vendredi 23 mai a eu lieu le vernissage de l\u2019exposition photographique de Cl\u00e9mentine Laurent \u00abl\u2019\u0153il du voyageur\u00a0\u00bb \u00e0 la [&hellip;]\" \/>\n<meta name=\"twitter:image\" content=\"https:\/\/vosgesinfo.fr\/app\/uploads\/sites\/6\/2025\/05\/expo-clementine-laurent-mcl-1-scaled.jpeg\" \/>\n<meta name=\"twitter:creator\" content=\"@VosgesInfo88\" \/>\n<meta name=\"twitter:site\" content=\"@VosgesInfo88\" \/>\n<meta name=\"twitter:label1\" content=\"\u00c9crit par\" \/>\n\t<meta name=\"twitter:data1\" content=\"I.N\" \/>\n\t<meta name=\"twitter:label2\" content=\"Dur\u00e9e de lecture estim\u00e9e\" \/>\n\t<meta name=\"twitter:data2\" content=\"1 minute\" \/>\n<script type=\"application\/ld+json\" class=\"yoast-schema-graph\">{\"@context\":\"https:\/\/schema.org\",\"@graph\":[{\"@type\":\"Article\",\"@id\":\"https:\/\/vosgesinfo.fr\/gerardmerinfo\/2025\/05\/clementine-laurent-presente-loeil-du-voyageur\/#article\",\"isPartOf\":{\"@id\":\"https:\/\/vosgesinfo.fr\/gerardmerinfo\/2025\/05\/clementine-laurent-presente-loeil-du-voyageur\/\"},\"author\":{\"name\":\"I.N\",\"@id\":\"https:\/\/vosgesinfo.fr\/gerardmerinfo\/#\/schema\/person\/bb210d3430e59ff5cd247deaccb63615\"},\"headline\":\"Cl\u00e9mentine Laurent pr\u00e9sente l\u2019\u0153il du voyageur\",\"datePublished\":\"2025-05-26T03:58:18+00:00\",\"dateModified\":\"2025-05-25T09:03:26+00:00\",\"mainEntityOfPage\":{\"@id\":\"https:\/\/vosgesinfo.fr\/gerardmerinfo\/2025\/05\/clementine-laurent-presente-loeil-du-voyageur\/\"},\"wordCount\":332,\"commentCount\":0,\"publisher\":{\"@id\":\"https:\/\/vosgesinfo.fr\/gerardmerinfo\/#organization\"},\"image\":{\"@id\":\"https:\/\/vosgesinfo.fr\/gerardmerinfo\/2025\/05\/clementine-laurent-presente-loeil-du-voyageur\/#primaryimage\"},\"thumbnailUrl\":\"https:\/\/vosgesinfo.fr\/app\/uploads\/sites\/6\/2025\/05\/expo-clementine-laurent-mcl-1-scaled.jpeg\",\"keywords\":[\"Cl\u00e9mentine Laurent\",\"Exposition photographies\",\"galerie de la MCL\"],\"articleSection\":[\"A la une\",\"exposition\",\"Gerardmer\"],\"inLanguage\":\"fr-FR\",\"potentialAction\":[{\"@type\":\"CommentAction\",\"name\":\"Comment\",\"target\":[\"https:\/\/vosgesinfo.fr\/gerardmerinfo\/2025\/05\/clementine-laurent-presente-loeil-du-voyageur\/#respond\"]}]},{\"@type\":\"WebPage\",\"@id\":\"https:\/\/vosgesinfo.fr\/gerardmerinfo\/2025\/05\/clementine-laurent-presente-loeil-du-voyageur\/\",\"url\":\"https:\/\/vosgesinfo.fr\/gerardmerinfo\/2025\/05\/clementine-laurent-presente-loeil-du-voyageur\/\",\"name\":\"Cl\u00e9mentine Laurent pr\u00e9sente l\u2019\u0153il du voyageur - Gerardmer Info\",\"isPartOf\":{\"@id\":\"https:\/\/vosgesinfo.fr\/gerardmerinfo\/#website\"},\"primaryImageOfPage\":{\"@id\":\"https:\/\/vosgesinfo.fr\/gerardmerinfo\/2025\/05\/clementine-laurent-presente-loeil-du-voyageur\/#primaryimage\"},\"image\":{\"@id\":\"https:\/\/vosgesinfo.fr\/gerardmerinfo\/2025\/05\/clementine-laurent-presente-loeil-du-voyageur\/#primaryimage\"},\"thumbnailUrl\":\"https:\/\/vosgesinfo.fr\/app\/uploads\/sites\/6\/2025\/05\/expo-clementine-laurent-mcl-1-scaled.jpeg\",\"datePublished\":\"2025-05-26T03:58:18+00:00\",\"dateModified\":\"2025-05-25T09:03:26+00:00\",\"breadcrumb\":{\"@id\":\"https:\/\/vosgesinfo.fr\/gerardmerinfo\/2025\/05\/clementine-laurent-presente-loeil-du-voyageur\/#breadcrumb\"},\"inLanguage\":\"fr-FR\",\"potentialAction\":[{\"@type\":\"ReadAction\",\"target\":[\"https:\/\/vosgesinfo.fr\/gerardmerinfo\/2025\/05\/clementine-laurent-presente-loeil-du-voyageur\/\"]}]},{\"@type\":\"ImageObject\",\"inLanguage\":\"fr-FR\",\"@id\":\"https:\/\/vosgesinfo.fr\/gerardmerinfo\/2025\/05\/clementine-laurent-presente-loeil-du-voyageur\/#primaryimage\",\"url\":\"https:\/\/vosgesinfo.fr\/app\/uploads\/sites\/6\/2025\/05\/expo-clementine-laurent-mcl-1-scaled.jpeg\",\"contentUrl\":\"https:\/\/vosgesinfo.fr\/app\/uploads\/sites\/6\/2025\/05\/expo-clementine-laurent-mcl-1-scaled.jpeg\",\"width\":2560,\"height\":1920},{\"@type\":\"BreadcrumbList\",\"@id\":\"https:\/\/vosgesinfo.fr\/gerardmerinfo\/2025\/05\/clementine-laurent-presente-loeil-du-voyageur\/#breadcrumb\",\"itemListElement\":[{\"@type\":\"ListItem\",\"position\":1,\"name\":\"Home\",\"item\":\"https:\/\/vosgesinfo.fr\/gerardmerinfo\/\"},{\"@type\":\"ListItem\",\"position\":2,\"name\":\"Cl\u00e9mentine Laurent pr\u00e9sente l\u2019\u0153il du voyageur\"}]},{\"@type\":\"WebSite\",\"@id\":\"https:\/\/vosgesinfo.fr\/gerardmerinfo\/#website\",\"url\":\"https:\/\/vosgesinfo.fr\/gerardmerinfo\/\",\"name\":\"Gerardmer Info\",\"description\":\"Toute l&#039;actualit\u00e9 de G\u00e9rardmer\",\"publisher\":{\"@id\":\"https:\/\/vosgesinfo.fr\/gerardmerinfo\/#organization\"},\"alternateName\":\"Toute l'actualit\u00e9 de G\u00e9rardmer\",\"potentialAction\":[{\"@type\":\"SearchAction\",\"target\":{\"@type\":\"EntryPoint\",\"urlTemplate\":\"https:\/\/vosgesinfo.fr\/gerardmerinfo\/?s={search_term_string}\"},\"query-input\":\"required name=search_term_string\"}],\"inLanguage\":\"fr-FR\"},{\"@type\":\"Organization\",\"@id\":\"https:\/\/vosgesinfo.fr\/gerardmerinfo\/#organization\",\"name\":\"Gerardmer Info\",\"url\":\"https:\/\/vosgesinfo.fr\/gerardmerinfo\/\",\"logo\":{\"@type\":\"ImageObject\",\"inLanguage\":\"fr-FR\",\"@id\":\"https:\/\/vosgesinfo.fr\/gerardmerinfo\/#\/schema\/logo\/image\/\",\"url\":\"https:\/\/vosgesinfo.fr\/app\/uploads\/sites\/6\/2023\/08\/favicon-gerardmerinfo.png\",\"contentUrl\":\"https:\/\/vosgesinfo.fr\/app\/uploads\/sites\/6\/2023\/08\/favicon-gerardmerinfo.png\",\"width\":512,\"height\":512,\"caption\":\"Gerardmer Info\"},\"image\":{\"@id\":\"https:\/\/vosgesinfo.fr\/gerardmerinfo\/#\/schema\/logo\/image\/\"},\"sameAs\":[\"https:\/\/www.facebook.com\/profile.php?id=100049475262660\",\"https:\/\/x.com\/VosgesInfo88\",\"https:\/\/www.youtube.com\/@vosgesinfo\"]},{\"@type\":\"Person\",\"@id\":\"https:\/\/vosgesinfo.fr\/gerardmerinfo\/#\/schema\/person\/bb210d3430e59ff5cd247deaccb63615\",\"name\":\"I.N\",\"image\":{\"@type\":\"ImageObject\",\"inLanguage\":\"fr-FR\",\"@id\":\"https:\/\/vosgesinfo.fr\/gerardmerinfo\/#\/schema\/person\/image\/\",\"url\":\"https:\/\/secure.gravatar.com\/avatar\/612d5c20a39b1c8bc5675cc8e3d99e120730e7d080423fdafec485619845af71?s=96&d=mm&r=g\",\"contentUrl\":\"https:\/\/secure.gravatar.com\/avatar\/612d5c20a39b1c8bc5675cc8e3d99e120730e7d080423fdafec485619845af71?s=96&d=mm&r=g\",\"caption\":\"I.N\"},\"url\":\"https:\/\/vosgesinfo.fr\/gerardmerinfo\/author\/i-ngerardmer\/\"}]}<\/script>\n<!-- \/ Yoast SEO plugin. -->","yoast_head_json":{"title":"Cl\u00e9mentine Laurent pr\u00e9sente l\u2019\u0153il du voyageur - Gerardmer Info","robots":{"index":"index","follow":"follow","max-snippet":"max-snippet:-1","max-image-preview":"max-image-preview:large","max-video-preview":"max-video-preview:-1"},"canonical":"https:\/\/vosgesinfo.fr\/gerardmerinfo\/2025\/05\/clementine-laurent-presente-loeil-du-voyageur\/","twitter_card":"summary_large_image","twitter_title":"Cl\u00e9mentine Laurent pr\u00e9sente l\u2019\u0153il du voyageur - Gerardmer Info","twitter_description":"Ce vendredi 23 mai a eu lieu le vernissage de l\u2019exposition photographique de Cl\u00e9mentine Laurent \u00abl\u2019\u0153il du voyageur\u00a0\u00bb \u00e0 la [&hellip;]","twitter_image":"https:\/\/vosgesinfo.fr\/app\/uploads\/sites\/6\/2025\/05\/expo-clementine-laurent-mcl-1-scaled.jpeg","twitter_creator":"@VosgesInfo88","twitter_site":"@VosgesInfo88","twitter_misc":{"\u00c9crit par":"I.N","Dur\u00e9e de lecture estim\u00e9e":"1 minute"},"schema":{"@context":"https:\/\/schema.org","@graph":[{"@type":"Article","@id":"https:\/\/vosgesinfo.fr\/gerardmerinfo\/2025\/05\/clementine-laurent-presente-loeil-du-voyageur\/#article","isPartOf":{"@id":"https:\/\/vosgesinfo.fr\/gerardmerinfo\/2025\/05\/clementine-laurent-presente-loeil-du-voyageur\/"},"author":{"name":"I.N","@id":"https:\/\/vosgesinfo.fr\/gerardmerinfo\/#\/schema\/person\/bb210d3430e59ff5cd247deaccb63615"},"headline":"Cl\u00e9mentine Laurent pr\u00e9sente l\u2019\u0153il du voyageur","datePublished":"2025-05-26T03:58:18+00:00","dateModified":"2025-05-25T09:03:26+00:00","mainEntityOfPage":{"@id":"https:\/\/vosgesinfo.fr\/gerardmerinfo\/2025\/05\/clementine-laurent-presente-loeil-du-voyageur\/"},"wordCount":332,"commentCount":0,"publisher":{"@id":"https:\/\/vosgesinfo.fr\/gerardmerinfo\/#organization"},"image":{"@id":"https:\/\/vosgesinfo.fr\/gerardmerinfo\/2025\/05\/clementine-laurent-presente-loeil-du-voyageur\/#primaryimage"},"thumbnailUrl":"https:\/\/vosgesinfo.fr\/app\/uploads\/sites\/6\/2025\/05\/expo-clementine-laurent-mcl-1-scaled.jpeg","keywords":["Cl\u00e9mentine Laurent","Exposition photographies","galerie de la MCL"],"articleSection":["A la une","exposition","Gerardmer"],"inLanguage":"fr-FR","potentialAction":[{"@type":"CommentAction","name":"Comment","target":["https:\/\/vosgesinfo.fr\/gerardmerinfo\/2025\/05\/clementine-laurent-presente-loeil-du-voyageur\/#respond"]}]},{"@type":"WebPage","@id":"https:\/\/vosgesinfo.fr\/gerardmerinfo\/2025\/05\/clementine-laurent-presente-loeil-du-voyageur\/","url":"https:\/\/vosgesinfo.fr\/gerardmerinfo\/2025\/05\/clementine-laurent-presente-loeil-du-voyageur\/","name":"Cl\u00e9mentine Laurent pr\u00e9sente l\u2019\u0153il du voyageur - Gerardmer Info","isPartOf":{"@id":"https:\/\/vosgesinfo.fr\/gerardmerinfo\/#website"},"primaryImageOfPage":{"@id":"https:\/\/vosgesinfo.fr\/gerardmerinfo\/2025\/05\/clementine-laurent-presente-loeil-du-voyageur\/#primaryimage"},"image":{"@id":"https:\/\/vosgesinfo.fr\/gerardmerinfo\/2025\/05\/clementine-laurent-presente-loeil-du-voyageur\/#primaryimage"},"thumbnailUrl":"https:\/\/vosgesinfo.fr\/app\/uploads\/sites\/6\/2025\/05\/expo-clementine-laurent-mcl-1-scaled.jpeg","datePublished":"2025-05-26T03:58:18+00:00","dateModified":"2025-05-25T09:03:26+00:00","breadcrumb":{"@id":"https:\/\/vosgesinfo.fr\/gerardmerinfo\/2025\/05\/clementine-laurent-presente-loeil-du-voyageur\/#breadcrumb"},"inLanguage":"fr-FR","potentialAction":[{"@type":"ReadAction","target":["https:\/\/vosgesinfo.fr\/gerardmerinfo\/2025\/05\/clementine-laurent-presente-loeil-du-voyageur\/"]}]},{"@type":"ImageObject","inLanguage":"fr-FR","@id":"https:\/\/vosgesinfo.fr\/gerardmerinfo\/2025\/05\/clementine-laurent-presente-loeil-du-voyageur\/#primaryimage","url":"https:\/\/vosgesinfo.fr\/app\/uploads\/sites\/6\/2025\/05\/expo-clementine-laurent-mcl-1-scaled.jpeg","contentUrl":"https:\/\/vosgesinfo.fr\/app\/uploads\/sites\/6\/2025\/05\/expo-clementine-laurent-mcl-1-scaled.jpeg","width":2560,"height":1920},{"@type":"BreadcrumbList","@id":"https:\/\/vosgesinfo.fr\/gerardmerinfo\/2025\/05\/clementine-laurent-presente-loeil-du-voyageur\/#breadcrumb","itemListElement":[{"@type":"ListItem","position":1,"name":"Home","item":"https:\/\/vosgesinfo.fr\/gerardmerinfo\/"},{"@type":"ListItem","position":2,"name":"Cl\u00e9mentine Laurent pr\u00e9sente l\u2019\u0153il du voyageur"}]},{"@type":"WebSite","@id":"https:\/\/vosgesinfo.fr\/gerardmerinfo\/#website","url":"https:\/\/vosgesinfo.fr\/gerardmerinfo\/","name":"Gerardmer Info","description":"Toute l&#039;actualit\u00e9 de G\u00e9rardmer","publisher":{"@id":"https:\/\/vosgesinfo.fr\/gerardmerinfo\/#organization"},"alternateName":"Toute l'actualit\u00e9 de G\u00e9rardmer","potentialAction":[{"@type":"SearchAction","target":{"@type":"EntryPoint","urlTemplate":"https:\/\/vosgesinfo.fr\/gerardmerinfo\/?s={search_term_string}"},"query-input":"required name=search_term_string"}],"inLanguage":"fr-FR"},{"@type":"Organization","@id":"https:\/\/vosgesinfo.fr\/gerardmerinfo\/#organization","name":"Gerardmer Info","url":"https:\/\/vosgesinfo.fr\/gerardmerinfo\/","logo":{"@type":"ImageObject","inLanguage":"fr-FR","@id":"https:\/\/vosgesinfo.fr\/gerardmerinfo\/#\/schema\/logo\/image\/","url":"https:\/\/vosgesinfo.fr\/app\/uploads\/sites\/6\/2023\/08\/favicon-gerardmerinfo.png","contentUrl":"https:\/\/vosgesinfo.fr\/app\/uploads\/sites\/6\/2023\/08\/favicon-gerardmerinfo.png","width":512,"height":512,"caption":"Gerardmer Info"},"image":{"@id":"https:\/\/vosgesinfo.fr\/gerardmerinfo\/#\/schema\/logo\/image\/"},"sameAs":["https:\/\/www.facebook.com\/profile.php?id=100049475262660","https:\/\/x.com\/VosgesInfo88","https:\/\/www.youtube.com\/@vosgesinfo"]},{"@type":"Person","@id":"https:\/\/vosgesinfo.fr\/gerardmerinfo\/#\/schema\/person\/bb210d3430e59ff5cd247deaccb63615","name":"I.N","image":{"@type":"ImageObject","inLanguage":"fr-FR","@id":"https:\/\/vosgesinfo.fr\/gerardmerinfo\/#\/schema\/person\/image\/","url":"https:\/\/secure.gravatar.com\/avatar\/612d5c20a39b1c8bc5675cc8e3d99e120730e7d080423fdafec485619845af71?s=96&d=mm&r=g","contentUrl":"https:\/\/secure.gravatar.com\/avatar\/612d5c20a39b1c8bc5675cc8e3d99e120730e7d080423fdafec485619845af71?s=96&d=mm&r=g","caption":"I.N"},"url":"https:\/\/vosgesinfo.fr\/gerardmerinfo\/author\/i-ngerardmer\/"}]}},"_links":{"self":[{"href":"https:\/\/vosgesinfo.fr\/gerardmerinfo\/wp-json\/wp\/v2\/posts\/78404","targetHints":{"allow":["GET"]}}],"collection":[{"href":"https:\/\/vosgesinfo.fr\/gerardmerinfo\/wp-json\/wp\/v2\/posts"}],"about":[{"href":"https:\/\/vosgesinfo.fr\/gerardmerinfo\/wp-json\/wp\/v2\/types\/post"}],"author":[{"embeddable":true,"href":"https:\/\/vosgesinfo.fr\/gerardmerinfo\/wp-json\/wp\/v2\/users\/258"}],"replies":[{"embeddable":true,"href":"https:\/\/vosgesinfo.fr\/gerardmerinfo\/wp-json\/wp\/v2\/comments?post=78404"}],"version-history":[{"count":6,"href":"https:\/\/vosgesinfo.fr\/gerardmerinfo\/wp-json\/wp\/v2\/posts\/78404\/revisions"}],"predecessor-version":[{"id":78446,"href":"https:\/\/vosgesinfo.fr\/gerardmerinfo\/wp-json\/wp\/v2\/posts\/78404\/revisions\/78446"}],"wp:featuredmedia":[{"embeddable":true,"href":"https:\/\/vosgesinfo.fr\/gerardmerinfo\/wp-json\/wp\/v2\/media\/78407"}],"wp:attachment":[{"href":"https:\/\/vosgesinfo.fr\/gerardmerinfo\/wp-json\/wp\/v2\/media?parent=78404"}],"wp:term":[{"taxonomy":"category","embeddable":true,"href":"https:\/\/vosgesinfo.fr\/gerardmerinfo\/wp-json\/wp\/v2\/categories?post=78404"},{"taxonomy":"post_tag","embeddable":true,"href":"https:\/\/vosgesinfo.fr\/gerardmerinfo\/wp-json\/wp\/v2\/tags?post=78404"}],"curies":[{"name":"wp","href":"https:\/\/api.w.org\/{rel}","templated":true}]}}