{"id":78414,"date":"2025-05-24T15:25:12","date_gmt":"2025-05-24T13:25:12","guid":{"rendered":"https:\/\/vosgesinfo.fr\/gerardmerinfo\/?p=78414"},"modified":"2025-05-24T19:20:39","modified_gmt":"2025-05-24T17:20:39","slug":"les-defis-du-bois-des-structures-qui-saccordent-avec-poesie-et-justesse-au-jardin-du-haut-chitelet","status":"publish","type":"post","link":"https:\/\/vosgesinfo.fr\/gerardmerinfo\/2025\/05\/les-defis-du-bois-des-structures-qui-saccordent-avec-poesie-et-justesse-au-jardin-du-haut-chitelet\/","title":{"rendered":"Les D\u00e9fis du Bois : des structures qui s&rsquo;accordent avec po\u00e9sie et justesse au Jardin du haut Chitelet"},"content":{"rendered":"<p><a href=\"https:\/\/vosgesinfo.fr\/app\/uploads\/sites\/6\/2025\/05\/defis-du-bois-2025-enstib-haut-chitelet-2.jpg\"><img decoding=\"async\" class=\"aligncenter size-large wp-image-78417\" src=\"https:\/\/vosgesinfo.fr\/app\/uploads\/sites\/6\/2025\/05\/defis-du-bois-2025-enstib-haut-chitelet-2-1024x683.jpg\" alt=\"\" width=\"1024\" height=\"683\" srcset=\"https:\/\/vosgesinfo.fr\/app\/uploads\/sites\/6\/2025\/05\/defis-du-bois-2025-enstib-haut-chitelet-2-1024x683.jpg 1024w, https:\/\/vosgesinfo.fr\/app\/uploads\/sites\/6\/2025\/05\/defis-du-bois-2025-enstib-haut-chitelet-2-300x200.jpg 300w, https:\/\/vosgesinfo.fr\/app\/uploads\/sites\/6\/2025\/05\/defis-du-bois-2025-enstib-haut-chitelet-2-768x512.jpg 768w, https:\/\/vosgesinfo.fr\/app\/uploads\/sites\/6\/2025\/05\/defis-du-bois-2025-enstib-haut-chitelet-2.jpg 1512w\" sizes=\"(max-width: 1024px) 100vw, 1024px\" \/><\/a><\/p>\n\n\t\t<style type=\"text\/css\">\n\t\t\t#gallery-1 {\n\t\t\t\tmargin: auto;\n\t\t\t}\n\t\t\t#gallery-1 .gallery-item {\n\t\t\t\tfloat: left;\n\t\t\t\tmargin-top: 10px;\n\t\t\t\ttext-align: center;\n\t\t\t\twidth: 50%;\n\t\t\t}\n\t\t\t#gallery-1 img {\n\t\t\t\tborder: 2px solid #cfcfcf;\n\t\t\t}\n\t\t\t#gallery-1 .gallery-caption {\n\t\t\t\tmargin-left: 0;\n\t\t\t}\n\t\t\t\/* see gallery_shortcode() in wp-includes\/media.php *\/\n\t\t<\/style>\n\t\t<div id='gallery-1' class='gallery galleryid-78414 gallery-columns-2 gallery-size-medium'><dl class='gallery-item'>\n\t\t\t<dt class='gallery-icon landscape'>\n\t\t\t\t<a href='https:\/\/vosgesinfo.fr\/app\/uploads\/sites\/6\/2025\/05\/defis-du-bois-2025-enstib-haut-chitelet-8-scaled.jpg'><img decoding=\"async\" width=\"300\" height=\"200\" src=\"https:\/\/vosgesinfo.fr\/app\/uploads\/sites\/6\/2025\/05\/defis-du-bois-2025-enstib-haut-chitelet-8-300x200.jpg\" class=\"attachment-medium size-medium\" alt=\"\" srcset=\"https:\/\/vosgesinfo.fr\/app\/uploads\/sites\/6\/2025\/05\/defis-du-bois-2025-enstib-haut-chitelet-8-300x200.jpg 300w, https:\/\/vosgesinfo.fr\/app\/uploads\/sites\/6\/2025\/05\/defis-du-bois-2025-enstib-haut-chitelet-8-1024x683.jpg 1024w, https:\/\/vosgesinfo.fr\/app\/uploads\/sites\/6\/2025\/05\/defis-du-bois-2025-enstib-haut-chitelet-8-768x512.jpg 768w, https:\/\/vosgesinfo.fr\/app\/uploads\/sites\/6\/2025\/05\/defis-du-bois-2025-enstib-haut-chitelet-8-1536x1024.jpg 1536w, https:\/\/vosgesinfo.fr\/app\/uploads\/sites\/6\/2025\/05\/defis-du-bois-2025-enstib-haut-chitelet-8-2048x1365.jpg 2048w\" sizes=\"(max-width: 300px) 100vw, 300px\" \/><\/a>\n\t\t\t<\/dt><\/dl><dl class='gallery-item'>\n\t\t\t<dt class='gallery-icon landscape'>\n\t\t\t\t<a href='https:\/\/vosgesinfo.fr\/app\/uploads\/sites\/6\/2025\/05\/defis-du-bois-2025-enstib-haut-chitelet-1.jpg'><img decoding=\"async\" width=\"300\" height=\"200\" src=\"https:\/\/vosgesinfo.fr\/app\/uploads\/sites\/6\/2025\/05\/defis-du-bois-2025-enstib-haut-chitelet-1-300x200.jpg\" class=\"attachment-medium size-medium\" alt=\"\" srcset=\"https:\/\/vosgesinfo.fr\/app\/uploads\/sites\/6\/2025\/05\/defis-du-bois-2025-enstib-haut-chitelet-1-300x200.jpg 300w, https:\/\/vosgesinfo.fr\/app\/uploads\/sites\/6\/2025\/05\/defis-du-bois-2025-enstib-haut-chitelet-1-1024x683.jpg 1024w, https:\/\/vosgesinfo.fr\/app\/uploads\/sites\/6\/2025\/05\/defis-du-bois-2025-enstib-haut-chitelet-1-768x512.jpg 768w, https:\/\/vosgesinfo.fr\/app\/uploads\/sites\/6\/2025\/05\/defis-du-bois-2025-enstib-haut-chitelet-1-1536x1024.jpg 1536w, https:\/\/vosgesinfo.fr\/app\/uploads\/sites\/6\/2025\/05\/defis-du-bois-2025-enstib-haut-chitelet-1.jpg 1680w\" sizes=\"(max-width: 300px) 100vw, 300px\" \/><\/a>\n\t\t\t<\/dt><\/dl><br style=\"clear: both\" \/><dl class='gallery-item'>\n\t\t\t<dt class='gallery-icon landscape'>\n\t\t\t\t<a href='https:\/\/vosgesinfo.fr\/app\/uploads\/sites\/6\/2025\/05\/defis-du-bois-2025-enstib-haut-chitelet-3.jpg'><img decoding=\"async\" width=\"300\" height=\"200\" src=\"https:\/\/vosgesinfo.fr\/app\/uploads\/sites\/6\/2025\/05\/defis-du-bois-2025-enstib-haut-chitelet-3-300x200.jpg\" class=\"attachment-medium size-medium\" alt=\"\" srcset=\"https:\/\/vosgesinfo.fr\/app\/uploads\/sites\/6\/2025\/05\/defis-du-bois-2025-enstib-haut-chitelet-3-300x200.jpg 300w, https:\/\/vosgesinfo.fr\/app\/uploads\/sites\/6\/2025\/05\/defis-du-bois-2025-enstib-haut-chitelet-3-1024x683.jpg 1024w, https:\/\/vosgesinfo.fr\/app\/uploads\/sites\/6\/2025\/05\/defis-du-bois-2025-enstib-haut-chitelet-3-768x512.jpg 768w, https:\/\/vosgesinfo.fr\/app\/uploads\/sites\/6\/2025\/05\/defis-du-bois-2025-enstib-haut-chitelet-3-1536x1024.jpg 1536w, https:\/\/vosgesinfo.fr\/app\/uploads\/sites\/6\/2025\/05\/defis-du-bois-2025-enstib-haut-chitelet-3.jpg 1680w\" sizes=\"(max-width: 300px) 100vw, 300px\" \/><\/a>\n\t\t\t<\/dt><\/dl><dl class='gallery-item'>\n\t\t\t<dt class='gallery-icon landscape'>\n\t\t\t\t<a href='https:\/\/vosgesinfo.fr\/app\/uploads\/sites\/6\/2025\/05\/defis-du-bois-2025-enstib-haut-chitelet-5-scaled.jpg'><img decoding=\"async\" width=\"300\" height=\"200\" src=\"https:\/\/vosgesinfo.fr\/app\/uploads\/sites\/6\/2025\/05\/defis-du-bois-2025-enstib-haut-chitelet-5-300x200.jpg\" class=\"attachment-medium size-medium\" alt=\"\" srcset=\"https:\/\/vosgesinfo.fr\/app\/uploads\/sites\/6\/2025\/05\/defis-du-bois-2025-enstib-haut-chitelet-5-300x200.jpg 300w, https:\/\/vosgesinfo.fr\/app\/uploads\/sites\/6\/2025\/05\/defis-du-bois-2025-enstib-haut-chitelet-5-1024x683.jpg 1024w, https:\/\/vosgesinfo.fr\/app\/uploads\/sites\/6\/2025\/05\/defis-du-bois-2025-enstib-haut-chitelet-5-768x512.jpg 768w, https:\/\/vosgesinfo.fr\/app\/uploads\/sites\/6\/2025\/05\/defis-du-bois-2025-enstib-haut-chitelet-5-1536x1024.jpg 1536w, https:\/\/vosgesinfo.fr\/app\/uploads\/sites\/6\/2025\/05\/defis-du-bois-2025-enstib-haut-chitelet-5-2048x1365.jpg 2048w\" sizes=\"(max-width: 300px) 100vw, 300px\" \/><\/a>\n\t\t\t<\/dt><\/dl><br style=\"clear: both\" \/><dl class='gallery-item'>\n\t\t\t<dt class='gallery-icon portrait'>\n\t\t\t\t<a href='https:\/\/vosgesinfo.fr\/app\/uploads\/sites\/6\/2025\/05\/defis-du-bois-2025-enstib-haut-chitelet-4-scaled.jpg'><img decoding=\"async\" width=\"200\" height=\"300\" src=\"https:\/\/vosgesinfo.fr\/app\/uploads\/sites\/6\/2025\/05\/defis-du-bois-2025-enstib-haut-chitelet-4-200x300.jpg\" class=\"attachment-medium size-medium\" alt=\"\" srcset=\"https:\/\/vosgesinfo.fr\/app\/uploads\/sites\/6\/2025\/05\/defis-du-bois-2025-enstib-haut-chitelet-4-200x300.jpg 200w, https:\/\/vosgesinfo.fr\/app\/uploads\/sites\/6\/2025\/05\/defis-du-bois-2025-enstib-haut-chitelet-4-683x1024.jpg 683w, https:\/\/vosgesinfo.fr\/app\/uploads\/sites\/6\/2025\/05\/defis-du-bois-2025-enstib-haut-chitelet-4-768x1152.jpg 768w, https:\/\/vosgesinfo.fr\/app\/uploads\/sites\/6\/2025\/05\/defis-du-bois-2025-enstib-haut-chitelet-4-1024x1536.jpg 1024w, https:\/\/vosgesinfo.fr\/app\/uploads\/sites\/6\/2025\/05\/defis-du-bois-2025-enstib-haut-chitelet-4-1365x2048.jpg 1365w, https:\/\/vosgesinfo.fr\/app\/uploads\/sites\/6\/2025\/05\/defis-du-bois-2025-enstib-haut-chitelet-4-scaled.jpg 1707w\" sizes=\"(max-width: 200px) 100vw, 200px\" \/><\/a>\n\t\t\t<\/dt><\/dl><dl class='gallery-item'>\n\t\t\t<dt class='gallery-icon portrait'>\n\t\t\t\t<a href='https:\/\/vosgesinfo.fr\/app\/uploads\/sites\/6\/2025\/05\/defis-du-bois-2025-enstib-haut-chitelet-7-scaled.jpg'><img decoding=\"async\" width=\"200\" height=\"300\" src=\"https:\/\/vosgesinfo.fr\/app\/uploads\/sites\/6\/2025\/05\/defis-du-bois-2025-enstib-haut-chitelet-7-200x300.jpg\" class=\"attachment-medium size-medium\" alt=\"\" srcset=\"https:\/\/vosgesinfo.fr\/app\/uploads\/sites\/6\/2025\/05\/defis-du-bois-2025-enstib-haut-chitelet-7-200x300.jpg 200w, https:\/\/vosgesinfo.fr\/app\/uploads\/sites\/6\/2025\/05\/defis-du-bois-2025-enstib-haut-chitelet-7-683x1024.jpg 683w, https:\/\/vosgesinfo.fr\/app\/uploads\/sites\/6\/2025\/05\/defis-du-bois-2025-enstib-haut-chitelet-7-768x1152.jpg 768w, https:\/\/vosgesinfo.fr\/app\/uploads\/sites\/6\/2025\/05\/defis-du-bois-2025-enstib-haut-chitelet-7-1024x1536.jpg 1024w, https:\/\/vosgesinfo.fr\/app\/uploads\/sites\/6\/2025\/05\/defis-du-bois-2025-enstib-haut-chitelet-7-1365x2048.jpg 1365w, https:\/\/vosgesinfo.fr\/app\/uploads\/sites\/6\/2025\/05\/defis-du-bois-2025-enstib-haut-chitelet-7-scaled.jpg 1706w\" sizes=\"(max-width: 200px) 100vw, 200px\" \/><\/a>\n\t\t\t<\/dt><\/dl><br style=\"clear: both\" \/>\n\t\t<\/div>\n\n<h3><\/h3>\n<h3 data-pm-slice=\"1 1 []\">Samedi matin avait lieu la cl\u00f4ture des annuels D\u00e9fis du Bois de l&rsquo;ENSTIB (\u00e9cole nationale sup\u00e9rieure des technologies et du bois). Une \u00e9dition 2025 atypique, puisqu&rsquo;elle s&rsquo;est d\u00e9roul\u00e9e pour la toute premi\u00e8re fois \u00e0 huis clos, en pleine nature, au jardin d&rsquo;altitude du Haut Chitelet qui avait le plaisir de lancer sa saison et ouvrira ses portes officiellement le 1er juin.<\/h3>\n<div id=\"attachment_78421\" style=\"width: 210px\" class=\"wp-caption alignright\"><a href=\"https:\/\/vosgesinfo.fr\/app\/uploads\/sites\/6\/2025\/05\/defis-du-bois-2025-enstib-haut-chitelet-6-scaled.jpg\"><img decoding=\"async\" aria-describedby=\"caption-attachment-78421\" class=\"size-medium wp-image-78421\" src=\"https:\/\/vosgesinfo.fr\/app\/uploads\/sites\/6\/2025\/05\/defis-du-bois-2025-enstib-haut-chitelet-6-200x300.jpg\" alt=\"\" width=\"200\" height=\"300\" srcset=\"https:\/\/vosgesinfo.fr\/app\/uploads\/sites\/6\/2025\/05\/defis-du-bois-2025-enstib-haut-chitelet-6-200x300.jpg 200w, https:\/\/vosgesinfo.fr\/app\/uploads\/sites\/6\/2025\/05\/defis-du-bois-2025-enstib-haut-chitelet-6-683x1024.jpg 683w, https:\/\/vosgesinfo.fr\/app\/uploads\/sites\/6\/2025\/05\/defis-du-bois-2025-enstib-haut-chitelet-6-768x1152.jpg 768w, https:\/\/vosgesinfo.fr\/app\/uploads\/sites\/6\/2025\/05\/defis-du-bois-2025-enstib-haut-chitelet-6-1024x1536.jpg 1024w, https:\/\/vosgesinfo.fr\/app\/uploads\/sites\/6\/2025\/05\/defis-du-bois-2025-enstib-haut-chitelet-6-1365x2048.jpg 1365w, https:\/\/vosgesinfo.fr\/app\/uploads\/sites\/6\/2025\/05\/defis-du-bois-2025-enstib-haut-chitelet-6-scaled.jpg 1707w\" sizes=\"(max-width: 200px) 100vw, 200px\" \/><\/a><p id=\"caption-attachment-78421\" class=\"wp-caption-text\">Laurent BLERON<\/p><\/div>\n<p>Comme l&rsquo;a rappel\u00e9 le directeur de l\u2019ENSTIB Laurent BLERON \u00e0 l&rsquo;occasion de son discours de cl\u00f4ture, depuis le samedi 17 mai, 36 jeunes architectes, ing\u00e9nieurs bois et compagnons se sont r\u00e9partis en 6 \u00e9quipes pour construire 5 microarchitectures en bois. Le tout \u00e0 huis clos, dans le jardin du Haut Chitelet qui n&rsquo;avait encore pas ouvert ses portes au public. Un \u00e9crin id\u00e9al pour ce d\u00e9fi, mais \u00e9galement un peu aust\u00e8re en tant que lieu de construction. Pendant leur s\u00e9jour, les participants \u00e9taient log\u00e9s au refuge des 3 Fours situ\u00e9 \u00e0 proximit\u00e9 du lieu de construction de leurs diff\u00e9rents projets, contribuant ainsi \u00e0 faire de ces D\u00e9fis 2025 une v\u00e9ritable aventure humaine et p\u00e9dagogique assez unique et m\u00e9morable.<\/p>\n<p>&nbsp;<\/p>\n<p><strong>D\u00e9fi r\u00e9ussi !<\/strong><\/p>\n<p><a href=\"https:\/\/vosgesinfo.fr\/app\/uploads\/sites\/6\/2025\/05\/defis-du-bois-2025-enstib-haut-chitelet-9-scaled.jpg\"><img decoding=\"async\" class=\"alignright size-medium wp-image-78424\" src=\"https:\/\/vosgesinfo.fr\/app\/uploads\/sites\/6\/2025\/05\/defis-du-bois-2025-enstib-haut-chitelet-9-200x300.jpg\" alt=\"\" width=\"200\" height=\"300\" srcset=\"https:\/\/vosgesinfo.fr\/app\/uploads\/sites\/6\/2025\/05\/defis-du-bois-2025-enstib-haut-chitelet-9-200x300.jpg 200w, https:\/\/vosgesinfo.fr\/app\/uploads\/sites\/6\/2025\/05\/defis-du-bois-2025-enstib-haut-chitelet-9-683x1024.jpg 683w, https:\/\/vosgesinfo.fr\/app\/uploads\/sites\/6\/2025\/05\/defis-du-bois-2025-enstib-haut-chitelet-9-768x1152.jpg 768w, https:\/\/vosgesinfo.fr\/app\/uploads\/sites\/6\/2025\/05\/defis-du-bois-2025-enstib-haut-chitelet-9-1024x1536.jpg 1024w, https:\/\/vosgesinfo.fr\/app\/uploads\/sites\/6\/2025\/05\/defis-du-bois-2025-enstib-haut-chitelet-9-1365x2048.jpg 1365w, https:\/\/vosgesinfo.fr\/app\/uploads\/sites\/6\/2025\/05\/defis-du-bois-2025-enstib-haut-chitelet-9-scaled.jpg 1707w\" sizes=\"(max-width: 200px) 100vw, 200px\" \/><\/a>Une semaine d&rsquo;o\u00f9 est n\u00e9 un esprit de communaut\u00e9 fort prouvant que \u00ab\u00a0la richesse de notre fili\u00e8re, c&rsquo;est l&rsquo;humain\u00a0\u00bb, a d\u00e9clar\u00e9 Laurent Bleron. Ce dernier a \u00e9galement lou\u00e9 la capacit\u00e9 des jeunes participants \u00e0 s&rsquo;adapter au lieu et aux conditions m\u00e9t\u00e9o afin de donner naissance \u00e0 des structures s&rsquo;accordant avec po\u00e9sie et justesse avec le site. La qualit\u00e9 d&rsquo;insertion paysag\u00e8re \u00e9tait en effet un enjeu majeur cette ann\u00e9e. Force est de constater que ce d\u00e9fi a \u00e9t\u00e9 relev\u00e9 haut la main avec des structures qui r\u00e9ussissent leur dialogue avec leur entourage. \u00ab\u00a0On emm\u00e8nera les nouvelles promotions voir votre travail\u00a0\u00bb, ajoutera le directeur de l&rsquo;ENSTIB.<\/p>\n<h4>Une nouvelle aventure pour le jardin<\/h4>\n<p><a href=\"https:\/\/vosgesinfo.fr\/app\/uploads\/sites\/6\/2025\/05\/img-20250524-105753.jpg\"><img decoding=\"async\" class=\"alignright size-medium wp-image-78434\" src=\"https:\/\/vosgesinfo.fr\/app\/uploads\/sites\/6\/2025\/05\/img-20250524-105753-225x300.jpg\" alt=\"\" width=\"225\" height=\"300\" srcset=\"https:\/\/vosgesinfo.fr\/app\/uploads\/sites\/6\/2025\/05\/img-20250524-105753-225x300.jpg 225w, https:\/\/vosgesinfo.fr\/app\/uploads\/sites\/6\/2025\/05\/img-20250524-105753-768x1024.jpg 768w, https:\/\/vosgesinfo.fr\/app\/uploads\/sites\/6\/2025\/05\/img-20250524-105753-1152x1536.jpg 1152w, https:\/\/vosgesinfo.fr\/app\/uploads\/sites\/6\/2025\/05\/img-20250524-105753.jpg 1500w\" sizes=\"(max-width: 225px) 100vw, 225px\" \/><\/a>\u00c0 l&rsquo;aube de l&rsquo;ouverture du jardin, ces structures constituent en effet une plus-value pour les lieux qui accueillent d\u00e9sormais 20 000 visiteurs par an et ambitionnent de tripler ce chiffre dans les ann\u00e9es \u00e0 venir avec un grand projet pour r\u00e9am\u00e9nager et dynamiser les lieux, propri\u00e9t\u00e9 de la m\u00e9tropole du Grand Nancy. L&rsquo;adjonction de ces structures signe donc le d\u00e9but d&rsquo;une nouvelle aventure !<\/p>\n<p>&nbsp;<\/p>\n<p><strong>Plus d&rsquo;infos, de vid\u00e9os et de photos sur le site des D\u00e9fis du Bois :<\/strong>\u00a0 <span id=\"m_4760349359797738948x_OBJ_PREFIX_DWT217_com_zimbra_url\"><span id=\"m_4760349359797738948x_OBJ_PREFIX_DWT227_com_zimbra_url\" role=\"link\"><a href=\"https:\/\/www.defisbois.fr\/\" target=\"_blank\" rel=\"nofollow noopener noreferrer\" data-saferedirecturl=\"https:\/\/www.google.com\/url?q=https:\/\/www.defisbois.fr\/&amp;source=gmail&amp;ust=1748098778422000&amp;usg=AOvVaw2KbxN5lNgp50ZIqxwPKxLY\">https:\/\/www.defisbois.<wbr \/>fr\/<\/a><\/span><\/span><\/p>\n<p>&nbsp;<\/p>\n<p><a href=\"https:\/\/vosgesinfo.fr\/app\/uploads\/sites\/6\/2025\/05\/img-20250524-105818.jpg\"><img decoding=\"async\" class=\"aligncenter wp-image-78435 size-large\" src=\"https:\/\/vosgesinfo.fr\/app\/uploads\/sites\/6\/2025\/05\/img-20250524-105818-1024x768.jpg\" alt=\"\" width=\"1024\" height=\"768\" srcset=\"https:\/\/vosgesinfo.fr\/app\/uploads\/sites\/6\/2025\/05\/img-20250524-105818-1024x768.jpg 1024w, https:\/\/vosgesinfo.fr\/app\/uploads\/sites\/6\/2025\/05\/img-20250524-105818-300x225.jpg 300w, https:\/\/vosgesinfo.fr\/app\/uploads\/sites\/6\/2025\/05\/img-20250524-105818-768x576.jpg 768w, https:\/\/vosgesinfo.fr\/app\/uploads\/sites\/6\/2025\/05\/img-20250524-105818-1536x1152.jpg 1536w, https:\/\/vosgesinfo.fr\/app\/uploads\/sites\/6\/2025\/05\/img-20250524-105818.jpg 2040w\" sizes=\"(max-width: 1024px) 100vw, 1024px\" \/><\/a><\/p>\n","protected":false},"excerpt":{"rendered":"<p>Samedi matin avait lieu la cl\u00f4ture des annuels D\u00e9fis du Bois de l&rsquo;ENSTIB (\u00e9cole nationale sup\u00e9rieure des technologies et du [&hellip;]<\/p>\n","protected":false},"author":42,"featured_media":78417,"comment_status":"open","ping_status":"open","sticky":false,"template":"","format":"standard","meta":{"footnotes":""},"categories":[20,6,7,878,5647,328,868,946],"tags":[3072,2815,72,7365],"class_list":["post-78414","post","type-post","status-publish","format-standard","has-post-thumbnail","hentry","category-a-la-une","category-education","category-environnement","category-epinal","category-gerardmer-autres-sites","category-la-plaine-des-vosges","category-remiremont","category-saint-die","tag-defis-du-bois","tag-enstib","tag-jardin-du-haut-chitelet","tag-laurent-bleron"],"acf":[],"yoast_head":"<!-- This site is optimized with the Yoast SEO plugin v22.5 - https:\/\/yoast.com\/wordpress\/plugins\/seo\/ -->\n<title>Les D\u00e9fis du Bois : des structures qui s&#039;accordent avec po\u00e9sie et justesse au Jardin du haut Chitelet - Gerardmer Info<\/title>\n<meta name=\"robots\" content=\"index, follow, max-snippet:-1, max-image-preview:large, max-video-preview:-1\" \/>\n<link rel=\"canonical\" href=\"https:\/\/vosgesinfo.fr\/gerardmerinfo\/2025\/05\/les-defis-du-bois-des-structures-qui-saccordent-avec-poesie-et-justesse-au-jardin-du-haut-chitelet\/\" \/>\n<meta name=\"twitter:card\" content=\"summary_large_image\" \/>\n<meta name=\"twitter:title\" content=\"Les D\u00e9fis du Bois : des structures qui s&#039;accordent avec po\u00e9sie et justesse au Jardin du haut Chitelet - Gerardmer Info\" \/>\n<meta name=\"twitter:description\" content=\"Samedi matin avait lieu la cl\u00f4ture des annuels D\u00e9fis du Bois de l&rsquo;ENSTIB (\u00e9cole nationale sup\u00e9rieure des technologies et du [&hellip;]\" \/>\n<meta name=\"twitter:image\" content=\"https:\/\/vosgesinfo.fr\/app\/uploads\/sites\/6\/2025\/05\/defis-du-bois-2025-enstib-haut-chitelet-2.jpg\" \/>\n<meta name=\"twitter:creator\" content=\"@VosgesInfo88\" \/>\n<meta name=\"twitter:site\" content=\"@VosgesInfo88\" \/>\n<meta name=\"twitter:label1\" content=\"\u00c9crit par\" \/>\n\t<meta name=\"twitter:data1\" content=\"QG\" \/>\n\t<meta name=\"twitter:label2\" content=\"Dur\u00e9e de lecture estim\u00e9e\" \/>\n\t<meta name=\"twitter:data2\" content=\"4 minutes\" \/>\n<script type=\"application\/ld+json\" class=\"yoast-schema-graph\">{\"@context\":\"https:\/\/schema.org\",\"@graph\":[{\"@type\":\"Article\",\"@id\":\"https:\/\/vosgesinfo.fr\/gerardmerinfo\/2025\/05\/les-defis-du-bois-des-structures-qui-saccordent-avec-poesie-et-justesse-au-jardin-du-haut-chitelet\/#article\",\"isPartOf\":{\"@id\":\"https:\/\/vosgesinfo.fr\/gerardmerinfo\/2025\/05\/les-defis-du-bois-des-structures-qui-saccordent-avec-poesie-et-justesse-au-jardin-du-haut-chitelet\/\"},\"author\":{\"name\":\"QG\",\"@id\":\"https:\/\/vosgesinfo.fr\/gerardmerinfo\/#\/schema\/person\/db5605779a843dad16b5368f3e7613a5\"},\"headline\":\"Les D\u00e9fis du Bois : des structures qui s&rsquo;accordent avec po\u00e9sie et justesse au Jardin du haut Chitelet\",\"datePublished\":\"2025-05-24T13:25:12+00:00\",\"dateModified\":\"2025-05-24T17:20:39+00:00\",\"mainEntityOfPage\":{\"@id\":\"https:\/\/vosgesinfo.fr\/gerardmerinfo\/2025\/05\/les-defis-du-bois-des-structures-qui-saccordent-avec-poesie-et-justesse-au-jardin-du-haut-chitelet\/\"},\"wordCount\":453,\"commentCount\":0,\"publisher\":{\"@id\":\"https:\/\/vosgesinfo.fr\/gerardmerinfo\/#organization\"},\"image\":{\"@id\":\"https:\/\/vosgesinfo.fr\/gerardmerinfo\/2025\/05\/les-defis-du-bois-des-structures-qui-saccordent-avec-poesie-et-justesse-au-jardin-du-haut-chitelet\/#primaryimage\"},\"thumbnailUrl\":\"https:\/\/vosgesinfo.fr\/app\/uploads\/sites\/6\/2025\/05\/defis-du-bois-2025-enstib-haut-chitelet-2.jpg\",\"keywords\":[\"defis du bois\",\"Enstib\",\"jardin du haut chitelet\",\"Laurent Bleron\"],\"articleSection\":[\"A la une\",\"\u00c9ducation\",\"Environnement\",\"Epinal\",\"Gerardmer\",\"La plaine des vosges\",\"Remiremont\",\"Saint-di\u00e9\"],\"inLanguage\":\"fr-FR\",\"potentialAction\":[{\"@type\":\"CommentAction\",\"name\":\"Comment\",\"target\":[\"https:\/\/vosgesinfo.fr\/gerardmerinfo\/2025\/05\/les-defis-du-bois-des-structures-qui-saccordent-avec-poesie-et-justesse-au-jardin-du-haut-chitelet\/#respond\"]}]},{\"@type\":\"WebPage\",\"@id\":\"https:\/\/vosgesinfo.fr\/gerardmerinfo\/2025\/05\/les-defis-du-bois-des-structures-qui-saccordent-avec-poesie-et-justesse-au-jardin-du-haut-chitelet\/\",\"url\":\"https:\/\/vosgesinfo.fr\/gerardmerinfo\/2025\/05\/les-defis-du-bois-des-structures-qui-saccordent-avec-poesie-et-justesse-au-jardin-du-haut-chitelet\/\",\"name\":\"Les D\u00e9fis du Bois : des structures qui s'accordent avec po\u00e9sie et justesse au Jardin du haut Chitelet - Gerardmer Info\",\"isPartOf\":{\"@id\":\"https:\/\/vosgesinfo.fr\/gerardmerinfo\/#website\"},\"primaryImageOfPage\":{\"@id\":\"https:\/\/vosgesinfo.fr\/gerardmerinfo\/2025\/05\/les-defis-du-bois-des-structures-qui-saccordent-avec-poesie-et-justesse-au-jardin-du-haut-chitelet\/#primaryimage\"},\"image\":{\"@id\":\"https:\/\/vosgesinfo.fr\/gerardmerinfo\/2025\/05\/les-defis-du-bois-des-structures-qui-saccordent-avec-poesie-et-justesse-au-jardin-du-haut-chitelet\/#primaryimage\"},\"thumbnailUrl\":\"https:\/\/vosgesinfo.fr\/app\/uploads\/sites\/6\/2025\/05\/defis-du-bois-2025-enstib-haut-chitelet-2.jpg\",\"datePublished\":\"2025-05-24T13:25:12+00:00\",\"dateModified\":\"2025-05-24T17:20:39+00:00\",\"breadcrumb\":{\"@id\":\"https:\/\/vosgesinfo.fr\/gerardmerinfo\/2025\/05\/les-defis-du-bois-des-structures-qui-saccordent-avec-poesie-et-justesse-au-jardin-du-haut-chitelet\/#breadcrumb\"},\"inLanguage\":\"fr-FR\",\"potentialAction\":[{\"@type\":\"ReadAction\",\"target\":[\"https:\/\/vosgesinfo.fr\/gerardmerinfo\/2025\/05\/les-defis-du-bois-des-structures-qui-saccordent-avec-poesie-et-justesse-au-jardin-du-haut-chitelet\/\"]}]},{\"@type\":\"ImageObject\",\"inLanguage\":\"fr-FR\",\"@id\":\"https:\/\/vosgesinfo.fr\/gerardmerinfo\/2025\/05\/les-defis-du-bois-des-structures-qui-saccordent-avec-poesie-et-justesse-au-jardin-du-haut-chitelet\/#primaryimage\",\"url\":\"https:\/\/vosgesinfo.fr\/app\/uploads\/sites\/6\/2025\/05\/defis-du-bois-2025-enstib-haut-chitelet-2.jpg\",\"contentUrl\":\"https:\/\/vosgesinfo.fr\/app\/uploads\/sites\/6\/2025\/05\/defis-du-bois-2025-enstib-haut-chitelet-2.jpg\",\"width\":1512,\"height\":1008},{\"@type\":\"BreadcrumbList\",\"@id\":\"https:\/\/vosgesinfo.fr\/gerardmerinfo\/2025\/05\/les-defis-du-bois-des-structures-qui-saccordent-avec-poesie-et-justesse-au-jardin-du-haut-chitelet\/#breadcrumb\",\"itemListElement\":[{\"@type\":\"ListItem\",\"position\":1,\"name\":\"Home\",\"item\":\"https:\/\/vosgesinfo.fr\/gerardmerinfo\/\"},{\"@type\":\"ListItem\",\"position\":2,\"name\":\"Les D\u00e9fis du Bois : des structures qui s&#8217;accordent avec po\u00e9sie et justesse au Jardin du haut Chitelet\"}]},{\"@type\":\"WebSite\",\"@id\":\"https:\/\/vosgesinfo.fr\/gerardmerinfo\/#website\",\"url\":\"https:\/\/vosgesinfo.fr\/gerardmerinfo\/\",\"name\":\"Gerardmer Info\",\"description\":\"Toute l&#039;actualit\u00e9 de G\u00e9rardmer\",\"publisher\":{\"@id\":\"https:\/\/vosgesinfo.fr\/gerardmerinfo\/#organization\"},\"alternateName\":\"Toute l'actualit\u00e9 de G\u00e9rardmer\",\"potentialAction\":[{\"@type\":\"SearchAction\",\"target\":{\"@type\":\"EntryPoint\",\"urlTemplate\":\"https:\/\/vosgesinfo.fr\/gerardmerinfo\/?s={search_term_string}\"},\"query-input\":\"required name=search_term_string\"}],\"inLanguage\":\"fr-FR\"},{\"@type\":\"Organization\",\"@id\":\"https:\/\/vosgesinfo.fr\/gerardmerinfo\/#organization\",\"name\":\"Gerardmer Info\",\"url\":\"https:\/\/vosgesinfo.fr\/gerardmerinfo\/\",\"logo\":{\"@type\":\"ImageObject\",\"inLanguage\":\"fr-FR\",\"@id\":\"https:\/\/vosgesinfo.fr\/gerardmerinfo\/#\/schema\/logo\/image\/\",\"url\":\"https:\/\/vosgesinfo.fr\/app\/uploads\/sites\/6\/2023\/08\/favicon-gerardmerinfo.png\",\"contentUrl\":\"https:\/\/vosgesinfo.fr\/app\/uploads\/sites\/6\/2023\/08\/favicon-gerardmerinfo.png\",\"width\":512,\"height\":512,\"caption\":\"Gerardmer Info\"},\"image\":{\"@id\":\"https:\/\/vosgesinfo.fr\/gerardmerinfo\/#\/schema\/logo\/image\/\"},\"sameAs\":[\"https:\/\/www.facebook.com\/profile.php?id=100049475262660\",\"https:\/\/x.com\/VosgesInfo88\",\"https:\/\/www.youtube.com\/@vosgesinfo\"]},{\"@type\":\"Person\",\"@id\":\"https:\/\/vosgesinfo.fr\/gerardmerinfo\/#\/schema\/person\/db5605779a843dad16b5368f3e7613a5\",\"name\":\"QG\",\"image\":{\"@type\":\"ImageObject\",\"inLanguage\":\"fr-FR\",\"@id\":\"https:\/\/vosgesinfo.fr\/gerardmerinfo\/#\/schema\/person\/image\/\",\"url\":\"https:\/\/secure.gravatar.com\/avatar\/ea80c42c204b534408512832fde52504ecabb9706bcb6151cf6175e5b64e6793?s=96&d=mm&r=g\",\"contentUrl\":\"https:\/\/secure.gravatar.com\/avatar\/ea80c42c204b534408512832fde52504ecabb9706bcb6151cf6175e5b64e6793?s=96&d=mm&r=g\",\"caption\":\"QG\"},\"url\":\"https:\/\/vosgesinfo.fr\/gerardmerinfo\/author\/quentin88\/\"}]}<\/script>\n<!-- \/ Yoast SEO plugin. -->","yoast_head_json":{"title":"Les D\u00e9fis du Bois : des structures qui s'accordent avec po\u00e9sie et justesse au Jardin du haut Chitelet - Gerardmer Info","robots":{"index":"index","follow":"follow","max-snippet":"max-snippet:-1","max-image-preview":"max-image-preview:large","max-video-preview":"max-video-preview:-1"},"canonical":"https:\/\/vosgesinfo.fr\/gerardmerinfo\/2025\/05\/les-defis-du-bois-des-structures-qui-saccordent-avec-poesie-et-justesse-au-jardin-du-haut-chitelet\/","twitter_card":"summary_large_image","twitter_title":"Les D\u00e9fis du Bois : des structures qui s'accordent avec po\u00e9sie et justesse au Jardin du haut Chitelet - Gerardmer Info","twitter_description":"Samedi matin avait lieu la cl\u00f4ture des annuels D\u00e9fis du Bois de l&rsquo;ENSTIB (\u00e9cole nationale sup\u00e9rieure des technologies et du [&hellip;]","twitter_image":"https:\/\/vosgesinfo.fr\/app\/uploads\/sites\/6\/2025\/05\/defis-du-bois-2025-enstib-haut-chitelet-2.jpg","twitter_creator":"@VosgesInfo88","twitter_site":"@VosgesInfo88","twitter_misc":{"\u00c9crit par":"QG","Dur\u00e9e de lecture estim\u00e9e":"4 minutes"},"schema":{"@context":"https:\/\/schema.org","@graph":[{"@type":"Article","@id":"https:\/\/vosgesinfo.fr\/gerardmerinfo\/2025\/05\/les-defis-du-bois-des-structures-qui-saccordent-avec-poesie-et-justesse-au-jardin-du-haut-chitelet\/#article","isPartOf":{"@id":"https:\/\/vosgesinfo.fr\/gerardmerinfo\/2025\/05\/les-defis-du-bois-des-structures-qui-saccordent-avec-poesie-et-justesse-au-jardin-du-haut-chitelet\/"},"author":{"name":"QG","@id":"https:\/\/vosgesinfo.fr\/gerardmerinfo\/#\/schema\/person\/db5605779a843dad16b5368f3e7613a5"},"headline":"Les D\u00e9fis du Bois : des structures qui s&rsquo;accordent avec po\u00e9sie et justesse au Jardin du haut Chitelet","datePublished":"2025-05-24T13:25:12+00:00","dateModified":"2025-05-24T17:20:39+00:00","mainEntityOfPage":{"@id":"https:\/\/vosgesinfo.fr\/gerardmerinfo\/2025\/05\/les-defis-du-bois-des-structures-qui-saccordent-avec-poesie-et-justesse-au-jardin-du-haut-chitelet\/"},"wordCount":453,"commentCount":0,"publisher":{"@id":"https:\/\/vosgesinfo.fr\/gerardmerinfo\/#organization"},"image":{"@id":"https:\/\/vosgesinfo.fr\/gerardmerinfo\/2025\/05\/les-defis-du-bois-des-structures-qui-saccordent-avec-poesie-et-justesse-au-jardin-du-haut-chitelet\/#primaryimage"},"thumbnailUrl":"https:\/\/vosgesinfo.fr\/app\/uploads\/sites\/6\/2025\/05\/defis-du-bois-2025-enstib-haut-chitelet-2.jpg","keywords":["defis du bois","Enstib","jardin du haut chitelet","Laurent Bleron"],"articleSection":["A la une","\u00c9ducation","Environnement","Epinal","Gerardmer","La plaine des vosges","Remiremont","Saint-di\u00e9"],"inLanguage":"fr-FR","potentialAction":[{"@type":"CommentAction","name":"Comment","target":["https:\/\/vosgesinfo.fr\/gerardmerinfo\/2025\/05\/les-defis-du-bois-des-structures-qui-saccordent-avec-poesie-et-justesse-au-jardin-du-haut-chitelet\/#respond"]}]},{"@type":"WebPage","@id":"https:\/\/vosgesinfo.fr\/gerardmerinfo\/2025\/05\/les-defis-du-bois-des-structures-qui-saccordent-avec-poesie-et-justesse-au-jardin-du-haut-chitelet\/","url":"https:\/\/vosgesinfo.fr\/gerardmerinfo\/2025\/05\/les-defis-du-bois-des-structures-qui-saccordent-avec-poesie-et-justesse-au-jardin-du-haut-chitelet\/","name":"Les D\u00e9fis du Bois : des structures qui s'accordent avec po\u00e9sie et justesse au Jardin du haut Chitelet - Gerardmer Info","isPartOf":{"@id":"https:\/\/vosgesinfo.fr\/gerardmerinfo\/#website"},"primaryImageOfPage":{"@id":"https:\/\/vosgesinfo.fr\/gerardmerinfo\/2025\/05\/les-defis-du-bois-des-structures-qui-saccordent-avec-poesie-et-justesse-au-jardin-du-haut-chitelet\/#primaryimage"},"image":{"@id":"https:\/\/vosgesinfo.fr\/gerardmerinfo\/2025\/05\/les-defis-du-bois-des-structures-qui-saccordent-avec-poesie-et-justesse-au-jardin-du-haut-chitelet\/#primaryimage"},"thumbnailUrl":"https:\/\/vosgesinfo.fr\/app\/uploads\/sites\/6\/2025\/05\/defis-du-bois-2025-enstib-haut-chitelet-2.jpg","datePublished":"2025-05-24T13:25:12+00:00","dateModified":"2025-05-24T17:20:39+00:00","breadcrumb":{"@id":"https:\/\/vosgesinfo.fr\/gerardmerinfo\/2025\/05\/les-defis-du-bois-des-structures-qui-saccordent-avec-poesie-et-justesse-au-jardin-du-haut-chitelet\/#breadcrumb"},"inLanguage":"fr-FR","potentialAction":[{"@type":"ReadAction","target":["https:\/\/vosgesinfo.fr\/gerardmerinfo\/2025\/05\/les-defis-du-bois-des-structures-qui-saccordent-avec-poesie-et-justesse-au-jardin-du-haut-chitelet\/"]}]},{"@type":"ImageObject","inLanguage":"fr-FR","@id":"https:\/\/vosgesinfo.fr\/gerardmerinfo\/2025\/05\/les-defis-du-bois-des-structures-qui-saccordent-avec-poesie-et-justesse-au-jardin-du-haut-chitelet\/#primaryimage","url":"https:\/\/vosgesinfo.fr\/app\/uploads\/sites\/6\/2025\/05\/defis-du-bois-2025-enstib-haut-chitelet-2.jpg","contentUrl":"https:\/\/vosgesinfo.fr\/app\/uploads\/sites\/6\/2025\/05\/defis-du-bois-2025-enstib-haut-chitelet-2.jpg","width":1512,"height":1008},{"@type":"BreadcrumbList","@id":"https:\/\/vosgesinfo.fr\/gerardmerinfo\/2025\/05\/les-defis-du-bois-des-structures-qui-saccordent-avec-poesie-et-justesse-au-jardin-du-haut-chitelet\/#breadcrumb","itemListElement":[{"@type":"ListItem","position":1,"name":"Home","item":"https:\/\/vosgesinfo.fr\/gerardmerinfo\/"},{"@type":"ListItem","position":2,"name":"Les D\u00e9fis du Bois : des structures qui s&#8217;accordent avec po\u00e9sie et justesse au Jardin du haut Chitelet"}]},{"@type":"WebSite","@id":"https:\/\/vosgesinfo.fr\/gerardmerinfo\/#website","url":"https:\/\/vosgesinfo.fr\/gerardmerinfo\/","name":"Gerardmer Info","description":"Toute l&#039;actualit\u00e9 de G\u00e9rardmer","publisher":{"@id":"https:\/\/vosgesinfo.fr\/gerardmerinfo\/#organization"},"alternateName":"Toute l'actualit\u00e9 de G\u00e9rardmer","potentialAction":[{"@type":"SearchAction","target":{"@type":"EntryPoint","urlTemplate":"https:\/\/vosgesinfo.fr\/gerardmerinfo\/?s={search_term_string}"},"query-input":"required name=search_term_string"}],"inLanguage":"fr-FR"},{"@type":"Organization","@id":"https:\/\/vosgesinfo.fr\/gerardmerinfo\/#organization","name":"Gerardmer Info","url":"https:\/\/vosgesinfo.fr\/gerardmerinfo\/","logo":{"@type":"ImageObject","inLanguage":"fr-FR","@id":"https:\/\/vosgesinfo.fr\/gerardmerinfo\/#\/schema\/logo\/image\/","url":"https:\/\/vosgesinfo.fr\/app\/uploads\/sites\/6\/2023\/08\/favicon-gerardmerinfo.png","contentUrl":"https:\/\/vosgesinfo.fr\/app\/uploads\/sites\/6\/2023\/08\/favicon-gerardmerinfo.png","width":512,"height":512,"caption":"Gerardmer Info"},"image":{"@id":"https:\/\/vosgesinfo.fr\/gerardmerinfo\/#\/schema\/logo\/image\/"},"sameAs":["https:\/\/www.facebook.com\/profile.php?id=100049475262660","https:\/\/x.com\/VosgesInfo88","https:\/\/www.youtube.com\/@vosgesinfo"]},{"@type":"Person","@id":"https:\/\/vosgesinfo.fr\/gerardmerinfo\/#\/schema\/person\/db5605779a843dad16b5368f3e7613a5","name":"QG","image":{"@type":"ImageObject","inLanguage":"fr-FR","@id":"https:\/\/vosgesinfo.fr\/gerardmerinfo\/#\/schema\/person\/image\/","url":"https:\/\/secure.gravatar.com\/avatar\/ea80c42c204b534408512832fde52504ecabb9706bcb6151cf6175e5b64e6793?s=96&d=mm&r=g","contentUrl":"https:\/\/secure.gravatar.com\/avatar\/ea80c42c204b534408512832fde52504ecabb9706bcb6151cf6175e5b64e6793?s=96&d=mm&r=g","caption":"QG"},"url":"https:\/\/vosgesinfo.fr\/gerardmerinfo\/author\/quentin88\/"}]}},"_links":{"self":[{"href":"https:\/\/vosgesinfo.fr\/gerardmerinfo\/wp-json\/wp\/v2\/posts\/78414","targetHints":{"allow":["GET"]}}],"collection":[{"href":"https:\/\/vosgesinfo.fr\/gerardmerinfo\/wp-json\/wp\/v2\/posts"}],"about":[{"href":"https:\/\/vosgesinfo.fr\/gerardmerinfo\/wp-json\/wp\/v2\/types\/post"}],"author":[{"embeddable":true,"href":"https:\/\/vosgesinfo.fr\/gerardmerinfo\/wp-json\/wp\/v2\/users\/42"}],"replies":[{"embeddable":true,"href":"https:\/\/vosgesinfo.fr\/gerardmerinfo\/wp-json\/wp\/v2\/comments?post=78414"}],"version-history":[{"count":5,"href":"https:\/\/vosgesinfo.fr\/gerardmerinfo\/wp-json\/wp\/v2\/posts\/78414\/revisions"}],"predecessor-version":[{"id":78437,"href":"https:\/\/vosgesinfo.fr\/gerardmerinfo\/wp-json\/wp\/v2\/posts\/78414\/revisions\/78437"}],"wp:featuredmedia":[{"embeddable":true,"href":"https:\/\/vosgesinfo.fr\/gerardmerinfo\/wp-json\/wp\/v2\/media\/78417"}],"wp:attachment":[{"href":"https:\/\/vosgesinfo.fr\/gerardmerinfo\/wp-json\/wp\/v2\/media?parent=78414"}],"wp:term":[{"taxonomy":"category","embeddable":true,"href":"https:\/\/vosgesinfo.fr\/gerardmerinfo\/wp-json\/wp\/v2\/categories?post=78414"},{"taxonomy":"post_tag","embeddable":true,"href":"https:\/\/vosgesinfo.fr\/gerardmerinfo\/wp-json\/wp\/v2\/tags?post=78414"}],"curies":[{"name":"wp","href":"https:\/\/api.w.org\/{rel}","templated":true}]}}