{"id":78452,"date":"2025-05-26T05:58:41","date_gmt":"2025-05-26T03:58:41","guid":{"rendered":"https:\/\/vosgesinfo.fr\/gerardmerinfo\/?p=78452"},"modified":"2025-05-25T15:27:21","modified_gmt":"2025-05-25T13:27:21","slug":"gerardmer-le-grattoir-fait-le-plein-pour-sa-3e-assemblee-generale","status":"publish","type":"post","link":"https:\/\/vosgesinfo.fr\/gerardmerinfo\/2025\/05\/gerardmer-le-grattoir-fait-le-plein-pour-sa-3e-assemblee-generale\/","title":{"rendered":"G\u00e9rardmer : le Grattoir fait le plein pour sa 3e assembl\u00e9e g\u00e9n\u00e9rale"},"content":{"rendered":"<p data-start=\"296\" data-end=\"416\"><a href=\"https:\/\/vosgesinfo.fr\/app\/uploads\/sites\/6\/2025\/05\/q11-1.jpg\"><img decoding=\"async\" class=\"aligncenter size-large wp-image-78453\" src=\"https:\/\/vosgesinfo.fr\/app\/uploads\/sites\/6\/2025\/05\/q11-1-1024x461.jpg\" alt=\"\" width=\"1024\" height=\"461\" srcset=\"https:\/\/vosgesinfo.fr\/app\/uploads\/sites\/6\/2025\/05\/q11-1-1024x461.jpg 1024w, https:\/\/vosgesinfo.fr\/app\/uploads\/sites\/6\/2025\/05\/q11-1-300x135.jpg 300w, https:\/\/vosgesinfo.fr\/app\/uploads\/sites\/6\/2025\/05\/q11-1-768x346.jpg 768w, https:\/\/vosgesinfo.fr\/app\/uploads\/sites\/6\/2025\/05\/q11-1-1536x691.jpg 1536w, https:\/\/vosgesinfo.fr\/app\/uploads\/sites\/6\/2025\/05\/q11-1.jpg 2000w\" sizes=\"(max-width: 1024px) 100vw, 1024px\" \/><\/a><\/p>\n<p data-start=\"418\" data-end=\"718\"><strong>L\u2019association <em data-start=\"444\" data-end=\"466\">Ensemble au Grattoir<\/em> a tenu sa troisi\u00e8me assembl\u00e9e g\u00e9n\u00e9rale samedi dans ses locaux situ\u00e9s au 11, boulevard Kelsch. Le lieu associatif compte d\u00e9sormais une trentaine de b\u00e9n\u00e9voles actifs pour 287 adh\u00e9rents.<br \/>\n<\/strong><\/p>\n<p data-start=\"720\" data-end=\"1053\"><span style=\"font-size: 12pt;\">Trois ans apr\u00e8s sa cr\u00e9ation, le lieu a su trouver sa vitesse de croisi\u00e8re et il \u00e9tait temps de dresser un bilan enthousiaste de l\u2019ann\u00e9e \u00e9coul\u00e9e. Ainsi, le pr\u00e9sident de la structure Paul de Montclos a mis en avant\u00a0un v\u00e9ritable engagement collectif pour faire vivre ce lieu qui associe le culturel, le loisir et le solidaire. Et de r\u00e9sumer avec conviction : \u00ab Le Grattoir, c\u2019est un antidote \u00e0 la solitude \u00bb.<\/span><\/p>\n<h3 data-start=\"1055\" data-end=\"1084\"><span style=\"font-size: 12pt;\">Une dynamique bien ancr\u00e9e<\/span><\/h3>\n<p data-start=\"1086\" data-end=\"1343\"><span style=\"font-size: 12pt;\">L\u2019association ne cesse de se r\u00e9inventer. Activit\u00e9s culturelles, repas partag\u00e9s, jeux de soci\u00e9t\u00e9\u2026 Au Grattoir, il se passe toujours quelque chose d\u00e8s qu&rsquo;une lumi\u00e8re est allum\u00e9e. L\u2019ambiance y est chaleureuse, l\u2019accueil bienveillant, et chacun peut y trouver sa place. En 2024, les b\u00e9n\u00e9voles ont propos\u00e9 un peu plus d&rsquo;un concert par mois en moyenne, une vingtaine de conf\u00e9rences et ils ont servi 1 150 repas, dont plus de la moiti\u00e9 \u00e0 tarif solidaire. L\u2019adh\u00e9sion annuelle, \u00e0 partir de 12,50 \u20ac, permet \u00e0 chacun de soutenir ce projet humain et inclusif. Autre point fort : l\u2019ind\u00e9pendance financi\u00e8re de l\u2019association qui fonctionne actuellement sans subventions, gr\u00e2ce \u00e0 trois g\u00e9n\u00e9reux donateurs et de nombreux dons.<\/span><\/p>\n<h3 data-start=\"1708\" data-end=\"1737\"><span style=\"font-size: 12pt;\">Appel aux bonnes volont\u00e9s<\/span><\/h3>\n<p data-start=\"1739\" data-end=\"2126\"><span style=\"font-size: 12pt;\">Aujourd\u2019hui, l\u2019\u00e9quipe cherche \u00e0 \u00e9largir ses horaires d\u2019ouverture et lance un appel \u00e0 toutes les bonnes volont\u00e9s. L\u2019id\u00e9e ? Enrichir encore les animations autour de la culture, de la cuisine du monde, de la musique ou de la litt\u00e9rature. Il y a encore des cr\u00e9neaux disponibles, notamment le mercredi, rappelle l\u2019\u00e9quipe, qui invite \u00e9galement les adh\u00e9rents \u00e0 s\u2019impliquer davantage dans la vie du bureau. C&rsquo;est indispensable pour que ce<\/span><span style=\"font-size: 12pt;\"> lieu vivant, solidaire, et plus que jamais ancr\u00e9 dans le paysage local puissent continuer \u00e0 se d\u00e9velopper.<\/span><\/p>\n","protected":false},"excerpt":{"rendered":"<p>L\u2019association Ensemble au Grattoir a tenu sa troisi\u00e8me assembl\u00e9e g\u00e9n\u00e9rale samedi dans ses locaux situ\u00e9s au 11, boulevard Kelsch. Le [&hellip;]<\/p>\n","protected":false},"author":42,"featured_media":78453,"comment_status":"open","ping_status":"open","sticky":false,"template":"","format":"standard","meta":{"footnotes":""},"categories":[20,34,4,5647,25,64,17],"tags":[35],"class_list":["post-78452","post","type-post","status-publish","format-standard","has-post-thumbnail","hentry","category-a-la-une","category-concert","category-culture","category-gerardmer-autres-sites","category-gerardmer","category-litterature","category-vie-associative","tag-bar-le-grattoir"],"acf":[],"yoast_head":"<!-- This site is optimized with the Yoast SEO plugin v22.5 - https:\/\/yoast.com\/wordpress\/plugins\/seo\/ -->\n<title>G\u00e9rardmer : le Grattoir fait le plein pour sa 3e assembl\u00e9e g\u00e9n\u00e9rale - Gerardmer Info<\/title>\n<meta name=\"robots\" content=\"index, follow, max-snippet:-1, max-image-preview:large, max-video-preview:-1\" \/>\n<link rel=\"canonical\" href=\"https:\/\/vosgesinfo.fr\/gerardmerinfo\/2025\/05\/gerardmer-le-grattoir-fait-le-plein-pour-sa-3e-assemblee-generale\/\" \/>\n<meta name=\"twitter:card\" content=\"summary_large_image\" \/>\n<meta name=\"twitter:title\" content=\"G\u00e9rardmer : le Grattoir fait le plein pour sa 3e assembl\u00e9e g\u00e9n\u00e9rale - Gerardmer Info\" \/>\n<meta name=\"twitter:description\" content=\"L\u2019association Ensemble au Grattoir a tenu sa troisi\u00e8me assembl\u00e9e g\u00e9n\u00e9rale samedi dans ses locaux situ\u00e9s au 11, boulevard Kelsch. Le [&hellip;]\" \/>\n<meta name=\"twitter:image\" content=\"https:\/\/vosgesinfo.fr\/app\/uploads\/sites\/6\/2025\/05\/q11-1.jpg\" \/>\n<meta name=\"twitter:creator\" content=\"@VosgesInfo88\" \/>\n<meta name=\"twitter:site\" content=\"@VosgesInfo88\" \/>\n<meta name=\"twitter:label1\" content=\"\u00c9crit par\" \/>\n\t<meta name=\"twitter:data1\" content=\"QG\" \/>\n\t<meta name=\"twitter:label2\" content=\"Dur\u00e9e de lecture estim\u00e9e\" \/>\n\t<meta name=\"twitter:data2\" content=\"2 minutes\" \/>\n<script type=\"application\/ld+json\" class=\"yoast-schema-graph\">{\"@context\":\"https:\/\/schema.org\",\"@graph\":[{\"@type\":\"Article\",\"@id\":\"https:\/\/vosgesinfo.fr\/gerardmerinfo\/2025\/05\/gerardmer-le-grattoir-fait-le-plein-pour-sa-3e-assemblee-generale\/#article\",\"isPartOf\":{\"@id\":\"https:\/\/vosgesinfo.fr\/gerardmerinfo\/2025\/05\/gerardmer-le-grattoir-fait-le-plein-pour-sa-3e-assemblee-generale\/\"},\"author\":{\"name\":\"QG\",\"@id\":\"https:\/\/vosgesinfo.fr\/gerardmerinfo\/#\/schema\/person\/db5605779a843dad16b5368f3e7613a5\"},\"headline\":\"G\u00e9rardmer : le Grattoir fait le plein pour sa 3e assembl\u00e9e g\u00e9n\u00e9rale\",\"datePublished\":\"2025-05-26T03:58:41+00:00\",\"dateModified\":\"2025-05-25T13:27:21+00:00\",\"mainEntityOfPage\":{\"@id\":\"https:\/\/vosgesinfo.fr\/gerardmerinfo\/2025\/05\/gerardmer-le-grattoir-fait-le-plein-pour-sa-3e-assemblee-generale\/\"},\"wordCount\":364,\"commentCount\":0,\"publisher\":{\"@id\":\"https:\/\/vosgesinfo.fr\/gerardmerinfo\/#organization\"},\"image\":{\"@id\":\"https:\/\/vosgesinfo.fr\/gerardmerinfo\/2025\/05\/gerardmer-le-grattoir-fait-le-plein-pour-sa-3e-assemblee-generale\/#primaryimage\"},\"thumbnailUrl\":\"https:\/\/vosgesinfo.fr\/app\/uploads\/sites\/6\/2025\/05\/q11-1.jpg\",\"keywords\":[\"bar le grattoir\"],\"articleSection\":[\"A la une\",\"Concert\",\"Culture\",\"Gerardmer\",\"G\u00e9rardmer\",\"Litt\u00e9rature\",\"Vie Associative\"],\"inLanguage\":\"fr-FR\",\"potentialAction\":[{\"@type\":\"CommentAction\",\"name\":\"Comment\",\"target\":[\"https:\/\/vosgesinfo.fr\/gerardmerinfo\/2025\/05\/gerardmer-le-grattoir-fait-le-plein-pour-sa-3e-assemblee-generale\/#respond\"]}]},{\"@type\":\"WebPage\",\"@id\":\"https:\/\/vosgesinfo.fr\/gerardmerinfo\/2025\/05\/gerardmer-le-grattoir-fait-le-plein-pour-sa-3e-assemblee-generale\/\",\"url\":\"https:\/\/vosgesinfo.fr\/gerardmerinfo\/2025\/05\/gerardmer-le-grattoir-fait-le-plein-pour-sa-3e-assemblee-generale\/\",\"name\":\"G\u00e9rardmer : le Grattoir fait le plein pour sa 3e assembl\u00e9e g\u00e9n\u00e9rale - Gerardmer Info\",\"isPartOf\":{\"@id\":\"https:\/\/vosgesinfo.fr\/gerardmerinfo\/#website\"},\"primaryImageOfPage\":{\"@id\":\"https:\/\/vosgesinfo.fr\/gerardmerinfo\/2025\/05\/gerardmer-le-grattoir-fait-le-plein-pour-sa-3e-assemblee-generale\/#primaryimage\"},\"image\":{\"@id\":\"https:\/\/vosgesinfo.fr\/gerardmerinfo\/2025\/05\/gerardmer-le-grattoir-fait-le-plein-pour-sa-3e-assemblee-generale\/#primaryimage\"},\"thumbnailUrl\":\"https:\/\/vosgesinfo.fr\/app\/uploads\/sites\/6\/2025\/05\/q11-1.jpg\",\"datePublished\":\"2025-05-26T03:58:41+00:00\",\"dateModified\":\"2025-05-25T13:27:21+00:00\",\"breadcrumb\":{\"@id\":\"https:\/\/vosgesinfo.fr\/gerardmerinfo\/2025\/05\/gerardmer-le-grattoir-fait-le-plein-pour-sa-3e-assemblee-generale\/#breadcrumb\"},\"inLanguage\":\"fr-FR\",\"potentialAction\":[{\"@type\":\"ReadAction\",\"target\":[\"https:\/\/vosgesinfo.fr\/gerardmerinfo\/2025\/05\/gerardmer-le-grattoir-fait-le-plein-pour-sa-3e-assemblee-generale\/\"]}]},{\"@type\":\"ImageObject\",\"inLanguage\":\"fr-FR\",\"@id\":\"https:\/\/vosgesinfo.fr\/gerardmerinfo\/2025\/05\/gerardmer-le-grattoir-fait-le-plein-pour-sa-3e-assemblee-generale\/#primaryimage\",\"url\":\"https:\/\/vosgesinfo.fr\/app\/uploads\/sites\/6\/2025\/05\/q11-1.jpg\",\"contentUrl\":\"https:\/\/vosgesinfo.fr\/app\/uploads\/sites\/6\/2025\/05\/q11-1.jpg\",\"width\":2000,\"height\":900},{\"@type\":\"BreadcrumbList\",\"@id\":\"https:\/\/vosgesinfo.fr\/gerardmerinfo\/2025\/05\/gerardmer-le-grattoir-fait-le-plein-pour-sa-3e-assemblee-generale\/#breadcrumb\",\"itemListElement\":[{\"@type\":\"ListItem\",\"position\":1,\"name\":\"Home\",\"item\":\"https:\/\/vosgesinfo.fr\/gerardmerinfo\/\"},{\"@type\":\"ListItem\",\"position\":2,\"name\":\"G\u00e9rardmer : le Grattoir fait le plein pour sa 3e assembl\u00e9e g\u00e9n\u00e9rale\"}]},{\"@type\":\"WebSite\",\"@id\":\"https:\/\/vosgesinfo.fr\/gerardmerinfo\/#website\",\"url\":\"https:\/\/vosgesinfo.fr\/gerardmerinfo\/\",\"name\":\"Gerardmer Info\",\"description\":\"Toute l&#039;actualit\u00e9 de G\u00e9rardmer\",\"publisher\":{\"@id\":\"https:\/\/vosgesinfo.fr\/gerardmerinfo\/#organization\"},\"alternateName\":\"Toute l'actualit\u00e9 de G\u00e9rardmer\",\"potentialAction\":[{\"@type\":\"SearchAction\",\"target\":{\"@type\":\"EntryPoint\",\"urlTemplate\":\"https:\/\/vosgesinfo.fr\/gerardmerinfo\/?s={search_term_string}\"},\"query-input\":\"required name=search_term_string\"}],\"inLanguage\":\"fr-FR\"},{\"@type\":\"Organization\",\"@id\":\"https:\/\/vosgesinfo.fr\/gerardmerinfo\/#organization\",\"name\":\"Gerardmer Info\",\"url\":\"https:\/\/vosgesinfo.fr\/gerardmerinfo\/\",\"logo\":{\"@type\":\"ImageObject\",\"inLanguage\":\"fr-FR\",\"@id\":\"https:\/\/vosgesinfo.fr\/gerardmerinfo\/#\/schema\/logo\/image\/\",\"url\":\"https:\/\/vosgesinfo.fr\/app\/uploads\/sites\/6\/2023\/08\/favicon-gerardmerinfo.png\",\"contentUrl\":\"https:\/\/vosgesinfo.fr\/app\/uploads\/sites\/6\/2023\/08\/favicon-gerardmerinfo.png\",\"width\":512,\"height\":512,\"caption\":\"Gerardmer Info\"},\"image\":{\"@id\":\"https:\/\/vosgesinfo.fr\/gerardmerinfo\/#\/schema\/logo\/image\/\"},\"sameAs\":[\"https:\/\/www.facebook.com\/profile.php?id=100049475262660\",\"https:\/\/x.com\/VosgesInfo88\",\"https:\/\/www.youtube.com\/@vosgesinfo\"]},{\"@type\":\"Person\",\"@id\":\"https:\/\/vosgesinfo.fr\/gerardmerinfo\/#\/schema\/person\/db5605779a843dad16b5368f3e7613a5\",\"name\":\"QG\",\"image\":{\"@type\":\"ImageObject\",\"inLanguage\":\"fr-FR\",\"@id\":\"https:\/\/vosgesinfo.fr\/gerardmerinfo\/#\/schema\/person\/image\/\",\"url\":\"https:\/\/secure.gravatar.com\/avatar\/ea80c42c204b534408512832fde52504ecabb9706bcb6151cf6175e5b64e6793?s=96&d=mm&r=g\",\"contentUrl\":\"https:\/\/secure.gravatar.com\/avatar\/ea80c42c204b534408512832fde52504ecabb9706bcb6151cf6175e5b64e6793?s=96&d=mm&r=g\",\"caption\":\"QG\"},\"url\":\"https:\/\/vosgesinfo.fr\/gerardmerinfo\/author\/quentin88\/\"}]}<\/script>\n<!-- \/ Yoast SEO plugin. -->","yoast_head_json":{"title":"G\u00e9rardmer : le Grattoir fait le plein pour sa 3e assembl\u00e9e g\u00e9n\u00e9rale - Gerardmer Info","robots":{"index":"index","follow":"follow","max-snippet":"max-snippet:-1","max-image-preview":"max-image-preview:large","max-video-preview":"max-video-preview:-1"},"canonical":"https:\/\/vosgesinfo.fr\/gerardmerinfo\/2025\/05\/gerardmer-le-grattoir-fait-le-plein-pour-sa-3e-assemblee-generale\/","twitter_card":"summary_large_image","twitter_title":"G\u00e9rardmer : le Grattoir fait le plein pour sa 3e assembl\u00e9e g\u00e9n\u00e9rale - Gerardmer Info","twitter_description":"L\u2019association Ensemble au Grattoir a tenu sa troisi\u00e8me assembl\u00e9e g\u00e9n\u00e9rale samedi dans ses locaux situ\u00e9s au 11, boulevard Kelsch. Le [&hellip;]","twitter_image":"https:\/\/vosgesinfo.fr\/app\/uploads\/sites\/6\/2025\/05\/q11-1.jpg","twitter_creator":"@VosgesInfo88","twitter_site":"@VosgesInfo88","twitter_misc":{"\u00c9crit par":"QG","Dur\u00e9e de lecture estim\u00e9e":"2 minutes"},"schema":{"@context":"https:\/\/schema.org","@graph":[{"@type":"Article","@id":"https:\/\/vosgesinfo.fr\/gerardmerinfo\/2025\/05\/gerardmer-le-grattoir-fait-le-plein-pour-sa-3e-assemblee-generale\/#article","isPartOf":{"@id":"https:\/\/vosgesinfo.fr\/gerardmerinfo\/2025\/05\/gerardmer-le-grattoir-fait-le-plein-pour-sa-3e-assemblee-generale\/"},"author":{"name":"QG","@id":"https:\/\/vosgesinfo.fr\/gerardmerinfo\/#\/schema\/person\/db5605779a843dad16b5368f3e7613a5"},"headline":"G\u00e9rardmer : le Grattoir fait le plein pour sa 3e assembl\u00e9e g\u00e9n\u00e9rale","datePublished":"2025-05-26T03:58:41+00:00","dateModified":"2025-05-25T13:27:21+00:00","mainEntityOfPage":{"@id":"https:\/\/vosgesinfo.fr\/gerardmerinfo\/2025\/05\/gerardmer-le-grattoir-fait-le-plein-pour-sa-3e-assemblee-generale\/"},"wordCount":364,"commentCount":0,"publisher":{"@id":"https:\/\/vosgesinfo.fr\/gerardmerinfo\/#organization"},"image":{"@id":"https:\/\/vosgesinfo.fr\/gerardmerinfo\/2025\/05\/gerardmer-le-grattoir-fait-le-plein-pour-sa-3e-assemblee-generale\/#primaryimage"},"thumbnailUrl":"https:\/\/vosgesinfo.fr\/app\/uploads\/sites\/6\/2025\/05\/q11-1.jpg","keywords":["bar le grattoir"],"articleSection":["A la une","Concert","Culture","Gerardmer","G\u00e9rardmer","Litt\u00e9rature","Vie Associative"],"inLanguage":"fr-FR","potentialAction":[{"@type":"CommentAction","name":"Comment","target":["https:\/\/vosgesinfo.fr\/gerardmerinfo\/2025\/05\/gerardmer-le-grattoir-fait-le-plein-pour-sa-3e-assemblee-generale\/#respond"]}]},{"@type":"WebPage","@id":"https:\/\/vosgesinfo.fr\/gerardmerinfo\/2025\/05\/gerardmer-le-grattoir-fait-le-plein-pour-sa-3e-assemblee-generale\/","url":"https:\/\/vosgesinfo.fr\/gerardmerinfo\/2025\/05\/gerardmer-le-grattoir-fait-le-plein-pour-sa-3e-assemblee-generale\/","name":"G\u00e9rardmer : le Grattoir fait le plein pour sa 3e assembl\u00e9e g\u00e9n\u00e9rale - Gerardmer Info","isPartOf":{"@id":"https:\/\/vosgesinfo.fr\/gerardmerinfo\/#website"},"primaryImageOfPage":{"@id":"https:\/\/vosgesinfo.fr\/gerardmerinfo\/2025\/05\/gerardmer-le-grattoir-fait-le-plein-pour-sa-3e-assemblee-generale\/#primaryimage"},"image":{"@id":"https:\/\/vosgesinfo.fr\/gerardmerinfo\/2025\/05\/gerardmer-le-grattoir-fait-le-plein-pour-sa-3e-assemblee-generale\/#primaryimage"},"thumbnailUrl":"https:\/\/vosgesinfo.fr\/app\/uploads\/sites\/6\/2025\/05\/q11-1.jpg","datePublished":"2025-05-26T03:58:41+00:00","dateModified":"2025-05-25T13:27:21+00:00","breadcrumb":{"@id":"https:\/\/vosgesinfo.fr\/gerardmerinfo\/2025\/05\/gerardmer-le-grattoir-fait-le-plein-pour-sa-3e-assemblee-generale\/#breadcrumb"},"inLanguage":"fr-FR","potentialAction":[{"@type":"ReadAction","target":["https:\/\/vosgesinfo.fr\/gerardmerinfo\/2025\/05\/gerardmer-le-grattoir-fait-le-plein-pour-sa-3e-assemblee-generale\/"]}]},{"@type":"ImageObject","inLanguage":"fr-FR","@id":"https:\/\/vosgesinfo.fr\/gerardmerinfo\/2025\/05\/gerardmer-le-grattoir-fait-le-plein-pour-sa-3e-assemblee-generale\/#primaryimage","url":"https:\/\/vosgesinfo.fr\/app\/uploads\/sites\/6\/2025\/05\/q11-1.jpg","contentUrl":"https:\/\/vosgesinfo.fr\/app\/uploads\/sites\/6\/2025\/05\/q11-1.jpg","width":2000,"height":900},{"@type":"BreadcrumbList","@id":"https:\/\/vosgesinfo.fr\/gerardmerinfo\/2025\/05\/gerardmer-le-grattoir-fait-le-plein-pour-sa-3e-assemblee-generale\/#breadcrumb","itemListElement":[{"@type":"ListItem","position":1,"name":"Home","item":"https:\/\/vosgesinfo.fr\/gerardmerinfo\/"},{"@type":"ListItem","position":2,"name":"G\u00e9rardmer : le Grattoir fait le plein pour sa 3e assembl\u00e9e g\u00e9n\u00e9rale"}]},{"@type":"WebSite","@id":"https:\/\/vosgesinfo.fr\/gerardmerinfo\/#website","url":"https:\/\/vosgesinfo.fr\/gerardmerinfo\/","name":"Gerardmer Info","description":"Toute l&#039;actualit\u00e9 de G\u00e9rardmer","publisher":{"@id":"https:\/\/vosgesinfo.fr\/gerardmerinfo\/#organization"},"alternateName":"Toute l'actualit\u00e9 de G\u00e9rardmer","potentialAction":[{"@type":"SearchAction","target":{"@type":"EntryPoint","urlTemplate":"https:\/\/vosgesinfo.fr\/gerardmerinfo\/?s={search_term_string}"},"query-input":"required name=search_term_string"}],"inLanguage":"fr-FR"},{"@type":"Organization","@id":"https:\/\/vosgesinfo.fr\/gerardmerinfo\/#organization","name":"Gerardmer Info","url":"https:\/\/vosgesinfo.fr\/gerardmerinfo\/","logo":{"@type":"ImageObject","inLanguage":"fr-FR","@id":"https:\/\/vosgesinfo.fr\/gerardmerinfo\/#\/schema\/logo\/image\/","url":"https:\/\/vosgesinfo.fr\/app\/uploads\/sites\/6\/2023\/08\/favicon-gerardmerinfo.png","contentUrl":"https:\/\/vosgesinfo.fr\/app\/uploads\/sites\/6\/2023\/08\/favicon-gerardmerinfo.png","width":512,"height":512,"caption":"Gerardmer Info"},"image":{"@id":"https:\/\/vosgesinfo.fr\/gerardmerinfo\/#\/schema\/logo\/image\/"},"sameAs":["https:\/\/www.facebook.com\/profile.php?id=100049475262660","https:\/\/x.com\/VosgesInfo88","https:\/\/www.youtube.com\/@vosgesinfo"]},{"@type":"Person","@id":"https:\/\/vosgesinfo.fr\/gerardmerinfo\/#\/schema\/person\/db5605779a843dad16b5368f3e7613a5","name":"QG","image":{"@type":"ImageObject","inLanguage":"fr-FR","@id":"https:\/\/vosgesinfo.fr\/gerardmerinfo\/#\/schema\/person\/image\/","url":"https:\/\/secure.gravatar.com\/avatar\/ea80c42c204b534408512832fde52504ecabb9706bcb6151cf6175e5b64e6793?s=96&d=mm&r=g","contentUrl":"https:\/\/secure.gravatar.com\/avatar\/ea80c42c204b534408512832fde52504ecabb9706bcb6151cf6175e5b64e6793?s=96&d=mm&r=g","caption":"QG"},"url":"https:\/\/vosgesinfo.fr\/gerardmerinfo\/author\/quentin88\/"}]}},"_links":{"self":[{"href":"https:\/\/vosgesinfo.fr\/gerardmerinfo\/wp-json\/wp\/v2\/posts\/78452","targetHints":{"allow":["GET"]}}],"collection":[{"href":"https:\/\/vosgesinfo.fr\/gerardmerinfo\/wp-json\/wp\/v2\/posts"}],"about":[{"href":"https:\/\/vosgesinfo.fr\/gerardmerinfo\/wp-json\/wp\/v2\/types\/post"}],"author":[{"embeddable":true,"href":"https:\/\/vosgesinfo.fr\/gerardmerinfo\/wp-json\/wp\/v2\/users\/42"}],"replies":[{"embeddable":true,"href":"https:\/\/vosgesinfo.fr\/gerardmerinfo\/wp-json\/wp\/v2\/comments?post=78452"}],"version-history":[{"count":1,"href":"https:\/\/vosgesinfo.fr\/gerardmerinfo\/wp-json\/wp\/v2\/posts\/78452\/revisions"}],"predecessor-version":[{"id":78454,"href":"https:\/\/vosgesinfo.fr\/gerardmerinfo\/wp-json\/wp\/v2\/posts\/78452\/revisions\/78454"}],"wp:featuredmedia":[{"embeddable":true,"href":"https:\/\/vosgesinfo.fr\/gerardmerinfo\/wp-json\/wp\/v2\/media\/78453"}],"wp:attachment":[{"href":"https:\/\/vosgesinfo.fr\/gerardmerinfo\/wp-json\/wp\/v2\/media?parent=78452"}],"wp:term":[{"taxonomy":"category","embeddable":true,"href":"https:\/\/vosgesinfo.fr\/gerardmerinfo\/wp-json\/wp\/v2\/categories?post=78452"},{"taxonomy":"post_tag","embeddable":true,"href":"https:\/\/vosgesinfo.fr\/gerardmerinfo\/wp-json\/wp\/v2\/tags?post=78452"}],"curies":[{"name":"wp","href":"https:\/\/api.w.org\/{rel}","templated":true}]}}