{"id":78487,"date":"2025-05-27T22:57:16","date_gmt":"2025-05-27T20:57:16","guid":{"rendered":"https:\/\/vosgesinfo.fr\/gerardmerinfo\/?p=78487"},"modified":"2025-05-28T15:57:12","modified_gmt":"2025-05-28T13:57:12","slug":"en-bande-organisee-rencontre-avec-julia-billet","status":"publish","type":"post","link":"https:\/\/vosgesinfo.fr\/gerardmerinfo\/2025\/05\/en-bande-organisee-rencontre-avec-julia-billet\/","title":{"rendered":"\u00ab\u00a0En bande Organis\u00e9e\u00a0\u00bb : rencontre avec Julia Billet"},"content":{"rendered":"<p data-pm-slice=\"1 1 []\"><a href=\"https:\/\/vosgesinfo.fr\/app\/uploads\/sites\/6\/2025\/05\/cdi-en-bande-organiseej.-billet-1.jpg\"><img decoding=\"async\" class=\"aligncenter size-medium wp-image-78490\" src=\"https:\/\/vosgesinfo.fr\/app\/uploads\/sites\/6\/2025\/05\/cdi-en-bande-organiseej.-billet-1-300x225.jpg\" alt=\"\" width=\"300\" height=\"225\" srcset=\"https:\/\/vosgesinfo.fr\/app\/uploads\/sites\/6\/2025\/05\/cdi-en-bande-organiseej.-billet-1-300x225.jpg 300w, https:\/\/vosgesinfo.fr\/app\/uploads\/sites\/6\/2025\/05\/cdi-en-bande-organiseej.-billet-1-1024x768.jpg 1024w, https:\/\/vosgesinfo.fr\/app\/uploads\/sites\/6\/2025\/05\/cdi-en-bande-organiseej.-billet-1-768x576.jpg 768w, https:\/\/vosgesinfo.fr\/app\/uploads\/sites\/6\/2025\/05\/cdi-en-bande-organiseej.-billet-1-1536x1152.jpg 1536w, https:\/\/vosgesinfo.fr\/app\/uploads\/sites\/6\/2025\/05\/cdi-en-bande-organiseej.-billet-1.jpg 2040w\" sizes=\"(max-width: 300px) 100vw, 300px\" \/><\/a><\/p>\n<p data-pm-slice=\"1 1 []\"><strong>Lundi matin, les \u00e9l\u00e8ves des classes de seconde 2 et seconde 3 de la Haie Griselle se sont r\u00e9unis au CDI pour y rencontrer l&rsquo;auteure Julia Billet dans le cadre de l&rsquo;op\u00e9ration litt\u00e9raire \u00ab\u00a0En Bande Organis\u00e9e\u00a0\u00bb qui, comme son nom l&rsquo;indique, fait la part belle \u00e0 la BD.<\/strong><\/p>\n<p><a href=\"https:\/\/vosgesinfo.fr\/app\/uploads\/sites\/6\/2025\/05\/cdi-en-bande-organiseej.-billet-2.jpg\"><img decoding=\"async\" class=\"alignright size-medium wp-image-78489\" src=\"https:\/\/vosgesinfo.fr\/app\/uploads\/sites\/6\/2025\/05\/cdi-en-bande-organiseej.-billet-2-300x225.jpg\" alt=\"\" width=\"300\" height=\"225\" srcset=\"https:\/\/vosgesinfo.fr\/app\/uploads\/sites\/6\/2025\/05\/cdi-en-bande-organiseej.-billet-2-300x225.jpg 300w, https:\/\/vosgesinfo.fr\/app\/uploads\/sites\/6\/2025\/05\/cdi-en-bande-organiseej.-billet-2-1024x768.jpg 1024w, https:\/\/vosgesinfo.fr\/app\/uploads\/sites\/6\/2025\/05\/cdi-en-bande-organiseej.-billet-2-768x576.jpg 768w, https:\/\/vosgesinfo.fr\/app\/uploads\/sites\/6\/2025\/05\/cdi-en-bande-organiseej.-billet-2-1536x1152.jpg 1536w, https:\/\/vosgesinfo.fr\/app\/uploads\/sites\/6\/2025\/05\/cdi-en-bande-organiseej.-billet-2.jpg 2000w\" sizes=\"(max-width: 300px) 100vw, 300px\" \/><\/a>Cette ann\u00e9e, les \u00e9l\u00e8ves participants avaient pas moins de 16 bandes dessin\u00e9es \u00e0 lire (et un vote pour \u00e9lire leur BD pr\u00e9f\u00e9r\u00e9e), un travail entam\u00e9 en septembre dernier avec leur enseignante Cathy Roussel, ou comment lier l&rsquo;utile \u00e0 l&rsquo;agr\u00e9able. L&rsquo;\u00e9clectisme \u00e9tait de mise dans la s\u00e9lection d\u2019\u0153uvres, et pour conclure cette \u00e9dition, Julia Billet \u00e9tait invit\u00e9e au CDI afin de r\u00e9pondre aux questions des lyc\u00e9ens. Originaire d&rsquo;\u00c9tival-Clairefontaine, cette derni\u00e8re est l&rsquo;auteure de <em>La guerre de Catherine<\/em>, roman qui a \u00e9t\u00e9 adapt\u00e9 en bande dessin\u00e9e et qui fait partie des 16 ouvrages \u00e0 lire cette ann\u00e9e. Le deuxi\u00e8me tome des aventures de Catherine a d&rsquo;ailleurs lui aussi \u00e9t\u00e9 adapt\u00e9 en BD et Julia vient de sortir un nouvel ouvrage intitul\u00e9 <em>Bloom<\/em> en collaboration avec J\u00e9r\u00f4me Ruillier.<\/p>\n<p>Les \u00e9l\u00e8ves ont donc pu poser des questions \u00e0 leur invit\u00e9e du jour concernant ses \u0153uvres et son m\u00e9tier notamment. Pour Julia, il n&rsquo;y a pas de parcours typique menant \u00e0 l&rsquo;\u00e9criture : \u00ab\u00a0\u00c7a vient de plus loin que \u00e7a, c&rsquo;est plus profond\u00a0\u00bb, a-t-elle d\u00e9clar\u00e9. La passion de la lecture, le go\u00fbt pour les histoires qu&rsquo;on lui racontait \u00e9tant petite et qu&rsquo;elle aime d\u00e9sormais raconter, son parcours de vie, ce sont toutes ces choses qui l&rsquo;ont pouss\u00e9e doucement vers l&rsquo;\u00e9criture\u2026 Et il en sera peut-\u00eatre de m\u00eame pour celles et ceux qui emprunteront cette voie de l&rsquo;\u00e9crit un jour.<\/p>\n","protected":false},"excerpt":{"rendered":"<p>Lundi matin, les \u00e9l\u00e8ves des classes de seconde 2 et seconde 3 de la Haie Griselle se sont r\u00e9unis au [&hellip;]<\/p>\n","protected":false},"author":42,"featured_media":78490,"comment_status":"open","ping_status":"open","sticky":false,"template":"","format":"standard","meta":{"footnotes":""},"categories":[20,6,5647,64],"tags":[5544,5641],"class_list":["post-78487","post","type-post","status-publish","format-standard","has-post-thumbnail","hentry","category-a-la-une","category-education","category-gerardmer-autres-sites","category-litterature","tag-julia-billet","tag-la-haie-griselle"],"acf":[],"yoast_head":"<!-- This site is optimized with the Yoast SEO plugin v22.5 - https:\/\/yoast.com\/wordpress\/plugins\/seo\/ -->\n<title>&quot;En bande Organis\u00e9e&quot; : rencontre avec Julia Billet - Gerardmer Info<\/title>\n<meta name=\"robots\" content=\"index, follow, max-snippet:-1, max-image-preview:large, max-video-preview:-1\" \/>\n<link rel=\"canonical\" href=\"https:\/\/vosgesinfo.fr\/gerardmerinfo\/2025\/05\/en-bande-organisee-rencontre-avec-julia-billet\/\" \/>\n<meta name=\"twitter:card\" content=\"summary_large_image\" \/>\n<meta name=\"twitter:title\" content=\"&quot;En bande Organis\u00e9e&quot; : rencontre avec Julia Billet - Gerardmer Info\" \/>\n<meta name=\"twitter:description\" content=\"Lundi matin, les \u00e9l\u00e8ves des classes de seconde 2 et seconde 3 de la Haie Griselle se sont r\u00e9unis au [&hellip;]\" \/>\n<meta name=\"twitter:image\" content=\"https:\/\/vosgesinfo.fr\/app\/uploads\/sites\/6\/2025\/05\/cdi-en-bande-organiseej.-billet-1.jpg\" \/>\n<meta name=\"twitter:creator\" content=\"@VosgesInfo88\" \/>\n<meta name=\"twitter:site\" content=\"@VosgesInfo88\" \/>\n<meta name=\"twitter:label1\" content=\"\u00c9crit par\" \/>\n\t<meta name=\"twitter:data1\" content=\"QG\" \/>\n\t<meta name=\"twitter:label2\" content=\"Dur\u00e9e de lecture estim\u00e9e\" \/>\n\t<meta name=\"twitter:data2\" content=\"2 minutes\" \/>\n<script type=\"application\/ld+json\" class=\"yoast-schema-graph\">{\"@context\":\"https:\/\/schema.org\",\"@graph\":[{\"@type\":\"Article\",\"@id\":\"https:\/\/vosgesinfo.fr\/gerardmerinfo\/2025\/05\/en-bande-organisee-rencontre-avec-julia-billet\/#article\",\"isPartOf\":{\"@id\":\"https:\/\/vosgesinfo.fr\/gerardmerinfo\/2025\/05\/en-bande-organisee-rencontre-avec-julia-billet\/\"},\"author\":{\"name\":\"QG\",\"@id\":\"https:\/\/vosgesinfo.fr\/gerardmerinfo\/#\/schema\/person\/db5605779a843dad16b5368f3e7613a5\"},\"headline\":\"\u00ab\u00a0En bande Organis\u00e9e\u00a0\u00bb : rencontre avec Julia Billet\",\"datePublished\":\"2025-05-27T20:57:16+00:00\",\"dateModified\":\"2025-05-28T13:57:12+00:00\",\"mainEntityOfPage\":{\"@id\":\"https:\/\/vosgesinfo.fr\/gerardmerinfo\/2025\/05\/en-bande-organisee-rencontre-avec-julia-billet\/\"},\"wordCount\":318,\"commentCount\":0,\"publisher\":{\"@id\":\"https:\/\/vosgesinfo.fr\/gerardmerinfo\/#organization\"},\"image\":{\"@id\":\"https:\/\/vosgesinfo.fr\/gerardmerinfo\/2025\/05\/en-bande-organisee-rencontre-avec-julia-billet\/#primaryimage\"},\"thumbnailUrl\":\"https:\/\/vosgesinfo.fr\/app\/uploads\/sites\/6\/2025\/05\/cdi-en-bande-organiseej.-billet-1.jpg\",\"keywords\":[\"Julia Billet\",\"La Haie Griselle\"],\"articleSection\":[\"A la une\",\"\u00c9ducation\",\"Gerardmer\",\"Litt\u00e9rature\"],\"inLanguage\":\"fr-FR\",\"potentialAction\":[{\"@type\":\"CommentAction\",\"name\":\"Comment\",\"target\":[\"https:\/\/vosgesinfo.fr\/gerardmerinfo\/2025\/05\/en-bande-organisee-rencontre-avec-julia-billet\/#respond\"]}]},{\"@type\":\"WebPage\",\"@id\":\"https:\/\/vosgesinfo.fr\/gerardmerinfo\/2025\/05\/en-bande-organisee-rencontre-avec-julia-billet\/\",\"url\":\"https:\/\/vosgesinfo.fr\/gerardmerinfo\/2025\/05\/en-bande-organisee-rencontre-avec-julia-billet\/\",\"name\":\"\\\"En bande Organis\u00e9e\\\" : rencontre avec Julia Billet - Gerardmer Info\",\"isPartOf\":{\"@id\":\"https:\/\/vosgesinfo.fr\/gerardmerinfo\/#website\"},\"primaryImageOfPage\":{\"@id\":\"https:\/\/vosgesinfo.fr\/gerardmerinfo\/2025\/05\/en-bande-organisee-rencontre-avec-julia-billet\/#primaryimage\"},\"image\":{\"@id\":\"https:\/\/vosgesinfo.fr\/gerardmerinfo\/2025\/05\/en-bande-organisee-rencontre-avec-julia-billet\/#primaryimage\"},\"thumbnailUrl\":\"https:\/\/vosgesinfo.fr\/app\/uploads\/sites\/6\/2025\/05\/cdi-en-bande-organiseej.-billet-1.jpg\",\"datePublished\":\"2025-05-27T20:57:16+00:00\",\"dateModified\":\"2025-05-28T13:57:12+00:00\",\"breadcrumb\":{\"@id\":\"https:\/\/vosgesinfo.fr\/gerardmerinfo\/2025\/05\/en-bande-organisee-rencontre-avec-julia-billet\/#breadcrumb\"},\"inLanguage\":\"fr-FR\",\"potentialAction\":[{\"@type\":\"ReadAction\",\"target\":[\"https:\/\/vosgesinfo.fr\/gerardmerinfo\/2025\/05\/en-bande-organisee-rencontre-avec-julia-billet\/\"]}]},{\"@type\":\"ImageObject\",\"inLanguage\":\"fr-FR\",\"@id\":\"https:\/\/vosgesinfo.fr\/gerardmerinfo\/2025\/05\/en-bande-organisee-rencontre-avec-julia-billet\/#primaryimage\",\"url\":\"https:\/\/vosgesinfo.fr\/app\/uploads\/sites\/6\/2025\/05\/cdi-en-bande-organiseej.-billet-1.jpg\",\"contentUrl\":\"https:\/\/vosgesinfo.fr\/app\/uploads\/sites\/6\/2025\/05\/cdi-en-bande-organiseej.-billet-1.jpg\",\"width\":2040,\"height\":1530},{\"@type\":\"BreadcrumbList\",\"@id\":\"https:\/\/vosgesinfo.fr\/gerardmerinfo\/2025\/05\/en-bande-organisee-rencontre-avec-julia-billet\/#breadcrumb\",\"itemListElement\":[{\"@type\":\"ListItem\",\"position\":1,\"name\":\"Home\",\"item\":\"https:\/\/vosgesinfo.fr\/gerardmerinfo\/\"},{\"@type\":\"ListItem\",\"position\":2,\"name\":\"&#8220;En bande Organis\u00e9e&#8221; : rencontre avec Julia Billet\"}]},{\"@type\":\"WebSite\",\"@id\":\"https:\/\/vosgesinfo.fr\/gerardmerinfo\/#website\",\"url\":\"https:\/\/vosgesinfo.fr\/gerardmerinfo\/\",\"name\":\"Gerardmer Info\",\"description\":\"Toute l&#039;actualit\u00e9 de G\u00e9rardmer\",\"publisher\":{\"@id\":\"https:\/\/vosgesinfo.fr\/gerardmerinfo\/#organization\"},\"alternateName\":\"Toute l'actualit\u00e9 de G\u00e9rardmer\",\"potentialAction\":[{\"@type\":\"SearchAction\",\"target\":{\"@type\":\"EntryPoint\",\"urlTemplate\":\"https:\/\/vosgesinfo.fr\/gerardmerinfo\/?s={search_term_string}\"},\"query-input\":\"required name=search_term_string\"}],\"inLanguage\":\"fr-FR\"},{\"@type\":\"Organization\",\"@id\":\"https:\/\/vosgesinfo.fr\/gerardmerinfo\/#organization\",\"name\":\"Gerardmer Info\",\"url\":\"https:\/\/vosgesinfo.fr\/gerardmerinfo\/\",\"logo\":{\"@type\":\"ImageObject\",\"inLanguage\":\"fr-FR\",\"@id\":\"https:\/\/vosgesinfo.fr\/gerardmerinfo\/#\/schema\/logo\/image\/\",\"url\":\"https:\/\/vosgesinfo.fr\/app\/uploads\/sites\/6\/2023\/08\/favicon-gerardmerinfo.png\",\"contentUrl\":\"https:\/\/vosgesinfo.fr\/app\/uploads\/sites\/6\/2023\/08\/favicon-gerardmerinfo.png\",\"width\":512,\"height\":512,\"caption\":\"Gerardmer Info\"},\"image\":{\"@id\":\"https:\/\/vosgesinfo.fr\/gerardmerinfo\/#\/schema\/logo\/image\/\"},\"sameAs\":[\"https:\/\/www.facebook.com\/profile.php?id=100049475262660\",\"https:\/\/x.com\/VosgesInfo88\",\"https:\/\/www.youtube.com\/@vosgesinfo\"]},{\"@type\":\"Person\",\"@id\":\"https:\/\/vosgesinfo.fr\/gerardmerinfo\/#\/schema\/person\/db5605779a843dad16b5368f3e7613a5\",\"name\":\"QG\",\"image\":{\"@type\":\"ImageObject\",\"inLanguage\":\"fr-FR\",\"@id\":\"https:\/\/vosgesinfo.fr\/gerardmerinfo\/#\/schema\/person\/image\/\",\"url\":\"https:\/\/secure.gravatar.com\/avatar\/ea80c42c204b534408512832fde52504ecabb9706bcb6151cf6175e5b64e6793?s=96&d=mm&r=g\",\"contentUrl\":\"https:\/\/secure.gravatar.com\/avatar\/ea80c42c204b534408512832fde52504ecabb9706bcb6151cf6175e5b64e6793?s=96&d=mm&r=g\",\"caption\":\"QG\"},\"url\":\"https:\/\/vosgesinfo.fr\/gerardmerinfo\/author\/quentin88\/\"}]}<\/script>\n<!-- \/ Yoast SEO plugin. -->","yoast_head_json":{"title":"\"En bande Organis\u00e9e\" : rencontre avec Julia Billet - Gerardmer Info","robots":{"index":"index","follow":"follow","max-snippet":"max-snippet:-1","max-image-preview":"max-image-preview:large","max-video-preview":"max-video-preview:-1"},"canonical":"https:\/\/vosgesinfo.fr\/gerardmerinfo\/2025\/05\/en-bande-organisee-rencontre-avec-julia-billet\/","twitter_card":"summary_large_image","twitter_title":"\"En bande Organis\u00e9e\" : rencontre avec Julia Billet - Gerardmer Info","twitter_description":"Lundi matin, les \u00e9l\u00e8ves des classes de seconde 2 et seconde 3 de la Haie Griselle se sont r\u00e9unis au [&hellip;]","twitter_image":"https:\/\/vosgesinfo.fr\/app\/uploads\/sites\/6\/2025\/05\/cdi-en-bande-organiseej.-billet-1.jpg","twitter_creator":"@VosgesInfo88","twitter_site":"@VosgesInfo88","twitter_misc":{"\u00c9crit par":"QG","Dur\u00e9e de lecture estim\u00e9e":"2 minutes"},"schema":{"@context":"https:\/\/schema.org","@graph":[{"@type":"Article","@id":"https:\/\/vosgesinfo.fr\/gerardmerinfo\/2025\/05\/en-bande-organisee-rencontre-avec-julia-billet\/#article","isPartOf":{"@id":"https:\/\/vosgesinfo.fr\/gerardmerinfo\/2025\/05\/en-bande-organisee-rencontre-avec-julia-billet\/"},"author":{"name":"QG","@id":"https:\/\/vosgesinfo.fr\/gerardmerinfo\/#\/schema\/person\/db5605779a843dad16b5368f3e7613a5"},"headline":"\u00ab\u00a0En bande Organis\u00e9e\u00a0\u00bb : rencontre avec Julia Billet","datePublished":"2025-05-27T20:57:16+00:00","dateModified":"2025-05-28T13:57:12+00:00","mainEntityOfPage":{"@id":"https:\/\/vosgesinfo.fr\/gerardmerinfo\/2025\/05\/en-bande-organisee-rencontre-avec-julia-billet\/"},"wordCount":318,"commentCount":0,"publisher":{"@id":"https:\/\/vosgesinfo.fr\/gerardmerinfo\/#organization"},"image":{"@id":"https:\/\/vosgesinfo.fr\/gerardmerinfo\/2025\/05\/en-bande-organisee-rencontre-avec-julia-billet\/#primaryimage"},"thumbnailUrl":"https:\/\/vosgesinfo.fr\/app\/uploads\/sites\/6\/2025\/05\/cdi-en-bande-organiseej.-billet-1.jpg","keywords":["Julia Billet","La Haie Griselle"],"articleSection":["A la une","\u00c9ducation","Gerardmer","Litt\u00e9rature"],"inLanguage":"fr-FR","potentialAction":[{"@type":"CommentAction","name":"Comment","target":["https:\/\/vosgesinfo.fr\/gerardmerinfo\/2025\/05\/en-bande-organisee-rencontre-avec-julia-billet\/#respond"]}]},{"@type":"WebPage","@id":"https:\/\/vosgesinfo.fr\/gerardmerinfo\/2025\/05\/en-bande-organisee-rencontre-avec-julia-billet\/","url":"https:\/\/vosgesinfo.fr\/gerardmerinfo\/2025\/05\/en-bande-organisee-rencontre-avec-julia-billet\/","name":"\"En bande Organis\u00e9e\" : rencontre avec Julia Billet - Gerardmer Info","isPartOf":{"@id":"https:\/\/vosgesinfo.fr\/gerardmerinfo\/#website"},"primaryImageOfPage":{"@id":"https:\/\/vosgesinfo.fr\/gerardmerinfo\/2025\/05\/en-bande-organisee-rencontre-avec-julia-billet\/#primaryimage"},"image":{"@id":"https:\/\/vosgesinfo.fr\/gerardmerinfo\/2025\/05\/en-bande-organisee-rencontre-avec-julia-billet\/#primaryimage"},"thumbnailUrl":"https:\/\/vosgesinfo.fr\/app\/uploads\/sites\/6\/2025\/05\/cdi-en-bande-organiseej.-billet-1.jpg","datePublished":"2025-05-27T20:57:16+00:00","dateModified":"2025-05-28T13:57:12+00:00","breadcrumb":{"@id":"https:\/\/vosgesinfo.fr\/gerardmerinfo\/2025\/05\/en-bande-organisee-rencontre-avec-julia-billet\/#breadcrumb"},"inLanguage":"fr-FR","potentialAction":[{"@type":"ReadAction","target":["https:\/\/vosgesinfo.fr\/gerardmerinfo\/2025\/05\/en-bande-organisee-rencontre-avec-julia-billet\/"]}]},{"@type":"ImageObject","inLanguage":"fr-FR","@id":"https:\/\/vosgesinfo.fr\/gerardmerinfo\/2025\/05\/en-bande-organisee-rencontre-avec-julia-billet\/#primaryimage","url":"https:\/\/vosgesinfo.fr\/app\/uploads\/sites\/6\/2025\/05\/cdi-en-bande-organiseej.-billet-1.jpg","contentUrl":"https:\/\/vosgesinfo.fr\/app\/uploads\/sites\/6\/2025\/05\/cdi-en-bande-organiseej.-billet-1.jpg","width":2040,"height":1530},{"@type":"BreadcrumbList","@id":"https:\/\/vosgesinfo.fr\/gerardmerinfo\/2025\/05\/en-bande-organisee-rencontre-avec-julia-billet\/#breadcrumb","itemListElement":[{"@type":"ListItem","position":1,"name":"Home","item":"https:\/\/vosgesinfo.fr\/gerardmerinfo\/"},{"@type":"ListItem","position":2,"name":"&#8220;En bande Organis\u00e9e&#8221; : rencontre avec Julia Billet"}]},{"@type":"WebSite","@id":"https:\/\/vosgesinfo.fr\/gerardmerinfo\/#website","url":"https:\/\/vosgesinfo.fr\/gerardmerinfo\/","name":"Gerardmer Info","description":"Toute l&#039;actualit\u00e9 de G\u00e9rardmer","publisher":{"@id":"https:\/\/vosgesinfo.fr\/gerardmerinfo\/#organization"},"alternateName":"Toute l'actualit\u00e9 de G\u00e9rardmer","potentialAction":[{"@type":"SearchAction","target":{"@type":"EntryPoint","urlTemplate":"https:\/\/vosgesinfo.fr\/gerardmerinfo\/?s={search_term_string}"},"query-input":"required name=search_term_string"}],"inLanguage":"fr-FR"},{"@type":"Organization","@id":"https:\/\/vosgesinfo.fr\/gerardmerinfo\/#organization","name":"Gerardmer Info","url":"https:\/\/vosgesinfo.fr\/gerardmerinfo\/","logo":{"@type":"ImageObject","inLanguage":"fr-FR","@id":"https:\/\/vosgesinfo.fr\/gerardmerinfo\/#\/schema\/logo\/image\/","url":"https:\/\/vosgesinfo.fr\/app\/uploads\/sites\/6\/2023\/08\/favicon-gerardmerinfo.png","contentUrl":"https:\/\/vosgesinfo.fr\/app\/uploads\/sites\/6\/2023\/08\/favicon-gerardmerinfo.png","width":512,"height":512,"caption":"Gerardmer Info"},"image":{"@id":"https:\/\/vosgesinfo.fr\/gerardmerinfo\/#\/schema\/logo\/image\/"},"sameAs":["https:\/\/www.facebook.com\/profile.php?id=100049475262660","https:\/\/x.com\/VosgesInfo88","https:\/\/www.youtube.com\/@vosgesinfo"]},{"@type":"Person","@id":"https:\/\/vosgesinfo.fr\/gerardmerinfo\/#\/schema\/person\/db5605779a843dad16b5368f3e7613a5","name":"QG","image":{"@type":"ImageObject","inLanguage":"fr-FR","@id":"https:\/\/vosgesinfo.fr\/gerardmerinfo\/#\/schema\/person\/image\/","url":"https:\/\/secure.gravatar.com\/avatar\/ea80c42c204b534408512832fde52504ecabb9706bcb6151cf6175e5b64e6793?s=96&d=mm&r=g","contentUrl":"https:\/\/secure.gravatar.com\/avatar\/ea80c42c204b534408512832fde52504ecabb9706bcb6151cf6175e5b64e6793?s=96&d=mm&r=g","caption":"QG"},"url":"https:\/\/vosgesinfo.fr\/gerardmerinfo\/author\/quentin88\/"}]}},"_links":{"self":[{"href":"https:\/\/vosgesinfo.fr\/gerardmerinfo\/wp-json\/wp\/v2\/posts\/78487","targetHints":{"allow":["GET"]}}],"collection":[{"href":"https:\/\/vosgesinfo.fr\/gerardmerinfo\/wp-json\/wp\/v2\/posts"}],"about":[{"href":"https:\/\/vosgesinfo.fr\/gerardmerinfo\/wp-json\/wp\/v2\/types\/post"}],"author":[{"embeddable":true,"href":"https:\/\/vosgesinfo.fr\/gerardmerinfo\/wp-json\/wp\/v2\/users\/42"}],"replies":[{"embeddable":true,"href":"https:\/\/vosgesinfo.fr\/gerardmerinfo\/wp-json\/wp\/v2\/comments?post=78487"}],"version-history":[{"count":4,"href":"https:\/\/vosgesinfo.fr\/gerardmerinfo\/wp-json\/wp\/v2\/posts\/78487\/revisions"}],"predecessor-version":[{"id":78604,"href":"https:\/\/vosgesinfo.fr\/gerardmerinfo\/wp-json\/wp\/v2\/posts\/78487\/revisions\/78604"}],"wp:featuredmedia":[{"embeddable":true,"href":"https:\/\/vosgesinfo.fr\/gerardmerinfo\/wp-json\/wp\/v2\/media\/78490"}],"wp:attachment":[{"href":"https:\/\/vosgesinfo.fr\/gerardmerinfo\/wp-json\/wp\/v2\/media?parent=78487"}],"wp:term":[{"taxonomy":"category","embeddable":true,"href":"https:\/\/vosgesinfo.fr\/gerardmerinfo\/wp-json\/wp\/v2\/categories?post=78487"},{"taxonomy":"post_tag","embeddable":true,"href":"https:\/\/vosgesinfo.fr\/gerardmerinfo\/wp-json\/wp\/v2\/tags?post=78487"}],"curies":[{"name":"wp","href":"https:\/\/api.w.org\/{rel}","templated":true}]}}