{"id":78492,"date":"2025-05-26T17:34:34","date_gmt":"2025-05-26T15:34:34","guid":{"rendered":"https:\/\/vosgesinfo.fr\/gerardmerinfo\/?p=78492"},"modified":"2025-05-26T16:08:43","modified_gmt":"2025-05-26T14:08:43","slug":"gestion-des-dechets-les-travaux-denfouissement-des-conteneurs-semi-enterres-ont-debute","status":"publish","type":"post","link":"https:\/\/vosgesinfo.fr\/gerardmerinfo\/2025\/05\/gestion-des-dechets-les-travaux-denfouissement-des-conteneurs-semi-enterres-ont-debute\/","title":{"rendered":"GESTION DES D\u00c9CHETS : les travaux d&rsquo;enfouissement des conteneurs semi enterr\u00e9s ont d\u00e9but\u00e9"},"content":{"rendered":"<p><a href=\"https:\/\/vosgesinfo.fr\/app\/uploads\/sites\/6\/2025\/05\/enfoussement-dechets-containers-granges-2.jpg\"><img decoding=\"async\" class=\"aligncenter size-large wp-image-78493\" src=\"https:\/\/vosgesinfo.fr\/app\/uploads\/sites\/6\/2025\/05\/enfoussement-dechets-containers-granges-2-1024x768.jpg\" alt=\"\" width=\"1024\" height=\"768\" srcset=\"https:\/\/vosgesinfo.fr\/app\/uploads\/sites\/6\/2025\/05\/enfoussement-dechets-containers-granges-2-1024x768.jpg 1024w, https:\/\/vosgesinfo.fr\/app\/uploads\/sites\/6\/2025\/05\/enfoussement-dechets-containers-granges-2-300x225.jpg 300w, https:\/\/vosgesinfo.fr\/app\/uploads\/sites\/6\/2025\/05\/enfoussement-dechets-containers-granges-2-768x576.jpg 768w, https:\/\/vosgesinfo.fr\/app\/uploads\/sites\/6\/2025\/05\/enfoussement-dechets-containers-granges-2-1536x1152.jpg 1536w, https:\/\/vosgesinfo.fr\/app\/uploads\/sites\/6\/2025\/05\/enfoussement-dechets-containers-granges-2.jpg 1600w\" sizes=\"(max-width: 1024px) 100vw, 1024px\" \/><\/a><\/p>\n\n\t\t<style type=\"text\/css\">\n\t\t\t#gallery-1 {\n\t\t\t\tmargin: auto;\n\t\t\t}\n\t\t\t#gallery-1 .gallery-item {\n\t\t\t\tfloat: left;\n\t\t\t\tmargin-top: 10px;\n\t\t\t\ttext-align: center;\n\t\t\t\twidth: 50%;\n\t\t\t}\n\t\t\t#gallery-1 img {\n\t\t\t\tborder: 2px solid #cfcfcf;\n\t\t\t}\n\t\t\t#gallery-1 .gallery-caption {\n\t\t\t\tmargin-left: 0;\n\t\t\t}\n\t\t\t\/* see gallery_shortcode() in wp-includes\/media.php *\/\n\t\t<\/style>\n\t\t<div id='gallery-1' class='gallery galleryid-78492 gallery-columns-2 gallery-size-medium'><dl class='gallery-item'>\n\t\t\t<dt class='gallery-icon portrait'>\n\t\t\t\t<a href='https:\/\/vosgesinfo.fr\/app\/uploads\/sites\/6\/2025\/05\/enfoussement-dechets-containers-granges-3.jpg'><img decoding=\"async\" width=\"225\" height=\"300\" src=\"https:\/\/vosgesinfo.fr\/app\/uploads\/sites\/6\/2025\/05\/enfoussement-dechets-containers-granges-3-225x300.jpg\" class=\"attachment-medium size-medium\" alt=\"\" srcset=\"https:\/\/vosgesinfo.fr\/app\/uploads\/sites\/6\/2025\/05\/enfoussement-dechets-containers-granges-3-225x300.jpg 225w, https:\/\/vosgesinfo.fr\/app\/uploads\/sites\/6\/2025\/05\/enfoussement-dechets-containers-granges-3-768x1024.jpg 768w, https:\/\/vosgesinfo.fr\/app\/uploads\/sites\/6\/2025\/05\/enfoussement-dechets-containers-granges-3-1152x1536.jpg 1152w, https:\/\/vosgesinfo.fr\/app\/uploads\/sites\/6\/2025\/05\/enfoussement-dechets-containers-granges-3.jpg 1200w\" sizes=\"(max-width: 225px) 100vw, 225px\" \/><\/a>\n\t\t\t<\/dt><\/dl><dl class='gallery-item'>\n\t\t\t<dt class='gallery-icon portrait'>\n\t\t\t\t<a href='https:\/\/vosgesinfo.fr\/app\/uploads\/sites\/6\/2025\/05\/enfoussement-dechets-containers-granges-1.jpg'><img decoding=\"async\" width=\"225\" height=\"300\" src=\"https:\/\/vosgesinfo.fr\/app\/uploads\/sites\/6\/2025\/05\/enfoussement-dechets-containers-granges-1-225x300.jpg\" class=\"attachment-medium size-medium\" alt=\"\" srcset=\"https:\/\/vosgesinfo.fr\/app\/uploads\/sites\/6\/2025\/05\/enfoussement-dechets-containers-granges-1-225x300.jpg 225w, https:\/\/vosgesinfo.fr\/app\/uploads\/sites\/6\/2025\/05\/enfoussement-dechets-containers-granges-1-768x1024.jpg 768w, https:\/\/vosgesinfo.fr\/app\/uploads\/sites\/6\/2025\/05\/enfoussement-dechets-containers-granges-1-1152x1536.jpg 1152w, https:\/\/vosgesinfo.fr\/app\/uploads\/sites\/6\/2025\/05\/enfoussement-dechets-containers-granges-1.jpg 1200w\" sizes=\"(max-width: 225px) 100vw, 225px\" \/><\/a>\n\t\t\t<\/dt><\/dl><br style=\"clear: both\" \/>\n\t\t<\/div>\n\n<p>&nbsp;<\/p>\n<p>La communaut\u00e9 de communes G\u00e9rardmer Hautes Vosges lance les travaux d\u2019installation des conteneurs semi-enterr\u00e9s (CSE) dans la commune de Granges-Aumontzey.<\/p>\n<p>Repr\u00e9sentant un investissement de plus de 400 000 \u20ac, ces travaux s\u2019inscrivent dans le projet de transformation de la collecte des ordures m\u00e9nag\u00e8res. Le passage progressif de la <strong>collecte en porte-\u00e0-porte<\/strong><b> <\/b>vers une<b> <\/b><strong>collecte en points d\u2019apport volontaire (PAV<\/strong><strong>) <\/strong>vise \u00e0 optimiser le service tout en am\u00e9liorant la propret\u00e9 et le cadre de vie des habitants.<\/p>\n<p>Ces nouveaux conteneurs semi-enterr\u00e9s offriront en effet une meilleure int\u00e9gration paysag\u00e8re, une plus grande capacit\u00e9 de stockage, et une limitation des nuisances visuelles et olfactives. Ils permettront \u00e9galement de renforcer la qualit\u00e9 du tri s\u00e9lectif.<\/p>\n<p><a name=\"_GoBack\"><\/a> Les travaux ont d\u00e9but\u00e9 la semaine derni\u00e8re et se poursuivront tout au long du mois de juin. Au total, 55 conteneurs regroup\u00e9s en 12 points seront install\u00e9s.<\/p>\n","protected":false},"excerpt":{"rendered":"<p>&nbsp; La communaut\u00e9 de communes G\u00e9rardmer Hautes Vosges lance les travaux d\u2019installation des conteneurs semi-enterr\u00e9s (CSE) dans la commune de [&hellip;]<\/p>\n","protected":false},"author":391,"featured_media":78494,"comment_status":"open","ping_status":"open","sticky":false,"template":"","format":"standard","meta":{"footnotes":""},"categories":[20,7,5647],"tags":[134,7128],"class_list":["post-78492","post","type-post","status-publish","format-standard","has-post-thumbnail","hentry","category-a-la-une","category-environnement","category-gerardmer-autres-sites","tag-ccghv","tag-conteneurs"],"acf":[],"yoast_head":"<!-- This site is optimized with the Yoast SEO plugin v22.5 - https:\/\/yoast.com\/wordpress\/plugins\/seo\/ -->\n<title>GESTION DES D\u00c9CHETS : les travaux d&#039;enfouissement des conteneurs semi enterr\u00e9s ont d\u00e9but\u00e9 - Gerardmer Info<\/title>\n<meta name=\"robots\" content=\"index, follow, max-snippet:-1, max-image-preview:large, max-video-preview:-1\" \/>\n<link rel=\"canonical\" href=\"https:\/\/vosgesinfo.fr\/gerardmerinfo\/2025\/05\/gestion-des-dechets-les-travaux-denfouissement-des-conteneurs-semi-enterres-ont-debute\/\" \/>\n<meta name=\"twitter:card\" content=\"summary_large_image\" \/>\n<meta name=\"twitter:title\" content=\"GESTION DES D\u00c9CHETS : les travaux d&#039;enfouissement des conteneurs semi enterr\u00e9s ont d\u00e9but\u00e9 - Gerardmer Info\" \/>\n<meta name=\"twitter:description\" content=\"&nbsp; La communaut\u00e9 de communes G\u00e9rardmer Hautes Vosges lance les travaux d\u2019installation des conteneurs semi-enterr\u00e9s (CSE) dans la commune de [&hellip;]\" \/>\n<meta name=\"twitter:image\" content=\"https:\/\/vosgesinfo.fr\/app\/uploads\/sites\/6\/2025\/05\/enfoussement-dechets-containers-granges-1.jpg\" \/>\n<meta name=\"twitter:creator\" content=\"@VosgesInfo88\" \/>\n<meta name=\"twitter:site\" content=\"@VosgesInfo88\" \/>\n<meta name=\"twitter:label1\" content=\"\u00c9crit par\" \/>\n\t<meta name=\"twitter:data1\" content=\"La redaction\" \/>\n\t<meta name=\"twitter:label2\" content=\"Dur\u00e9e de lecture estim\u00e9e\" \/>\n\t<meta name=\"twitter:data2\" content=\"1 minute\" \/>\n<script type=\"application\/ld+json\" class=\"yoast-schema-graph\">{\"@context\":\"https:\/\/schema.org\",\"@graph\":[{\"@type\":\"Article\",\"@id\":\"https:\/\/vosgesinfo.fr\/gerardmerinfo\/2025\/05\/gestion-des-dechets-les-travaux-denfouissement-des-conteneurs-semi-enterres-ont-debute\/#article\",\"isPartOf\":{\"@id\":\"https:\/\/vosgesinfo.fr\/gerardmerinfo\/2025\/05\/gestion-des-dechets-les-travaux-denfouissement-des-conteneurs-semi-enterres-ont-debute\/\"},\"author\":{\"name\":\"La redaction\",\"@id\":\"https:\/\/vosgesinfo.fr\/gerardmerinfo\/#\/schema\/person\/27a3695b06db98895b354c0765cdfc31\"},\"headline\":\"GESTION DES D\u00c9CHETS : les travaux d&rsquo;enfouissement des conteneurs semi enterr\u00e9s ont d\u00e9but\u00e9\",\"datePublished\":\"2025-05-26T15:34:34+00:00\",\"dateModified\":\"2025-05-26T14:08:43+00:00\",\"mainEntityOfPage\":{\"@id\":\"https:\/\/vosgesinfo.fr\/gerardmerinfo\/2025\/05\/gestion-des-dechets-les-travaux-denfouissement-des-conteneurs-semi-enterres-ont-debute\/\"},\"wordCount\":174,\"commentCount\":0,\"publisher\":{\"@id\":\"https:\/\/vosgesinfo.fr\/gerardmerinfo\/#organization\"},\"image\":{\"@id\":\"https:\/\/vosgesinfo.fr\/gerardmerinfo\/2025\/05\/gestion-des-dechets-les-travaux-denfouissement-des-conteneurs-semi-enterres-ont-debute\/#primaryimage\"},\"thumbnailUrl\":\"https:\/\/vosgesinfo.fr\/app\/uploads\/sites\/6\/2025\/05\/enfoussement-dechets-containers-granges-1.jpg\",\"keywords\":[\"CCGHV\",\"conteneurs\"],\"articleSection\":[\"A la une\",\"Environnement\",\"Gerardmer\"],\"inLanguage\":\"fr-FR\",\"potentialAction\":[{\"@type\":\"CommentAction\",\"name\":\"Comment\",\"target\":[\"https:\/\/vosgesinfo.fr\/gerardmerinfo\/2025\/05\/gestion-des-dechets-les-travaux-denfouissement-des-conteneurs-semi-enterres-ont-debute\/#respond\"]}]},{\"@type\":\"WebPage\",\"@id\":\"https:\/\/vosgesinfo.fr\/gerardmerinfo\/2025\/05\/gestion-des-dechets-les-travaux-denfouissement-des-conteneurs-semi-enterres-ont-debute\/\",\"url\":\"https:\/\/vosgesinfo.fr\/gerardmerinfo\/2025\/05\/gestion-des-dechets-les-travaux-denfouissement-des-conteneurs-semi-enterres-ont-debute\/\",\"name\":\"GESTION DES D\u00c9CHETS : les travaux d'enfouissement des conteneurs semi enterr\u00e9s ont d\u00e9but\u00e9 - Gerardmer Info\",\"isPartOf\":{\"@id\":\"https:\/\/vosgesinfo.fr\/gerardmerinfo\/#website\"},\"primaryImageOfPage\":{\"@id\":\"https:\/\/vosgesinfo.fr\/gerardmerinfo\/2025\/05\/gestion-des-dechets-les-travaux-denfouissement-des-conteneurs-semi-enterres-ont-debute\/#primaryimage\"},\"image\":{\"@id\":\"https:\/\/vosgesinfo.fr\/gerardmerinfo\/2025\/05\/gestion-des-dechets-les-travaux-denfouissement-des-conteneurs-semi-enterres-ont-debute\/#primaryimage\"},\"thumbnailUrl\":\"https:\/\/vosgesinfo.fr\/app\/uploads\/sites\/6\/2025\/05\/enfoussement-dechets-containers-granges-1.jpg\",\"datePublished\":\"2025-05-26T15:34:34+00:00\",\"dateModified\":\"2025-05-26T14:08:43+00:00\",\"breadcrumb\":{\"@id\":\"https:\/\/vosgesinfo.fr\/gerardmerinfo\/2025\/05\/gestion-des-dechets-les-travaux-denfouissement-des-conteneurs-semi-enterres-ont-debute\/#breadcrumb\"},\"inLanguage\":\"fr-FR\",\"potentialAction\":[{\"@type\":\"ReadAction\",\"target\":[\"https:\/\/vosgesinfo.fr\/gerardmerinfo\/2025\/05\/gestion-des-dechets-les-travaux-denfouissement-des-conteneurs-semi-enterres-ont-debute\/\"]}]},{\"@type\":\"ImageObject\",\"inLanguage\":\"fr-FR\",\"@id\":\"https:\/\/vosgesinfo.fr\/gerardmerinfo\/2025\/05\/gestion-des-dechets-les-travaux-denfouissement-des-conteneurs-semi-enterres-ont-debute\/#primaryimage\",\"url\":\"https:\/\/vosgesinfo.fr\/app\/uploads\/sites\/6\/2025\/05\/enfoussement-dechets-containers-granges-1.jpg\",\"contentUrl\":\"https:\/\/vosgesinfo.fr\/app\/uploads\/sites\/6\/2025\/05\/enfoussement-dechets-containers-granges-1.jpg\",\"width\":1200,\"height\":1600},{\"@type\":\"BreadcrumbList\",\"@id\":\"https:\/\/vosgesinfo.fr\/gerardmerinfo\/2025\/05\/gestion-des-dechets-les-travaux-denfouissement-des-conteneurs-semi-enterres-ont-debute\/#breadcrumb\",\"itemListElement\":[{\"@type\":\"ListItem\",\"position\":1,\"name\":\"Home\",\"item\":\"https:\/\/vosgesinfo.fr\/gerardmerinfo\/\"},{\"@type\":\"ListItem\",\"position\":2,\"name\":\"GESTION DES D\u00c9CHETS : les travaux d&rsquo;enfouissement des conteneurs semi enterr\u00e9s ont d\u00e9but\u00e9\"}]},{\"@type\":\"WebSite\",\"@id\":\"https:\/\/vosgesinfo.fr\/gerardmerinfo\/#website\",\"url\":\"https:\/\/vosgesinfo.fr\/gerardmerinfo\/\",\"name\":\"Gerardmer Info\",\"description\":\"Toute l&#039;actualit\u00e9 de G\u00e9rardmer\",\"publisher\":{\"@id\":\"https:\/\/vosgesinfo.fr\/gerardmerinfo\/#organization\"},\"alternateName\":\"Toute l'actualit\u00e9 de G\u00e9rardmer\",\"potentialAction\":[{\"@type\":\"SearchAction\",\"target\":{\"@type\":\"EntryPoint\",\"urlTemplate\":\"https:\/\/vosgesinfo.fr\/gerardmerinfo\/?s={search_term_string}\"},\"query-input\":\"required name=search_term_string\"}],\"inLanguage\":\"fr-FR\"},{\"@type\":\"Organization\",\"@id\":\"https:\/\/vosgesinfo.fr\/gerardmerinfo\/#organization\",\"name\":\"Gerardmer Info\",\"url\":\"https:\/\/vosgesinfo.fr\/gerardmerinfo\/\",\"logo\":{\"@type\":\"ImageObject\",\"inLanguage\":\"fr-FR\",\"@id\":\"https:\/\/vosgesinfo.fr\/gerardmerinfo\/#\/schema\/logo\/image\/\",\"url\":\"https:\/\/vosgesinfo.fr\/app\/uploads\/sites\/6\/2023\/08\/favicon-gerardmerinfo.png\",\"contentUrl\":\"https:\/\/vosgesinfo.fr\/app\/uploads\/sites\/6\/2023\/08\/favicon-gerardmerinfo.png\",\"width\":512,\"height\":512,\"caption\":\"Gerardmer Info\"},\"image\":{\"@id\":\"https:\/\/vosgesinfo.fr\/gerardmerinfo\/#\/schema\/logo\/image\/\"},\"sameAs\":[\"https:\/\/www.facebook.com\/profile.php?id=100049475262660\",\"https:\/\/x.com\/VosgesInfo88\",\"https:\/\/www.youtube.com\/@vosgesinfo\"]},{\"@type\":\"Person\",\"@id\":\"https:\/\/vosgesinfo.fr\/gerardmerinfo\/#\/schema\/person\/27a3695b06db98895b354c0765cdfc31\",\"name\":\"La redaction\",\"image\":{\"@type\":\"ImageObject\",\"inLanguage\":\"fr-FR\",\"@id\":\"https:\/\/vosgesinfo.fr\/gerardmerinfo\/#\/schema\/person\/image\/\",\"url\":\"https:\/\/secure.gravatar.com\/avatar\/64c76a78e501cedee55736f43f332df901e1896ae9cd8fad269ae2236dd0e8b6?s=96&d=mm&r=g\",\"contentUrl\":\"https:\/\/secure.gravatar.com\/avatar\/64c76a78e501cedee55736f43f332df901e1896ae9cd8fad269ae2236dd0e8b6?s=96&d=mm&r=g\",\"caption\":\"La redaction\"},\"url\":\"https:\/\/vosgesinfo.fr\/gerardmerinfo\/author\/la-redaction\/\"}]}<\/script>\n<!-- \/ Yoast SEO plugin. -->","yoast_head_json":{"title":"GESTION DES D\u00c9CHETS : les travaux d'enfouissement des conteneurs semi enterr\u00e9s ont d\u00e9but\u00e9 - Gerardmer Info","robots":{"index":"index","follow":"follow","max-snippet":"max-snippet:-1","max-image-preview":"max-image-preview:large","max-video-preview":"max-video-preview:-1"},"canonical":"https:\/\/vosgesinfo.fr\/gerardmerinfo\/2025\/05\/gestion-des-dechets-les-travaux-denfouissement-des-conteneurs-semi-enterres-ont-debute\/","twitter_card":"summary_large_image","twitter_title":"GESTION DES D\u00c9CHETS : les travaux d'enfouissement des conteneurs semi enterr\u00e9s ont d\u00e9but\u00e9 - Gerardmer Info","twitter_description":"&nbsp; La communaut\u00e9 de communes G\u00e9rardmer Hautes Vosges lance les travaux d\u2019installation des conteneurs semi-enterr\u00e9s (CSE) dans la commune de [&hellip;]","twitter_image":"https:\/\/vosgesinfo.fr\/app\/uploads\/sites\/6\/2025\/05\/enfoussement-dechets-containers-granges-1.jpg","twitter_creator":"@VosgesInfo88","twitter_site":"@VosgesInfo88","twitter_misc":{"\u00c9crit par":"La redaction","Dur\u00e9e de lecture estim\u00e9e":"1 minute"},"schema":{"@context":"https:\/\/schema.org","@graph":[{"@type":"Article","@id":"https:\/\/vosgesinfo.fr\/gerardmerinfo\/2025\/05\/gestion-des-dechets-les-travaux-denfouissement-des-conteneurs-semi-enterres-ont-debute\/#article","isPartOf":{"@id":"https:\/\/vosgesinfo.fr\/gerardmerinfo\/2025\/05\/gestion-des-dechets-les-travaux-denfouissement-des-conteneurs-semi-enterres-ont-debute\/"},"author":{"name":"La redaction","@id":"https:\/\/vosgesinfo.fr\/gerardmerinfo\/#\/schema\/person\/27a3695b06db98895b354c0765cdfc31"},"headline":"GESTION DES D\u00c9CHETS : les travaux d&rsquo;enfouissement des conteneurs semi enterr\u00e9s ont d\u00e9but\u00e9","datePublished":"2025-05-26T15:34:34+00:00","dateModified":"2025-05-26T14:08:43+00:00","mainEntityOfPage":{"@id":"https:\/\/vosgesinfo.fr\/gerardmerinfo\/2025\/05\/gestion-des-dechets-les-travaux-denfouissement-des-conteneurs-semi-enterres-ont-debute\/"},"wordCount":174,"commentCount":0,"publisher":{"@id":"https:\/\/vosgesinfo.fr\/gerardmerinfo\/#organization"},"image":{"@id":"https:\/\/vosgesinfo.fr\/gerardmerinfo\/2025\/05\/gestion-des-dechets-les-travaux-denfouissement-des-conteneurs-semi-enterres-ont-debute\/#primaryimage"},"thumbnailUrl":"https:\/\/vosgesinfo.fr\/app\/uploads\/sites\/6\/2025\/05\/enfoussement-dechets-containers-granges-1.jpg","keywords":["CCGHV","conteneurs"],"articleSection":["A la une","Environnement","Gerardmer"],"inLanguage":"fr-FR","potentialAction":[{"@type":"CommentAction","name":"Comment","target":["https:\/\/vosgesinfo.fr\/gerardmerinfo\/2025\/05\/gestion-des-dechets-les-travaux-denfouissement-des-conteneurs-semi-enterres-ont-debute\/#respond"]}]},{"@type":"WebPage","@id":"https:\/\/vosgesinfo.fr\/gerardmerinfo\/2025\/05\/gestion-des-dechets-les-travaux-denfouissement-des-conteneurs-semi-enterres-ont-debute\/","url":"https:\/\/vosgesinfo.fr\/gerardmerinfo\/2025\/05\/gestion-des-dechets-les-travaux-denfouissement-des-conteneurs-semi-enterres-ont-debute\/","name":"GESTION DES D\u00c9CHETS : les travaux d'enfouissement des conteneurs semi enterr\u00e9s ont d\u00e9but\u00e9 - Gerardmer Info","isPartOf":{"@id":"https:\/\/vosgesinfo.fr\/gerardmerinfo\/#website"},"primaryImageOfPage":{"@id":"https:\/\/vosgesinfo.fr\/gerardmerinfo\/2025\/05\/gestion-des-dechets-les-travaux-denfouissement-des-conteneurs-semi-enterres-ont-debute\/#primaryimage"},"image":{"@id":"https:\/\/vosgesinfo.fr\/gerardmerinfo\/2025\/05\/gestion-des-dechets-les-travaux-denfouissement-des-conteneurs-semi-enterres-ont-debute\/#primaryimage"},"thumbnailUrl":"https:\/\/vosgesinfo.fr\/app\/uploads\/sites\/6\/2025\/05\/enfoussement-dechets-containers-granges-1.jpg","datePublished":"2025-05-26T15:34:34+00:00","dateModified":"2025-05-26T14:08:43+00:00","breadcrumb":{"@id":"https:\/\/vosgesinfo.fr\/gerardmerinfo\/2025\/05\/gestion-des-dechets-les-travaux-denfouissement-des-conteneurs-semi-enterres-ont-debute\/#breadcrumb"},"inLanguage":"fr-FR","potentialAction":[{"@type":"ReadAction","target":["https:\/\/vosgesinfo.fr\/gerardmerinfo\/2025\/05\/gestion-des-dechets-les-travaux-denfouissement-des-conteneurs-semi-enterres-ont-debute\/"]}]},{"@type":"ImageObject","inLanguage":"fr-FR","@id":"https:\/\/vosgesinfo.fr\/gerardmerinfo\/2025\/05\/gestion-des-dechets-les-travaux-denfouissement-des-conteneurs-semi-enterres-ont-debute\/#primaryimage","url":"https:\/\/vosgesinfo.fr\/app\/uploads\/sites\/6\/2025\/05\/enfoussement-dechets-containers-granges-1.jpg","contentUrl":"https:\/\/vosgesinfo.fr\/app\/uploads\/sites\/6\/2025\/05\/enfoussement-dechets-containers-granges-1.jpg","width":1200,"height":1600},{"@type":"BreadcrumbList","@id":"https:\/\/vosgesinfo.fr\/gerardmerinfo\/2025\/05\/gestion-des-dechets-les-travaux-denfouissement-des-conteneurs-semi-enterres-ont-debute\/#breadcrumb","itemListElement":[{"@type":"ListItem","position":1,"name":"Home","item":"https:\/\/vosgesinfo.fr\/gerardmerinfo\/"},{"@type":"ListItem","position":2,"name":"GESTION DES D\u00c9CHETS : les travaux d&rsquo;enfouissement des conteneurs semi enterr\u00e9s ont d\u00e9but\u00e9"}]},{"@type":"WebSite","@id":"https:\/\/vosgesinfo.fr\/gerardmerinfo\/#website","url":"https:\/\/vosgesinfo.fr\/gerardmerinfo\/","name":"Gerardmer Info","description":"Toute l&#039;actualit\u00e9 de G\u00e9rardmer","publisher":{"@id":"https:\/\/vosgesinfo.fr\/gerardmerinfo\/#organization"},"alternateName":"Toute l'actualit\u00e9 de G\u00e9rardmer","potentialAction":[{"@type":"SearchAction","target":{"@type":"EntryPoint","urlTemplate":"https:\/\/vosgesinfo.fr\/gerardmerinfo\/?s={search_term_string}"},"query-input":"required name=search_term_string"}],"inLanguage":"fr-FR"},{"@type":"Organization","@id":"https:\/\/vosgesinfo.fr\/gerardmerinfo\/#organization","name":"Gerardmer Info","url":"https:\/\/vosgesinfo.fr\/gerardmerinfo\/","logo":{"@type":"ImageObject","inLanguage":"fr-FR","@id":"https:\/\/vosgesinfo.fr\/gerardmerinfo\/#\/schema\/logo\/image\/","url":"https:\/\/vosgesinfo.fr\/app\/uploads\/sites\/6\/2023\/08\/favicon-gerardmerinfo.png","contentUrl":"https:\/\/vosgesinfo.fr\/app\/uploads\/sites\/6\/2023\/08\/favicon-gerardmerinfo.png","width":512,"height":512,"caption":"Gerardmer Info"},"image":{"@id":"https:\/\/vosgesinfo.fr\/gerardmerinfo\/#\/schema\/logo\/image\/"},"sameAs":["https:\/\/www.facebook.com\/profile.php?id=100049475262660","https:\/\/x.com\/VosgesInfo88","https:\/\/www.youtube.com\/@vosgesinfo"]},{"@type":"Person","@id":"https:\/\/vosgesinfo.fr\/gerardmerinfo\/#\/schema\/person\/27a3695b06db98895b354c0765cdfc31","name":"La redaction","image":{"@type":"ImageObject","inLanguage":"fr-FR","@id":"https:\/\/vosgesinfo.fr\/gerardmerinfo\/#\/schema\/person\/image\/","url":"https:\/\/secure.gravatar.com\/avatar\/64c76a78e501cedee55736f43f332df901e1896ae9cd8fad269ae2236dd0e8b6?s=96&d=mm&r=g","contentUrl":"https:\/\/secure.gravatar.com\/avatar\/64c76a78e501cedee55736f43f332df901e1896ae9cd8fad269ae2236dd0e8b6?s=96&d=mm&r=g","caption":"La redaction"},"url":"https:\/\/vosgesinfo.fr\/gerardmerinfo\/author\/la-redaction\/"}]}},"_links":{"self":[{"href":"https:\/\/vosgesinfo.fr\/gerardmerinfo\/wp-json\/wp\/v2\/posts\/78492","targetHints":{"allow":["GET"]}}],"collection":[{"href":"https:\/\/vosgesinfo.fr\/gerardmerinfo\/wp-json\/wp\/v2\/posts"}],"about":[{"href":"https:\/\/vosgesinfo.fr\/gerardmerinfo\/wp-json\/wp\/v2\/types\/post"}],"author":[{"embeddable":true,"href":"https:\/\/vosgesinfo.fr\/gerardmerinfo\/wp-json\/wp\/v2\/users\/391"}],"replies":[{"embeddable":true,"href":"https:\/\/vosgesinfo.fr\/gerardmerinfo\/wp-json\/wp\/v2\/comments?post=78492"}],"version-history":[{"count":1,"href":"https:\/\/vosgesinfo.fr\/gerardmerinfo\/wp-json\/wp\/v2\/posts\/78492\/revisions"}],"predecessor-version":[{"id":78496,"href":"https:\/\/vosgesinfo.fr\/gerardmerinfo\/wp-json\/wp\/v2\/posts\/78492\/revisions\/78496"}],"wp:featuredmedia":[{"embeddable":true,"href":"https:\/\/vosgesinfo.fr\/gerardmerinfo\/wp-json\/wp\/v2\/media\/78494"}],"wp:attachment":[{"href":"https:\/\/vosgesinfo.fr\/gerardmerinfo\/wp-json\/wp\/v2\/media?parent=78492"}],"wp:term":[{"taxonomy":"category","embeddable":true,"href":"https:\/\/vosgesinfo.fr\/gerardmerinfo\/wp-json\/wp\/v2\/categories?post=78492"},{"taxonomy":"post_tag","embeddable":true,"href":"https:\/\/vosgesinfo.fr\/gerardmerinfo\/wp-json\/wp\/v2\/tags?post=78492"}],"curies":[{"name":"wp","href":"https:\/\/api.w.org\/{rel}","templated":true}]}}