{"id":78497,"date":"2025-05-26T17:30:33","date_gmt":"2025-05-26T15:30:33","guid":{"rendered":"https:\/\/vosgesinfo.fr\/gerardmerinfo\/?p=78497"},"modified":"2025-05-26T16:32:49","modified_gmt":"2025-05-26T14:32:49","slug":"lasg-aviron-club-de-gerardmer-sillustre-au-championnat-interregional-de-la-zone-nord-est","status":"publish","type":"post","link":"https:\/\/vosgesinfo.fr\/gerardmerinfo\/2025\/05\/lasg-aviron-club-de-gerardmer-sillustre-au-championnat-interregional-de-la-zone-nord-est\/","title":{"rendered":"L\u2019ASG Aviron Club de G\u00e9rardmer s\u2019illustre au championnat interr\u00e9gional de la zone Nord-Est."},"content":{"rendered":"<p data-pm-slice=\"1 1 []\"><a href=\"https:\/\/vosgesinfo.fr\/app\/uploads\/sites\/6\/2025\/05\/equipe-asg-aviron.jpg\"><img decoding=\"async\" class=\"aligncenter size-large wp-image-78498\" src=\"https:\/\/vosgesinfo.fr\/app\/uploads\/sites\/6\/2025\/05\/equipe-asg-aviron-1024x768.jpg\" alt=\"\" width=\"1024\" height=\"768\" srcset=\"https:\/\/vosgesinfo.fr\/app\/uploads\/sites\/6\/2025\/05\/equipe-asg-aviron-1024x768.jpg 1024w, https:\/\/vosgesinfo.fr\/app\/uploads\/sites\/6\/2025\/05\/equipe-asg-aviron-300x225.jpg 300w, https:\/\/vosgesinfo.fr\/app\/uploads\/sites\/6\/2025\/05\/equipe-asg-aviron-768x576.jpg 768w, https:\/\/vosgesinfo.fr\/app\/uploads\/sites\/6\/2025\/05\/equipe-asg-aviron-1536x1152.jpg 1536w, https:\/\/vosgesinfo.fr\/app\/uploads\/sites\/6\/2025\/05\/equipe-asg-aviron.jpg 2000w\" sizes=\"(max-width: 1024px) 100vw, 1024px\" \/><\/a><\/p>\n<p><strong>A Charleville-M\u00e9zi\u00e8res ce week-end, les jeunes rameurs de l\u2019ASG Aviron Club de G\u00e9rardmer ont brill\u00e9 sur les eaux du lac des Vieilles Forges, dans les Ardennes, \u00e0 l\u2019occasion du championnat interr\u00e9gional de la zone Nord-Est. Une comp\u00e9tition o\u00f9 les talents g\u00e9r\u00f4mois ont su tirer leur \u00e9pingle du jeu.<\/strong><\/p>\n<p>Les \u00e9preuves interr\u00e9gionales ont rassembl\u00e9 les meilleurs jeunes rameurs des deux grandes r\u00e9gions du Nord-Est (Grand Est et Hauts-de-France). D\u00e8s les qualifications du samedi, le ton \u00e9tait donn\u00e9 : les courses en skiff (x1) se sont r\u00e9v\u00e9l\u00e9es particuli\u00e8rement disput\u00e9es avec une trentaine de concurrents par cat\u00e9gorie.<\/p>\n<p><strong>Les finales du dimanche ont \u00e9t\u00e9 marqu\u00e9es par de tr\u00e8s belles performances.<\/strong><\/p>\n<p>&nbsp;<\/p>\n<div id=\"attachment_78500\" style=\"width: 235px\" class=\"wp-caption alignright\"><a href=\"https:\/\/vosgesinfo.fr\/app\/uploads\/sites\/6\/2025\/05\/3eme-eva-siretas-en-x1-skiff-scaled-e1748269709356.jpg\"><img decoding=\"async\" aria-describedby=\"caption-attachment-78500\" class=\"size-medium wp-image-78500\" src=\"https:\/\/vosgesinfo.fr\/app\/uploads\/sites\/6\/2025\/05\/3eme-eva-siretas-en-x1-skiff-scaled-e1748269709356-225x300.jpg\" alt=\"\" width=\"225\" height=\"300\" srcset=\"https:\/\/vosgesinfo.fr\/app\/uploads\/sites\/6\/2025\/05\/3eme-eva-siretas-en-x1-skiff-scaled-e1748269709356-225x300.jpg 225w, https:\/\/vosgesinfo.fr\/app\/uploads\/sites\/6\/2025\/05\/3eme-eva-siretas-en-x1-skiff-scaled-e1748269709356-768x1024.jpg 768w, https:\/\/vosgesinfo.fr\/app\/uploads\/sites\/6\/2025\/05\/3eme-eva-siretas-en-x1-skiff-scaled-e1748269709356-1152x1536.jpg 1152w, https:\/\/vosgesinfo.fr\/app\/uploads\/sites\/6\/2025\/05\/3eme-eva-siretas-en-x1-skiff-scaled-e1748269709356-1536x2048.jpg 1536w, https:\/\/vosgesinfo.fr\/app\/uploads\/sites\/6\/2025\/05\/3eme-eva-siretas-en-x1-skiff-scaled-e1748269709356.jpg 1920w\" sizes=\"(max-width: 225px) 100vw, 225px\" \/><\/a><p id=\"caption-attachment-78500\" class=\"wp-caption-text\">Eva Siretas<\/p><\/div>\n<p>Les filles du club ont r\u00e9ussi \u00e0 atteindre les finales A, synonyme de lutte pour les toutes premi\u00e8res places du classement :<\/p>\n<p>\u2022 J14F \u2013 Finale A<\/p>\n<p>\u2022 3\u1d49\u00a0: Eva Siretas<\/p>\n<p>\u2022 5e : Maeli Sutty<\/p>\n<p>Leurs performances les placent parmi les 10 meilleures rameuses de la zone Nord-Est, leur ouvrant les portes du stage d\u2019\u00e9t\u00e9 organis\u00e9 par la ligue pour les accompagner en technique en vue du passage en cadets l&rsquo;ann\u00e9e prochaine. Bravo \u00e0 Eva et Ma\u00ebli !<\/p>\n<p>\u2022 J13F \u2013 Finale A<\/p>\n<p>\u2022 4\u1d49\u00a0: L\u00e9onie Pointeau<\/p>\n<p>\u2022 5e : Elsa Moutarlier<\/p>\n<p>C\u00f4t\u00e9 gar\u00e7ons : nos jeunes rameurs ont montr\u00e9 un bel engagement :<\/p>\n<p>\u2022 J14G \u2013 Finale D<\/p>\n<p>\u2022 3\u1d49\u00a0: Arthur Dubois<\/p>\n<p>\u2022 J13G \u2013 Finale B<\/p>\n<p>\u2022 3\u1d49\u00a0: L\u00e9on Basso<\/p>\n<p>&nbsp;<\/p>\n<p><strong>Une victoire collective en quatre f\u00e9minin<\/strong><\/p>\n<p><a href=\"https:\/\/vosgesinfo.fr\/app\/uploads\/sites\/6\/2025\/05\/victoire-du-x4-feminin-avec-barreur.jpg\"><img decoding=\"async\" class=\"alignright size-medium wp-image-78499\" src=\"https:\/\/vosgesinfo.fr\/app\/uploads\/sites\/6\/2025\/05\/victoire-du-x4-feminin-avec-barreur-300x225.jpg\" alt=\"\" width=\"300\" height=\"225\" srcset=\"https:\/\/vosgesinfo.fr\/app\/uploads\/sites\/6\/2025\/05\/victoire-du-x4-feminin-avec-barreur-300x225.jpg 300w, https:\/\/vosgesinfo.fr\/app\/uploads\/sites\/6\/2025\/05\/victoire-du-x4-feminin-avec-barreur-1024x768.jpg 1024w, https:\/\/vosgesinfo.fr\/app\/uploads\/sites\/6\/2025\/05\/victoire-du-x4-feminin-avec-barreur-768x576.jpg 768w, https:\/\/vosgesinfo.fr\/app\/uploads\/sites\/6\/2025\/05\/victoire-du-x4-feminin-avec-barreur-1536x1152.jpg 1536w, https:\/\/vosgesinfo.fr\/app\/uploads\/sites\/6\/2025\/05\/victoire-du-x4-feminin-avec-barreur.jpg 2000w\" sizes=\"(max-width: 300px) 100vw, 300px\" \/><\/a>Point d\u2019orgue du week-end : la course en quatre (x4) du dimanche apr\u00e8s-midi. Le bateau compos\u00e9 d\u2019Elsa Moutarlier, d\u2019Eva Siretas, de L\u00e9onie Pointeau et de Ma\u00ebli Sutty, barr\u00e9 par L\u00e9on Basso, a domin\u00e9 sa course avec brio. Cette victoire permet au club de conserver sa premi\u00e8re place r\u00e9gionale dans cette cat\u00e9gorie. Une performance collective salu\u00e9e par l\u2019ensemble des spectateurs pr\u00e9sents. Parents et grands-parents ont fait le d\u00e9placement pour encourager les jeunes rameurs, apportant leur soutien tout au long du week-end dans une ambiance conviviale et chaleureuse.<\/p>\n<p><strong>Prochain rendez-vous<\/strong><\/p>\n<p>Les comp\u00e9titeurs retrouveront les eaux du lac des Vieilles Forges les 14 et 15 juin prochains pour les qualifications au championnat national jeunes.<\/p>\n<p>&nbsp;<\/p>\n<p><em>Cr\u00e9dit photos \u00ab\u00a0asgaviron\u00a0\u00bb.<\/em><\/p>\n<p><em>F\u00e9licie Gehin \u2013 pour le comit\u00e9 directeur ASG Aviron<\/em><\/p>\n<p><a href=\"https:\/\/vosgesinfo.fr\/app\/uploads\/sites\/6\/2025\/05\/embarquement-du-x4-feminin-scaled.jpg\"><img decoding=\"async\" class=\"aligncenter size-large wp-image-78501\" src=\"https:\/\/vosgesinfo.fr\/app\/uploads\/sites\/6\/2025\/05\/embarquement-du-x4-feminin-1024x768.jpg\" alt=\"\" width=\"1024\" height=\"768\" srcset=\"https:\/\/vosgesinfo.fr\/app\/uploads\/sites\/6\/2025\/05\/embarquement-du-x4-feminin-1024x768.jpg 1024w, https:\/\/vosgesinfo.fr\/app\/uploads\/sites\/6\/2025\/05\/embarquement-du-x4-feminin-300x225.jpg 300w, https:\/\/vosgesinfo.fr\/app\/uploads\/sites\/6\/2025\/05\/embarquement-du-x4-feminin-768x576.jpg 768w, https:\/\/vosgesinfo.fr\/app\/uploads\/sites\/6\/2025\/05\/embarquement-du-x4-feminin-1536x1152.jpg 1536w, https:\/\/vosgesinfo.fr\/app\/uploads\/sites\/6\/2025\/05\/embarquement-du-x4-feminin-2048x1536.jpg 2048w\" sizes=\"(max-width: 1024px) 100vw, 1024px\" \/><\/a><\/p>\n","protected":false},"excerpt":{"rendered":"<p>A Charleville-M\u00e9zi\u00e8res ce week-end, les jeunes rameurs de l\u2019ASG Aviron Club de G\u00e9rardmer ont brill\u00e9 sur les eaux du lac [&hellip;]<\/p>\n","protected":false},"author":42,"featured_media":78498,"comment_status":"open","ping_status":"open","sticky":false,"template":"","format":"standard","meta":{"footnotes":""},"categories":[20,5647,14],"tags":[174,7247],"class_list":["post-78497","post","type-post","status-publish","format-standard","has-post-thumbnail","hentry","category-a-la-une","category-gerardmer-autres-sites","category-sport","tag-asg-aviron","tag-eva-siretas"],"acf":[],"yoast_head":"<!-- This site is optimized with the Yoast SEO plugin v22.5 - https:\/\/yoast.com\/wordpress\/plugins\/seo\/ -->\n<title>L\u2019ASG Aviron Club de G\u00e9rardmer s\u2019illustre au championnat interr\u00e9gional de la zone Nord-Est. - Gerardmer Info<\/title>\n<meta name=\"robots\" content=\"index, follow, max-snippet:-1, max-image-preview:large, max-video-preview:-1\" \/>\n<link rel=\"canonical\" href=\"https:\/\/vosgesinfo.fr\/gerardmerinfo\/2025\/05\/lasg-aviron-club-de-gerardmer-sillustre-au-championnat-interregional-de-la-zone-nord-est\/\" \/>\n<meta name=\"twitter:card\" content=\"summary_large_image\" \/>\n<meta name=\"twitter:title\" content=\"L\u2019ASG Aviron Club de G\u00e9rardmer s\u2019illustre au championnat interr\u00e9gional de la zone Nord-Est. - Gerardmer Info\" \/>\n<meta name=\"twitter:description\" content=\"A Charleville-M\u00e9zi\u00e8res ce week-end, les jeunes rameurs de l\u2019ASG Aviron Club de G\u00e9rardmer ont brill\u00e9 sur les eaux du lac [&hellip;]\" \/>\n<meta name=\"twitter:image\" content=\"https:\/\/vosgesinfo.fr\/app\/uploads\/sites\/6\/2025\/05\/equipe-asg-aviron.jpg\" \/>\n<meta name=\"twitter:creator\" content=\"@VosgesInfo88\" \/>\n<meta name=\"twitter:site\" content=\"@VosgesInfo88\" \/>\n<meta name=\"twitter:label1\" content=\"\u00c9crit par\" \/>\n\t<meta name=\"twitter:data1\" content=\"QG\" \/>\n\t<meta name=\"twitter:label2\" content=\"Dur\u00e9e de lecture estim\u00e9e\" \/>\n\t<meta name=\"twitter:data2\" content=\"3 minutes\" \/>\n<script type=\"application\/ld+json\" class=\"yoast-schema-graph\">{\"@context\":\"https:\/\/schema.org\",\"@graph\":[{\"@type\":\"Article\",\"@id\":\"https:\/\/vosgesinfo.fr\/gerardmerinfo\/2025\/05\/lasg-aviron-club-de-gerardmer-sillustre-au-championnat-interregional-de-la-zone-nord-est\/#article\",\"isPartOf\":{\"@id\":\"https:\/\/vosgesinfo.fr\/gerardmerinfo\/2025\/05\/lasg-aviron-club-de-gerardmer-sillustre-au-championnat-interregional-de-la-zone-nord-est\/\"},\"author\":{\"name\":\"QG\",\"@id\":\"https:\/\/vosgesinfo.fr\/gerardmerinfo\/#\/schema\/person\/db5605779a843dad16b5368f3e7613a5\"},\"headline\":\"L\u2019ASG Aviron Club de G\u00e9rardmer s\u2019illustre au championnat interr\u00e9gional de la zone Nord-Est.\",\"datePublished\":\"2025-05-26T15:30:33+00:00\",\"dateModified\":\"2025-05-26T14:32:49+00:00\",\"mainEntityOfPage\":{\"@id\":\"https:\/\/vosgesinfo.fr\/gerardmerinfo\/2025\/05\/lasg-aviron-club-de-gerardmer-sillustre-au-championnat-interregional-de-la-zone-nord-est\/\"},\"wordCount\":406,\"commentCount\":0,\"publisher\":{\"@id\":\"https:\/\/vosgesinfo.fr\/gerardmerinfo\/#organization\"},\"image\":{\"@id\":\"https:\/\/vosgesinfo.fr\/gerardmerinfo\/2025\/05\/lasg-aviron-club-de-gerardmer-sillustre-au-championnat-interregional-de-la-zone-nord-est\/#primaryimage\"},\"thumbnailUrl\":\"https:\/\/vosgesinfo.fr\/app\/uploads\/sites\/6\/2025\/05\/equipe-asg-aviron.jpg\",\"keywords\":[\"asg aviron\",\"eva siretas\"],\"articleSection\":[\"A la une\",\"Gerardmer\",\"Sport\"],\"inLanguage\":\"fr-FR\",\"potentialAction\":[{\"@type\":\"CommentAction\",\"name\":\"Comment\",\"target\":[\"https:\/\/vosgesinfo.fr\/gerardmerinfo\/2025\/05\/lasg-aviron-club-de-gerardmer-sillustre-au-championnat-interregional-de-la-zone-nord-est\/#respond\"]}]},{\"@type\":\"WebPage\",\"@id\":\"https:\/\/vosgesinfo.fr\/gerardmerinfo\/2025\/05\/lasg-aviron-club-de-gerardmer-sillustre-au-championnat-interregional-de-la-zone-nord-est\/\",\"url\":\"https:\/\/vosgesinfo.fr\/gerardmerinfo\/2025\/05\/lasg-aviron-club-de-gerardmer-sillustre-au-championnat-interregional-de-la-zone-nord-est\/\",\"name\":\"L\u2019ASG Aviron Club de G\u00e9rardmer s\u2019illustre au championnat interr\u00e9gional de la zone Nord-Est. - Gerardmer Info\",\"isPartOf\":{\"@id\":\"https:\/\/vosgesinfo.fr\/gerardmerinfo\/#website\"},\"primaryImageOfPage\":{\"@id\":\"https:\/\/vosgesinfo.fr\/gerardmerinfo\/2025\/05\/lasg-aviron-club-de-gerardmer-sillustre-au-championnat-interregional-de-la-zone-nord-est\/#primaryimage\"},\"image\":{\"@id\":\"https:\/\/vosgesinfo.fr\/gerardmerinfo\/2025\/05\/lasg-aviron-club-de-gerardmer-sillustre-au-championnat-interregional-de-la-zone-nord-est\/#primaryimage\"},\"thumbnailUrl\":\"https:\/\/vosgesinfo.fr\/app\/uploads\/sites\/6\/2025\/05\/equipe-asg-aviron.jpg\",\"datePublished\":\"2025-05-26T15:30:33+00:00\",\"dateModified\":\"2025-05-26T14:32:49+00:00\",\"breadcrumb\":{\"@id\":\"https:\/\/vosgesinfo.fr\/gerardmerinfo\/2025\/05\/lasg-aviron-club-de-gerardmer-sillustre-au-championnat-interregional-de-la-zone-nord-est\/#breadcrumb\"},\"inLanguage\":\"fr-FR\",\"potentialAction\":[{\"@type\":\"ReadAction\",\"target\":[\"https:\/\/vosgesinfo.fr\/gerardmerinfo\/2025\/05\/lasg-aviron-club-de-gerardmer-sillustre-au-championnat-interregional-de-la-zone-nord-est\/\"]}]},{\"@type\":\"ImageObject\",\"inLanguage\":\"fr-FR\",\"@id\":\"https:\/\/vosgesinfo.fr\/gerardmerinfo\/2025\/05\/lasg-aviron-club-de-gerardmer-sillustre-au-championnat-interregional-de-la-zone-nord-est\/#primaryimage\",\"url\":\"https:\/\/vosgesinfo.fr\/app\/uploads\/sites\/6\/2025\/05\/equipe-asg-aviron.jpg\",\"contentUrl\":\"https:\/\/vosgesinfo.fr\/app\/uploads\/sites\/6\/2025\/05\/equipe-asg-aviron.jpg\",\"width\":2000,\"height\":1500},{\"@type\":\"BreadcrumbList\",\"@id\":\"https:\/\/vosgesinfo.fr\/gerardmerinfo\/2025\/05\/lasg-aviron-club-de-gerardmer-sillustre-au-championnat-interregional-de-la-zone-nord-est\/#breadcrumb\",\"itemListElement\":[{\"@type\":\"ListItem\",\"position\":1,\"name\":\"Home\",\"item\":\"https:\/\/vosgesinfo.fr\/gerardmerinfo\/\"},{\"@type\":\"ListItem\",\"position\":2,\"name\":\"L\u2019ASG Aviron Club de G\u00e9rardmer s\u2019illustre au championnat interr\u00e9gional de la zone Nord-Est.\"}]},{\"@type\":\"WebSite\",\"@id\":\"https:\/\/vosgesinfo.fr\/gerardmerinfo\/#website\",\"url\":\"https:\/\/vosgesinfo.fr\/gerardmerinfo\/\",\"name\":\"Gerardmer Info\",\"description\":\"Toute l&#039;actualit\u00e9 de G\u00e9rardmer\",\"publisher\":{\"@id\":\"https:\/\/vosgesinfo.fr\/gerardmerinfo\/#organization\"},\"alternateName\":\"Toute l'actualit\u00e9 de G\u00e9rardmer\",\"potentialAction\":[{\"@type\":\"SearchAction\",\"target\":{\"@type\":\"EntryPoint\",\"urlTemplate\":\"https:\/\/vosgesinfo.fr\/gerardmerinfo\/?s={search_term_string}\"},\"query-input\":\"required name=search_term_string\"}],\"inLanguage\":\"fr-FR\"},{\"@type\":\"Organization\",\"@id\":\"https:\/\/vosgesinfo.fr\/gerardmerinfo\/#organization\",\"name\":\"Gerardmer Info\",\"url\":\"https:\/\/vosgesinfo.fr\/gerardmerinfo\/\",\"logo\":{\"@type\":\"ImageObject\",\"inLanguage\":\"fr-FR\",\"@id\":\"https:\/\/vosgesinfo.fr\/gerardmerinfo\/#\/schema\/logo\/image\/\",\"url\":\"https:\/\/vosgesinfo.fr\/app\/uploads\/sites\/6\/2023\/08\/favicon-gerardmerinfo.png\",\"contentUrl\":\"https:\/\/vosgesinfo.fr\/app\/uploads\/sites\/6\/2023\/08\/favicon-gerardmerinfo.png\",\"width\":512,\"height\":512,\"caption\":\"Gerardmer Info\"},\"image\":{\"@id\":\"https:\/\/vosgesinfo.fr\/gerardmerinfo\/#\/schema\/logo\/image\/\"},\"sameAs\":[\"https:\/\/www.facebook.com\/profile.php?id=100049475262660\",\"https:\/\/x.com\/VosgesInfo88\",\"https:\/\/www.youtube.com\/@vosgesinfo\"]},{\"@type\":\"Person\",\"@id\":\"https:\/\/vosgesinfo.fr\/gerardmerinfo\/#\/schema\/person\/db5605779a843dad16b5368f3e7613a5\",\"name\":\"QG\",\"image\":{\"@type\":\"ImageObject\",\"inLanguage\":\"fr-FR\",\"@id\":\"https:\/\/vosgesinfo.fr\/gerardmerinfo\/#\/schema\/person\/image\/\",\"url\":\"https:\/\/secure.gravatar.com\/avatar\/ea80c42c204b534408512832fde52504ecabb9706bcb6151cf6175e5b64e6793?s=96&d=mm&r=g\",\"contentUrl\":\"https:\/\/secure.gravatar.com\/avatar\/ea80c42c204b534408512832fde52504ecabb9706bcb6151cf6175e5b64e6793?s=96&d=mm&r=g\",\"caption\":\"QG\"},\"url\":\"https:\/\/vosgesinfo.fr\/gerardmerinfo\/author\/quentin88\/\"}]}<\/script>\n<!-- \/ Yoast SEO plugin. -->","yoast_head_json":{"title":"L\u2019ASG Aviron Club de G\u00e9rardmer s\u2019illustre au championnat interr\u00e9gional de la zone Nord-Est. - Gerardmer Info","robots":{"index":"index","follow":"follow","max-snippet":"max-snippet:-1","max-image-preview":"max-image-preview:large","max-video-preview":"max-video-preview:-1"},"canonical":"https:\/\/vosgesinfo.fr\/gerardmerinfo\/2025\/05\/lasg-aviron-club-de-gerardmer-sillustre-au-championnat-interregional-de-la-zone-nord-est\/","twitter_card":"summary_large_image","twitter_title":"L\u2019ASG Aviron Club de G\u00e9rardmer s\u2019illustre au championnat interr\u00e9gional de la zone Nord-Est. - Gerardmer Info","twitter_description":"A Charleville-M\u00e9zi\u00e8res ce week-end, les jeunes rameurs de l\u2019ASG Aviron Club de G\u00e9rardmer ont brill\u00e9 sur les eaux du lac [&hellip;]","twitter_image":"https:\/\/vosgesinfo.fr\/app\/uploads\/sites\/6\/2025\/05\/equipe-asg-aviron.jpg","twitter_creator":"@VosgesInfo88","twitter_site":"@VosgesInfo88","twitter_misc":{"\u00c9crit par":"QG","Dur\u00e9e de lecture estim\u00e9e":"3 minutes"},"schema":{"@context":"https:\/\/schema.org","@graph":[{"@type":"Article","@id":"https:\/\/vosgesinfo.fr\/gerardmerinfo\/2025\/05\/lasg-aviron-club-de-gerardmer-sillustre-au-championnat-interregional-de-la-zone-nord-est\/#article","isPartOf":{"@id":"https:\/\/vosgesinfo.fr\/gerardmerinfo\/2025\/05\/lasg-aviron-club-de-gerardmer-sillustre-au-championnat-interregional-de-la-zone-nord-est\/"},"author":{"name":"QG","@id":"https:\/\/vosgesinfo.fr\/gerardmerinfo\/#\/schema\/person\/db5605779a843dad16b5368f3e7613a5"},"headline":"L\u2019ASG Aviron Club de G\u00e9rardmer s\u2019illustre au championnat interr\u00e9gional de la zone Nord-Est.","datePublished":"2025-05-26T15:30:33+00:00","dateModified":"2025-05-26T14:32:49+00:00","mainEntityOfPage":{"@id":"https:\/\/vosgesinfo.fr\/gerardmerinfo\/2025\/05\/lasg-aviron-club-de-gerardmer-sillustre-au-championnat-interregional-de-la-zone-nord-est\/"},"wordCount":406,"commentCount":0,"publisher":{"@id":"https:\/\/vosgesinfo.fr\/gerardmerinfo\/#organization"},"image":{"@id":"https:\/\/vosgesinfo.fr\/gerardmerinfo\/2025\/05\/lasg-aviron-club-de-gerardmer-sillustre-au-championnat-interregional-de-la-zone-nord-est\/#primaryimage"},"thumbnailUrl":"https:\/\/vosgesinfo.fr\/app\/uploads\/sites\/6\/2025\/05\/equipe-asg-aviron.jpg","keywords":["asg aviron","eva siretas"],"articleSection":["A la une","Gerardmer","Sport"],"inLanguage":"fr-FR","potentialAction":[{"@type":"CommentAction","name":"Comment","target":["https:\/\/vosgesinfo.fr\/gerardmerinfo\/2025\/05\/lasg-aviron-club-de-gerardmer-sillustre-au-championnat-interregional-de-la-zone-nord-est\/#respond"]}]},{"@type":"WebPage","@id":"https:\/\/vosgesinfo.fr\/gerardmerinfo\/2025\/05\/lasg-aviron-club-de-gerardmer-sillustre-au-championnat-interregional-de-la-zone-nord-est\/","url":"https:\/\/vosgesinfo.fr\/gerardmerinfo\/2025\/05\/lasg-aviron-club-de-gerardmer-sillustre-au-championnat-interregional-de-la-zone-nord-est\/","name":"L\u2019ASG Aviron Club de G\u00e9rardmer s\u2019illustre au championnat interr\u00e9gional de la zone Nord-Est. - Gerardmer Info","isPartOf":{"@id":"https:\/\/vosgesinfo.fr\/gerardmerinfo\/#website"},"primaryImageOfPage":{"@id":"https:\/\/vosgesinfo.fr\/gerardmerinfo\/2025\/05\/lasg-aviron-club-de-gerardmer-sillustre-au-championnat-interregional-de-la-zone-nord-est\/#primaryimage"},"image":{"@id":"https:\/\/vosgesinfo.fr\/gerardmerinfo\/2025\/05\/lasg-aviron-club-de-gerardmer-sillustre-au-championnat-interregional-de-la-zone-nord-est\/#primaryimage"},"thumbnailUrl":"https:\/\/vosgesinfo.fr\/app\/uploads\/sites\/6\/2025\/05\/equipe-asg-aviron.jpg","datePublished":"2025-05-26T15:30:33+00:00","dateModified":"2025-05-26T14:32:49+00:00","breadcrumb":{"@id":"https:\/\/vosgesinfo.fr\/gerardmerinfo\/2025\/05\/lasg-aviron-club-de-gerardmer-sillustre-au-championnat-interregional-de-la-zone-nord-est\/#breadcrumb"},"inLanguage":"fr-FR","potentialAction":[{"@type":"ReadAction","target":["https:\/\/vosgesinfo.fr\/gerardmerinfo\/2025\/05\/lasg-aviron-club-de-gerardmer-sillustre-au-championnat-interregional-de-la-zone-nord-est\/"]}]},{"@type":"ImageObject","inLanguage":"fr-FR","@id":"https:\/\/vosgesinfo.fr\/gerardmerinfo\/2025\/05\/lasg-aviron-club-de-gerardmer-sillustre-au-championnat-interregional-de-la-zone-nord-est\/#primaryimage","url":"https:\/\/vosgesinfo.fr\/app\/uploads\/sites\/6\/2025\/05\/equipe-asg-aviron.jpg","contentUrl":"https:\/\/vosgesinfo.fr\/app\/uploads\/sites\/6\/2025\/05\/equipe-asg-aviron.jpg","width":2000,"height":1500},{"@type":"BreadcrumbList","@id":"https:\/\/vosgesinfo.fr\/gerardmerinfo\/2025\/05\/lasg-aviron-club-de-gerardmer-sillustre-au-championnat-interregional-de-la-zone-nord-est\/#breadcrumb","itemListElement":[{"@type":"ListItem","position":1,"name":"Home","item":"https:\/\/vosgesinfo.fr\/gerardmerinfo\/"},{"@type":"ListItem","position":2,"name":"L\u2019ASG Aviron Club de G\u00e9rardmer s\u2019illustre au championnat interr\u00e9gional de la zone Nord-Est."}]},{"@type":"WebSite","@id":"https:\/\/vosgesinfo.fr\/gerardmerinfo\/#website","url":"https:\/\/vosgesinfo.fr\/gerardmerinfo\/","name":"Gerardmer Info","description":"Toute l&#039;actualit\u00e9 de G\u00e9rardmer","publisher":{"@id":"https:\/\/vosgesinfo.fr\/gerardmerinfo\/#organization"},"alternateName":"Toute l'actualit\u00e9 de G\u00e9rardmer","potentialAction":[{"@type":"SearchAction","target":{"@type":"EntryPoint","urlTemplate":"https:\/\/vosgesinfo.fr\/gerardmerinfo\/?s={search_term_string}"},"query-input":"required name=search_term_string"}],"inLanguage":"fr-FR"},{"@type":"Organization","@id":"https:\/\/vosgesinfo.fr\/gerardmerinfo\/#organization","name":"Gerardmer Info","url":"https:\/\/vosgesinfo.fr\/gerardmerinfo\/","logo":{"@type":"ImageObject","inLanguage":"fr-FR","@id":"https:\/\/vosgesinfo.fr\/gerardmerinfo\/#\/schema\/logo\/image\/","url":"https:\/\/vosgesinfo.fr\/app\/uploads\/sites\/6\/2023\/08\/favicon-gerardmerinfo.png","contentUrl":"https:\/\/vosgesinfo.fr\/app\/uploads\/sites\/6\/2023\/08\/favicon-gerardmerinfo.png","width":512,"height":512,"caption":"Gerardmer Info"},"image":{"@id":"https:\/\/vosgesinfo.fr\/gerardmerinfo\/#\/schema\/logo\/image\/"},"sameAs":["https:\/\/www.facebook.com\/profile.php?id=100049475262660","https:\/\/x.com\/VosgesInfo88","https:\/\/www.youtube.com\/@vosgesinfo"]},{"@type":"Person","@id":"https:\/\/vosgesinfo.fr\/gerardmerinfo\/#\/schema\/person\/db5605779a843dad16b5368f3e7613a5","name":"QG","image":{"@type":"ImageObject","inLanguage":"fr-FR","@id":"https:\/\/vosgesinfo.fr\/gerardmerinfo\/#\/schema\/person\/image\/","url":"https:\/\/secure.gravatar.com\/avatar\/ea80c42c204b534408512832fde52504ecabb9706bcb6151cf6175e5b64e6793?s=96&d=mm&r=g","contentUrl":"https:\/\/secure.gravatar.com\/avatar\/ea80c42c204b534408512832fde52504ecabb9706bcb6151cf6175e5b64e6793?s=96&d=mm&r=g","caption":"QG"},"url":"https:\/\/vosgesinfo.fr\/gerardmerinfo\/author\/quentin88\/"}]}},"_links":{"self":[{"href":"https:\/\/vosgesinfo.fr\/gerardmerinfo\/wp-json\/wp\/v2\/posts\/78497","targetHints":{"allow":["GET"]}}],"collection":[{"href":"https:\/\/vosgesinfo.fr\/gerardmerinfo\/wp-json\/wp\/v2\/posts"}],"about":[{"href":"https:\/\/vosgesinfo.fr\/gerardmerinfo\/wp-json\/wp\/v2\/types\/post"}],"author":[{"embeddable":true,"href":"https:\/\/vosgesinfo.fr\/gerardmerinfo\/wp-json\/wp\/v2\/users\/42"}],"replies":[{"embeddable":true,"href":"https:\/\/vosgesinfo.fr\/gerardmerinfo\/wp-json\/wp\/v2\/comments?post=78497"}],"version-history":[{"count":3,"href":"https:\/\/vosgesinfo.fr\/gerardmerinfo\/wp-json\/wp\/v2\/posts\/78497\/revisions"}],"predecessor-version":[{"id":78504,"href":"https:\/\/vosgesinfo.fr\/gerardmerinfo\/wp-json\/wp\/v2\/posts\/78497\/revisions\/78504"}],"wp:featuredmedia":[{"embeddable":true,"href":"https:\/\/vosgesinfo.fr\/gerardmerinfo\/wp-json\/wp\/v2\/media\/78498"}],"wp:attachment":[{"href":"https:\/\/vosgesinfo.fr\/gerardmerinfo\/wp-json\/wp\/v2\/media?parent=78497"}],"wp:term":[{"taxonomy":"category","embeddable":true,"href":"https:\/\/vosgesinfo.fr\/gerardmerinfo\/wp-json\/wp\/v2\/categories?post=78497"},{"taxonomy":"post_tag","embeddable":true,"href":"https:\/\/vosgesinfo.fr\/gerardmerinfo\/wp-json\/wp\/v2\/tags?post=78497"}],"curies":[{"name":"wp","href":"https:\/\/api.w.org\/{rel}","templated":true}]}}